{"id":9090,"date":"2020-11-24T12:43:21","date_gmt":"2020-11-24T10:43:21","guid":{"rendered":"https:\/\/www.adecose.com\/?p=9090"},"modified":"2021-02-03T17:27:33","modified_gmt":"2021-02-03T15:27:33","slug":"18-asociaciones-abogan-por-mantener-el-actual-limite-fiscal-de-ahorro-individual-para-la-jubilacion","status":"publish","type":"post","link":"https:\/\/www.adecose.com\/gl\/18-asociaciones-abogan-por-mantener-el-actual-limite-fiscal-de-ahorro-individual-para-la-jubilacion\/","title":{"rendered":"18 asociaciones abogan por mantener el actual l\u00edmite fiscal de ahorro individual para la jubilaci\u00f3n"},"content":{"rendered":"[vc_row type=&#8221;in_container&#8221; full_screen_row_position=&#8221;middle&#8221; column_margin=&#8221;default&#8221; column_direction=&#8221;default&#8221; column_direction_tablet=&#8221;default&#8221; column_direction_phone=&#8221;default&#8221; scene_position=&#8221;center&#8221; text_color=&#8221;dark&#8221; text_align=&#8221;left&#8221; row_border_radius=&#8221;none&#8221; row_border_radius_applies=&#8221;bg&#8221; overlay_strength=&#8221;0.3&#8243; gradient_direction=&#8221;left_to_right&#8221; shape_divider_position=&#8221;bottom&#8221; bg_image_animation=&#8221;none&#8221;][vc_column column_padding=&#8221;no-extra-padding&#8221; column_padding_tablet=&#8221;inherit&#8221; column_padding_phone=&#8221;inherit&#8221; column_padding_position=&#8221;all&#8221; background_color_opacity=&#8221;1&#8243; background_hover_color_opacity=&#8221;1&#8243; column_shadow=&#8221;none&#8221; column_border_radius=&#8221;none&#8221; column_link_target=&#8221;_self&#8221; gradient_direction=&#8221;left_to_right&#8221; overlay_strength=&#8221;0.3&#8243; width=&#8221;1\/1&#8243; tablet_width_inherit=&#8221;default&#8221; tablet_text_alignment=&#8221;default&#8221; phone_text_alignment=&#8221;default&#8221; column_border_width=&#8221;none&#8221; column_border_style=&#8221;solid&#8221; bg_image_animation=&#8221;none&#8221;][vc_column_text]\n<h5><span style=\"color: #065d9e;\"><strong>Proyecto de Ley de Presupuestos Generales<\/strong><\/span><\/h5>\n<p>&nbsp;<\/p>\n<ul>\n<li>\n<h4><strong>La reducci\u00f3n de 8.000 a 2.000 euros de la cuant\u00eda deducible perjudicar\u00e1 a millones de aut\u00f3nomos y trabajadores de pymes<\/strong><\/h4>\n<\/li>\n<li>\n<h4><strong>Los instrumentos de previsi\u00f3n social complementaria permiten garantizarse una pensi\u00f3n de jubilaci\u00f3n adecuada<\/strong><\/h4>\n<\/li>\n<\/ul>\n<p><strong>\u00a0<\/strong><\/p>\n<p>El <span style=\"color: #065d9e;\"><em>Proyecto de<\/em> <em>Ley de Presupuestos Generales del Estado<\/em> para<\/span> el a\u00f1o 2021 rebaja de 8.000 euros a 2.000 euros los l\u00edmites anuales de aportaci\u00f3n a sistemas de previsi\u00f3n social individuales y tambi\u00e9n a los del c\u00f3nyuge. Esto afectar\u00e1 negativamente al conjunto de la ciudadan\u00eda y, en especial, a los trabajadores aut\u00f3nomos.<\/p>\n<p><span style=\"color: #065d9e;\"><strong>18 asociaciones empresariales y profesionales<\/strong><\/span> estiman que debe mantenerse el tratamiento actual de los instrumentos de ahorro individuales de previsi\u00f3n social complementaria. Los <strong><span style=\"color: #065d9e;\">firmantes<\/span><\/strong> de este manifiesto conjunto son ADECOSE, AEB, AEDAF, AMAEF, ASCRI, ATA, CECA, CEOE, CEPYME, la Confederaci\u00f3n Espa\u00f1ola de Mutualidades, el Consejo General de Colegios de Mediadores, FECOR, el Instituto de Actuarios Espa\u00f1oles, el Instituto de Estudios Econ\u00f3micos, INVERCO, OCOPEN, UNACC y UNESPA.<\/p>\n<p>En Espa\u00f1a hay m\u00e1s de <strong><span style=\"color: #065d9e;\">7,5 millones de part\u00edcipes en planes de pensiones individuales<\/span><\/strong> y casi 1 mill\u00f3n de asegurados en planes de previsi\u00f3n asegurados (PPA) que se van a ver afectados con car\u00e1cter directo e inmediato por la medida. Muchos de ellos son trabajadores por cuenta propia o empleados de pymes.<\/p>\n<p>En opini\u00f3n de las entidades firmantes, la encomiable intenci\u00f3n del Gobierno de impulsar la previsi\u00f3n social complementaria en el \u00e1mbito empresarial en Espa\u00f1a no debe realizarse a costa del ahorro que destinan por su cuenta los particulares a reforzar su futura pensi\u00f3n.<\/p>\n<p>El ahorro individual para la jubilaci\u00f3n es necesario por varias razones. La primera de ellas es la estructura del mercado laboral espa\u00f1ol. El establecimiento de diferentes l\u00edmites de aportaci\u00f3n a sistemas de previsi\u00f3n social, relegando a los sistemas individuales que tendr\u00edan un l\u00edmite notoriamente inferior, es discriminatorio para la gran mayor\u00eda de la poblaci\u00f3n ocupada espa\u00f1ola. Afectar\u00eda especialmente a las m\u00e1s de 3,2 millones de personas adheridas al <strong><span style=\"color: #065d9e;\">R\u00e9gimen Especial de Trabajadores Aut\u00f3nomos (RETA) de la Seguridad Social<\/span><\/strong>; as\u00ed como a los empleados de las pymes, en las que el ahorro colectivo apenas est\u00e1 presente. Se debe posibilitar a toda esta poblaci\u00f3n ocupada que queda fuera de la previsi\u00f3n social empresarial que pueda acceder a sistemas de previsi\u00f3n individuales en las mismas condiciones y requisitos que cualquier otro trabajador.<\/p>\n<p>El sistema individual seguir\u00e1 siendo necesario e imprescindible para todos aquellos que, como los aut\u00f3nomos o los trabajadores de las pymes, no puedan acceder al sistema de empleo por no estar las reformas desarrolladas.<\/p>\n<p>El segundo motivo por el que la reforma que propone el Gobierno puede tener efectos indeseados es la cuant\u00eda insuficiente de ahorro que se podr\u00eda acumular dentro del sistema individual bajo los nuevos par\u00e1metros. A raz\u00f3n de 2.000 euros por a\u00f1o, un trabajador que no tuviera acceso a un plan de empleo podr\u00eda acumular 80.000 euros si ahorra sistem\u00e1ticamente durante 40 a\u00f1os de trayectoria profesional, m\u00e1s la rentabilidad que obtuviera este dinero. Si se prorratea este importe durante los 20 a\u00f1os de esperanza de vida que restan una vez alcanzada la edad de jubilaci\u00f3n, el resultado es una cuant\u00eda media mensual insuficiente para complementar la pensi\u00f3n p\u00fablica.<\/p>\n<p>Un tercer elemento que hay que tener presente es la irregularidad de los ingresos del trabajo. Las crisis econ\u00f3micas son fen\u00f3menos c\u00edclicos y se materializan varias veces a lo largo de la vida laboral de las personas, como demuestra la experiencia de las primeras dos d\u00e9cadas del siglo XXI. Por este motivo, debe permitirse a los trabajadores, especialmente aquellos que trabajan por cuenta propia, recuperar su capacidad de ahorro para la jubilaci\u00f3n en los a\u00f1os en los que tienen estabilidad en sus ingresos. Los l\u00edmites anuales de aportaciones a sistemas de previsi\u00f3n social deber\u00edan suprimirse en lugar de minorarse y sustituirse por un l\u00edmite global de aportaciones acumuladas a lo largo de la vida laboral, de tal forma que se pueda generar ahorro para la jubilaci\u00f3n en funci\u00f3n de la situaci\u00f3n de cada trabajador durante su trayectoria sociolaboral.<\/p>\n<p>La experiencia internacional debe ser una referencia en la que debe mirarse Espa\u00f1a. En pr\u00e1cticamente todos los pa\u00edses de la <span style=\"color: #065d9e;\"><strong>Uni\u00f3n Europea<\/strong> <\/span>(UE) y de la <strong><span style=\"color: #065d9e;\">Organizaci\u00f3n para la Cooperaci\u00f3n y el Desarrollo Econ\u00f3micos<\/span><\/strong> (OCDE) existen est\u00edmulos fiscales al ahorro y se conceden incentivos fiscales adicionales para la promoci\u00f3n y desarrollo de sistemas de previsi\u00f3n social, tanto empresariales como individuales. La reducci\u00f3n dr\u00e1stica de la fiscalidad de los sistemas individuales en Espa\u00f1a contravendr\u00eda la clara tendencia internacional y europea de estimularlos.<\/p>\n<p>Por \u00faltimo, desde el punto de vista de la Hacienda P\u00fablica, la fiscalidad de los sistemas de previsi\u00f3n social supone un mero diferimiento de la tributaci\u00f3n. Es decir, su tratamiento fiscal no genera beneficios. La reducci\u00f3n en la base imponible del <strong><span style=\"color: #065d9e;\">Impuesto sobre la Renta de las Personas F\u00edsicas (IRPF)<\/span> <\/strong>de las aportaciones se compensa m\u00e1s adelante con la tributaci\u00f3n como rendimiento de trabajo de las prestaciones. Por lo tanto, toda medida destinada a reducir ahora las deducciones fiscales por aportaciones a instrumentos individuales de previsi\u00f3n social complementaria derivar\u00e1 en una reducci\u00f3n de los ingresos fiscales del Estado en el medio y largo plazo.<\/p>\n<h4><span style=\"color: #065d9e;\">Asociaciones firmantes:<\/span><\/h4>\n[\/vc_column_text][\/vc_column][\/vc_row][vc_row type=&#8221;in_container&#8221; full_screen_row_position=&#8221;middle&#8221; column_margin=&#8221;default&#8221; column_direction=&#8221;default&#8221; column_direction_tablet=&#8221;default&#8221; column_direction_phone=&#8221;default&#8221; scene_position=&#8221;center&#8221; text_color=&#8221;dark&#8221; text_align=&#8221;left&#8221; row_border_radius=&#8221;none&#8221; row_border_radius_applies=&#8221;bg&#8221; overlay_strength=&#8221;0.3&#8243; gradient_direction=&#8221;left_to_right&#8221; shape_divider_position=&#8221;bottom&#8221; bg_image_animation=&#8221;fade-in&#8221; shape_type=&#8221;&#8221;][vc_column column_padding=&#8221;no-extra-padding&#8221; column_padding_tablet=&#8221;inherit&#8221; column_padding_phone=&#8221;inherit&#8221; column_padding_position=&#8221;all&#8221; background_color_opacity=&#8221;1&#8243; background_hover_color_opacity=&#8221;1&#8243; column_shadow=&#8221;none&#8221; column_border_radius=&#8221;none&#8221; column_link_target=&#8221;_self&#8221; gradient_direction=&#8221;left_to_right&#8221; overlay_strength=&#8221;0.3&#8243; width=&#8221;1\/1&#8243; tablet_width_inherit=&#8221;default&#8221; tablet_text_alignment=&#8221;default&#8221; phone_text_alignment=&#8221;default&#8221; column_border_width=&#8221;none&#8221; column_border_style=&#8221;solid&#8221; bg_image_animation=&#8221;none&#8221;]<div class=\"nectar-fancy-ul\" data-list-icon=\"icon-salient-thin-line\" data-animation=\"false\" data-animation-delay=\"0\" data-color=\"accent-color\" data-spacing=\"default\" data-alignment=\"left\"> \n<ul>\n<li><strong>ADECOSE<\/strong> es la Asociaci\u00f3n Espa\u00f1ola de Corredur\u00edas de Seguros y Reaseguros. Es una asociaci\u00f3n independiente, fundada en 1977 con el objetivo de defender los intereses de las corredur\u00edas de seguros, y tambi\u00e9n de reaseguros desde 2020. En total, agrupa a m\u00e1s de 152 empresas l\u00edderes del sector de la mediaci\u00f3n, cuyo com\u00fan denominador es su estructura empresarial y capacidad profesional. ADECOSE aglutina una cuota de mercado dentro del canal de corredor del 68%, con un volumen total de primas intermediadas de 7.400 millones de euros.<\/li>\n<li><strong>AEB<\/strong> es la Asociaci\u00f3n Espa\u00f1ola de Banca (AEB). Es una asociaci\u00f3n patronal abierta a todos los bancos espa\u00f1oles y extranjeros que operan en Espa\u00f1a. Aunque la afiliaci\u00f3n es voluntaria, en la pr\u00e1ctica la mayor\u00eda de los bancos instalados en Espa\u00f1a son miembros de la asociaci\u00f3n. Ha estado comprometida con el desarrollo del sistema bancario espa\u00f1ol y con la contribuci\u00f3n del mismo al crecimiento econ\u00f3mico del pa\u00eds desde su creaci\u00f3n en 1977.<\/li>\n<li><strong>AEDAF<\/strong> es la Asociaci\u00f3n Espa\u00f1ola de Asesores Fiscales. Fundada en 1967, es una entidad que aporta valor a la sociedad y a los ciudadanos en su labor de asesor\u00eda y defensa del contribuyente, as\u00ed como a las instituciones a trav\u00e9s de su an\u00e1lisis y reflexi\u00f3n de las actuaciones p\u00fablicas en materia fiscal, con el fin de mejorar el sistema tributario espa\u00f1ol. AEDAF es la mayor asociaci\u00f3n de profesionales dedicados al asesoramiento tributario, agrupando en la actualidad a m\u00e1s de 3.500 abogados, economistas, licenciados en administraci\u00f3n y direcci\u00f3n de empresas y titulados mercantiles y empresariales.<\/li>\n<li><strong>AMAEF<\/strong> es la Asociaci\u00f3n para la Mediaci\u00f3n Aseguradora de Entidades Financieras. Est\u00e1 integrada por 28 operadores de banca seguros, 1 agencia exclusiva y 1 corredur\u00eda de seguros pertenecientes a distintas entidades financieras (bancos, cajas rurales y entidades financieras de cr\u00e9dito), La suma del negocio mediado por las redes de las entidades de cr\u00e9dito representadas en AMAEF alcanza la cifra de m\u00e1s de 23.000 millones de euros, representando m\u00e1s del 94% del total del sector banca-seguros de Espa\u00f1a. Su objetivo, como organizaci\u00f3n representativa de la mediaci\u00f3n banco-aseguradora, es actuar como interlocutor ante la Administraci\u00f3n y otros actores de los sectores econ\u00f3micos y sociales cuando se tratan temas relacionados con la distribuci\u00f3n de seguros y planes de pensiones.<\/li>\n<li><strong>ASCRI<\/strong> es la Asociaci\u00f3n Espa\u00f1ola de Capital, Crecimiento e Inversi\u00f3n. Es el organismo que representa a la industria del <em>venture capital &amp; private equity<\/em> ante las autoridades, Gobierno, instituciones, inversores, empresarios y medios de comunicaci\u00f3n. ASCRI agrupa a m\u00e1s de 142 firmas nacionales e internacionales de <em>venture capital &amp; private equity<\/em>; unos 80 proveedores de servicios y 14 socios inversores (<em>limited partners<\/em>); difunde y garantiza los est\u00e1ndares profesionales entre sus miembros: la transparencia, las mejores pr\u00e1cticas y el buen gobierno\u201d.<\/li>\n<li><strong>ATA<\/strong> es la Federaci\u00f3n Nacional de Asociaciones de Trabajadores Aut\u00f3nomos. Actualmente es la mayor organizaci\u00f3n de este colectivo en Espa\u00f1a, con una representatividad acreditada por el Ministerio de Empleo y Seguridad Social del 54% del total de aut\u00f3nomos. ATA tiene presencia en todas las comunidades aut\u00f3nomas. Su objetivo es la defensa de los intereses de los trabajadores por cuenta propia y cuenta con una amplia gama de servicios para sus socios. Integra m\u00e1s de 300 organizaciones sectoriales, que en conjunto representan a m\u00e1s de 440.000 aut\u00f3nomos.<\/li>\n<li><strong>CECA <\/strong>es la asociaci\u00f3n bancaria que defiende los intereses de las cajas de ahorros y los bancos creados por ellas y promueve la misi\u00f3n que desempe\u00f1an a trav\u00e9s de su actividad financiera, su obra y acci\u00f3n social y la sostenibilidad.<\/li>\n<li><strong>CEOE<\/strong> es la Confederaci\u00f3n Espa\u00f1ola de Organizaciones Empresariales. Fue fundada en 1977 e integra con car\u00e1cter voluntario a 3 millones de empresas y aut\u00f3nomos de todos los sectores de actividad, que se vinculan a CEOE a trav\u00e9s de m\u00e1s de 4.500 asociaciones de base. La confederaci\u00f3n integra de forma directa a 200 organizaciones territoriales y sectoriales a nivel auton\u00f3mico y provincial. Se logra as\u00ed que las empresas est\u00e9n representadas por la doble v\u00eda del sector al que pertenecen y por el territorio en el que est\u00e1n ubicadas. CEOE representa a todo el espectro empresarial espa\u00f1ol (grandes, peque\u00f1as y medianas empresas) y aut\u00f3nomos ante la sociedad, la Administraci\u00f3n y los sindicatos.<\/li>\n<li><strong>CEPYME<\/strong> es la Confederaci\u00f3n Espa\u00f1ola de la Peque\u00f1a y Mediana Empresa. Es una organizaci\u00f3n de car\u00e1cter confederativo e intersectorial, de \u00e1mbito nacional, para la defensa, representaci\u00f3n y fomento de los intereses de la peque\u00f1a y mediana empresa y del empresario aut\u00f3nomo.<\/li>\n<li><strong>Confederaci\u00f3n Espa\u00f1ola de Mutualidades<\/strong> es el \u00f3rgano de representaci\u00f3n de las mutualidades de previsi\u00f3n en Espa\u00f1a. Asocia a m\u00e1s de 200 entidades, que agrupan a m\u00e1s de 2 millones de personas y trabaja en beneficio del mutualismo desde 1947.<\/li>\n<li><strong>Consejo General de Mediadores de Seguros<\/strong> es la corporaci\u00f3n de derecho p\u00fablico que aglutina a 52 colegios profesionales distribuidos por todo el territorio nacional y cuenta con m\u00e1s de 7.000 miembros. Forma parte de las principales organizaciones internacionales de profesionales del sector como son BIPAR (Europa), COPAPROSE (Am\u00e9rica) y WFii (mundial). Cuenta con una escuela de negocios, CECAS, exclusivamente dedicada a la formaci\u00f3n aseguradora.<\/li>\n<li><strong>FECOR<\/strong> es la Federaci\u00f3n de Asociaciones de Corredores y Corredur\u00edas de Espa\u00f1a. Se cre\u00f3 hace m\u00e1s de 20 a\u00f1os con el objetivo de reforzar profesional e institucionalmente la figura del corredor de seguros. La diversidad de las asociaciones miembros de FECOR otorga a esta organizaci\u00f3n un <em>expertise<\/em> que le hace capaz de apoyar a las diferentes tipolog\u00edas de corredur\u00edas con independencia del tama\u00f1o y caracter\u00edsticas de las mismas. La comunicaci\u00f3n entre asociaciones, la interrelaci\u00f3n de todos los miembros, as\u00ed como la transmisi\u00f3n de conocimientos en gesti\u00f3n de riesgos, son la base de esta federaci\u00f3n.<\/li>\n<li><strong>Instituto de Actuarios<\/strong>, como corporaci\u00f3n oficial de derecho p\u00fablico, de car\u00e1cter cient\u00edfico y profesional de \u00e1mbito estatal, tiene como misi\u00f3n la regulaci\u00f3n, representaci\u00f3n, defensa y fomento de la profesi\u00f3n actuarial, as\u00ed como la colaboraci\u00f3n con organismos y autoridades de car\u00e1cter nacional e internacional.<\/li>\n<li><strong>Instituto de Estudios Econ\u00f3micos<\/strong> es una asociaci\u00f3n privada sin \u00e1nimo de lucro ni finalidad pol\u00edtica, que se financia fundamentalmente mediante aportaciones anuales de las empresas que se han incorporado a la misma como miembros asociados, junto a los recursos que obtiene por la venta de sus publicaciones. A la financiaci\u00f3n del instituto contribuyen tambi\u00e9n diversas ayudas concedidas por un conjunto de instituciones p\u00fablicas y privadas para proyectos espec\u00edficos de investigaci\u00f3n o convenios de colaboraci\u00f3n anual.<\/li>\n<li><strong>INVERCO<\/strong> es la Asociaci\u00f3n de Instituciones de Inversi\u00f3n Colectiva y Fondos de Pensiones. Agrupa a la pr\u00e1ctica totalidad de las instituciones de inversi\u00f3n colectiva espa\u00f1olas (fondos y sociedades de inversi\u00f3n), a los fondos de pensiones espa\u00f1oles, y a las instituciones de inversi\u00f3n colectiva extranjeras registradas en la Comisi\u00f3n Nacional del Mercado de Valores (CNMV) a efectos de su comercializaci\u00f3n en Espa\u00f1a, as\u00ed como a diversos miembros asociados.<\/li>\n<li><strong>OCOPEN<\/strong> es la Organizaci\u00f3n de Consultores de Pensiones. Es una asociaci\u00f3n profesional, sin \u00e1nimo de lucro fundada en 1987, que aglutina a empresas y profesionales de consultor\u00eda de pensiones, gestoras de fondos de pensiones y aseguradoras para el desarrollo y consolidaci\u00f3n de la previsi\u00f3n social complementaria, aportando opiniones, recomendaciones y propuestas a las empresas, trabajadores, representantes sociales y responsables gubernamentales con el objetivo de fomentar el ahorro finalista para jubilaci\u00f3n.<\/li>\n<li><strong>UNACC<\/strong> es la Uni\u00f3n Nacional de Cooperativas de Cr\u00e9dito. Es la asociaci\u00f3n m\u00e1s representativa del sector de las cooperativas de cr\u00e9dito en Espa\u00f1a. Constituida en 1970, re\u00fane actualmente a 42 cooperativas de cr\u00e9dito y entre sus funciones est\u00e1 representar y defender los intereses generales de sus asociadas ante los organismos p\u00fablicos e instituciones.<\/li>\n<li><strong>UNESPA<\/strong> es la Uni\u00f3n Espa\u00f1ola de Aseguradoras y Reaseguradoras. Integra a cerca de 200 entidades que re\u00fanen aproximadamente el 98% del volumen de negocio asegurador en el mercado espa\u00f1ol. Desde 1977, representa los intereses de sus asociados frente a todo tipo de organismos e instituciones nacionales e internacionales.<\/li>\n<\/ul>\n <\/div>[\/vc_column][\/vc_row]\n","protected":false},"excerpt":{"rendered":"<p>[vc_row type=&#8221;in_container&#8221; full_screen_row_position=&#8221;middle&#8221; column_margin=&#8221;default&#8221; column_direction=&#8221;default&#8221; column_direction_tablet=&#8221;default&#8221; column_direction_phone=&#8221;default&#8221; scene_position=&#8221;center&#8221; text_color=&#8221;dark&#8221; text_align=&#8221;left&#8221; row_border_radius=&#8221;none&#8221; row_border_radius_applies=&#8221;bg&#8221; overlay_strength=&#8221;0.3&#8243; gradient_direction=&#8221;left_to_right&#8221; shape_divider_position=&#8221;bottom&#8221; bg_image_animation=&#8221;none&#8221;][vc_column column_padding=&#8221;no-extra-padding&#8221; column_padding_tablet=&#8221;inherit&#8221; column_padding_phone=&#8221;inherit&#8221; column_padding_position=&#8221;all&#8221; background_color_opacity=&#8221;1&#8243; background_hover_color_opacity=&#8221;1&#8243; column_shadow=&#8221;none&#8221; column_border_radius=&#8221;none&#8221; column_link_target=&#8221;_self&#8221;&#8230;<\/p>\n","protected":false},"author":197,"featured_media":9110,"comment_status":"closed","ping_status":"closed","sticky":false,"template":"","format":"standard","meta":{"_acf_changed":false,"_price":"","_stock":"","_tribe_ticket_header":"","_tribe_default_ticket_provider":"","_tribe_ticket_capacity":"0","_ticket_start_date":"","_ticket_end_date":"","_tribe_ticket_show_description":"","_tribe_ticket_show_not_going":false,"_tribe_ticket_use_global_stock":"","_tribe_ticket_global_stock_level":"","_global_stock_mode":"","_global_stock_cap":"","_tribe_rsvp_for_event":"","_tribe_ticket_going_count":"","_tribe_ticket_not_going_count":"","_tribe_tickets_list":"[]","_tribe_ticket_has_attendee_info_fields":false,"footnotes":""},"categories":[2],"tags":[],"class_list":["post-9090","post","type-post","status-publish","format-standard","has-post-thumbnail","category-noticias"],"acf":[],"yoast_head":"<!-- This site is optimized with the Yoast SEO plugin v27.2 - https:\/\/yoast.com\/product\/yoast-seo-wordpress\/ -->\n<title>18 asociaciones abogan por mantener el actual l\u00edmite fiscal de ahorro individual para la jubilaci\u00f3n - ADECOSE<\/title>\n<meta name=\"robots\" content=\"index, follow, max-snippet:-1, max-image-preview:large, max-video-preview:-1\" \/>\n<link rel=\"canonical\" href=\"https:\/\/www.adecose.com\/18-asociaciones-abogan-por-mantener-el-actual-limite-fiscal-de-ahorro-individual-para-la-jubilacion\/\" \/>\n<meta property=\"og:locale\" content=\"gl_ES\" \/>\n<meta property=\"og:type\" content=\"article\" \/>\n<meta property=\"og:title\" content=\"18 asociaciones abogan por mantener el actual l\u00edmite fiscal de ahorro individual para la jubilaci\u00f3n - ADECOSE\" \/>\n<meta property=\"og:description\" content=\"[vc_row type=&#8221;in_container&#8221; full_screen_row_position=&#8221;middle&#8221; column_margin=&#8221;default&#8221; column_direction=&#8221;default&#8221; column_direction_tablet=&#8221;default&#8221; column_direction_phone=&#8221;default&#8221; scene_position=&#8221;center&#8221; text_color=&#8221;dark&#8221; text_align=&#8221;left&#8221; row_border_radius=&#8221;none&#8221; row_border_radius_applies=&#8221;bg&#8221; overlay_strength=&#8221;0.3&#8243; gradient_direction=&#8221;left_to_right&#8221; shape_divider_position=&#8221;bottom&#8221; bg_image_animation=&#8221;none&#8221;][vc_column column_padding=&#8221;no-extra-padding&#8221; column_padding_tablet=&#8221;inherit&#8221; column_padding_phone=&#8221;inherit&#8221; column_padding_position=&#8221;all&#8221; background_color_opacity=&#8221;1&#8243; background_hover_color_opacity=&#8221;1&#8243; column_shadow=&#8221;none&#8221; column_border_radius=&#8221;none&#8221; column_link_target=&#8221;_self&#8221;...\" \/>\n<meta property=\"og:url\" content=\"https:\/\/www.adecose.com\/18-asociaciones-abogan-por-mantener-el-actual-limite-fiscal-de-ahorro-individual-para-la-jubilacion\/\" \/>\n<meta property=\"og:site_name\" content=\"ADECOSE\" \/>\n<meta property=\"article:published_time\" content=\"2020-11-24T10:43:21+00:00\" \/>\n<meta property=\"article:modified_time\" content=\"2021-02-03T15:27:33+00:00\" \/>\n<meta property=\"og:image\" content=\"https:\/\/www.adecose.com\/wp-content\/uploads\/2020\/11\/LOGOS1-01-01.jpg\" \/>\n\t<meta property=\"og:image:width\" content=\"1400\" \/>\n\t<meta property=\"og:image:height\" content=\"760\" \/>\n\t<meta property=\"og:image:type\" content=\"image\/jpeg\" \/>\n<meta name=\"author\" content=\"Comunicaci\u00f3n ADECOSE\" \/>\n<meta name=\"twitter:card\" content=\"summary_large_image\" \/>\n<meta name=\"twitter:label1\" content=\"Escrito por\" \/>\n\t<meta name=\"twitter:data1\" content=\"Comunicaci\u00f3n ADECOSE\" \/>\n\t<meta name=\"twitter:label2\" content=\"Tempo de lectura\" \/>\n\t<meta name=\"twitter:data2\" content=\"13 minutos\" \/>\n<script type=\"application\/ld+json\" class=\"yoast-schema-graph\">{\"@context\":\"https:\/\/schema.org\",\"@graph\":[{\"@type\":\"Article\",\"@id\":\"https:\/\/www.adecose.com\/18-asociaciones-abogan-por-mantener-el-actual-limite-fiscal-de-ahorro-individual-para-la-jubilacion\/#article\",\"isPartOf\":{\"@id\":\"https:\/\/www.adecose.com\/18-asociaciones-abogan-por-mantener-el-actual-limite-fiscal-de-ahorro-individual-para-la-jubilacion\/\"},\"author\":{\"name\":\"Comunicaci\u00f3n ADECOSE\",\"@id\":\"https:\/\/www.adecose.com\/gl\/#\/schema\/person\/ff086ce55f6379e1d225a2c0dca5eeb6\"},\"headline\":\"18 asociaciones abogan por mantener el actual l\u00edmite fiscal de ahorro individual para la jubilaci\u00f3n\",\"datePublished\":\"2020-11-24T10:43:21+00:00\",\"dateModified\":\"2021-02-03T15:27:33+00:00\",\"mainEntityOfPage\":{\"@id\":\"https:\/\/www.adecose.com\/18-asociaciones-abogan-por-mantener-el-actual-limite-fiscal-de-ahorro-individual-para-la-jubilacion\/\"},\"wordCount\":2635,\"publisher\":{\"@id\":\"https:\/\/www.adecose.com\/gl\/#organization\"},\"image\":{\"@id\":\"https:\/\/www.adecose.com\/18-asociaciones-abogan-por-mantener-el-actual-limite-fiscal-de-ahorro-individual-para-la-jubilacion\/#primaryimage\"},\"thumbnailUrl\":\"https:\/\/www.adecose.com\/wp-content\/uploads\/2020\/11\/LOGOS1-01-01.jpg\",\"articleSection\":[\"Noticias\"],\"inLanguage\":\"gl-ES\"},{\"@type\":\"WebPage\",\"@id\":\"https:\/\/www.adecose.com\/18-asociaciones-abogan-por-mantener-el-actual-limite-fiscal-de-ahorro-individual-para-la-jubilacion\/\",\"url\":\"https:\/\/www.adecose.com\/18-asociaciones-abogan-por-mantener-el-actual-limite-fiscal-de-ahorro-individual-para-la-jubilacion\/\",\"name\":\"18 asociaciones abogan por mantener el actual l\u00edmite fiscal de ahorro individual para la jubilaci\u00f3n - ADECOSE\",\"isPartOf\":{\"@id\":\"https:\/\/www.adecose.com\/gl\/#website\"},\"primaryImageOfPage\":{\"@id\":\"https:\/\/www.adecose.com\/18-asociaciones-abogan-por-mantener-el-actual-limite-fiscal-de-ahorro-individual-para-la-jubilacion\/#primaryimage\"},\"image\":{\"@id\":\"https:\/\/www.adecose.com\/18-asociaciones-abogan-por-mantener-el-actual-limite-fiscal-de-ahorro-individual-para-la-jubilacion\/#primaryimage\"},\"thumbnailUrl\":\"https:\/\/www.adecose.com\/wp-content\/uploads\/2020\/11\/LOGOS1-01-01.jpg\",\"datePublished\":\"2020-11-24T10:43:21+00:00\",\"dateModified\":\"2021-02-03T15:27:33+00:00\",\"breadcrumb\":{\"@id\":\"https:\/\/www.adecose.com\/18-asociaciones-abogan-por-mantener-el-actual-limite-fiscal-de-ahorro-individual-para-la-jubilacion\/#breadcrumb\"},\"inLanguage\":\"gl-ES\",\"potentialAction\":[{\"@type\":\"ReadAction\",\"target\":[\"https:\/\/www.adecose.com\/18-asociaciones-abogan-por-mantener-el-actual-limite-fiscal-de-ahorro-individual-para-la-jubilacion\/\"]}]},{\"@type\":\"ImageObject\",\"inLanguage\":\"gl-ES\",\"@id\":\"https:\/\/www.adecose.com\/18-asociaciones-abogan-por-mantener-el-actual-limite-fiscal-de-ahorro-individual-para-la-jubilacion\/#primaryimage\",\"url\":\"https:\/\/www.adecose.com\/wp-content\/uploads\/2020\/11\/LOGOS1-01-01.jpg\",\"contentUrl\":\"https:\/\/www.adecose.com\/wp-content\/uploads\/2020\/11\/LOGOS1-01-01.jpg\",\"width\":1400,\"height\":760},{\"@type\":\"BreadcrumbList\",\"@id\":\"https:\/\/www.adecose.com\/18-asociaciones-abogan-por-mantener-el-actual-limite-fiscal-de-ahorro-individual-para-la-jubilacion\/#breadcrumb\",\"itemListElement\":[{\"@type\":\"ListItem\",\"position\":1,\"name\":\"Portada\",\"item\":\"https:\/\/www.adecose.com\/gl\/\"},{\"@type\":\"ListItem\",\"position\":2,\"name\":\"18 asociaciones abogan por mantener el actual l\u00edmite fiscal de ahorro individual para la jubilaci\u00f3n\"}]},{\"@type\":\"WebSite\",\"@id\":\"https:\/\/www.adecose.com\/gl\/#website\",\"url\":\"https:\/\/www.adecose.com\/gl\/\",\"name\":\"ADECOSE\",\"description\":\"Asociaci\u00f3n Espa\u00f1ola de Corretor\u00edas de Seguros e Reaseguros\",\"publisher\":{\"@id\":\"https:\/\/www.adecose.com\/gl\/#organization\"},\"potentialAction\":[{\"@type\":\"SearchAction\",\"target\":{\"@type\":\"EntryPoint\",\"urlTemplate\":\"https:\/\/www.adecose.com\/gl\/?s={search_term_string}\"},\"query-input\":{\"@type\":\"PropertyValueSpecification\",\"valueRequired\":true,\"valueName\":\"search_term_string\"}}],\"inLanguage\":\"gl-ES\"},{\"@type\":\"Organization\",\"@id\":\"https:\/\/www.adecose.com\/gl\/#organization\",\"name\":\"ADECOSE\",\"url\":\"https:\/\/www.adecose.com\/gl\/\",\"logo\":{\"@type\":\"ImageObject\",\"inLanguage\":\"gl-ES\",\"@id\":\"https:\/\/www.adecose.com\/gl\/#\/schema\/logo\/image\/\",\"url\":\"https:\/\/www.adecose.com\/wp-content\/uploads\/2020\/07\/favicon.png\",\"contentUrl\":\"https:\/\/www.adecose.com\/wp-content\/uploads\/2020\/07\/favicon.png\",\"width\":512,\"height\":512,\"caption\":\"ADECOSE\"},\"image\":{\"@id\":\"https:\/\/www.adecose.com\/gl\/#\/schema\/logo\/image\/\"}},{\"@type\":\"Person\",\"@id\":\"https:\/\/www.adecose.com\/gl\/#\/schema\/person\/ff086ce55f6379e1d225a2c0dca5eeb6\",\"name\":\"Comunicaci\u00f3n ADECOSE\",\"image\":{\"@type\":\"ImageObject\",\"inLanguage\":\"gl-ES\",\"@id\":\"https:\/\/secure.gravatar.com\/avatar\/01cd1f9571997441bf1da6d1cc147351305f03fe8f2acf1ebbec60ebb26924ce?s=96&d=mm&r=g\",\"url\":\"https:\/\/secure.gravatar.com\/avatar\/01cd1f9571997441bf1da6d1cc147351305f03fe8f2acf1ebbec60ebb26924ce?s=96&d=mm&r=g\",\"contentUrl\":\"https:\/\/secure.gravatar.com\/avatar\/01cd1f9571997441bf1da6d1cc147351305f03fe8f2acf1ebbec60ebb26924ce?s=96&d=mm&r=g\",\"caption\":\"Comunicaci\u00f3n ADECOSE\"}}]}<\/script>\n<!-- \/ Yoast SEO plugin. -->","yoast_head_json":{"title":"18 asociaciones abogan por mantener el actual l\u00edmite fiscal de ahorro individual para la jubilaci\u00f3n - ADECOSE","robots":{"index":"index","follow":"follow","max-snippet":"max-snippet:-1","max-image-preview":"max-image-preview:large","max-video-preview":"max-video-preview:-1"},"canonical":"https:\/\/www.adecose.com\/18-asociaciones-abogan-por-mantener-el-actual-limite-fiscal-de-ahorro-individual-para-la-jubilacion\/","og_locale":"gl_ES","og_type":"article","og_title":"18 asociaciones abogan por mantener el actual l\u00edmite fiscal de ahorro individual para la jubilaci\u00f3n - ADECOSE","og_description":"[vc_row type=&#8221;in_container&#8221; full_screen_row_position=&#8221;middle&#8221; column_margin=&#8221;default&#8221; column_direction=&#8221;default&#8221; column_direction_tablet=&#8221;default&#8221; column_direction_phone=&#8221;default&#8221; scene_position=&#8221;center&#8221; text_color=&#8221;dark&#8221; text_align=&#8221;left&#8221; row_border_radius=&#8221;none&#8221; row_border_radius_applies=&#8221;bg&#8221; overlay_strength=&#8221;0.3&#8243; gradient_direction=&#8221;left_to_right&#8221; shape_divider_position=&#8221;bottom&#8221; bg_image_animation=&#8221;none&#8221;][vc_column column_padding=&#8221;no-extra-padding&#8221; column_padding_tablet=&#8221;inherit&#8221; column_padding_phone=&#8221;inherit&#8221; column_padding_position=&#8221;all&#8221; background_color_opacity=&#8221;1&#8243; background_hover_color_opacity=&#8221;1&#8243; column_shadow=&#8221;none&#8221; column_border_radius=&#8221;none&#8221; column_link_target=&#8221;_self&#8221;...","og_url":"https:\/\/www.adecose.com\/18-asociaciones-abogan-por-mantener-el-actual-limite-fiscal-de-ahorro-individual-para-la-jubilacion\/","og_site_name":"ADECOSE","article_published_time":"2020-11-24T10:43:21+00:00","article_modified_time":"2021-02-03T15:27:33+00:00","og_image":[{"width":1400,"height":760,"url":"https:\/\/www.adecose.com\/wp-content\/uploads\/2020\/11\/LOGOS1-01-01.jpg","type":"image\/jpeg"}],"author":"Comunicaci\u00f3n ADECOSE","twitter_card":"summary_large_image","twitter_misc":{"Escrito por":"Comunicaci\u00f3n ADECOSE","Tempo de lectura":"13 minutos"},"schema":{"@context":"https:\/\/schema.org","@graph":[{"@type":"Article","@id":"https:\/\/www.adecose.com\/18-asociaciones-abogan-por-mantener-el-actual-limite-fiscal-de-ahorro-individual-para-la-jubilacion\/#article","isPartOf":{"@id":"https:\/\/www.adecose.com\/18-asociaciones-abogan-por-mantener-el-actual-limite-fiscal-de-ahorro-individual-para-la-jubilacion\/"},"author":{"name":"Comunicaci\u00f3n ADECOSE","@id":"https:\/\/www.adecose.com\/gl\/#\/schema\/person\/ff086ce55f6379e1d225a2c0dca5eeb6"},"headline":"18 asociaciones abogan por mantener el actual l\u00edmite fiscal de ahorro individual para la jubilaci\u00f3n","datePublished":"2020-11-24T10:43:21+00:00","dateModified":"2021-02-03T15:27:33+00:00","mainEntityOfPage":{"@id":"https:\/\/www.adecose.com\/18-asociaciones-abogan-por-mantener-el-actual-limite-fiscal-de-ahorro-individual-para-la-jubilacion\/"},"wordCount":2635,"publisher":{"@id":"https:\/\/www.adecose.com\/gl\/#organization"},"image":{"@id":"https:\/\/www.adecose.com\/18-asociaciones-abogan-por-mantener-el-actual-limite-fiscal-de-ahorro-individual-para-la-jubilacion\/#primaryimage"},"thumbnailUrl":"https:\/\/www.adecose.com\/wp-content\/uploads\/2020\/11\/LOGOS1-01-01.jpg","articleSection":["Noticias"],"inLanguage":"gl-ES"},{"@type":"WebPage","@id":"https:\/\/www.adecose.com\/18-asociaciones-abogan-por-mantener-el-actual-limite-fiscal-de-ahorro-individual-para-la-jubilacion\/","url":"https:\/\/www.adecose.com\/18-asociaciones-abogan-por-mantener-el-actual-limite-fiscal-de-ahorro-individual-para-la-jubilacion\/","name":"18 asociaciones abogan por mantener el actual l\u00edmite fiscal de ahorro individual para la jubilaci\u00f3n - ADECOSE","isPartOf":{"@id":"https:\/\/www.adecose.com\/gl\/#website"},"primaryImageOfPage":{"@id":"https:\/\/www.adecose.com\/18-asociaciones-abogan-por-mantener-el-actual-limite-fiscal-de-ahorro-individual-para-la-jubilacion\/#primaryimage"},"image":{"@id":"https:\/\/www.adecose.com\/18-asociaciones-abogan-por-mantener-el-actual-limite-fiscal-de-ahorro-individual-para-la-jubilacion\/#primaryimage"},"thumbnailUrl":"https:\/\/www.adecose.com\/wp-content\/uploads\/2020\/11\/LOGOS1-01-01.jpg","datePublished":"2020-11-24T10:43:21+00:00","dateModified":"2021-02-03T15:27:33+00:00","breadcrumb":{"@id":"https:\/\/www.adecose.com\/18-asociaciones-abogan-por-mantener-el-actual-limite-fiscal-de-ahorro-individual-para-la-jubilacion\/#breadcrumb"},"inLanguage":"gl-ES","potentialAction":[{"@type":"ReadAction","target":["https:\/\/www.adecose.com\/18-asociaciones-abogan-por-mantener-el-actual-limite-fiscal-de-ahorro-individual-para-la-jubilacion\/"]}]},{"@type":"ImageObject","inLanguage":"gl-ES","@id":"https:\/\/www.adecose.com\/18-asociaciones-abogan-por-mantener-el-actual-limite-fiscal-de-ahorro-individual-para-la-jubilacion\/#primaryimage","url":"https:\/\/www.adecose.com\/wp-content\/uploads\/2020\/11\/LOGOS1-01-01.jpg","contentUrl":"https:\/\/www.adecose.com\/wp-content\/uploads\/2020\/11\/LOGOS1-01-01.jpg","width":1400,"height":760},{"@type":"BreadcrumbList","@id":"https:\/\/www.adecose.com\/18-asociaciones-abogan-por-mantener-el-actual-limite-fiscal-de-ahorro-individual-para-la-jubilacion\/#breadcrumb","itemListElement":[{"@type":"ListItem","position":1,"name":"Portada","item":"https:\/\/www.adecose.com\/gl\/"},{"@type":"ListItem","position":2,"name":"18 asociaciones abogan por mantener el actual l\u00edmite fiscal de ahorro individual para la jubilaci\u00f3n"}]},{"@type":"WebSite","@id":"https:\/\/www.adecose.com\/gl\/#website","url":"https:\/\/www.adecose.com\/gl\/","name":"ADECOSE","description":"Asociaci\u00f3n Espa\u00f1ola de Corretor\u00edas de Seguros e Reaseguros","publisher":{"@id":"https:\/\/www.adecose.com\/gl\/#organization"},"potentialAction":[{"@type":"SearchAction","target":{"@type":"EntryPoint","urlTemplate":"https:\/\/www.adecose.com\/gl\/?s={search_term_string}"},"query-input":{"@type":"PropertyValueSpecification","valueRequired":true,"valueName":"search_term_string"}}],"inLanguage":"gl-ES"},{"@type":"Organization","@id":"https:\/\/www.adecose.com\/gl\/#organization","name":"ADECOSE","url":"https:\/\/www.adecose.com\/gl\/","logo":{"@type":"ImageObject","inLanguage":"gl-ES","@id":"https:\/\/www.adecose.com\/gl\/#\/schema\/logo\/image\/","url":"https:\/\/www.adecose.com\/wp-content\/uploads\/2020\/07\/favicon.png","contentUrl":"https:\/\/www.adecose.com\/wp-content\/uploads\/2020\/07\/favicon.png","width":512,"height":512,"caption":"ADECOSE"},"image":{"@id":"https:\/\/www.adecose.com\/gl\/#\/schema\/logo\/image\/"}},{"@type":"Person","@id":"https:\/\/www.adecose.com\/gl\/#\/schema\/person\/ff086ce55f6379e1d225a2c0dca5eeb6","name":"Comunicaci\u00f3n ADECOSE","image":{"@type":"ImageObject","inLanguage":"gl-ES","@id":"https:\/\/secure.gravatar.com\/avatar\/01cd1f9571997441bf1da6d1cc147351305f03fe8f2acf1ebbec60ebb26924ce?s=96&d=mm&r=g","url":"https:\/\/secure.gravatar.com\/avatar\/01cd1f9571997441bf1da6d1cc147351305f03fe8f2acf1ebbec60ebb26924ce?s=96&d=mm&r=g","contentUrl":"https:\/\/secure.gravatar.com\/avatar\/01cd1f9571997441bf1da6d1cc147351305f03fe8f2acf1ebbec60ebb26924ce?s=96&d=mm&r=g","caption":"Comunicaci\u00f3n ADECOSE"}}]}},"_links":{"self":[{"href":"https:\/\/www.adecose.com\/gl\/wp-json\/wp\/v2\/posts\/9090","targetHints":{"allow":["GET"]}}],"collection":[{"href":"https:\/\/www.adecose.com\/gl\/wp-json\/wp\/v2\/posts"}],"about":[{"href":"https:\/\/www.adecose.com\/gl\/wp-json\/wp\/v2\/types\/post"}],"author":[{"embeddable":true,"href":"https:\/\/www.adecose.com\/gl\/wp-json\/wp\/v2\/users\/197"}],"replies":[{"embeddable":true,"href":"https:\/\/www.adecose.com\/gl\/wp-json\/wp\/v2\/comments?post=9090"}],"version-history":[{"count":0,"href":"https:\/\/www.adecose.com\/gl\/wp-json\/wp\/v2\/posts\/9090\/revisions"}],"wp:featuredmedia":[{"embeddable":true,"href":"https:\/\/www.adecose.com\/gl\/wp-json\/wp\/v2\/media\/9110"}],"wp:attachment":[{"href":"https:\/\/www.adecose.com\/gl\/wp-json\/wp\/v2\/media?parent=9090"}],"wp:term":[{"taxonomy":"category","embeddable":true,"href":"https:\/\/www.adecose.com\/gl\/wp-json\/wp\/v2\/categories?post=9090"},{"taxonomy":"post_tag","embeddable":true,"href":"https:\/\/www.adecose.com\/gl\/wp-json\/wp\/v2\/tags?post=9090"}],"curies":[{"name":"wp","href":"https:\/\/api.w.org\/{rel}","templated":true}]}}