{"id":9066,"date":"2020-11-20T13:32:37","date_gmt":"2020-11-20T11:32:37","guid":{"rendered":"https:\/\/www.adecose.com\/?p=9066"},"modified":"2020-11-23T16:17:40","modified_gmt":"2020-11-23T14:17:40","slug":"adecose-celebra-su-tradicional-mesa-de-renovaciones-con-los-lideres-de-aig-axa-xl-generali-aon-reinsurance-iberia-y-guy-carpenter","status":"publish","type":"post","link":"https:\/\/www.adecose.com\/gl\/adecose-celebra-su-tradicional-mesa-de-renovaciones-con-los-lideres-de-aig-axa-xl-generali-aon-reinsurance-iberia-y-guy-carpenter\/","title":{"rendered":"ADECOSE celebra su tradicional Mesa de Renovaciones con los l\u00edderes de AIG, AXA XL, Generali, Aon Reinsurance Iberia y Guy Carpenter"},"content":{"rendered":"<p><strong><em>ADECOSEwebinars<\/em><\/strong><\/p>\n<p><strong>\u00a0<\/strong><\/p>\n<ul>\n<li><em>Benedetta Cossarini, General Manager Iberia de AIG; Jos\u00e9 Ram\u00f3n Morales, Country Leader Iberia de AXA XL; Santiago Villa, CEO de Generali; Alfonso Valera, CEO de Aon Reinsurance Iberia y Presidente de ASECORE; y Artur Re\u00f1\u00e9, Managing Director de Guy Carpenter han intercambiado opiniones sobre c\u00f3mo est\u00e1n enfocando sus compa\u00f1\u00edas y corredur\u00edas la pol\u00edtica de renovaciones.<\/em><\/li>\n<\/ul>\n<p><strong>\u00a0<\/strong><\/p>\n<p>ADECOSE ha celebrado de forma virtual su tradicional <span style=\"color: #065c9a;\"><strong>Mesa Redonda<\/strong> <strong>sobre la pol\u00edtica de renovaciones<\/strong><\/span>, moderada por el presidente de ADECOSE, Mart\u00edn Navaz, que ha contado con la participaci\u00f3n de los l\u00edderes de tres de las principales de compa\u00f1\u00edas de seguros en Espa\u00f1a y dos corredur\u00edas de reaseguros. Benedetta Cossarini, General Manager Iberia de <span style=\"color: #065c9a;\"><strong>AIG<\/strong><\/span>; Jos\u00e9 Ram\u00f3n Morales, Country Leader Iberia de <span style=\"color: #065c9a;\"><strong>AXA XL<\/strong><\/span>; Santiago Villa, CEO de <span style=\"color: #065c9a;\"><strong>Generali<\/strong><\/span>; Alfonso Valera, CEO de <span style=\"color: #065c9a;\"><strong>Aon Reinsurance Iberia<\/strong><\/span> y Presidente de ASECORE; y Artur Re\u00f1\u00e9, Managing Director de <span style=\"color: #065c9a;\"><strong>Guy Carpenter<\/strong><\/span> han intercambiado opiniones sobre c\u00f3mo est\u00e1n enfocando su pol\u00edtica de renovaciones.<\/p>\n<p><span style=\"color: #065c9a;\"><strong><em>Balance del 2020 de las compa\u00f1\u00edas aseguradoras<\/em><\/strong><\/span><\/p>\n<p><span style=\"color: #000000;\">En primer lugar, los l\u00edderes de las tres aseguradoras han hecho balance de la situaci\u00f3n a la que se han enfrentado sus compa\u00f1\u00edas durante este a\u00f1o. Cossarini destaca el aumento del endurecimiento del mercado, propiciado por las cat\u00e1strofes naturales, la incertidumbre por la crisis econ\u00f3mica y las movilizaciones sociales. Todo esto, seg\u00fan ha explicado Cossarini, \u201cest\u00e1 provocando un aumento a dos d\u00edgitos de media de las tasas en todos los ramos y la reducci\u00f3n de capacidad, siendo m\u00e1s estables los de accidentes y medioambiente; y los m\u00e1s afectados, los ramos de D&amp;O, Cyber, Cr\u00e9dito, RC y Da\u00f1os.<\/span><\/p>\n<p><span style=\"color: #000000;\">Por su parte, Morales a\u00f1ade que durante 2020 las compa\u00f1\u00edas tambi\u00e9n se han visto perjudicadas por el aumento de los costes de los reaseguros y la recesi\u00f3n econ\u00f3mica que afecta a sus clientes. A ello, explica, \u201cel mercado en general debe a\u00f1adir la factura del Covid-19 para las aseguradoras de empresas\u201d. Todo esto, concluye Morales, hace que las aseguradoras tengan que subir tasas, reducir coberturas y manejar mejor sus capacidades.<\/span><\/p>\n<p><span style=\"color: #000000;\">Por su parte, Santiago Villa indica que la reducci\u00f3n de capacidades en el mercado podr\u00eda generar que algunas aseguradoras pudiesen adoptar una tendencia alcista en l\u00edneas relacionadas con el negocio industrial y <em>corporate<\/em>. Por el contrario, en los seguros individuales el mercado mantiene un muy elevado nivel de competitividad. En este contexto, el principal reto para el profesional de la mediaci\u00f3n ser\u00e1 el asesoramiento y la cercan\u00eda al cliente: \u201cen 2021, el conocimiento de las necesidades, la atenci\u00f3n personalizada y la empat\u00eda se van a convertir en elementos fundamentales en la relaci\u00f3n con el cliente\u201d, concluye Villa.<\/span><\/p>\n<p><em><strong><span style=\"color: #065c9a;\">La visi\u00f3n del reaseguro<\/span><\/strong><\/em><\/p>\n<p><span style=\"color: #000000;\">Por otro lado, Alfonso Valera y Artur Re\u00f1\u00e9 han aportado la visi\u00f3n del reaseguro. Valera destaca los dos fen\u00f3menos adicionales est\u00e1n tensionando a las reaseguradoras: la menor capacidad y encarecimiento de la retrocesi\u00f3n, y el efecto Covid-19. \u201cEste a\u00f1o el Covid-19 suma 10 puntos de siniestralidad a la ratio combinada del reaseguro, fundamentalmente en da\u00f1os materiales relacionados con la p\u00e9rdida de beneficios, seguros de cancelaci\u00f3n y ramos mar\u00edtimos\u201d. Esta situaci\u00f3n ha propiciado que la cuenta de resultados de las reaseguradoras y el retorno sobre el capital del sector reasegurador sea negativo.<\/span><\/p>\n<p><span style=\"color: #000000;\">Re\u00f1\u00e9, por su parte, ha evidenciado con cifras este balance negativo: \u201cEl impacto que est\u00e1 suponiendo el Covid-19 para las reaseguradoras es de una media de 63.000 millones de d\u00f3lares de estimaci\u00f3n, lo que supone aproximadamente un 10% del capital que tienen los operadores en la industria del reaseguro\u201d. Al cierre del primer semestre los operadores ya han reportado 28.000 millones de d\u00f3lares debido al Covid-19. Esta situaci\u00f3n, a la que hay que sumar lo declarado por cat\u00e1strofes, obliga al reaseguro a tomar medidas de suscripci\u00f3n para recuperar los m\u00e1rgenes que se requieren y endurecer las condiciones en aquellas l\u00edneas de negocio que hayan sido m\u00e1s perjudicadas, como la de da\u00f1os.<\/span><\/p>\n<p><em><strong><span style=\"color: #065c9a;\">Previsi\u00f3n del sector para futuros escenarios de pandemia<\/span><\/strong><\/em><\/p>\n<p><span style=\"color: #000000;\">Por otra parte, los ponentes han abordado la previsi\u00f3n del sector para futuros escenarios de pandemia. Santiago Villa apela a una colaboraci\u00f3n p\u00fablico-privada: \u201cSi no nos dotamos con un marco similar al que ya disponemos del Consorcio de Compensaci\u00f3n de Seguros de una manera complementaria al seguro privado, es imposible concebir una prima para un evento que afecta pr\u00e1cticamente al 100% de la sociedad en un mismo momento\u201d.<\/span><\/p>\n<p><span style=\"color: #000000;\">Por su parte, Jos\u00e9 Ram\u00f3n Morales apunta a que las situaciones de pandemia y de endurecimiento del mercado, \u201cson el momento del corredor y del suscriptor\u201d, ya que el corredor debe ser creativo y buscar alternativas que respalden las necesidades concretas de cada cliente mientras se estabilizan las restricciones presupuestarias.\u00a0<\/span><\/p>\n<p><span style=\"color: #000000;\">Benedetta Cossarini fija el objetivo en los procesos de preparaci\u00f3n y anticipaci\u00f3n para aumentar la flexibilidad y capacidad de adaptaci\u00f3n de las compa\u00f1\u00edas. En este sentido, el corredor debe adquirir un papel de asesoramiento y ayuda a los clientes mediante el an\u00e1lisis de los riesgos y b\u00fasqueda de soluciones.<\/span><\/p>\n<p><span style=\"color: #000000;\">En cuanto al reaseguro, Alfonso Valera aboga por continuar dando cobertura a los clientes, a pesar de la enorme dificultad t\u00e9cnica que supone para las aseguradoras. Reivindica que, a diferencia de la gesti\u00f3n actual, las instituciones que lideren el proyecto en Espa\u00f1a en crisis futuras deben contar con la opini\u00f3n del reaseguro.<\/span><\/p>\n<p><span style=\"color: #000000;\">Artur Re\u00f1\u00e9, por \u00faltimo, augura nuevos retos para el sector, como el seguro de ciberriesgos, en el que prev\u00e9 importantes crisis derivadas de ataques cibern\u00e9ticos que podr\u00edan generar un siniestro igual de grave o m\u00e1s que el que ha generado la pandemia. Para ello, concluye \u201ctenemos que empezar a ofrecer coberturas amplias y asequibles para estar preparados para cuando llegue esta crisis\u201d.<\/span><\/p>\n<p><em><strong><span style=\"color: #065c9a;\">El papel de la digitalizaci\u00f3n<\/span><\/strong><\/em><\/p>\n<p><span style=\"color: #000000;\">Por \u00faltimo, tambi\u00e9n han abordado el papel de la digitalizaci\u00f3n, en el que entra en juego el blockchain para aumentar la eficiencia del sector y reducir costes; y la adaptaci\u00f3n de la inteligencia artificial para mejorar la calidad del servicio y la experiencia del cliente y la del empleado. Adem\u00e1s, establecen como reto principal para las corredur\u00edas la implementaci\u00f3n de herramientas digitales y de modelos de gesti\u00f3n online que no difiera en el valor diferencial de profesional de las corredur\u00edas.<\/span><\/p>\n<p><em><span style=\"color: #065c9a;\"><strong>La labor de ADECOSE<\/strong><\/span><\/em><\/p>\n<p><span style=\"color: #000000;\">Por \u00faltimo, Mart\u00edn Navaz, presidente de ADECOSE, anunci\u00f3 los avances de la Asociaci\u00f3n en la realizaci\u00f3n de un informe sobre el Covid-19, en el marco de la comisi\u00f3n creada por la Asociaci\u00f3n este a\u00f1o para analizar los efectos de la pandemia en el sector. Asimismo, destac\u00f3 el estrecho seguimiento de la evoluci\u00f3n de esta cuesti\u00f3n en los pa\u00edses de nuestro entorno en el seno de la Federaci\u00f3n Europea de Intermediarios de Seguros (BIPAR), que preside Juan Ram\u00f3n Pl\u00e1. Mart\u00edn Navaz anim\u00f3 tambi\u00e9n a los ponentes a realizar una reflexi\u00f3n de forma conjunta con UNESPA, DGFSP y corredores para buscar soluciones sectoriales en beneficio de todos.<\/span><\/p>\n","protected":false},"excerpt":{"rendered":"<p>ADECOSEwebinars \u00a0 Benedetta Cossarini, General Manager Iberia de AIG; Jos\u00e9 Ram\u00f3n Morales, Country Leader Iberia de AXA XL; Santiago Villa, CEO de Generali; Alfonso Valera,&#8230;<\/p>\n","protected":false},"author":197,"featured_media":9067,"comment_status":"closed","ping_status":"closed","sticky":false,"template":"","format":"standard","meta":{"_acf_changed":false,"_price":"","_stock":"","_tribe_ticket_header":"","_tribe_default_ticket_provider":"","_tribe_ticket_capacity":"0","_ticket_start_date":"","_ticket_end_date":"","_tribe_ticket_show_description":"","_tribe_ticket_show_not_going":false,"_tribe_ticket_use_global_stock":"","_tribe_ticket_global_stock_level":"","_global_stock_mode":"","_global_stock_cap":"","_tribe_rsvp_for_event":"","_tribe_ticket_going_count":"","_tribe_ticket_not_going_count":"","_tribe_tickets_list":"[]","_tribe_ticket_has_attendee_info_fields":false,"footnotes":""},"categories":[2],"tags":[222],"class_list":["post-9066","post","type-post","status-publish","format-standard","has-post-thumbnail","category-noticias","tag-adecose-webinars"],"acf":[],"yoast_head":"<!-- This site is optimized with the Yoast SEO plugin v27.2 - https:\/\/yoast.com\/product\/yoast-seo-wordpress\/ -->\n<title>ADECOSE celebra su tradicional Mesa de Renovaciones con los l\u00edderes de AIG, AXA XL, Generali, Aon Reinsurance Iberia y Guy Carpenter - ADECOSE<\/title>\n<meta name=\"robots\" content=\"index, follow, max-snippet:-1, max-image-preview:large, max-video-preview:-1\" \/>\n<link rel=\"canonical\" href=\"https:\/\/www.adecose.com\/adecose-celebra-su-tradicional-mesa-de-renovaciones-con-los-lideres-de-aig-axa-xl-generali-aon-reinsurance-iberia-y-guy-carpenter\/\" \/>\n<meta property=\"og:locale\" content=\"gl_ES\" \/>\n<meta property=\"og:type\" content=\"article\" \/>\n<meta property=\"og:title\" content=\"ADECOSE celebra su tradicional Mesa de Renovaciones con los l\u00edderes de AIG, AXA XL, Generali, Aon Reinsurance Iberia y Guy Carpenter - ADECOSE\" \/>\n<meta property=\"og:description\" content=\"ADECOSEwebinars \u00a0 Benedetta Cossarini, General Manager Iberia de AIG; Jos\u00e9 Ram\u00f3n Morales, Country Leader Iberia de AXA XL; Santiago Villa, CEO de Generali; Alfonso Valera,...\" \/>\n<meta property=\"og:url\" content=\"https:\/\/www.adecose.com\/adecose-celebra-su-tradicional-mesa-de-renovaciones-con-los-lideres-de-aig-axa-xl-generali-aon-reinsurance-iberia-y-guy-carpenter\/\" \/>\n<meta property=\"og:site_name\" content=\"ADECOSE\" \/>\n<meta property=\"article:published_time\" content=\"2020-11-20T11:32:37+00:00\" \/>\n<meta property=\"article:modified_time\" content=\"2020-11-23T14:17:40+00:00\" \/>\n<meta property=\"og:image\" content=\"https:\/\/www.adecose.com\/wp-content\/uploads\/2020\/11\/webinar-web_Mesa-renovaciones.jpg\" \/>\n\t<meta property=\"og:image:width\" content=\"2167\" \/>\n\t<meta property=\"og:image:height\" content=\"1100\" \/>\n\t<meta property=\"og:image:type\" content=\"image\/jpeg\" \/>\n<meta name=\"author\" content=\"Comunicaci\u00f3n ADECOSE\" \/>\n<meta name=\"twitter:card\" content=\"summary_large_image\" \/>\n<meta name=\"twitter:label1\" content=\"Escrito por\" \/>\n\t<meta name=\"twitter:data1\" content=\"Comunicaci\u00f3n ADECOSE\" \/>\n\t<meta name=\"twitter:label2\" content=\"Tempo de lectura\" \/>\n\t<meta name=\"twitter:data2\" content=\"6 minutos\" \/>\n<script type=\"application\/ld+json\" class=\"yoast-schema-graph\">{\"@context\":\"https:\/\/schema.org\",\"@graph\":[{\"@type\":\"Article\",\"@id\":\"https:\/\/www.adecose.com\/adecose-celebra-su-tradicional-mesa-de-renovaciones-con-los-lideres-de-aig-axa-xl-generali-aon-reinsurance-iberia-y-guy-carpenter\/#article\",\"isPartOf\":{\"@id\":\"https:\/\/www.adecose.com\/adecose-celebra-su-tradicional-mesa-de-renovaciones-con-los-lideres-de-aig-axa-xl-generali-aon-reinsurance-iberia-y-guy-carpenter\/\"},\"author\":{\"name\":\"Comunicaci\u00f3n ADECOSE\",\"@id\":\"https:\/\/www.adecose.com\/gl\/#\/schema\/person\/ff086ce55f6379e1d225a2c0dca5eeb6\"},\"headline\":\"ADECOSE celebra su tradicional Mesa de Renovaciones con los l\u00edderes de AIG, AXA XL, Generali, Aon Reinsurance Iberia y Guy Carpenter\",\"datePublished\":\"2020-11-20T11:32:37+00:00\",\"dateModified\":\"2020-11-23T14:17:40+00:00\",\"mainEntityOfPage\":{\"@id\":\"https:\/\/www.adecose.com\/adecose-celebra-su-tradicional-mesa-de-renovaciones-con-los-lideres-de-aig-axa-xl-generali-aon-reinsurance-iberia-y-guy-carpenter\/\"},\"wordCount\":1240,\"publisher\":{\"@id\":\"https:\/\/www.adecose.com\/gl\/#organization\"},\"image\":{\"@id\":\"https:\/\/www.adecose.com\/adecose-celebra-su-tradicional-mesa-de-renovaciones-con-los-lideres-de-aig-axa-xl-generali-aon-reinsurance-iberia-y-guy-carpenter\/#primaryimage\"},\"thumbnailUrl\":\"https:\/\/www.adecose.com\/wp-content\/uploads\/2020\/11\/webinar-web_Mesa-renovaciones.jpg\",\"keywords\":[\"ADECOSE webinars\"],\"articleSection\":[\"Noticias\"],\"inLanguage\":\"gl-ES\"},{\"@type\":\"WebPage\",\"@id\":\"https:\/\/www.adecose.com\/adecose-celebra-su-tradicional-mesa-de-renovaciones-con-los-lideres-de-aig-axa-xl-generali-aon-reinsurance-iberia-y-guy-carpenter\/\",\"url\":\"https:\/\/www.adecose.com\/adecose-celebra-su-tradicional-mesa-de-renovaciones-con-los-lideres-de-aig-axa-xl-generali-aon-reinsurance-iberia-y-guy-carpenter\/\",\"name\":\"ADECOSE celebra su tradicional Mesa de Renovaciones con los l\u00edderes de AIG, AXA XL, Generali, Aon Reinsurance Iberia y Guy Carpenter - ADECOSE\",\"isPartOf\":{\"@id\":\"https:\/\/www.adecose.com\/gl\/#website\"},\"primaryImageOfPage\":{\"@id\":\"https:\/\/www.adecose.com\/adecose-celebra-su-tradicional-mesa-de-renovaciones-con-los-lideres-de-aig-axa-xl-generali-aon-reinsurance-iberia-y-guy-carpenter\/#primaryimage\"},\"image\":{\"@id\":\"https:\/\/www.adecose.com\/adecose-celebra-su-tradicional-mesa-de-renovaciones-con-los-lideres-de-aig-axa-xl-generali-aon-reinsurance-iberia-y-guy-carpenter\/#primaryimage\"},\"thumbnailUrl\":\"https:\/\/www.adecose.com\/wp-content\/uploads\/2020\/11\/webinar-web_Mesa-renovaciones.jpg\",\"datePublished\":\"2020-11-20T11:32:37+00:00\",\"dateModified\":\"2020-11-23T14:17:40+00:00\",\"breadcrumb\":{\"@id\":\"https:\/\/www.adecose.com\/adecose-celebra-su-tradicional-mesa-de-renovaciones-con-los-lideres-de-aig-axa-xl-generali-aon-reinsurance-iberia-y-guy-carpenter\/#breadcrumb\"},\"inLanguage\":\"gl-ES\",\"potentialAction\":[{\"@type\":\"ReadAction\",\"target\":[\"https:\/\/www.adecose.com\/adecose-celebra-su-tradicional-mesa-de-renovaciones-con-los-lideres-de-aig-axa-xl-generali-aon-reinsurance-iberia-y-guy-carpenter\/\"]}]},{\"@type\":\"ImageObject\",\"inLanguage\":\"gl-ES\",\"@id\":\"https:\/\/www.adecose.com\/adecose-celebra-su-tradicional-mesa-de-renovaciones-con-los-lideres-de-aig-axa-xl-generali-aon-reinsurance-iberia-y-guy-carpenter\/#primaryimage\",\"url\":\"https:\/\/www.adecose.com\/wp-content\/uploads\/2020\/11\/webinar-web_Mesa-renovaciones.jpg\",\"contentUrl\":\"https:\/\/www.adecose.com\/wp-content\/uploads\/2020\/11\/webinar-web_Mesa-renovaciones.jpg\",\"width\":2167,\"height\":1100},{\"@type\":\"BreadcrumbList\",\"@id\":\"https:\/\/www.adecose.com\/adecose-celebra-su-tradicional-mesa-de-renovaciones-con-los-lideres-de-aig-axa-xl-generali-aon-reinsurance-iberia-y-guy-carpenter\/#breadcrumb\",\"itemListElement\":[{\"@type\":\"ListItem\",\"position\":1,\"name\":\"Portada\",\"item\":\"https:\/\/www.adecose.com\/gl\/\"},{\"@type\":\"ListItem\",\"position\":2,\"name\":\"ADECOSE celebra su tradicional Mesa de Renovaciones con los l\u00edderes de AIG, AXA XL, Generali, Aon Reinsurance Iberia y Guy Carpenter\"}]},{\"@type\":\"WebSite\",\"@id\":\"https:\/\/www.adecose.com\/gl\/#website\",\"url\":\"https:\/\/www.adecose.com\/gl\/\",\"name\":\"ADECOSE\",\"description\":\"Asociaci\u00f3n Espa\u00f1ola de Corretor\u00edas de Seguros e Reaseguros\",\"publisher\":{\"@id\":\"https:\/\/www.adecose.com\/gl\/#organization\"},\"potentialAction\":[{\"@type\":\"SearchAction\",\"target\":{\"@type\":\"EntryPoint\",\"urlTemplate\":\"https:\/\/www.adecose.com\/gl\/?s={search_term_string}\"},\"query-input\":{\"@type\":\"PropertyValueSpecification\",\"valueRequired\":true,\"valueName\":\"search_term_string\"}}],\"inLanguage\":\"gl-ES\"},{\"@type\":\"Organization\",\"@id\":\"https:\/\/www.adecose.com\/gl\/#organization\",\"name\":\"ADECOSE\",\"url\":\"https:\/\/www.adecose.com\/gl\/\",\"logo\":{\"@type\":\"ImageObject\",\"inLanguage\":\"gl-ES\",\"@id\":\"https:\/\/www.adecose.com\/gl\/#\/schema\/logo\/image\/\",\"url\":\"https:\/\/www.adecose.com\/wp-content\/uploads\/2020\/07\/favicon.png\",\"contentUrl\":\"https:\/\/www.adecose.com\/wp-content\/uploads\/2020\/07\/favicon.png\",\"width\":512,\"height\":512,\"caption\":\"ADECOSE\"},\"image\":{\"@id\":\"https:\/\/www.adecose.com\/gl\/#\/schema\/logo\/image\/\"}},{\"@type\":\"Person\",\"@id\":\"https:\/\/www.adecose.com\/gl\/#\/schema\/person\/ff086ce55f6379e1d225a2c0dca5eeb6\",\"name\":\"Comunicaci\u00f3n ADECOSE\",\"image\":{\"@type\":\"ImageObject\",\"inLanguage\":\"gl-ES\",\"@id\":\"https:\/\/secure.gravatar.com\/avatar\/01cd1f9571997441bf1da6d1cc147351305f03fe8f2acf1ebbec60ebb26924ce?s=96&d=mm&r=g\",\"url\":\"https:\/\/secure.gravatar.com\/avatar\/01cd1f9571997441bf1da6d1cc147351305f03fe8f2acf1ebbec60ebb26924ce?s=96&d=mm&r=g\",\"contentUrl\":\"https:\/\/secure.gravatar.com\/avatar\/01cd1f9571997441bf1da6d1cc147351305f03fe8f2acf1ebbec60ebb26924ce?s=96&d=mm&r=g\",\"caption\":\"Comunicaci\u00f3n ADECOSE\"}}]}<\/script>\n<!-- \/ Yoast SEO plugin. -->","yoast_head_json":{"title":"ADECOSE celebra su tradicional Mesa de Renovaciones con los l\u00edderes de AIG, AXA XL, Generali, Aon Reinsurance Iberia y Guy Carpenter - ADECOSE","robots":{"index":"index","follow":"follow","max-snippet":"max-snippet:-1","max-image-preview":"max-image-preview:large","max-video-preview":"max-video-preview:-1"},"canonical":"https:\/\/www.adecose.com\/adecose-celebra-su-tradicional-mesa-de-renovaciones-con-los-lideres-de-aig-axa-xl-generali-aon-reinsurance-iberia-y-guy-carpenter\/","og_locale":"gl_ES","og_type":"article","og_title":"ADECOSE celebra su tradicional Mesa de Renovaciones con los l\u00edderes de AIG, AXA XL, Generali, Aon Reinsurance Iberia y Guy Carpenter - ADECOSE","og_description":"ADECOSEwebinars \u00a0 Benedetta Cossarini, General Manager Iberia de AIG; Jos\u00e9 Ram\u00f3n Morales, Country Leader Iberia de AXA XL; Santiago Villa, CEO de Generali; Alfonso Valera,...","og_url":"https:\/\/www.adecose.com\/adecose-celebra-su-tradicional-mesa-de-renovaciones-con-los-lideres-de-aig-axa-xl-generali-aon-reinsurance-iberia-y-guy-carpenter\/","og_site_name":"ADECOSE","article_published_time":"2020-11-20T11:32:37+00:00","article_modified_time":"2020-11-23T14:17:40+00:00","og_image":[{"width":2167,"height":1100,"url":"https:\/\/www.adecose.com\/wp-content\/uploads\/2020\/11\/webinar-web_Mesa-renovaciones.jpg","type":"image\/jpeg"}],"author":"Comunicaci\u00f3n ADECOSE","twitter_card":"summary_large_image","twitter_misc":{"Escrito por":"Comunicaci\u00f3n ADECOSE","Tempo de lectura":"6 minutos"},"schema":{"@context":"https:\/\/schema.org","@graph":[{"@type":"Article","@id":"https:\/\/www.adecose.com\/adecose-celebra-su-tradicional-mesa-de-renovaciones-con-los-lideres-de-aig-axa-xl-generali-aon-reinsurance-iberia-y-guy-carpenter\/#article","isPartOf":{"@id":"https:\/\/www.adecose.com\/adecose-celebra-su-tradicional-mesa-de-renovaciones-con-los-lideres-de-aig-axa-xl-generali-aon-reinsurance-iberia-y-guy-carpenter\/"},"author":{"name":"Comunicaci\u00f3n ADECOSE","@id":"https:\/\/www.adecose.com\/gl\/#\/schema\/person\/ff086ce55f6379e1d225a2c0dca5eeb6"},"headline":"ADECOSE celebra su tradicional Mesa de Renovaciones con los l\u00edderes de AIG, AXA XL, Generali, Aon Reinsurance Iberia y Guy Carpenter","datePublished":"2020-11-20T11:32:37+00:00","dateModified":"2020-11-23T14:17:40+00:00","mainEntityOfPage":{"@id":"https:\/\/www.adecose.com\/adecose-celebra-su-tradicional-mesa-de-renovaciones-con-los-lideres-de-aig-axa-xl-generali-aon-reinsurance-iberia-y-guy-carpenter\/"},"wordCount":1240,"publisher":{"@id":"https:\/\/www.adecose.com\/gl\/#organization"},"image":{"@id":"https:\/\/www.adecose.com\/adecose-celebra-su-tradicional-mesa-de-renovaciones-con-los-lideres-de-aig-axa-xl-generali-aon-reinsurance-iberia-y-guy-carpenter\/#primaryimage"},"thumbnailUrl":"https:\/\/www.adecose.com\/wp-content\/uploads\/2020\/11\/webinar-web_Mesa-renovaciones.jpg","keywords":["ADECOSE webinars"],"articleSection":["Noticias"],"inLanguage":"gl-ES"},{"@type":"WebPage","@id":"https:\/\/www.adecose.com\/adecose-celebra-su-tradicional-mesa-de-renovaciones-con-los-lideres-de-aig-axa-xl-generali-aon-reinsurance-iberia-y-guy-carpenter\/","url":"https:\/\/www.adecose.com\/adecose-celebra-su-tradicional-mesa-de-renovaciones-con-los-lideres-de-aig-axa-xl-generali-aon-reinsurance-iberia-y-guy-carpenter\/","name":"ADECOSE celebra su tradicional Mesa de Renovaciones con los l\u00edderes de AIG, AXA XL, Generali, Aon Reinsurance Iberia y Guy Carpenter - ADECOSE","isPartOf":{"@id":"https:\/\/www.adecose.com\/gl\/#website"},"primaryImageOfPage":{"@id":"https:\/\/www.adecose.com\/adecose-celebra-su-tradicional-mesa-de-renovaciones-con-los-lideres-de-aig-axa-xl-generali-aon-reinsurance-iberia-y-guy-carpenter\/#primaryimage"},"image":{"@id":"https:\/\/www.adecose.com\/adecose-celebra-su-tradicional-mesa-de-renovaciones-con-los-lideres-de-aig-axa-xl-generali-aon-reinsurance-iberia-y-guy-carpenter\/#primaryimage"},"thumbnailUrl":"https:\/\/www.adecose.com\/wp-content\/uploads\/2020\/11\/webinar-web_Mesa-renovaciones.jpg","datePublished":"2020-11-20T11:32:37+00:00","dateModified":"2020-11-23T14:17:40+00:00","breadcrumb":{"@id":"https:\/\/www.adecose.com\/adecose-celebra-su-tradicional-mesa-de-renovaciones-con-los-lideres-de-aig-axa-xl-generali-aon-reinsurance-iberia-y-guy-carpenter\/#breadcrumb"},"inLanguage":"gl-ES","potentialAction":[{"@type":"ReadAction","target":["https:\/\/www.adecose.com\/adecose-celebra-su-tradicional-mesa-de-renovaciones-con-los-lideres-de-aig-axa-xl-generali-aon-reinsurance-iberia-y-guy-carpenter\/"]}]},{"@type":"ImageObject","inLanguage":"gl-ES","@id":"https:\/\/www.adecose.com\/adecose-celebra-su-tradicional-mesa-de-renovaciones-con-los-lideres-de-aig-axa-xl-generali-aon-reinsurance-iberia-y-guy-carpenter\/#primaryimage","url":"https:\/\/www.adecose.com\/wp-content\/uploads\/2020\/11\/webinar-web_Mesa-renovaciones.jpg","contentUrl":"https:\/\/www.adecose.com\/wp-content\/uploads\/2020\/11\/webinar-web_Mesa-renovaciones.jpg","width":2167,"height":1100},{"@type":"BreadcrumbList","@id":"https:\/\/www.adecose.com\/adecose-celebra-su-tradicional-mesa-de-renovaciones-con-los-lideres-de-aig-axa-xl-generali-aon-reinsurance-iberia-y-guy-carpenter\/#breadcrumb","itemListElement":[{"@type":"ListItem","position":1,"name":"Portada","item":"https:\/\/www.adecose.com\/gl\/"},{"@type":"ListItem","position":2,"name":"ADECOSE celebra su tradicional Mesa de Renovaciones con los l\u00edderes de AIG, AXA XL, Generali, Aon Reinsurance Iberia y Guy Carpenter"}]},{"@type":"WebSite","@id":"https:\/\/www.adecose.com\/gl\/#website","url":"https:\/\/www.adecose.com\/gl\/","name":"ADECOSE","description":"Asociaci\u00f3n Espa\u00f1ola de Corretor\u00edas de Seguros e Reaseguros","publisher":{"@id":"https:\/\/www.adecose.com\/gl\/#organization"},"potentialAction":[{"@type":"SearchAction","target":{"@type":"EntryPoint","urlTemplate":"https:\/\/www.adecose.com\/gl\/?s={search_term_string}"},"query-input":{"@type":"PropertyValueSpecification","valueRequired":true,"valueName":"search_term_string"}}],"inLanguage":"gl-ES"},{"@type":"Organization","@id":"https:\/\/www.adecose.com\/gl\/#organization","name":"ADECOSE","url":"https:\/\/www.adecose.com\/gl\/","logo":{"@type":"ImageObject","inLanguage":"gl-ES","@id":"https:\/\/www.adecose.com\/gl\/#\/schema\/logo\/image\/","url":"https:\/\/www.adecose.com\/wp-content\/uploads\/2020\/07\/favicon.png","contentUrl":"https:\/\/www.adecose.com\/wp-content\/uploads\/2020\/07\/favicon.png","width":512,"height":512,"caption":"ADECOSE"},"image":{"@id":"https:\/\/www.adecose.com\/gl\/#\/schema\/logo\/image\/"}},{"@type":"Person","@id":"https:\/\/www.adecose.com\/gl\/#\/schema\/person\/ff086ce55f6379e1d225a2c0dca5eeb6","name":"Comunicaci\u00f3n ADECOSE","image":{"@type":"ImageObject","inLanguage":"gl-ES","@id":"https:\/\/secure.gravatar.com\/avatar\/01cd1f9571997441bf1da6d1cc147351305f03fe8f2acf1ebbec60ebb26924ce?s=96&d=mm&r=g","url":"https:\/\/secure.gravatar.com\/avatar\/01cd1f9571997441bf1da6d1cc147351305f03fe8f2acf1ebbec60ebb26924ce?s=96&d=mm&r=g","contentUrl":"https:\/\/secure.gravatar.com\/avatar\/01cd1f9571997441bf1da6d1cc147351305f03fe8f2acf1ebbec60ebb26924ce?s=96&d=mm&r=g","caption":"Comunicaci\u00f3n ADECOSE"}}]}},"_links":{"self":[{"href":"https:\/\/www.adecose.com\/gl\/wp-json\/wp\/v2\/posts\/9066","targetHints":{"allow":["GET"]}}],"collection":[{"href":"https:\/\/www.adecose.com\/gl\/wp-json\/wp\/v2\/posts"}],"about":[{"href":"https:\/\/www.adecose.com\/gl\/wp-json\/wp\/v2\/types\/post"}],"author":[{"embeddable":true,"href":"https:\/\/www.adecose.com\/gl\/wp-json\/wp\/v2\/users\/197"}],"replies":[{"embeddable":true,"href":"https:\/\/www.adecose.com\/gl\/wp-json\/wp\/v2\/comments?post=9066"}],"version-history":[{"count":0,"href":"https:\/\/www.adecose.com\/gl\/wp-json\/wp\/v2\/posts\/9066\/revisions"}],"wp:featuredmedia":[{"embeddable":true,"href":"https:\/\/www.adecose.com\/gl\/wp-json\/wp\/v2\/media\/9067"}],"wp:attachment":[{"href":"https:\/\/www.adecose.com\/gl\/wp-json\/wp\/v2\/media?parent=9066"}],"wp:term":[{"taxonomy":"category","embeddable":true,"href":"https:\/\/www.adecose.com\/gl\/wp-json\/wp\/v2\/categories?post=9066"},{"taxonomy":"post_tag","embeddable":true,"href":"https:\/\/www.adecose.com\/gl\/wp-json\/wp\/v2\/tags?post=9066"}],"curies":[{"name":"wp","href":"https:\/\/api.w.org\/{rel}","templated":true}]}}