{"id":2671,"date":"2019-10-17T06:23:38","date_gmt":"2019-10-17T06:23:38","guid":{"rendered":"http:\/\/themenectar.com\/demo\/salient-blog\/?p=2671"},"modified":"2020-10-27T18:42:40","modified_gmt":"2020-10-27T16:42:40","slug":"adecose-celebra-su-xxii-foro-de-gestion-de-corredurias","status":"publish","type":"post","link":"https:\/\/www.adecose.com\/gl\/adecose-celebra-su-xxii-foro-de-gestion-de-corredurias\/","title":{"rendered":"ADECOSE celebra su XXII Foro de Gesti\u00f3n de Corredur\u00edas"},"content":{"rendered":"[vc_row type=&#8221;in_container&#8221; full_screen_row_position=&#8221;middle&#8221; column_margin=&#8221;default&#8221; column_direction=&#8221;default&#8221; column_direction_tablet=&#8221;default&#8221; column_direction_phone=&#8221;default&#8221; scene_position=&#8221;center&#8221; text_color=&#8221;dark&#8221; text_align=&#8221;left&#8221; row_border_radius=&#8221;none&#8221; row_border_radius_applies=&#8221;bg&#8221; overlay_strength=&#8221;0.3&#8243; gradient_direction=&#8221;left_to_right&#8221; shape_divider_position=&#8221;bottom&#8221; bg_image_animation=&#8221;none&#8221;][vc_column column_padding=&#8221;no-extra-padding&#8221; column_padding_tablet=&#8221;inherit&#8221; column_padding_phone=&#8221;inherit&#8221; column_padding_position=&#8221;all&#8221; background_color_opacity=&#8221;1&#8243; background_hover_color_opacity=&#8221;1&#8243; column_shadow=&#8221;none&#8221; column_border_radius=&#8221;none&#8221; column_link_target=&#8221;_self&#8221; gradient_direction=&#8221;left_to_right&#8221; overlay_strength=&#8221;0.3&#8243; width=&#8221;1\/1&#8243; tablet_width_inherit=&#8221;default&#8221; tablet_text_alignment=&#8221;default&#8221; phone_text_alignment=&#8221;default&#8221; column_border_width=&#8221;none&#8221; column_border_style=&#8221;solid&#8221; bg_image_animation=&#8221;none&#8221;][vc_column_text]\n<ul>\n<li>El Foro ha contado con la intervenci\u00f3n de ponentes de excepci\u00f3n de Blanco &amp; Asociados, DGFSP, el Consorcio de Compensaci\u00f3n de Seguros, Zurich, Allianz, Munich Re y Chubb Seguros<\/li>\n<\/ul>\n<p>El <span style=\"color: #035b9d;\"><strong>XXII Foro de Gesti\u00f3n de Corredur\u00eda de ADECOSE<\/strong><\/span>, celebrado el 16 de octubre en Madrid, ha contado con ponentes de excepci\u00f3n de B<strong><span style=\"color: #035b9d;\">lanco &amp; Asociados, DGFSP, el Consorcio de Compensaci\u00f3n de Seguros, Zurich, Allianz, Munich Re y Chubb Seguros<\/span><\/strong>. Han abordado importantes temas de actualidad del sector asegurador, como la Ley de Distribuci\u00f3n, informe de reclamaciones, pol\u00edticas de renovaciones o el papel del Consorcio ante riesgos extraordinarios, especialmente ante la DANA.<\/p>\n<p>El evento, que ha batido\u00a0r\u00e9cord de asistencia\u00a0con m\u00e1s de 200 asistentes, ha sido dirigido por <span style=\"color: #035b9d;\"><strong>Mart\u00edn Navaz -presidente de ADECOSE-<\/strong> <\/span>que ha destacado el papel de las\u00a0Cartas de Condiciones, unas cartas que \u201cha costado mucho trabajo sacarlas, pero al final se han convertido en un est\u00e1ndar de mercado del que estamos orgullosos\u201d. Adem\u00e1s, ha recomendado a las corredur\u00edas revisar y firmar estas cartas.<\/p>\n[\/vc_column_text][\/vc_column][\/vc_row][vc_row type=&#8221;in_container&#8221; full_screen_row_position=&#8221;middle&#8221; column_margin=&#8221;default&#8221; column_direction=&#8221;default&#8221; column_direction_tablet=&#8221;default&#8221; column_direction_phone=&#8221;default&#8221; scene_position=&#8221;center&#8221; text_color=&#8221;dark&#8221; text_align=&#8221;left&#8221; row_border_radius=&#8221;none&#8221; row_border_radius_applies=&#8221;bg&#8221; overlay_strength=&#8221;0.3&#8243; gradient_direction=&#8221;left_to_right&#8221; shape_divider_position=&#8221;bottom&#8221; bg_image_animation=&#8221;none&#8221;][vc_column column_padding=&#8221;no-extra-padding&#8221; column_padding_tablet=&#8221;inherit&#8221; column_padding_phone=&#8221;inherit&#8221; column_padding_position=&#8221;all&#8221; background_color_opacity=&#8221;1&#8243; background_hover_color_opacity=&#8221;1&#8243; column_shadow=&#8221;none&#8221; column_border_radius=&#8221;none&#8221; column_link_target=&#8221;_self&#8221; gradient_direction=&#8221;left_to_right&#8221; overlay_strength=&#8221;0.3&#8243; width=&#8221;1\/1&#8243; tablet_width_inherit=&#8221;default&#8221; tablet_text_alignment=&#8221;default&#8221; phone_text_alignment=&#8221;default&#8221; column_border_width=&#8221;none&#8221; column_border_style=&#8221;solid&#8221; bg_image_animation=&#8221;none&#8221;][split_line_heading animation_type=&#8221;default&#8221;]\n<blockquote><p><span style=\"color: #035b9d;\"><strong>Mart\u00edn Navaz, presidente de ADECOSE, sobre las Cartas de Condiciones<\/strong>: \u201cha costado mucho trabajo sacarlas, pero al final se han convertido en un est\u00e1ndar de mercado del que estamos orgullosos\u201d.<\/span><\/p><\/blockquote>\n[\/split_line_heading][\/vc_column][\/vc_row][vc_row type=&#8221;in_container&#8221; full_screen_row_position=&#8221;middle&#8221; column_margin=&#8221;default&#8221; column_direction=&#8221;default&#8221; column_direction_tablet=&#8221;default&#8221; column_direction_phone=&#8221;default&#8221; scene_position=&#8221;center&#8221; text_color=&#8221;dark&#8221; text_align=&#8221;left&#8221; row_border_radius=&#8221;none&#8221; row_border_radius_applies=&#8221;bg&#8221; overlay_strength=&#8221;0.3&#8243; gradient_direction=&#8221;left_to_right&#8221; shape_divider_position=&#8221;bottom&#8221; bg_image_animation=&#8221;none&#8221;][vc_column column_padding=&#8221;no-extra-padding&#8221; column_padding_tablet=&#8221;inherit&#8221; column_padding_phone=&#8221;inherit&#8221; column_padding_position=&#8221;all&#8221; background_color_opacity=&#8221;1&#8243; background_hover_color_opacity=&#8221;1&#8243; column_shadow=&#8221;none&#8221; column_border_radius=&#8221;none&#8221; column_link_target=&#8221;_self&#8221; gradient_direction=&#8221;left_to_right&#8221; overlay_strength=&#8221;0.3&#8243; width=&#8221;1\/1&#8243; tablet_width_inherit=&#8221;default&#8221; tablet_text_alignment=&#8221;default&#8221; phone_text_alignment=&#8221;default&#8221; column_border_width=&#8221;none&#8221; column_border_style=&#8221;solid&#8221; bg_image_animation=&#8221;none&#8221;][vc_column_text]Por su parte, <strong><span style=\"color: #035b9d;\">Borja L\u00f3pez Chicheri -Director General de ADECOSE-<\/span><\/strong> ha estimado que la\u00a0Ley de Distribuci\u00f3n\u00a0se tramitar\u00e1 por la v\u00eda urgente tras las elecciones del 10 de noviembre, por lo que estar\u00eda aprobada en la primavera de 2020.<\/p>\n<p>El foro tambi\u00e9n ha contado con la ponencia de <strong><span style=\"color: #035b9d;\">Alejandro Izuzquiza<\/span><\/strong>, director de operaciones del Consorcio de Compensaci\u00f3n de Seguros, que ha destacado el registro hist\u00f3rico de siniestros tras el paso de la\u00a0DANA. Por el momento se han recibido 60.138 solicitudes y se estima que aumenten a 65.000, lo que supondr\u00e1 unos costes m\u00ednimos de 428 millones de euros. La Comunidad Aut\u00f3noma m\u00e1s afectada ha sido Murcia, donde se han registrado 30.000 siniestros concentrados mayormente en la localidad de Los Alc\u00e1zares.<\/p>\n<p>Otro tema del foro ha sido la visi\u00f3n de las aseguradoras y reaseguradoras en las renovaciones. <strong><span style=\"color: #035b9d;\">Vicente Cancio<\/span><\/strong>, CEO de Zurich Seguros; <span style=\"color: #035b9d;\"><strong>Ignacio Borja<\/strong><\/span>, CEO de Chubb, <span style=\"color: #035b9d;\"><strong>Jos\u00e9 Luis Ferr\u00e9<\/strong><\/span>, CEO de Allianz y <span style=\"color: #035b9d;\"><strong>Tim Jehnichen<\/strong><\/span>, presidente de Munich Re, han coincidido en que existe una tendencia de aumento de la siniestralidad que endurecer\u00e1 las pol\u00edticas de renovaci\u00f3n a medio-largo plazo. Este periodo de transici\u00f3n supondr\u00e1 nuevos retos de renovaci\u00f3n -como la mejora de la cobertura del cliente- teniendo en cuenta que el mercado asegurador espa\u00f1ol es uno de los m\u00e1s competitivos de Europa.<\/p>\n<p>Tambi\u00e9n han reflexionado sobre la necesidad de\u00a0digitalizar el mercado asegurador, que se debe traducir en un aumento de beneficios.<\/p>\n<p>Por \u00faltimo, <span style=\"color: #035b9d;\"><strong>Ra\u00fal Casado<\/strong><\/span>, de la Direcci\u00f3n General de Seguros y Fondos de Pensiones, ha clausurado el evento.<\/p>\n<p>&nbsp;<\/p>\n<p><img decoding=\"async\" class=\" wp-image-5931 aligncenter\" src=\"https:\/\/www.adecose.com\/wp-content\/uploads\/2019\/10\/GB191016-0992-300x186.jpg\" alt=\"\" width=\"365\" height=\"226\" srcset=\"https:\/\/www.adecose.com\/wp-content\/uploads\/2019\/10\/GB191016-0992-300x186.jpg 300w, https:\/\/www.adecose.com\/wp-content\/uploads\/2019\/10\/GB191016-0992-1024x633.jpg 1024w, https:\/\/www.adecose.com\/wp-content\/uploads\/2019\/10\/GB191016-0992-768x475.jpg 768w, https:\/\/www.adecose.com\/wp-content\/uploads\/2019\/10\/GB191016-0992-1536x950.jpg 1536w, https:\/\/www.adecose.com\/wp-content\/uploads\/2019\/10\/GB191016-0992-2048x1267.jpg 2048w\" sizes=\"(max-width: 365px) 100vw, 365px\" \/><\/p>\n<p style=\"text-align: center;\"><span style=\"color: #000000;\"><em>Mesa redonda presidida por Mart\u00edn Navaz con los l\u00edderes de Zurich Seguros, Chubb, Allianz y Munich Re.<\/em><\/span><\/p>\n<p>Tras la <span style=\"color: #000000;\">celebraci\u00f3n del XXII Foro de Gesti\u00f3n de Corredur\u00edas<\/span> ha tenido lugar un <strong><span style=\"color: #035b9d;\">almuerzo<\/span><\/strong> en el que se ha hecho entrega de los diplomas a los 42 alumnos del\u00a0<span style=\"color: #035b9d;\"><strong>Programa de Desarrollo Directivo<\/strong><\/span>\u00a0organizado por ADECOSE en colaboraci\u00f3n con la Universidad Europea de Madrid y Arag.[\/vc_column_text][\/vc_column][\/vc_row]\n","protected":false},"excerpt":{"rendered":"<p>Sed condimentum massa in enim cursus, sed mattis elit malesuada. Lorem sapien acveh icula vestibulum, arcu magna aliquet velit. Nunc elementum mattis diam eu aliquam. Phasellus augue nulla, venenatis non hendrerit ac, volutpat sit amet sem. Donec eleifend nulla<\/p>\n","protected":false},"author":197,"featured_media":5906,"comment_status":"closed","ping_status":"open","sticky":false,"template":"","format":"standard","meta":{"_acf_changed":false,"_price":"","_stock":"","_tribe_ticket_header":"","_tribe_default_ticket_provider":"","_tribe_ticket_capacity":"0","_ticket_start_date":"","_ticket_end_date":"","_tribe_ticket_show_description":"","_tribe_ticket_show_not_going":false,"_tribe_ticket_use_global_stock":"","_tribe_ticket_global_stock_level":"","_global_stock_mode":"","_global_stock_cap":"","_tribe_rsvp_for_event":"","_tribe_ticket_going_count":"","_tribe_ticket_not_going_count":"","_tribe_tickets_list":"[]","_tribe_ticket_has_attendee_info_fields":false,"footnotes":""},"categories":[2],"tags":[],"class_list":["post-2671","post","type-post","status-publish","format-standard","has-post-thumbnail","category-noticias"],"acf":[],"yoast_head":"<!-- This site is optimized with the Yoast SEO plugin v27.2 - https:\/\/yoast.com\/product\/yoast-seo-wordpress\/ -->\n<title>ADECOSE celebra su XXII Foro de Gesti\u00f3n de Corredur\u00edas - ADECOSE<\/title>\n<meta name=\"robots\" content=\"index, follow, max-snippet:-1, max-image-preview:large, max-video-preview:-1\" \/>\n<link rel=\"canonical\" href=\"https:\/\/www.adecose.com\/adecose-celebra-su-xxii-foro-de-gestion-de-corredurias\/\" \/>\n<meta property=\"og:locale\" content=\"gl_ES\" \/>\n<meta property=\"og:type\" content=\"article\" \/>\n<meta property=\"og:title\" content=\"ADECOSE celebra su XXII Foro de Gesti\u00f3n de Corredur\u00edas - ADECOSE\" \/>\n<meta property=\"og:description\" content=\"Sed condimentum massa in enim cursus, sed mattis elit malesuada. Lorem sapien acveh icula vestibulum, arcu magna aliquet velit. Nunc elementum mattis diam eu aliquam. Phasellus augue nulla, venenatis non hendrerit ac, volutpat sit amet sem. Donec eleifend nulla\" \/>\n<meta property=\"og:url\" content=\"https:\/\/www.adecose.com\/adecose-celebra-su-xxii-foro-de-gestion-de-corredurias\/\" \/>\n<meta property=\"og:site_name\" content=\"ADECOSE\" \/>\n<meta property=\"article:published_time\" content=\"2019-10-17T06:23:38+00:00\" \/>\n<meta property=\"article:modified_time\" content=\"2020-10-27T16:42:40+00:00\" \/>\n<meta property=\"og:image\" content=\"http:\/\/themenectar.com\/demo\/salient-blog\/wp-content\/uploads\/2014\/07\/sky.jpg\" \/>\n<meta name=\"author\" content=\"Comunicaci\u00f3n ADECOSE\" \/>\n<meta name=\"twitter:card\" content=\"summary_large_image\" \/>\n<meta name=\"twitter:label1\" content=\"Escrito por\" \/>\n\t<meta name=\"twitter:data1\" content=\"Comunicaci\u00f3n ADECOSE\" \/>\n\t<meta name=\"twitter:label2\" content=\"Tempo de lectura\" \/>\n\t<meta name=\"twitter:data2\" content=\"5 minutos\" \/>\n<script type=\"application\/ld+json\" class=\"yoast-schema-graph\">{\"@context\":\"https:\/\/schema.org\",\"@graph\":[{\"@type\":\"Article\",\"@id\":\"https:\/\/www.adecose.com\/adecose-celebra-su-xxii-foro-de-gestion-de-corredurias\/#article\",\"isPartOf\":{\"@id\":\"https:\/\/www.adecose.com\/adecose-celebra-su-xxii-foro-de-gestion-de-corredurias\/\"},\"author\":{\"name\":\"Comunicaci\u00f3n ADECOSE\",\"@id\":\"https:\/\/www.adecose.com\/gl\/#\/schema\/person\/ff086ce55f6379e1d225a2c0dca5eeb6\"},\"headline\":\"ADECOSE celebra su XXII Foro de Gesti\u00f3n de Corredur\u00edas\",\"datePublished\":\"2019-10-17T06:23:38+00:00\",\"dateModified\":\"2020-10-27T16:42:40+00:00\",\"mainEntityOfPage\":{\"@id\":\"https:\/\/www.adecose.com\/adecose-celebra-su-xxii-foro-de-gestion-de-corredurias\/\"},\"wordCount\":968,\"publisher\":{\"@id\":\"https:\/\/www.adecose.com\/gl\/#organization\"},\"image\":{\"@id\":\"https:\/\/www.adecose.com\/adecose-celebra-su-xxii-foro-de-gestion-de-corredurias\/#primaryimage\"},\"thumbnailUrl\":\"https:\/\/www.adecose.com\/wp-content\/uploads\/2014\/07\/7.-Foro-Corredur\u00edas.jpg\",\"articleSection\":[\"Noticias\"],\"inLanguage\":\"gl-ES\"},{\"@type\":\"WebPage\",\"@id\":\"https:\/\/www.adecose.com\/adecose-celebra-su-xxii-foro-de-gestion-de-corredurias\/\",\"url\":\"https:\/\/www.adecose.com\/adecose-celebra-su-xxii-foro-de-gestion-de-corredurias\/\",\"name\":\"ADECOSE celebra su XXII Foro de Gesti\u00f3n de Corredur\u00edas - ADECOSE\",\"isPartOf\":{\"@id\":\"https:\/\/www.adecose.com\/gl\/#website\"},\"primaryImageOfPage\":{\"@id\":\"https:\/\/www.adecose.com\/adecose-celebra-su-xxii-foro-de-gestion-de-corredurias\/#primaryimage\"},\"image\":{\"@id\":\"https:\/\/www.adecose.com\/adecose-celebra-su-xxii-foro-de-gestion-de-corredurias\/#primaryimage\"},\"thumbnailUrl\":\"https:\/\/www.adecose.com\/wp-content\/uploads\/2014\/07\/7.-Foro-Corredur\u00edas.jpg\",\"datePublished\":\"2019-10-17T06:23:38+00:00\",\"dateModified\":\"2020-10-27T16:42:40+00:00\",\"breadcrumb\":{\"@id\":\"https:\/\/www.adecose.com\/adecose-celebra-su-xxii-foro-de-gestion-de-corredurias\/#breadcrumb\"},\"inLanguage\":\"gl-ES\",\"potentialAction\":[{\"@type\":\"ReadAction\",\"target\":[\"https:\/\/www.adecose.com\/adecose-celebra-su-xxii-foro-de-gestion-de-corredurias\/\"]}]},{\"@type\":\"ImageObject\",\"inLanguage\":\"gl-ES\",\"@id\":\"https:\/\/www.adecose.com\/adecose-celebra-su-xxii-foro-de-gestion-de-corredurias\/#primaryimage\",\"url\":\"https:\/\/www.adecose.com\/wp-content\/uploads\/2014\/07\/7.-Foro-Corredur\u00edas.jpg\",\"contentUrl\":\"https:\/\/www.adecose.com\/wp-content\/uploads\/2014\/07\/7.-Foro-Corredur\u00edas.jpg\",\"width\":1700,\"height\":1133},{\"@type\":\"BreadcrumbList\",\"@id\":\"https:\/\/www.adecose.com\/adecose-celebra-su-xxii-foro-de-gestion-de-corredurias\/#breadcrumb\",\"itemListElement\":[{\"@type\":\"ListItem\",\"position\":1,\"name\":\"Portada\",\"item\":\"https:\/\/www.adecose.com\/gl\/\"},{\"@type\":\"ListItem\",\"position\":2,\"name\":\"ADECOSE celebra su XXII Foro de Gesti\u00f3n de Corredur\u00edas\"}]},{\"@type\":\"WebSite\",\"@id\":\"https:\/\/www.adecose.com\/gl\/#website\",\"url\":\"https:\/\/www.adecose.com\/gl\/\",\"name\":\"ADECOSE\",\"description\":\"Asociaci\u00f3n Espa\u00f1ola de Corretor\u00edas de Seguros e Reaseguros\",\"publisher\":{\"@id\":\"https:\/\/www.adecose.com\/gl\/#organization\"},\"potentialAction\":[{\"@type\":\"SearchAction\",\"target\":{\"@type\":\"EntryPoint\",\"urlTemplate\":\"https:\/\/www.adecose.com\/gl\/?s={search_term_string}\"},\"query-input\":{\"@type\":\"PropertyValueSpecification\",\"valueRequired\":true,\"valueName\":\"search_term_string\"}}],\"inLanguage\":\"gl-ES\"},{\"@type\":\"Organization\",\"@id\":\"https:\/\/www.adecose.com\/gl\/#organization\",\"name\":\"ADECOSE\",\"url\":\"https:\/\/www.adecose.com\/gl\/\",\"logo\":{\"@type\":\"ImageObject\",\"inLanguage\":\"gl-ES\",\"@id\":\"https:\/\/www.adecose.com\/gl\/#\/schema\/logo\/image\/\",\"url\":\"https:\/\/www.adecose.com\/wp-content\/uploads\/2020\/07\/favicon.png\",\"contentUrl\":\"https:\/\/www.adecose.com\/wp-content\/uploads\/2020\/07\/favicon.png\",\"width\":512,\"height\":512,\"caption\":\"ADECOSE\"},\"image\":{\"@id\":\"https:\/\/www.adecose.com\/gl\/#\/schema\/logo\/image\/\"}},{\"@type\":\"Person\",\"@id\":\"https:\/\/www.adecose.com\/gl\/#\/schema\/person\/ff086ce55f6379e1d225a2c0dca5eeb6\",\"name\":\"Comunicaci\u00f3n ADECOSE\",\"image\":{\"@type\":\"ImageObject\",\"inLanguage\":\"gl-ES\",\"@id\":\"https:\/\/secure.gravatar.com\/avatar\/01cd1f9571997441bf1da6d1cc147351305f03fe8f2acf1ebbec60ebb26924ce?s=96&d=mm&r=g\",\"url\":\"https:\/\/secure.gravatar.com\/avatar\/01cd1f9571997441bf1da6d1cc147351305f03fe8f2acf1ebbec60ebb26924ce?s=96&d=mm&r=g\",\"contentUrl\":\"https:\/\/secure.gravatar.com\/avatar\/01cd1f9571997441bf1da6d1cc147351305f03fe8f2acf1ebbec60ebb26924ce?s=96&d=mm&r=g\",\"caption\":\"Comunicaci\u00f3n ADECOSE\"}}]}<\/script>\n<!-- \/ Yoast SEO plugin. -->","yoast_head_json":{"title":"ADECOSE celebra su XXII Foro de Gesti\u00f3n de Corredur\u00edas - ADECOSE","robots":{"index":"index","follow":"follow","max-snippet":"max-snippet:-1","max-image-preview":"max-image-preview:large","max-video-preview":"max-video-preview:-1"},"canonical":"https:\/\/www.adecose.com\/adecose-celebra-su-xxii-foro-de-gestion-de-corredurias\/","og_locale":"gl_ES","og_type":"article","og_title":"ADECOSE celebra su XXII Foro de Gesti\u00f3n de Corredur\u00edas - ADECOSE","og_description":"Sed condimentum massa in enim cursus, sed mattis elit malesuada. Lorem sapien acveh icula vestibulum, arcu magna aliquet velit. Nunc elementum mattis diam eu aliquam. Phasellus augue nulla, venenatis non hendrerit ac, volutpat sit amet sem. Donec eleifend nulla","og_url":"https:\/\/www.adecose.com\/adecose-celebra-su-xxii-foro-de-gestion-de-corredurias\/","og_site_name":"ADECOSE","article_published_time":"2019-10-17T06:23:38+00:00","article_modified_time":"2020-10-27T16:42:40+00:00","og_image":[{"url":"http:\/\/themenectar.com\/demo\/salient-blog\/wp-content\/uploads\/2014\/07\/sky.jpg","type":"","width":"","height":""}],"author":"Comunicaci\u00f3n ADECOSE","twitter_card":"summary_large_image","twitter_misc":{"Escrito por":"Comunicaci\u00f3n ADECOSE","Tempo de lectura":"5 minutos"},"schema":{"@context":"https:\/\/schema.org","@graph":[{"@type":"Article","@id":"https:\/\/www.adecose.com\/adecose-celebra-su-xxii-foro-de-gestion-de-corredurias\/#article","isPartOf":{"@id":"https:\/\/www.adecose.com\/adecose-celebra-su-xxii-foro-de-gestion-de-corredurias\/"},"author":{"name":"Comunicaci\u00f3n ADECOSE","@id":"https:\/\/www.adecose.com\/gl\/#\/schema\/person\/ff086ce55f6379e1d225a2c0dca5eeb6"},"headline":"ADECOSE celebra su XXII Foro de Gesti\u00f3n de Corredur\u00edas","datePublished":"2019-10-17T06:23:38+00:00","dateModified":"2020-10-27T16:42:40+00:00","mainEntityOfPage":{"@id":"https:\/\/www.adecose.com\/adecose-celebra-su-xxii-foro-de-gestion-de-corredurias\/"},"wordCount":968,"publisher":{"@id":"https:\/\/www.adecose.com\/gl\/#organization"},"image":{"@id":"https:\/\/www.adecose.com\/adecose-celebra-su-xxii-foro-de-gestion-de-corredurias\/#primaryimage"},"thumbnailUrl":"https:\/\/www.adecose.com\/wp-content\/uploads\/2014\/07\/7.-Foro-Corredur\u00edas.jpg","articleSection":["Noticias"],"inLanguage":"gl-ES"},{"@type":"WebPage","@id":"https:\/\/www.adecose.com\/adecose-celebra-su-xxii-foro-de-gestion-de-corredurias\/","url":"https:\/\/www.adecose.com\/adecose-celebra-su-xxii-foro-de-gestion-de-corredurias\/","name":"ADECOSE celebra su XXII Foro de Gesti\u00f3n de Corredur\u00edas - ADECOSE","isPartOf":{"@id":"https:\/\/www.adecose.com\/gl\/#website"},"primaryImageOfPage":{"@id":"https:\/\/www.adecose.com\/adecose-celebra-su-xxii-foro-de-gestion-de-corredurias\/#primaryimage"},"image":{"@id":"https:\/\/www.adecose.com\/adecose-celebra-su-xxii-foro-de-gestion-de-corredurias\/#primaryimage"},"thumbnailUrl":"https:\/\/www.adecose.com\/wp-content\/uploads\/2014\/07\/7.-Foro-Corredur\u00edas.jpg","datePublished":"2019-10-17T06:23:38+00:00","dateModified":"2020-10-27T16:42:40+00:00","breadcrumb":{"@id":"https:\/\/www.adecose.com\/adecose-celebra-su-xxii-foro-de-gestion-de-corredurias\/#breadcrumb"},"inLanguage":"gl-ES","potentialAction":[{"@type":"ReadAction","target":["https:\/\/www.adecose.com\/adecose-celebra-su-xxii-foro-de-gestion-de-corredurias\/"]}]},{"@type":"ImageObject","inLanguage":"gl-ES","@id":"https:\/\/www.adecose.com\/adecose-celebra-su-xxii-foro-de-gestion-de-corredurias\/#primaryimage","url":"https:\/\/www.adecose.com\/wp-content\/uploads\/2014\/07\/7.-Foro-Corredur\u00edas.jpg","contentUrl":"https:\/\/www.adecose.com\/wp-content\/uploads\/2014\/07\/7.-Foro-Corredur\u00edas.jpg","width":1700,"height":1133},{"@type":"BreadcrumbList","@id":"https:\/\/www.adecose.com\/adecose-celebra-su-xxii-foro-de-gestion-de-corredurias\/#breadcrumb","itemListElement":[{"@type":"ListItem","position":1,"name":"Portada","item":"https:\/\/www.adecose.com\/gl\/"},{"@type":"ListItem","position":2,"name":"ADECOSE celebra su XXII Foro de Gesti\u00f3n de Corredur\u00edas"}]},{"@type":"WebSite","@id":"https:\/\/www.adecose.com\/gl\/#website","url":"https:\/\/www.adecose.com\/gl\/","name":"ADECOSE","description":"Asociaci\u00f3n Espa\u00f1ola de Corretor\u00edas de Seguros e Reaseguros","publisher":{"@id":"https:\/\/www.adecose.com\/gl\/#organization"},"potentialAction":[{"@type":"SearchAction","target":{"@type":"EntryPoint","urlTemplate":"https:\/\/www.adecose.com\/gl\/?s={search_term_string}"},"query-input":{"@type":"PropertyValueSpecification","valueRequired":true,"valueName":"search_term_string"}}],"inLanguage":"gl-ES"},{"@type":"Organization","@id":"https:\/\/www.adecose.com\/gl\/#organization","name":"ADECOSE","url":"https:\/\/www.adecose.com\/gl\/","logo":{"@type":"ImageObject","inLanguage":"gl-ES","@id":"https:\/\/www.adecose.com\/gl\/#\/schema\/logo\/image\/","url":"https:\/\/www.adecose.com\/wp-content\/uploads\/2020\/07\/favicon.png","contentUrl":"https:\/\/www.adecose.com\/wp-content\/uploads\/2020\/07\/favicon.png","width":512,"height":512,"caption":"ADECOSE"},"image":{"@id":"https:\/\/www.adecose.com\/gl\/#\/schema\/logo\/image\/"}},{"@type":"Person","@id":"https:\/\/www.adecose.com\/gl\/#\/schema\/person\/ff086ce55f6379e1d225a2c0dca5eeb6","name":"Comunicaci\u00f3n ADECOSE","image":{"@type":"ImageObject","inLanguage":"gl-ES","@id":"https:\/\/secure.gravatar.com\/avatar\/01cd1f9571997441bf1da6d1cc147351305f03fe8f2acf1ebbec60ebb26924ce?s=96&d=mm&r=g","url":"https:\/\/secure.gravatar.com\/avatar\/01cd1f9571997441bf1da6d1cc147351305f03fe8f2acf1ebbec60ebb26924ce?s=96&d=mm&r=g","contentUrl":"https:\/\/secure.gravatar.com\/avatar\/01cd1f9571997441bf1da6d1cc147351305f03fe8f2acf1ebbec60ebb26924ce?s=96&d=mm&r=g","caption":"Comunicaci\u00f3n ADECOSE"}}]}},"_links":{"self":[{"href":"https:\/\/www.adecose.com\/gl\/wp-json\/wp\/v2\/posts\/2671","targetHints":{"allow":["GET"]}}],"collection":[{"href":"https:\/\/www.adecose.com\/gl\/wp-json\/wp\/v2\/posts"}],"about":[{"href":"https:\/\/www.adecose.com\/gl\/wp-json\/wp\/v2\/types\/post"}],"author":[{"embeddable":true,"href":"https:\/\/www.adecose.com\/gl\/wp-json\/wp\/v2\/users\/197"}],"replies":[{"embeddable":true,"href":"https:\/\/www.adecose.com\/gl\/wp-json\/wp\/v2\/comments?post=2671"}],"version-history":[{"count":0,"href":"https:\/\/www.adecose.com\/gl\/wp-json\/wp\/v2\/posts\/2671\/revisions"}],"wp:featuredmedia":[{"embeddable":true,"href":"https:\/\/www.adecose.com\/gl\/wp-json\/wp\/v2\/media\/5906"}],"wp:attachment":[{"href":"https:\/\/www.adecose.com\/gl\/wp-json\/wp\/v2\/media?parent=2671"}],"wp:term":[{"taxonomy":"category","embeddable":true,"href":"https:\/\/www.adecose.com\/gl\/wp-json\/wp\/v2\/categories?post=2671"},{"taxonomy":"post_tag","embeddable":true,"href":"https:\/\/www.adecose.com\/gl\/wp-json\/wp\/v2\/tags?post=2671"}],"curies":[{"name":"wp","href":"https:\/\/api.w.org\/{rel}","templated":true}]}}