{"id":222,"date":"2020-06-29T17:20:09","date_gmt":"2020-06-29T17:20:09","guid":{"rendered":"http:\/\/themenectar.com\/demo\/salient\/?p=110"},"modified":"2020-10-27T18:42:39","modified_gmt":"2020-10-27T16:42:39","slug":"adecose-celebra-su-asamblea-general-ordinaria-de-forma-telematica","status":"publish","type":"post","link":"https:\/\/www.adecose.com\/gl\/adecose-celebra-su-asamblea-general-ordinaria-de-forma-telematica\/","title":{"rendered":"ADECOSE celebra su Asamblea General Ordinaria de forma telem\u00e1tica"},"content":{"rendered":"[vc_row type=&#8221;in_container&#8221; full_screen_row_position=&#8221;middle&#8221; column_margin=&#8221;default&#8221; column_direction=&#8221;default&#8221; column_direction_tablet=&#8221;default&#8221; column_direction_phone=&#8221;default&#8221; scene_position=&#8221;center&#8221; top_padding=&#8221;30&#8243; text_color=&#8221;dark&#8221; text_align=&#8221;left&#8221; row_border_radius=&#8221;none&#8221; row_border_radius_applies=&#8221;bg&#8221; overlay_strength=&#8221;0.3&#8243; gradient_direction=&#8221;left_to_right&#8221; shape_divider_position=&#8221;bottom&#8221; bg_image_animation=&#8221;none&#8221; shape_type=&#8221;&#8221;][vc_column column_padding=&#8221;no-extra-padding&#8221; column_padding_tablet=&#8221;inherit&#8221; column_padding_phone=&#8221;inherit&#8221; column_padding_position=&#8221;all&#8221; background_color_opacity=&#8221;1&#8243; background_hover_color_opacity=&#8221;1&#8243; column_shadow=&#8221;none&#8221; column_border_radius=&#8221;none&#8221; column_link_target=&#8221;_self&#8221; gradient_direction=&#8221;left_to_right&#8221; overlay_strength=&#8221;0.3&#8243; width=&#8221;1\/1&#8243; tablet_width_inherit=&#8221;default&#8221; tablet_text_alignment=&#8221;default&#8221; phone_text_alignment=&#8221;default&#8221; column_border_width=&#8221;none&#8221; column_border_style=&#8221;solid&#8221; bg_image_animation=&#8221;none&#8221;][vc_column_text]\n<ul>\n<li>ADECOSE ha celebrado telem\u00e1ticamente su Asamblea General con una participaci\u00f3n de m\u00e1s del 60% de los representantes de las corredur\u00edas asociadas.<\/li>\n<li>Las corredur\u00edas han dado su visto bueno, entre otros puntos, a la integraci\u00f3n de ASECORE en ADECOSE y a los nuevos Estatutos.<\/li>\n<\/ul>\n<p>&nbsp;<\/p>\n<p><span lang=\"ES-TRAD\">ADECOSE ha celebrado el d\u00eda 23 de junio su <strong><span style=\"color: #0661a1;\">Asamblea General Ordinaria<\/span> <\/strong>por primera vez de forma telem\u00e1tica, en el contexto de la crisis de la COVID-19, que ha contado con una participaci\u00f3n de m\u00e1s del 60% de los representantes de las corredur\u00edas asociadas. Durante la Asamblea se han ratificado y aprobado todos los puntos del orden del d\u00eda, entre los que destacan\u00a0la integraci\u00f3n de la Asociaci\u00f3n Espa\u00f1ola de las Corredur\u00edas de Reaseguro (<strong><span style=\"color: #0661a1;\">ASECORE<\/span><\/strong>) en ADECOSE, los nuevos Estatutos, el cambio de domicilio de la Asociaci\u00f3n a la calle de Recoletos, 11, 1\u00aa planta de Madrid; las cuentas del a\u00f1o 2019 y el presupuesto del ejercicio 2020.<\/span><\/p>\n<p><span lang=\"ES-TRAD\">Mart\u00edn Navaz inaugur\u00f3 la Asamblea General agradeciendo a las corredur\u00edas su buena respuesta durante el Estado de Alarma, adapt\u00e1ndose al teletrabajo y ofreciendo un servicio \u00f3ptimo y cercano al cliente.<\/span><\/p>\n<p><span lang=\"ES-TRAD\">Navaz aludi\u00f3 en su discurso a los acontecimientos m\u00e1s importantes de la Asociaci\u00f3n en el \u00faltimo a\u00f1o, destacando la labor de ADECOSE en materia de regulaci\u00f3n, tanto en la Ley Hipotecaria, como en el Proyecto de Ley de medidas urgentes en el que se est\u00e1n planteando enmiendas al texto Real Decreto-Ley 3\/2020, de 4 de febrero de distribuci\u00f3n de seguros; as\u00ed como a la importante interlocuci\u00f3n mantenida con los Grupos pol\u00edticos, el Banco de Espa\u00f1a, la Direcci\u00f3n General del Tesoro, la Junta Consultiva de Seguros, la DGFSP o Unespa.<\/span><\/p>\n<p><span lang=\"ES-TRAD\">El presidente de ADECOSE tambi\u00e9n hizo referencia a iniciativas fundamentales de la Asociaci\u00f3n como la <span style=\"color: #000000;\">adaptaci\u00f3n de la documentaci\u00f3n<\/span> a la <strong><span style=\"color: #0661a1;\">nueva normativa de distribuci\u00f3n de seguros<\/span><\/strong>, el seguimiento y adaptaci\u00f3n del modelo de las Cartas de Condiciones, la Gu\u00eda Regulatoria, la Gu\u00eda de Siniestros, el Programa de Desarrollo Directivo, el Grupo de trabajo sobre los efectos de la COVID-19 en el sector o los\u00a0webinars, y a proyectos en los que participa -y es uno de los m\u00e1ximos impulsores- como el EIAC o la Gu\u00eda de buenas pr\u00e1cticas sobre el tratamiento de los datos de los tomadores de los corredores.<\/span><span lang=\"ES-TRAD\">\u00a0<\/span><\/p>\n<p><span lang=\"ES-TRAD\">Por \u00faltimo, tras dar la bienvenida a las 21 corredur\u00edas adheridas a la Asociaci\u00f3n en el \u00faltimo a\u00f1o, destac\u00f3 especialmente la presencia de ADECOSE en el \u00e1mbito internacional, gracias a la presidencia \u2013 reci\u00e9n renovada- que ostenta J<strong><span style=\"color: #0661a1;\">uan Ram\u00f3n Pl\u00e1 en Bipar.<\/span><\/strong> Mart\u00edn Navaz considera que \u201cesta presidencia es un elemento clave que nos posiciona al m\u00e1s alto nivel y abre un canal de comunicaci\u00f3n important\u00edsimo con los\u00a0stakeholders\u00a0europeos\u201d, y felicit\u00f3 a Pl\u00e1 por este cargo \u201cfruto de su esfuerzo y dedicaci\u00f3n\u201d.<\/span><\/p>\n<p><span lang=\"ES-TRAD\">Posteriormente, Borja L\u00f3pez-Chicheri present\u00f3 la Memoria anual e hizo un repaso de las iniciativas y acontecimientos m\u00e1s destacados de la Asociaci\u00f3n en el \u00faltimo a\u00f1o. Por su parte, Juan Ram\u00f3n Pl\u00e1, como tesorero,\u00a0<\/span><span lang=\"ES-TRAD\">present\u00f3 las cuentas anuales de 2019 debidamente auditadas por una empresa externa y el presupuesto para 2020, que fueron aprobados por los socios.<\/span><\/p>\n<p><span lang=\"ES-TRAD\">Finalmente, como es habitual, Sergio \u00c1lvarez, Director General de la DGFSP, clausur\u00f3 la Asamblea repasando cuestiones de actualidad, como la normativa de distribuci\u00f3n de seguros y los efectos de la Covid-19 en el sector asegurador, felicit\u00f3 a ADECOSE por su gesti\u00f3n y agradeci\u00f3 la interlocuci\u00f3n fluida con la DGFSP aportando propuestas rigurosas y de valor en beneficio del sector.<\/span>[\/vc_column_text][\/vc_column][\/vc_row][vc_row type=&#8221;in_container&#8221; full_screen_row_position=&#8221;middle&#8221; column_margin=&#8221;default&#8221; column_direction=&#8221;default&#8221; column_direction_tablet=&#8221;default&#8221; column_direction_phone=&#8221;default&#8221; scene_position=&#8221;center&#8221; text_color=&#8221;dark&#8221; text_align=&#8221;left&#8221; row_border_radius=&#8221;none&#8221; row_border_radius_applies=&#8221;bg&#8221; overlay_strength=&#8221;0.3&#8243; gradient_direction=&#8221;left_to_right&#8221; shape_divider_position=&#8221;bottom&#8221; bg_image_animation=&#8221;none&#8221;][vc_column column_padding=&#8221;no-extra-padding&#8221; column_padding_tablet=&#8221;inherit&#8221; column_padding_phone=&#8221;inherit&#8221; column_padding_position=&#8221;all&#8221; background_color_opacity=&#8221;1&#8243; background_hover_color_opacity=&#8221;1&#8243; column_shadow=&#8221;none&#8221; column_border_radius=&#8221;none&#8221; column_link_target=&#8221;_self&#8221; gradient_direction=&#8221;left_to_right&#8221; overlay_strength=&#8221;0.3&#8243; width=&#8221;1\/1&#8243; tablet_width_inherit=&#8221;default&#8221; tablet_text_alignment=&#8221;default&#8221; phone_text_alignment=&#8221;default&#8221; column_border_width=&#8221;none&#8221; column_border_style=&#8221;solid&#8221; bg_image_animation=&#8221;none&#8221;][nectar_single_testimonial testimonial_style=&#8221;bold&#8221; text_color=&#8221;#045b9c&#8221; color=&#8221;Default&#8221; quote=&#8221;La presidencia de Juan Ram\u00f3n Pl\u00e1 en BIPAR es un elemento clave que nos posiciona al m\u00e1s alto nivel y abre un canal de comunicaci\u00f3n important\u00edsimo con los\u00a0stakeholders\u00a0europeos.&#8221; name=&#8221;Mart\u00edn Navaz&#8221; subtitle=&#8221;Presidente de ADECOSE&#8221;][\/vc_column][\/vc_row]\n","protected":false},"excerpt":{"rendered":"<p>[vc_row type=&#8221;in_container&#8221; full_screen_row_position=&#8221;middle&#8221; column_margin=&#8221;default&#8221; column_direction=&#8221;default&#8221; column_direction_tablet=&#8221;default&#8221; column_direction_phone=&#8221;default&#8221; scene_position=&#8221;center&#8221; top_padding=&#8221;30&#8243; text_color=&#8221;dark&#8221; text_align=&#8221;left&#8221; row_border_radius=&#8221;none&#8221; row_border_radius_applies=&#8221;bg&#8221; overlay_strength=&#8221;0.3&#8243; gradient_direction=&#8221;left_to_right&#8221; shape_divider_position=&#8221;bottom&#8221; bg_image_animation=&#8221;none&#8221; shape_type=&#8221;&#8221;][vc_column column_padding=&#8221;no-extra-padding&#8221; column_padding_tablet=&#8221;inherit&#8221; column_padding_phone=&#8221;inherit&#8221; column_padding_position=&#8221;all&#8221; background_color_opacity=&#8221;1&#8243; background_hover_color_opacity=&#8221;1&#8243; column_shadow=&#8221;none&#8221;&#8230;<\/p>\n","protected":false},"author":197,"featured_media":5910,"comment_status":"closed","ping_status":"closed","sticky":false,"template":"","format":"standard","meta":{"_acf_changed":false,"_price":"","_stock":"","_tribe_ticket_header":"","_tribe_default_ticket_provider":"","_tribe_ticket_capacity":"0","_ticket_start_date":"","_ticket_end_date":"","_tribe_ticket_show_description":"","_tribe_ticket_show_not_going":false,"_tribe_ticket_use_global_stock":"","_tribe_ticket_global_stock_level":"","_global_stock_mode":"","_global_stock_cap":"","_tribe_rsvp_for_event":"","_tribe_ticket_going_count":"","_tribe_ticket_not_going_count":"","_tribe_tickets_list":"[]","_tribe_ticket_has_attendee_info_fields":false,"footnotes":""},"categories":[2],"tags":[],"class_list":["post-222","post","type-post","status-publish","format-standard","has-post-thumbnail","category-noticias"],"acf":[],"yoast_head":"<!-- This site is optimized with the Yoast SEO plugin v27.2 - https:\/\/yoast.com\/product\/yoast-seo-wordpress\/ -->\n<title>ADECOSE celebra su Asamblea General Ordinaria de forma telem\u00e1tica - ADECOSE<\/title>\n<meta name=\"robots\" content=\"index, follow, max-snippet:-1, max-image-preview:large, max-video-preview:-1\" \/>\n<link rel=\"canonical\" href=\"https:\/\/www.adecose.com\/adecose-celebra-su-asamblea-general-ordinaria-de-forma-telematica\/\" \/>\n<meta property=\"og:locale\" content=\"gl_ES\" \/>\n<meta property=\"og:type\" content=\"article\" \/>\n<meta property=\"og:title\" content=\"ADECOSE celebra su Asamblea General Ordinaria de forma telem\u00e1tica - ADECOSE\" \/>\n<meta property=\"og:description\" content=\"Nulla sed mi leo, sit amet molestie nulla. Phasellus lobortis blandit ipsum, at adipiscing eros porta quis. Phasellus in nisi ipsum, quis dapibus magna\" \/>\n<meta property=\"og:url\" content=\"https:\/\/www.adecose.com\/adecose-celebra-su-asamblea-general-ordinaria-de-forma-telematica\/\" \/>\n<meta property=\"og:site_name\" content=\"ADECOSE\" \/>\n<meta property=\"article:published_time\" content=\"2020-06-29T17:20:09+00:00\" \/>\n<meta property=\"article:modified_time\" content=\"2020-10-27T16:42:39+00:00\" \/>\n<meta property=\"og:image\" content=\"http:\/\/themenectar.com\/demo\/salient-blog\/wp-content\/uploads\/2013\/03\/tumblr_n6rzpcsMk41st5lhmo1_12802.jpg\" \/>\n<meta name=\"author\" content=\"Comunicaci\u00f3n ADECOSE\" \/>\n<meta name=\"twitter:card\" content=\"summary_large_image\" \/>\n<meta name=\"twitter:label1\" content=\"Escrito por\" \/>\n\t<meta name=\"twitter:data1\" content=\"Comunicaci\u00f3n ADECOSE\" \/>\n\t<meta name=\"twitter:label2\" content=\"Tempo de lectura\" \/>\n\t<meta name=\"twitter:data2\" content=\"5 minutos\" \/>\n<script type=\"application\/ld+json\" class=\"yoast-schema-graph\">{\"@context\":\"https:\/\/schema.org\",\"@graph\":[{\"@type\":\"Article\",\"@id\":\"https:\/\/www.adecose.com\/adecose-celebra-su-asamblea-general-ordinaria-de-forma-telematica\/#article\",\"isPartOf\":{\"@id\":\"https:\/\/www.adecose.com\/adecose-celebra-su-asamblea-general-ordinaria-de-forma-telematica\/\"},\"author\":{\"name\":\"Comunicaci\u00f3n ADECOSE\",\"@id\":\"https:\/\/www.adecose.com\/gl\/#\/schema\/person\/ff086ce55f6379e1d225a2c0dca5eeb6\"},\"headline\":\"ADECOSE celebra su Asamblea General Ordinaria de forma telem\u00e1tica\",\"datePublished\":\"2020-06-29T17:20:09+00:00\",\"dateModified\":\"2020-10-27T16:42:39+00:00\",\"mainEntityOfPage\":{\"@id\":\"https:\/\/www.adecose.com\/adecose-celebra-su-asamblea-general-ordinaria-de-forma-telematica\/\"},\"wordCount\":949,\"publisher\":{\"@id\":\"https:\/\/www.adecose.com\/gl\/#organization\"},\"image\":{\"@id\":\"https:\/\/www.adecose.com\/adecose-celebra-su-asamblea-general-ordinaria-de-forma-telematica\/#primaryimage\"},\"thumbnailUrl\":\"https:\/\/www.adecose.com\/wp-content\/uploads\/2014\/07\/4.-Asamblea-General.jpg\",\"articleSection\":[\"Noticias\"],\"inLanguage\":\"gl-ES\"},{\"@type\":\"WebPage\",\"@id\":\"https:\/\/www.adecose.com\/adecose-celebra-su-asamblea-general-ordinaria-de-forma-telematica\/\",\"url\":\"https:\/\/www.adecose.com\/adecose-celebra-su-asamblea-general-ordinaria-de-forma-telematica\/\",\"name\":\"ADECOSE celebra su Asamblea General Ordinaria de forma telem\u00e1tica - ADECOSE\",\"isPartOf\":{\"@id\":\"https:\/\/www.adecose.com\/gl\/#website\"},\"primaryImageOfPage\":{\"@id\":\"https:\/\/www.adecose.com\/adecose-celebra-su-asamblea-general-ordinaria-de-forma-telematica\/#primaryimage\"},\"image\":{\"@id\":\"https:\/\/www.adecose.com\/adecose-celebra-su-asamblea-general-ordinaria-de-forma-telematica\/#primaryimage\"},\"thumbnailUrl\":\"https:\/\/www.adecose.com\/wp-content\/uploads\/2014\/07\/4.-Asamblea-General.jpg\",\"datePublished\":\"2020-06-29T17:20:09+00:00\",\"dateModified\":\"2020-10-27T16:42:39+00:00\",\"breadcrumb\":{\"@id\":\"https:\/\/www.adecose.com\/adecose-celebra-su-asamblea-general-ordinaria-de-forma-telematica\/#breadcrumb\"},\"inLanguage\":\"gl-ES\",\"potentialAction\":[{\"@type\":\"ReadAction\",\"target\":[\"https:\/\/www.adecose.com\/adecose-celebra-su-asamblea-general-ordinaria-de-forma-telematica\/\"]}]},{\"@type\":\"ImageObject\",\"inLanguage\":\"gl-ES\",\"@id\":\"https:\/\/www.adecose.com\/adecose-celebra-su-asamblea-general-ordinaria-de-forma-telematica\/#primaryimage\",\"url\":\"https:\/\/www.adecose.com\/wp-content\/uploads\/2014\/07\/4.-Asamblea-General.jpg\",\"contentUrl\":\"https:\/\/www.adecose.com\/wp-content\/uploads\/2014\/07\/4.-Asamblea-General.jpg\",\"width\":1700,\"height\":1134},{\"@type\":\"BreadcrumbList\",\"@id\":\"https:\/\/www.adecose.com\/adecose-celebra-su-asamblea-general-ordinaria-de-forma-telematica\/#breadcrumb\",\"itemListElement\":[{\"@type\":\"ListItem\",\"position\":1,\"name\":\"Portada\",\"item\":\"https:\/\/www.adecose.com\/gl\/\"},{\"@type\":\"ListItem\",\"position\":2,\"name\":\"ADECOSE celebra su Asamblea General Ordinaria de forma telem\u00e1tica\"}]},{\"@type\":\"WebSite\",\"@id\":\"https:\/\/www.adecose.com\/gl\/#website\",\"url\":\"https:\/\/www.adecose.com\/gl\/\",\"name\":\"ADECOSE\",\"description\":\"Asociaci\u00f3n Espa\u00f1ola de Corretor\u00edas de Seguros e Reaseguros\",\"publisher\":{\"@id\":\"https:\/\/www.adecose.com\/gl\/#organization\"},\"potentialAction\":[{\"@type\":\"SearchAction\",\"target\":{\"@type\":\"EntryPoint\",\"urlTemplate\":\"https:\/\/www.adecose.com\/gl\/?s={search_term_string}\"},\"query-input\":{\"@type\":\"PropertyValueSpecification\",\"valueRequired\":true,\"valueName\":\"search_term_string\"}}],\"inLanguage\":\"gl-ES\"},{\"@type\":\"Organization\",\"@id\":\"https:\/\/www.adecose.com\/gl\/#organization\",\"name\":\"ADECOSE\",\"url\":\"https:\/\/www.adecose.com\/gl\/\",\"logo\":{\"@type\":\"ImageObject\",\"inLanguage\":\"gl-ES\",\"@id\":\"https:\/\/www.adecose.com\/gl\/#\/schema\/logo\/image\/\",\"url\":\"https:\/\/www.adecose.com\/wp-content\/uploads\/2020\/07\/favicon.png\",\"contentUrl\":\"https:\/\/www.adecose.com\/wp-content\/uploads\/2020\/07\/favicon.png\",\"width\":512,\"height\":512,\"caption\":\"ADECOSE\"},\"image\":{\"@id\":\"https:\/\/www.adecose.com\/gl\/#\/schema\/logo\/image\/\"}},{\"@type\":\"Person\",\"@id\":\"https:\/\/www.adecose.com\/gl\/#\/schema\/person\/ff086ce55f6379e1d225a2c0dca5eeb6\",\"name\":\"Comunicaci\u00f3n ADECOSE\",\"image\":{\"@type\":\"ImageObject\",\"inLanguage\":\"gl-ES\",\"@id\":\"https:\/\/secure.gravatar.com\/avatar\/01cd1f9571997441bf1da6d1cc147351305f03fe8f2acf1ebbec60ebb26924ce?s=96&d=mm&r=g\",\"url\":\"https:\/\/secure.gravatar.com\/avatar\/01cd1f9571997441bf1da6d1cc147351305f03fe8f2acf1ebbec60ebb26924ce?s=96&d=mm&r=g\",\"contentUrl\":\"https:\/\/secure.gravatar.com\/avatar\/01cd1f9571997441bf1da6d1cc147351305f03fe8f2acf1ebbec60ebb26924ce?s=96&d=mm&r=g\",\"caption\":\"Comunicaci\u00f3n ADECOSE\"}}]}<\/script>\n<!-- \/ Yoast SEO plugin. -->","yoast_head_json":{"title":"ADECOSE celebra su Asamblea General Ordinaria de forma telem\u00e1tica - ADECOSE","robots":{"index":"index","follow":"follow","max-snippet":"max-snippet:-1","max-image-preview":"max-image-preview:large","max-video-preview":"max-video-preview:-1"},"canonical":"https:\/\/www.adecose.com\/adecose-celebra-su-asamblea-general-ordinaria-de-forma-telematica\/","og_locale":"gl_ES","og_type":"article","og_title":"ADECOSE celebra su Asamblea General Ordinaria de forma telem\u00e1tica - ADECOSE","og_description":"Nulla sed mi leo, sit amet molestie nulla. Phasellus lobortis blandit ipsum, at adipiscing eros porta quis. Phasellus in nisi ipsum, quis dapibus magna","og_url":"https:\/\/www.adecose.com\/adecose-celebra-su-asamblea-general-ordinaria-de-forma-telematica\/","og_site_name":"ADECOSE","article_published_time":"2020-06-29T17:20:09+00:00","article_modified_time":"2020-10-27T16:42:39+00:00","og_image":[{"url":"http:\/\/themenectar.com\/demo\/salient-blog\/wp-content\/uploads\/2013\/03\/tumblr_n6rzpcsMk41st5lhmo1_12802.jpg","type":"","width":"","height":""}],"author":"Comunicaci\u00f3n ADECOSE","twitter_card":"summary_large_image","twitter_misc":{"Escrito por":"Comunicaci\u00f3n ADECOSE","Tempo de lectura":"5 minutos"},"schema":{"@context":"https:\/\/schema.org","@graph":[{"@type":"Article","@id":"https:\/\/www.adecose.com\/adecose-celebra-su-asamblea-general-ordinaria-de-forma-telematica\/#article","isPartOf":{"@id":"https:\/\/www.adecose.com\/adecose-celebra-su-asamblea-general-ordinaria-de-forma-telematica\/"},"author":{"name":"Comunicaci\u00f3n ADECOSE","@id":"https:\/\/www.adecose.com\/gl\/#\/schema\/person\/ff086ce55f6379e1d225a2c0dca5eeb6"},"headline":"ADECOSE celebra su Asamblea General Ordinaria de forma telem\u00e1tica","datePublished":"2020-06-29T17:20:09+00:00","dateModified":"2020-10-27T16:42:39+00:00","mainEntityOfPage":{"@id":"https:\/\/www.adecose.com\/adecose-celebra-su-asamblea-general-ordinaria-de-forma-telematica\/"},"wordCount":949,"publisher":{"@id":"https:\/\/www.adecose.com\/gl\/#organization"},"image":{"@id":"https:\/\/www.adecose.com\/adecose-celebra-su-asamblea-general-ordinaria-de-forma-telematica\/#primaryimage"},"thumbnailUrl":"https:\/\/www.adecose.com\/wp-content\/uploads\/2014\/07\/4.-Asamblea-General.jpg","articleSection":["Noticias"],"inLanguage":"gl-ES"},{"@type":"WebPage","@id":"https:\/\/www.adecose.com\/adecose-celebra-su-asamblea-general-ordinaria-de-forma-telematica\/","url":"https:\/\/www.adecose.com\/adecose-celebra-su-asamblea-general-ordinaria-de-forma-telematica\/","name":"ADECOSE celebra su Asamblea General Ordinaria de forma telem\u00e1tica - ADECOSE","isPartOf":{"@id":"https:\/\/www.adecose.com\/gl\/#website"},"primaryImageOfPage":{"@id":"https:\/\/www.adecose.com\/adecose-celebra-su-asamblea-general-ordinaria-de-forma-telematica\/#primaryimage"},"image":{"@id":"https:\/\/www.adecose.com\/adecose-celebra-su-asamblea-general-ordinaria-de-forma-telematica\/#primaryimage"},"thumbnailUrl":"https:\/\/www.adecose.com\/wp-content\/uploads\/2014\/07\/4.-Asamblea-General.jpg","datePublished":"2020-06-29T17:20:09+00:00","dateModified":"2020-10-27T16:42:39+00:00","breadcrumb":{"@id":"https:\/\/www.adecose.com\/adecose-celebra-su-asamblea-general-ordinaria-de-forma-telematica\/#breadcrumb"},"inLanguage":"gl-ES","potentialAction":[{"@type":"ReadAction","target":["https:\/\/www.adecose.com\/adecose-celebra-su-asamblea-general-ordinaria-de-forma-telematica\/"]}]},{"@type":"ImageObject","inLanguage":"gl-ES","@id":"https:\/\/www.adecose.com\/adecose-celebra-su-asamblea-general-ordinaria-de-forma-telematica\/#primaryimage","url":"https:\/\/www.adecose.com\/wp-content\/uploads\/2014\/07\/4.-Asamblea-General.jpg","contentUrl":"https:\/\/www.adecose.com\/wp-content\/uploads\/2014\/07\/4.-Asamblea-General.jpg","width":1700,"height":1134},{"@type":"BreadcrumbList","@id":"https:\/\/www.adecose.com\/adecose-celebra-su-asamblea-general-ordinaria-de-forma-telematica\/#breadcrumb","itemListElement":[{"@type":"ListItem","position":1,"name":"Portada","item":"https:\/\/www.adecose.com\/gl\/"},{"@type":"ListItem","position":2,"name":"ADECOSE celebra su Asamblea General Ordinaria de forma telem\u00e1tica"}]},{"@type":"WebSite","@id":"https:\/\/www.adecose.com\/gl\/#website","url":"https:\/\/www.adecose.com\/gl\/","name":"ADECOSE","description":"Asociaci\u00f3n Espa\u00f1ola de Corretor\u00edas de Seguros e Reaseguros","publisher":{"@id":"https:\/\/www.adecose.com\/gl\/#organization"},"potentialAction":[{"@type":"SearchAction","target":{"@type":"EntryPoint","urlTemplate":"https:\/\/www.adecose.com\/gl\/?s={search_term_string}"},"query-input":{"@type":"PropertyValueSpecification","valueRequired":true,"valueName":"search_term_string"}}],"inLanguage":"gl-ES"},{"@type":"Organization","@id":"https:\/\/www.adecose.com\/gl\/#organization","name":"ADECOSE","url":"https:\/\/www.adecose.com\/gl\/","logo":{"@type":"ImageObject","inLanguage":"gl-ES","@id":"https:\/\/www.adecose.com\/gl\/#\/schema\/logo\/image\/","url":"https:\/\/www.adecose.com\/wp-content\/uploads\/2020\/07\/favicon.png","contentUrl":"https:\/\/www.adecose.com\/wp-content\/uploads\/2020\/07\/favicon.png","width":512,"height":512,"caption":"ADECOSE"},"image":{"@id":"https:\/\/www.adecose.com\/gl\/#\/schema\/logo\/image\/"}},{"@type":"Person","@id":"https:\/\/www.adecose.com\/gl\/#\/schema\/person\/ff086ce55f6379e1d225a2c0dca5eeb6","name":"Comunicaci\u00f3n ADECOSE","image":{"@type":"ImageObject","inLanguage":"gl-ES","@id":"https:\/\/secure.gravatar.com\/avatar\/01cd1f9571997441bf1da6d1cc147351305f03fe8f2acf1ebbec60ebb26924ce?s=96&d=mm&r=g","url":"https:\/\/secure.gravatar.com\/avatar\/01cd1f9571997441bf1da6d1cc147351305f03fe8f2acf1ebbec60ebb26924ce?s=96&d=mm&r=g","contentUrl":"https:\/\/secure.gravatar.com\/avatar\/01cd1f9571997441bf1da6d1cc147351305f03fe8f2acf1ebbec60ebb26924ce?s=96&d=mm&r=g","caption":"Comunicaci\u00f3n ADECOSE"}}]}},"_links":{"self":[{"href":"https:\/\/www.adecose.com\/gl\/wp-json\/wp\/v2\/posts\/222","targetHints":{"allow":["GET"]}}],"collection":[{"href":"https:\/\/www.adecose.com\/gl\/wp-json\/wp\/v2\/posts"}],"about":[{"href":"https:\/\/www.adecose.com\/gl\/wp-json\/wp\/v2\/types\/post"}],"author":[{"embeddable":true,"href":"https:\/\/www.adecose.com\/gl\/wp-json\/wp\/v2\/users\/197"}],"replies":[{"embeddable":true,"href":"https:\/\/www.adecose.com\/gl\/wp-json\/wp\/v2\/comments?post=222"}],"version-history":[{"count":0,"href":"https:\/\/www.adecose.com\/gl\/wp-json\/wp\/v2\/posts\/222\/revisions"}],"wp:featuredmedia":[{"embeddable":true,"href":"https:\/\/www.adecose.com\/gl\/wp-json\/wp\/v2\/media\/5910"}],"wp:attachment":[{"href":"https:\/\/www.adecose.com\/gl\/wp-json\/wp\/v2\/media?parent=222"}],"wp:term":[{"taxonomy":"category","embeddable":true,"href":"https:\/\/www.adecose.com\/gl\/wp-json\/wp\/v2\/categories?post=222"},{"taxonomy":"post_tag","embeddable":true,"href":"https:\/\/www.adecose.com\/gl\/wp-json\/wp\/v2\/tags?post=222"}],"curies":[{"name":"wp","href":"https:\/\/api.w.org\/{rel}","templated":true}]}}