{"id":19568,"date":"2025-07-22T08:55:38","date_gmt":"2025-07-22T06:55:38","guid":{"rendered":"https:\/\/www.adecose.com\/?p=19568"},"modified":"2025-07-22T08:55:38","modified_gmt":"2025-07-22T06:55:38","slug":"juan-fernandez-se-incorpora-a-finsa-grupo","status":"publish","type":"post","link":"https:\/\/www.adecose.com\/gl\/juan-fernandez-se-incorpora-a-finsa-grupo\/","title":{"rendered":"Juan Fernandez se incorpora a Finsa Grupo"},"content":{"rendered":"<p class=\"p2\">Finsa Grupo refuerza su presencia en Galicia con la integraci\u00f3n de una corredur\u00eda familiar con m\u00e1s de 30 a\u00f1os de trayectoria en Sanxenxo, referente en la comarca del Saln\u00e9s por su trato cercano y la confianza construida con sus clientes.<\/p>\n<p class=\"p2\">Fundada y liderada por Juan Fernandez, un profesional incansable y de reconocido prestigio en el sector, esta corredur\u00eda ha acompa\u00f1ado durante d\u00e9cadas a familias y negocios locales con un asesoramiento personal y de calidad.\u00a0 Hoy, con la incorporaci\u00f3n de Juan, segunda generaci\u00f3n, esta historia de servicio se proyecta al futuro sin perder su esencia.<\/p>\n<p class=\"p2\">\u201cHemos crecido al lado de nuestros clientes, con honestidad y cercan\u00eda. Lo importante siempre ha sido proteger lo que m\u00e1s les importa, y esa seguir\u00e1 siendo nuestra prioridad en esta nueva etapa junto a Finsa Grupo,\u201d subraya Juan Fernandez, quien sigue operando con la misma ilusi\u00f3n y compromiso que el primer d\u00eda.<\/p>\n<p class=\"p2\">Con esta integraci\u00f3n, Finsa Grupo refuerza su estrategia de crecimiento en Galicia y en zonas clave como Sanxenxo, su entorno y la comarca del Saln\u00e9s, con la oportunidad de impulsar el negocio asegurador en el sector hotelero y tur\u00edstico, asi como el de particulares, autonomos, comunidades, pymes, etc. Manteniendo la cercan\u00eda que define nuestra forma de trabajar. Como siempre asesorandoles y gestionando sus seguros de forma personalizada.<\/p>\n<p class=\"p2\">Hoy, en Sanxenxo, seguimos creciendo con las personas en el centro, sumando experiencia, ilusi\u00f3n y el compromiso de seguir cuidando a quienes conf\u00edan en nosotros.<\/p>\n","protected":false},"excerpt":{"rendered":"<p>Finsa Grupo refuerza su presencia en Galicia con la integraci\u00f3n de una corredur\u00eda familiar con m\u00e1s de 30 a\u00f1os de trayectoria en Sanxenxo, referente en&#8230;<\/p>\n","protected":false},"author":197,"featured_media":19569,"comment_status":"closed","ping_status":"closed","sticky":false,"template":"","format":"standard","meta":{"_acf_changed":false,"_price":"","_stock":"","_tribe_ticket_header":"","_tribe_default_ticket_provider":"","_tribe_ticket_capacity":"0","_ticket_start_date":"","_ticket_end_date":"","_tribe_ticket_show_description":"","_tribe_ticket_show_not_going":false,"_tribe_ticket_use_global_stock":"","_tribe_ticket_global_stock_level":"","_global_stock_mode":"","_global_stock_cap":"","_tribe_rsvp_for_event":"","_tribe_ticket_going_count":"","_tribe_ticket_not_going_count":"","_tribe_tickets_list":"[]","_tribe_ticket_has_attendee_info_fields":false,"footnotes":""},"categories":[339],"tags":[517,606,524],"class_list":["post-19568","post","type-post","status-publish","format-standard","has-post-thumbnail","category-espacio-correduriasadecose","tag-corredurias-de-seguros","tag-fina-grupo","tag-integraciones"],"acf":[],"yoast_head":"<!-- This site is optimized with the Yoast SEO plugin v27.2 - https:\/\/yoast.com\/product\/yoast-seo-wordpress\/ -->\n<title>Juan Fernandez se incorpora a Finsa Grupo - ADECOSE<\/title>\n<meta name=\"robots\" content=\"index, follow, max-snippet:-1, max-image-preview:large, max-video-preview:-1\" \/>\n<link rel=\"canonical\" href=\"https:\/\/www.adecose.com\/juan-fernandez-se-incorpora-a-finsa-grupo\/\" \/>\n<meta property=\"og:locale\" content=\"gl_ES\" \/>\n<meta property=\"og:type\" content=\"article\" \/>\n<meta property=\"og:title\" content=\"Juan Fernandez se incorpora a Finsa Grupo - ADECOSE\" \/>\n<meta property=\"og:description\" content=\"Finsa Grupo refuerza su presencia en Galicia con la integraci\u00f3n de una corredur\u00eda familiar con m\u00e1s de 30 a\u00f1os de trayectoria en Sanxenxo, referente en...\" \/>\n<meta property=\"og:url\" content=\"https:\/\/www.adecose.com\/juan-fernandez-se-incorpora-a-finsa-grupo\/\" \/>\n<meta property=\"og:site_name\" content=\"ADECOSE\" \/>\n<meta property=\"article:published_time\" content=\"2025-07-22T06:55:38+00:00\" \/>\n<meta property=\"og:image\" content=\"https:\/\/www.adecose.com\/wp-content\/uploads\/2025\/07\/Fina-Grupo-Juan-Fernandez.jpg\" \/>\n\t<meta property=\"og:image:width\" content=\"1600\" \/>\n\t<meta property=\"og:image:height\" content=\"1200\" \/>\n\t<meta property=\"og:image:type\" content=\"image\/jpeg\" \/>\n<meta name=\"author\" content=\"Comunicaci\u00f3n ADECOSE\" \/>\n<meta name=\"twitter:card\" content=\"summary_large_image\" \/>\n<meta name=\"twitter:label1\" content=\"Escrito por\" \/>\n\t<meta name=\"twitter:data1\" content=\"Comunicaci\u00f3n ADECOSE\" \/>\n\t<meta name=\"twitter:label2\" content=\"Tempo de lectura\" \/>\n\t<meta name=\"twitter:data2\" content=\"2 minutos\" \/>\n<script type=\"application\/ld+json\" class=\"yoast-schema-graph\">{\"@context\":\"https:\/\/schema.org\",\"@graph\":[{\"@type\":\"Article\",\"@id\":\"https:\/\/www.adecose.com\/juan-fernandez-se-incorpora-a-finsa-grupo\/#article\",\"isPartOf\":{\"@id\":\"https:\/\/www.adecose.com\/juan-fernandez-se-incorpora-a-finsa-grupo\/\"},\"author\":{\"name\":\"Comunicaci\u00f3n ADECOSE\",\"@id\":\"https:\/\/www.adecose.com\/gl\/#\/schema\/person\/ff086ce55f6379e1d225a2c0dca5eeb6\"},\"headline\":\"Juan Fernandez se incorpora a Finsa Grupo\",\"datePublished\":\"2025-07-22T06:55:38+00:00\",\"mainEntityOfPage\":{\"@id\":\"https:\/\/www.adecose.com\/juan-fernandez-se-incorpora-a-finsa-grupo\/\"},\"wordCount\":264,\"publisher\":{\"@id\":\"https:\/\/www.adecose.com\/gl\/#organization\"},\"image\":{\"@id\":\"https:\/\/www.adecose.com\/juan-fernandez-se-incorpora-a-finsa-grupo\/#primaryimage\"},\"thumbnailUrl\":\"https:\/\/www.adecose.com\/wp-content\/uploads\/2025\/07\/Fina-Grupo-Juan-Fernandez.jpg\",\"keywords\":[\"Corredur\u00edas de seguros\",\"Fina Grupo\",\"Integraciones\"],\"articleSection\":[\"Espacio #Corredur\u00edasADECOSE\"],\"inLanguage\":\"gl-ES\"},{\"@type\":\"WebPage\",\"@id\":\"https:\/\/www.adecose.com\/juan-fernandez-se-incorpora-a-finsa-grupo\/\",\"url\":\"https:\/\/www.adecose.com\/juan-fernandez-se-incorpora-a-finsa-grupo\/\",\"name\":\"Juan Fernandez se incorpora a Finsa Grupo - ADECOSE\",\"isPartOf\":{\"@id\":\"https:\/\/www.adecose.com\/gl\/#website\"},\"primaryImageOfPage\":{\"@id\":\"https:\/\/www.adecose.com\/juan-fernandez-se-incorpora-a-finsa-grupo\/#primaryimage\"},\"image\":{\"@id\":\"https:\/\/www.adecose.com\/juan-fernandez-se-incorpora-a-finsa-grupo\/#primaryimage\"},\"thumbnailUrl\":\"https:\/\/www.adecose.com\/wp-content\/uploads\/2025\/07\/Fina-Grupo-Juan-Fernandez.jpg\",\"datePublished\":\"2025-07-22T06:55:38+00:00\",\"breadcrumb\":{\"@id\":\"https:\/\/www.adecose.com\/juan-fernandez-se-incorpora-a-finsa-grupo\/#breadcrumb\"},\"inLanguage\":\"gl-ES\",\"potentialAction\":[{\"@type\":\"ReadAction\",\"target\":[\"https:\/\/www.adecose.com\/juan-fernandez-se-incorpora-a-finsa-grupo\/\"]}]},{\"@type\":\"ImageObject\",\"inLanguage\":\"gl-ES\",\"@id\":\"https:\/\/www.adecose.com\/juan-fernandez-se-incorpora-a-finsa-grupo\/#primaryimage\",\"url\":\"https:\/\/www.adecose.com\/wp-content\/uploads\/2025\/07\/Fina-Grupo-Juan-Fernandez.jpg\",\"contentUrl\":\"https:\/\/www.adecose.com\/wp-content\/uploads\/2025\/07\/Fina-Grupo-Juan-Fernandez.jpg\",\"width\":1600,\"height\":1200},{\"@type\":\"BreadcrumbList\",\"@id\":\"https:\/\/www.adecose.com\/juan-fernandez-se-incorpora-a-finsa-grupo\/#breadcrumb\",\"itemListElement\":[{\"@type\":\"ListItem\",\"position\":1,\"name\":\"Portada\",\"item\":\"https:\/\/www.adecose.com\/gl\/\"},{\"@type\":\"ListItem\",\"position\":2,\"name\":\"Juan Fernandez se incorpora a Finsa Grupo\"}]},{\"@type\":\"WebSite\",\"@id\":\"https:\/\/www.adecose.com\/gl\/#website\",\"url\":\"https:\/\/www.adecose.com\/gl\/\",\"name\":\"ADECOSE\",\"description\":\"Asociaci\u00f3n Espa\u00f1ola de Corretor\u00edas de Seguros e Reaseguros\",\"publisher\":{\"@id\":\"https:\/\/www.adecose.com\/gl\/#organization\"},\"potentialAction\":[{\"@type\":\"SearchAction\",\"target\":{\"@type\":\"EntryPoint\",\"urlTemplate\":\"https:\/\/www.adecose.com\/gl\/?s={search_term_string}\"},\"query-input\":{\"@type\":\"PropertyValueSpecification\",\"valueRequired\":true,\"valueName\":\"search_term_string\"}}],\"inLanguage\":\"gl-ES\"},{\"@type\":\"Organization\",\"@id\":\"https:\/\/www.adecose.com\/gl\/#organization\",\"name\":\"ADECOSE\",\"url\":\"https:\/\/www.adecose.com\/gl\/\",\"logo\":{\"@type\":\"ImageObject\",\"inLanguage\":\"gl-ES\",\"@id\":\"https:\/\/www.adecose.com\/gl\/#\/schema\/logo\/image\/\",\"url\":\"https:\/\/www.adecose.com\/wp-content\/uploads\/2020\/07\/favicon.png\",\"contentUrl\":\"https:\/\/www.adecose.com\/wp-content\/uploads\/2020\/07\/favicon.png\",\"width\":512,\"height\":512,\"caption\":\"ADECOSE\"},\"image\":{\"@id\":\"https:\/\/www.adecose.com\/gl\/#\/schema\/logo\/image\/\"}},{\"@type\":\"Person\",\"@id\":\"https:\/\/www.adecose.com\/gl\/#\/schema\/person\/ff086ce55f6379e1d225a2c0dca5eeb6\",\"name\":\"Comunicaci\u00f3n ADECOSE\",\"image\":{\"@type\":\"ImageObject\",\"inLanguage\":\"gl-ES\",\"@id\":\"https:\/\/secure.gravatar.com\/avatar\/01cd1f9571997441bf1da6d1cc147351305f03fe8f2acf1ebbec60ebb26924ce?s=96&d=mm&r=g\",\"url\":\"https:\/\/secure.gravatar.com\/avatar\/01cd1f9571997441bf1da6d1cc147351305f03fe8f2acf1ebbec60ebb26924ce?s=96&d=mm&r=g\",\"contentUrl\":\"https:\/\/secure.gravatar.com\/avatar\/01cd1f9571997441bf1da6d1cc147351305f03fe8f2acf1ebbec60ebb26924ce?s=96&d=mm&r=g\",\"caption\":\"Comunicaci\u00f3n ADECOSE\"}}]}<\/script>\n<!-- \/ Yoast SEO plugin. -->","yoast_head_json":{"title":"Juan Fernandez se incorpora a Finsa Grupo - ADECOSE","robots":{"index":"index","follow":"follow","max-snippet":"max-snippet:-1","max-image-preview":"max-image-preview:large","max-video-preview":"max-video-preview:-1"},"canonical":"https:\/\/www.adecose.com\/juan-fernandez-se-incorpora-a-finsa-grupo\/","og_locale":"gl_ES","og_type":"article","og_title":"Juan Fernandez se incorpora a Finsa Grupo - ADECOSE","og_description":"Finsa Grupo refuerza su presencia en Galicia con la integraci\u00f3n de una corredur\u00eda familiar con m\u00e1s de 30 a\u00f1os de trayectoria en Sanxenxo, referente en...","og_url":"https:\/\/www.adecose.com\/juan-fernandez-se-incorpora-a-finsa-grupo\/","og_site_name":"ADECOSE","article_published_time":"2025-07-22T06:55:38+00:00","og_image":[{"width":1600,"height":1200,"url":"https:\/\/www.adecose.com\/wp-content\/uploads\/2025\/07\/Fina-Grupo-Juan-Fernandez.jpg","type":"image\/jpeg"}],"author":"Comunicaci\u00f3n ADECOSE","twitter_card":"summary_large_image","twitter_misc":{"Escrito por":"Comunicaci\u00f3n ADECOSE","Tempo de lectura":"2 minutos"},"schema":{"@context":"https:\/\/schema.org","@graph":[{"@type":"Article","@id":"https:\/\/www.adecose.com\/juan-fernandez-se-incorpora-a-finsa-grupo\/#article","isPartOf":{"@id":"https:\/\/www.adecose.com\/juan-fernandez-se-incorpora-a-finsa-grupo\/"},"author":{"name":"Comunicaci\u00f3n ADECOSE","@id":"https:\/\/www.adecose.com\/gl\/#\/schema\/person\/ff086ce55f6379e1d225a2c0dca5eeb6"},"headline":"Juan Fernandez se incorpora a Finsa Grupo","datePublished":"2025-07-22T06:55:38+00:00","mainEntityOfPage":{"@id":"https:\/\/www.adecose.com\/juan-fernandez-se-incorpora-a-finsa-grupo\/"},"wordCount":264,"publisher":{"@id":"https:\/\/www.adecose.com\/gl\/#organization"},"image":{"@id":"https:\/\/www.adecose.com\/juan-fernandez-se-incorpora-a-finsa-grupo\/#primaryimage"},"thumbnailUrl":"https:\/\/www.adecose.com\/wp-content\/uploads\/2025\/07\/Fina-Grupo-Juan-Fernandez.jpg","keywords":["Corredur\u00edas de seguros","Fina Grupo","Integraciones"],"articleSection":["Espacio #Corredur\u00edasADECOSE"],"inLanguage":"gl-ES"},{"@type":"WebPage","@id":"https:\/\/www.adecose.com\/juan-fernandez-se-incorpora-a-finsa-grupo\/","url":"https:\/\/www.adecose.com\/juan-fernandez-se-incorpora-a-finsa-grupo\/","name":"Juan Fernandez se incorpora a Finsa Grupo - ADECOSE","isPartOf":{"@id":"https:\/\/www.adecose.com\/gl\/#website"},"primaryImageOfPage":{"@id":"https:\/\/www.adecose.com\/juan-fernandez-se-incorpora-a-finsa-grupo\/#primaryimage"},"image":{"@id":"https:\/\/www.adecose.com\/juan-fernandez-se-incorpora-a-finsa-grupo\/#primaryimage"},"thumbnailUrl":"https:\/\/www.adecose.com\/wp-content\/uploads\/2025\/07\/Fina-Grupo-Juan-Fernandez.jpg","datePublished":"2025-07-22T06:55:38+00:00","breadcrumb":{"@id":"https:\/\/www.adecose.com\/juan-fernandez-se-incorpora-a-finsa-grupo\/#breadcrumb"},"inLanguage":"gl-ES","potentialAction":[{"@type":"ReadAction","target":["https:\/\/www.adecose.com\/juan-fernandez-se-incorpora-a-finsa-grupo\/"]}]},{"@type":"ImageObject","inLanguage":"gl-ES","@id":"https:\/\/www.adecose.com\/juan-fernandez-se-incorpora-a-finsa-grupo\/#primaryimage","url":"https:\/\/www.adecose.com\/wp-content\/uploads\/2025\/07\/Fina-Grupo-Juan-Fernandez.jpg","contentUrl":"https:\/\/www.adecose.com\/wp-content\/uploads\/2025\/07\/Fina-Grupo-Juan-Fernandez.jpg","width":1600,"height":1200},{"@type":"BreadcrumbList","@id":"https:\/\/www.adecose.com\/juan-fernandez-se-incorpora-a-finsa-grupo\/#breadcrumb","itemListElement":[{"@type":"ListItem","position":1,"name":"Portada","item":"https:\/\/www.adecose.com\/gl\/"},{"@type":"ListItem","position":2,"name":"Juan Fernandez se incorpora a Finsa Grupo"}]},{"@type":"WebSite","@id":"https:\/\/www.adecose.com\/gl\/#website","url":"https:\/\/www.adecose.com\/gl\/","name":"ADECOSE","description":"Asociaci\u00f3n Espa\u00f1ola de Corretor\u00edas de Seguros e Reaseguros","publisher":{"@id":"https:\/\/www.adecose.com\/gl\/#organization"},"potentialAction":[{"@type":"SearchAction","target":{"@type":"EntryPoint","urlTemplate":"https:\/\/www.adecose.com\/gl\/?s={search_term_string}"},"query-input":{"@type":"PropertyValueSpecification","valueRequired":true,"valueName":"search_term_string"}}],"inLanguage":"gl-ES"},{"@type":"Organization","@id":"https:\/\/www.adecose.com\/gl\/#organization","name":"ADECOSE","url":"https:\/\/www.adecose.com\/gl\/","logo":{"@type":"ImageObject","inLanguage":"gl-ES","@id":"https:\/\/www.adecose.com\/gl\/#\/schema\/logo\/image\/","url":"https:\/\/www.adecose.com\/wp-content\/uploads\/2020\/07\/favicon.png","contentUrl":"https:\/\/www.adecose.com\/wp-content\/uploads\/2020\/07\/favicon.png","width":512,"height":512,"caption":"ADECOSE"},"image":{"@id":"https:\/\/www.adecose.com\/gl\/#\/schema\/logo\/image\/"}},{"@type":"Person","@id":"https:\/\/www.adecose.com\/gl\/#\/schema\/person\/ff086ce55f6379e1d225a2c0dca5eeb6","name":"Comunicaci\u00f3n ADECOSE","image":{"@type":"ImageObject","inLanguage":"gl-ES","@id":"https:\/\/secure.gravatar.com\/avatar\/01cd1f9571997441bf1da6d1cc147351305f03fe8f2acf1ebbec60ebb26924ce?s=96&d=mm&r=g","url":"https:\/\/secure.gravatar.com\/avatar\/01cd1f9571997441bf1da6d1cc147351305f03fe8f2acf1ebbec60ebb26924ce?s=96&d=mm&r=g","contentUrl":"https:\/\/secure.gravatar.com\/avatar\/01cd1f9571997441bf1da6d1cc147351305f03fe8f2acf1ebbec60ebb26924ce?s=96&d=mm&r=g","caption":"Comunicaci\u00f3n ADECOSE"}}]}},"_links":{"self":[{"href":"https:\/\/www.adecose.com\/gl\/wp-json\/wp\/v2\/posts\/19568","targetHints":{"allow":["GET"]}}],"collection":[{"href":"https:\/\/www.adecose.com\/gl\/wp-json\/wp\/v2\/posts"}],"about":[{"href":"https:\/\/www.adecose.com\/gl\/wp-json\/wp\/v2\/types\/post"}],"author":[{"embeddable":true,"href":"https:\/\/www.adecose.com\/gl\/wp-json\/wp\/v2\/users\/197"}],"replies":[{"embeddable":true,"href":"https:\/\/www.adecose.com\/gl\/wp-json\/wp\/v2\/comments?post=19568"}],"version-history":[{"count":0,"href":"https:\/\/www.adecose.com\/gl\/wp-json\/wp\/v2\/posts\/19568\/revisions"}],"wp:featuredmedia":[{"embeddable":true,"href":"https:\/\/www.adecose.com\/gl\/wp-json\/wp\/v2\/media\/19569"}],"wp:attachment":[{"href":"https:\/\/www.adecose.com\/gl\/wp-json\/wp\/v2\/media?parent=19568"}],"wp:term":[{"taxonomy":"category","embeddable":true,"href":"https:\/\/www.adecose.com\/gl\/wp-json\/wp\/v2\/categories?post=19568"},{"taxonomy":"post_tag","embeddable":true,"href":"https:\/\/www.adecose.com\/gl\/wp-json\/wp\/v2\/tags?post=19568"}],"curies":[{"name":"wp","href":"https:\/\/api.w.org\/{rel}","templated":true}]}}