{"id":19550,"date":"2025-07-23T08:00:27","date_gmt":"2025-07-23T06:00:27","guid":{"rendered":"https:\/\/www.adecose.com\/?p=19550"},"modified":"2025-07-21T12:52:02","modified_gmt":"2025-07-21T10:52:02","slug":"seguropordias-com-aterriza-en-francia-con-el-lanzamiento-de-assurtemporaire-com-su-nueva-marca-de-seguros-temporales-100-online","status":"publish","type":"post","link":"https:\/\/www.adecose.com\/gl\/seguropordias-com-aterriza-en-francia-con-el-lanzamiento-de-assurtemporaire-com-su-nueva-marca-de-seguros-temporales-100-online\/","title":{"rendered":"Seguropordias.com aterriza en Francia con el lanzamiento de Assurtemporaire.com, su nueva marca de seguros temporales 100% online"},"content":{"rendered":"<p><a href=\"https:\/\/seguropordias.com\/?utm_source=nota-prensa-Assur&amp;utm_medium=social&amp;utm_campaign=___Seguropordias_notaPrensa-seguropordias\">Seguropordias.com<\/a>, la marca l\u00edder en seguros temporales para veh\u00edculos en Espa\u00f1a y Portugal, da un paso clave en su expansi\u00f3n internacional con el lanzamiento de <a href=\"https:\/\/assurtemporaire.com\/?utm_source=nota-prensa-Assur&amp;utm_medium=social&amp;utm_campaign=___Assurtemporaire_notaPrensa-assur\">Assurtemporaire.com<\/a> en el mercado franc\u00e9s.<\/p>\n<p>Esta nueva marca nace con el objetivo de replicar en Francia su modelo de \u00e9xito: un servicio \u00e1gil, seguro y completamente digital para contratar seguros temporales, adaptado a las necesidades del conductor actual.<\/p>\n<p>El lanzamiento se produce pocos meses despu\u00e9s de la integraci\u00f3n de Seguropordias.com en el grupo franc\u00e9s Ascentiel Groupe, lo que refuerza la apuesta conjunta por liderar el segmento de seguros temporales a nivel europeo.<\/p>\n<p>Alberto de Lope Alem\u00e1n, CEO de Seguropordias.com, ha declarado: \u201cEstamos muy ilusionados con esta nueva etapa en Francia. Assurtemporaire.com nos permite acercar nuestra propuesta de valor a un mercado con gran potencial. Nuestra ambici\u00f3n es convertirnos en el referente europeo en seguros temporales, manteniendo la agilidad digital y la orientaci\u00f3n al cliente que nos caracterizan en Espa\u00f1a y Portugal\u201d.<\/p>\n","protected":false},"excerpt":{"rendered":"<p>Seguropordias.com, la marca l\u00edder en seguros temporales para veh\u00edculos en Espa\u00f1a y Portugal, da un paso clave en su expansi\u00f3n internacional con el lanzamiento de&#8230;<\/p>\n","protected":false},"author":197,"featured_media":19551,"comment_status":"closed","ping_status":"closed","sticky":false,"template":"","format":"standard","meta":{"_acf_changed":false,"_price":"","_stock":"","_tribe_ticket_header":"","_tribe_default_ticket_provider":"","_tribe_ticket_capacity":"0","_ticket_start_date":"","_ticket_end_date":"","_tribe_ticket_show_description":"","_tribe_ticket_show_not_going":false,"_tribe_ticket_use_global_stock":"","_tribe_ticket_global_stock_level":"","_global_stock_mode":"","_global_stock_cap":"","_tribe_rsvp_for_event":"","_tribe_ticket_going_count":"","_tribe_ticket_not_going_count":"","_tribe_tickets_list":"[]","_tribe_ticket_has_attendee_info_fields":false,"footnotes":""},"categories":[339],"tags":[494,517,604],"class_list":["post-19550","post","type-post","status-publish","format-standard","has-post-thumbnail","category-espacio-correduriasadecose","tag-ascentiel-groupe","tag-corredurias-de-seguros","tag-seguro-por-dias"],"acf":[],"yoast_head":"<!-- This site is optimized with the Yoast SEO plugin v27.2 - https:\/\/yoast.com\/product\/yoast-seo-wordpress\/ -->\n<title>Seguropordias.com aterriza en Francia con el lanzamiento de Assurtemporaire.com, su nueva marca de seguros temporales 100% online - ADECOSE<\/title>\n<meta name=\"robots\" content=\"index, follow, max-snippet:-1, max-image-preview:large, max-video-preview:-1\" \/>\n<link rel=\"canonical\" href=\"https:\/\/www.adecose.com\/seguropordias-com-aterriza-en-francia-con-el-lanzamiento-de-assurtemporaire-com-su-nueva-marca-de-seguros-temporales-100-online\/\" \/>\n<meta property=\"og:locale\" content=\"gl_ES\" \/>\n<meta property=\"og:type\" content=\"article\" \/>\n<meta property=\"og:title\" content=\"Seguropordias.com aterriza en Francia con el lanzamiento de Assurtemporaire.com, su nueva marca de seguros temporales 100% online - ADECOSE\" \/>\n<meta property=\"og:description\" content=\"Seguropordias.com, la marca l\u00edder en seguros temporales para veh\u00edculos en Espa\u00f1a y Portugal, da un paso clave en su expansi\u00f3n internacional con el lanzamiento de...\" \/>\n<meta property=\"og:url\" content=\"https:\/\/www.adecose.com\/seguropordias-com-aterriza-en-francia-con-el-lanzamiento-de-assurtemporaire-com-su-nueva-marca-de-seguros-temporales-100-online\/\" \/>\n<meta property=\"og:site_name\" content=\"ADECOSE\" \/>\n<meta property=\"article:published_time\" content=\"2025-07-23T06:00:27+00:00\" \/>\n<meta property=\"og:image\" content=\"https:\/\/www.adecose.com\/wp-content\/uploads\/2025\/07\/Alberto-de-Lope-1024x680.png\" \/>\n\t<meta property=\"og:image:width\" content=\"1024\" \/>\n\t<meta property=\"og:image:height\" content=\"680\" \/>\n\t<meta property=\"og:image:type\" content=\"image\/png\" \/>\n<meta name=\"author\" content=\"Comunicaci\u00f3n ADECOSE\" \/>\n<meta name=\"twitter:card\" content=\"summary_large_image\" \/>\n<meta name=\"twitter:label1\" content=\"Escrito por\" \/>\n\t<meta name=\"twitter:data1\" content=\"Comunicaci\u00f3n ADECOSE\" \/>\n\t<meta name=\"twitter:label2\" content=\"Tempo de lectura\" \/>\n\t<meta name=\"twitter:data2\" content=\"1 minuto\" \/>\n<script type=\"application\/ld+json\" class=\"yoast-schema-graph\">{\"@context\":\"https:\/\/schema.org\",\"@graph\":[{\"@type\":\"Article\",\"@id\":\"https:\/\/www.adecose.com\/seguropordias-com-aterriza-en-francia-con-el-lanzamiento-de-assurtemporaire-com-su-nueva-marca-de-seguros-temporales-100-online\/#article\",\"isPartOf\":{\"@id\":\"https:\/\/www.adecose.com\/seguropordias-com-aterriza-en-francia-con-el-lanzamiento-de-assurtemporaire-com-su-nueva-marca-de-seguros-temporales-100-online\/\"},\"author\":{\"name\":\"Comunicaci\u00f3n ADECOSE\",\"@id\":\"https:\/\/www.adecose.com\/gl\/#\/schema\/person\/ff086ce55f6379e1d225a2c0dca5eeb6\"},\"headline\":\"Seguropordias.com aterriza en Francia con el lanzamiento de Assurtemporaire.com, su nueva marca de seguros temporales 100% online\",\"datePublished\":\"2025-07-23T06:00:27+00:00\",\"mainEntityOfPage\":{\"@id\":\"https:\/\/www.adecose.com\/seguropordias-com-aterriza-en-francia-con-el-lanzamiento-de-assurtemporaire-com-su-nueva-marca-de-seguros-temporales-100-online\/\"},\"wordCount\":191,\"publisher\":{\"@id\":\"https:\/\/www.adecose.com\/gl\/#organization\"},\"image\":{\"@id\":\"https:\/\/www.adecose.com\/seguropordias-com-aterriza-en-francia-con-el-lanzamiento-de-assurtemporaire-com-su-nueva-marca-de-seguros-temporales-100-online\/#primaryimage\"},\"thumbnailUrl\":\"https:\/\/www.adecose.com\/wp-content\/uploads\/2025\/07\/Alberto-de-Lope.png\",\"keywords\":[\"Ascentiel Groupe\",\"Corredur\u00edas de seguros\",\"Seguro por D\u00edas\"],\"articleSection\":[\"Espacio #Corredur\u00edasADECOSE\"],\"inLanguage\":\"gl-ES\"},{\"@type\":\"WebPage\",\"@id\":\"https:\/\/www.adecose.com\/seguropordias-com-aterriza-en-francia-con-el-lanzamiento-de-assurtemporaire-com-su-nueva-marca-de-seguros-temporales-100-online\/\",\"url\":\"https:\/\/www.adecose.com\/seguropordias-com-aterriza-en-francia-con-el-lanzamiento-de-assurtemporaire-com-su-nueva-marca-de-seguros-temporales-100-online\/\",\"name\":\"Seguropordias.com aterriza en Francia con el lanzamiento de Assurtemporaire.com, su nueva marca de seguros temporales 100% online - ADECOSE\",\"isPartOf\":{\"@id\":\"https:\/\/www.adecose.com\/gl\/#website\"},\"primaryImageOfPage\":{\"@id\":\"https:\/\/www.adecose.com\/seguropordias-com-aterriza-en-francia-con-el-lanzamiento-de-assurtemporaire-com-su-nueva-marca-de-seguros-temporales-100-online\/#primaryimage\"},\"image\":{\"@id\":\"https:\/\/www.adecose.com\/seguropordias-com-aterriza-en-francia-con-el-lanzamiento-de-assurtemporaire-com-su-nueva-marca-de-seguros-temporales-100-online\/#primaryimage\"},\"thumbnailUrl\":\"https:\/\/www.adecose.com\/wp-content\/uploads\/2025\/07\/Alberto-de-Lope.png\",\"datePublished\":\"2025-07-23T06:00:27+00:00\",\"breadcrumb\":{\"@id\":\"https:\/\/www.adecose.com\/seguropordias-com-aterriza-en-francia-con-el-lanzamiento-de-assurtemporaire-com-su-nueva-marca-de-seguros-temporales-100-online\/#breadcrumb\"},\"inLanguage\":\"gl-ES\",\"potentialAction\":[{\"@type\":\"ReadAction\",\"target\":[\"https:\/\/www.adecose.com\/seguropordias-com-aterriza-en-francia-con-el-lanzamiento-de-assurtemporaire-com-su-nueva-marca-de-seguros-temporales-100-online\/\"]}]},{\"@type\":\"ImageObject\",\"inLanguage\":\"gl-ES\",\"@id\":\"https:\/\/www.adecose.com\/seguropordias-com-aterriza-en-francia-con-el-lanzamiento-de-assurtemporaire-com-su-nueva-marca-de-seguros-temporales-100-online\/#primaryimage\",\"url\":\"https:\/\/www.adecose.com\/wp-content\/uploads\/2025\/07\/Alberto-de-Lope.png\",\"contentUrl\":\"https:\/\/www.adecose.com\/wp-content\/uploads\/2025\/07\/Alberto-de-Lope.png\",\"width\":1902,\"height\":1263},{\"@type\":\"BreadcrumbList\",\"@id\":\"https:\/\/www.adecose.com\/seguropordias-com-aterriza-en-francia-con-el-lanzamiento-de-assurtemporaire-com-su-nueva-marca-de-seguros-temporales-100-online\/#breadcrumb\",\"itemListElement\":[{\"@type\":\"ListItem\",\"position\":1,\"name\":\"Portada\",\"item\":\"https:\/\/www.adecose.com\/gl\/\"},{\"@type\":\"ListItem\",\"position\":2,\"name\":\"Seguropordias.com aterriza en Francia con el lanzamiento de Assurtemporaire.com, su nueva marca de seguros temporales 100% online\"}]},{\"@type\":\"WebSite\",\"@id\":\"https:\/\/www.adecose.com\/gl\/#website\",\"url\":\"https:\/\/www.adecose.com\/gl\/\",\"name\":\"ADECOSE\",\"description\":\"Asociaci\u00f3n Espa\u00f1ola de Corretor\u00edas de Seguros e Reaseguros\",\"publisher\":{\"@id\":\"https:\/\/www.adecose.com\/gl\/#organization\"},\"potentialAction\":[{\"@type\":\"SearchAction\",\"target\":{\"@type\":\"EntryPoint\",\"urlTemplate\":\"https:\/\/www.adecose.com\/gl\/?s={search_term_string}\"},\"query-input\":{\"@type\":\"PropertyValueSpecification\",\"valueRequired\":true,\"valueName\":\"search_term_string\"}}],\"inLanguage\":\"gl-ES\"},{\"@type\":\"Organization\",\"@id\":\"https:\/\/www.adecose.com\/gl\/#organization\",\"name\":\"ADECOSE\",\"url\":\"https:\/\/www.adecose.com\/gl\/\",\"logo\":{\"@type\":\"ImageObject\",\"inLanguage\":\"gl-ES\",\"@id\":\"https:\/\/www.adecose.com\/gl\/#\/schema\/logo\/image\/\",\"url\":\"https:\/\/www.adecose.com\/wp-content\/uploads\/2020\/07\/favicon.png\",\"contentUrl\":\"https:\/\/www.adecose.com\/wp-content\/uploads\/2020\/07\/favicon.png\",\"width\":512,\"height\":512,\"caption\":\"ADECOSE\"},\"image\":{\"@id\":\"https:\/\/www.adecose.com\/gl\/#\/schema\/logo\/image\/\"}},{\"@type\":\"Person\",\"@id\":\"https:\/\/www.adecose.com\/gl\/#\/schema\/person\/ff086ce55f6379e1d225a2c0dca5eeb6\",\"name\":\"Comunicaci\u00f3n ADECOSE\",\"image\":{\"@type\":\"ImageObject\",\"inLanguage\":\"gl-ES\",\"@id\":\"https:\/\/secure.gravatar.com\/avatar\/01cd1f9571997441bf1da6d1cc147351305f03fe8f2acf1ebbec60ebb26924ce?s=96&d=mm&r=g\",\"url\":\"https:\/\/secure.gravatar.com\/avatar\/01cd1f9571997441bf1da6d1cc147351305f03fe8f2acf1ebbec60ebb26924ce?s=96&d=mm&r=g\",\"contentUrl\":\"https:\/\/secure.gravatar.com\/avatar\/01cd1f9571997441bf1da6d1cc147351305f03fe8f2acf1ebbec60ebb26924ce?s=96&d=mm&r=g\",\"caption\":\"Comunicaci\u00f3n ADECOSE\"}}]}<\/script>\n<!-- \/ Yoast SEO plugin. -->","yoast_head_json":{"title":"Seguropordias.com aterriza en Francia con el lanzamiento de Assurtemporaire.com, su nueva marca de seguros temporales 100% online - ADECOSE","robots":{"index":"index","follow":"follow","max-snippet":"max-snippet:-1","max-image-preview":"max-image-preview:large","max-video-preview":"max-video-preview:-1"},"canonical":"https:\/\/www.adecose.com\/seguropordias-com-aterriza-en-francia-con-el-lanzamiento-de-assurtemporaire-com-su-nueva-marca-de-seguros-temporales-100-online\/","og_locale":"gl_ES","og_type":"article","og_title":"Seguropordias.com aterriza en Francia con el lanzamiento de Assurtemporaire.com, su nueva marca de seguros temporales 100% online - ADECOSE","og_description":"Seguropordias.com, la marca l\u00edder en seguros temporales para veh\u00edculos en Espa\u00f1a y Portugal, da un paso clave en su expansi\u00f3n internacional con el lanzamiento de...","og_url":"https:\/\/www.adecose.com\/seguropordias-com-aterriza-en-francia-con-el-lanzamiento-de-assurtemporaire-com-su-nueva-marca-de-seguros-temporales-100-online\/","og_site_name":"ADECOSE","article_published_time":"2025-07-23T06:00:27+00:00","og_image":[{"width":1024,"height":680,"url":"https:\/\/www.adecose.com\/wp-content\/uploads\/2025\/07\/Alberto-de-Lope-1024x680.png","type":"image\/png"}],"author":"Comunicaci\u00f3n ADECOSE","twitter_card":"summary_large_image","twitter_misc":{"Escrito por":"Comunicaci\u00f3n ADECOSE","Tempo de lectura":"1 minuto"},"schema":{"@context":"https:\/\/schema.org","@graph":[{"@type":"Article","@id":"https:\/\/www.adecose.com\/seguropordias-com-aterriza-en-francia-con-el-lanzamiento-de-assurtemporaire-com-su-nueva-marca-de-seguros-temporales-100-online\/#article","isPartOf":{"@id":"https:\/\/www.adecose.com\/seguropordias-com-aterriza-en-francia-con-el-lanzamiento-de-assurtemporaire-com-su-nueva-marca-de-seguros-temporales-100-online\/"},"author":{"name":"Comunicaci\u00f3n ADECOSE","@id":"https:\/\/www.adecose.com\/gl\/#\/schema\/person\/ff086ce55f6379e1d225a2c0dca5eeb6"},"headline":"Seguropordias.com aterriza en Francia con el lanzamiento de Assurtemporaire.com, su nueva marca de seguros temporales 100% online","datePublished":"2025-07-23T06:00:27+00:00","mainEntityOfPage":{"@id":"https:\/\/www.adecose.com\/seguropordias-com-aterriza-en-francia-con-el-lanzamiento-de-assurtemporaire-com-su-nueva-marca-de-seguros-temporales-100-online\/"},"wordCount":191,"publisher":{"@id":"https:\/\/www.adecose.com\/gl\/#organization"},"image":{"@id":"https:\/\/www.adecose.com\/seguropordias-com-aterriza-en-francia-con-el-lanzamiento-de-assurtemporaire-com-su-nueva-marca-de-seguros-temporales-100-online\/#primaryimage"},"thumbnailUrl":"https:\/\/www.adecose.com\/wp-content\/uploads\/2025\/07\/Alberto-de-Lope.png","keywords":["Ascentiel Groupe","Corredur\u00edas de seguros","Seguro por D\u00edas"],"articleSection":["Espacio #Corredur\u00edasADECOSE"],"inLanguage":"gl-ES"},{"@type":"WebPage","@id":"https:\/\/www.adecose.com\/seguropordias-com-aterriza-en-francia-con-el-lanzamiento-de-assurtemporaire-com-su-nueva-marca-de-seguros-temporales-100-online\/","url":"https:\/\/www.adecose.com\/seguropordias-com-aterriza-en-francia-con-el-lanzamiento-de-assurtemporaire-com-su-nueva-marca-de-seguros-temporales-100-online\/","name":"Seguropordias.com aterriza en Francia con el lanzamiento de Assurtemporaire.com, su nueva marca de seguros temporales 100% online - ADECOSE","isPartOf":{"@id":"https:\/\/www.adecose.com\/gl\/#website"},"primaryImageOfPage":{"@id":"https:\/\/www.adecose.com\/seguropordias-com-aterriza-en-francia-con-el-lanzamiento-de-assurtemporaire-com-su-nueva-marca-de-seguros-temporales-100-online\/#primaryimage"},"image":{"@id":"https:\/\/www.adecose.com\/seguropordias-com-aterriza-en-francia-con-el-lanzamiento-de-assurtemporaire-com-su-nueva-marca-de-seguros-temporales-100-online\/#primaryimage"},"thumbnailUrl":"https:\/\/www.adecose.com\/wp-content\/uploads\/2025\/07\/Alberto-de-Lope.png","datePublished":"2025-07-23T06:00:27+00:00","breadcrumb":{"@id":"https:\/\/www.adecose.com\/seguropordias-com-aterriza-en-francia-con-el-lanzamiento-de-assurtemporaire-com-su-nueva-marca-de-seguros-temporales-100-online\/#breadcrumb"},"inLanguage":"gl-ES","potentialAction":[{"@type":"ReadAction","target":["https:\/\/www.adecose.com\/seguropordias-com-aterriza-en-francia-con-el-lanzamiento-de-assurtemporaire-com-su-nueva-marca-de-seguros-temporales-100-online\/"]}]},{"@type":"ImageObject","inLanguage":"gl-ES","@id":"https:\/\/www.adecose.com\/seguropordias-com-aterriza-en-francia-con-el-lanzamiento-de-assurtemporaire-com-su-nueva-marca-de-seguros-temporales-100-online\/#primaryimage","url":"https:\/\/www.adecose.com\/wp-content\/uploads\/2025\/07\/Alberto-de-Lope.png","contentUrl":"https:\/\/www.adecose.com\/wp-content\/uploads\/2025\/07\/Alberto-de-Lope.png","width":1902,"height":1263},{"@type":"BreadcrumbList","@id":"https:\/\/www.adecose.com\/seguropordias-com-aterriza-en-francia-con-el-lanzamiento-de-assurtemporaire-com-su-nueva-marca-de-seguros-temporales-100-online\/#breadcrumb","itemListElement":[{"@type":"ListItem","position":1,"name":"Portada","item":"https:\/\/www.adecose.com\/gl\/"},{"@type":"ListItem","position":2,"name":"Seguropordias.com aterriza en Francia con el lanzamiento de Assurtemporaire.com, su nueva marca de seguros temporales 100% online"}]},{"@type":"WebSite","@id":"https:\/\/www.adecose.com\/gl\/#website","url":"https:\/\/www.adecose.com\/gl\/","name":"ADECOSE","description":"Asociaci\u00f3n Espa\u00f1ola de Corretor\u00edas de Seguros e Reaseguros","publisher":{"@id":"https:\/\/www.adecose.com\/gl\/#organization"},"potentialAction":[{"@type":"SearchAction","target":{"@type":"EntryPoint","urlTemplate":"https:\/\/www.adecose.com\/gl\/?s={search_term_string}"},"query-input":{"@type":"PropertyValueSpecification","valueRequired":true,"valueName":"search_term_string"}}],"inLanguage":"gl-ES"},{"@type":"Organization","@id":"https:\/\/www.adecose.com\/gl\/#organization","name":"ADECOSE","url":"https:\/\/www.adecose.com\/gl\/","logo":{"@type":"ImageObject","inLanguage":"gl-ES","@id":"https:\/\/www.adecose.com\/gl\/#\/schema\/logo\/image\/","url":"https:\/\/www.adecose.com\/wp-content\/uploads\/2020\/07\/favicon.png","contentUrl":"https:\/\/www.adecose.com\/wp-content\/uploads\/2020\/07\/favicon.png","width":512,"height":512,"caption":"ADECOSE"},"image":{"@id":"https:\/\/www.adecose.com\/gl\/#\/schema\/logo\/image\/"}},{"@type":"Person","@id":"https:\/\/www.adecose.com\/gl\/#\/schema\/person\/ff086ce55f6379e1d225a2c0dca5eeb6","name":"Comunicaci\u00f3n ADECOSE","image":{"@type":"ImageObject","inLanguage":"gl-ES","@id":"https:\/\/secure.gravatar.com\/avatar\/01cd1f9571997441bf1da6d1cc147351305f03fe8f2acf1ebbec60ebb26924ce?s=96&d=mm&r=g","url":"https:\/\/secure.gravatar.com\/avatar\/01cd1f9571997441bf1da6d1cc147351305f03fe8f2acf1ebbec60ebb26924ce?s=96&d=mm&r=g","contentUrl":"https:\/\/secure.gravatar.com\/avatar\/01cd1f9571997441bf1da6d1cc147351305f03fe8f2acf1ebbec60ebb26924ce?s=96&d=mm&r=g","caption":"Comunicaci\u00f3n ADECOSE"}}]}},"_links":{"self":[{"href":"https:\/\/www.adecose.com\/gl\/wp-json\/wp\/v2\/posts\/19550","targetHints":{"allow":["GET"]}}],"collection":[{"href":"https:\/\/www.adecose.com\/gl\/wp-json\/wp\/v2\/posts"}],"about":[{"href":"https:\/\/www.adecose.com\/gl\/wp-json\/wp\/v2\/types\/post"}],"author":[{"embeddable":true,"href":"https:\/\/www.adecose.com\/gl\/wp-json\/wp\/v2\/users\/197"}],"replies":[{"embeddable":true,"href":"https:\/\/www.adecose.com\/gl\/wp-json\/wp\/v2\/comments?post=19550"}],"version-history":[{"count":0,"href":"https:\/\/www.adecose.com\/gl\/wp-json\/wp\/v2\/posts\/19550\/revisions"}],"wp:featuredmedia":[{"embeddable":true,"href":"https:\/\/www.adecose.com\/gl\/wp-json\/wp\/v2\/media\/19551"}],"wp:attachment":[{"href":"https:\/\/www.adecose.com\/gl\/wp-json\/wp\/v2\/media?parent=19550"}],"wp:term":[{"taxonomy":"category","embeddable":true,"href":"https:\/\/www.adecose.com\/gl\/wp-json\/wp\/v2\/categories?post=19550"},{"taxonomy":"post_tag","embeddable":true,"href":"https:\/\/www.adecose.com\/gl\/wp-json\/wp\/v2\/tags?post=19550"}],"curies":[{"name":"wp","href":"https:\/\/api.w.org\/{rel}","templated":true}]}}