{"id":19207,"date":"2025-05-22T10:24:07","date_gmt":"2025-05-22T08:24:07","guid":{"rendered":"https:\/\/www.adecose.com\/?p=19207"},"modified":"2025-05-22T10:24:07","modified_gmt":"2025-05-22T08:24:07","slug":"intermundial-lanza-su-nueva-campana-de-sostenibilidad-viaja-diferente-y-dale-la-vuelta-al-mundo-hazlo-sostenible","status":"publish","type":"post","link":"https:\/\/www.adecose.com\/gl\/intermundial-lanza-su-nueva-campana-de-sostenibilidad-viaja-diferente-y-dale-la-vuelta-al-mundo-hazlo-sostenible\/","title":{"rendered":"Intermundial lanza su nueva campa\u00f1a de sostenibilidad:  \u201cViaja diferente y dale la vuelta al mundo. Hazlo sostenible.\u201d"},"content":{"rendered":"<ul>\n<li><strong>Invita a viajar de forma consciente, dejando una huella positiva en cada destino.<\/strong><\/li>\n<li><strong>Presenta el sello \u201cSoy sostenible\u201d como s\u00edmbolo de compromiso real con el turismo responsable.<\/strong><\/li>\n<\/ul>\n<p><a title=\"https:\/\/services.hosting.augure.com\/Response\/cZPRS\/{3b2110ce-d48f-413d-b441-c9fa63ef69f8}\" href=\"https:\/\/services.hosting.augure.com\/Response\/cZPRS\/{3b2110ce-d48f-413d-b441-c9fa63ef69f8}\">Intermundial<\/a>, compa\u00f1\u00eda de <a title=\"https:\/\/services.hosting.augure.com\/Response\/cZPRT\/{3b2110ce-d48f-413d-b441-c9fa63ef69f8}\" href=\"https:\/\/services.hosting.augure.com\/Response\/cZPRT\/{3b2110ce-d48f-413d-b441-c9fa63ef69f8}\">Grupo Atlantigo<\/a> y l\u00edder en distribuci\u00f3n multicanal de soluciones aseguradoras para viaje y <em>gadgets<\/em> con m\u00e1s de 30 a\u00f1os de experiencia, presenta su <strong>nueva campa\u00f1a de sostenibilidad<\/strong> con unos objetivos claros: difundir un nuevo modelo de viaje sostenible, concienciar sobre la importancia del cambio a viajeros y empresas y generar un impacto positivo en el turismo. Con esta iniciativa, Intermundial reafirma su compromiso con un turismo m\u00e1s consciente y regenerativo, apostando por un enfoque que ponga la sostenibilidad en el centro de cada decisi\u00f3n.<\/p>\n<p>La campa\u00f1a apuesta por convertir el viaje en una experiencia respetuosa con las comunidades locales y las culturas que se visitan, as\u00ed como con el medio ambiente. Para Intermundial, <strong>el <\/strong>turismo no debe renunciar a su capacidad transformadora, sino encauzarla hacia un modelo que contribuya al desarrollo sostenible de los destinos. Como explica <strong>Miguel \u00c1ngel Avenda\u00f1o<\/strong>, <strong>Chief Marketing Officer de Grupo Atlantigo<\/strong>: \u201c<em>no se trata de dejar de viajar, sino de hacerlo de manera diferente. Queremos que los viajeros sigan explorando el mundo, pero generando un impacto positivo en cada destino<\/em>\u201d.<\/p>\n<p>&nbsp;<\/p>\n<p><strong>Una invitaci\u00f3n al cambio, sin renunciar al viaje<\/strong><\/p>\n<p><a title=\"https:\/\/services.hosting.augure.com\/Response\/cZPRU\/{3b2110ce-d48f-413d-b441-c9fa63ef69f8}\" href=\"https:\/\/services.hosting.augure.com\/Response\/cZPRU\/{3b2110ce-d48f-413d-b441-c9fa63ef69f8}\"><strong>\u201cViaja diferente y dale la vuelta al mundo. Hazlo sostenible\u201d<\/strong>,<\/a> condensa una visi\u00f3n transformadora del turismo, basada en el poder de las peque\u00f1as decisiones, como aprender algunas frases en la lengua local, sumergirse en las tradiciones del destino, escuchar y participar en la vida de la comunidad, caminar, utilizar transportes sostenibles o llevar una cantimplora reutilizable. Son gestos sencillos que cualquier viajero o empresa puede adoptar.<\/p>\n<p><strong>Pablo Nemo<\/strong>, explorador y divulgador, forma parte de la campa\u00f1a protagonizando el spot de lanzamiento, donde el mundo aparece al rev\u00e9s en una met\u00e1fora visual que ofrece una visi\u00f3n desconcertante y provocadora que invita a reflexionar y a cambiar de perspectiva. Como afirma el propio Pablo en el v\u00eddeo: <em>\u201cEl mundo no est\u00e1 del rev\u00e9s&#8230; somos nosotros los que lo estamos mirando mal.\u201d<\/em><\/p>\n<p><strong>\u201cSoy sostenible\u201d: el sello que impulsa un turismo con prop\u00f3sito<\/strong><\/p>\n<p>Uno de los pilares que articula esta campa\u00f1a es la creaci\u00f3n del <strong>sello \u201cSoy sostenible\u201d<\/strong>, una insignia que va m\u00e1s all\u00e1 de lo visual para convertirse en una declaraci\u00f3n de intenciones y un s\u00edmbolo de adhesi\u00f3n real a los valores del turismo responsable. Est\u00e1 dirigido tanto a viajeros como a organizaciones y agencias que promueven activamente pr\u00e1cticas sostenibles en el turismo.<\/p>\n<p>El respaldo de este distintivo no es meramente simb\u00f3lico. Est\u00e1 sustentado en 17 criterios desarrollados por Intermundial, que abarcan desde el respeto y apoyo a las comunidades locales hasta la educaci\u00f3n en turismo responsable, la equidad, la inclusi\u00f3n, la eficiencia en el uso de recursos o la difusi\u00f3n de un modelo tur\u00edstico regenerativo.<\/p>\n<p>Con \u201cViaja diferente y dale la vuelta al mundo. Hazlo sostenible\u201d, Intermundial <strong>impulsa<\/strong> <strong>una iniciativa que movilice a toda la cadena de valor del turismo: viajeros, agentes, empresas y destinos<\/strong>, hacia un futuro m\u00e1s respetuoso, equitativo y regenerativo. Porque el turismo del ma\u00f1ana empieza a construirse hoy.<\/p>\n","protected":false},"excerpt":{"rendered":"<p>Invita a viajar de forma consciente, dejando una huella positiva en cada destino. Presenta el sello \u201cSoy sostenible\u201d como s\u00edmbolo de compromiso real con el&#8230;<\/p>\n","protected":false},"author":197,"featured_media":19208,"comment_status":"closed","ping_status":"closed","sticky":false,"template":"","format":"standard","meta":{"_acf_changed":false,"_price":"","_stock":"","_tribe_ticket_header":"","_tribe_default_ticket_provider":"","_tribe_ticket_capacity":"0","_ticket_start_date":"","_ticket_end_date":"","_tribe_ticket_show_description":"","_tribe_ticket_show_not_going":false,"_tribe_ticket_use_global_stock":"","_tribe_ticket_global_stock_level":"","_global_stock_mode":"","_global_stock_cap":"","_tribe_rsvp_for_event":"","_tribe_ticket_going_count":"","_tribe_ticket_not_going_count":"","_tribe_tickets_list":"[]","_tribe_ticket_has_attendee_info_fields":false,"footnotes":""},"categories":[339],"tags":[517,386,572],"class_list":["post-19207","post","type-post","status-publish","format-standard","has-post-thumbnail","category-espacio-correduriasadecose","tag-corredurias-de-seguros","tag-intermundial","tag-sostenibilidad"],"acf":[],"yoast_head":"<!-- This site is optimized with the Yoast SEO plugin v27.2 - https:\/\/yoast.com\/product\/yoast-seo-wordpress\/ -->\n<title>Intermundial lanza su nueva campa\u00f1a de sostenibilidad: \u201cViaja diferente y dale la vuelta al mundo. Hazlo sostenible.\u201d - ADECOSE<\/title>\n<meta name=\"robots\" content=\"index, follow, max-snippet:-1, max-image-preview:large, max-video-preview:-1\" \/>\n<link rel=\"canonical\" href=\"https:\/\/www.adecose.com\/intermundial-lanza-su-nueva-campana-de-sostenibilidad-viaja-diferente-y-dale-la-vuelta-al-mundo-hazlo-sostenible\/\" \/>\n<meta property=\"og:locale\" content=\"gl_ES\" \/>\n<meta property=\"og:type\" content=\"article\" \/>\n<meta property=\"og:title\" content=\"Intermundial lanza su nueva campa\u00f1a de sostenibilidad: \u201cViaja diferente y dale la vuelta al mundo. Hazlo sostenible.\u201d - ADECOSE\" \/>\n<meta property=\"og:description\" content=\"Invita a viajar de forma consciente, dejando una huella positiva en cada destino. Presenta el sello \u201cSoy sostenible\u201d como s\u00edmbolo de compromiso real con el...\" \/>\n<meta property=\"og:url\" content=\"https:\/\/www.adecose.com\/intermundial-lanza-su-nueva-campana-de-sostenibilidad-viaja-diferente-y-dale-la-vuelta-al-mundo-hazlo-sostenible\/\" \/>\n<meta property=\"og:site_name\" content=\"ADECOSE\" \/>\n<meta property=\"article:published_time\" content=\"2025-05-22T08:24:07+00:00\" \/>\n<meta property=\"og:image\" content=\"https:\/\/www.adecose.com\/wp-content\/uploads\/2025\/05\/Imagen-campana.jpg\" \/>\n\t<meta property=\"og:image:width\" content=\"1920\" \/>\n\t<meta property=\"og:image:height\" content=\"1080\" \/>\n\t<meta property=\"og:image:type\" content=\"image\/jpeg\" \/>\n<meta name=\"author\" content=\"Comunicaci\u00f3n ADECOSE\" \/>\n<meta name=\"twitter:card\" content=\"summary_large_image\" \/>\n<meta name=\"twitter:label1\" content=\"Escrito por\" \/>\n\t<meta name=\"twitter:data1\" content=\"Comunicaci\u00f3n ADECOSE\" \/>\n\t<meta name=\"twitter:label2\" content=\"Tempo de lectura\" \/>\n\t<meta name=\"twitter:data2\" content=\"3 minutos\" \/>\n<script type=\"application\/ld+json\" class=\"yoast-schema-graph\">{\"@context\":\"https:\/\/schema.org\",\"@graph\":[{\"@type\":\"Article\",\"@id\":\"https:\/\/www.adecose.com\/intermundial-lanza-su-nueva-campana-de-sostenibilidad-viaja-diferente-y-dale-la-vuelta-al-mundo-hazlo-sostenible\/#article\",\"isPartOf\":{\"@id\":\"https:\/\/www.adecose.com\/intermundial-lanza-su-nueva-campana-de-sostenibilidad-viaja-diferente-y-dale-la-vuelta-al-mundo-hazlo-sostenible\/\"},\"author\":{\"name\":\"Comunicaci\u00f3n ADECOSE\",\"@id\":\"https:\/\/www.adecose.com\/gl\/#\/schema\/person\/ff086ce55f6379e1d225a2c0dca5eeb6\"},\"headline\":\"Intermundial lanza su nueva campa\u00f1a de sostenibilidad: \u201cViaja diferente y dale la vuelta al mundo. Hazlo sostenible.\u201d\",\"datePublished\":\"2025-05-22T08:24:07+00:00\",\"mainEntityOfPage\":{\"@id\":\"https:\/\/www.adecose.com\/intermundial-lanza-su-nueva-campana-de-sostenibilidad-viaja-diferente-y-dale-la-vuelta-al-mundo-hazlo-sostenible\/\"},\"wordCount\":565,\"publisher\":{\"@id\":\"https:\/\/www.adecose.com\/gl\/#organization\"},\"image\":{\"@id\":\"https:\/\/www.adecose.com\/intermundial-lanza-su-nueva-campana-de-sostenibilidad-viaja-diferente-y-dale-la-vuelta-al-mundo-hazlo-sostenible\/#primaryimage\"},\"thumbnailUrl\":\"https:\/\/www.adecose.com\/wp-content\/uploads\/2025\/05\/Imagen-campana.jpg\",\"keywords\":[\"Corredur\u00edas de seguros\",\"Intermundial\",\"Sostenibilidad\"],\"articleSection\":[\"Espacio #Corredur\u00edasADECOSE\"],\"inLanguage\":\"gl-ES\"},{\"@type\":\"WebPage\",\"@id\":\"https:\/\/www.adecose.com\/intermundial-lanza-su-nueva-campana-de-sostenibilidad-viaja-diferente-y-dale-la-vuelta-al-mundo-hazlo-sostenible\/\",\"url\":\"https:\/\/www.adecose.com\/intermundial-lanza-su-nueva-campana-de-sostenibilidad-viaja-diferente-y-dale-la-vuelta-al-mundo-hazlo-sostenible\/\",\"name\":\"Intermundial lanza su nueva campa\u00f1a de sostenibilidad: \u201cViaja diferente y dale la vuelta al mundo. Hazlo sostenible.\u201d - ADECOSE\",\"isPartOf\":{\"@id\":\"https:\/\/www.adecose.com\/gl\/#website\"},\"primaryImageOfPage\":{\"@id\":\"https:\/\/www.adecose.com\/intermundial-lanza-su-nueva-campana-de-sostenibilidad-viaja-diferente-y-dale-la-vuelta-al-mundo-hazlo-sostenible\/#primaryimage\"},\"image\":{\"@id\":\"https:\/\/www.adecose.com\/intermundial-lanza-su-nueva-campana-de-sostenibilidad-viaja-diferente-y-dale-la-vuelta-al-mundo-hazlo-sostenible\/#primaryimage\"},\"thumbnailUrl\":\"https:\/\/www.adecose.com\/wp-content\/uploads\/2025\/05\/Imagen-campana.jpg\",\"datePublished\":\"2025-05-22T08:24:07+00:00\",\"breadcrumb\":{\"@id\":\"https:\/\/www.adecose.com\/intermundial-lanza-su-nueva-campana-de-sostenibilidad-viaja-diferente-y-dale-la-vuelta-al-mundo-hazlo-sostenible\/#breadcrumb\"},\"inLanguage\":\"gl-ES\",\"potentialAction\":[{\"@type\":\"ReadAction\",\"target\":[\"https:\/\/www.adecose.com\/intermundial-lanza-su-nueva-campana-de-sostenibilidad-viaja-diferente-y-dale-la-vuelta-al-mundo-hazlo-sostenible\/\"]}]},{\"@type\":\"ImageObject\",\"inLanguage\":\"gl-ES\",\"@id\":\"https:\/\/www.adecose.com\/intermundial-lanza-su-nueva-campana-de-sostenibilidad-viaja-diferente-y-dale-la-vuelta-al-mundo-hazlo-sostenible\/#primaryimage\",\"url\":\"https:\/\/www.adecose.com\/wp-content\/uploads\/2025\/05\/Imagen-campana.jpg\",\"contentUrl\":\"https:\/\/www.adecose.com\/wp-content\/uploads\/2025\/05\/Imagen-campana.jpg\",\"width\":1920,\"height\":1080},{\"@type\":\"BreadcrumbList\",\"@id\":\"https:\/\/www.adecose.com\/intermundial-lanza-su-nueva-campana-de-sostenibilidad-viaja-diferente-y-dale-la-vuelta-al-mundo-hazlo-sostenible\/#breadcrumb\",\"itemListElement\":[{\"@type\":\"ListItem\",\"position\":1,\"name\":\"Portada\",\"item\":\"https:\/\/www.adecose.com\/gl\/\"},{\"@type\":\"ListItem\",\"position\":2,\"name\":\"Intermundial lanza su nueva campa\u00f1a de sostenibilidad: \u201cViaja diferente y dale la vuelta al mundo. Hazlo sostenible.\u201d\"}]},{\"@type\":\"WebSite\",\"@id\":\"https:\/\/www.adecose.com\/gl\/#website\",\"url\":\"https:\/\/www.adecose.com\/gl\/\",\"name\":\"ADECOSE\",\"description\":\"Asociaci\u00f3n Espa\u00f1ola de Corretor\u00edas de Seguros e Reaseguros\",\"publisher\":{\"@id\":\"https:\/\/www.adecose.com\/gl\/#organization\"},\"potentialAction\":[{\"@type\":\"SearchAction\",\"target\":{\"@type\":\"EntryPoint\",\"urlTemplate\":\"https:\/\/www.adecose.com\/gl\/?s={search_term_string}\"},\"query-input\":{\"@type\":\"PropertyValueSpecification\",\"valueRequired\":true,\"valueName\":\"search_term_string\"}}],\"inLanguage\":\"gl-ES\"},{\"@type\":\"Organization\",\"@id\":\"https:\/\/www.adecose.com\/gl\/#organization\",\"name\":\"ADECOSE\",\"url\":\"https:\/\/www.adecose.com\/gl\/\",\"logo\":{\"@type\":\"ImageObject\",\"inLanguage\":\"gl-ES\",\"@id\":\"https:\/\/www.adecose.com\/gl\/#\/schema\/logo\/image\/\",\"url\":\"https:\/\/www.adecose.com\/wp-content\/uploads\/2020\/07\/favicon.png\",\"contentUrl\":\"https:\/\/www.adecose.com\/wp-content\/uploads\/2020\/07\/favicon.png\",\"width\":512,\"height\":512,\"caption\":\"ADECOSE\"},\"image\":{\"@id\":\"https:\/\/www.adecose.com\/gl\/#\/schema\/logo\/image\/\"}},{\"@type\":\"Person\",\"@id\":\"https:\/\/www.adecose.com\/gl\/#\/schema\/person\/ff086ce55f6379e1d225a2c0dca5eeb6\",\"name\":\"Comunicaci\u00f3n ADECOSE\",\"image\":{\"@type\":\"ImageObject\",\"inLanguage\":\"gl-ES\",\"@id\":\"https:\/\/secure.gravatar.com\/avatar\/01cd1f9571997441bf1da6d1cc147351305f03fe8f2acf1ebbec60ebb26924ce?s=96&d=mm&r=g\",\"url\":\"https:\/\/secure.gravatar.com\/avatar\/01cd1f9571997441bf1da6d1cc147351305f03fe8f2acf1ebbec60ebb26924ce?s=96&d=mm&r=g\",\"contentUrl\":\"https:\/\/secure.gravatar.com\/avatar\/01cd1f9571997441bf1da6d1cc147351305f03fe8f2acf1ebbec60ebb26924ce?s=96&d=mm&r=g\",\"caption\":\"Comunicaci\u00f3n ADECOSE\"}}]}<\/script>\n<!-- \/ Yoast SEO plugin. -->","yoast_head_json":{"title":"Intermundial lanza su nueva campa\u00f1a de sostenibilidad: \u201cViaja diferente y dale la vuelta al mundo. Hazlo sostenible.\u201d - ADECOSE","robots":{"index":"index","follow":"follow","max-snippet":"max-snippet:-1","max-image-preview":"max-image-preview:large","max-video-preview":"max-video-preview:-1"},"canonical":"https:\/\/www.adecose.com\/intermundial-lanza-su-nueva-campana-de-sostenibilidad-viaja-diferente-y-dale-la-vuelta-al-mundo-hazlo-sostenible\/","og_locale":"gl_ES","og_type":"article","og_title":"Intermundial lanza su nueva campa\u00f1a de sostenibilidad: \u201cViaja diferente y dale la vuelta al mundo. Hazlo sostenible.\u201d - ADECOSE","og_description":"Invita a viajar de forma consciente, dejando una huella positiva en cada destino. Presenta el sello \u201cSoy sostenible\u201d como s\u00edmbolo de compromiso real con el...","og_url":"https:\/\/www.adecose.com\/intermundial-lanza-su-nueva-campana-de-sostenibilidad-viaja-diferente-y-dale-la-vuelta-al-mundo-hazlo-sostenible\/","og_site_name":"ADECOSE","article_published_time":"2025-05-22T08:24:07+00:00","og_image":[{"width":1920,"height":1080,"url":"https:\/\/www.adecose.com\/wp-content\/uploads\/2025\/05\/Imagen-campana.jpg","type":"image\/jpeg"}],"author":"Comunicaci\u00f3n ADECOSE","twitter_card":"summary_large_image","twitter_misc":{"Escrito por":"Comunicaci\u00f3n ADECOSE","Tempo de lectura":"3 minutos"},"schema":{"@context":"https:\/\/schema.org","@graph":[{"@type":"Article","@id":"https:\/\/www.adecose.com\/intermundial-lanza-su-nueva-campana-de-sostenibilidad-viaja-diferente-y-dale-la-vuelta-al-mundo-hazlo-sostenible\/#article","isPartOf":{"@id":"https:\/\/www.adecose.com\/intermundial-lanza-su-nueva-campana-de-sostenibilidad-viaja-diferente-y-dale-la-vuelta-al-mundo-hazlo-sostenible\/"},"author":{"name":"Comunicaci\u00f3n ADECOSE","@id":"https:\/\/www.adecose.com\/gl\/#\/schema\/person\/ff086ce55f6379e1d225a2c0dca5eeb6"},"headline":"Intermundial lanza su nueva campa\u00f1a de sostenibilidad: \u201cViaja diferente y dale la vuelta al mundo. Hazlo sostenible.\u201d","datePublished":"2025-05-22T08:24:07+00:00","mainEntityOfPage":{"@id":"https:\/\/www.adecose.com\/intermundial-lanza-su-nueva-campana-de-sostenibilidad-viaja-diferente-y-dale-la-vuelta-al-mundo-hazlo-sostenible\/"},"wordCount":565,"publisher":{"@id":"https:\/\/www.adecose.com\/gl\/#organization"},"image":{"@id":"https:\/\/www.adecose.com\/intermundial-lanza-su-nueva-campana-de-sostenibilidad-viaja-diferente-y-dale-la-vuelta-al-mundo-hazlo-sostenible\/#primaryimage"},"thumbnailUrl":"https:\/\/www.adecose.com\/wp-content\/uploads\/2025\/05\/Imagen-campana.jpg","keywords":["Corredur\u00edas de seguros","Intermundial","Sostenibilidad"],"articleSection":["Espacio #Corredur\u00edasADECOSE"],"inLanguage":"gl-ES"},{"@type":"WebPage","@id":"https:\/\/www.adecose.com\/intermundial-lanza-su-nueva-campana-de-sostenibilidad-viaja-diferente-y-dale-la-vuelta-al-mundo-hazlo-sostenible\/","url":"https:\/\/www.adecose.com\/intermundial-lanza-su-nueva-campana-de-sostenibilidad-viaja-diferente-y-dale-la-vuelta-al-mundo-hazlo-sostenible\/","name":"Intermundial lanza su nueva campa\u00f1a de sostenibilidad: \u201cViaja diferente y dale la vuelta al mundo. Hazlo sostenible.\u201d - ADECOSE","isPartOf":{"@id":"https:\/\/www.adecose.com\/gl\/#website"},"primaryImageOfPage":{"@id":"https:\/\/www.adecose.com\/intermundial-lanza-su-nueva-campana-de-sostenibilidad-viaja-diferente-y-dale-la-vuelta-al-mundo-hazlo-sostenible\/#primaryimage"},"image":{"@id":"https:\/\/www.adecose.com\/intermundial-lanza-su-nueva-campana-de-sostenibilidad-viaja-diferente-y-dale-la-vuelta-al-mundo-hazlo-sostenible\/#primaryimage"},"thumbnailUrl":"https:\/\/www.adecose.com\/wp-content\/uploads\/2025\/05\/Imagen-campana.jpg","datePublished":"2025-05-22T08:24:07+00:00","breadcrumb":{"@id":"https:\/\/www.adecose.com\/intermundial-lanza-su-nueva-campana-de-sostenibilidad-viaja-diferente-y-dale-la-vuelta-al-mundo-hazlo-sostenible\/#breadcrumb"},"inLanguage":"gl-ES","potentialAction":[{"@type":"ReadAction","target":["https:\/\/www.adecose.com\/intermundial-lanza-su-nueva-campana-de-sostenibilidad-viaja-diferente-y-dale-la-vuelta-al-mundo-hazlo-sostenible\/"]}]},{"@type":"ImageObject","inLanguage":"gl-ES","@id":"https:\/\/www.adecose.com\/intermundial-lanza-su-nueva-campana-de-sostenibilidad-viaja-diferente-y-dale-la-vuelta-al-mundo-hazlo-sostenible\/#primaryimage","url":"https:\/\/www.adecose.com\/wp-content\/uploads\/2025\/05\/Imagen-campana.jpg","contentUrl":"https:\/\/www.adecose.com\/wp-content\/uploads\/2025\/05\/Imagen-campana.jpg","width":1920,"height":1080},{"@type":"BreadcrumbList","@id":"https:\/\/www.adecose.com\/intermundial-lanza-su-nueva-campana-de-sostenibilidad-viaja-diferente-y-dale-la-vuelta-al-mundo-hazlo-sostenible\/#breadcrumb","itemListElement":[{"@type":"ListItem","position":1,"name":"Portada","item":"https:\/\/www.adecose.com\/gl\/"},{"@type":"ListItem","position":2,"name":"Intermundial lanza su nueva campa\u00f1a de sostenibilidad: \u201cViaja diferente y dale la vuelta al mundo. Hazlo sostenible.\u201d"}]},{"@type":"WebSite","@id":"https:\/\/www.adecose.com\/gl\/#website","url":"https:\/\/www.adecose.com\/gl\/","name":"ADECOSE","description":"Asociaci\u00f3n Espa\u00f1ola de Corretor\u00edas de Seguros e Reaseguros","publisher":{"@id":"https:\/\/www.adecose.com\/gl\/#organization"},"potentialAction":[{"@type":"SearchAction","target":{"@type":"EntryPoint","urlTemplate":"https:\/\/www.adecose.com\/gl\/?s={search_term_string}"},"query-input":{"@type":"PropertyValueSpecification","valueRequired":true,"valueName":"search_term_string"}}],"inLanguage":"gl-ES"},{"@type":"Organization","@id":"https:\/\/www.adecose.com\/gl\/#organization","name":"ADECOSE","url":"https:\/\/www.adecose.com\/gl\/","logo":{"@type":"ImageObject","inLanguage":"gl-ES","@id":"https:\/\/www.adecose.com\/gl\/#\/schema\/logo\/image\/","url":"https:\/\/www.adecose.com\/wp-content\/uploads\/2020\/07\/favicon.png","contentUrl":"https:\/\/www.adecose.com\/wp-content\/uploads\/2020\/07\/favicon.png","width":512,"height":512,"caption":"ADECOSE"},"image":{"@id":"https:\/\/www.adecose.com\/gl\/#\/schema\/logo\/image\/"}},{"@type":"Person","@id":"https:\/\/www.adecose.com\/gl\/#\/schema\/person\/ff086ce55f6379e1d225a2c0dca5eeb6","name":"Comunicaci\u00f3n ADECOSE","image":{"@type":"ImageObject","inLanguage":"gl-ES","@id":"https:\/\/secure.gravatar.com\/avatar\/01cd1f9571997441bf1da6d1cc147351305f03fe8f2acf1ebbec60ebb26924ce?s=96&d=mm&r=g","url":"https:\/\/secure.gravatar.com\/avatar\/01cd1f9571997441bf1da6d1cc147351305f03fe8f2acf1ebbec60ebb26924ce?s=96&d=mm&r=g","contentUrl":"https:\/\/secure.gravatar.com\/avatar\/01cd1f9571997441bf1da6d1cc147351305f03fe8f2acf1ebbec60ebb26924ce?s=96&d=mm&r=g","caption":"Comunicaci\u00f3n ADECOSE"}}]}},"_links":{"self":[{"href":"https:\/\/www.adecose.com\/gl\/wp-json\/wp\/v2\/posts\/19207","targetHints":{"allow":["GET"]}}],"collection":[{"href":"https:\/\/www.adecose.com\/gl\/wp-json\/wp\/v2\/posts"}],"about":[{"href":"https:\/\/www.adecose.com\/gl\/wp-json\/wp\/v2\/types\/post"}],"author":[{"embeddable":true,"href":"https:\/\/www.adecose.com\/gl\/wp-json\/wp\/v2\/users\/197"}],"replies":[{"embeddable":true,"href":"https:\/\/www.adecose.com\/gl\/wp-json\/wp\/v2\/comments?post=19207"}],"version-history":[{"count":0,"href":"https:\/\/www.adecose.com\/gl\/wp-json\/wp\/v2\/posts\/19207\/revisions"}],"wp:featuredmedia":[{"embeddable":true,"href":"https:\/\/www.adecose.com\/gl\/wp-json\/wp\/v2\/media\/19208"}],"wp:attachment":[{"href":"https:\/\/www.adecose.com\/gl\/wp-json\/wp\/v2\/media?parent=19207"}],"wp:term":[{"taxonomy":"category","embeddable":true,"href":"https:\/\/www.adecose.com\/gl\/wp-json\/wp\/v2\/categories?post=19207"},{"taxonomy":"post_tag","embeddable":true,"href":"https:\/\/www.adecose.com\/gl\/wp-json\/wp\/v2\/tags?post=19207"}],"curies":[{"name":"wp","href":"https:\/\/api.w.org\/{rel}","templated":true}]}}