{"id":18514,"date":"2025-01-31T14:29:40","date_gmt":"2025-01-31T13:29:40","guid":{"rendered":"https:\/\/www.adecose.com\/?p=18514"},"modified":"2025-01-31T14:29:40","modified_gmt":"2025-01-31T13:29:40","slug":"adecose-asiste-a-la-reunion-semestral-de-bipar-en-frankfurt","status":"publish","type":"post","link":"https:\/\/www.adecose.com\/gl\/adecose-asiste-a-la-reunion-semestral-de-bipar-en-frankfurt\/","title":{"rendered":"ADECOSE asiste a la reuni\u00f3n semestral de BIPAR en Frankfurt"},"content":{"rendered":"<ul>\n<li><em>ADECOSE ha participado en la reuni\u00f3n semestral de BIPAR, celebrada el 30 y 31 de enero en Frankfurt.<\/em><\/li>\n<\/ul>\n<ul>\n<li><em>EIOPA, la Autoridad Europea de Seguros y Pensiones de Jubilaci\u00f3n quien tiene su sede en la capital financiera alemana, ha sido la gran protagonista de este encuentro entre los mediadores de seguros europeos.<\/em><\/li>\n<\/ul>\n<p>Una delegaci\u00f3n de ADECOSE compuesta por Borja L\u00f3pez-Chicheri -director gerente- y Marta Mari\u00f1o- responsable de Asuntos Corporativos- ha participado en la reuni\u00f3n semestral que BIPAR (Federaci\u00f3n Europea de Intermediarios de Seguros) ha celebrado Frankfurt los d\u00edas 30 y 31 de enero, donde se han reencontrado m\u00e1s de 120 representantes de las organizaciones europeas.<\/p>\n<p>La jornada fue inaugurada por la presidenta de EIOPA, Petra Hielkema quien adelant\u00f3 los temas a tratar durante el <em>meeting<\/em>, los cuales coinciden con los desaf\u00edos del sector asegurador en Europa: el uso de la Inteligencia Artificial, la relaci\u00f3n del Cambio Clim\u00e1tico en la ocurrencia de cat\u00e1strofes naturales, el sistema de pensiones, la dualidad entre regulaci\u00f3n y competitividad, y la atracci\u00f3n de talento joven a la industria aseguradora.<\/p>\n<p>En este \u00faltimo punto, la presidenta de la Autoridad Europea incidi\u00f3 especialmente en la elevada edad media de la fuerza laboral del sector, as\u00ed como la falta de sucesi\u00f3n en la distribuci\u00f3n de seguros. Por tanto, anim\u00f3 a los presentes en trabajar ciertos aspectos como la flexibilidad laboral, la innovaci\u00f3n, la sostenibilidad y replanteamiento de los valores empresariales para llamar la atenci\u00f3n de los m\u00e1s j\u00f3venes.<\/p>\n<p>Fausto Parente, director ejecutivo de EIOPA, explic\u00f3 con detalles el funcionamiento de la Autoridad Europea, haciendo hincapi\u00e9 en los instrumentos regulatorios. Asimismo, entr\u00f3 en un debate con Henck Becquaert, miembro de la directiva del \u00f3rgano de supervisi\u00f3n de servicios financieros y mercados belga (FSMA), en el que ambos coincidieron que el cliente es lo m\u00e1s importante en la cadena de distribuci\u00f3n de seguros.<\/p>\n<p>Siguiendo los puntos destacados por la presidenta, se present\u00f3 el informe sobre la digitalizaci\u00f3n de la industria aseguradora en Europa de la mano de Timothy Shakesby, jefe de la Unidad Horizontal en Finanzas Digitales de EIOPA. La informaci\u00f3n recogida en dicho estudio viene a subrayar que no hay una disrupci\u00f3n en los canales de comunicaci\u00f3n, pero s\u00ed hay una nueva tendencia entre los clientes, quienes parecen tener una clara preferencia por las ventas h\u00edbridas. \u201cInicialmente, los consumidores prefieren ver la informaci\u00f3n del producto de seguro de manera online, sin embargo, quieren contar con un profesional especializado para finalizar el proceso de contrataci\u00f3n\u201d.<\/p>\n<p>Por otro lado, Carlos Guin\u00e9, jefe de la Unidad Horizontal de Sostenibilidad de EIOPA, present\u00f3 la evoluci\u00f3n al alza de las p\u00e9rdidas econ\u00f3micas debido a las cat\u00e1strofes naturales en Europa, donde se puede ver una clara tendencia en el incremento no solo en la frecuencia de los siniestros, sino tambi\u00e9n en el aumento de la virulencia de los eventos catastr\u00f3ficos. Es por ello que, desde la Autoridad Europea, se est\u00e1 trabajando ya en varias iniciativas para crear conciencia en los consumidores sobre los riesgos a los que se enfrentan. A la mesa de sostenibilidad se sum\u00f3 Christos Adamantiadis, CEO de Marsh McLennan en Europa, quien dio una descripci\u00f3n general sobre el informe de Riesgos Globales 2025 que el br\u00f3ker realiza todos los a\u00f1os, que viene a confirmar los desaf\u00edos tratados durante toda la jornada, incluyendo la ciberseguridad.<\/p>\n<p>Desde el punto de visto regulatorio y de negocio, Val\u00e9rie Mariatte-Wood, jefa del Departamento de Protecci\u00f3n del Consumidor de EIOPA hizo un repaso exhaustivo de los temas que se est\u00e1n tratando y dio a conocer a los asistentes detalles sobre la iniciativa de <em>Mistery Shopping<\/em> llevada a cabo por la Autoridad Europea, cuya mayor conclusi\u00f3n es que \u201cse deben mejorar los mecanismos de protecci\u00f3n al cliente, hacerlos m\u00e1s simples para que el mediador de seguros alcance una mayor eficiencia y obtenga mejores resultados a la hora de ofrecer al consumidor productos aseguradores\u201d.<\/p>\n<p>El negocio transfronterizo fue otro de los asuntos que se trataron en la reuni\u00f3n. Marco Traversa, l\u00edder de equipo de la Unidad de Vigilancia de Conducta de Negocio de EIOPA, dio detalles de la movilidad del negocio de los distribuidores de seguros en Europa, el cual va creciendo, m\u00e1s de manera latente que sustancialmente, siendo los <em>Unit Linked<\/em> y los seguros de aviaci\u00f3n los productos m\u00e1s susceptibles de salir de las fronteras del mediador de seguros que los intermedia.<\/p>\n<p>El sistema de pensiones tambi\u00e9n ocup\u00f3 las conversaciones de gran parte de los ponentes, pero fue Tilman Lueder, jefe de Unidad de Seguros y Pensiones de la Direcci\u00f3n General de Estabilidad Financiera, Servicios Financieros y Uni\u00f3n de Mercados Capitales de la Comisi\u00f3n Europea (FISMA) quien entr\u00f3 en fondo de la brecha de pensiones entre los pa\u00edses miembros de la Uni\u00f3n Europea, algo que preocupa profundamente, sobre de todo la falta de previsi\u00f3n en la jubilaci\u00f3n en los clientes y las diferencias en los planes entre un pa\u00eds y otro.<\/p>\n<p>Por \u00faltimo, David Cowan, l\u00edder del equipo de Conductas de Pol\u00edticas Empresariales de EIOPA, trat\u00f3 igualmente el tema de las pensiones e inform\u00f3 sobre la agenda regulatoria y el plan de acci\u00f3n para los pr\u00f3ximos 12 meses.<\/p>\n","protected":false},"excerpt":{"rendered":"<p>ADECOSE ha participado en la reuni\u00f3n semestral de BIPAR, celebrada el 30 y 31 de enero en Frankfurt. EIOPA, la Autoridad Europea de Seguros y&#8230;<\/p>\n","protected":false},"author":197,"featured_media":18515,"comment_status":"closed","ping_status":"closed","sticky":false,"template":"","format":"standard","meta":{"_acf_changed":false,"_price":"","_stock":"","_tribe_ticket_header":"","_tribe_default_ticket_provider":"","_tribe_ticket_capacity":"0","_ticket_start_date":"","_ticket_end_date":"","_tribe_ticket_show_description":"","_tribe_ticket_show_not_going":false,"_tribe_ticket_use_global_stock":"","_tribe_ticket_global_stock_level":"","_global_stock_mode":"","_global_stock_cap":"","_tribe_rsvp_for_event":"","_tribe_ticket_going_count":"","_tribe_ticket_not_going_count":"","_tribe_tickets_list":"[]","_tribe_ticket_has_attendee_info_fields":false,"footnotes":""},"categories":[2],"tags":[284,288,551,550],"class_list":["post-18514","post","type-post","status-publish","format-standard","has-post-thumbnail","category-noticias","tag-adecose","tag-bipar","tag-normativa-europea","tag-relaciones-internacionales"],"acf":[],"yoast_head":"<!-- This site is optimized with the Yoast SEO plugin v27.2 - https:\/\/yoast.com\/product\/yoast-seo-wordpress\/ -->\n<title>ADECOSE asiste a la reuni\u00f3n semestral de BIPAR en Frankfurt - ADECOSE<\/title>\n<meta name=\"robots\" content=\"index, follow, max-snippet:-1, max-image-preview:large, max-video-preview:-1\" \/>\n<link rel=\"canonical\" href=\"https:\/\/www.adecose.com\/adecose-asiste-a-la-reunion-semestral-de-bipar-en-frankfurt\/\" \/>\n<meta property=\"og:locale\" content=\"gl_ES\" \/>\n<meta property=\"og:type\" content=\"article\" \/>\n<meta property=\"og:title\" content=\"ADECOSE asiste a la reuni\u00f3n semestral de BIPAR en Frankfurt - ADECOSE\" \/>\n<meta property=\"og:description\" content=\"ADECOSE ha participado en la reuni\u00f3n semestral de BIPAR, celebrada el 30 y 31 de enero en Frankfurt. EIOPA, la Autoridad Europea de Seguros y...\" \/>\n<meta property=\"og:url\" content=\"https:\/\/www.adecose.com\/adecose-asiste-a-la-reunion-semestral-de-bipar-en-frankfurt\/\" \/>\n<meta property=\"og:site_name\" content=\"ADECOSE\" \/>\n<meta property=\"article:published_time\" content=\"2025-01-31T13:29:40+00:00\" \/>\n<meta property=\"og:image\" content=\"https:\/\/www.adecose.com\/wp-content\/uploads\/2025\/01\/ADECOSE-BIPAR-EIOPA.jpeg\" \/>\n\t<meta property=\"og:image:width\" content=\"1536\" \/>\n\t<meta property=\"og:image:height\" content=\"969\" \/>\n\t<meta property=\"og:image:type\" content=\"image\/jpeg\" \/>\n<meta name=\"author\" content=\"Comunicaci\u00f3n ADECOSE\" \/>\n<meta name=\"twitter:card\" content=\"summary_large_image\" \/>\n<meta name=\"twitter:label1\" content=\"Escrito por\" \/>\n\t<meta name=\"twitter:data1\" content=\"Comunicaci\u00f3n ADECOSE\" \/>\n\t<meta name=\"twitter:label2\" content=\"Tempo de lectura\" \/>\n\t<meta name=\"twitter:data2\" content=\"5 minutos\" \/>\n<script type=\"application\/ld+json\" class=\"yoast-schema-graph\">{\"@context\":\"https:\/\/schema.org\",\"@graph\":[{\"@type\":\"Article\",\"@id\":\"https:\/\/www.adecose.com\/adecose-asiste-a-la-reunion-semestral-de-bipar-en-frankfurt\/#article\",\"isPartOf\":{\"@id\":\"https:\/\/www.adecose.com\/adecose-asiste-a-la-reunion-semestral-de-bipar-en-frankfurt\/\"},\"author\":{\"name\":\"Comunicaci\u00f3n ADECOSE\",\"@id\":\"https:\/\/www.adecose.com\/gl\/#\/schema\/person\/ff086ce55f6379e1d225a2c0dca5eeb6\"},\"headline\":\"ADECOSE asiste a la reuni\u00f3n semestral de BIPAR en Frankfurt\",\"datePublished\":\"2025-01-31T13:29:40+00:00\",\"mainEntityOfPage\":{\"@id\":\"https:\/\/www.adecose.com\/adecose-asiste-a-la-reunion-semestral-de-bipar-en-frankfurt\/\"},\"wordCount\":906,\"publisher\":{\"@id\":\"https:\/\/www.adecose.com\/gl\/#organization\"},\"image\":{\"@id\":\"https:\/\/www.adecose.com\/adecose-asiste-a-la-reunion-semestral-de-bipar-en-frankfurt\/#primaryimage\"},\"thumbnailUrl\":\"https:\/\/www.adecose.com\/wp-content\/uploads\/2025\/01\/ADECOSE-BIPAR-EIOPA.jpeg\",\"keywords\":[\"ADECOSE\",\"BIPAR\",\"Normativa Europea\",\"Relaciones Internacionales\"],\"articleSection\":[\"Noticias\"],\"inLanguage\":\"gl-ES\"},{\"@type\":\"WebPage\",\"@id\":\"https:\/\/www.adecose.com\/adecose-asiste-a-la-reunion-semestral-de-bipar-en-frankfurt\/\",\"url\":\"https:\/\/www.adecose.com\/adecose-asiste-a-la-reunion-semestral-de-bipar-en-frankfurt\/\",\"name\":\"ADECOSE asiste a la reuni\u00f3n semestral de BIPAR en Frankfurt - ADECOSE\",\"isPartOf\":{\"@id\":\"https:\/\/www.adecose.com\/gl\/#website\"},\"primaryImageOfPage\":{\"@id\":\"https:\/\/www.adecose.com\/adecose-asiste-a-la-reunion-semestral-de-bipar-en-frankfurt\/#primaryimage\"},\"image\":{\"@id\":\"https:\/\/www.adecose.com\/adecose-asiste-a-la-reunion-semestral-de-bipar-en-frankfurt\/#primaryimage\"},\"thumbnailUrl\":\"https:\/\/www.adecose.com\/wp-content\/uploads\/2025\/01\/ADECOSE-BIPAR-EIOPA.jpeg\",\"datePublished\":\"2025-01-31T13:29:40+00:00\",\"breadcrumb\":{\"@id\":\"https:\/\/www.adecose.com\/adecose-asiste-a-la-reunion-semestral-de-bipar-en-frankfurt\/#breadcrumb\"},\"inLanguage\":\"gl-ES\",\"potentialAction\":[{\"@type\":\"ReadAction\",\"target\":[\"https:\/\/www.adecose.com\/adecose-asiste-a-la-reunion-semestral-de-bipar-en-frankfurt\/\"]}]},{\"@type\":\"ImageObject\",\"inLanguage\":\"gl-ES\",\"@id\":\"https:\/\/www.adecose.com\/adecose-asiste-a-la-reunion-semestral-de-bipar-en-frankfurt\/#primaryimage\",\"url\":\"https:\/\/www.adecose.com\/wp-content\/uploads\/2025\/01\/ADECOSE-BIPAR-EIOPA.jpeg\",\"contentUrl\":\"https:\/\/www.adecose.com\/wp-content\/uploads\/2025\/01\/ADECOSE-BIPAR-EIOPA.jpeg\",\"width\":1536,\"height\":969},{\"@type\":\"BreadcrumbList\",\"@id\":\"https:\/\/www.adecose.com\/adecose-asiste-a-la-reunion-semestral-de-bipar-en-frankfurt\/#breadcrumb\",\"itemListElement\":[{\"@type\":\"ListItem\",\"position\":1,\"name\":\"Portada\",\"item\":\"https:\/\/www.adecose.com\/gl\/\"},{\"@type\":\"ListItem\",\"position\":2,\"name\":\"ADECOSE asiste a la reuni\u00f3n semestral de BIPAR en Frankfurt\"}]},{\"@type\":\"WebSite\",\"@id\":\"https:\/\/www.adecose.com\/gl\/#website\",\"url\":\"https:\/\/www.adecose.com\/gl\/\",\"name\":\"ADECOSE\",\"description\":\"Asociaci\u00f3n Espa\u00f1ola de Corretor\u00edas de Seguros e Reaseguros\",\"publisher\":{\"@id\":\"https:\/\/www.adecose.com\/gl\/#organization\"},\"potentialAction\":[{\"@type\":\"SearchAction\",\"target\":{\"@type\":\"EntryPoint\",\"urlTemplate\":\"https:\/\/www.adecose.com\/gl\/?s={search_term_string}\"},\"query-input\":{\"@type\":\"PropertyValueSpecification\",\"valueRequired\":true,\"valueName\":\"search_term_string\"}}],\"inLanguage\":\"gl-ES\"},{\"@type\":\"Organization\",\"@id\":\"https:\/\/www.adecose.com\/gl\/#organization\",\"name\":\"ADECOSE\",\"url\":\"https:\/\/www.adecose.com\/gl\/\",\"logo\":{\"@type\":\"ImageObject\",\"inLanguage\":\"gl-ES\",\"@id\":\"https:\/\/www.adecose.com\/gl\/#\/schema\/logo\/image\/\",\"url\":\"https:\/\/www.adecose.com\/wp-content\/uploads\/2020\/07\/favicon.png\",\"contentUrl\":\"https:\/\/www.adecose.com\/wp-content\/uploads\/2020\/07\/favicon.png\",\"width\":512,\"height\":512,\"caption\":\"ADECOSE\"},\"image\":{\"@id\":\"https:\/\/www.adecose.com\/gl\/#\/schema\/logo\/image\/\"}},{\"@type\":\"Person\",\"@id\":\"https:\/\/www.adecose.com\/gl\/#\/schema\/person\/ff086ce55f6379e1d225a2c0dca5eeb6\",\"name\":\"Comunicaci\u00f3n ADECOSE\",\"image\":{\"@type\":\"ImageObject\",\"inLanguage\":\"gl-ES\",\"@id\":\"https:\/\/secure.gravatar.com\/avatar\/01cd1f9571997441bf1da6d1cc147351305f03fe8f2acf1ebbec60ebb26924ce?s=96&d=mm&r=g\",\"url\":\"https:\/\/secure.gravatar.com\/avatar\/01cd1f9571997441bf1da6d1cc147351305f03fe8f2acf1ebbec60ebb26924ce?s=96&d=mm&r=g\",\"contentUrl\":\"https:\/\/secure.gravatar.com\/avatar\/01cd1f9571997441bf1da6d1cc147351305f03fe8f2acf1ebbec60ebb26924ce?s=96&d=mm&r=g\",\"caption\":\"Comunicaci\u00f3n ADECOSE\"}}]}<\/script>\n<!-- \/ Yoast SEO plugin. -->","yoast_head_json":{"title":"ADECOSE asiste a la reuni\u00f3n semestral de BIPAR en Frankfurt - ADECOSE","robots":{"index":"index","follow":"follow","max-snippet":"max-snippet:-1","max-image-preview":"max-image-preview:large","max-video-preview":"max-video-preview:-1"},"canonical":"https:\/\/www.adecose.com\/adecose-asiste-a-la-reunion-semestral-de-bipar-en-frankfurt\/","og_locale":"gl_ES","og_type":"article","og_title":"ADECOSE asiste a la reuni\u00f3n semestral de BIPAR en Frankfurt - ADECOSE","og_description":"ADECOSE ha participado en la reuni\u00f3n semestral de BIPAR, celebrada el 30 y 31 de enero en Frankfurt. EIOPA, la Autoridad Europea de Seguros y...","og_url":"https:\/\/www.adecose.com\/adecose-asiste-a-la-reunion-semestral-de-bipar-en-frankfurt\/","og_site_name":"ADECOSE","article_published_time":"2025-01-31T13:29:40+00:00","og_image":[{"width":1536,"height":969,"url":"https:\/\/www.adecose.com\/wp-content\/uploads\/2025\/01\/ADECOSE-BIPAR-EIOPA.jpeg","type":"image\/jpeg"}],"author":"Comunicaci\u00f3n ADECOSE","twitter_card":"summary_large_image","twitter_misc":{"Escrito por":"Comunicaci\u00f3n ADECOSE","Tempo de lectura":"5 minutos"},"schema":{"@context":"https:\/\/schema.org","@graph":[{"@type":"Article","@id":"https:\/\/www.adecose.com\/adecose-asiste-a-la-reunion-semestral-de-bipar-en-frankfurt\/#article","isPartOf":{"@id":"https:\/\/www.adecose.com\/adecose-asiste-a-la-reunion-semestral-de-bipar-en-frankfurt\/"},"author":{"name":"Comunicaci\u00f3n ADECOSE","@id":"https:\/\/www.adecose.com\/gl\/#\/schema\/person\/ff086ce55f6379e1d225a2c0dca5eeb6"},"headline":"ADECOSE asiste a la reuni\u00f3n semestral de BIPAR en Frankfurt","datePublished":"2025-01-31T13:29:40+00:00","mainEntityOfPage":{"@id":"https:\/\/www.adecose.com\/adecose-asiste-a-la-reunion-semestral-de-bipar-en-frankfurt\/"},"wordCount":906,"publisher":{"@id":"https:\/\/www.adecose.com\/gl\/#organization"},"image":{"@id":"https:\/\/www.adecose.com\/adecose-asiste-a-la-reunion-semestral-de-bipar-en-frankfurt\/#primaryimage"},"thumbnailUrl":"https:\/\/www.adecose.com\/wp-content\/uploads\/2025\/01\/ADECOSE-BIPAR-EIOPA.jpeg","keywords":["ADECOSE","BIPAR","Normativa Europea","Relaciones Internacionales"],"articleSection":["Noticias"],"inLanguage":"gl-ES"},{"@type":"WebPage","@id":"https:\/\/www.adecose.com\/adecose-asiste-a-la-reunion-semestral-de-bipar-en-frankfurt\/","url":"https:\/\/www.adecose.com\/adecose-asiste-a-la-reunion-semestral-de-bipar-en-frankfurt\/","name":"ADECOSE asiste a la reuni\u00f3n semestral de BIPAR en Frankfurt - ADECOSE","isPartOf":{"@id":"https:\/\/www.adecose.com\/gl\/#website"},"primaryImageOfPage":{"@id":"https:\/\/www.adecose.com\/adecose-asiste-a-la-reunion-semestral-de-bipar-en-frankfurt\/#primaryimage"},"image":{"@id":"https:\/\/www.adecose.com\/adecose-asiste-a-la-reunion-semestral-de-bipar-en-frankfurt\/#primaryimage"},"thumbnailUrl":"https:\/\/www.adecose.com\/wp-content\/uploads\/2025\/01\/ADECOSE-BIPAR-EIOPA.jpeg","datePublished":"2025-01-31T13:29:40+00:00","breadcrumb":{"@id":"https:\/\/www.adecose.com\/adecose-asiste-a-la-reunion-semestral-de-bipar-en-frankfurt\/#breadcrumb"},"inLanguage":"gl-ES","potentialAction":[{"@type":"ReadAction","target":["https:\/\/www.adecose.com\/adecose-asiste-a-la-reunion-semestral-de-bipar-en-frankfurt\/"]}]},{"@type":"ImageObject","inLanguage":"gl-ES","@id":"https:\/\/www.adecose.com\/adecose-asiste-a-la-reunion-semestral-de-bipar-en-frankfurt\/#primaryimage","url":"https:\/\/www.adecose.com\/wp-content\/uploads\/2025\/01\/ADECOSE-BIPAR-EIOPA.jpeg","contentUrl":"https:\/\/www.adecose.com\/wp-content\/uploads\/2025\/01\/ADECOSE-BIPAR-EIOPA.jpeg","width":1536,"height":969},{"@type":"BreadcrumbList","@id":"https:\/\/www.adecose.com\/adecose-asiste-a-la-reunion-semestral-de-bipar-en-frankfurt\/#breadcrumb","itemListElement":[{"@type":"ListItem","position":1,"name":"Portada","item":"https:\/\/www.adecose.com\/gl\/"},{"@type":"ListItem","position":2,"name":"ADECOSE asiste a la reuni\u00f3n semestral de BIPAR en Frankfurt"}]},{"@type":"WebSite","@id":"https:\/\/www.adecose.com\/gl\/#website","url":"https:\/\/www.adecose.com\/gl\/","name":"ADECOSE","description":"Asociaci\u00f3n Espa\u00f1ola de Corretor\u00edas de Seguros e Reaseguros","publisher":{"@id":"https:\/\/www.adecose.com\/gl\/#organization"},"potentialAction":[{"@type":"SearchAction","target":{"@type":"EntryPoint","urlTemplate":"https:\/\/www.adecose.com\/gl\/?s={search_term_string}"},"query-input":{"@type":"PropertyValueSpecification","valueRequired":true,"valueName":"search_term_string"}}],"inLanguage":"gl-ES"},{"@type":"Organization","@id":"https:\/\/www.adecose.com\/gl\/#organization","name":"ADECOSE","url":"https:\/\/www.adecose.com\/gl\/","logo":{"@type":"ImageObject","inLanguage":"gl-ES","@id":"https:\/\/www.adecose.com\/gl\/#\/schema\/logo\/image\/","url":"https:\/\/www.adecose.com\/wp-content\/uploads\/2020\/07\/favicon.png","contentUrl":"https:\/\/www.adecose.com\/wp-content\/uploads\/2020\/07\/favicon.png","width":512,"height":512,"caption":"ADECOSE"},"image":{"@id":"https:\/\/www.adecose.com\/gl\/#\/schema\/logo\/image\/"}},{"@type":"Person","@id":"https:\/\/www.adecose.com\/gl\/#\/schema\/person\/ff086ce55f6379e1d225a2c0dca5eeb6","name":"Comunicaci\u00f3n ADECOSE","image":{"@type":"ImageObject","inLanguage":"gl-ES","@id":"https:\/\/secure.gravatar.com\/avatar\/01cd1f9571997441bf1da6d1cc147351305f03fe8f2acf1ebbec60ebb26924ce?s=96&d=mm&r=g","url":"https:\/\/secure.gravatar.com\/avatar\/01cd1f9571997441bf1da6d1cc147351305f03fe8f2acf1ebbec60ebb26924ce?s=96&d=mm&r=g","contentUrl":"https:\/\/secure.gravatar.com\/avatar\/01cd1f9571997441bf1da6d1cc147351305f03fe8f2acf1ebbec60ebb26924ce?s=96&d=mm&r=g","caption":"Comunicaci\u00f3n ADECOSE"}}]}},"_links":{"self":[{"href":"https:\/\/www.adecose.com\/gl\/wp-json\/wp\/v2\/posts\/18514","targetHints":{"allow":["GET"]}}],"collection":[{"href":"https:\/\/www.adecose.com\/gl\/wp-json\/wp\/v2\/posts"}],"about":[{"href":"https:\/\/www.adecose.com\/gl\/wp-json\/wp\/v2\/types\/post"}],"author":[{"embeddable":true,"href":"https:\/\/www.adecose.com\/gl\/wp-json\/wp\/v2\/users\/197"}],"replies":[{"embeddable":true,"href":"https:\/\/www.adecose.com\/gl\/wp-json\/wp\/v2\/comments?post=18514"}],"version-history":[{"count":0,"href":"https:\/\/www.adecose.com\/gl\/wp-json\/wp\/v2\/posts\/18514\/revisions"}],"wp:featuredmedia":[{"embeddable":true,"href":"https:\/\/www.adecose.com\/gl\/wp-json\/wp\/v2\/media\/18515"}],"wp:attachment":[{"href":"https:\/\/www.adecose.com\/gl\/wp-json\/wp\/v2\/media?parent=18514"}],"wp:term":[{"taxonomy":"category","embeddable":true,"href":"https:\/\/www.adecose.com\/gl\/wp-json\/wp\/v2\/categories?post=18514"},{"taxonomy":"post_tag","embeddable":true,"href":"https:\/\/www.adecose.com\/gl\/wp-json\/wp\/v2\/tags?post=18514"}],"curies":[{"name":"wp","href":"https:\/\/api.w.org\/{rel}","templated":true}]}}