{"id":18457,"date":"2025-01-27T18:02:59","date_gmt":"2025-01-27T17:02:59","guid":{"rendered":"https:\/\/www.adecose.com\/?p=18457"},"modified":"2025-01-27T18:02:59","modified_gmt":"2025-01-27T17:02:59","slug":"ana-escudero-se-incorpora-a-aon-para-coliderar-el-area-de-life-reinsurance-en-emea","status":"publish","type":"post","link":"https:\/\/www.adecose.com\/gl\/ana-escudero-se-incorpora-a-aon-para-coliderar-el-area-de-life-reinsurance-en-emea\/","title":{"rendered":"Ana Escudero se incorpora a Aon para coliderar el \u00e1rea de Life Reinsurance en EMEA"},"content":{"rendered":"<p><a href=\"https:\/\/www.aon.com\/home\/index.html\">Aon plc<\/a>, firma l\u00edder en servicios profesionales a nivel global, ha anunciado el nombramiento de Ana Mar\u00eda Escudero como Co-Head Life Resinsurance EMEA. Ana Mar\u00eda se integrar\u00e1 en el equipo de Reaseguro de esta regi\u00f3n, liderado por Alfonso Valera. Su funci\u00f3n ser\u00e1 la de identificar y aprovechar oportunidades para expandir el negocio de reaseguro de vida en la regi\u00f3n y apoyar a los distintos equipos en la generaci\u00f3n de oportunidades de reaseguro de vida.<\/p>\n<p>Ana Escudero cuenta con mas de 25 a\u00f1os de experiencia profesional en el sector de seguros de vida, primero trabajando en consultoria y desde 2015 en la industria de reaseguro, primero en Munich Re Espa\u00f1a, apoyando los mercados de iberia y LATAM en la originaci\u00f3n de transacciones de reaseguro financiero, y durante los \u00faltimos 8 anos en Swiss Re, como Gerente Senior de Desarrollo de Negocios para EMEA, brindando apoyo desde Zurich a la regi\u00f3n de Europa y clientes globales.<\/p>\n<p>Este nombramiento responde al creciente inter\u00e9s de nuestros clientes por diversificar sus riesgos de vida, comercializar nuevos productos, y reducir la volatilidad de sus balances y cuentas.<\/p>\n<p>Alfonso Valera, Co-CEO EMEA Reinsurance, afirma: \u201cLa incorporaci\u00f3n de Ana contribuir\u00e1 a fortalecer nuestra capacidad de ofrecer soluciones innovadoras y personalizadas a nuestros clientes aline\u00e1ndonos con sus necesidades y proporcionando una perspectiva m\u00e1s amplia de otros mercados. De esta forma reforzamos nuestro compromiso de seguir acompa\u00f1ando a nuestros clientes y ayudarles a tomar las mejores decisiones de cara a proteger y hacer crecer su negocio\u201d.<\/p>\n","protected":false},"excerpt":{"rendered":"<p>Aon plc, firma l\u00edder en servicios profesionales a nivel global, ha anunciado el nombramiento de Ana Mar\u00eda Escudero como Co-Head Life Resinsurance EMEA. Ana Mar\u00eda&#8230;<\/p>\n","protected":false},"author":197,"featured_media":18458,"comment_status":"closed","ping_status":"closed","sticky":false,"template":"","format":"standard","meta":{"_acf_changed":false,"_price":"","_stock":"","_tribe_ticket_header":"","_tribe_default_ticket_provider":"","_tribe_ticket_capacity":"0","_ticket_start_date":"","_ticket_end_date":"","_tribe_ticket_show_description":"","_tribe_ticket_show_not_going":false,"_tribe_ticket_use_global_stock":"","_tribe_ticket_global_stock_level":"","_global_stock_mode":"","_global_stock_cap":"","_tribe_rsvp_for_event":"","_tribe_ticket_going_count":"","_tribe_ticket_not_going_count":"","_tribe_tickets_list":"[]","_tribe_ticket_has_attendee_info_fields":false,"footnotes":""},"categories":[339],"tags":[395,507,546],"class_list":["post-18457","post","type-post","status-publish","format-standard","has-post-thumbnail","category-espacio-correduriasadecose","tag-aon","tag-incorporacion","tag-life-reinsurance"],"acf":[],"yoast_head":"<!-- This site is optimized with the Yoast SEO plugin v27.2 - https:\/\/yoast.com\/product\/yoast-seo-wordpress\/ -->\n<title>Ana Escudero se incorpora a Aon para coliderar el \u00e1rea de Life Reinsurance en EMEA - ADECOSE<\/title>\n<meta name=\"robots\" content=\"index, follow, max-snippet:-1, max-image-preview:large, max-video-preview:-1\" \/>\n<link rel=\"canonical\" href=\"https:\/\/www.adecose.com\/ana-escudero-se-incorpora-a-aon-para-coliderar-el-area-de-life-reinsurance-en-emea\/\" \/>\n<meta property=\"og:locale\" content=\"gl_ES\" \/>\n<meta property=\"og:type\" content=\"article\" \/>\n<meta property=\"og:title\" content=\"Ana Escudero se incorpora a Aon para coliderar el \u00e1rea de Life Reinsurance en EMEA - ADECOSE\" \/>\n<meta property=\"og:description\" content=\"Aon plc, firma l\u00edder en servicios profesionales a nivel global, ha anunciado el nombramiento de Ana Mar\u00eda Escudero como Co-Head Life Resinsurance EMEA. Ana Mar\u00eda...\" \/>\n<meta property=\"og:url\" content=\"https:\/\/www.adecose.com\/ana-escudero-se-incorpora-a-aon-para-coliderar-el-area-de-life-reinsurance-en-emea\/\" \/>\n<meta property=\"og:site_name\" content=\"ADECOSE\" \/>\n<meta property=\"article:published_time\" content=\"2025-01-27T17:02:59+00:00\" \/>\n<meta property=\"og:image\" content=\"https:\/\/www.adecose.com\/wp-content\/uploads\/2025\/01\/Ana-Escudero.jpeg\" \/>\n\t<meta property=\"og:image:width\" content=\"716\" \/>\n\t<meta property=\"og:image:height\" content=\"449\" \/>\n\t<meta property=\"og:image:type\" content=\"image\/jpeg\" \/>\n<meta name=\"author\" content=\"Comunicaci\u00f3n ADECOSE\" \/>\n<meta name=\"twitter:card\" content=\"summary_large_image\" \/>\n<meta name=\"twitter:label1\" content=\"Escrito por\" \/>\n\t<meta name=\"twitter:data1\" content=\"Comunicaci\u00f3n ADECOSE\" \/>\n\t<meta name=\"twitter:label2\" content=\"Tempo de lectura\" \/>\n\t<meta name=\"twitter:data2\" content=\"2 minutos\" \/>\n<script type=\"application\/ld+json\" class=\"yoast-schema-graph\">{\"@context\":\"https:\/\/schema.org\",\"@graph\":[{\"@type\":\"Article\",\"@id\":\"https:\/\/www.adecose.com\/ana-escudero-se-incorpora-a-aon-para-coliderar-el-area-de-life-reinsurance-en-emea\/#article\",\"isPartOf\":{\"@id\":\"https:\/\/www.adecose.com\/ana-escudero-se-incorpora-a-aon-para-coliderar-el-area-de-life-reinsurance-en-emea\/\"},\"author\":{\"name\":\"Comunicaci\u00f3n ADECOSE\",\"@id\":\"https:\/\/www.adecose.com\/gl\/#\/schema\/person\/ff086ce55f6379e1d225a2c0dca5eeb6\"},\"headline\":\"Ana Escudero se incorpora a Aon para coliderar el \u00e1rea de Life Reinsurance en EMEA\",\"datePublished\":\"2025-01-27T17:02:59+00:00\",\"mainEntityOfPage\":{\"@id\":\"https:\/\/www.adecose.com\/ana-escudero-se-incorpora-a-aon-para-coliderar-el-area-de-life-reinsurance-en-emea\/\"},\"wordCount\":274,\"publisher\":{\"@id\":\"https:\/\/www.adecose.com\/gl\/#organization\"},\"image\":{\"@id\":\"https:\/\/www.adecose.com\/ana-escudero-se-incorpora-a-aon-para-coliderar-el-area-de-life-reinsurance-en-emea\/#primaryimage\"},\"thumbnailUrl\":\"https:\/\/www.adecose.com\/wp-content\/uploads\/2025\/01\/Ana-Escudero.jpeg\",\"keywords\":[\"AON\",\"Incorporaci\u00f3n\",\"Life Reinsurance\"],\"articleSection\":[\"Espacio #Corredur\u00edasADECOSE\"],\"inLanguage\":\"gl-ES\"},{\"@type\":\"WebPage\",\"@id\":\"https:\/\/www.adecose.com\/ana-escudero-se-incorpora-a-aon-para-coliderar-el-area-de-life-reinsurance-en-emea\/\",\"url\":\"https:\/\/www.adecose.com\/ana-escudero-se-incorpora-a-aon-para-coliderar-el-area-de-life-reinsurance-en-emea\/\",\"name\":\"Ana Escudero se incorpora a Aon para coliderar el \u00e1rea de Life Reinsurance en EMEA - ADECOSE\",\"isPartOf\":{\"@id\":\"https:\/\/www.adecose.com\/gl\/#website\"},\"primaryImageOfPage\":{\"@id\":\"https:\/\/www.adecose.com\/ana-escudero-se-incorpora-a-aon-para-coliderar-el-area-de-life-reinsurance-en-emea\/#primaryimage\"},\"image\":{\"@id\":\"https:\/\/www.adecose.com\/ana-escudero-se-incorpora-a-aon-para-coliderar-el-area-de-life-reinsurance-en-emea\/#primaryimage\"},\"thumbnailUrl\":\"https:\/\/www.adecose.com\/wp-content\/uploads\/2025\/01\/Ana-Escudero.jpeg\",\"datePublished\":\"2025-01-27T17:02:59+00:00\",\"breadcrumb\":{\"@id\":\"https:\/\/www.adecose.com\/ana-escudero-se-incorpora-a-aon-para-coliderar-el-area-de-life-reinsurance-en-emea\/#breadcrumb\"},\"inLanguage\":\"gl-ES\",\"potentialAction\":[{\"@type\":\"ReadAction\",\"target\":[\"https:\/\/www.adecose.com\/ana-escudero-se-incorpora-a-aon-para-coliderar-el-area-de-life-reinsurance-en-emea\/\"]}]},{\"@type\":\"ImageObject\",\"inLanguage\":\"gl-ES\",\"@id\":\"https:\/\/www.adecose.com\/ana-escudero-se-incorpora-a-aon-para-coliderar-el-area-de-life-reinsurance-en-emea\/#primaryimage\",\"url\":\"https:\/\/www.adecose.com\/wp-content\/uploads\/2025\/01\/Ana-Escudero.jpeg\",\"contentUrl\":\"https:\/\/www.adecose.com\/wp-content\/uploads\/2025\/01\/Ana-Escudero.jpeg\",\"width\":716,\"height\":449},{\"@type\":\"BreadcrumbList\",\"@id\":\"https:\/\/www.adecose.com\/ana-escudero-se-incorpora-a-aon-para-coliderar-el-area-de-life-reinsurance-en-emea\/#breadcrumb\",\"itemListElement\":[{\"@type\":\"ListItem\",\"position\":1,\"name\":\"Portada\",\"item\":\"https:\/\/www.adecose.com\/gl\/\"},{\"@type\":\"ListItem\",\"position\":2,\"name\":\"Ana Escudero se incorpora a Aon para coliderar el \u00e1rea de Life Reinsurance en EMEA\"}]},{\"@type\":\"WebSite\",\"@id\":\"https:\/\/www.adecose.com\/gl\/#website\",\"url\":\"https:\/\/www.adecose.com\/gl\/\",\"name\":\"ADECOSE\",\"description\":\"Asociaci\u00f3n Espa\u00f1ola de Corretor\u00edas de Seguros e Reaseguros\",\"publisher\":{\"@id\":\"https:\/\/www.adecose.com\/gl\/#organization\"},\"potentialAction\":[{\"@type\":\"SearchAction\",\"target\":{\"@type\":\"EntryPoint\",\"urlTemplate\":\"https:\/\/www.adecose.com\/gl\/?s={search_term_string}\"},\"query-input\":{\"@type\":\"PropertyValueSpecification\",\"valueRequired\":true,\"valueName\":\"search_term_string\"}}],\"inLanguage\":\"gl-ES\"},{\"@type\":\"Organization\",\"@id\":\"https:\/\/www.adecose.com\/gl\/#organization\",\"name\":\"ADECOSE\",\"url\":\"https:\/\/www.adecose.com\/gl\/\",\"logo\":{\"@type\":\"ImageObject\",\"inLanguage\":\"gl-ES\",\"@id\":\"https:\/\/www.adecose.com\/gl\/#\/schema\/logo\/image\/\",\"url\":\"https:\/\/www.adecose.com\/wp-content\/uploads\/2020\/07\/favicon.png\",\"contentUrl\":\"https:\/\/www.adecose.com\/wp-content\/uploads\/2020\/07\/favicon.png\",\"width\":512,\"height\":512,\"caption\":\"ADECOSE\"},\"image\":{\"@id\":\"https:\/\/www.adecose.com\/gl\/#\/schema\/logo\/image\/\"}},{\"@type\":\"Person\",\"@id\":\"https:\/\/www.adecose.com\/gl\/#\/schema\/person\/ff086ce55f6379e1d225a2c0dca5eeb6\",\"name\":\"Comunicaci\u00f3n ADECOSE\",\"image\":{\"@type\":\"ImageObject\",\"inLanguage\":\"gl-ES\",\"@id\":\"https:\/\/secure.gravatar.com\/avatar\/01cd1f9571997441bf1da6d1cc147351305f03fe8f2acf1ebbec60ebb26924ce?s=96&d=mm&r=g\",\"url\":\"https:\/\/secure.gravatar.com\/avatar\/01cd1f9571997441bf1da6d1cc147351305f03fe8f2acf1ebbec60ebb26924ce?s=96&d=mm&r=g\",\"contentUrl\":\"https:\/\/secure.gravatar.com\/avatar\/01cd1f9571997441bf1da6d1cc147351305f03fe8f2acf1ebbec60ebb26924ce?s=96&d=mm&r=g\",\"caption\":\"Comunicaci\u00f3n ADECOSE\"}}]}<\/script>\n<!-- \/ Yoast SEO plugin. -->","yoast_head_json":{"title":"Ana Escudero se incorpora a Aon para coliderar el \u00e1rea de Life Reinsurance en EMEA - ADECOSE","robots":{"index":"index","follow":"follow","max-snippet":"max-snippet:-1","max-image-preview":"max-image-preview:large","max-video-preview":"max-video-preview:-1"},"canonical":"https:\/\/www.adecose.com\/ana-escudero-se-incorpora-a-aon-para-coliderar-el-area-de-life-reinsurance-en-emea\/","og_locale":"gl_ES","og_type":"article","og_title":"Ana Escudero se incorpora a Aon para coliderar el \u00e1rea de Life Reinsurance en EMEA - ADECOSE","og_description":"Aon plc, firma l\u00edder en servicios profesionales a nivel global, ha anunciado el nombramiento de Ana Mar\u00eda Escudero como Co-Head Life Resinsurance EMEA. Ana Mar\u00eda...","og_url":"https:\/\/www.adecose.com\/ana-escudero-se-incorpora-a-aon-para-coliderar-el-area-de-life-reinsurance-en-emea\/","og_site_name":"ADECOSE","article_published_time":"2025-01-27T17:02:59+00:00","og_image":[{"width":716,"height":449,"url":"https:\/\/www.adecose.com\/wp-content\/uploads\/2025\/01\/Ana-Escudero.jpeg","type":"image\/jpeg"}],"author":"Comunicaci\u00f3n ADECOSE","twitter_card":"summary_large_image","twitter_misc":{"Escrito por":"Comunicaci\u00f3n ADECOSE","Tempo de lectura":"2 minutos"},"schema":{"@context":"https:\/\/schema.org","@graph":[{"@type":"Article","@id":"https:\/\/www.adecose.com\/ana-escudero-se-incorpora-a-aon-para-coliderar-el-area-de-life-reinsurance-en-emea\/#article","isPartOf":{"@id":"https:\/\/www.adecose.com\/ana-escudero-se-incorpora-a-aon-para-coliderar-el-area-de-life-reinsurance-en-emea\/"},"author":{"name":"Comunicaci\u00f3n ADECOSE","@id":"https:\/\/www.adecose.com\/gl\/#\/schema\/person\/ff086ce55f6379e1d225a2c0dca5eeb6"},"headline":"Ana Escudero se incorpora a Aon para coliderar el \u00e1rea de Life Reinsurance en EMEA","datePublished":"2025-01-27T17:02:59+00:00","mainEntityOfPage":{"@id":"https:\/\/www.adecose.com\/ana-escudero-se-incorpora-a-aon-para-coliderar-el-area-de-life-reinsurance-en-emea\/"},"wordCount":274,"publisher":{"@id":"https:\/\/www.adecose.com\/gl\/#organization"},"image":{"@id":"https:\/\/www.adecose.com\/ana-escudero-se-incorpora-a-aon-para-coliderar-el-area-de-life-reinsurance-en-emea\/#primaryimage"},"thumbnailUrl":"https:\/\/www.adecose.com\/wp-content\/uploads\/2025\/01\/Ana-Escudero.jpeg","keywords":["AON","Incorporaci\u00f3n","Life Reinsurance"],"articleSection":["Espacio #Corredur\u00edasADECOSE"],"inLanguage":"gl-ES"},{"@type":"WebPage","@id":"https:\/\/www.adecose.com\/ana-escudero-se-incorpora-a-aon-para-coliderar-el-area-de-life-reinsurance-en-emea\/","url":"https:\/\/www.adecose.com\/ana-escudero-se-incorpora-a-aon-para-coliderar-el-area-de-life-reinsurance-en-emea\/","name":"Ana Escudero se incorpora a Aon para coliderar el \u00e1rea de Life Reinsurance en EMEA - ADECOSE","isPartOf":{"@id":"https:\/\/www.adecose.com\/gl\/#website"},"primaryImageOfPage":{"@id":"https:\/\/www.adecose.com\/ana-escudero-se-incorpora-a-aon-para-coliderar-el-area-de-life-reinsurance-en-emea\/#primaryimage"},"image":{"@id":"https:\/\/www.adecose.com\/ana-escudero-se-incorpora-a-aon-para-coliderar-el-area-de-life-reinsurance-en-emea\/#primaryimage"},"thumbnailUrl":"https:\/\/www.adecose.com\/wp-content\/uploads\/2025\/01\/Ana-Escudero.jpeg","datePublished":"2025-01-27T17:02:59+00:00","breadcrumb":{"@id":"https:\/\/www.adecose.com\/ana-escudero-se-incorpora-a-aon-para-coliderar-el-area-de-life-reinsurance-en-emea\/#breadcrumb"},"inLanguage":"gl-ES","potentialAction":[{"@type":"ReadAction","target":["https:\/\/www.adecose.com\/ana-escudero-se-incorpora-a-aon-para-coliderar-el-area-de-life-reinsurance-en-emea\/"]}]},{"@type":"ImageObject","inLanguage":"gl-ES","@id":"https:\/\/www.adecose.com\/ana-escudero-se-incorpora-a-aon-para-coliderar-el-area-de-life-reinsurance-en-emea\/#primaryimage","url":"https:\/\/www.adecose.com\/wp-content\/uploads\/2025\/01\/Ana-Escudero.jpeg","contentUrl":"https:\/\/www.adecose.com\/wp-content\/uploads\/2025\/01\/Ana-Escudero.jpeg","width":716,"height":449},{"@type":"BreadcrumbList","@id":"https:\/\/www.adecose.com\/ana-escudero-se-incorpora-a-aon-para-coliderar-el-area-de-life-reinsurance-en-emea\/#breadcrumb","itemListElement":[{"@type":"ListItem","position":1,"name":"Portada","item":"https:\/\/www.adecose.com\/gl\/"},{"@type":"ListItem","position":2,"name":"Ana Escudero se incorpora a Aon para coliderar el \u00e1rea de Life Reinsurance en EMEA"}]},{"@type":"WebSite","@id":"https:\/\/www.adecose.com\/gl\/#website","url":"https:\/\/www.adecose.com\/gl\/","name":"ADECOSE","description":"Asociaci\u00f3n Espa\u00f1ola de Corretor\u00edas de Seguros e Reaseguros","publisher":{"@id":"https:\/\/www.adecose.com\/gl\/#organization"},"potentialAction":[{"@type":"SearchAction","target":{"@type":"EntryPoint","urlTemplate":"https:\/\/www.adecose.com\/gl\/?s={search_term_string}"},"query-input":{"@type":"PropertyValueSpecification","valueRequired":true,"valueName":"search_term_string"}}],"inLanguage":"gl-ES"},{"@type":"Organization","@id":"https:\/\/www.adecose.com\/gl\/#organization","name":"ADECOSE","url":"https:\/\/www.adecose.com\/gl\/","logo":{"@type":"ImageObject","inLanguage":"gl-ES","@id":"https:\/\/www.adecose.com\/gl\/#\/schema\/logo\/image\/","url":"https:\/\/www.adecose.com\/wp-content\/uploads\/2020\/07\/favicon.png","contentUrl":"https:\/\/www.adecose.com\/wp-content\/uploads\/2020\/07\/favicon.png","width":512,"height":512,"caption":"ADECOSE"},"image":{"@id":"https:\/\/www.adecose.com\/gl\/#\/schema\/logo\/image\/"}},{"@type":"Person","@id":"https:\/\/www.adecose.com\/gl\/#\/schema\/person\/ff086ce55f6379e1d225a2c0dca5eeb6","name":"Comunicaci\u00f3n ADECOSE","image":{"@type":"ImageObject","inLanguage":"gl-ES","@id":"https:\/\/secure.gravatar.com\/avatar\/01cd1f9571997441bf1da6d1cc147351305f03fe8f2acf1ebbec60ebb26924ce?s=96&d=mm&r=g","url":"https:\/\/secure.gravatar.com\/avatar\/01cd1f9571997441bf1da6d1cc147351305f03fe8f2acf1ebbec60ebb26924ce?s=96&d=mm&r=g","contentUrl":"https:\/\/secure.gravatar.com\/avatar\/01cd1f9571997441bf1da6d1cc147351305f03fe8f2acf1ebbec60ebb26924ce?s=96&d=mm&r=g","caption":"Comunicaci\u00f3n ADECOSE"}}]}},"_links":{"self":[{"href":"https:\/\/www.adecose.com\/gl\/wp-json\/wp\/v2\/posts\/18457","targetHints":{"allow":["GET"]}}],"collection":[{"href":"https:\/\/www.adecose.com\/gl\/wp-json\/wp\/v2\/posts"}],"about":[{"href":"https:\/\/www.adecose.com\/gl\/wp-json\/wp\/v2\/types\/post"}],"author":[{"embeddable":true,"href":"https:\/\/www.adecose.com\/gl\/wp-json\/wp\/v2\/users\/197"}],"replies":[{"embeddable":true,"href":"https:\/\/www.adecose.com\/gl\/wp-json\/wp\/v2\/comments?post=18457"}],"version-history":[{"count":0,"href":"https:\/\/www.adecose.com\/gl\/wp-json\/wp\/v2\/posts\/18457\/revisions"}],"wp:featuredmedia":[{"embeddable":true,"href":"https:\/\/www.adecose.com\/gl\/wp-json\/wp\/v2\/media\/18458"}],"wp:attachment":[{"href":"https:\/\/www.adecose.com\/gl\/wp-json\/wp\/v2\/media?parent=18457"}],"wp:term":[{"taxonomy":"category","embeddable":true,"href":"https:\/\/www.adecose.com\/gl\/wp-json\/wp\/v2\/categories?post=18457"},{"taxonomy":"post_tag","embeddable":true,"href":"https:\/\/www.adecose.com\/gl\/wp-json\/wp\/v2\/tags?post=18457"}],"curies":[{"name":"wp","href":"https:\/\/api.w.org\/{rel}","templated":true}]}}