{"id":18124,"date":"2024-11-22T14:22:11","date_gmt":"2024-11-22T13:22:11","guid":{"rendered":"https:\/\/www.adecose.com\/?p=18124"},"modified":"2024-11-22T14:22:11","modified_gmt":"2024-11-22T13:22:11","slug":"albroksa-premiada-por-su-apuesta-en-digitalizacion-e-innovacion","status":"publish","type":"post","link":"https:\/\/www.adecose.com\/gl\/albroksa-premiada-por-su-apuesta-en-digitalizacion-e-innovacion\/","title":{"rendered":"Albroksa, premiada por su apuesta en Digitalizaci\u00f3n e Innovaci\u00f3n"},"content":{"rendered":"<p>En la tarde de ayer, la C\u00e1mara de Comercio de la provincia de C\u00e1ceres celebr\u00f3 el\u00a0<strong>VIII Premio Pyme del A\u00f1o<\/strong>, una cita destacada en el \u00e1mbito empresarial, organizada por Banco Santander, la C\u00e1mara de Comercio de Espa\u00f1a y la C\u00e1mara de Comercio de C\u00e1ceres, en colaboraci\u00f3n con\u00a0<em>El Peri\u00f3dico Extremadura<\/em>. Este evento tiene como prop\u00f3sito reconocer la excelencia y desempe\u00f1o de las peque\u00f1as y medianas empresas de la provincia, destacando su contribuci\u00f3n al desarrollo econ\u00f3mico y social.<\/p>\n<p>Durante la gala, se entregaron cinco galardones, entre ellos el prestigioso\u00a0<strong>Premio Pyme del A\u00f1o<\/strong>, junto con cuatro acc\u00e9sits en distintas categor\u00edas. Albroksa, corredur\u00eda de seguros con sede en C\u00e1ceres, fue galardonada con el\u00a0<strong>Premio a la Digitalizaci\u00f3n e Innovaci\u00f3n<\/strong>, reconocimiento que avala su liderazgo en \u00e1reas clave como la inversi\u00f3n en tecnolog\u00edas de la informaci\u00f3n, comercio electr\u00f3nico, marketing digital y gesti\u00f3n de redes sociales.<\/p>\n<p><strong>Un reconocimiento al esfuerzo y la visi\u00f3n de futuro.<\/strong><br \/>\nEn su discurso de agradecimiento, el presidente de Albroksa, Francisco Alc\u00e1ntara, destac\u00f3 la importancia de este premio para la empresa y para la provincia:<br \/>\n<em>&#8220;Es un honor para nosotros recibir este reconocimiento en nuestra tierra. Desde nuestros inicios en 2008, decidimos construir una corredur\u00eda de seguros con vocaci\u00f3n nacional desde C\u00e1ceres. En aquel entonces, pocos cre\u00edan en el \u00e9xito de una iniciativa de esta envergadura partiendo de una ciudad con las limitaciones de infraestructuras y comunicaciones que enfrentamos. Sin embargo, gracias a valores como el compromiso, la humildad y la b\u00fasqueda constante de la excelencia, hemos superado todos los desaf\u00edos.&#8221;<\/em><\/p>\n<p>Alc\u00e1ntara subray\u00f3 tambi\u00e9n el papel transformador de la innovaci\u00f3n en el crecimiento de la empresa:\u2028<em>&#8220;Siempre hemos apostado por la digitalizaci\u00f3n y la innovaci\u00f3n como herramientas fundamentales para mejorar nuestra productividad. Este enfoque nos ha permitido atender a m\u00e1s de 60.000 clientes y abrir 170 puntos de venta en todo el territorio nacional, algo de lo que nos sentimos profundamente orgullosos. Seguiremos creciendo, generando empleo y llevando el nombre de nuestra provincia a lo m\u00e1s alto.&#8221;<\/em><\/p>\n<p>Francisco Alc\u00e1ntara concluy\u00f3 con un agradecimiento especial a las entidades organizadoras:\u00a0<em>\u201cAgradecemos profundamente a la C\u00e1mara de Comercio, Banco Santander y El Peri\u00f3dico Extremadura este reconocimiento, que nos motiva a seguir trabajando con ilusi\u00f3n y dedicaci\u00f3n.\u201d<\/em><\/p>\n<p>Este premio consolida a Albroksa como un referente en el sector, demostrando que, desde C\u00e1ceres, es posible liderar con \u00e9xito un proyecto innovador y con alcance nacional.<\/p>\n","protected":false},"excerpt":{"rendered":"<p>En la tarde de ayer, la C\u00e1mara de Comercio de la provincia de C\u00e1ceres celebr\u00f3 el\u00a0VIII Premio Pyme del A\u00f1o, una cita destacada en el&#8230;<\/p>\n","protected":false},"author":197,"featured_media":18128,"comment_status":"closed","ping_status":"closed","sticky":false,"template":"","format":"standard","meta":{"_acf_changed":false,"_price":"","_stock":"","_tribe_ticket_header":"","_tribe_default_ticket_provider":"","_tribe_ticket_capacity":"0","_ticket_start_date":"","_ticket_end_date":"","_tribe_ticket_show_description":"","_tribe_ticket_show_not_going":false,"_tribe_ticket_use_global_stock":"","_tribe_ticket_global_stock_level":"","_global_stock_mode":"","_global_stock_cap":"","_tribe_rsvp_for_event":"","_tribe_ticket_going_count":"","_tribe_ticket_not_going_count":"","_tribe_tickets_list":"[]","_tribe_ticket_has_attendee_info_fields":false,"footnotes":""},"categories":[339],"tags":[353,525],"class_list":["post-18124","post","type-post","status-publish","format-standard","has-post-thumbnail","category-espacio-correduriasadecose","tag-albroksa","tag-digitalizacion-e-innovacion"],"acf":[],"yoast_head":"<!-- This site is optimized with the Yoast SEO plugin v27.2 - https:\/\/yoast.com\/product\/yoast-seo-wordpress\/ -->\n<title>Albroksa, premiada por su apuesta en Digitalizaci\u00f3n e Innovaci\u00f3n - ADECOSE<\/title>\n<meta name=\"robots\" content=\"index, follow, max-snippet:-1, max-image-preview:large, max-video-preview:-1\" \/>\n<link rel=\"canonical\" href=\"https:\/\/www.adecose.com\/albroksa-premiada-por-su-apuesta-en-digitalizacion-e-innovacion\/\" \/>\n<meta property=\"og:locale\" content=\"gl_ES\" \/>\n<meta property=\"og:type\" content=\"article\" \/>\n<meta property=\"og:title\" content=\"Albroksa, premiada por su apuesta en Digitalizaci\u00f3n e Innovaci\u00f3n - ADECOSE\" \/>\n<meta property=\"og:description\" content=\"En la tarde de ayer, la C\u00e1mara de Comercio de la provincia de C\u00e1ceres celebr\u00f3 el\u00a0VIII Premio Pyme del A\u00f1o, una cita destacada en el...\" \/>\n<meta property=\"og:url\" content=\"https:\/\/www.adecose.com\/albroksa-premiada-por-su-apuesta-en-digitalizacion-e-innovacion\/\" \/>\n<meta property=\"og:site_name\" content=\"ADECOSE\" \/>\n<meta property=\"article:published_time\" content=\"2024-11-22T13:22:11+00:00\" \/>\n<meta property=\"og:image\" content=\"https:\/\/www.adecose.com\/wp-content\/uploads\/2024\/11\/Albroksa.png\" \/>\n\t<meta property=\"og:image:width\" content=\"1137\" \/>\n\t<meta property=\"og:image:height\" content=\"855\" \/>\n\t<meta property=\"og:image:type\" content=\"image\/png\" \/>\n<meta name=\"author\" content=\"Comunicaci\u00f3n ADECOSE\" \/>\n<meta name=\"twitter:card\" content=\"summary_large_image\" \/>\n<meta name=\"twitter:label1\" content=\"Escrito por\" \/>\n\t<meta name=\"twitter:data1\" content=\"Comunicaci\u00f3n ADECOSE\" \/>\n\t<meta name=\"twitter:label2\" content=\"Tempo de lectura\" \/>\n\t<meta name=\"twitter:data2\" content=\"2 minutos\" \/>\n<script type=\"application\/ld+json\" class=\"yoast-schema-graph\">{\"@context\":\"https:\/\/schema.org\",\"@graph\":[{\"@type\":\"Article\",\"@id\":\"https:\/\/www.adecose.com\/albroksa-premiada-por-su-apuesta-en-digitalizacion-e-innovacion\/#article\",\"isPartOf\":{\"@id\":\"https:\/\/www.adecose.com\/albroksa-premiada-por-su-apuesta-en-digitalizacion-e-innovacion\/\"},\"author\":{\"name\":\"Comunicaci\u00f3n ADECOSE\",\"@id\":\"https:\/\/www.adecose.com\/gl\/#\/schema\/person\/ff086ce55f6379e1d225a2c0dca5eeb6\"},\"headline\":\"Albroksa, premiada por su apuesta en Digitalizaci\u00f3n e Innovaci\u00f3n\",\"datePublished\":\"2024-11-22T13:22:11+00:00\",\"mainEntityOfPage\":{\"@id\":\"https:\/\/www.adecose.com\/albroksa-premiada-por-su-apuesta-en-digitalizacion-e-innovacion\/\"},\"wordCount\":446,\"publisher\":{\"@id\":\"https:\/\/www.adecose.com\/gl\/#organization\"},\"image\":{\"@id\":\"https:\/\/www.adecose.com\/albroksa-premiada-por-su-apuesta-en-digitalizacion-e-innovacion\/#primaryimage\"},\"thumbnailUrl\":\"https:\/\/www.adecose.com\/wp-content\/uploads\/2024\/11\/Albroksa.png\",\"keywords\":[\"Albroksa\",\"Digitalizaci\u00f3n e Innovaci\u00f3n\"],\"articleSection\":[\"Espacio #Corredur\u00edasADECOSE\"],\"inLanguage\":\"gl-ES\"},{\"@type\":\"WebPage\",\"@id\":\"https:\/\/www.adecose.com\/albroksa-premiada-por-su-apuesta-en-digitalizacion-e-innovacion\/\",\"url\":\"https:\/\/www.adecose.com\/albroksa-premiada-por-su-apuesta-en-digitalizacion-e-innovacion\/\",\"name\":\"Albroksa, premiada por su apuesta en Digitalizaci\u00f3n e Innovaci\u00f3n - ADECOSE\",\"isPartOf\":{\"@id\":\"https:\/\/www.adecose.com\/gl\/#website\"},\"primaryImageOfPage\":{\"@id\":\"https:\/\/www.adecose.com\/albroksa-premiada-por-su-apuesta-en-digitalizacion-e-innovacion\/#primaryimage\"},\"image\":{\"@id\":\"https:\/\/www.adecose.com\/albroksa-premiada-por-su-apuesta-en-digitalizacion-e-innovacion\/#primaryimage\"},\"thumbnailUrl\":\"https:\/\/www.adecose.com\/wp-content\/uploads\/2024\/11\/Albroksa.png\",\"datePublished\":\"2024-11-22T13:22:11+00:00\",\"breadcrumb\":{\"@id\":\"https:\/\/www.adecose.com\/albroksa-premiada-por-su-apuesta-en-digitalizacion-e-innovacion\/#breadcrumb\"},\"inLanguage\":\"gl-ES\",\"potentialAction\":[{\"@type\":\"ReadAction\",\"target\":[\"https:\/\/www.adecose.com\/albroksa-premiada-por-su-apuesta-en-digitalizacion-e-innovacion\/\"]}]},{\"@type\":\"ImageObject\",\"inLanguage\":\"gl-ES\",\"@id\":\"https:\/\/www.adecose.com\/albroksa-premiada-por-su-apuesta-en-digitalizacion-e-innovacion\/#primaryimage\",\"url\":\"https:\/\/www.adecose.com\/wp-content\/uploads\/2024\/11\/Albroksa.png\",\"contentUrl\":\"https:\/\/www.adecose.com\/wp-content\/uploads\/2024\/11\/Albroksa.png\",\"width\":1137,\"height\":855},{\"@type\":\"BreadcrumbList\",\"@id\":\"https:\/\/www.adecose.com\/albroksa-premiada-por-su-apuesta-en-digitalizacion-e-innovacion\/#breadcrumb\",\"itemListElement\":[{\"@type\":\"ListItem\",\"position\":1,\"name\":\"Portada\",\"item\":\"https:\/\/www.adecose.com\/gl\/\"},{\"@type\":\"ListItem\",\"position\":2,\"name\":\"Albroksa, premiada por su apuesta en Digitalizaci\u00f3n e Innovaci\u00f3n\"}]},{\"@type\":\"WebSite\",\"@id\":\"https:\/\/www.adecose.com\/gl\/#website\",\"url\":\"https:\/\/www.adecose.com\/gl\/\",\"name\":\"ADECOSE\",\"description\":\"Asociaci\u00f3n Espa\u00f1ola de Corretor\u00edas de Seguros e Reaseguros\",\"publisher\":{\"@id\":\"https:\/\/www.adecose.com\/gl\/#organization\"},\"potentialAction\":[{\"@type\":\"SearchAction\",\"target\":{\"@type\":\"EntryPoint\",\"urlTemplate\":\"https:\/\/www.adecose.com\/gl\/?s={search_term_string}\"},\"query-input\":{\"@type\":\"PropertyValueSpecification\",\"valueRequired\":true,\"valueName\":\"search_term_string\"}}],\"inLanguage\":\"gl-ES\"},{\"@type\":\"Organization\",\"@id\":\"https:\/\/www.adecose.com\/gl\/#organization\",\"name\":\"ADECOSE\",\"url\":\"https:\/\/www.adecose.com\/gl\/\",\"logo\":{\"@type\":\"ImageObject\",\"inLanguage\":\"gl-ES\",\"@id\":\"https:\/\/www.adecose.com\/gl\/#\/schema\/logo\/image\/\",\"url\":\"https:\/\/www.adecose.com\/wp-content\/uploads\/2020\/07\/favicon.png\",\"contentUrl\":\"https:\/\/www.adecose.com\/wp-content\/uploads\/2020\/07\/favicon.png\",\"width\":512,\"height\":512,\"caption\":\"ADECOSE\"},\"image\":{\"@id\":\"https:\/\/www.adecose.com\/gl\/#\/schema\/logo\/image\/\"}},{\"@type\":\"Person\",\"@id\":\"https:\/\/www.adecose.com\/gl\/#\/schema\/person\/ff086ce55f6379e1d225a2c0dca5eeb6\",\"name\":\"Comunicaci\u00f3n ADECOSE\",\"image\":{\"@type\":\"ImageObject\",\"inLanguage\":\"gl-ES\",\"@id\":\"https:\/\/secure.gravatar.com\/avatar\/01cd1f9571997441bf1da6d1cc147351305f03fe8f2acf1ebbec60ebb26924ce?s=96&d=mm&r=g\",\"url\":\"https:\/\/secure.gravatar.com\/avatar\/01cd1f9571997441bf1da6d1cc147351305f03fe8f2acf1ebbec60ebb26924ce?s=96&d=mm&r=g\",\"contentUrl\":\"https:\/\/secure.gravatar.com\/avatar\/01cd1f9571997441bf1da6d1cc147351305f03fe8f2acf1ebbec60ebb26924ce?s=96&d=mm&r=g\",\"caption\":\"Comunicaci\u00f3n ADECOSE\"}}]}<\/script>\n<!-- \/ Yoast SEO plugin. -->","yoast_head_json":{"title":"Albroksa, premiada por su apuesta en Digitalizaci\u00f3n e Innovaci\u00f3n - ADECOSE","robots":{"index":"index","follow":"follow","max-snippet":"max-snippet:-1","max-image-preview":"max-image-preview:large","max-video-preview":"max-video-preview:-1"},"canonical":"https:\/\/www.adecose.com\/albroksa-premiada-por-su-apuesta-en-digitalizacion-e-innovacion\/","og_locale":"gl_ES","og_type":"article","og_title":"Albroksa, premiada por su apuesta en Digitalizaci\u00f3n e Innovaci\u00f3n - ADECOSE","og_description":"En la tarde de ayer, la C\u00e1mara de Comercio de la provincia de C\u00e1ceres celebr\u00f3 el\u00a0VIII Premio Pyme del A\u00f1o, una cita destacada en el...","og_url":"https:\/\/www.adecose.com\/albroksa-premiada-por-su-apuesta-en-digitalizacion-e-innovacion\/","og_site_name":"ADECOSE","article_published_time":"2024-11-22T13:22:11+00:00","og_image":[{"width":1137,"height":855,"url":"https:\/\/www.adecose.com\/wp-content\/uploads\/2024\/11\/Albroksa.png","type":"image\/png"}],"author":"Comunicaci\u00f3n ADECOSE","twitter_card":"summary_large_image","twitter_misc":{"Escrito por":"Comunicaci\u00f3n ADECOSE","Tempo de lectura":"2 minutos"},"schema":{"@context":"https:\/\/schema.org","@graph":[{"@type":"Article","@id":"https:\/\/www.adecose.com\/albroksa-premiada-por-su-apuesta-en-digitalizacion-e-innovacion\/#article","isPartOf":{"@id":"https:\/\/www.adecose.com\/albroksa-premiada-por-su-apuesta-en-digitalizacion-e-innovacion\/"},"author":{"name":"Comunicaci\u00f3n ADECOSE","@id":"https:\/\/www.adecose.com\/gl\/#\/schema\/person\/ff086ce55f6379e1d225a2c0dca5eeb6"},"headline":"Albroksa, premiada por su apuesta en Digitalizaci\u00f3n e Innovaci\u00f3n","datePublished":"2024-11-22T13:22:11+00:00","mainEntityOfPage":{"@id":"https:\/\/www.adecose.com\/albroksa-premiada-por-su-apuesta-en-digitalizacion-e-innovacion\/"},"wordCount":446,"publisher":{"@id":"https:\/\/www.adecose.com\/gl\/#organization"},"image":{"@id":"https:\/\/www.adecose.com\/albroksa-premiada-por-su-apuesta-en-digitalizacion-e-innovacion\/#primaryimage"},"thumbnailUrl":"https:\/\/www.adecose.com\/wp-content\/uploads\/2024\/11\/Albroksa.png","keywords":["Albroksa","Digitalizaci\u00f3n e Innovaci\u00f3n"],"articleSection":["Espacio #Corredur\u00edasADECOSE"],"inLanguage":"gl-ES"},{"@type":"WebPage","@id":"https:\/\/www.adecose.com\/albroksa-premiada-por-su-apuesta-en-digitalizacion-e-innovacion\/","url":"https:\/\/www.adecose.com\/albroksa-premiada-por-su-apuesta-en-digitalizacion-e-innovacion\/","name":"Albroksa, premiada por su apuesta en Digitalizaci\u00f3n e Innovaci\u00f3n - ADECOSE","isPartOf":{"@id":"https:\/\/www.adecose.com\/gl\/#website"},"primaryImageOfPage":{"@id":"https:\/\/www.adecose.com\/albroksa-premiada-por-su-apuesta-en-digitalizacion-e-innovacion\/#primaryimage"},"image":{"@id":"https:\/\/www.adecose.com\/albroksa-premiada-por-su-apuesta-en-digitalizacion-e-innovacion\/#primaryimage"},"thumbnailUrl":"https:\/\/www.adecose.com\/wp-content\/uploads\/2024\/11\/Albroksa.png","datePublished":"2024-11-22T13:22:11+00:00","breadcrumb":{"@id":"https:\/\/www.adecose.com\/albroksa-premiada-por-su-apuesta-en-digitalizacion-e-innovacion\/#breadcrumb"},"inLanguage":"gl-ES","potentialAction":[{"@type":"ReadAction","target":["https:\/\/www.adecose.com\/albroksa-premiada-por-su-apuesta-en-digitalizacion-e-innovacion\/"]}]},{"@type":"ImageObject","inLanguage":"gl-ES","@id":"https:\/\/www.adecose.com\/albroksa-premiada-por-su-apuesta-en-digitalizacion-e-innovacion\/#primaryimage","url":"https:\/\/www.adecose.com\/wp-content\/uploads\/2024\/11\/Albroksa.png","contentUrl":"https:\/\/www.adecose.com\/wp-content\/uploads\/2024\/11\/Albroksa.png","width":1137,"height":855},{"@type":"BreadcrumbList","@id":"https:\/\/www.adecose.com\/albroksa-premiada-por-su-apuesta-en-digitalizacion-e-innovacion\/#breadcrumb","itemListElement":[{"@type":"ListItem","position":1,"name":"Portada","item":"https:\/\/www.adecose.com\/gl\/"},{"@type":"ListItem","position":2,"name":"Albroksa, premiada por su apuesta en Digitalizaci\u00f3n e Innovaci\u00f3n"}]},{"@type":"WebSite","@id":"https:\/\/www.adecose.com\/gl\/#website","url":"https:\/\/www.adecose.com\/gl\/","name":"ADECOSE","description":"Asociaci\u00f3n Espa\u00f1ola de Corretor\u00edas de Seguros e Reaseguros","publisher":{"@id":"https:\/\/www.adecose.com\/gl\/#organization"},"potentialAction":[{"@type":"SearchAction","target":{"@type":"EntryPoint","urlTemplate":"https:\/\/www.adecose.com\/gl\/?s={search_term_string}"},"query-input":{"@type":"PropertyValueSpecification","valueRequired":true,"valueName":"search_term_string"}}],"inLanguage":"gl-ES"},{"@type":"Organization","@id":"https:\/\/www.adecose.com\/gl\/#organization","name":"ADECOSE","url":"https:\/\/www.adecose.com\/gl\/","logo":{"@type":"ImageObject","inLanguage":"gl-ES","@id":"https:\/\/www.adecose.com\/gl\/#\/schema\/logo\/image\/","url":"https:\/\/www.adecose.com\/wp-content\/uploads\/2020\/07\/favicon.png","contentUrl":"https:\/\/www.adecose.com\/wp-content\/uploads\/2020\/07\/favicon.png","width":512,"height":512,"caption":"ADECOSE"},"image":{"@id":"https:\/\/www.adecose.com\/gl\/#\/schema\/logo\/image\/"}},{"@type":"Person","@id":"https:\/\/www.adecose.com\/gl\/#\/schema\/person\/ff086ce55f6379e1d225a2c0dca5eeb6","name":"Comunicaci\u00f3n ADECOSE","image":{"@type":"ImageObject","inLanguage":"gl-ES","@id":"https:\/\/secure.gravatar.com\/avatar\/01cd1f9571997441bf1da6d1cc147351305f03fe8f2acf1ebbec60ebb26924ce?s=96&d=mm&r=g","url":"https:\/\/secure.gravatar.com\/avatar\/01cd1f9571997441bf1da6d1cc147351305f03fe8f2acf1ebbec60ebb26924ce?s=96&d=mm&r=g","contentUrl":"https:\/\/secure.gravatar.com\/avatar\/01cd1f9571997441bf1da6d1cc147351305f03fe8f2acf1ebbec60ebb26924ce?s=96&d=mm&r=g","caption":"Comunicaci\u00f3n ADECOSE"}}]}},"_links":{"self":[{"href":"https:\/\/www.adecose.com\/gl\/wp-json\/wp\/v2\/posts\/18124","targetHints":{"allow":["GET"]}}],"collection":[{"href":"https:\/\/www.adecose.com\/gl\/wp-json\/wp\/v2\/posts"}],"about":[{"href":"https:\/\/www.adecose.com\/gl\/wp-json\/wp\/v2\/types\/post"}],"author":[{"embeddable":true,"href":"https:\/\/www.adecose.com\/gl\/wp-json\/wp\/v2\/users\/197"}],"replies":[{"embeddable":true,"href":"https:\/\/www.adecose.com\/gl\/wp-json\/wp\/v2\/comments?post=18124"}],"version-history":[{"count":0,"href":"https:\/\/www.adecose.com\/gl\/wp-json\/wp\/v2\/posts\/18124\/revisions"}],"wp:featuredmedia":[{"embeddable":true,"href":"https:\/\/www.adecose.com\/gl\/wp-json\/wp\/v2\/media\/18128"}],"wp:attachment":[{"href":"https:\/\/www.adecose.com\/gl\/wp-json\/wp\/v2\/media?parent=18124"}],"wp:term":[{"taxonomy":"category","embeddable":true,"href":"https:\/\/www.adecose.com\/gl\/wp-json\/wp\/v2\/categories?post=18124"},{"taxonomy":"post_tag","embeddable":true,"href":"https:\/\/www.adecose.com\/gl\/wp-json\/wp\/v2\/tags?post=18124"}],"curies":[{"name":"wp","href":"https:\/\/api.w.org\/{rel}","templated":true}]}}