{"id":17965,"date":"2024-10-25T17:27:47","date_gmt":"2024-10-25T15:27:47","guid":{"rendered":"https:\/\/www.adecose.com\/?p=17965"},"modified":"2024-10-25T17:27:47","modified_gmt":"2024-10-25T15:27:47","slug":"martin-navaz-presenta-eiac-y-cima-en-el-xxxii-congreso-iberoamericano-de-copaprose","status":"publish","type":"post","link":"https:\/\/www.adecose.com\/gl\/martin-navaz-presenta-eiac-y-cima-en-el-xxxii-congreso-iberoamericano-de-copaprose\/","title":{"rendered":"Mart\u00edn Navaz presenta EIAC y CIMA en el XXXII Congreso Iberoamericano de COPAPROSE"},"content":{"rendered":"<ul>\n<li><em>El encuentro, que ha tenido lugar del 23 al 25 de octubre en la ciudad de Ica, se ha posicionado como un evento de referencia en el sector<\/em><\/li>\n<li><em>Por parte de ADECOSE han acudido el presidente, Mart\u00edn Navaz y el director gerente, Borja L\u00f3pez-Chicheri<\/em><em>\u00a0<\/em><\/li>\n<\/ul>\n<p>La Confederaci\u00f3n Panamericana de Productores de Seguros, COPAPROSE, ha celebrado su <strong>XXXII Congreso Iberoamericano<\/strong>, que ha tenido lugar del <strong>23 al 25 de octubre en Ica (Per\u00fa<\/strong>), congregando a m\u00e1s de 300 asistentes. A lo largo de estas jornadas se han desarrollado diversas ponencias para identificar las innovaciones y tendencias del sector.<\/p>\n<p>Mart\u00edn Navaz intervino en la jornada del 23 de octubre, en un panel titulado <em>Interacci\u00f3n corredor-aseguradora. Una experiencia de \u00e9xito en Espa\u00f1a<\/em> que estuvo moderado por Armando Mej\u00eda, CEO de Firefly Digital. El presidente de ADECOSE, que a su vez es responsable de innovaci\u00f3n y tecnolog\u00eda del Consejo Directivo de COPAPROSE, particip\u00f3 presentando <strong>EIAC<\/strong> y <strong>CIMA<\/strong> acompa\u00f1ado de Isidre Mensa, presidente de MPM Software.<\/p>\n<p>En el desarrollo de su ponencia, Mart\u00edn Navaz resalt\u00f3 la importancia de la puesta en marcha del proyecto CIMA para acelerar la implantaci\u00f3n del est\u00e1ndar EIAC. Navaz destac\u00f3 tambi\u00e9n la capacidad de estas herramientas de ofrecer soluciones tecnol\u00f3gicas a los corredores de seguros para que se pueda operar con mayor agilidad y eficiencia gracias a la base del est\u00e1ndar EIAC.<\/p>\n<p>Durante su intervenci\u00f3n, el presidente de la Asociaci\u00f3n subray\u00f3 tambi\u00e9n que el desarrollo de estas soluciones tecnol\u00f3gicas ha resultado imprescindible para que todo el sector pueda trabajar con un sistema de comunicaci\u00f3n com\u00fan, lo que ha facilitado la operativa de los procesos. Asimismo, Navaz anim\u00f3 a los corredores de seguros en Latinoam\u00e9rica a implementar estos sistemas eficientes y de futuro que confieren una imagen de calidad al sector asegurador, uno de los m\u00e1s tecnol\u00f3gicos de la econom\u00eda a nivel global.<\/p>\n<p>Adem\u00e1s, quiso agradecer a la junta directiva de COPAPROSE y a su presidenta, Elisabeth Voght, el respaldo al caso de \u00e9xito que ha supuesto la implementaci\u00f3n de estas iniciativas en Espa\u00f1a y el inter\u00e9s en trasladarlo a los pa\u00edses afiliados a COPAPROSE con la idea de mejorar el sector.<\/p>\n<p>En el marco de la celebraci\u00f3n de este encuentro, organizado por COPAPROSE en colaboraci\u00f3n con la Asociaci\u00f3n Peruana de Empresas Corredores de Seguros (APECOSE), tambi\u00e9n tuvo lugar el Foro Anual de Miembros COPAPROSE 2024 en el que los representantes de las distintas asociaciones pertenecientes a la Confederaci\u00f3n Panamericana desarrollaron los temas principales que les afectan a cada uno en sus respectivos pa\u00edses.<\/p>\n<p>En este sentido, Mart\u00edn Navaz expuso los temas m\u00e1s actuales que afectan a los corredores de seguros en Espa\u00f1a, con especial incidencia en los regulatorios y en las iniciativas de car\u00e1cter tecnol\u00f3gico que est\u00e1 desarrollando la Asociaci\u00f3n.<\/p>\n","protected":false},"excerpt":{"rendered":"<p>El encuentro, que ha tenido lugar del 23 al 25 de octubre en la ciudad de Ica, se ha posicionado como un evento de referencia&#8230;<\/p>\n","protected":false},"author":197,"featured_media":17966,"comment_status":"closed","ping_status":"closed","sticky":false,"template":"","format":"standard","meta":{"_acf_changed":false,"_price":"","_stock":"","_tribe_ticket_header":"","_tribe_default_ticket_provider":"","_tribe_ticket_capacity":"0","_ticket_start_date":"","_ticket_end_date":"","_tribe_ticket_show_description":"","_tribe_ticket_show_not_going":false,"_tribe_ticket_use_global_stock":"","_tribe_ticket_global_stock_level":"","_global_stock_mode":"","_global_stock_cap":"","_tribe_rsvp_for_event":"","_tribe_ticket_going_count":"","_tribe_ticket_not_going_count":"","_tribe_tickets_list":"[]","_tribe_ticket_has_attendee_info_fields":false,"footnotes":""},"categories":[2],"tags":[284,516,413],"class_list":["post-17965","post","type-post","status-publish","format-standard","has-post-thumbnail","category-noticias","tag-adecose","tag-apecose","tag-copaprose"],"acf":[],"yoast_head":"<!-- This site is optimized with the Yoast SEO plugin v27.2 - https:\/\/yoast.com\/product\/yoast-seo-wordpress\/ -->\n<title>Mart\u00edn Navaz presenta EIAC y CIMA en el XXXII Congreso Iberoamericano de COPAPROSE - ADECOSE<\/title>\n<meta name=\"robots\" content=\"index, follow, max-snippet:-1, max-image-preview:large, max-video-preview:-1\" \/>\n<link rel=\"canonical\" href=\"https:\/\/www.adecose.com\/martin-navaz-presenta-eiac-y-cima-en-el-xxxii-congreso-iberoamericano-de-copaprose\/\" \/>\n<meta property=\"og:locale\" content=\"gl_ES\" \/>\n<meta property=\"og:type\" content=\"article\" \/>\n<meta property=\"og:title\" content=\"Mart\u00edn Navaz presenta EIAC y CIMA en el XXXII Congreso Iberoamericano de COPAPROSE - ADECOSE\" \/>\n<meta property=\"og:description\" content=\"El encuentro, que ha tenido lugar del 23 al 25 de octubre en la ciudad de Ica, se ha posicionado como un evento de referencia...\" \/>\n<meta property=\"og:url\" content=\"https:\/\/www.adecose.com\/martin-navaz-presenta-eiac-y-cima-en-el-xxxii-congreso-iberoamericano-de-copaprose\/\" \/>\n<meta property=\"og:site_name\" content=\"ADECOSE\" \/>\n<meta property=\"article:published_time\" content=\"2024-10-25T15:27:47+00:00\" \/>\n<meta property=\"og:image\" content=\"https:\/\/www.adecose.com\/wp-content\/uploads\/2024\/10\/Congreso-COPAPROSE-Intervencion-Martin-Navaz.jpeg\" \/>\n\t<meta property=\"og:image:width\" content=\"1600\" \/>\n\t<meta property=\"og:image:height\" content=\"1200\" \/>\n\t<meta property=\"og:image:type\" content=\"image\/jpeg\" \/>\n<meta name=\"author\" content=\"Comunicaci\u00f3n ADECOSE\" \/>\n<meta name=\"twitter:card\" content=\"summary_large_image\" \/>\n<meta name=\"twitter:label1\" content=\"Escrito por\" \/>\n\t<meta name=\"twitter:data1\" content=\"Comunicaci\u00f3n ADECOSE\" \/>\n\t<meta name=\"twitter:label2\" content=\"Tempo de lectura\" \/>\n\t<meta name=\"twitter:data2\" content=\"3 minutos\" \/>\n<script type=\"application\/ld+json\" class=\"yoast-schema-graph\">{\"@context\":\"https:\/\/schema.org\",\"@graph\":[{\"@type\":\"Article\",\"@id\":\"https:\/\/www.adecose.com\/martin-navaz-presenta-eiac-y-cima-en-el-xxxii-congreso-iberoamericano-de-copaprose\/#article\",\"isPartOf\":{\"@id\":\"https:\/\/www.adecose.com\/martin-navaz-presenta-eiac-y-cima-en-el-xxxii-congreso-iberoamericano-de-copaprose\/\"},\"author\":{\"name\":\"Comunicaci\u00f3n ADECOSE\",\"@id\":\"https:\/\/www.adecose.com\/gl\/#\/schema\/person\/ff086ce55f6379e1d225a2c0dca5eeb6\"},\"headline\":\"Mart\u00edn Navaz presenta EIAC y CIMA en el XXXII Congreso Iberoamericano de COPAPROSE\",\"datePublished\":\"2024-10-25T15:27:47+00:00\",\"mainEntityOfPage\":{\"@id\":\"https:\/\/www.adecose.com\/martin-navaz-presenta-eiac-y-cima-en-el-xxxii-congreso-iberoamericano-de-copaprose\/\"},\"wordCount\":499,\"publisher\":{\"@id\":\"https:\/\/www.adecose.com\/gl\/#organization\"},\"image\":{\"@id\":\"https:\/\/www.adecose.com\/martin-navaz-presenta-eiac-y-cima-en-el-xxxii-congreso-iberoamericano-de-copaprose\/#primaryimage\"},\"thumbnailUrl\":\"https:\/\/www.adecose.com\/wp-content\/uploads\/2024\/10\/Congreso-COPAPROSE-Intervencion-Martin-Navaz.jpeg\",\"keywords\":[\"ADECOSE\",\"APECOSE\",\"COPAPROSE\"],\"articleSection\":[\"Noticias\"],\"inLanguage\":\"gl-ES\"},{\"@type\":\"WebPage\",\"@id\":\"https:\/\/www.adecose.com\/martin-navaz-presenta-eiac-y-cima-en-el-xxxii-congreso-iberoamericano-de-copaprose\/\",\"url\":\"https:\/\/www.adecose.com\/martin-navaz-presenta-eiac-y-cima-en-el-xxxii-congreso-iberoamericano-de-copaprose\/\",\"name\":\"Mart\u00edn Navaz presenta EIAC y CIMA en el XXXII Congreso Iberoamericano de COPAPROSE - ADECOSE\",\"isPartOf\":{\"@id\":\"https:\/\/www.adecose.com\/gl\/#website\"},\"primaryImageOfPage\":{\"@id\":\"https:\/\/www.adecose.com\/martin-navaz-presenta-eiac-y-cima-en-el-xxxii-congreso-iberoamericano-de-copaprose\/#primaryimage\"},\"image\":{\"@id\":\"https:\/\/www.adecose.com\/martin-navaz-presenta-eiac-y-cima-en-el-xxxii-congreso-iberoamericano-de-copaprose\/#primaryimage\"},\"thumbnailUrl\":\"https:\/\/www.adecose.com\/wp-content\/uploads\/2024\/10\/Congreso-COPAPROSE-Intervencion-Martin-Navaz.jpeg\",\"datePublished\":\"2024-10-25T15:27:47+00:00\",\"breadcrumb\":{\"@id\":\"https:\/\/www.adecose.com\/martin-navaz-presenta-eiac-y-cima-en-el-xxxii-congreso-iberoamericano-de-copaprose\/#breadcrumb\"},\"inLanguage\":\"gl-ES\",\"potentialAction\":[{\"@type\":\"ReadAction\",\"target\":[\"https:\/\/www.adecose.com\/martin-navaz-presenta-eiac-y-cima-en-el-xxxii-congreso-iberoamericano-de-copaprose\/\"]}]},{\"@type\":\"ImageObject\",\"inLanguage\":\"gl-ES\",\"@id\":\"https:\/\/www.adecose.com\/martin-navaz-presenta-eiac-y-cima-en-el-xxxii-congreso-iberoamericano-de-copaprose\/#primaryimage\",\"url\":\"https:\/\/www.adecose.com\/wp-content\/uploads\/2024\/10\/Congreso-COPAPROSE-Intervencion-Martin-Navaz.jpeg\",\"contentUrl\":\"https:\/\/www.adecose.com\/wp-content\/uploads\/2024\/10\/Congreso-COPAPROSE-Intervencion-Martin-Navaz.jpeg\",\"width\":1600,\"height\":1200},{\"@type\":\"BreadcrumbList\",\"@id\":\"https:\/\/www.adecose.com\/martin-navaz-presenta-eiac-y-cima-en-el-xxxii-congreso-iberoamericano-de-copaprose\/#breadcrumb\",\"itemListElement\":[{\"@type\":\"ListItem\",\"position\":1,\"name\":\"Portada\",\"item\":\"https:\/\/www.adecose.com\/gl\/\"},{\"@type\":\"ListItem\",\"position\":2,\"name\":\"Mart\u00edn Navaz presenta EIAC y CIMA en el XXXII Congreso Iberoamericano de COPAPROSE\"}]},{\"@type\":\"WebSite\",\"@id\":\"https:\/\/www.adecose.com\/gl\/#website\",\"url\":\"https:\/\/www.adecose.com\/gl\/\",\"name\":\"ADECOSE\",\"description\":\"Asociaci\u00f3n Espa\u00f1ola de Corretor\u00edas de Seguros e Reaseguros\",\"publisher\":{\"@id\":\"https:\/\/www.adecose.com\/gl\/#organization\"},\"potentialAction\":[{\"@type\":\"SearchAction\",\"target\":{\"@type\":\"EntryPoint\",\"urlTemplate\":\"https:\/\/www.adecose.com\/gl\/?s={search_term_string}\"},\"query-input\":{\"@type\":\"PropertyValueSpecification\",\"valueRequired\":true,\"valueName\":\"search_term_string\"}}],\"inLanguage\":\"gl-ES\"},{\"@type\":\"Organization\",\"@id\":\"https:\/\/www.adecose.com\/gl\/#organization\",\"name\":\"ADECOSE\",\"url\":\"https:\/\/www.adecose.com\/gl\/\",\"logo\":{\"@type\":\"ImageObject\",\"inLanguage\":\"gl-ES\",\"@id\":\"https:\/\/www.adecose.com\/gl\/#\/schema\/logo\/image\/\",\"url\":\"https:\/\/www.adecose.com\/wp-content\/uploads\/2020\/07\/favicon.png\",\"contentUrl\":\"https:\/\/www.adecose.com\/wp-content\/uploads\/2020\/07\/favicon.png\",\"width\":512,\"height\":512,\"caption\":\"ADECOSE\"},\"image\":{\"@id\":\"https:\/\/www.adecose.com\/gl\/#\/schema\/logo\/image\/\"}},{\"@type\":\"Person\",\"@id\":\"https:\/\/www.adecose.com\/gl\/#\/schema\/person\/ff086ce55f6379e1d225a2c0dca5eeb6\",\"name\":\"Comunicaci\u00f3n ADECOSE\",\"image\":{\"@type\":\"ImageObject\",\"inLanguage\":\"gl-ES\",\"@id\":\"https:\/\/secure.gravatar.com\/avatar\/01cd1f9571997441bf1da6d1cc147351305f03fe8f2acf1ebbec60ebb26924ce?s=96&d=mm&r=g\",\"url\":\"https:\/\/secure.gravatar.com\/avatar\/01cd1f9571997441bf1da6d1cc147351305f03fe8f2acf1ebbec60ebb26924ce?s=96&d=mm&r=g\",\"contentUrl\":\"https:\/\/secure.gravatar.com\/avatar\/01cd1f9571997441bf1da6d1cc147351305f03fe8f2acf1ebbec60ebb26924ce?s=96&d=mm&r=g\",\"caption\":\"Comunicaci\u00f3n ADECOSE\"}}]}<\/script>\n<!-- \/ Yoast SEO plugin. -->","yoast_head_json":{"title":"Mart\u00edn Navaz presenta EIAC y CIMA en el XXXII Congreso Iberoamericano de COPAPROSE - ADECOSE","robots":{"index":"index","follow":"follow","max-snippet":"max-snippet:-1","max-image-preview":"max-image-preview:large","max-video-preview":"max-video-preview:-1"},"canonical":"https:\/\/www.adecose.com\/martin-navaz-presenta-eiac-y-cima-en-el-xxxii-congreso-iberoamericano-de-copaprose\/","og_locale":"gl_ES","og_type":"article","og_title":"Mart\u00edn Navaz presenta EIAC y CIMA en el XXXII Congreso Iberoamericano de COPAPROSE - ADECOSE","og_description":"El encuentro, que ha tenido lugar del 23 al 25 de octubre en la ciudad de Ica, se ha posicionado como un evento de referencia...","og_url":"https:\/\/www.adecose.com\/martin-navaz-presenta-eiac-y-cima-en-el-xxxii-congreso-iberoamericano-de-copaprose\/","og_site_name":"ADECOSE","article_published_time":"2024-10-25T15:27:47+00:00","og_image":[{"width":1600,"height":1200,"url":"https:\/\/www.adecose.com\/wp-content\/uploads\/2024\/10\/Congreso-COPAPROSE-Intervencion-Martin-Navaz.jpeg","type":"image\/jpeg"}],"author":"Comunicaci\u00f3n ADECOSE","twitter_card":"summary_large_image","twitter_misc":{"Escrito por":"Comunicaci\u00f3n ADECOSE","Tempo de lectura":"3 minutos"},"schema":{"@context":"https:\/\/schema.org","@graph":[{"@type":"Article","@id":"https:\/\/www.adecose.com\/martin-navaz-presenta-eiac-y-cima-en-el-xxxii-congreso-iberoamericano-de-copaprose\/#article","isPartOf":{"@id":"https:\/\/www.adecose.com\/martin-navaz-presenta-eiac-y-cima-en-el-xxxii-congreso-iberoamericano-de-copaprose\/"},"author":{"name":"Comunicaci\u00f3n ADECOSE","@id":"https:\/\/www.adecose.com\/gl\/#\/schema\/person\/ff086ce55f6379e1d225a2c0dca5eeb6"},"headline":"Mart\u00edn Navaz presenta EIAC y CIMA en el XXXII Congreso Iberoamericano de COPAPROSE","datePublished":"2024-10-25T15:27:47+00:00","mainEntityOfPage":{"@id":"https:\/\/www.adecose.com\/martin-navaz-presenta-eiac-y-cima-en-el-xxxii-congreso-iberoamericano-de-copaprose\/"},"wordCount":499,"publisher":{"@id":"https:\/\/www.adecose.com\/gl\/#organization"},"image":{"@id":"https:\/\/www.adecose.com\/martin-navaz-presenta-eiac-y-cima-en-el-xxxii-congreso-iberoamericano-de-copaprose\/#primaryimage"},"thumbnailUrl":"https:\/\/www.adecose.com\/wp-content\/uploads\/2024\/10\/Congreso-COPAPROSE-Intervencion-Martin-Navaz.jpeg","keywords":["ADECOSE","APECOSE","COPAPROSE"],"articleSection":["Noticias"],"inLanguage":"gl-ES"},{"@type":"WebPage","@id":"https:\/\/www.adecose.com\/martin-navaz-presenta-eiac-y-cima-en-el-xxxii-congreso-iberoamericano-de-copaprose\/","url":"https:\/\/www.adecose.com\/martin-navaz-presenta-eiac-y-cima-en-el-xxxii-congreso-iberoamericano-de-copaprose\/","name":"Mart\u00edn Navaz presenta EIAC y CIMA en el XXXII Congreso Iberoamericano de COPAPROSE - ADECOSE","isPartOf":{"@id":"https:\/\/www.adecose.com\/gl\/#website"},"primaryImageOfPage":{"@id":"https:\/\/www.adecose.com\/martin-navaz-presenta-eiac-y-cima-en-el-xxxii-congreso-iberoamericano-de-copaprose\/#primaryimage"},"image":{"@id":"https:\/\/www.adecose.com\/martin-navaz-presenta-eiac-y-cima-en-el-xxxii-congreso-iberoamericano-de-copaprose\/#primaryimage"},"thumbnailUrl":"https:\/\/www.adecose.com\/wp-content\/uploads\/2024\/10\/Congreso-COPAPROSE-Intervencion-Martin-Navaz.jpeg","datePublished":"2024-10-25T15:27:47+00:00","breadcrumb":{"@id":"https:\/\/www.adecose.com\/martin-navaz-presenta-eiac-y-cima-en-el-xxxii-congreso-iberoamericano-de-copaprose\/#breadcrumb"},"inLanguage":"gl-ES","potentialAction":[{"@type":"ReadAction","target":["https:\/\/www.adecose.com\/martin-navaz-presenta-eiac-y-cima-en-el-xxxii-congreso-iberoamericano-de-copaprose\/"]}]},{"@type":"ImageObject","inLanguage":"gl-ES","@id":"https:\/\/www.adecose.com\/martin-navaz-presenta-eiac-y-cima-en-el-xxxii-congreso-iberoamericano-de-copaprose\/#primaryimage","url":"https:\/\/www.adecose.com\/wp-content\/uploads\/2024\/10\/Congreso-COPAPROSE-Intervencion-Martin-Navaz.jpeg","contentUrl":"https:\/\/www.adecose.com\/wp-content\/uploads\/2024\/10\/Congreso-COPAPROSE-Intervencion-Martin-Navaz.jpeg","width":1600,"height":1200},{"@type":"BreadcrumbList","@id":"https:\/\/www.adecose.com\/martin-navaz-presenta-eiac-y-cima-en-el-xxxii-congreso-iberoamericano-de-copaprose\/#breadcrumb","itemListElement":[{"@type":"ListItem","position":1,"name":"Portada","item":"https:\/\/www.adecose.com\/gl\/"},{"@type":"ListItem","position":2,"name":"Mart\u00edn Navaz presenta EIAC y CIMA en el XXXII Congreso Iberoamericano de COPAPROSE"}]},{"@type":"WebSite","@id":"https:\/\/www.adecose.com\/gl\/#website","url":"https:\/\/www.adecose.com\/gl\/","name":"ADECOSE","description":"Asociaci\u00f3n Espa\u00f1ola de Corretor\u00edas de Seguros e Reaseguros","publisher":{"@id":"https:\/\/www.adecose.com\/gl\/#organization"},"potentialAction":[{"@type":"SearchAction","target":{"@type":"EntryPoint","urlTemplate":"https:\/\/www.adecose.com\/gl\/?s={search_term_string}"},"query-input":{"@type":"PropertyValueSpecification","valueRequired":true,"valueName":"search_term_string"}}],"inLanguage":"gl-ES"},{"@type":"Organization","@id":"https:\/\/www.adecose.com\/gl\/#organization","name":"ADECOSE","url":"https:\/\/www.adecose.com\/gl\/","logo":{"@type":"ImageObject","inLanguage":"gl-ES","@id":"https:\/\/www.adecose.com\/gl\/#\/schema\/logo\/image\/","url":"https:\/\/www.adecose.com\/wp-content\/uploads\/2020\/07\/favicon.png","contentUrl":"https:\/\/www.adecose.com\/wp-content\/uploads\/2020\/07\/favicon.png","width":512,"height":512,"caption":"ADECOSE"},"image":{"@id":"https:\/\/www.adecose.com\/gl\/#\/schema\/logo\/image\/"}},{"@type":"Person","@id":"https:\/\/www.adecose.com\/gl\/#\/schema\/person\/ff086ce55f6379e1d225a2c0dca5eeb6","name":"Comunicaci\u00f3n ADECOSE","image":{"@type":"ImageObject","inLanguage":"gl-ES","@id":"https:\/\/secure.gravatar.com\/avatar\/01cd1f9571997441bf1da6d1cc147351305f03fe8f2acf1ebbec60ebb26924ce?s=96&d=mm&r=g","url":"https:\/\/secure.gravatar.com\/avatar\/01cd1f9571997441bf1da6d1cc147351305f03fe8f2acf1ebbec60ebb26924ce?s=96&d=mm&r=g","contentUrl":"https:\/\/secure.gravatar.com\/avatar\/01cd1f9571997441bf1da6d1cc147351305f03fe8f2acf1ebbec60ebb26924ce?s=96&d=mm&r=g","caption":"Comunicaci\u00f3n ADECOSE"}}]}},"_links":{"self":[{"href":"https:\/\/www.adecose.com\/gl\/wp-json\/wp\/v2\/posts\/17965","targetHints":{"allow":["GET"]}}],"collection":[{"href":"https:\/\/www.adecose.com\/gl\/wp-json\/wp\/v2\/posts"}],"about":[{"href":"https:\/\/www.adecose.com\/gl\/wp-json\/wp\/v2\/types\/post"}],"author":[{"embeddable":true,"href":"https:\/\/www.adecose.com\/gl\/wp-json\/wp\/v2\/users\/197"}],"replies":[{"embeddable":true,"href":"https:\/\/www.adecose.com\/gl\/wp-json\/wp\/v2\/comments?post=17965"}],"version-history":[{"count":0,"href":"https:\/\/www.adecose.com\/gl\/wp-json\/wp\/v2\/posts\/17965\/revisions"}],"wp:featuredmedia":[{"embeddable":true,"href":"https:\/\/www.adecose.com\/gl\/wp-json\/wp\/v2\/media\/17966"}],"wp:attachment":[{"href":"https:\/\/www.adecose.com\/gl\/wp-json\/wp\/v2\/media?parent=17965"}],"wp:term":[{"taxonomy":"category","embeddable":true,"href":"https:\/\/www.adecose.com\/gl\/wp-json\/wp\/v2\/categories?post=17965"},{"taxonomy":"post_tag","embeddable":true,"href":"https:\/\/www.adecose.com\/gl\/wp-json\/wp\/v2\/tags?post=17965"}],"curies":[{"name":"wp","href":"https:\/\/api.w.org\/{rel}","templated":true}]}}