{"id":17889,"date":"2024-10-16T10:50:22","date_gmt":"2024-10-16T08:50:22","guid":{"rendered":"https:\/\/www.adecose.com\/?p=17889"},"modified":"2024-10-16T10:50:22","modified_gmt":"2024-10-16T08:50:22","slug":"albroksa-celebra-su-vi-convencion-nacional","status":"publish","type":"post","link":"https:\/\/www.adecose.com\/gl\/albroksa-celebra-su-vi-convencion-nacional\/","title":{"rendered":"Albroksa celebra su VI Convenci\u00f3n Nacional"},"content":{"rendered":"<p>Albroksa celebr\u00f3 su <strong>VI Convenci\u00f3n Nacional en C\u00e1ceres<\/strong>, ciudad que la vio nacer, los pasados 9 y 10 de Octubre. En este significativo retorno a sus ra\u00edces, se dieron cita los representantes de sus delegaciones franquiciadas, proveedores clave y un total de 35 entidades aseguradoras.<\/p>\n<p><strong>\u00c1ngel Mirat,<\/strong> Director General de Albroksa, fue el encargado de dar la bienvenida a los nuevos miembros de la red de delegaciones, abriendo oficialmente el evento. Durante su discurso, destac\u00f3 el crecimiento sostenible de la corredur\u00eda y la importancia de sumar nuevos talentos al equipo de los Servicios Centrales.<\/p>\n<p><strong>Francisco Alc\u00e1ntara<\/strong>, Presidente de Albroksa, realiz\u00f3 un an\u00e1lisis profundo de la trayectoria de la empresa, abordando su pasado, presente y futuro. En su intervenci\u00f3n, subray\u00f3 los hitos m\u00e1s importantes de Albroksa y dio la bienvenida al nuevo socio estrat\u00e9gico,\u00a0<strong>ERSM<\/strong>, cuyo ingreso como socio accionista fue presentado por\u00a0<strong>Salvador Vilallonga<\/strong>, Director General de ERSM, marcando as\u00ed una nueva etapa de expansi\u00f3n y colaboraci\u00f3n estrat\u00e9gica.<\/p>\n<p>Durante la convenci\u00f3n, destacaron varias ponencias que aportaron una visi\u00f3n clave sobre el futuro del sector asegurador. En primer lugar, la presentaci\u00f3n de\u00a0<strong>&#8220;Alianzas Reforzadas&#8221;<\/strong>\u00a0a cargo de\u00a0<strong>Jes\u00fas O\u00f1oro Ruiz<\/strong>\u00a0(Director Territorial Sur de Pelayo) y\u00a0<strong>Jos\u00e9 Juli\u00e1n V\u00e1zquez Cebador<\/strong>\u00a0(Gerente de Corredores Extremadura de Pelayo), que subrayaron\u00a0la importancia de reforzar las colaboraci\u00f3n entre la corredur\u00eda y compa\u00f1\u00eda para afrontar los retos actuales del mercado.<\/p>\n<p><strong>Carolina Carmona<\/strong>, de WTW Networks, ofreci\u00f3 una valiosa intervenci\u00f3n con su ponencia sobre el\u00a0<strong>&#8220;Servicio de colocaci\u00f3n de Grandes Riesgos&#8221;<\/strong>, aportando una perspectiva experta sobre la gesti\u00f3n de riesgos complejos para grandes corporaciones y la relevancia de una correcta intermediaci\u00f3n en estos casos.<\/p>\n<p>Por su parte,\u00a0<strong>Albert Reichardt<\/strong>, Director de Transformaci\u00f3n y Tecnolog\u00eda del RACC, profundiz\u00f3 en la transformaci\u00f3n digital en el sector con la ponencia\u00a0<strong>&#8220;One Brand Experience: La IA como factor clave de la mejora en Asistencia&#8221;<\/strong>, en la que\u00a0destac\u00f3 c\u00f3mo la inteligencia artificial est\u00e1 revolucionando los servicios de asistencia, mejorando la eficiencia y la experiencia del cliente de manera notable.<\/p>\n<p>Uno de los momentos m\u00e1s esperados fue la presentaci\u00f3n del\u00a0<strong>Club Albroksa<\/strong>, un innovador programa de fidelizaci\u00f3n que busca fortalecer la relaci\u00f3n con los clientes mediante ventajas exclusivas.<\/p>\n<p>En Casa Palacio Huerta del Conde se procedi\u00f3 a la tradicional<strong>\u00a0entrega de premios<\/strong>, en la que se reconoci\u00f3 la labor de las delegaciones y entidades aseguradoras m\u00e1s destacadas. Allianz fue galardonada como Mejor Entidad Aseguradora seg\u00fan la valoraci\u00f3n de las delegaciones de Albroksa, mientras que\u00a0<strong>Jos\u00e9 Antonio del Cerro<\/strong>, de Santaluc\u00eda, fue distinguido como Mejor Ejecutivo de Compa\u00f1\u00eda, en reconocimiento a su dedicaci\u00f3n y excelencia, entre otros.<\/p>\n<p>La jornada culmin\u00f3 con una\u00a0<strong>Cena de Gala<\/strong>\u00a0celebrada en el prestigioso\u00a0<strong>Hotel Barcel\u00f3 V Centenario de C\u00e1ceres,\u00a0<\/strong>en la que <strong>Dominique Uzel<\/strong>, Director General de Negocio y miembro del Comit\u00e9 Ejecutivo de Santaluc\u00eda, que fue galardonado con el premio Albroksa al Mejor Directivo de Entidad Aseguradora, comparti\u00f3 unas palabras de agradecimiento y reflexi\u00f3n con todos los asistentes.<\/p>\n<p>Albroksa agradece a todos los participantes que hicieron posible que esta VI Convenci\u00f3n Nacional fuera un \u00e9xito. Estamos comprometidos con seguir innovando y creciendo junto a nuestros socios, para continuar ofreciendo un servicio de calidad y confianza a nuestros clientes.<\/p>\n","protected":false},"excerpt":{"rendered":"<p>Albroksa celebr\u00f3 su VI Convenci\u00f3n Nacional en C\u00e1ceres, ciudad que la vio nacer, los pasados 9 y 10 de Octubre. En este significativo retorno a&#8230;<\/p>\n","protected":false},"author":197,"featured_media":17890,"comment_status":"closed","ping_status":"closed","sticky":false,"template":"","format":"standard","meta":{"_acf_changed":false,"_price":"","_stock":"","_tribe_ticket_header":"","_tribe_default_ticket_provider":"","_tribe_ticket_capacity":"0","_ticket_start_date":"","_ticket_end_date":"","_tribe_ticket_show_description":"","_tribe_ticket_show_not_going":false,"_tribe_ticket_use_global_stock":"","_tribe_ticket_global_stock_level":"","_global_stock_mode":"","_global_stock_cap":"","_tribe_rsvp_for_event":"","_tribe_ticket_going_count":"","_tribe_ticket_not_going_count":"","_tribe_tickets_list":"[]","_tribe_ticket_has_attendee_info_fields":false,"footnotes":""},"categories":[339],"tags":[353,511,283,513],"class_list":["post-17889","post","type-post","status-publish","format-standard","has-post-thumbnail","category-espacio-correduriasadecose","tag-albroksa","tag-convenciones","tag-eventos","tag-vi-convencion-albroksa"],"acf":[],"yoast_head":"<!-- This site is optimized with the Yoast SEO plugin v27.2 - https:\/\/yoast.com\/product\/yoast-seo-wordpress\/ -->\n<title>Albroksa celebra su VI Convenci\u00f3n Nacional - ADECOSE<\/title>\n<meta name=\"robots\" content=\"index, follow, max-snippet:-1, max-image-preview:large, max-video-preview:-1\" \/>\n<link rel=\"canonical\" href=\"https:\/\/www.adecose.com\/albroksa-celebra-su-vi-convencion-nacional\/\" \/>\n<meta property=\"og:locale\" content=\"gl_ES\" \/>\n<meta property=\"og:type\" content=\"article\" \/>\n<meta property=\"og:title\" content=\"Albroksa celebra su VI Convenci\u00f3n Nacional - ADECOSE\" \/>\n<meta property=\"og:description\" content=\"Albroksa celebr\u00f3 su VI Convenci\u00f3n Nacional en C\u00e1ceres, ciudad que la vio nacer, los pasados 9 y 10 de Octubre. En este significativo retorno a...\" \/>\n<meta property=\"og:url\" content=\"https:\/\/www.adecose.com\/albroksa-celebra-su-vi-convencion-nacional\/\" \/>\n<meta property=\"og:site_name\" content=\"ADECOSE\" \/>\n<meta property=\"article:published_time\" content=\"2024-10-16T08:50:22+00:00\" \/>\n<meta property=\"og:image\" content=\"https:\/\/www.adecose.com\/wp-content\/uploads\/2024\/10\/Convencion-Albroksa-scaled.jpg\" \/>\n\t<meta property=\"og:image:width\" content=\"2560\" \/>\n\t<meta property=\"og:image:height\" content=\"1708\" \/>\n\t<meta property=\"og:image:type\" content=\"image\/jpeg\" \/>\n<meta name=\"author\" content=\"Comunicaci\u00f3n ADECOSE\" \/>\n<meta name=\"twitter:card\" content=\"summary_large_image\" \/>\n<meta name=\"twitter:label1\" content=\"Escrito por\" \/>\n\t<meta name=\"twitter:data1\" content=\"Comunicaci\u00f3n ADECOSE\" \/>\n\t<meta name=\"twitter:label2\" content=\"Tempo de lectura\" \/>\n\t<meta name=\"twitter:data2\" content=\"3 minutos\" \/>\n<script type=\"application\/ld+json\" class=\"yoast-schema-graph\">{\"@context\":\"https:\/\/schema.org\",\"@graph\":[{\"@type\":\"Article\",\"@id\":\"https:\/\/www.adecose.com\/albroksa-celebra-su-vi-convencion-nacional\/#article\",\"isPartOf\":{\"@id\":\"https:\/\/www.adecose.com\/albroksa-celebra-su-vi-convencion-nacional\/\"},\"author\":{\"name\":\"Comunicaci\u00f3n ADECOSE\",\"@id\":\"https:\/\/www.adecose.com\/gl\/#\/schema\/person\/ff086ce55f6379e1d225a2c0dca5eeb6\"},\"headline\":\"Albroksa celebra su VI Convenci\u00f3n Nacional\",\"datePublished\":\"2024-10-16T08:50:22+00:00\",\"mainEntityOfPage\":{\"@id\":\"https:\/\/www.adecose.com\/albroksa-celebra-su-vi-convencion-nacional\/\"},\"wordCount\":571,\"publisher\":{\"@id\":\"https:\/\/www.adecose.com\/gl\/#organization\"},\"image\":{\"@id\":\"https:\/\/www.adecose.com\/albroksa-celebra-su-vi-convencion-nacional\/#primaryimage\"},\"thumbnailUrl\":\"https:\/\/www.adecose.com\/wp-content\/uploads\/2024\/10\/Convencion-Albroksa-scaled.jpg\",\"keywords\":[\"Albroksa\",\"Convenciones\",\"EVENTOS\",\"VI Convenci\u00f3n Albroksa\"],\"articleSection\":[\"Espacio #Corredur\u00edasADECOSE\"],\"inLanguage\":\"gl-ES\"},{\"@type\":\"WebPage\",\"@id\":\"https:\/\/www.adecose.com\/albroksa-celebra-su-vi-convencion-nacional\/\",\"url\":\"https:\/\/www.adecose.com\/albroksa-celebra-su-vi-convencion-nacional\/\",\"name\":\"Albroksa celebra su VI Convenci\u00f3n Nacional - ADECOSE\",\"isPartOf\":{\"@id\":\"https:\/\/www.adecose.com\/gl\/#website\"},\"primaryImageOfPage\":{\"@id\":\"https:\/\/www.adecose.com\/albroksa-celebra-su-vi-convencion-nacional\/#primaryimage\"},\"image\":{\"@id\":\"https:\/\/www.adecose.com\/albroksa-celebra-su-vi-convencion-nacional\/#primaryimage\"},\"thumbnailUrl\":\"https:\/\/www.adecose.com\/wp-content\/uploads\/2024\/10\/Convencion-Albroksa-scaled.jpg\",\"datePublished\":\"2024-10-16T08:50:22+00:00\",\"breadcrumb\":{\"@id\":\"https:\/\/www.adecose.com\/albroksa-celebra-su-vi-convencion-nacional\/#breadcrumb\"},\"inLanguage\":\"gl-ES\",\"potentialAction\":[{\"@type\":\"ReadAction\",\"target\":[\"https:\/\/www.adecose.com\/albroksa-celebra-su-vi-convencion-nacional\/\"]}]},{\"@type\":\"ImageObject\",\"inLanguage\":\"gl-ES\",\"@id\":\"https:\/\/www.adecose.com\/albroksa-celebra-su-vi-convencion-nacional\/#primaryimage\",\"url\":\"https:\/\/www.adecose.com\/wp-content\/uploads\/2024\/10\/Convencion-Albroksa-scaled.jpg\",\"contentUrl\":\"https:\/\/www.adecose.com\/wp-content\/uploads\/2024\/10\/Convencion-Albroksa-scaled.jpg\",\"width\":2560,\"height\":1708},{\"@type\":\"BreadcrumbList\",\"@id\":\"https:\/\/www.adecose.com\/albroksa-celebra-su-vi-convencion-nacional\/#breadcrumb\",\"itemListElement\":[{\"@type\":\"ListItem\",\"position\":1,\"name\":\"Portada\",\"item\":\"https:\/\/www.adecose.com\/gl\/\"},{\"@type\":\"ListItem\",\"position\":2,\"name\":\"Albroksa celebra su VI Convenci\u00f3n Nacional\"}]},{\"@type\":\"WebSite\",\"@id\":\"https:\/\/www.adecose.com\/gl\/#website\",\"url\":\"https:\/\/www.adecose.com\/gl\/\",\"name\":\"ADECOSE\",\"description\":\"Asociaci\u00f3n Espa\u00f1ola de Corretor\u00edas de Seguros e Reaseguros\",\"publisher\":{\"@id\":\"https:\/\/www.adecose.com\/gl\/#organization\"},\"potentialAction\":[{\"@type\":\"SearchAction\",\"target\":{\"@type\":\"EntryPoint\",\"urlTemplate\":\"https:\/\/www.adecose.com\/gl\/?s={search_term_string}\"},\"query-input\":{\"@type\":\"PropertyValueSpecification\",\"valueRequired\":true,\"valueName\":\"search_term_string\"}}],\"inLanguage\":\"gl-ES\"},{\"@type\":\"Organization\",\"@id\":\"https:\/\/www.adecose.com\/gl\/#organization\",\"name\":\"ADECOSE\",\"url\":\"https:\/\/www.adecose.com\/gl\/\",\"logo\":{\"@type\":\"ImageObject\",\"inLanguage\":\"gl-ES\",\"@id\":\"https:\/\/www.adecose.com\/gl\/#\/schema\/logo\/image\/\",\"url\":\"https:\/\/www.adecose.com\/wp-content\/uploads\/2020\/07\/favicon.png\",\"contentUrl\":\"https:\/\/www.adecose.com\/wp-content\/uploads\/2020\/07\/favicon.png\",\"width\":512,\"height\":512,\"caption\":\"ADECOSE\"},\"image\":{\"@id\":\"https:\/\/www.adecose.com\/gl\/#\/schema\/logo\/image\/\"}},{\"@type\":\"Person\",\"@id\":\"https:\/\/www.adecose.com\/gl\/#\/schema\/person\/ff086ce55f6379e1d225a2c0dca5eeb6\",\"name\":\"Comunicaci\u00f3n ADECOSE\",\"image\":{\"@type\":\"ImageObject\",\"inLanguage\":\"gl-ES\",\"@id\":\"https:\/\/secure.gravatar.com\/avatar\/01cd1f9571997441bf1da6d1cc147351305f03fe8f2acf1ebbec60ebb26924ce?s=96&d=mm&r=g\",\"url\":\"https:\/\/secure.gravatar.com\/avatar\/01cd1f9571997441bf1da6d1cc147351305f03fe8f2acf1ebbec60ebb26924ce?s=96&d=mm&r=g\",\"contentUrl\":\"https:\/\/secure.gravatar.com\/avatar\/01cd1f9571997441bf1da6d1cc147351305f03fe8f2acf1ebbec60ebb26924ce?s=96&d=mm&r=g\",\"caption\":\"Comunicaci\u00f3n ADECOSE\"}}]}<\/script>\n<!-- \/ Yoast SEO plugin. -->","yoast_head_json":{"title":"Albroksa celebra su VI Convenci\u00f3n Nacional - ADECOSE","robots":{"index":"index","follow":"follow","max-snippet":"max-snippet:-1","max-image-preview":"max-image-preview:large","max-video-preview":"max-video-preview:-1"},"canonical":"https:\/\/www.adecose.com\/albroksa-celebra-su-vi-convencion-nacional\/","og_locale":"gl_ES","og_type":"article","og_title":"Albroksa celebra su VI Convenci\u00f3n Nacional - ADECOSE","og_description":"Albroksa celebr\u00f3 su VI Convenci\u00f3n Nacional en C\u00e1ceres, ciudad que la vio nacer, los pasados 9 y 10 de Octubre. En este significativo retorno a...","og_url":"https:\/\/www.adecose.com\/albroksa-celebra-su-vi-convencion-nacional\/","og_site_name":"ADECOSE","article_published_time":"2024-10-16T08:50:22+00:00","og_image":[{"width":2560,"height":1708,"url":"https:\/\/www.adecose.com\/wp-content\/uploads\/2024\/10\/Convencion-Albroksa-scaled.jpg","type":"image\/jpeg"}],"author":"Comunicaci\u00f3n ADECOSE","twitter_card":"summary_large_image","twitter_misc":{"Escrito por":"Comunicaci\u00f3n ADECOSE","Tempo de lectura":"3 minutos"},"schema":{"@context":"https:\/\/schema.org","@graph":[{"@type":"Article","@id":"https:\/\/www.adecose.com\/albroksa-celebra-su-vi-convencion-nacional\/#article","isPartOf":{"@id":"https:\/\/www.adecose.com\/albroksa-celebra-su-vi-convencion-nacional\/"},"author":{"name":"Comunicaci\u00f3n ADECOSE","@id":"https:\/\/www.adecose.com\/gl\/#\/schema\/person\/ff086ce55f6379e1d225a2c0dca5eeb6"},"headline":"Albroksa celebra su VI Convenci\u00f3n Nacional","datePublished":"2024-10-16T08:50:22+00:00","mainEntityOfPage":{"@id":"https:\/\/www.adecose.com\/albroksa-celebra-su-vi-convencion-nacional\/"},"wordCount":571,"publisher":{"@id":"https:\/\/www.adecose.com\/gl\/#organization"},"image":{"@id":"https:\/\/www.adecose.com\/albroksa-celebra-su-vi-convencion-nacional\/#primaryimage"},"thumbnailUrl":"https:\/\/www.adecose.com\/wp-content\/uploads\/2024\/10\/Convencion-Albroksa-scaled.jpg","keywords":["Albroksa","Convenciones","EVENTOS","VI Convenci\u00f3n Albroksa"],"articleSection":["Espacio #Corredur\u00edasADECOSE"],"inLanguage":"gl-ES"},{"@type":"WebPage","@id":"https:\/\/www.adecose.com\/albroksa-celebra-su-vi-convencion-nacional\/","url":"https:\/\/www.adecose.com\/albroksa-celebra-su-vi-convencion-nacional\/","name":"Albroksa celebra su VI Convenci\u00f3n Nacional - ADECOSE","isPartOf":{"@id":"https:\/\/www.adecose.com\/gl\/#website"},"primaryImageOfPage":{"@id":"https:\/\/www.adecose.com\/albroksa-celebra-su-vi-convencion-nacional\/#primaryimage"},"image":{"@id":"https:\/\/www.adecose.com\/albroksa-celebra-su-vi-convencion-nacional\/#primaryimage"},"thumbnailUrl":"https:\/\/www.adecose.com\/wp-content\/uploads\/2024\/10\/Convencion-Albroksa-scaled.jpg","datePublished":"2024-10-16T08:50:22+00:00","breadcrumb":{"@id":"https:\/\/www.adecose.com\/albroksa-celebra-su-vi-convencion-nacional\/#breadcrumb"},"inLanguage":"gl-ES","potentialAction":[{"@type":"ReadAction","target":["https:\/\/www.adecose.com\/albroksa-celebra-su-vi-convencion-nacional\/"]}]},{"@type":"ImageObject","inLanguage":"gl-ES","@id":"https:\/\/www.adecose.com\/albroksa-celebra-su-vi-convencion-nacional\/#primaryimage","url":"https:\/\/www.adecose.com\/wp-content\/uploads\/2024\/10\/Convencion-Albroksa-scaled.jpg","contentUrl":"https:\/\/www.adecose.com\/wp-content\/uploads\/2024\/10\/Convencion-Albroksa-scaled.jpg","width":2560,"height":1708},{"@type":"BreadcrumbList","@id":"https:\/\/www.adecose.com\/albroksa-celebra-su-vi-convencion-nacional\/#breadcrumb","itemListElement":[{"@type":"ListItem","position":1,"name":"Portada","item":"https:\/\/www.adecose.com\/gl\/"},{"@type":"ListItem","position":2,"name":"Albroksa celebra su VI Convenci\u00f3n Nacional"}]},{"@type":"WebSite","@id":"https:\/\/www.adecose.com\/gl\/#website","url":"https:\/\/www.adecose.com\/gl\/","name":"ADECOSE","description":"Asociaci\u00f3n Espa\u00f1ola de Corretor\u00edas de Seguros e Reaseguros","publisher":{"@id":"https:\/\/www.adecose.com\/gl\/#organization"},"potentialAction":[{"@type":"SearchAction","target":{"@type":"EntryPoint","urlTemplate":"https:\/\/www.adecose.com\/gl\/?s={search_term_string}"},"query-input":{"@type":"PropertyValueSpecification","valueRequired":true,"valueName":"search_term_string"}}],"inLanguage":"gl-ES"},{"@type":"Organization","@id":"https:\/\/www.adecose.com\/gl\/#organization","name":"ADECOSE","url":"https:\/\/www.adecose.com\/gl\/","logo":{"@type":"ImageObject","inLanguage":"gl-ES","@id":"https:\/\/www.adecose.com\/gl\/#\/schema\/logo\/image\/","url":"https:\/\/www.adecose.com\/wp-content\/uploads\/2020\/07\/favicon.png","contentUrl":"https:\/\/www.adecose.com\/wp-content\/uploads\/2020\/07\/favicon.png","width":512,"height":512,"caption":"ADECOSE"},"image":{"@id":"https:\/\/www.adecose.com\/gl\/#\/schema\/logo\/image\/"}},{"@type":"Person","@id":"https:\/\/www.adecose.com\/gl\/#\/schema\/person\/ff086ce55f6379e1d225a2c0dca5eeb6","name":"Comunicaci\u00f3n ADECOSE","image":{"@type":"ImageObject","inLanguage":"gl-ES","@id":"https:\/\/secure.gravatar.com\/avatar\/01cd1f9571997441bf1da6d1cc147351305f03fe8f2acf1ebbec60ebb26924ce?s=96&d=mm&r=g","url":"https:\/\/secure.gravatar.com\/avatar\/01cd1f9571997441bf1da6d1cc147351305f03fe8f2acf1ebbec60ebb26924ce?s=96&d=mm&r=g","contentUrl":"https:\/\/secure.gravatar.com\/avatar\/01cd1f9571997441bf1da6d1cc147351305f03fe8f2acf1ebbec60ebb26924ce?s=96&d=mm&r=g","caption":"Comunicaci\u00f3n ADECOSE"}}]}},"_links":{"self":[{"href":"https:\/\/www.adecose.com\/gl\/wp-json\/wp\/v2\/posts\/17889","targetHints":{"allow":["GET"]}}],"collection":[{"href":"https:\/\/www.adecose.com\/gl\/wp-json\/wp\/v2\/posts"}],"about":[{"href":"https:\/\/www.adecose.com\/gl\/wp-json\/wp\/v2\/types\/post"}],"author":[{"embeddable":true,"href":"https:\/\/www.adecose.com\/gl\/wp-json\/wp\/v2\/users\/197"}],"replies":[{"embeddable":true,"href":"https:\/\/www.adecose.com\/gl\/wp-json\/wp\/v2\/comments?post=17889"}],"version-history":[{"count":0,"href":"https:\/\/www.adecose.com\/gl\/wp-json\/wp\/v2\/posts\/17889\/revisions"}],"wp:featuredmedia":[{"embeddable":true,"href":"https:\/\/www.adecose.com\/gl\/wp-json\/wp\/v2\/media\/17890"}],"wp:attachment":[{"href":"https:\/\/www.adecose.com\/gl\/wp-json\/wp\/v2\/media?parent=17889"}],"wp:term":[{"taxonomy":"category","embeddable":true,"href":"https:\/\/www.adecose.com\/gl\/wp-json\/wp\/v2\/categories?post=17889"},{"taxonomy":"post_tag","embeddable":true,"href":"https:\/\/www.adecose.com\/gl\/wp-json\/wp\/v2\/tags?post=17889"}],"curies":[{"name":"wp","href":"https:\/\/api.w.org\/{rel}","templated":true}]}}