{"id":17080,"date":"2024-04-29T10:33:37","date_gmt":"2024-04-29T08:33:37","guid":{"rendered":"https:\/\/www.adecose.com\/?p=17080"},"modified":"2024-04-29T10:33:37","modified_gmt":"2024-04-29T08:33:37","slug":"gexbrok-congrega-a-mas-de-160-profesionales-del-sector-del-seguro-en-su-ix-convencion-red-elite","status":"publish","type":"post","link":"https:\/\/www.adecose.com\/gl\/gexbrok-congrega-a-mas-de-160-profesionales-del-sector-del-seguro-en-su-ix-convencion-red-elite\/","title":{"rendered":"GexBrok congrega a m\u00e1s de 160 profesionales del sector del seguro en su IX Convenci\u00f3n Red \u00c9lite"},"content":{"rendered":"[vc_row type=&#8221;in_container&#8221; full_screen_row_position=&#8221;middle&#8221; column_margin=&#8221;default&#8221; column_direction=&#8221;default&#8221; column_direction_tablet=&#8221;default&#8221; column_direction_phone=&#8221;default&#8221; scene_position=&#8221;center&#8221; text_color=&#8221;dark&#8221; text_align=&#8221;left&#8221; row_border_radius=&#8221;none&#8221; row_border_radius_applies=&#8221;bg&#8221; overflow=&#8221;visible&#8221; overlay_strength=&#8221;0.3&#8243; gradient_direction=&#8221;left_to_right&#8221; shape_divider_position=&#8221;bottom&#8221; bg_image_animation=&#8221;none&#8221;][vc_column column_padding=&#8221;no-extra-padding&#8221; column_padding_tablet=&#8221;inherit&#8221; column_padding_phone=&#8221;inherit&#8221; column_padding_position=&#8221;all&#8221; column_element_direction_desktop=&#8221;default&#8221; column_element_spacing=&#8221;default&#8221; desktop_text_alignment=&#8221;default&#8221; tablet_text_alignment=&#8221;default&#8221; phone_text_alignment=&#8221;default&#8221; background_color_opacity=&#8221;1&#8243; background_hover_color_opacity=&#8221;1&#8243; column_backdrop_filter=&#8221;none&#8221; column_shadow=&#8221;none&#8221; column_border_radius=&#8221;none&#8221; column_link_target=&#8221;_self&#8221; column_position=&#8221;default&#8221; gradient_direction=&#8221;left_to_right&#8221; overlay_strength=&#8221;0.3&#8243; width=&#8221;1\/1&#8243; tablet_width_inherit=&#8221;default&#8221; animation_type=&#8221;default&#8221; bg_image_animation=&#8221;none&#8221; border_type=&#8221;simple&#8221; column_border_width=&#8221;none&#8221; column_border_style=&#8221;solid&#8221;][vc_column_text text_direction=&#8221;default&#8221;]\n<ul>\n<li><em><strong>GexBrok celebra su IX Convenci\u00f3n Red \u00c9lite en C\u00e1ceres en la que analiza la correcta fusi\u00f3n de la tecnolog\u00eda y la Inteligencia Artificial con las personas<\/strong><\/em><\/li>\n<\/ul>\n[\/vc_column_text][vc_column_text text_direction=&#8221;default&#8221;]\n<ul>\n<li><em><strong>M\u00e1s de 160 profesionales del sector asistieron a esta Convenci\u00f3n en la que la tecnolog\u00eda y las ventas fueron los ejes principales<\/strong><\/em><\/li>\n<\/ul>\n[\/vc_column_text][vc_column_text text_direction=&#8221;default&#8221;]La corredur\u00eda de seguros GexBrok, con m\u00e1s de 35 a\u00f1os de experiencia en sector, socio de Cojebro y ADECOSE y miembro del grupo internacional <strong>ETL <\/strong>GLOBAL, celebr\u00f3 el pasado 25 de abril en el Centro de Cirug\u00eda de M\u00ednima Invasi\u00f3n Jes\u00fas Us\u00f3n (CCMIJU) de C\u00e1ceres, su IX Convenci\u00f3n Red \u00c9lite GexBrok &#8220;Inteligencia Artificial y personas: La fusi\u00f3n perfecta para la corredur\u00eda del futuro&#8221;, a la que asistieron m\u00e1s de 160 profesionales del sector de los seguros y la mediaci\u00f3n.<\/p>\n<p>Esta Convenci\u00f3n fue inaugurada por Francisco Miguel S\u00e1nchez Margallo, director cient\u00edfico del CCMIJU que destac\u00f3 la importancia de centro de investigaci\u00f3n y analiz\u00f3 c\u00f3mo la Inteligencia Artificial es determinante en muchos sectores como el de la medicina.<\/p>\n<p><strong>GexBrok aumenta su facturaci\u00f3n un 13% respecto a 2022<\/strong><\/p>\n<p>El primer bloque de la Convenci\u00f3n estuvo protagonizado por los objetivos, retos y proyectos culminados por GexBrok durante el pasado a\u00f1o, as\u00ed como las metas que se ha marcado la corredur\u00eda para este 2024. As\u00ed, Jos\u00e9 \u00c1ngel Benito, socio y consejero delegado y Benito Polo, director general de GexBrok pusieron de manifiesto los \u00e9xitos de GexBrok en el \u00faltimo a\u00f1o: un aumento del 73% en su facturaci\u00f3n respecto a 2022 y un crecimiento del 26% en el importe de prima media.<\/p>\n<p>Benito Polo, que se incorpor\u00f3 a GexBrok el pasado mes de febrero como director general, enumer\u00f3 algunos de los objetivos que se ha marcado la empresa durante este 2024: crecimiento, diversificaci\u00f3n y rentabilidad.<\/p>\n<p><strong>La Inteligencia Artificial en las corredur\u00edas de seguros<\/strong><\/p>\n<p>El tema principal de la IX Convenci\u00f3n de GexBrok, la inteligencia artificial y la tecnolog\u00eda, fue analizada con detalle en la Mesa Redonda &#8220;El Proyecto CIMA: Conectividad, Inteligencia Artificial y nuevos procesos de las corredur\u00edas del futuro&#8221; que cont\u00f3 con la intervenci\u00f3n de Jos\u00e9 Mar\u00eda Masana, director comercial de MPM; Diego Fern\u00e1ndez, director gerente de Cojebro; Pablo Surdo, socio director de Dextra; V\u00edctor Santamar\u00eda, Head of Group Data Science Centre of Excellence; David Salinas, tesorero y responsable de digitalizaci\u00f3n de Adecose; Gerard Clar\u00e9s Vicario, Head of Connectivity &amp; Markets en Allianz. Vocal de la Comisi\u00f3n CIMA y Adolfo Campos, director general de INADE que actu\u00f3 como moderador.<\/p>\n<p>Siguiendo con la IA, Tomas Molina Moreno, Product Marketing Manager Marketing &amp; Commercial Operations en MPM analiz\u00f3 c\u00f3mo la IA y la tecnolog\u00eda pueden contribuir a ser m\u00e1s productivos y obtener mayor rentabilidad.<\/p>\n<p><strong>La f\u00f3rmula definitiva para acelerar ventas de lv\u00e1n Garrido<\/strong><\/p>\n<p>lv\u00e1n Garrido, cofundador de Vendedores Imparables present\u00f3 a los asistentes, entre los que se encontraba casi el 700% de las Red \u00c9lite de GexBrok su f\u00f3rmula para aumentar las ventas basada en cuatro pilares fundamentales que est\u00e1n plasmados en su libro &#8220;IMPARABLE&#8221;, l\u00edder de ventas en Amazon.<\/p>\n<p><strong>\u00c1lex Roca: la gran sorpresa de la IX Convenci\u00f3n de GexBrok<\/strong><\/p>\n<p>El broche final a la IX Convenci\u00f3n Red \u00c9lite de GexBrok lo puso \u00c1lex Roca, atleta que a trav\u00e9s de M\u00aa Carmen Maza, su int\u00e9rprete de lengua de signos, pudo contar a los asistentes su historia, un relato de superaci\u00f3n que cautiv\u00f3 a las m\u00e1s de 760 personas congregadas en el CCMIJU.<\/p>\n<p>Finalmente, el consejo de administraci\u00f3n de GexBrok, integrado por \u00c1ngel Mar\u00eda Jim\u00e9nez, Jos\u00e9 \u00c1ngel Benito, Ra\u00fal Benito y Javier Benito, hizo entrega del premio al mejor asesor comercial que recay\u00f3 en Fernando L\u00f3pez Montenegro de Allianz; a mejor compa\u00f1\u00eda de seguros a REALE SEGUROS y a Antonio Hern\u00e1ndez de PLUS ULTRA por su trayectoria profesional. A continuaci\u00f3n, pudieron recoger un reconocimiento especial los \u00c9lites que cumplieron 70 a\u00f1os en GexBrok.<\/p>\n<p>Tras el discurso de clausura de Javier Benito, socio y consejero delegado de GexBrok tuvo lugar el c\u00f3ctel y el Meet Point donde las compa\u00f1\u00edas de seguros participantes pudieron dar a conocer sus nuevos y productos y servicios.[\/vc_column_text][\/vc_column][\/vc_row]\n","protected":false},"excerpt":{"rendered":"<p>[vc_row type=&#8221;in_container&#8221; full_screen_row_position=&#8221;middle&#8221; column_margin=&#8221;default&#8221; column_direction=&#8221;default&#8221; column_direction_tablet=&#8221;default&#8221; column_direction_phone=&#8221;default&#8221; scene_position=&#8221;center&#8221; text_color=&#8221;dark&#8221; text_align=&#8221;left&#8221; row_border_radius=&#8221;none&#8221; row_border_radius_applies=&#8221;bg&#8221; overflow=&#8221;visible&#8221; overlay_strength=&#8221;0.3&#8243; gradient_direction=&#8221;left_to_right&#8221; shape_divider_position=&#8221;bottom&#8221; bg_image_animation=&#8221;none&#8221;][vc_column column_padding=&#8221;no-extra-padding&#8221; column_padding_tablet=&#8221;inherit&#8221; column_padding_phone=&#8221;inherit&#8221; column_padding_position=&#8221;all&#8221; column_element_direction_desktop=&#8221;default&#8221; column_element_spacing=&#8221;default&#8221; desktop_text_alignment=&#8221;default&#8221; tablet_text_alignment=&#8221;default&#8221;&#8230;<\/p>\n","protected":false},"author":197,"featured_media":17081,"comment_status":"closed","ping_status":"closed","sticky":false,"template":"","format":"standard","meta":{"_acf_changed":false,"_price":"","_stock":"","_tribe_ticket_header":"","_tribe_default_ticket_provider":"","_tribe_ticket_capacity":"0","_ticket_start_date":"","_ticket_end_date":"","_tribe_ticket_show_description":"","_tribe_ticket_show_not_going":false,"_tribe_ticket_use_global_stock":"","_tribe_ticket_global_stock_level":"","_global_stock_mode":"","_global_stock_cap":"","_tribe_rsvp_for_event":"","_tribe_ticket_going_count":"","_tribe_ticket_not_going_count":"","_tribe_tickets_list":"[]","_tribe_ticket_has_attendee_info_fields":false,"footnotes":""},"categories":[339],"tags":[435],"class_list":["post-17080","post","type-post","status-publish","format-standard","has-post-thumbnail","category-espacio-correduriasadecose","tag-gesbrok"],"acf":[],"yoast_head":"<!-- This site is optimized with the Yoast SEO plugin v27.2 - https:\/\/yoast.com\/product\/yoast-seo-wordpress\/ -->\n<title>GexBrok congrega a m\u00e1s de 160 profesionales del sector del seguro en su IX Convenci\u00f3n Red \u00c9lite - ADECOSE<\/title>\n<meta name=\"robots\" content=\"index, follow, max-snippet:-1, max-image-preview:large, max-video-preview:-1\" \/>\n<link rel=\"canonical\" href=\"https:\/\/www.adecose.com\/gexbrok-congrega-a-mas-de-160-profesionales-del-sector-del-seguro-en-su-ix-convencion-red-elite\/\" \/>\n<meta property=\"og:locale\" content=\"gl_ES\" \/>\n<meta property=\"og:type\" content=\"article\" \/>\n<meta property=\"og:title\" content=\"GexBrok congrega a m\u00e1s de 160 profesionales del sector del seguro en su IX Convenci\u00f3n Red \u00c9lite - ADECOSE\" \/>\n<meta property=\"og:description\" content=\"[vc_row type=&#8221;in_container&#8221; full_screen_row_position=&#8221;middle&#8221; column_margin=&#8221;default&#8221; column_direction=&#8221;default&#8221; column_direction_tablet=&#8221;default&#8221; column_direction_phone=&#8221;default&#8221; scene_position=&#8221;center&#8221; text_color=&#8221;dark&#8221; text_align=&#8221;left&#8221; row_border_radius=&#8221;none&#8221; row_border_radius_applies=&#8221;bg&#8221; overflow=&#8221;visible&#8221; overlay_strength=&#8221;0.3&#8243; gradient_direction=&#8221;left_to_right&#8221; shape_divider_position=&#8221;bottom&#8221; bg_image_animation=&#8221;none&#8221;][vc_column column_padding=&#8221;no-extra-padding&#8221; column_padding_tablet=&#8221;inherit&#8221; column_padding_phone=&#8221;inherit&#8221; column_padding_position=&#8221;all&#8221; column_element_direction_desktop=&#8221;default&#8221; column_element_spacing=&#8221;default&#8221; desktop_text_alignment=&#8221;default&#8221; tablet_text_alignment=&#8221;default&#8221;...\" \/>\n<meta property=\"og:url\" content=\"https:\/\/www.adecose.com\/gexbrok-congrega-a-mas-de-160-profesionales-del-sector-del-seguro-en-su-ix-convencion-red-elite\/\" \/>\n<meta property=\"og:site_name\" content=\"ADECOSE\" \/>\n<meta property=\"article:published_time\" content=\"2024-04-29T08:33:37+00:00\" \/>\n<meta property=\"og:image\" content=\"https:\/\/www.adecose.com\/wp-content\/uploads\/2024\/04\/Captura-de-pantalla-2024-04-29-a-las-10.32.49-1024x684.png\" \/>\n\t<meta property=\"og:image:width\" content=\"1024\" \/>\n\t<meta property=\"og:image:height\" content=\"684\" \/>\n\t<meta property=\"og:image:type\" content=\"image\/png\" \/>\n<meta name=\"author\" content=\"Comunicaci\u00f3n ADECOSE\" \/>\n<meta name=\"twitter:card\" content=\"summary_large_image\" \/>\n<meta name=\"twitter:label1\" content=\"Escrito por\" \/>\n\t<meta name=\"twitter:data1\" content=\"Comunicaci\u00f3n ADECOSE\" \/>\n\t<meta name=\"twitter:label2\" content=\"Tempo de lectura\" \/>\n\t<meta name=\"twitter:data2\" content=\"4 minutos\" \/>\n<script type=\"application\/ld+json\" class=\"yoast-schema-graph\">{\"@context\":\"https:\/\/schema.org\",\"@graph\":[{\"@type\":\"Article\",\"@id\":\"https:\/\/www.adecose.com\/gexbrok-congrega-a-mas-de-160-profesionales-del-sector-del-seguro-en-su-ix-convencion-red-elite\/#article\",\"isPartOf\":{\"@id\":\"https:\/\/www.adecose.com\/gexbrok-congrega-a-mas-de-160-profesionales-del-sector-del-seguro-en-su-ix-convencion-red-elite\/\"},\"author\":{\"name\":\"Comunicaci\u00f3n ADECOSE\",\"@id\":\"https:\/\/www.adecose.com\/gl\/#\/schema\/person\/ff086ce55f6379e1d225a2c0dca5eeb6\"},\"headline\":\"GexBrok congrega a m\u00e1s de 160 profesionales del sector del seguro en su IX Convenci\u00f3n Red \u00c9lite\",\"datePublished\":\"2024-04-29T08:33:37+00:00\",\"mainEntityOfPage\":{\"@id\":\"https:\/\/www.adecose.com\/gexbrok-congrega-a-mas-de-160-profesionales-del-sector-del-seguro-en-su-ix-convencion-red-elite\/\"},\"wordCount\":920,\"publisher\":{\"@id\":\"https:\/\/www.adecose.com\/gl\/#organization\"},\"image\":{\"@id\":\"https:\/\/www.adecose.com\/gexbrok-congrega-a-mas-de-160-profesionales-del-sector-del-seguro-en-su-ix-convencion-red-elite\/#primaryimage\"},\"thumbnailUrl\":\"https:\/\/www.adecose.com\/wp-content\/uploads\/2024\/04\/Captura-de-pantalla-2024-04-29-a-las-10.32.49.png\",\"keywords\":[\"GesBrok\"],\"articleSection\":[\"Espacio #Corredur\u00edasADECOSE\"],\"inLanguage\":\"gl-ES\"},{\"@type\":\"WebPage\",\"@id\":\"https:\/\/www.adecose.com\/gexbrok-congrega-a-mas-de-160-profesionales-del-sector-del-seguro-en-su-ix-convencion-red-elite\/\",\"url\":\"https:\/\/www.adecose.com\/gexbrok-congrega-a-mas-de-160-profesionales-del-sector-del-seguro-en-su-ix-convencion-red-elite\/\",\"name\":\"GexBrok congrega a m\u00e1s de 160 profesionales del sector del seguro en su IX Convenci\u00f3n Red \u00c9lite - ADECOSE\",\"isPartOf\":{\"@id\":\"https:\/\/www.adecose.com\/gl\/#website\"},\"primaryImageOfPage\":{\"@id\":\"https:\/\/www.adecose.com\/gexbrok-congrega-a-mas-de-160-profesionales-del-sector-del-seguro-en-su-ix-convencion-red-elite\/#primaryimage\"},\"image\":{\"@id\":\"https:\/\/www.adecose.com\/gexbrok-congrega-a-mas-de-160-profesionales-del-sector-del-seguro-en-su-ix-convencion-red-elite\/#primaryimage\"},\"thumbnailUrl\":\"https:\/\/www.adecose.com\/wp-content\/uploads\/2024\/04\/Captura-de-pantalla-2024-04-29-a-las-10.32.49.png\",\"datePublished\":\"2024-04-29T08:33:37+00:00\",\"breadcrumb\":{\"@id\":\"https:\/\/www.adecose.com\/gexbrok-congrega-a-mas-de-160-profesionales-del-sector-del-seguro-en-su-ix-convencion-red-elite\/#breadcrumb\"},\"inLanguage\":\"gl-ES\",\"potentialAction\":[{\"@type\":\"ReadAction\",\"target\":[\"https:\/\/www.adecose.com\/gexbrok-congrega-a-mas-de-160-profesionales-del-sector-del-seguro-en-su-ix-convencion-red-elite\/\"]}]},{\"@type\":\"ImageObject\",\"inLanguage\":\"gl-ES\",\"@id\":\"https:\/\/www.adecose.com\/gexbrok-congrega-a-mas-de-160-profesionales-del-sector-del-seguro-en-su-ix-convencion-red-elite\/#primaryimage\",\"url\":\"https:\/\/www.adecose.com\/wp-content\/uploads\/2024\/04\/Captura-de-pantalla-2024-04-29-a-las-10.32.49.png\",\"contentUrl\":\"https:\/\/www.adecose.com\/wp-content\/uploads\/2024\/04\/Captura-de-pantalla-2024-04-29-a-las-10.32.49.png\",\"width\":2350,\"height\":1570},{\"@type\":\"BreadcrumbList\",\"@id\":\"https:\/\/www.adecose.com\/gexbrok-congrega-a-mas-de-160-profesionales-del-sector-del-seguro-en-su-ix-convencion-red-elite\/#breadcrumb\",\"itemListElement\":[{\"@type\":\"ListItem\",\"position\":1,\"name\":\"Portada\",\"item\":\"https:\/\/www.adecose.com\/gl\/\"},{\"@type\":\"ListItem\",\"position\":2,\"name\":\"GexBrok congrega a m\u00e1s de 160 profesionales del sector del seguro en su IX Convenci\u00f3n Red \u00c9lite\"}]},{\"@type\":\"WebSite\",\"@id\":\"https:\/\/www.adecose.com\/gl\/#website\",\"url\":\"https:\/\/www.adecose.com\/gl\/\",\"name\":\"ADECOSE\",\"description\":\"Asociaci\u00f3n Espa\u00f1ola de Corretor\u00edas de Seguros e Reaseguros\",\"publisher\":{\"@id\":\"https:\/\/www.adecose.com\/gl\/#organization\"},\"potentialAction\":[{\"@type\":\"SearchAction\",\"target\":{\"@type\":\"EntryPoint\",\"urlTemplate\":\"https:\/\/www.adecose.com\/gl\/?s={search_term_string}\"},\"query-input\":{\"@type\":\"PropertyValueSpecification\",\"valueRequired\":true,\"valueName\":\"search_term_string\"}}],\"inLanguage\":\"gl-ES\"},{\"@type\":\"Organization\",\"@id\":\"https:\/\/www.adecose.com\/gl\/#organization\",\"name\":\"ADECOSE\",\"url\":\"https:\/\/www.adecose.com\/gl\/\",\"logo\":{\"@type\":\"ImageObject\",\"inLanguage\":\"gl-ES\",\"@id\":\"https:\/\/www.adecose.com\/gl\/#\/schema\/logo\/image\/\",\"url\":\"https:\/\/www.adecose.com\/wp-content\/uploads\/2020\/07\/favicon.png\",\"contentUrl\":\"https:\/\/www.adecose.com\/wp-content\/uploads\/2020\/07\/favicon.png\",\"width\":512,\"height\":512,\"caption\":\"ADECOSE\"},\"image\":{\"@id\":\"https:\/\/www.adecose.com\/gl\/#\/schema\/logo\/image\/\"}},{\"@type\":\"Person\",\"@id\":\"https:\/\/www.adecose.com\/gl\/#\/schema\/person\/ff086ce55f6379e1d225a2c0dca5eeb6\",\"name\":\"Comunicaci\u00f3n ADECOSE\",\"image\":{\"@type\":\"ImageObject\",\"inLanguage\":\"gl-ES\",\"@id\":\"https:\/\/secure.gravatar.com\/avatar\/01cd1f9571997441bf1da6d1cc147351305f03fe8f2acf1ebbec60ebb26924ce?s=96&d=mm&r=g\",\"url\":\"https:\/\/secure.gravatar.com\/avatar\/01cd1f9571997441bf1da6d1cc147351305f03fe8f2acf1ebbec60ebb26924ce?s=96&d=mm&r=g\",\"contentUrl\":\"https:\/\/secure.gravatar.com\/avatar\/01cd1f9571997441bf1da6d1cc147351305f03fe8f2acf1ebbec60ebb26924ce?s=96&d=mm&r=g\",\"caption\":\"Comunicaci\u00f3n ADECOSE\"}}]}<\/script>\n<!-- \/ Yoast SEO plugin. -->","yoast_head_json":{"title":"GexBrok congrega a m\u00e1s de 160 profesionales del sector del seguro en su IX Convenci\u00f3n Red \u00c9lite - ADECOSE","robots":{"index":"index","follow":"follow","max-snippet":"max-snippet:-1","max-image-preview":"max-image-preview:large","max-video-preview":"max-video-preview:-1"},"canonical":"https:\/\/www.adecose.com\/gexbrok-congrega-a-mas-de-160-profesionales-del-sector-del-seguro-en-su-ix-convencion-red-elite\/","og_locale":"gl_ES","og_type":"article","og_title":"GexBrok congrega a m\u00e1s de 160 profesionales del sector del seguro en su IX Convenci\u00f3n Red \u00c9lite - ADECOSE","og_description":"[vc_row type=&#8221;in_container&#8221; full_screen_row_position=&#8221;middle&#8221; column_margin=&#8221;default&#8221; column_direction=&#8221;default&#8221; column_direction_tablet=&#8221;default&#8221; column_direction_phone=&#8221;default&#8221; scene_position=&#8221;center&#8221; text_color=&#8221;dark&#8221; text_align=&#8221;left&#8221; row_border_radius=&#8221;none&#8221; row_border_radius_applies=&#8221;bg&#8221; overflow=&#8221;visible&#8221; overlay_strength=&#8221;0.3&#8243; gradient_direction=&#8221;left_to_right&#8221; shape_divider_position=&#8221;bottom&#8221; bg_image_animation=&#8221;none&#8221;][vc_column column_padding=&#8221;no-extra-padding&#8221; column_padding_tablet=&#8221;inherit&#8221; column_padding_phone=&#8221;inherit&#8221; column_padding_position=&#8221;all&#8221; column_element_direction_desktop=&#8221;default&#8221; column_element_spacing=&#8221;default&#8221; desktop_text_alignment=&#8221;default&#8221; tablet_text_alignment=&#8221;default&#8221;...","og_url":"https:\/\/www.adecose.com\/gexbrok-congrega-a-mas-de-160-profesionales-del-sector-del-seguro-en-su-ix-convencion-red-elite\/","og_site_name":"ADECOSE","article_published_time":"2024-04-29T08:33:37+00:00","og_image":[{"width":1024,"height":684,"url":"https:\/\/www.adecose.com\/wp-content\/uploads\/2024\/04\/Captura-de-pantalla-2024-04-29-a-las-10.32.49-1024x684.png","type":"image\/png"}],"author":"Comunicaci\u00f3n ADECOSE","twitter_card":"summary_large_image","twitter_misc":{"Escrito por":"Comunicaci\u00f3n ADECOSE","Tempo de lectura":"4 minutos"},"schema":{"@context":"https:\/\/schema.org","@graph":[{"@type":"Article","@id":"https:\/\/www.adecose.com\/gexbrok-congrega-a-mas-de-160-profesionales-del-sector-del-seguro-en-su-ix-convencion-red-elite\/#article","isPartOf":{"@id":"https:\/\/www.adecose.com\/gexbrok-congrega-a-mas-de-160-profesionales-del-sector-del-seguro-en-su-ix-convencion-red-elite\/"},"author":{"name":"Comunicaci\u00f3n ADECOSE","@id":"https:\/\/www.adecose.com\/gl\/#\/schema\/person\/ff086ce55f6379e1d225a2c0dca5eeb6"},"headline":"GexBrok congrega a m\u00e1s de 160 profesionales del sector del seguro en su IX Convenci\u00f3n Red \u00c9lite","datePublished":"2024-04-29T08:33:37+00:00","mainEntityOfPage":{"@id":"https:\/\/www.adecose.com\/gexbrok-congrega-a-mas-de-160-profesionales-del-sector-del-seguro-en-su-ix-convencion-red-elite\/"},"wordCount":920,"publisher":{"@id":"https:\/\/www.adecose.com\/gl\/#organization"},"image":{"@id":"https:\/\/www.adecose.com\/gexbrok-congrega-a-mas-de-160-profesionales-del-sector-del-seguro-en-su-ix-convencion-red-elite\/#primaryimage"},"thumbnailUrl":"https:\/\/www.adecose.com\/wp-content\/uploads\/2024\/04\/Captura-de-pantalla-2024-04-29-a-las-10.32.49.png","keywords":["GesBrok"],"articleSection":["Espacio #Corredur\u00edasADECOSE"],"inLanguage":"gl-ES"},{"@type":"WebPage","@id":"https:\/\/www.adecose.com\/gexbrok-congrega-a-mas-de-160-profesionales-del-sector-del-seguro-en-su-ix-convencion-red-elite\/","url":"https:\/\/www.adecose.com\/gexbrok-congrega-a-mas-de-160-profesionales-del-sector-del-seguro-en-su-ix-convencion-red-elite\/","name":"GexBrok congrega a m\u00e1s de 160 profesionales del sector del seguro en su IX Convenci\u00f3n Red \u00c9lite - ADECOSE","isPartOf":{"@id":"https:\/\/www.adecose.com\/gl\/#website"},"primaryImageOfPage":{"@id":"https:\/\/www.adecose.com\/gexbrok-congrega-a-mas-de-160-profesionales-del-sector-del-seguro-en-su-ix-convencion-red-elite\/#primaryimage"},"image":{"@id":"https:\/\/www.adecose.com\/gexbrok-congrega-a-mas-de-160-profesionales-del-sector-del-seguro-en-su-ix-convencion-red-elite\/#primaryimage"},"thumbnailUrl":"https:\/\/www.adecose.com\/wp-content\/uploads\/2024\/04\/Captura-de-pantalla-2024-04-29-a-las-10.32.49.png","datePublished":"2024-04-29T08:33:37+00:00","breadcrumb":{"@id":"https:\/\/www.adecose.com\/gexbrok-congrega-a-mas-de-160-profesionales-del-sector-del-seguro-en-su-ix-convencion-red-elite\/#breadcrumb"},"inLanguage":"gl-ES","potentialAction":[{"@type":"ReadAction","target":["https:\/\/www.adecose.com\/gexbrok-congrega-a-mas-de-160-profesionales-del-sector-del-seguro-en-su-ix-convencion-red-elite\/"]}]},{"@type":"ImageObject","inLanguage":"gl-ES","@id":"https:\/\/www.adecose.com\/gexbrok-congrega-a-mas-de-160-profesionales-del-sector-del-seguro-en-su-ix-convencion-red-elite\/#primaryimage","url":"https:\/\/www.adecose.com\/wp-content\/uploads\/2024\/04\/Captura-de-pantalla-2024-04-29-a-las-10.32.49.png","contentUrl":"https:\/\/www.adecose.com\/wp-content\/uploads\/2024\/04\/Captura-de-pantalla-2024-04-29-a-las-10.32.49.png","width":2350,"height":1570},{"@type":"BreadcrumbList","@id":"https:\/\/www.adecose.com\/gexbrok-congrega-a-mas-de-160-profesionales-del-sector-del-seguro-en-su-ix-convencion-red-elite\/#breadcrumb","itemListElement":[{"@type":"ListItem","position":1,"name":"Portada","item":"https:\/\/www.adecose.com\/gl\/"},{"@type":"ListItem","position":2,"name":"GexBrok congrega a m\u00e1s de 160 profesionales del sector del seguro en su IX Convenci\u00f3n Red \u00c9lite"}]},{"@type":"WebSite","@id":"https:\/\/www.adecose.com\/gl\/#website","url":"https:\/\/www.adecose.com\/gl\/","name":"ADECOSE","description":"Asociaci\u00f3n Espa\u00f1ola de Corretor\u00edas de Seguros e Reaseguros","publisher":{"@id":"https:\/\/www.adecose.com\/gl\/#organization"},"potentialAction":[{"@type":"SearchAction","target":{"@type":"EntryPoint","urlTemplate":"https:\/\/www.adecose.com\/gl\/?s={search_term_string}"},"query-input":{"@type":"PropertyValueSpecification","valueRequired":true,"valueName":"search_term_string"}}],"inLanguage":"gl-ES"},{"@type":"Organization","@id":"https:\/\/www.adecose.com\/gl\/#organization","name":"ADECOSE","url":"https:\/\/www.adecose.com\/gl\/","logo":{"@type":"ImageObject","inLanguage":"gl-ES","@id":"https:\/\/www.adecose.com\/gl\/#\/schema\/logo\/image\/","url":"https:\/\/www.adecose.com\/wp-content\/uploads\/2020\/07\/favicon.png","contentUrl":"https:\/\/www.adecose.com\/wp-content\/uploads\/2020\/07\/favicon.png","width":512,"height":512,"caption":"ADECOSE"},"image":{"@id":"https:\/\/www.adecose.com\/gl\/#\/schema\/logo\/image\/"}},{"@type":"Person","@id":"https:\/\/www.adecose.com\/gl\/#\/schema\/person\/ff086ce55f6379e1d225a2c0dca5eeb6","name":"Comunicaci\u00f3n ADECOSE","image":{"@type":"ImageObject","inLanguage":"gl-ES","@id":"https:\/\/secure.gravatar.com\/avatar\/01cd1f9571997441bf1da6d1cc147351305f03fe8f2acf1ebbec60ebb26924ce?s=96&d=mm&r=g","url":"https:\/\/secure.gravatar.com\/avatar\/01cd1f9571997441bf1da6d1cc147351305f03fe8f2acf1ebbec60ebb26924ce?s=96&d=mm&r=g","contentUrl":"https:\/\/secure.gravatar.com\/avatar\/01cd1f9571997441bf1da6d1cc147351305f03fe8f2acf1ebbec60ebb26924ce?s=96&d=mm&r=g","caption":"Comunicaci\u00f3n ADECOSE"}}]}},"_links":{"self":[{"href":"https:\/\/www.adecose.com\/gl\/wp-json\/wp\/v2\/posts\/17080","targetHints":{"allow":["GET"]}}],"collection":[{"href":"https:\/\/www.adecose.com\/gl\/wp-json\/wp\/v2\/posts"}],"about":[{"href":"https:\/\/www.adecose.com\/gl\/wp-json\/wp\/v2\/types\/post"}],"author":[{"embeddable":true,"href":"https:\/\/www.adecose.com\/gl\/wp-json\/wp\/v2\/users\/197"}],"replies":[{"embeddable":true,"href":"https:\/\/www.adecose.com\/gl\/wp-json\/wp\/v2\/comments?post=17080"}],"version-history":[{"count":0,"href":"https:\/\/www.adecose.com\/gl\/wp-json\/wp\/v2\/posts\/17080\/revisions"}],"wp:featuredmedia":[{"embeddable":true,"href":"https:\/\/www.adecose.com\/gl\/wp-json\/wp\/v2\/media\/17081"}],"wp:attachment":[{"href":"https:\/\/www.adecose.com\/gl\/wp-json\/wp\/v2\/media?parent=17080"}],"wp:term":[{"taxonomy":"category","embeddable":true,"href":"https:\/\/www.adecose.com\/gl\/wp-json\/wp\/v2\/categories?post=17080"},{"taxonomy":"post_tag","embeddable":true,"href":"https:\/\/www.adecose.com\/gl\/wp-json\/wp\/v2\/tags?post=17080"}],"curies":[{"name":"wp","href":"https:\/\/api.w.org\/{rel}","templated":true}]}}