{"id":17019,"date":"2024-04-10T17:08:03","date_gmt":"2024-04-10T15:08:03","guid":{"rendered":"https:\/\/www.adecose.com\/?p=17019"},"modified":"2024-04-10T17:08:03","modified_gmt":"2024-04-10T15:08:03","slug":"uniteco-se-convierte-en-la-correduria-oficial-de-la-federacion-espanola-de-medicos-iberoamericanos","status":"publish","type":"post","link":"https:\/\/www.adecose.com\/gl\/uniteco-se-convierte-en-la-correduria-oficial-de-la-federacion-espanola-de-medicos-iberoamericanos\/","title":{"rendered":"Uniteco se convierte en la corredur\u00eda oficial de la Federaci\u00f3n Espa\u00f1ola de M\u00e9dicos Iberoamericanos"},"content":{"rendered":"[vc_row type=&#8221;in_container&#8221; full_screen_row_position=&#8221;middle&#8221; column_margin=&#8221;default&#8221; column_direction=&#8221;default&#8221; column_direction_tablet=&#8221;default&#8221; column_direction_phone=&#8221;default&#8221; scene_position=&#8221;center&#8221; text_color=&#8221;dark&#8221; text_align=&#8221;left&#8221; row_border_radius=&#8221;none&#8221; row_border_radius_applies=&#8221;bg&#8221; overflow=&#8221;visible&#8221; overlay_strength=&#8221;0.3&#8243; gradient_direction=&#8221;left_to_right&#8221; shape_divider_position=&#8221;bottom&#8221; bg_image_animation=&#8221;none&#8221;][vc_column column_padding=&#8221;no-extra-padding&#8221; column_padding_tablet=&#8221;inherit&#8221; column_padding_phone=&#8221;inherit&#8221; column_padding_position=&#8221;all&#8221; column_element_direction_desktop=&#8221;default&#8221; column_element_spacing=&#8221;default&#8221; desktop_text_alignment=&#8221;default&#8221; tablet_text_alignment=&#8221;default&#8221; phone_text_alignment=&#8221;default&#8221; background_color_opacity=&#8221;1&#8243; background_hover_color_opacity=&#8221;1&#8243; column_backdrop_filter=&#8221;none&#8221; column_shadow=&#8221;none&#8221; column_border_radius=&#8221;none&#8221; column_link_target=&#8221;_self&#8221; column_position=&#8221;default&#8221; gradient_direction=&#8221;left_to_right&#8221; overlay_strength=&#8221;0.3&#8243; width=&#8221;1\/1&#8243; tablet_width_inherit=&#8221;default&#8221; animation_type=&#8221;default&#8221; bg_image_animation=&#8221;none&#8221; border_type=&#8221;simple&#8221; column_border_width=&#8221;none&#8221; column_border_style=&#8221;solid&#8221;][vc_column_text text_direction=&#8221;default&#8221;]\n<ul>\n<li><strong>En un compromiso por facilitar la integraci\u00f3n y seguridad de los profesionales de la salud iberoamericanos en Espa\u00f1a, Uniteco establece una colaboraci\u00f3n estrat\u00e9gica con FEAMIB<\/strong><\/li>\n<\/ul>\n[\/vc_column_text][vc_column_text text_direction=&#8221;default&#8221;]\n<ul>\n<li><strong>Uniteco ofrecer\u00e1 asesoramiento especializado y una cobertura integral dise\u00f1ada espec\u00edficamente para las necesidades de los m\u00e9dicos iberoamericanos<\/strong><\/li>\n<\/ul>\n[\/vc_column_text][vc_column_text text_direction=&#8221;default&#8221;]El pasado 9 de abril tuvo lugar la presentaci\u00f3n de la <strong>Federaci\u00f3n Espa\u00f1ola de M\u00e9dicos Iberoamericanos (FEAMIB)<\/strong> en la Real Casa de Correos de la Comunidad de Madrid. El evento, estuvo marcado por la puesta en valor de los m\u00e9dicos latinos y su importancia en el sistema sanitario p\u00fablico y privado espa\u00f1ol, como as\u00ed reconoci\u00f3 <strong>F\u00e1tima Matute<\/strong>, Consejera de Sanidad de la Comunidad de Madrid.<\/p>\n<p>Los representantes de asociaciones de m\u00e9dicos cubanos, venezolanos, colombianos, argentinos y ecuatorianos, se han unido creando esta Federaci\u00f3n para luchar contra la <strong>problem\u00e1tica que sufren los m\u00e9dicos iberoamericanos para ejercer en Espa\u00f1a<\/strong>. Entre ellos, destac\u00f3 especialmente la dificultad para la <strong>homologaci\u00f3n de t\u00edtulos y otros requisitos legales<\/strong>, a pesar de que han tenido una formaci\u00f3n m\u00e9dica con una calidad similar en sus pa\u00edses de origen y teniendo en cuenta la falta de m\u00e9dicos en nuestro pa\u00eds.<\/p>\n<p><strong>Giovanni Provenza<\/strong>, presidente de FEAMIB, destac\u00f3 que \u201c<strong>m\u00e1s de 1.200 m\u00e9dicos est\u00e1n esperando la homologaci\u00f3n del t\u00edtulo de medicina general<\/strong>. A pesar de las medidas que se han ido tomando, todav\u00eda falta mucho por hacer. Tambi\u00e9n m\u00e1s de <strong>1.100 m\u00e9dicos lo esperan para su especialidad<\/strong>. Est\u00e1n realizando trabajos poco cualificados cuando faltan m\u00e9dicos en Espa\u00f1a\u201d.<\/p>\n<p>Por su parte, <strong>F\u00e1tima Matute<\/strong>, se mostr\u00f3 totalmente dispuesta a colaborar con FEAMIB y a trabajar por solucionar esta problem\u00e1tica. \u201cEs un orgullo presentar esta iniciativa en la Comunidad de Madrid. Esta Federaci\u00f3n va a servir para trabajar al servicio de nuestros ciudadanos. Estamos hablando de profesionales sanitarios perfectamente cualificados y desde las instituciones nuestro deber es integraros en el sistema de salud. <strong>Llevamos tiempo trabajando en ello y ya se est\u00e1n tomando las medidas para facilitar vuestra homologaci\u00f3n<\/strong>\u201d.<\/p>\n<p><strong>Uniteco, un aliado clave en este aspecto<\/strong><\/p>\n<p>Los m\u00e9dicos iberoamericanos que desean ejercer en Espa\u00f1a enfrentan una serie de desaf\u00edos y consideraciones, y contar con el respaldo de una corredur\u00eda de seguros puede ser un factor cr\u00edtico para su \u00e9xito y seguridad financiera en este nuevo entorno. Por ello, FEAMIB ha llegado a un acuerdo con <a href=\"https:\/\/www.unitecoprofesional.es\/\"><strong>Uniteco<\/strong><\/a>, la corredur\u00eda de seguros l\u00edder en el sector sanitario en Espa\u00f1a. As\u00ed, sus asociados podr\u00e1n disfrutar de <strong>asesoramiento personalizado con condiciones especiales<\/strong>.<\/p>\n<p>Entre otros motivos, una de las principales preocupaciones para los m\u00e9dicos que planean trabajar en Espa\u00f1a es asegurarse de tener una cobertura adecuada para <strong>protegerse contra posibles riesgos personales y profesionales<\/strong>. En este sentido, dos tipos de seguros son particularmente importantes: el seguro de Responsabilidad Civil y el seguro de salud.<\/p>\n<p>\u201c<strong>El seguro de Responsabilidad Civil es esencial<\/strong> para cualquier profesional m\u00e9dico, ya que proporciona protecci\u00f3n en caso de que surjan reclamaciones por da\u00f1os o lesiones causados a pacientes como resultado de errores m\u00e9dicos, negligencia o mala praxis\u201d, destac\u00f3 <strong>Juan Pablo N\u00fa\u00f1ez<\/strong>, CEO de Uniteco. En Espa\u00f1a, como en muchos otros pa\u00edses, este seguro es obligatorio para ejercer la medicina. En este sentido, Uniteco ofrecer\u00e1 a los asociados de FEAMIB asesoramiento sobre las <strong>mejores opciones de seguro de Responsabilidad Civil<\/strong>, teniendo en cuenta sus necesidades espec\u00edficas y el nivel de cobertura requerido por las autoridades sanitarias locales.<\/p>\n<p>Por otro lado, y no menos importante, es fundamental que los m\u00e9dicos iberoamericanos tengan un <strong>seguro de salud para poder venir a Espa\u00f1a y ejercer<\/strong>. \u201cUniteco ayudar\u00e1 a los m\u00e9dicos iberoamericanos a conseguir el seguro de salud m\u00e1s adecuado para sus necesidades y presupuesto, asegur\u00e1ndose de que est\u00e9n completamente protegidos y cumplen con los requisitos legales. La colaboraci\u00f3n entre FEAMIB y Uniteco representa un paso importante para apoyar a los m\u00e9dicos iberoamericanos en su integraci\u00f3n en el sistema de salud espa\u00f1ol. <strong>Vamos a brindarles el respaldo necesario para su \u00e9xito y seguridad en su entorno profesional<\/strong>\u201d, finaliz\u00f3 N\u00fa\u00f1ez.[\/vc_column_text][\/vc_column][\/vc_row]\n","protected":false},"excerpt":{"rendered":"<p>[vc_row type=&#8221;in_container&#8221; full_screen_row_position=&#8221;middle&#8221; column_margin=&#8221;default&#8221; column_direction=&#8221;default&#8221; column_direction_tablet=&#8221;default&#8221; column_direction_phone=&#8221;default&#8221; scene_position=&#8221;center&#8221; text_color=&#8221;dark&#8221; text_align=&#8221;left&#8221; row_border_radius=&#8221;none&#8221; row_border_radius_applies=&#8221;bg&#8221; overflow=&#8221;visible&#8221; overlay_strength=&#8221;0.3&#8243; gradient_direction=&#8221;left_to_right&#8221; shape_divider_position=&#8221;bottom&#8221; bg_image_animation=&#8221;none&#8221;][vc_column column_padding=&#8221;no-extra-padding&#8221; column_padding_tablet=&#8221;inherit&#8221; column_padding_phone=&#8221;inherit&#8221; column_padding_position=&#8221;all&#8221; column_element_direction_desktop=&#8221;default&#8221; column_element_spacing=&#8221;default&#8221; desktop_text_alignment=&#8221;default&#8221; tablet_text_alignment=&#8221;default&#8221;&#8230;<\/p>\n","protected":false},"author":197,"featured_media":17020,"comment_status":"closed","ping_status":"closed","sticky":false,"template":"","format":"standard","meta":{"_acf_changed":false,"_price":"","_stock":"","_tribe_ticket_header":"","_tribe_default_ticket_provider":"","_tribe_ticket_capacity":"0","_ticket_start_date":"","_ticket_end_date":"","_tribe_ticket_show_description":"","_tribe_ticket_show_not_going":false,"_tribe_ticket_use_global_stock":"","_tribe_ticket_global_stock_level":"","_global_stock_mode":"","_global_stock_cap":"","_tribe_rsvp_for_event":"","_tribe_ticket_going_count":"","_tribe_ticket_not_going_count":"","_tribe_tickets_list":"[]","_tribe_ticket_has_attendee_info_fields":false,"footnotes":""},"categories":[339],"tags":[383],"class_list":["post-17019","post","type-post","status-publish","format-standard","has-post-thumbnail","category-espacio-correduriasadecose","tag-uniteco"],"acf":[],"yoast_head":"<!-- This site is optimized with the Yoast SEO plugin v27.2 - https:\/\/yoast.com\/product\/yoast-seo-wordpress\/ -->\n<title>Uniteco se convierte en la corredur\u00eda oficial de la Federaci\u00f3n Espa\u00f1ola de M\u00e9dicos Iberoamericanos - ADECOSE<\/title>\n<meta name=\"robots\" content=\"index, follow, max-snippet:-1, max-image-preview:large, max-video-preview:-1\" \/>\n<link rel=\"canonical\" href=\"https:\/\/www.adecose.com\/uniteco-se-convierte-en-la-correduria-oficial-de-la-federacion-espanola-de-medicos-iberoamericanos\/\" \/>\n<meta property=\"og:locale\" content=\"gl_ES\" \/>\n<meta property=\"og:type\" content=\"article\" \/>\n<meta property=\"og:title\" content=\"Uniteco se convierte en la corredur\u00eda oficial de la Federaci\u00f3n Espa\u00f1ola de M\u00e9dicos Iberoamericanos - ADECOSE\" \/>\n<meta property=\"og:description\" content=\"[vc_row type=&#8221;in_container&#8221; full_screen_row_position=&#8221;middle&#8221; column_margin=&#8221;default&#8221; column_direction=&#8221;default&#8221; column_direction_tablet=&#8221;default&#8221; column_direction_phone=&#8221;default&#8221; scene_position=&#8221;center&#8221; text_color=&#8221;dark&#8221; text_align=&#8221;left&#8221; row_border_radius=&#8221;none&#8221; row_border_radius_applies=&#8221;bg&#8221; overflow=&#8221;visible&#8221; overlay_strength=&#8221;0.3&#8243; gradient_direction=&#8221;left_to_right&#8221; shape_divider_position=&#8221;bottom&#8221; bg_image_animation=&#8221;none&#8221;][vc_column column_padding=&#8221;no-extra-padding&#8221; column_padding_tablet=&#8221;inherit&#8221; column_padding_phone=&#8221;inherit&#8221; column_padding_position=&#8221;all&#8221; column_element_direction_desktop=&#8221;default&#8221; column_element_spacing=&#8221;default&#8221; desktop_text_alignment=&#8221;default&#8221; tablet_text_alignment=&#8221;default&#8221;...\" \/>\n<meta property=\"og:url\" content=\"https:\/\/www.adecose.com\/uniteco-se-convierte-en-la-correduria-oficial-de-la-federacion-espanola-de-medicos-iberoamericanos\/\" \/>\n<meta property=\"og:site_name\" content=\"ADECOSE\" \/>\n<meta property=\"article:published_time\" content=\"2024-04-10T15:08:03+00:00\" \/>\n<meta property=\"og:image\" content=\"https:\/\/www.adecose.com\/wp-content\/uploads\/2024\/04\/Juan-Pablo-Nunez-CEO-de-Uniteco-4-1024x683.png\" \/>\n\t<meta property=\"og:image:width\" content=\"1024\" \/>\n\t<meta property=\"og:image:height\" content=\"683\" \/>\n\t<meta property=\"og:image:type\" content=\"image\/png\" \/>\n<meta name=\"author\" content=\"Comunicaci\u00f3n ADECOSE\" \/>\n<meta name=\"twitter:card\" content=\"summary_large_image\" \/>\n<meta name=\"twitter:label1\" content=\"Escrito por\" \/>\n\t<meta name=\"twitter:data1\" content=\"Comunicaci\u00f3n ADECOSE\" \/>\n\t<meta name=\"twitter:label2\" content=\"Tempo de lectura\" \/>\n\t<meta name=\"twitter:data2\" content=\"4 minutos\" \/>\n<script type=\"application\/ld+json\" class=\"yoast-schema-graph\">{\"@context\":\"https:\/\/schema.org\",\"@graph\":[{\"@type\":\"Article\",\"@id\":\"https:\/\/www.adecose.com\/uniteco-se-convierte-en-la-correduria-oficial-de-la-federacion-espanola-de-medicos-iberoamericanos\/#article\",\"isPartOf\":{\"@id\":\"https:\/\/www.adecose.com\/uniteco-se-convierte-en-la-correduria-oficial-de-la-federacion-espanola-de-medicos-iberoamericanos\/\"},\"author\":{\"name\":\"Comunicaci\u00f3n ADECOSE\",\"@id\":\"https:\/\/www.adecose.com\/gl\/#\/schema\/person\/ff086ce55f6379e1d225a2c0dca5eeb6\"},\"headline\":\"Uniteco se convierte en la corredur\u00eda oficial de la Federaci\u00f3n Espa\u00f1ola de M\u00e9dicos Iberoamericanos\",\"datePublished\":\"2024-04-10T15:08:03+00:00\",\"mainEntityOfPage\":{\"@id\":\"https:\/\/www.adecose.com\/uniteco-se-convierte-en-la-correduria-oficial-de-la-federacion-espanola-de-medicos-iberoamericanos\/\"},\"wordCount\":913,\"publisher\":{\"@id\":\"https:\/\/www.adecose.com\/gl\/#organization\"},\"image\":{\"@id\":\"https:\/\/www.adecose.com\/uniteco-se-convierte-en-la-correduria-oficial-de-la-federacion-espanola-de-medicos-iberoamericanos\/#primaryimage\"},\"thumbnailUrl\":\"https:\/\/www.adecose.com\/wp-content\/uploads\/2024\/04\/Juan-Pablo-Nunez-CEO-de-Uniteco-4.png\",\"keywords\":[\"UNITECO\"],\"articleSection\":[\"Espacio #Corredur\u00edasADECOSE\"],\"inLanguage\":\"gl-ES\"},{\"@type\":\"WebPage\",\"@id\":\"https:\/\/www.adecose.com\/uniteco-se-convierte-en-la-correduria-oficial-de-la-federacion-espanola-de-medicos-iberoamericanos\/\",\"url\":\"https:\/\/www.adecose.com\/uniteco-se-convierte-en-la-correduria-oficial-de-la-federacion-espanola-de-medicos-iberoamericanos\/\",\"name\":\"Uniteco se convierte en la corredur\u00eda oficial de la Federaci\u00f3n Espa\u00f1ola de M\u00e9dicos Iberoamericanos - ADECOSE\",\"isPartOf\":{\"@id\":\"https:\/\/www.adecose.com\/gl\/#website\"},\"primaryImageOfPage\":{\"@id\":\"https:\/\/www.adecose.com\/uniteco-se-convierte-en-la-correduria-oficial-de-la-federacion-espanola-de-medicos-iberoamericanos\/#primaryimage\"},\"image\":{\"@id\":\"https:\/\/www.adecose.com\/uniteco-se-convierte-en-la-correduria-oficial-de-la-federacion-espanola-de-medicos-iberoamericanos\/#primaryimage\"},\"thumbnailUrl\":\"https:\/\/www.adecose.com\/wp-content\/uploads\/2024\/04\/Juan-Pablo-Nunez-CEO-de-Uniteco-4.png\",\"datePublished\":\"2024-04-10T15:08:03+00:00\",\"breadcrumb\":{\"@id\":\"https:\/\/www.adecose.com\/uniteco-se-convierte-en-la-correduria-oficial-de-la-federacion-espanola-de-medicos-iberoamericanos\/#breadcrumb\"},\"inLanguage\":\"gl-ES\",\"potentialAction\":[{\"@type\":\"ReadAction\",\"target\":[\"https:\/\/www.adecose.com\/uniteco-se-convierte-en-la-correduria-oficial-de-la-federacion-espanola-de-medicos-iberoamericanos\/\"]}]},{\"@type\":\"ImageObject\",\"inLanguage\":\"gl-ES\",\"@id\":\"https:\/\/www.adecose.com\/uniteco-se-convierte-en-la-correduria-oficial-de-la-federacion-espanola-de-medicos-iberoamericanos\/#primaryimage\",\"url\":\"https:\/\/www.adecose.com\/wp-content\/uploads\/2024\/04\/Juan-Pablo-Nunez-CEO-de-Uniteco-4.png\",\"contentUrl\":\"https:\/\/www.adecose.com\/wp-content\/uploads\/2024\/04\/Juan-Pablo-Nunez-CEO-de-Uniteco-4.png\",\"width\":2560,\"height\":1707},{\"@type\":\"BreadcrumbList\",\"@id\":\"https:\/\/www.adecose.com\/uniteco-se-convierte-en-la-correduria-oficial-de-la-federacion-espanola-de-medicos-iberoamericanos\/#breadcrumb\",\"itemListElement\":[{\"@type\":\"ListItem\",\"position\":1,\"name\":\"Portada\",\"item\":\"https:\/\/www.adecose.com\/gl\/\"},{\"@type\":\"ListItem\",\"position\":2,\"name\":\"Uniteco se convierte en la corredur\u00eda oficial de la Federaci\u00f3n Espa\u00f1ola de M\u00e9dicos Iberoamericanos\"}]},{\"@type\":\"WebSite\",\"@id\":\"https:\/\/www.adecose.com\/gl\/#website\",\"url\":\"https:\/\/www.adecose.com\/gl\/\",\"name\":\"ADECOSE\",\"description\":\"Asociaci\u00f3n Espa\u00f1ola de Corretor\u00edas de Seguros e Reaseguros\",\"publisher\":{\"@id\":\"https:\/\/www.adecose.com\/gl\/#organization\"},\"potentialAction\":[{\"@type\":\"SearchAction\",\"target\":{\"@type\":\"EntryPoint\",\"urlTemplate\":\"https:\/\/www.adecose.com\/gl\/?s={search_term_string}\"},\"query-input\":{\"@type\":\"PropertyValueSpecification\",\"valueRequired\":true,\"valueName\":\"search_term_string\"}}],\"inLanguage\":\"gl-ES\"},{\"@type\":\"Organization\",\"@id\":\"https:\/\/www.adecose.com\/gl\/#organization\",\"name\":\"ADECOSE\",\"url\":\"https:\/\/www.adecose.com\/gl\/\",\"logo\":{\"@type\":\"ImageObject\",\"inLanguage\":\"gl-ES\",\"@id\":\"https:\/\/www.adecose.com\/gl\/#\/schema\/logo\/image\/\",\"url\":\"https:\/\/www.adecose.com\/wp-content\/uploads\/2020\/07\/favicon.png\",\"contentUrl\":\"https:\/\/www.adecose.com\/wp-content\/uploads\/2020\/07\/favicon.png\",\"width\":512,\"height\":512,\"caption\":\"ADECOSE\"},\"image\":{\"@id\":\"https:\/\/www.adecose.com\/gl\/#\/schema\/logo\/image\/\"}},{\"@type\":\"Person\",\"@id\":\"https:\/\/www.adecose.com\/gl\/#\/schema\/person\/ff086ce55f6379e1d225a2c0dca5eeb6\",\"name\":\"Comunicaci\u00f3n ADECOSE\",\"image\":{\"@type\":\"ImageObject\",\"inLanguage\":\"gl-ES\",\"@id\":\"https:\/\/secure.gravatar.com\/avatar\/01cd1f9571997441bf1da6d1cc147351305f03fe8f2acf1ebbec60ebb26924ce?s=96&d=mm&r=g\",\"url\":\"https:\/\/secure.gravatar.com\/avatar\/01cd1f9571997441bf1da6d1cc147351305f03fe8f2acf1ebbec60ebb26924ce?s=96&d=mm&r=g\",\"contentUrl\":\"https:\/\/secure.gravatar.com\/avatar\/01cd1f9571997441bf1da6d1cc147351305f03fe8f2acf1ebbec60ebb26924ce?s=96&d=mm&r=g\",\"caption\":\"Comunicaci\u00f3n ADECOSE\"}}]}<\/script>\n<!-- \/ Yoast SEO plugin. -->","yoast_head_json":{"title":"Uniteco se convierte en la corredur\u00eda oficial de la Federaci\u00f3n Espa\u00f1ola de M\u00e9dicos Iberoamericanos - ADECOSE","robots":{"index":"index","follow":"follow","max-snippet":"max-snippet:-1","max-image-preview":"max-image-preview:large","max-video-preview":"max-video-preview:-1"},"canonical":"https:\/\/www.adecose.com\/uniteco-se-convierte-en-la-correduria-oficial-de-la-federacion-espanola-de-medicos-iberoamericanos\/","og_locale":"gl_ES","og_type":"article","og_title":"Uniteco se convierte en la corredur\u00eda oficial de la Federaci\u00f3n Espa\u00f1ola de M\u00e9dicos Iberoamericanos - ADECOSE","og_description":"[vc_row type=&#8221;in_container&#8221; full_screen_row_position=&#8221;middle&#8221; column_margin=&#8221;default&#8221; column_direction=&#8221;default&#8221; column_direction_tablet=&#8221;default&#8221; column_direction_phone=&#8221;default&#8221; scene_position=&#8221;center&#8221; text_color=&#8221;dark&#8221; text_align=&#8221;left&#8221; row_border_radius=&#8221;none&#8221; row_border_radius_applies=&#8221;bg&#8221; overflow=&#8221;visible&#8221; overlay_strength=&#8221;0.3&#8243; gradient_direction=&#8221;left_to_right&#8221; shape_divider_position=&#8221;bottom&#8221; bg_image_animation=&#8221;none&#8221;][vc_column column_padding=&#8221;no-extra-padding&#8221; column_padding_tablet=&#8221;inherit&#8221; column_padding_phone=&#8221;inherit&#8221; column_padding_position=&#8221;all&#8221; column_element_direction_desktop=&#8221;default&#8221; column_element_spacing=&#8221;default&#8221; desktop_text_alignment=&#8221;default&#8221; tablet_text_alignment=&#8221;default&#8221;...","og_url":"https:\/\/www.adecose.com\/uniteco-se-convierte-en-la-correduria-oficial-de-la-federacion-espanola-de-medicos-iberoamericanos\/","og_site_name":"ADECOSE","article_published_time":"2024-04-10T15:08:03+00:00","og_image":[{"width":1024,"height":683,"url":"https:\/\/www.adecose.com\/wp-content\/uploads\/2024\/04\/Juan-Pablo-Nunez-CEO-de-Uniteco-4-1024x683.png","type":"image\/png"}],"author":"Comunicaci\u00f3n ADECOSE","twitter_card":"summary_large_image","twitter_misc":{"Escrito por":"Comunicaci\u00f3n ADECOSE","Tempo de lectura":"4 minutos"},"schema":{"@context":"https:\/\/schema.org","@graph":[{"@type":"Article","@id":"https:\/\/www.adecose.com\/uniteco-se-convierte-en-la-correduria-oficial-de-la-federacion-espanola-de-medicos-iberoamericanos\/#article","isPartOf":{"@id":"https:\/\/www.adecose.com\/uniteco-se-convierte-en-la-correduria-oficial-de-la-federacion-espanola-de-medicos-iberoamericanos\/"},"author":{"name":"Comunicaci\u00f3n ADECOSE","@id":"https:\/\/www.adecose.com\/gl\/#\/schema\/person\/ff086ce55f6379e1d225a2c0dca5eeb6"},"headline":"Uniteco se convierte en la corredur\u00eda oficial de la Federaci\u00f3n Espa\u00f1ola de M\u00e9dicos Iberoamericanos","datePublished":"2024-04-10T15:08:03+00:00","mainEntityOfPage":{"@id":"https:\/\/www.adecose.com\/uniteco-se-convierte-en-la-correduria-oficial-de-la-federacion-espanola-de-medicos-iberoamericanos\/"},"wordCount":913,"publisher":{"@id":"https:\/\/www.adecose.com\/gl\/#organization"},"image":{"@id":"https:\/\/www.adecose.com\/uniteco-se-convierte-en-la-correduria-oficial-de-la-federacion-espanola-de-medicos-iberoamericanos\/#primaryimage"},"thumbnailUrl":"https:\/\/www.adecose.com\/wp-content\/uploads\/2024\/04\/Juan-Pablo-Nunez-CEO-de-Uniteco-4.png","keywords":["UNITECO"],"articleSection":["Espacio #Corredur\u00edasADECOSE"],"inLanguage":"gl-ES"},{"@type":"WebPage","@id":"https:\/\/www.adecose.com\/uniteco-se-convierte-en-la-correduria-oficial-de-la-federacion-espanola-de-medicos-iberoamericanos\/","url":"https:\/\/www.adecose.com\/uniteco-se-convierte-en-la-correduria-oficial-de-la-federacion-espanola-de-medicos-iberoamericanos\/","name":"Uniteco se convierte en la corredur\u00eda oficial de la Federaci\u00f3n Espa\u00f1ola de M\u00e9dicos Iberoamericanos - ADECOSE","isPartOf":{"@id":"https:\/\/www.adecose.com\/gl\/#website"},"primaryImageOfPage":{"@id":"https:\/\/www.adecose.com\/uniteco-se-convierte-en-la-correduria-oficial-de-la-federacion-espanola-de-medicos-iberoamericanos\/#primaryimage"},"image":{"@id":"https:\/\/www.adecose.com\/uniteco-se-convierte-en-la-correduria-oficial-de-la-federacion-espanola-de-medicos-iberoamericanos\/#primaryimage"},"thumbnailUrl":"https:\/\/www.adecose.com\/wp-content\/uploads\/2024\/04\/Juan-Pablo-Nunez-CEO-de-Uniteco-4.png","datePublished":"2024-04-10T15:08:03+00:00","breadcrumb":{"@id":"https:\/\/www.adecose.com\/uniteco-se-convierte-en-la-correduria-oficial-de-la-federacion-espanola-de-medicos-iberoamericanos\/#breadcrumb"},"inLanguage":"gl-ES","potentialAction":[{"@type":"ReadAction","target":["https:\/\/www.adecose.com\/uniteco-se-convierte-en-la-correduria-oficial-de-la-federacion-espanola-de-medicos-iberoamericanos\/"]}]},{"@type":"ImageObject","inLanguage":"gl-ES","@id":"https:\/\/www.adecose.com\/uniteco-se-convierte-en-la-correduria-oficial-de-la-federacion-espanola-de-medicos-iberoamericanos\/#primaryimage","url":"https:\/\/www.adecose.com\/wp-content\/uploads\/2024\/04\/Juan-Pablo-Nunez-CEO-de-Uniteco-4.png","contentUrl":"https:\/\/www.adecose.com\/wp-content\/uploads\/2024\/04\/Juan-Pablo-Nunez-CEO-de-Uniteco-4.png","width":2560,"height":1707},{"@type":"BreadcrumbList","@id":"https:\/\/www.adecose.com\/uniteco-se-convierte-en-la-correduria-oficial-de-la-federacion-espanola-de-medicos-iberoamericanos\/#breadcrumb","itemListElement":[{"@type":"ListItem","position":1,"name":"Portada","item":"https:\/\/www.adecose.com\/gl\/"},{"@type":"ListItem","position":2,"name":"Uniteco se convierte en la corredur\u00eda oficial de la Federaci\u00f3n Espa\u00f1ola de M\u00e9dicos Iberoamericanos"}]},{"@type":"WebSite","@id":"https:\/\/www.adecose.com\/gl\/#website","url":"https:\/\/www.adecose.com\/gl\/","name":"ADECOSE","description":"Asociaci\u00f3n Espa\u00f1ola de Corretor\u00edas de Seguros e Reaseguros","publisher":{"@id":"https:\/\/www.adecose.com\/gl\/#organization"},"potentialAction":[{"@type":"SearchAction","target":{"@type":"EntryPoint","urlTemplate":"https:\/\/www.adecose.com\/gl\/?s={search_term_string}"},"query-input":{"@type":"PropertyValueSpecification","valueRequired":true,"valueName":"search_term_string"}}],"inLanguage":"gl-ES"},{"@type":"Organization","@id":"https:\/\/www.adecose.com\/gl\/#organization","name":"ADECOSE","url":"https:\/\/www.adecose.com\/gl\/","logo":{"@type":"ImageObject","inLanguage":"gl-ES","@id":"https:\/\/www.adecose.com\/gl\/#\/schema\/logo\/image\/","url":"https:\/\/www.adecose.com\/wp-content\/uploads\/2020\/07\/favicon.png","contentUrl":"https:\/\/www.adecose.com\/wp-content\/uploads\/2020\/07\/favicon.png","width":512,"height":512,"caption":"ADECOSE"},"image":{"@id":"https:\/\/www.adecose.com\/gl\/#\/schema\/logo\/image\/"}},{"@type":"Person","@id":"https:\/\/www.adecose.com\/gl\/#\/schema\/person\/ff086ce55f6379e1d225a2c0dca5eeb6","name":"Comunicaci\u00f3n ADECOSE","image":{"@type":"ImageObject","inLanguage":"gl-ES","@id":"https:\/\/secure.gravatar.com\/avatar\/01cd1f9571997441bf1da6d1cc147351305f03fe8f2acf1ebbec60ebb26924ce?s=96&d=mm&r=g","url":"https:\/\/secure.gravatar.com\/avatar\/01cd1f9571997441bf1da6d1cc147351305f03fe8f2acf1ebbec60ebb26924ce?s=96&d=mm&r=g","contentUrl":"https:\/\/secure.gravatar.com\/avatar\/01cd1f9571997441bf1da6d1cc147351305f03fe8f2acf1ebbec60ebb26924ce?s=96&d=mm&r=g","caption":"Comunicaci\u00f3n ADECOSE"}}]}},"_links":{"self":[{"href":"https:\/\/www.adecose.com\/gl\/wp-json\/wp\/v2\/posts\/17019","targetHints":{"allow":["GET"]}}],"collection":[{"href":"https:\/\/www.adecose.com\/gl\/wp-json\/wp\/v2\/posts"}],"about":[{"href":"https:\/\/www.adecose.com\/gl\/wp-json\/wp\/v2\/types\/post"}],"author":[{"embeddable":true,"href":"https:\/\/www.adecose.com\/gl\/wp-json\/wp\/v2\/users\/197"}],"replies":[{"embeddable":true,"href":"https:\/\/www.adecose.com\/gl\/wp-json\/wp\/v2\/comments?post=17019"}],"version-history":[{"count":0,"href":"https:\/\/www.adecose.com\/gl\/wp-json\/wp\/v2\/posts\/17019\/revisions"}],"wp:featuredmedia":[{"embeddable":true,"href":"https:\/\/www.adecose.com\/gl\/wp-json\/wp\/v2\/media\/17020"}],"wp:attachment":[{"href":"https:\/\/www.adecose.com\/gl\/wp-json\/wp\/v2\/media?parent=17019"}],"wp:term":[{"taxonomy":"category","embeddable":true,"href":"https:\/\/www.adecose.com\/gl\/wp-json\/wp\/v2\/categories?post=17019"},{"taxonomy":"post_tag","embeddable":true,"href":"https:\/\/www.adecose.com\/gl\/wp-json\/wp\/v2\/tags?post=17019"}],"curies":[{"name":"wp","href":"https:\/\/api.w.org\/{rel}","templated":true}]}}