{"id":16106,"date":"2024-01-24T10:18:50","date_gmt":"2024-01-24T09:18:50","guid":{"rendered":"https:\/\/www.adecose.com\/?p=16106"},"modified":"2024-01-24T10:18:50","modified_gmt":"2024-01-24T09:18:50","slug":"se-graduan-36-peritos-medicos-en-el-master-de-la-fundacion-de-la-correduria-uniteco-y-la-universidad-de-alcala","status":"publish","type":"post","link":"https:\/\/www.adecose.com\/gl\/se-graduan-36-peritos-medicos-en-el-master-de-la-fundacion-de-la-correduria-uniteco-y-la-universidad-de-alcala\/","title":{"rendered":"Se grad\u00faan 36 Peritos M\u00e9dicos en el M\u00e1ster de la Fundaci\u00f3n de la corredur\u00eda Uniteco y la Universidad de Alcal\u00e1"},"content":{"rendered":"[vc_row type=&#8221;in_container&#8221; full_screen_row_position=&#8221;middle&#8221; column_margin=&#8221;default&#8221; column_direction=&#8221;default&#8221; column_direction_tablet=&#8221;default&#8221; column_direction_phone=&#8221;default&#8221; scene_position=&#8221;center&#8221; text_color=&#8221;dark&#8221; text_align=&#8221;left&#8221; row_border_radius=&#8221;none&#8221; row_border_radius_applies=&#8221;bg&#8221; overflow=&#8221;visible&#8221; overlay_strength=&#8221;0.3&#8243; gradient_direction=&#8221;left_to_right&#8221; shape_divider_position=&#8221;bottom&#8221; bg_image_animation=&#8221;none&#8221;][vc_column column_padding=&#8221;no-extra-padding&#8221; column_padding_tablet=&#8221;inherit&#8221; column_padding_phone=&#8221;inherit&#8221; column_padding_position=&#8221;all&#8221; column_element_direction_desktop=&#8221;default&#8221; column_element_spacing=&#8221;default&#8221; desktop_text_alignment=&#8221;default&#8221; tablet_text_alignment=&#8221;default&#8221; phone_text_alignment=&#8221;default&#8221; background_color_opacity=&#8221;1&#8243; background_hover_color_opacity=&#8221;1&#8243; column_backdrop_filter=&#8221;none&#8221; column_shadow=&#8221;none&#8221; column_border_radius=&#8221;none&#8221; column_link_target=&#8221;_self&#8221; column_position=&#8221;default&#8221; gradient_direction=&#8221;left_to_right&#8221; overlay_strength=&#8221;0.3&#8243; width=&#8221;1\/1&#8243; tablet_width_inherit=&#8221;default&#8221; animation_type=&#8221;default&#8221; bg_image_animation=&#8221;none&#8221; border_type=&#8221;simple&#8221; column_border_width=&#8221;none&#8221; column_border_style=&#8221;solid&#8221;][vc_column_text]\n<ul>\n<li><em><strong>Cada a\u00f1o aumenta el n\u00famero de profesionales que se forman en esta disciplina<\/strong><\/em><\/li>\n<\/ul>\n[\/vc_column_text][vc_column_text]\n<ul>\n<li><em><strong>Las oportunidades laborales que ofrece y la posibilidad de sustituir las guardias, claves de que los m\u00e9dicos opten por esta profesi\u00f3n para obtener m\u00e1s ingresos<\/strong><\/em><\/li>\n<\/ul>\n[\/vc_column_text][vc_column_text]Un a\u00f1o m\u00e1s, y ya van 8 consecutivos, la <strong>Universidad de Alcal\u00e1<\/strong> y la <strong>Fundaci\u00f3n Uniteco<\/strong> han celebrado la graduaci\u00f3n del <a href=\"https:\/\/master.fundacionuniteco.org\/\">M\u00e1ster de Formaci\u00f3n Permanente en Peritaje M\u00e9dico y Valoraci\u00f3n del Da\u00f1o Corporal<\/a>. La gala, que tuvo lugar el 18 de enero en el Sal\u00f3n de Actos de la propia Universidad, sirvi\u00f3 para que 36 nuevos m\u00e9dicos de diversas especialidades recibiesen su t\u00edtulo como nuevos Peritos M\u00e9dicos.<\/p>\n<p>El acto cont\u00f3 con la presidencia del\u00a0<strong>Dr. Melchor \u00c1lvarez de Mon Soto<\/strong>, Catedr\u00e1tico de Medicina y director del M\u00e1ster, junto con\u00a0<strong>D. Gabriel N\u00fa\u00f1ez<\/strong>, presidente de la Fundaci\u00f3n Uniteco. Seg\u00fan el propio \u00c1lvarez de Mon \u201chaber conseguido graduar a la octava edici\u00f3n indica que <strong>cumplimos las expectativas y respondemos a las necesidades de los alumnos<\/strong>, haciendo del M\u00e1ster de Peritaje M\u00e9dico y Valoraci\u00f3n del Da\u00f1o Corporal de la Fundaci\u00f3n Uniteco una experiencia totalmente satisfactoria\u201d, mientras que N\u00fa\u00f1ez destac\u00f3 que \u201ceste M\u00e1ster no solo representa un logro acad\u00e9mico, sino un <strong>compromiso con la sociedad y con la integridad de la pr\u00e1ctica m\u00e9dica<\/strong>. La importancia de la formaci\u00f3n en el campo del peritaje m\u00e9dico se hace cada d\u00eda m\u00e1s evidente, sobre todo en un contexto donde las reclamaciones sanitarias est\u00e1n en aumento\u201d.<\/p>\n<p>En este sentido, es especialmente relevante el <strong>aumento de las reclamaciones sanitarias<\/strong> a ra\u00edz de la pandemia. Desde 2020 han ido creciendo a\u00f1o a a\u00f1o y lo han hecho tanto en la cantidad de las demandas interpuestas como por las cantidades reclamadas. Adem\u00e1s, en el sentido laboral, se ha convertido en una opci\u00f3n interesante. La falta de peritos m\u00e9dicos en todas las disciplinas, unido al aumento de la demanda de especialistas en este campo, ha hecho que cada vez m\u00e1s profesionales opten por esta <strong>v\u00eda para obtener unos ingresos extra<\/strong>. De hecho, desde la Fundaci\u00f3n Uniteco confirman que se pueden obtener ingresos recurrentes y bien remunerados, que van desde los 1.500 euros en aseguradoras hasta los 4.000 euros en la v\u00eda privada.<\/p>\n<h2><strong>Un M\u00e1ster de Peritaje que cada a\u00f1o bate r\u00e9cord de inscritos<\/strong><\/h2>\n<p>\u201cCada a\u00f1o batimos r\u00e9cord de alumnos en nuestro M\u00e1ster. La posibilidad de sustituir las guardias por el Peritaje M\u00e9dico es una v\u00eda para una mejor conciliaci\u00f3n. Si a esto le sumamos que adquieren un conocimiento legal m\u00e1s amplio y que les brinda una ventaja significativa a la hora de ejercer la medicina, se abre un mundo de oportunidades para su propio bienestar y el de sus seres queridos\u201d, coment\u00f3 N\u00fa\u00f1ez.<\/p>\n<p>El M\u00e1ster ha aportado a los alumnos el conocimiento de un \u00e1rea en la que la formaci\u00f3n previa es limitada. El programa formativo considera clave el aprendizaje de la valoraci\u00f3n y resoluci\u00f3n de procesos concretos. Por ello, se ha basado en una metodolog\u00eda muy pr\u00e1ctica con el fin de contribuir a la m\u00e1xima calidad asistencial. Se trata de un M\u00e1ster de\u00a0<strong>60 ECTS que se puede realizar de forma presencial, en Madrid o Valencia, o en \u2018streaming\u2019.<\/strong><\/p>\n<p>La IX Edici\u00f3n del M\u00e1ster ya est\u00e1 en marcha y cuenta con 44 alumnos inscritos, con sedes en Madrid y Valencia, y con la posibilidad de hacerlo presencial o en streaming.[\/vc_column_text][\/vc_column][\/vc_row]\n","protected":false},"excerpt":{"rendered":"<p>[vc_row type=&#8221;in_container&#8221; full_screen_row_position=&#8221;middle&#8221; column_margin=&#8221;default&#8221; column_direction=&#8221;default&#8221; column_direction_tablet=&#8221;default&#8221; column_direction_phone=&#8221;default&#8221; scene_position=&#8221;center&#8221; text_color=&#8221;dark&#8221; text_align=&#8221;left&#8221; row_border_radius=&#8221;none&#8221; row_border_radius_applies=&#8221;bg&#8221; overflow=&#8221;visible&#8221; overlay_strength=&#8221;0.3&#8243; gradient_direction=&#8221;left_to_right&#8221; shape_divider_position=&#8221;bottom&#8221; bg_image_animation=&#8221;none&#8221;][vc_column column_padding=&#8221;no-extra-padding&#8221; column_padding_tablet=&#8221;inherit&#8221; column_padding_phone=&#8221;inherit&#8221; column_padding_position=&#8221;all&#8221; column_element_direction_desktop=&#8221;default&#8221; column_element_spacing=&#8221;default&#8221; desktop_text_alignment=&#8221;default&#8221; tablet_text_alignment=&#8221;default&#8221;&#8230;<\/p>\n","protected":false},"author":197,"featured_media":16107,"comment_status":"closed","ping_status":"closed","sticky":false,"template":"","format":"standard","meta":{"_acf_changed":false,"_price":"","_stock":"","_tribe_ticket_header":"","_tribe_default_ticket_provider":"","_tribe_ticket_capacity":"0","_ticket_start_date":"","_ticket_end_date":"","_tribe_ticket_show_description":"","_tribe_ticket_show_not_going":false,"_tribe_ticket_use_global_stock":"","_tribe_ticket_global_stock_level":"","_global_stock_mode":"","_global_stock_cap":"","_tribe_rsvp_for_event":"","_tribe_ticket_going_count":"","_tribe_ticket_not_going_count":"","_tribe_tickets_list":"[]","_tribe_ticket_has_attendee_info_fields":false,"footnotes":""},"categories":[339],"tags":[383],"class_list":["post-16106","post","type-post","status-publish","format-standard","has-post-thumbnail","category-espacio-correduriasadecose","tag-uniteco"],"acf":[],"yoast_head":"<!-- This site is optimized with the Yoast SEO plugin v27.2 - https:\/\/yoast.com\/product\/yoast-seo-wordpress\/ -->\n<title>Se grad\u00faan 36 Peritos M\u00e9dicos en el M\u00e1ster de la Fundaci\u00f3n de la corredur\u00eda Uniteco y la Universidad de Alcal\u00e1 - ADECOSE<\/title>\n<meta name=\"robots\" content=\"index, follow, max-snippet:-1, max-image-preview:large, max-video-preview:-1\" \/>\n<link rel=\"canonical\" href=\"https:\/\/www.adecose.com\/se-graduan-36-peritos-medicos-en-el-master-de-la-fundacion-de-la-correduria-uniteco-y-la-universidad-de-alcala\/\" \/>\n<meta property=\"og:locale\" content=\"gl_ES\" \/>\n<meta property=\"og:type\" content=\"article\" \/>\n<meta property=\"og:title\" content=\"Se grad\u00faan 36 Peritos M\u00e9dicos en el M\u00e1ster de la Fundaci\u00f3n de la corredur\u00eda Uniteco y la Universidad de Alcal\u00e1 - ADECOSE\" \/>\n<meta property=\"og:description\" content=\"[vc_row type=&#8221;in_container&#8221; full_screen_row_position=&#8221;middle&#8221; column_margin=&#8221;default&#8221; column_direction=&#8221;default&#8221; column_direction_tablet=&#8221;default&#8221; column_direction_phone=&#8221;default&#8221; scene_position=&#8221;center&#8221; text_color=&#8221;dark&#8221; text_align=&#8221;left&#8221; row_border_radius=&#8221;none&#8221; row_border_radius_applies=&#8221;bg&#8221; overflow=&#8221;visible&#8221; overlay_strength=&#8221;0.3&#8243; gradient_direction=&#8221;left_to_right&#8221; shape_divider_position=&#8221;bottom&#8221; bg_image_animation=&#8221;none&#8221;][vc_column column_padding=&#8221;no-extra-padding&#8221; column_padding_tablet=&#8221;inherit&#8221; column_padding_phone=&#8221;inherit&#8221; column_padding_position=&#8221;all&#8221; column_element_direction_desktop=&#8221;default&#8221; column_element_spacing=&#8221;default&#8221; desktop_text_alignment=&#8221;default&#8221; tablet_text_alignment=&#8221;default&#8221;...\" \/>\n<meta property=\"og:url\" content=\"https:\/\/www.adecose.com\/se-graduan-36-peritos-medicos-en-el-master-de-la-fundacion-de-la-correduria-uniteco-y-la-universidad-de-alcala\/\" \/>\n<meta property=\"og:site_name\" content=\"ADECOSE\" \/>\n<meta property=\"article:published_time\" content=\"2024-01-24T09:18:50+00:00\" \/>\n<meta property=\"og:image\" content=\"https:\/\/www.adecose.com\/wp-content\/uploads\/2024\/01\/Graduacion-del-Master-de-Peritaje-y-Valoracion-del-Dano-Corporal.jpeg\" \/>\n\t<meta property=\"og:image:width\" content=\"1600\" \/>\n\t<meta property=\"og:image:height\" content=\"720\" \/>\n\t<meta property=\"og:image:type\" content=\"image\/jpeg\" \/>\n<meta name=\"author\" content=\"Comunicaci\u00f3n ADECOSE\" \/>\n<meta name=\"twitter:card\" content=\"summary_large_image\" \/>\n<meta name=\"twitter:label1\" content=\"Escrito por\" \/>\n\t<meta name=\"twitter:data1\" content=\"Comunicaci\u00f3n ADECOSE\" \/>\n\t<meta name=\"twitter:label2\" content=\"Tempo de lectura\" \/>\n\t<meta name=\"twitter:data2\" content=\"3 minutos\" \/>\n<script type=\"application\/ld+json\" class=\"yoast-schema-graph\">{\"@context\":\"https:\/\/schema.org\",\"@graph\":[{\"@type\":\"Article\",\"@id\":\"https:\/\/www.adecose.com\/se-graduan-36-peritos-medicos-en-el-master-de-la-fundacion-de-la-correduria-uniteco-y-la-universidad-de-alcala\/#article\",\"isPartOf\":{\"@id\":\"https:\/\/www.adecose.com\/se-graduan-36-peritos-medicos-en-el-master-de-la-fundacion-de-la-correduria-uniteco-y-la-universidad-de-alcala\/\"},\"author\":{\"name\":\"Comunicaci\u00f3n ADECOSE\",\"@id\":\"https:\/\/www.adecose.com\/gl\/#\/schema\/person\/ff086ce55f6379e1d225a2c0dca5eeb6\"},\"headline\":\"Se grad\u00faan 36 Peritos M\u00e9dicos en el M\u00e1ster de la Fundaci\u00f3n de la corredur\u00eda Uniteco y la Universidad de Alcal\u00e1\",\"datePublished\":\"2024-01-24T09:18:50+00:00\",\"mainEntityOfPage\":{\"@id\":\"https:\/\/www.adecose.com\/se-graduan-36-peritos-medicos-en-el-master-de-la-fundacion-de-la-correduria-uniteco-y-la-universidad-de-alcala\/\"},\"wordCount\":807,\"publisher\":{\"@id\":\"https:\/\/www.adecose.com\/gl\/#organization\"},\"image\":{\"@id\":\"https:\/\/www.adecose.com\/se-graduan-36-peritos-medicos-en-el-master-de-la-fundacion-de-la-correduria-uniteco-y-la-universidad-de-alcala\/#primaryimage\"},\"thumbnailUrl\":\"https:\/\/www.adecose.com\/wp-content\/uploads\/2024\/01\/Graduacion-del-Master-de-Peritaje-y-Valoracion-del-Dano-Corporal.jpeg\",\"keywords\":[\"UNITECO\"],\"articleSection\":[\"Espacio #Corredur\u00edasADECOSE\"],\"inLanguage\":\"gl-ES\"},{\"@type\":\"WebPage\",\"@id\":\"https:\/\/www.adecose.com\/se-graduan-36-peritos-medicos-en-el-master-de-la-fundacion-de-la-correduria-uniteco-y-la-universidad-de-alcala\/\",\"url\":\"https:\/\/www.adecose.com\/se-graduan-36-peritos-medicos-en-el-master-de-la-fundacion-de-la-correduria-uniteco-y-la-universidad-de-alcala\/\",\"name\":\"Se grad\u00faan 36 Peritos M\u00e9dicos en el M\u00e1ster de la Fundaci\u00f3n de la corredur\u00eda Uniteco y la Universidad de Alcal\u00e1 - ADECOSE\",\"isPartOf\":{\"@id\":\"https:\/\/www.adecose.com\/gl\/#website\"},\"primaryImageOfPage\":{\"@id\":\"https:\/\/www.adecose.com\/se-graduan-36-peritos-medicos-en-el-master-de-la-fundacion-de-la-correduria-uniteco-y-la-universidad-de-alcala\/#primaryimage\"},\"image\":{\"@id\":\"https:\/\/www.adecose.com\/se-graduan-36-peritos-medicos-en-el-master-de-la-fundacion-de-la-correduria-uniteco-y-la-universidad-de-alcala\/#primaryimage\"},\"thumbnailUrl\":\"https:\/\/www.adecose.com\/wp-content\/uploads\/2024\/01\/Graduacion-del-Master-de-Peritaje-y-Valoracion-del-Dano-Corporal.jpeg\",\"datePublished\":\"2024-01-24T09:18:50+00:00\",\"breadcrumb\":{\"@id\":\"https:\/\/www.adecose.com\/se-graduan-36-peritos-medicos-en-el-master-de-la-fundacion-de-la-correduria-uniteco-y-la-universidad-de-alcala\/#breadcrumb\"},\"inLanguage\":\"gl-ES\",\"potentialAction\":[{\"@type\":\"ReadAction\",\"target\":[\"https:\/\/www.adecose.com\/se-graduan-36-peritos-medicos-en-el-master-de-la-fundacion-de-la-correduria-uniteco-y-la-universidad-de-alcala\/\"]}]},{\"@type\":\"ImageObject\",\"inLanguage\":\"gl-ES\",\"@id\":\"https:\/\/www.adecose.com\/se-graduan-36-peritos-medicos-en-el-master-de-la-fundacion-de-la-correduria-uniteco-y-la-universidad-de-alcala\/#primaryimage\",\"url\":\"https:\/\/www.adecose.com\/wp-content\/uploads\/2024\/01\/Graduacion-del-Master-de-Peritaje-y-Valoracion-del-Dano-Corporal.jpeg\",\"contentUrl\":\"https:\/\/www.adecose.com\/wp-content\/uploads\/2024\/01\/Graduacion-del-Master-de-Peritaje-y-Valoracion-del-Dano-Corporal.jpeg\",\"width\":1600,\"height\":720},{\"@type\":\"BreadcrumbList\",\"@id\":\"https:\/\/www.adecose.com\/se-graduan-36-peritos-medicos-en-el-master-de-la-fundacion-de-la-correduria-uniteco-y-la-universidad-de-alcala\/#breadcrumb\",\"itemListElement\":[{\"@type\":\"ListItem\",\"position\":1,\"name\":\"Portada\",\"item\":\"https:\/\/www.adecose.com\/gl\/\"},{\"@type\":\"ListItem\",\"position\":2,\"name\":\"Se grad\u00faan 36 Peritos M\u00e9dicos en el M\u00e1ster de la Fundaci\u00f3n de la corredur\u00eda Uniteco y la Universidad de Alcal\u00e1\"}]},{\"@type\":\"WebSite\",\"@id\":\"https:\/\/www.adecose.com\/gl\/#website\",\"url\":\"https:\/\/www.adecose.com\/gl\/\",\"name\":\"ADECOSE\",\"description\":\"Asociaci\u00f3n Espa\u00f1ola de Corretor\u00edas de Seguros e Reaseguros\",\"publisher\":{\"@id\":\"https:\/\/www.adecose.com\/gl\/#organization\"},\"potentialAction\":[{\"@type\":\"SearchAction\",\"target\":{\"@type\":\"EntryPoint\",\"urlTemplate\":\"https:\/\/www.adecose.com\/gl\/?s={search_term_string}\"},\"query-input\":{\"@type\":\"PropertyValueSpecification\",\"valueRequired\":true,\"valueName\":\"search_term_string\"}}],\"inLanguage\":\"gl-ES\"},{\"@type\":\"Organization\",\"@id\":\"https:\/\/www.adecose.com\/gl\/#organization\",\"name\":\"ADECOSE\",\"url\":\"https:\/\/www.adecose.com\/gl\/\",\"logo\":{\"@type\":\"ImageObject\",\"inLanguage\":\"gl-ES\",\"@id\":\"https:\/\/www.adecose.com\/gl\/#\/schema\/logo\/image\/\",\"url\":\"https:\/\/www.adecose.com\/wp-content\/uploads\/2020\/07\/favicon.png\",\"contentUrl\":\"https:\/\/www.adecose.com\/wp-content\/uploads\/2020\/07\/favicon.png\",\"width\":512,\"height\":512,\"caption\":\"ADECOSE\"},\"image\":{\"@id\":\"https:\/\/www.adecose.com\/gl\/#\/schema\/logo\/image\/\"}},{\"@type\":\"Person\",\"@id\":\"https:\/\/www.adecose.com\/gl\/#\/schema\/person\/ff086ce55f6379e1d225a2c0dca5eeb6\",\"name\":\"Comunicaci\u00f3n ADECOSE\",\"image\":{\"@type\":\"ImageObject\",\"inLanguage\":\"gl-ES\",\"@id\":\"https:\/\/secure.gravatar.com\/avatar\/01cd1f9571997441bf1da6d1cc147351305f03fe8f2acf1ebbec60ebb26924ce?s=96&d=mm&r=g\",\"url\":\"https:\/\/secure.gravatar.com\/avatar\/01cd1f9571997441bf1da6d1cc147351305f03fe8f2acf1ebbec60ebb26924ce?s=96&d=mm&r=g\",\"contentUrl\":\"https:\/\/secure.gravatar.com\/avatar\/01cd1f9571997441bf1da6d1cc147351305f03fe8f2acf1ebbec60ebb26924ce?s=96&d=mm&r=g\",\"caption\":\"Comunicaci\u00f3n ADECOSE\"}}]}<\/script>\n<!-- \/ Yoast SEO plugin. -->","yoast_head_json":{"title":"Se grad\u00faan 36 Peritos M\u00e9dicos en el M\u00e1ster de la Fundaci\u00f3n de la corredur\u00eda Uniteco y la Universidad de Alcal\u00e1 - ADECOSE","robots":{"index":"index","follow":"follow","max-snippet":"max-snippet:-1","max-image-preview":"max-image-preview:large","max-video-preview":"max-video-preview:-1"},"canonical":"https:\/\/www.adecose.com\/se-graduan-36-peritos-medicos-en-el-master-de-la-fundacion-de-la-correduria-uniteco-y-la-universidad-de-alcala\/","og_locale":"gl_ES","og_type":"article","og_title":"Se grad\u00faan 36 Peritos M\u00e9dicos en el M\u00e1ster de la Fundaci\u00f3n de la corredur\u00eda Uniteco y la Universidad de Alcal\u00e1 - ADECOSE","og_description":"[vc_row type=&#8221;in_container&#8221; full_screen_row_position=&#8221;middle&#8221; column_margin=&#8221;default&#8221; column_direction=&#8221;default&#8221; column_direction_tablet=&#8221;default&#8221; column_direction_phone=&#8221;default&#8221; scene_position=&#8221;center&#8221; text_color=&#8221;dark&#8221; text_align=&#8221;left&#8221; row_border_radius=&#8221;none&#8221; row_border_radius_applies=&#8221;bg&#8221; overflow=&#8221;visible&#8221; overlay_strength=&#8221;0.3&#8243; gradient_direction=&#8221;left_to_right&#8221; shape_divider_position=&#8221;bottom&#8221; bg_image_animation=&#8221;none&#8221;][vc_column column_padding=&#8221;no-extra-padding&#8221; column_padding_tablet=&#8221;inherit&#8221; column_padding_phone=&#8221;inherit&#8221; column_padding_position=&#8221;all&#8221; column_element_direction_desktop=&#8221;default&#8221; column_element_spacing=&#8221;default&#8221; desktop_text_alignment=&#8221;default&#8221; tablet_text_alignment=&#8221;default&#8221;...","og_url":"https:\/\/www.adecose.com\/se-graduan-36-peritos-medicos-en-el-master-de-la-fundacion-de-la-correduria-uniteco-y-la-universidad-de-alcala\/","og_site_name":"ADECOSE","article_published_time":"2024-01-24T09:18:50+00:00","og_image":[{"width":1600,"height":720,"url":"https:\/\/www.adecose.com\/wp-content\/uploads\/2024\/01\/Graduacion-del-Master-de-Peritaje-y-Valoracion-del-Dano-Corporal.jpeg","type":"image\/jpeg"}],"author":"Comunicaci\u00f3n ADECOSE","twitter_card":"summary_large_image","twitter_misc":{"Escrito por":"Comunicaci\u00f3n ADECOSE","Tempo de lectura":"3 minutos"},"schema":{"@context":"https:\/\/schema.org","@graph":[{"@type":"Article","@id":"https:\/\/www.adecose.com\/se-graduan-36-peritos-medicos-en-el-master-de-la-fundacion-de-la-correduria-uniteco-y-la-universidad-de-alcala\/#article","isPartOf":{"@id":"https:\/\/www.adecose.com\/se-graduan-36-peritos-medicos-en-el-master-de-la-fundacion-de-la-correduria-uniteco-y-la-universidad-de-alcala\/"},"author":{"name":"Comunicaci\u00f3n ADECOSE","@id":"https:\/\/www.adecose.com\/gl\/#\/schema\/person\/ff086ce55f6379e1d225a2c0dca5eeb6"},"headline":"Se grad\u00faan 36 Peritos M\u00e9dicos en el M\u00e1ster de la Fundaci\u00f3n de la corredur\u00eda Uniteco y la Universidad de Alcal\u00e1","datePublished":"2024-01-24T09:18:50+00:00","mainEntityOfPage":{"@id":"https:\/\/www.adecose.com\/se-graduan-36-peritos-medicos-en-el-master-de-la-fundacion-de-la-correduria-uniteco-y-la-universidad-de-alcala\/"},"wordCount":807,"publisher":{"@id":"https:\/\/www.adecose.com\/gl\/#organization"},"image":{"@id":"https:\/\/www.adecose.com\/se-graduan-36-peritos-medicos-en-el-master-de-la-fundacion-de-la-correduria-uniteco-y-la-universidad-de-alcala\/#primaryimage"},"thumbnailUrl":"https:\/\/www.adecose.com\/wp-content\/uploads\/2024\/01\/Graduacion-del-Master-de-Peritaje-y-Valoracion-del-Dano-Corporal.jpeg","keywords":["UNITECO"],"articleSection":["Espacio #Corredur\u00edasADECOSE"],"inLanguage":"gl-ES"},{"@type":"WebPage","@id":"https:\/\/www.adecose.com\/se-graduan-36-peritos-medicos-en-el-master-de-la-fundacion-de-la-correduria-uniteco-y-la-universidad-de-alcala\/","url":"https:\/\/www.adecose.com\/se-graduan-36-peritos-medicos-en-el-master-de-la-fundacion-de-la-correduria-uniteco-y-la-universidad-de-alcala\/","name":"Se grad\u00faan 36 Peritos M\u00e9dicos en el M\u00e1ster de la Fundaci\u00f3n de la corredur\u00eda Uniteco y la Universidad de Alcal\u00e1 - ADECOSE","isPartOf":{"@id":"https:\/\/www.adecose.com\/gl\/#website"},"primaryImageOfPage":{"@id":"https:\/\/www.adecose.com\/se-graduan-36-peritos-medicos-en-el-master-de-la-fundacion-de-la-correduria-uniteco-y-la-universidad-de-alcala\/#primaryimage"},"image":{"@id":"https:\/\/www.adecose.com\/se-graduan-36-peritos-medicos-en-el-master-de-la-fundacion-de-la-correduria-uniteco-y-la-universidad-de-alcala\/#primaryimage"},"thumbnailUrl":"https:\/\/www.adecose.com\/wp-content\/uploads\/2024\/01\/Graduacion-del-Master-de-Peritaje-y-Valoracion-del-Dano-Corporal.jpeg","datePublished":"2024-01-24T09:18:50+00:00","breadcrumb":{"@id":"https:\/\/www.adecose.com\/se-graduan-36-peritos-medicos-en-el-master-de-la-fundacion-de-la-correduria-uniteco-y-la-universidad-de-alcala\/#breadcrumb"},"inLanguage":"gl-ES","potentialAction":[{"@type":"ReadAction","target":["https:\/\/www.adecose.com\/se-graduan-36-peritos-medicos-en-el-master-de-la-fundacion-de-la-correduria-uniteco-y-la-universidad-de-alcala\/"]}]},{"@type":"ImageObject","inLanguage":"gl-ES","@id":"https:\/\/www.adecose.com\/se-graduan-36-peritos-medicos-en-el-master-de-la-fundacion-de-la-correduria-uniteco-y-la-universidad-de-alcala\/#primaryimage","url":"https:\/\/www.adecose.com\/wp-content\/uploads\/2024\/01\/Graduacion-del-Master-de-Peritaje-y-Valoracion-del-Dano-Corporal.jpeg","contentUrl":"https:\/\/www.adecose.com\/wp-content\/uploads\/2024\/01\/Graduacion-del-Master-de-Peritaje-y-Valoracion-del-Dano-Corporal.jpeg","width":1600,"height":720},{"@type":"BreadcrumbList","@id":"https:\/\/www.adecose.com\/se-graduan-36-peritos-medicos-en-el-master-de-la-fundacion-de-la-correduria-uniteco-y-la-universidad-de-alcala\/#breadcrumb","itemListElement":[{"@type":"ListItem","position":1,"name":"Portada","item":"https:\/\/www.adecose.com\/gl\/"},{"@type":"ListItem","position":2,"name":"Se grad\u00faan 36 Peritos M\u00e9dicos en el M\u00e1ster de la Fundaci\u00f3n de la corredur\u00eda Uniteco y la Universidad de Alcal\u00e1"}]},{"@type":"WebSite","@id":"https:\/\/www.adecose.com\/gl\/#website","url":"https:\/\/www.adecose.com\/gl\/","name":"ADECOSE","description":"Asociaci\u00f3n Espa\u00f1ola de Corretor\u00edas de Seguros e Reaseguros","publisher":{"@id":"https:\/\/www.adecose.com\/gl\/#organization"},"potentialAction":[{"@type":"SearchAction","target":{"@type":"EntryPoint","urlTemplate":"https:\/\/www.adecose.com\/gl\/?s={search_term_string}"},"query-input":{"@type":"PropertyValueSpecification","valueRequired":true,"valueName":"search_term_string"}}],"inLanguage":"gl-ES"},{"@type":"Organization","@id":"https:\/\/www.adecose.com\/gl\/#organization","name":"ADECOSE","url":"https:\/\/www.adecose.com\/gl\/","logo":{"@type":"ImageObject","inLanguage":"gl-ES","@id":"https:\/\/www.adecose.com\/gl\/#\/schema\/logo\/image\/","url":"https:\/\/www.adecose.com\/wp-content\/uploads\/2020\/07\/favicon.png","contentUrl":"https:\/\/www.adecose.com\/wp-content\/uploads\/2020\/07\/favicon.png","width":512,"height":512,"caption":"ADECOSE"},"image":{"@id":"https:\/\/www.adecose.com\/gl\/#\/schema\/logo\/image\/"}},{"@type":"Person","@id":"https:\/\/www.adecose.com\/gl\/#\/schema\/person\/ff086ce55f6379e1d225a2c0dca5eeb6","name":"Comunicaci\u00f3n ADECOSE","image":{"@type":"ImageObject","inLanguage":"gl-ES","@id":"https:\/\/secure.gravatar.com\/avatar\/01cd1f9571997441bf1da6d1cc147351305f03fe8f2acf1ebbec60ebb26924ce?s=96&d=mm&r=g","url":"https:\/\/secure.gravatar.com\/avatar\/01cd1f9571997441bf1da6d1cc147351305f03fe8f2acf1ebbec60ebb26924ce?s=96&d=mm&r=g","contentUrl":"https:\/\/secure.gravatar.com\/avatar\/01cd1f9571997441bf1da6d1cc147351305f03fe8f2acf1ebbec60ebb26924ce?s=96&d=mm&r=g","caption":"Comunicaci\u00f3n ADECOSE"}}]}},"_links":{"self":[{"href":"https:\/\/www.adecose.com\/gl\/wp-json\/wp\/v2\/posts\/16106","targetHints":{"allow":["GET"]}}],"collection":[{"href":"https:\/\/www.adecose.com\/gl\/wp-json\/wp\/v2\/posts"}],"about":[{"href":"https:\/\/www.adecose.com\/gl\/wp-json\/wp\/v2\/types\/post"}],"author":[{"embeddable":true,"href":"https:\/\/www.adecose.com\/gl\/wp-json\/wp\/v2\/users\/197"}],"replies":[{"embeddable":true,"href":"https:\/\/www.adecose.com\/gl\/wp-json\/wp\/v2\/comments?post=16106"}],"version-history":[{"count":0,"href":"https:\/\/www.adecose.com\/gl\/wp-json\/wp\/v2\/posts\/16106\/revisions"}],"wp:featuredmedia":[{"embeddable":true,"href":"https:\/\/www.adecose.com\/gl\/wp-json\/wp\/v2\/media\/16107"}],"wp:attachment":[{"href":"https:\/\/www.adecose.com\/gl\/wp-json\/wp\/v2\/media?parent=16106"}],"wp:term":[{"taxonomy":"category","embeddable":true,"href":"https:\/\/www.adecose.com\/gl\/wp-json\/wp\/v2\/categories?post=16106"},{"taxonomy":"post_tag","embeddable":true,"href":"https:\/\/www.adecose.com\/gl\/wp-json\/wp\/v2\/tags?post=16106"}],"curies":[{"name":"wp","href":"https:\/\/api.w.org\/{rel}","templated":true}]}}