{"id":16057,"date":"2024-01-15T12:28:10","date_gmt":"2024-01-15T11:28:10","guid":{"rendered":"https:\/\/www.adecose.com\/?p=16057"},"modified":"2024-01-16T12:33:13","modified_gmt":"2024-01-16T11:33:13","slug":"santalucia-y-adecose-acuerdan-un-modelo-de-carta-de-condiciones","status":"publish","type":"post","link":"https:\/\/www.adecose.com\/gl\/santalucia-y-adecose-acuerdan-un-modelo-de-carta-de-condiciones\/","title":{"rendered":"SANTALUC\u00cdA y ADECOSE acuerdan un modelo de Carta de Condiciones"},"content":{"rendered":"[vc_row type=&#8221;in_container&#8221; full_screen_row_position=&#8221;middle&#8221; column_margin=&#8221;default&#8221; column_direction=&#8221;default&#8221; column_direction_tablet=&#8221;default&#8221; column_direction_phone=&#8221;default&#8221; scene_position=&#8221;center&#8221; text_color=&#8221;dark&#8221; text_align=&#8221;left&#8221; row_border_radius=&#8221;none&#8221; row_border_radius_applies=&#8221;bg&#8221; overflow=&#8221;visible&#8221; overlay_strength=&#8221;0.3&#8243; gradient_direction=&#8221;left_to_right&#8221; shape_divider_position=&#8221;bottom&#8221; bg_image_animation=&#8221;none&#8221;][vc_column column_padding=&#8221;no-extra-padding&#8221; column_padding_tablet=&#8221;inherit&#8221; column_padding_phone=&#8221;inherit&#8221; column_padding_position=&#8221;all&#8221; column_element_direction_desktop=&#8221;default&#8221; column_element_spacing=&#8221;default&#8221; desktop_text_alignment=&#8221;default&#8221; tablet_text_alignment=&#8221;default&#8221; phone_text_alignment=&#8221;default&#8221; background_color_opacity=&#8221;1&#8243; background_hover_color_opacity=&#8221;1&#8243; column_backdrop_filter=&#8221;none&#8221; column_shadow=&#8221;none&#8221; column_border_radius=&#8221;none&#8221; column_link_target=&#8221;_self&#8221; column_position=&#8221;default&#8221; gradient_direction=&#8221;left_to_right&#8221; overlay_strength=&#8221;0.3&#8243; width=&#8221;1\/1&#8243; tablet_width_inherit=&#8221;default&#8221; animation_type=&#8221;default&#8221; bg_image_animation=&#8221;none&#8221; border_type=&#8221;simple&#8221; column_border_width=&#8221;none&#8221; column_border_style=&#8221;solid&#8221;][vc_column_text]\n<ul>\n<li class=\"s10\"><strong><em><span class=\"s9\">Este<\/span><span class=\"s9\"> acuerdo de colaboraci\u00f3n con <\/span><span class=\"s9\">SANTALUC\u00cdA permitir\u00e1 a las corredur\u00edas de ADECOSE<\/span> <span class=\"s9\">que voluntariamente <\/span><span class=\"s9\">firmen el modelo de carta de condiciones con la aseguradora<\/span><span class=\"s9\">,<\/span> <span class=\"s9\">desarrollar su actividad en un entorno de absoluta confianza y de seguridad jur\u00eddica<\/span><\/em><\/strong><\/li>\n<\/ul>\n[\/vc_column_text][vc_column_text]\n<p class=\"s11\"><span class=\"s13\">La <\/span><span class=\"s14\">compa\u00f1\u00eda aseguradora<\/span> <span class=\"s16\">SA<\/span><span class=\"s16\">NTALUC\u00cdA<\/span><span class=\"s14\">,<\/span> <span class=\"s17\">ha <\/span><span class=\"s17\">adaptado<\/span> <span class=\"s17\">el<\/span><span class=\"s17\"> modelo de Carta de Condiciones<\/span><span class=\"s17\"> propuesto por ADECOSE<\/span><span class=\"s17\">.<\/span> <span class=\"s17\">De esta forma, las corredur\u00edas de ADECOSE,<\/span> <span class=\"s17\">que voluntariamente <\/span><span class=\"s17\">firmen el modelo de carta de condiciones <\/span><span class=\"s17\">con <\/span><span class=\"s17\">SANTALUC\u00cdA<\/span><span class=\"s17\">,<\/span> <span class=\"s17\">podr\u00e1n <\/span><span class=\"s17\">desarrollar su <\/span><span class=\"s19\">actividad<\/span><span class=\"s19\"> con la aseguradora<\/span><span class=\"s17\">en un entorno de absoluta confianza y de seguridad jur\u00eddica<\/span><span class=\"s17\">.<\/span><\/p>\n<p class=\"s11\"><span class=\"s17\">A trav\u00e9s de un grupo de trabajo jur\u00eddico compuesto por expertos de sus corredur\u00edas asociadas, ADECOSE ha adaptado estos acuerdos a la nueva normativa de distribuci\u00f3n de seguros, que tambi\u00e9n recogen los principales hitos del antiguo modelo e incorporan novedades importantes que se han<\/span><span class=\"s17\"> analizado desde que se pact\u00f3 el primer acuerdo en 2008.<\/span><\/p>\n<p class=\"s11\"><span class=\"s17\">Estos contratos son negociados por ADECOSE con aseguradoras que representan el <\/span><span class=\"s17\">90% de las primas intermediadas por sus socios<\/span><span class=\"s17\">, con el fin de establecer una relaci\u00f3n<\/span><span class=\"s17\">de <\/span><span class=\"s14\">absoluta confianza<\/span><span class=\"s14\"> entre<\/span><span class=\"s14\"> entidades a<\/span><span class=\"s14\">seguradoras<\/span><span class=\"s14\"> y <\/span><span class=\"s14\">las corredur\u00edas pertenecientes a <\/span><span class=\"s14\">la Asociaci\u00f3n<\/span><span class=\"s14\">.<\/span><\/p>\n<p class=\"s11\"><span class=\"s14\">\u201c<\/span><span class=\"s20\">Despu\u00e9s de 3 a\u00f1os de negociaciones para ad<\/span><span class=\"s20\">a<\/span><span class=\"s20\">ptar <\/span><span class=\"s20\">las Cartas de Condiciones<\/span><span class=\"s20\"> al Real Decreto <\/span><span class=\"s20\">3\/2020 de 4 de febrero<\/span><span class=\"s20\"> y a otras normativas que afectan al sector<\/span><span class=\"s20\">, ADECOSE ha <\/span><span class=\"s20\">logrado<\/span> <span class=\"s20\">consensuar<\/span> <span class=\"s20\">60<\/span><span class=\"s20\"> acuerdos<\/span><span class=\"s20\"> con las principales <\/span><span class=\"s20\">aseguradoras<\/span><span class=\"s20\">, <\/span><span class=\"s20\">lo que<\/span><span class=\"s20\"> viene a confirmar la importancia de <\/span><span class=\"s20\">estos contratos para <\/span><span class=\"s20\">asentar<\/span><span class=\"s20\"> las bases de un entorno jur\u00eddico<\/span><span class=\"s20\"> cada d\u00eda m\u00e1s complejo. Asimismo, agradece<\/span><span class=\"s20\">r<\/span><span class=\"s20\"> a los grupos de expertos tanto de ADECOSE como de <\/span><span class=\"s20\">SANTALUC\u00cdA<\/span><span class=\"s20\"> que han participado en la elaboraci\u00f3n de est<\/span><span class=\"s20\">e<\/span><span class=\"s20\">modelo<\/span><span class=\"s20\">,<\/span><span class=\"s20\"> por su dedicaci\u00f3n y buen criterio en est<\/span><span class=\"s20\">e<\/span><span class=\"s20\"> acuerdo tan relevante para nuestro colectivo<\/span><span class=\"s14\">\u201d<\/span><span class=\"s14\">, tal y como afirma <\/span><span class=\"s21\">Mart\u00edn Navaz<\/span><span class=\"s14\">, <\/span><span class=\"s21\">presidente de ADECOSE<\/span><span class=\"s14\">.<\/span><\/p>\n<p class=\"s11\"><span class=\"s14\">Por su parte, <\/span><span class=\"s21\">Dominique <\/span><span class=\"s21\">Uzel<\/span><span class=\"s21\">, director<\/span><span class=\"s21\"> general<\/span><span class=\"s21\"> de negocio de <\/span><span class=\"s21\">SANTALUC\u00cdA<\/span><span class=\"s14\">, destaca que \u201c<\/span><span class=\"s20\">para SANTALUCIA es un hito el poder haber realizado la adaptaci\u00f3n de la carta de condiciones de ADECOSE. <\/span><span class=\"s20\">Esta iniciativa<\/span><span class=\"s20\"> supone una gran noticia para ambas partes por la<\/span> <span class=\"s20\">importancia<\/span> <span class=\"s20\">del acuerdo <\/span><span class=\"s20\">y<\/span><span class=\"s20\">,<\/span><span class=\"s20\"> para SANTALUCIA<\/span><span class=\"s20\">,<\/span><span class=\"s20\"> refuerza nuestra firme convicci\u00f3n de servicio y de apuesta por la mediaci\u00f3n profesional<\/span><span class=\"s14\">\u201d.<\/span><\/p>\n[\/vc_column_text][\/vc_column][\/vc_row]\n","protected":false},"excerpt":{"rendered":"<p>[vc_row type=&#8221;in_container&#8221; full_screen_row_position=&#8221;middle&#8221; column_margin=&#8221;default&#8221; column_direction=&#8221;default&#8221; column_direction_tablet=&#8221;default&#8221; column_direction_phone=&#8221;default&#8221; scene_position=&#8221;center&#8221; text_color=&#8221;dark&#8221; text_align=&#8221;left&#8221; row_border_radius=&#8221;none&#8221; row_border_radius_applies=&#8221;bg&#8221; overflow=&#8221;visible&#8221; overlay_strength=&#8221;0.3&#8243; gradient_direction=&#8221;left_to_right&#8221; shape_divider_position=&#8221;bottom&#8221; bg_image_animation=&#8221;none&#8221;][vc_column column_padding=&#8221;no-extra-padding&#8221; column_padding_tablet=&#8221;inherit&#8221; column_padding_phone=&#8221;inherit&#8221; column_padding_position=&#8221;all&#8221; column_element_direction_desktop=&#8221;default&#8221; column_element_spacing=&#8221;default&#8221; desktop_text_alignment=&#8221;default&#8221; tablet_text_alignment=&#8221;default&#8221;&#8230;<\/p>\n","protected":false},"author":197,"featured_media":16059,"comment_status":"closed","ping_status":"closed","sticky":false,"template":"","format":"standard","meta":{"_acf_changed":false,"_price":"","_stock":"","_tribe_ticket_header":"","_tribe_default_ticket_provider":"","_tribe_ticket_capacity":"0","_ticket_start_date":"","_ticket_end_date":"","_tribe_ticket_show_description":"","_tribe_ticket_show_not_going":false,"_tribe_ticket_use_global_stock":"","_tribe_ticket_global_stock_level":"","_global_stock_mode":"","_global_stock_cap":"","_tribe_rsvp_for_event":"","_tribe_ticket_going_count":"","_tribe_ticket_not_going_count":"","_tribe_tickets_list":"[]","_tribe_ticket_has_attendee_info_fields":false,"footnotes":""},"categories":[2],"tags":[284,256],"class_list":["post-16057","post","type-post","status-publish","format-standard","has-post-thumbnail","category-noticias","tag-adecose","tag-carta-de-condiciones"],"acf":[],"yoast_head":"<!-- This site is optimized with the Yoast SEO plugin v27.2 - https:\/\/yoast.com\/product\/yoast-seo-wordpress\/ -->\n<title>SANTALUC\u00cdA y ADECOSE acuerdan un modelo de Carta de Condiciones - ADECOSE<\/title>\n<meta name=\"robots\" content=\"index, follow, max-snippet:-1, max-image-preview:large, max-video-preview:-1\" \/>\n<link rel=\"canonical\" href=\"https:\/\/www.adecose.com\/santalucia-y-adecose-acuerdan-un-modelo-de-carta-de-condiciones\/\" \/>\n<meta property=\"og:locale\" content=\"gl_ES\" \/>\n<meta property=\"og:type\" content=\"article\" \/>\n<meta property=\"og:title\" content=\"SANTALUC\u00cdA y ADECOSE acuerdan un modelo de Carta de Condiciones - ADECOSE\" \/>\n<meta property=\"og:description\" content=\"[vc_row type=&#8221;in_container&#8221; full_screen_row_position=&#8221;middle&#8221; column_margin=&#8221;default&#8221; column_direction=&#8221;default&#8221; column_direction_tablet=&#8221;default&#8221; column_direction_phone=&#8221;default&#8221; scene_position=&#8221;center&#8221; text_color=&#8221;dark&#8221; text_align=&#8221;left&#8221; row_border_radius=&#8221;none&#8221; row_border_radius_applies=&#8221;bg&#8221; overflow=&#8221;visible&#8221; overlay_strength=&#8221;0.3&#8243; gradient_direction=&#8221;left_to_right&#8221; shape_divider_position=&#8221;bottom&#8221; bg_image_animation=&#8221;none&#8221;][vc_column column_padding=&#8221;no-extra-padding&#8221; column_padding_tablet=&#8221;inherit&#8221; column_padding_phone=&#8221;inherit&#8221; column_padding_position=&#8221;all&#8221; column_element_direction_desktop=&#8221;default&#8221; column_element_spacing=&#8221;default&#8221; desktop_text_alignment=&#8221;default&#8221; tablet_text_alignment=&#8221;default&#8221;...\" \/>\n<meta property=\"og:url\" content=\"https:\/\/www.adecose.com\/santalucia-y-adecose-acuerdan-un-modelo-de-carta-de-condiciones\/\" \/>\n<meta property=\"og:site_name\" content=\"ADECOSE\" \/>\n<meta property=\"article:published_time\" content=\"2024-01-15T11:28:10+00:00\" \/>\n<meta property=\"article:modified_time\" content=\"2024-01-16T11:33:13+00:00\" \/>\n<meta property=\"og:image\" content=\"https:\/\/www.adecose.com\/wp-content\/uploads\/2024\/01\/Santalucia-y-ADECOSE.jpg\" \/>\n\t<meta property=\"og:image:width\" content=\"1024\" \/>\n\t<meta property=\"og:image:height\" content=\"576\" \/>\n\t<meta property=\"og:image:type\" content=\"image\/jpeg\" \/>\n<meta name=\"author\" content=\"Comunicaci\u00f3n ADECOSE\" \/>\n<meta name=\"twitter:card\" content=\"summary_large_image\" \/>\n<meta name=\"twitter:label1\" content=\"Escrito por\" \/>\n\t<meta name=\"twitter:data1\" content=\"Comunicaci\u00f3n ADECOSE\" \/>\n\t<meta name=\"twitter:label2\" content=\"Tempo de lectura\" \/>\n\t<meta name=\"twitter:data2\" content=\"3 minutos\" \/>\n<script type=\"application\/ld+json\" class=\"yoast-schema-graph\">{\"@context\":\"https:\/\/schema.org\",\"@graph\":[{\"@type\":\"Article\",\"@id\":\"https:\/\/www.adecose.com\/santalucia-y-adecose-acuerdan-un-modelo-de-carta-de-condiciones\/#article\",\"isPartOf\":{\"@id\":\"https:\/\/www.adecose.com\/santalucia-y-adecose-acuerdan-un-modelo-de-carta-de-condiciones\/\"},\"author\":{\"name\":\"Comunicaci\u00f3n ADECOSE\",\"@id\":\"https:\/\/www.adecose.com\/gl\/#\/schema\/person\/ff086ce55f6379e1d225a2c0dca5eeb6\"},\"headline\":\"SANTALUC\u00cdA y ADECOSE acuerdan un modelo de Carta de Condiciones\",\"datePublished\":\"2024-01-15T11:28:10+00:00\",\"dateModified\":\"2024-01-16T11:33:13+00:00\",\"mainEntityOfPage\":{\"@id\":\"https:\/\/www.adecose.com\/santalucia-y-adecose-acuerdan-un-modelo-de-carta-de-condiciones\/\"},\"wordCount\":557,\"publisher\":{\"@id\":\"https:\/\/www.adecose.com\/gl\/#organization\"},\"image\":{\"@id\":\"https:\/\/www.adecose.com\/santalucia-y-adecose-acuerdan-un-modelo-de-carta-de-condiciones\/#primaryimage\"},\"thumbnailUrl\":\"https:\/\/www.adecose.com\/wp-content\/uploads\/2024\/01\/Santalucia-y-ADECOSE.jpg\",\"keywords\":[\"ADECOSE\",\"Carta de Condiciones\"],\"articleSection\":[\"Noticias\"],\"inLanguage\":\"gl-ES\"},{\"@type\":\"WebPage\",\"@id\":\"https:\/\/www.adecose.com\/santalucia-y-adecose-acuerdan-un-modelo-de-carta-de-condiciones\/\",\"url\":\"https:\/\/www.adecose.com\/santalucia-y-adecose-acuerdan-un-modelo-de-carta-de-condiciones\/\",\"name\":\"SANTALUC\u00cdA y ADECOSE acuerdan un modelo de Carta de Condiciones - ADECOSE\",\"isPartOf\":{\"@id\":\"https:\/\/www.adecose.com\/gl\/#website\"},\"primaryImageOfPage\":{\"@id\":\"https:\/\/www.adecose.com\/santalucia-y-adecose-acuerdan-un-modelo-de-carta-de-condiciones\/#primaryimage\"},\"image\":{\"@id\":\"https:\/\/www.adecose.com\/santalucia-y-adecose-acuerdan-un-modelo-de-carta-de-condiciones\/#primaryimage\"},\"thumbnailUrl\":\"https:\/\/www.adecose.com\/wp-content\/uploads\/2024\/01\/Santalucia-y-ADECOSE.jpg\",\"datePublished\":\"2024-01-15T11:28:10+00:00\",\"dateModified\":\"2024-01-16T11:33:13+00:00\",\"breadcrumb\":{\"@id\":\"https:\/\/www.adecose.com\/santalucia-y-adecose-acuerdan-un-modelo-de-carta-de-condiciones\/#breadcrumb\"},\"inLanguage\":\"gl-ES\",\"potentialAction\":[{\"@type\":\"ReadAction\",\"target\":[\"https:\/\/www.adecose.com\/santalucia-y-adecose-acuerdan-un-modelo-de-carta-de-condiciones\/\"]}]},{\"@type\":\"ImageObject\",\"inLanguage\":\"gl-ES\",\"@id\":\"https:\/\/www.adecose.com\/santalucia-y-adecose-acuerdan-un-modelo-de-carta-de-condiciones\/#primaryimage\",\"url\":\"https:\/\/www.adecose.com\/wp-content\/uploads\/2024\/01\/Santalucia-y-ADECOSE.jpg\",\"contentUrl\":\"https:\/\/www.adecose.com\/wp-content\/uploads\/2024\/01\/Santalucia-y-ADECOSE.jpg\",\"width\":1024,\"height\":576},{\"@type\":\"BreadcrumbList\",\"@id\":\"https:\/\/www.adecose.com\/santalucia-y-adecose-acuerdan-un-modelo-de-carta-de-condiciones\/#breadcrumb\",\"itemListElement\":[{\"@type\":\"ListItem\",\"position\":1,\"name\":\"Portada\",\"item\":\"https:\/\/www.adecose.com\/gl\/\"},{\"@type\":\"ListItem\",\"position\":2,\"name\":\"SANTALUC\u00cdA y ADECOSE acuerdan un modelo de Carta de Condiciones\"}]},{\"@type\":\"WebSite\",\"@id\":\"https:\/\/www.adecose.com\/gl\/#website\",\"url\":\"https:\/\/www.adecose.com\/gl\/\",\"name\":\"ADECOSE\",\"description\":\"Asociaci\u00f3n Espa\u00f1ola de Corretor\u00edas de Seguros e Reaseguros\",\"publisher\":{\"@id\":\"https:\/\/www.adecose.com\/gl\/#organization\"},\"potentialAction\":[{\"@type\":\"SearchAction\",\"target\":{\"@type\":\"EntryPoint\",\"urlTemplate\":\"https:\/\/www.adecose.com\/gl\/?s={search_term_string}\"},\"query-input\":{\"@type\":\"PropertyValueSpecification\",\"valueRequired\":true,\"valueName\":\"search_term_string\"}}],\"inLanguage\":\"gl-ES\"},{\"@type\":\"Organization\",\"@id\":\"https:\/\/www.adecose.com\/gl\/#organization\",\"name\":\"ADECOSE\",\"url\":\"https:\/\/www.adecose.com\/gl\/\",\"logo\":{\"@type\":\"ImageObject\",\"inLanguage\":\"gl-ES\",\"@id\":\"https:\/\/www.adecose.com\/gl\/#\/schema\/logo\/image\/\",\"url\":\"https:\/\/www.adecose.com\/wp-content\/uploads\/2020\/07\/favicon.png\",\"contentUrl\":\"https:\/\/www.adecose.com\/wp-content\/uploads\/2020\/07\/favicon.png\",\"width\":512,\"height\":512,\"caption\":\"ADECOSE\"},\"image\":{\"@id\":\"https:\/\/www.adecose.com\/gl\/#\/schema\/logo\/image\/\"}},{\"@type\":\"Person\",\"@id\":\"https:\/\/www.adecose.com\/gl\/#\/schema\/person\/ff086ce55f6379e1d225a2c0dca5eeb6\",\"name\":\"Comunicaci\u00f3n ADECOSE\",\"image\":{\"@type\":\"ImageObject\",\"inLanguage\":\"gl-ES\",\"@id\":\"https:\/\/secure.gravatar.com\/avatar\/01cd1f9571997441bf1da6d1cc147351305f03fe8f2acf1ebbec60ebb26924ce?s=96&d=mm&r=g\",\"url\":\"https:\/\/secure.gravatar.com\/avatar\/01cd1f9571997441bf1da6d1cc147351305f03fe8f2acf1ebbec60ebb26924ce?s=96&d=mm&r=g\",\"contentUrl\":\"https:\/\/secure.gravatar.com\/avatar\/01cd1f9571997441bf1da6d1cc147351305f03fe8f2acf1ebbec60ebb26924ce?s=96&d=mm&r=g\",\"caption\":\"Comunicaci\u00f3n ADECOSE\"}}]}<\/script>\n<!-- \/ Yoast SEO plugin. -->","yoast_head_json":{"title":"SANTALUC\u00cdA y ADECOSE acuerdan un modelo de Carta de Condiciones - ADECOSE","robots":{"index":"index","follow":"follow","max-snippet":"max-snippet:-1","max-image-preview":"max-image-preview:large","max-video-preview":"max-video-preview:-1"},"canonical":"https:\/\/www.adecose.com\/santalucia-y-adecose-acuerdan-un-modelo-de-carta-de-condiciones\/","og_locale":"gl_ES","og_type":"article","og_title":"SANTALUC\u00cdA y ADECOSE acuerdan un modelo de Carta de Condiciones - ADECOSE","og_description":"[vc_row type=&#8221;in_container&#8221; full_screen_row_position=&#8221;middle&#8221; column_margin=&#8221;default&#8221; column_direction=&#8221;default&#8221; column_direction_tablet=&#8221;default&#8221; column_direction_phone=&#8221;default&#8221; scene_position=&#8221;center&#8221; text_color=&#8221;dark&#8221; text_align=&#8221;left&#8221; row_border_radius=&#8221;none&#8221; row_border_radius_applies=&#8221;bg&#8221; overflow=&#8221;visible&#8221; overlay_strength=&#8221;0.3&#8243; gradient_direction=&#8221;left_to_right&#8221; shape_divider_position=&#8221;bottom&#8221; bg_image_animation=&#8221;none&#8221;][vc_column column_padding=&#8221;no-extra-padding&#8221; column_padding_tablet=&#8221;inherit&#8221; column_padding_phone=&#8221;inherit&#8221; column_padding_position=&#8221;all&#8221; column_element_direction_desktop=&#8221;default&#8221; column_element_spacing=&#8221;default&#8221; desktop_text_alignment=&#8221;default&#8221; tablet_text_alignment=&#8221;default&#8221;...","og_url":"https:\/\/www.adecose.com\/santalucia-y-adecose-acuerdan-un-modelo-de-carta-de-condiciones\/","og_site_name":"ADECOSE","article_published_time":"2024-01-15T11:28:10+00:00","article_modified_time":"2024-01-16T11:33:13+00:00","og_image":[{"width":1024,"height":576,"url":"https:\/\/www.adecose.com\/wp-content\/uploads\/2024\/01\/Santalucia-y-ADECOSE.jpg","type":"image\/jpeg"}],"author":"Comunicaci\u00f3n ADECOSE","twitter_card":"summary_large_image","twitter_misc":{"Escrito por":"Comunicaci\u00f3n ADECOSE","Tempo de lectura":"3 minutos"},"schema":{"@context":"https:\/\/schema.org","@graph":[{"@type":"Article","@id":"https:\/\/www.adecose.com\/santalucia-y-adecose-acuerdan-un-modelo-de-carta-de-condiciones\/#article","isPartOf":{"@id":"https:\/\/www.adecose.com\/santalucia-y-adecose-acuerdan-un-modelo-de-carta-de-condiciones\/"},"author":{"name":"Comunicaci\u00f3n ADECOSE","@id":"https:\/\/www.adecose.com\/gl\/#\/schema\/person\/ff086ce55f6379e1d225a2c0dca5eeb6"},"headline":"SANTALUC\u00cdA y ADECOSE acuerdan un modelo de Carta de Condiciones","datePublished":"2024-01-15T11:28:10+00:00","dateModified":"2024-01-16T11:33:13+00:00","mainEntityOfPage":{"@id":"https:\/\/www.adecose.com\/santalucia-y-adecose-acuerdan-un-modelo-de-carta-de-condiciones\/"},"wordCount":557,"publisher":{"@id":"https:\/\/www.adecose.com\/gl\/#organization"},"image":{"@id":"https:\/\/www.adecose.com\/santalucia-y-adecose-acuerdan-un-modelo-de-carta-de-condiciones\/#primaryimage"},"thumbnailUrl":"https:\/\/www.adecose.com\/wp-content\/uploads\/2024\/01\/Santalucia-y-ADECOSE.jpg","keywords":["ADECOSE","Carta de Condiciones"],"articleSection":["Noticias"],"inLanguage":"gl-ES"},{"@type":"WebPage","@id":"https:\/\/www.adecose.com\/santalucia-y-adecose-acuerdan-un-modelo-de-carta-de-condiciones\/","url":"https:\/\/www.adecose.com\/santalucia-y-adecose-acuerdan-un-modelo-de-carta-de-condiciones\/","name":"SANTALUC\u00cdA y ADECOSE acuerdan un modelo de Carta de Condiciones - ADECOSE","isPartOf":{"@id":"https:\/\/www.adecose.com\/gl\/#website"},"primaryImageOfPage":{"@id":"https:\/\/www.adecose.com\/santalucia-y-adecose-acuerdan-un-modelo-de-carta-de-condiciones\/#primaryimage"},"image":{"@id":"https:\/\/www.adecose.com\/santalucia-y-adecose-acuerdan-un-modelo-de-carta-de-condiciones\/#primaryimage"},"thumbnailUrl":"https:\/\/www.adecose.com\/wp-content\/uploads\/2024\/01\/Santalucia-y-ADECOSE.jpg","datePublished":"2024-01-15T11:28:10+00:00","dateModified":"2024-01-16T11:33:13+00:00","breadcrumb":{"@id":"https:\/\/www.adecose.com\/santalucia-y-adecose-acuerdan-un-modelo-de-carta-de-condiciones\/#breadcrumb"},"inLanguage":"gl-ES","potentialAction":[{"@type":"ReadAction","target":["https:\/\/www.adecose.com\/santalucia-y-adecose-acuerdan-un-modelo-de-carta-de-condiciones\/"]}]},{"@type":"ImageObject","inLanguage":"gl-ES","@id":"https:\/\/www.adecose.com\/santalucia-y-adecose-acuerdan-un-modelo-de-carta-de-condiciones\/#primaryimage","url":"https:\/\/www.adecose.com\/wp-content\/uploads\/2024\/01\/Santalucia-y-ADECOSE.jpg","contentUrl":"https:\/\/www.adecose.com\/wp-content\/uploads\/2024\/01\/Santalucia-y-ADECOSE.jpg","width":1024,"height":576},{"@type":"BreadcrumbList","@id":"https:\/\/www.adecose.com\/santalucia-y-adecose-acuerdan-un-modelo-de-carta-de-condiciones\/#breadcrumb","itemListElement":[{"@type":"ListItem","position":1,"name":"Portada","item":"https:\/\/www.adecose.com\/gl\/"},{"@type":"ListItem","position":2,"name":"SANTALUC\u00cdA y ADECOSE acuerdan un modelo de Carta de Condiciones"}]},{"@type":"WebSite","@id":"https:\/\/www.adecose.com\/gl\/#website","url":"https:\/\/www.adecose.com\/gl\/","name":"ADECOSE","description":"Asociaci\u00f3n Espa\u00f1ola de Corretor\u00edas de Seguros e Reaseguros","publisher":{"@id":"https:\/\/www.adecose.com\/gl\/#organization"},"potentialAction":[{"@type":"SearchAction","target":{"@type":"EntryPoint","urlTemplate":"https:\/\/www.adecose.com\/gl\/?s={search_term_string}"},"query-input":{"@type":"PropertyValueSpecification","valueRequired":true,"valueName":"search_term_string"}}],"inLanguage":"gl-ES"},{"@type":"Organization","@id":"https:\/\/www.adecose.com\/gl\/#organization","name":"ADECOSE","url":"https:\/\/www.adecose.com\/gl\/","logo":{"@type":"ImageObject","inLanguage":"gl-ES","@id":"https:\/\/www.adecose.com\/gl\/#\/schema\/logo\/image\/","url":"https:\/\/www.adecose.com\/wp-content\/uploads\/2020\/07\/favicon.png","contentUrl":"https:\/\/www.adecose.com\/wp-content\/uploads\/2020\/07\/favicon.png","width":512,"height":512,"caption":"ADECOSE"},"image":{"@id":"https:\/\/www.adecose.com\/gl\/#\/schema\/logo\/image\/"}},{"@type":"Person","@id":"https:\/\/www.adecose.com\/gl\/#\/schema\/person\/ff086ce55f6379e1d225a2c0dca5eeb6","name":"Comunicaci\u00f3n ADECOSE","image":{"@type":"ImageObject","inLanguage":"gl-ES","@id":"https:\/\/secure.gravatar.com\/avatar\/01cd1f9571997441bf1da6d1cc147351305f03fe8f2acf1ebbec60ebb26924ce?s=96&d=mm&r=g","url":"https:\/\/secure.gravatar.com\/avatar\/01cd1f9571997441bf1da6d1cc147351305f03fe8f2acf1ebbec60ebb26924ce?s=96&d=mm&r=g","contentUrl":"https:\/\/secure.gravatar.com\/avatar\/01cd1f9571997441bf1da6d1cc147351305f03fe8f2acf1ebbec60ebb26924ce?s=96&d=mm&r=g","caption":"Comunicaci\u00f3n ADECOSE"}}]}},"_links":{"self":[{"href":"https:\/\/www.adecose.com\/gl\/wp-json\/wp\/v2\/posts\/16057","targetHints":{"allow":["GET"]}}],"collection":[{"href":"https:\/\/www.adecose.com\/gl\/wp-json\/wp\/v2\/posts"}],"about":[{"href":"https:\/\/www.adecose.com\/gl\/wp-json\/wp\/v2\/types\/post"}],"author":[{"embeddable":true,"href":"https:\/\/www.adecose.com\/gl\/wp-json\/wp\/v2\/users\/197"}],"replies":[{"embeddable":true,"href":"https:\/\/www.adecose.com\/gl\/wp-json\/wp\/v2\/comments?post=16057"}],"version-history":[{"count":0,"href":"https:\/\/www.adecose.com\/gl\/wp-json\/wp\/v2\/posts\/16057\/revisions"}],"wp:featuredmedia":[{"embeddable":true,"href":"https:\/\/www.adecose.com\/gl\/wp-json\/wp\/v2\/media\/16059"}],"wp:attachment":[{"href":"https:\/\/www.adecose.com\/gl\/wp-json\/wp\/v2\/media?parent=16057"}],"wp:term":[{"taxonomy":"category","embeddable":true,"href":"https:\/\/www.adecose.com\/gl\/wp-json\/wp\/v2\/categories?post=16057"},{"taxonomy":"post_tag","embeddable":true,"href":"https:\/\/www.adecose.com\/gl\/wp-json\/wp\/v2\/tags?post=16057"}],"curies":[{"name":"wp","href":"https:\/\/api.w.org\/{rel}","templated":true}]}}