{"id":15603,"date":"2023-10-27T11:13:17","date_gmt":"2023-10-27T09:13:17","guid":{"rendered":"https:\/\/www.adecose.com\/?p=15603"},"modified":"2023-10-27T11:14:39","modified_gmt":"2023-10-27T09:14:39","slug":"uniteco-inaugura-un-gran-homenaje-a-los-sanitarios-con-el-apoyo-de-la-consejeria-de-sanidad-madrilena","status":"publish","type":"post","link":"https:\/\/www.adecose.com\/gl\/uniteco-inaugura-un-gran-homenaje-a-los-sanitarios-con-el-apoyo-de-la-consejeria-de-sanidad-madrilena\/","title":{"rendered":"Uniteco inaugura un gran homenaje a los sanitarios con el apoyo de la Consejer\u00eda de Sanidad madrile\u00f1a"},"content":{"rendered":"[vc_row type=&#8221;in_container&#8221; full_screen_row_position=&#8221;middle&#8221; column_margin=&#8221;default&#8221; column_direction=&#8221;default&#8221; column_direction_tablet=&#8221;default&#8221; column_direction_phone=&#8221;default&#8221; scene_position=&#8221;center&#8221; text_color=&#8221;dark&#8221; text_align=&#8221;left&#8221; row_border_radius=&#8221;none&#8221; row_border_radius_applies=&#8221;bg&#8221; overflow=&#8221;visible&#8221; overlay_strength=&#8221;0.3&#8243; gradient_direction=&#8221;left_to_right&#8221; shape_divider_position=&#8221;bottom&#8221; bg_image_animation=&#8221;none&#8221;][vc_column column_padding=&#8221;no-extra-padding&#8221; column_padding_tablet=&#8221;inherit&#8221; column_padding_phone=&#8221;inherit&#8221; column_padding_position=&#8221;all&#8221; column_element_direction_desktop=&#8221;default&#8221; column_element_spacing=&#8221;default&#8221; desktop_text_alignment=&#8221;default&#8221; tablet_text_alignment=&#8221;default&#8221; phone_text_alignment=&#8221;default&#8221; background_color_opacity=&#8221;1&#8243; background_hover_color_opacity=&#8221;1&#8243; column_backdrop_filter=&#8221;none&#8221; column_shadow=&#8221;none&#8221; column_border_radius=&#8221;none&#8221; column_link_target=&#8221;_self&#8221; column_position=&#8221;default&#8221; gradient_direction=&#8221;left_to_right&#8221; overlay_strength=&#8221;0.3&#8243; width=&#8221;1\/1&#8243; tablet_width_inherit=&#8221;default&#8221; animation_type=&#8221;default&#8221; bg_image_animation=&#8221;none&#8221; border_type=&#8221;simple&#8221; column_border_width=&#8221;none&#8221; column_border_style=&#8221;solid&#8221;][vc_column_text]\n<ul>\n<li><em><strong>Juan Jos\u00e9 Fern\u00e1ndez Ramos, Viceconsejero de Sanidad de la Comunidad de Madrid, y Juan Pablo N\u00fa\u00f1ez, CEO de Uniteco, presentaron con honores un mural gigante que reconoce la labor de los sanitarios<\/strong><\/em><\/li>\n<\/ul>\n[\/vc_column_text][vc_column_text]\n<ul>\n<li><em><strong>Uniteco dio luz a un proyecto con dos vertientes: \u201chospitales m\u00e1gicos\u201d, con el que decorar\u00e1 y mejorar\u00e1 las \u00e1reas de pediatr\u00eda de los hospitales madrile\u00f1os, y \u201ctorreones vig\u00eda\u201d, con el que crear\u00e1 varios s\u00edmbolos a nivel nacional en las principales carreteras espa\u00f1olas<\/strong><\/em><\/li>\n<\/ul>\n[\/vc_column_text][vc_column_text]Uniteco inaugur\u00f3 ayer, jueves 26 de octubre, un gran reconocimiento a los sanitarios espa\u00f1oles con un mural gigante situado en su Torre\u00f3n de la carretera A6, a la altura de Torrelodones. El evento cont\u00f3 con el apoyo de la Consejer\u00eda de Sanidad de la Comunidad de Madrid, que, de la mano de su viceconsejero, Juan Jos\u00e9 Fern\u00e1ndez Ramos, mostr\u00f3 su apoyo p\u00fablico a la iniciativa, gesto que refleja el aprecio y el agradecimiento de la Administraci\u00f3n P\u00fablica hacia aquellos que han demostrado un compromiso inquebrantable d\u00eda a d\u00eda.<\/p>\n<p>Durante el evento se mostraron varios gestos de gratitud hacia el colectivo sanitario, que estuvo representado con m\u00e9dicos y jefes de servicio muy reconocidos a nivel nacional. La obra, que representa \u201cEl sue\u00f1o de una ni\u00f1a\u201d, refleja la vocaci\u00f3n de los m\u00e9dicos por cuidar de los dem\u00e1s, pese a las dificultades que suelen surgir en el camino. Ese fue el motivo principal del homenaje organizado por la corredur\u00eda de seguros, quien demostr\u00f3 su gratitud a unos profesionales fundamentales para el bienestar de la sociedad.<\/p>\n<p><strong>Un homenaje con varios significados<\/strong><\/p>\n<p>La obra, visible desde la carretera A6 a la altura de Torrelodones, por donde circulan miles de ciudadanos con destino a sus trabajos o quehaceres cada d\u00eda, est\u00e1 representada con una ni\u00f1a vestida de m\u00e9dico y con diversos elementos que tienen un gran significado para los sanitarios en su d\u00eda a d\u00eda.<\/p>\n<p>Con ella, Uniteco ha querido expresar varios conceptos de la mano de Juan Pablo N\u00fa\u00f1ez, CEO de la corredur\u00eda. \u201cPor un lado, evoca la universalidad del juego de ser m\u00e9dico que todos hemos experimentado en la ni\u00f1ez, pero adquiere un matiz a\u00fan m\u00e1s especial cuando los padres comparten esta noble profesi\u00f3n\u201d, expres\u00f3 N\u00fa\u00f1ez.<\/p>\n<p>Por otro lado, seg\u00fan el propio N\u00fa\u00f1ez, \u201cel segundo sentido se arraiga en la misma esencia, pero esta vez desde la perspectiva de los m\u00e9dicos que tambi\u00e9n son padres. Aquellos que ven en sus propios hijos la chispa de la medicina, que observan con admiraci\u00f3n y ternura c\u00f3mo emulan la misma ilusi\u00f3n que sienten cada d\u00eda. Este dibujo les ofrece la oportunidad de identificar en esa ni\u00f1a, la misma pasi\u00f3n y dedicaci\u00f3n que ellos mismos sienten y ahora comparten con sus propias familias\u201d.<\/p>\n<p><strong>Hospitales m\u00e1gicos y Torreones vig\u00eda, dos pilares fundamentales en el futuro<\/strong><\/p>\n<p>Uniteco aprovech\u00f3 la ocasi\u00f3n para que este proyecto \u201cno se quede aqu\u00ed\u201d, sino que esto sean solo las primeras piedras de una iniciativa que convertir\u00e1 en un s\u00edmbolo a nivel nacional. Es decir, no es un proyecto \u00fanico, sino que es el pilar sobre el que se sostendr\u00e1n varias acciones dirigidas a ayudar a los m\u00e9dicos, gracias a la humanizaci\u00f3n y la proporci\u00f3n de herramientas que faciliten su labor, especialmente a los pediatras.<\/p>\n<p>As\u00ed, Juan Pablo N\u00fa\u00f1ez explic\u00f3 que las dos grandes vertientes ser\u00e1n los \u201cHospitales m\u00e1gicos\u201d y los \u201cTorreones vig\u00eda\u201d, es decir, \u201cel proyecto HOSPITALES M\u00c1GICOS consiste en ayudar a que las estancias en las unidades pedi\u00e1tricas sean lo m\u00e1s llevaderas y agradables para los menores y sus familias, creando conjuntamente con un equipo del hospital sus propias mascotas representativas y que ser\u00e1n pintadas por toda la unidad, combin\u00e1ndolas con realidad aumentada y c\u00f3digos QR, donde los ni\u00f1os encontrar\u00e1n desde juegos hasta informaci\u00f3n de los tratamientos\u201d.<\/p>\n<p>Adem\u00e1s, en su af\u00e1n innovador, N\u00fa\u00f1ez pretende \u201cimpulsar que los hospitales sean centros de prevenci\u00f3n y que puedan coordinarse con los colegios de la zona, dando charlas de informaci\u00f3n a los padres sobre c\u00f3mo prevenir determinadas enfermedades. Estas consistir\u00e1n en formaciones impartidas por los profesionales sanitarios y ser\u00e1n cuidadosamente seleccionadas desde las unidades de pediatr\u00eda\u201d.<\/p>\n<p>Finalmente, tambi\u00e9n explic\u00f3 lo que ser\u00e1n los \u201cTorreones vig\u00eda\u201d, una iniciativa que ser\u00e1 un \u201cun recordatorio a la sociedad de que, si pasa algo inesperado, siempre contar\u00e1n con los mejores profesionales sanitarios. Queremos tener una muestra de nuestra gratitud y admiraci\u00f3n a todos los m\u00e9dicos que, con su esfuerzo incansable, son faros de esperanza en el camino. Va a ser un proyecto que muy pronto se ver\u00e1 en todas las carreteras nacionales\u201d.<\/p>\n<p><strong>El apoyo de la Consejer\u00eda de Sanidad madrile\u00f1a<\/strong><\/p>\n<p>Tras el discurso de Juan Pablo N\u00fa\u00f1ez, tom\u00f3 la palabra Juan Jos\u00e9 Fern\u00e1ndez Ramos, viceconsejero de Sanidad de la Comunidad de Madrid, quien expres\u00f3 que \u201ces un honor, como m\u00e9dico de familia que soy, estar en un homenaje a todos mis compa\u00f1eros que trabajan d\u00eda a d\u00eda en la asistencia del enfermo. Me hab\u00e9is emocionado\u201d, en referencia a Uniteco.<\/p>\n<p>A su vez, Fern\u00e1ndez Ramos quiso dejar claro que la Consejer\u00eda de Sanidad est\u00e1 del lado de los m\u00e9dicos y apoya y apoyar\u00e1 siempre este tipo de proyectos, expresando directamente a Uniteco que &#8220;por supuesto, cont\u00e1is nosotros para todos estos proyectos que ten\u00e9is, creemos que tienen mucho valor. Este mural, esta Torre, se va a convertir en un s\u00edmbolo al esfuerzo y dedicaci\u00f3n que todos los profesionales de la salud hemos tenido, especialmente en momentos de pandemia&#8221;, finaliz\u00f3.[\/vc_column_text][\/vc_column][\/vc_row]\n","protected":false},"excerpt":{"rendered":"<p>[vc_row type=&#8221;in_container&#8221; full_screen_row_position=&#8221;middle&#8221; column_margin=&#8221;default&#8221; column_direction=&#8221;default&#8221; column_direction_tablet=&#8221;default&#8221; column_direction_phone=&#8221;default&#8221; scene_position=&#8221;center&#8221; text_color=&#8221;dark&#8221; text_align=&#8221;left&#8221; row_border_radius=&#8221;none&#8221; row_border_radius_applies=&#8221;bg&#8221; overflow=&#8221;visible&#8221; overlay_strength=&#8221;0.3&#8243; gradient_direction=&#8221;left_to_right&#8221; shape_divider_position=&#8221;bottom&#8221; bg_image_animation=&#8221;none&#8221;][vc_column column_padding=&#8221;no-extra-padding&#8221; column_padding_tablet=&#8221;inherit&#8221; column_padding_phone=&#8221;inherit&#8221; column_padding_position=&#8221;all&#8221; column_element_direction_desktop=&#8221;default&#8221; column_element_spacing=&#8221;default&#8221; desktop_text_alignment=&#8221;default&#8221; tablet_text_alignment=&#8221;default&#8221;&#8230;<\/p>\n","protected":false},"author":197,"featured_media":15604,"comment_status":"closed","ping_status":"closed","sticky":false,"template":"","format":"standard","meta":{"_acf_changed":false,"_price":"","_stock":"","_tribe_ticket_header":"","_tribe_default_ticket_provider":"","_tribe_ticket_capacity":"0","_ticket_start_date":"","_ticket_end_date":"","_tribe_ticket_show_description":"","_tribe_ticket_show_not_going":false,"_tribe_ticket_use_global_stock":"","_tribe_ticket_global_stock_level":"","_global_stock_mode":"","_global_stock_cap":"","_tribe_rsvp_for_event":"","_tribe_ticket_going_count":"","_tribe_ticket_not_going_count":"","_tribe_tickets_list":"[]","_tribe_ticket_has_attendee_info_fields":false,"footnotes":""},"categories":[339],"tags":[383],"class_list":["post-15603","post","type-post","status-publish","format-standard","has-post-thumbnail","category-espacio-correduriasadecose","tag-uniteco"],"acf":[],"yoast_head":"<!-- This site is optimized with the Yoast SEO plugin v27.2 - https:\/\/yoast.com\/product\/yoast-seo-wordpress\/ -->\n<title>Uniteco inaugura un gran homenaje a los sanitarios con el apoyo de la Consejer\u00eda de Sanidad madrile\u00f1a - ADECOSE<\/title>\n<meta name=\"robots\" content=\"index, follow, max-snippet:-1, max-image-preview:large, max-video-preview:-1\" \/>\n<link rel=\"canonical\" href=\"https:\/\/www.adecose.com\/uniteco-inaugura-un-gran-homenaje-a-los-sanitarios-con-el-apoyo-de-la-consejeria-de-sanidad-madrilena\/\" \/>\n<meta property=\"og:locale\" content=\"gl_ES\" \/>\n<meta property=\"og:type\" content=\"article\" \/>\n<meta property=\"og:title\" content=\"Uniteco inaugura un gran homenaje a los sanitarios con el apoyo de la Consejer\u00eda de Sanidad madrile\u00f1a - ADECOSE\" \/>\n<meta property=\"og:description\" content=\"[vc_row type=&#8221;in_container&#8221; full_screen_row_position=&#8221;middle&#8221; column_margin=&#8221;default&#8221; column_direction=&#8221;default&#8221; column_direction_tablet=&#8221;default&#8221; column_direction_phone=&#8221;default&#8221; scene_position=&#8221;center&#8221; text_color=&#8221;dark&#8221; text_align=&#8221;left&#8221; row_border_radius=&#8221;none&#8221; row_border_radius_applies=&#8221;bg&#8221; overflow=&#8221;visible&#8221; overlay_strength=&#8221;0.3&#8243; gradient_direction=&#8221;left_to_right&#8221; shape_divider_position=&#8221;bottom&#8221; bg_image_animation=&#8221;none&#8221;][vc_column column_padding=&#8221;no-extra-padding&#8221; column_padding_tablet=&#8221;inherit&#8221; column_padding_phone=&#8221;inherit&#8221; column_padding_position=&#8221;all&#8221; column_element_direction_desktop=&#8221;default&#8221; column_element_spacing=&#8221;default&#8221; desktop_text_alignment=&#8221;default&#8221; tablet_text_alignment=&#8221;default&#8221;...\" \/>\n<meta property=\"og:url\" content=\"https:\/\/www.adecose.com\/uniteco-inaugura-un-gran-homenaje-a-los-sanitarios-con-el-apoyo-de-la-consejeria-de-sanidad-madrilena\/\" \/>\n<meta property=\"og:site_name\" content=\"ADECOSE\" \/>\n<meta property=\"article:published_time\" content=\"2023-10-27T09:13:17+00:00\" \/>\n<meta property=\"article:modified_time\" content=\"2023-10-27T09:14:39+00:00\" \/>\n<meta property=\"og:image\" content=\"https:\/\/www.adecose.com\/wp-content\/uploads\/2023\/10\/El-mural-gigante-en-el-Torreon-de-Uniteco-768x1024.png\" \/>\n\t<meta property=\"og:image:width\" content=\"768\" \/>\n\t<meta property=\"og:image:height\" content=\"1024\" \/>\n\t<meta property=\"og:image:type\" content=\"image\/png\" \/>\n<meta name=\"author\" content=\"Comunicaci\u00f3n ADECOSE\" \/>\n<meta name=\"twitter:card\" content=\"summary_large_image\" \/>\n<meta name=\"twitter:label1\" content=\"Escrito por\" \/>\n\t<meta name=\"twitter:data1\" content=\"Comunicaci\u00f3n ADECOSE\" \/>\n\t<meta name=\"twitter:label2\" content=\"Tempo de lectura\" \/>\n\t<meta name=\"twitter:data2\" content=\"5 minutos\" \/>\n<script type=\"application\/ld+json\" class=\"yoast-schema-graph\">{\"@context\":\"https:\/\/schema.org\",\"@graph\":[{\"@type\":\"Article\",\"@id\":\"https:\/\/www.adecose.com\/uniteco-inaugura-un-gran-homenaje-a-los-sanitarios-con-el-apoyo-de-la-consejeria-de-sanidad-madrilena\/#article\",\"isPartOf\":{\"@id\":\"https:\/\/www.adecose.com\/uniteco-inaugura-un-gran-homenaje-a-los-sanitarios-con-el-apoyo-de-la-consejeria-de-sanidad-madrilena\/\"},\"author\":{\"name\":\"Comunicaci\u00f3n ADECOSE\",\"@id\":\"https:\/\/www.adecose.com\/gl\/#\/schema\/person\/ff086ce55f6379e1d225a2c0dca5eeb6\"},\"headline\":\"Uniteco inaugura un gran homenaje a los sanitarios con el apoyo de la Consejer\u00eda de Sanidad madrile\u00f1a\",\"datePublished\":\"2023-10-27T09:13:17+00:00\",\"dateModified\":\"2023-10-27T09:14:39+00:00\",\"mainEntityOfPage\":{\"@id\":\"https:\/\/www.adecose.com\/uniteco-inaugura-un-gran-homenaje-a-los-sanitarios-con-el-apoyo-de-la-consejeria-de-sanidad-madrilena\/\"},\"wordCount\":1171,\"publisher\":{\"@id\":\"https:\/\/www.adecose.com\/gl\/#organization\"},\"image\":{\"@id\":\"https:\/\/www.adecose.com\/uniteco-inaugura-un-gran-homenaje-a-los-sanitarios-con-el-apoyo-de-la-consejeria-de-sanidad-madrilena\/#primaryimage\"},\"thumbnailUrl\":\"https:\/\/www.adecose.com\/wp-content\/uploads\/2023\/10\/El-mural-gigante-en-el-Torreon-de-Uniteco.png\",\"keywords\":[\"UNITECO\"],\"articleSection\":[\"Espacio #Corredur\u00edasADECOSE\"],\"inLanguage\":\"gl-ES\"},{\"@type\":\"WebPage\",\"@id\":\"https:\/\/www.adecose.com\/uniteco-inaugura-un-gran-homenaje-a-los-sanitarios-con-el-apoyo-de-la-consejeria-de-sanidad-madrilena\/\",\"url\":\"https:\/\/www.adecose.com\/uniteco-inaugura-un-gran-homenaje-a-los-sanitarios-con-el-apoyo-de-la-consejeria-de-sanidad-madrilena\/\",\"name\":\"Uniteco inaugura un gran homenaje a los sanitarios con el apoyo de la Consejer\u00eda de Sanidad madrile\u00f1a - ADECOSE\",\"isPartOf\":{\"@id\":\"https:\/\/www.adecose.com\/gl\/#website\"},\"primaryImageOfPage\":{\"@id\":\"https:\/\/www.adecose.com\/uniteco-inaugura-un-gran-homenaje-a-los-sanitarios-con-el-apoyo-de-la-consejeria-de-sanidad-madrilena\/#primaryimage\"},\"image\":{\"@id\":\"https:\/\/www.adecose.com\/uniteco-inaugura-un-gran-homenaje-a-los-sanitarios-con-el-apoyo-de-la-consejeria-de-sanidad-madrilena\/#primaryimage\"},\"thumbnailUrl\":\"https:\/\/www.adecose.com\/wp-content\/uploads\/2023\/10\/El-mural-gigante-en-el-Torreon-de-Uniteco.png\",\"datePublished\":\"2023-10-27T09:13:17+00:00\",\"dateModified\":\"2023-10-27T09:14:39+00:00\",\"breadcrumb\":{\"@id\":\"https:\/\/www.adecose.com\/uniteco-inaugura-un-gran-homenaje-a-los-sanitarios-con-el-apoyo-de-la-consejeria-de-sanidad-madrilena\/#breadcrumb\"},\"inLanguage\":\"gl-ES\",\"potentialAction\":[{\"@type\":\"ReadAction\",\"target\":[\"https:\/\/www.adecose.com\/uniteco-inaugura-un-gran-homenaje-a-los-sanitarios-con-el-apoyo-de-la-consejeria-de-sanidad-madrilena\/\"]}]},{\"@type\":\"ImageObject\",\"inLanguage\":\"gl-ES\",\"@id\":\"https:\/\/www.adecose.com\/uniteco-inaugura-un-gran-homenaje-a-los-sanitarios-con-el-apoyo-de-la-consejeria-de-sanidad-madrilena\/#primaryimage\",\"url\":\"https:\/\/www.adecose.com\/wp-content\/uploads\/2023\/10\/El-mural-gigante-en-el-Torreon-de-Uniteco.png\",\"contentUrl\":\"https:\/\/www.adecose.com\/wp-content\/uploads\/2023\/10\/El-mural-gigante-en-el-Torreon-de-Uniteco.png\",\"width\":2448,\"height\":3264},{\"@type\":\"BreadcrumbList\",\"@id\":\"https:\/\/www.adecose.com\/uniteco-inaugura-un-gran-homenaje-a-los-sanitarios-con-el-apoyo-de-la-consejeria-de-sanidad-madrilena\/#breadcrumb\",\"itemListElement\":[{\"@type\":\"ListItem\",\"position\":1,\"name\":\"Portada\",\"item\":\"https:\/\/www.adecose.com\/gl\/\"},{\"@type\":\"ListItem\",\"position\":2,\"name\":\"Uniteco inaugura un gran homenaje a los sanitarios con el apoyo de la Consejer\u00eda de Sanidad madrile\u00f1a\"}]},{\"@type\":\"WebSite\",\"@id\":\"https:\/\/www.adecose.com\/gl\/#website\",\"url\":\"https:\/\/www.adecose.com\/gl\/\",\"name\":\"ADECOSE\",\"description\":\"Asociaci\u00f3n Espa\u00f1ola de Corretor\u00edas de Seguros e Reaseguros\",\"publisher\":{\"@id\":\"https:\/\/www.adecose.com\/gl\/#organization\"},\"potentialAction\":[{\"@type\":\"SearchAction\",\"target\":{\"@type\":\"EntryPoint\",\"urlTemplate\":\"https:\/\/www.adecose.com\/gl\/?s={search_term_string}\"},\"query-input\":{\"@type\":\"PropertyValueSpecification\",\"valueRequired\":true,\"valueName\":\"search_term_string\"}}],\"inLanguage\":\"gl-ES\"},{\"@type\":\"Organization\",\"@id\":\"https:\/\/www.adecose.com\/gl\/#organization\",\"name\":\"ADECOSE\",\"url\":\"https:\/\/www.adecose.com\/gl\/\",\"logo\":{\"@type\":\"ImageObject\",\"inLanguage\":\"gl-ES\",\"@id\":\"https:\/\/www.adecose.com\/gl\/#\/schema\/logo\/image\/\",\"url\":\"https:\/\/www.adecose.com\/wp-content\/uploads\/2020\/07\/favicon.png\",\"contentUrl\":\"https:\/\/www.adecose.com\/wp-content\/uploads\/2020\/07\/favicon.png\",\"width\":512,\"height\":512,\"caption\":\"ADECOSE\"},\"image\":{\"@id\":\"https:\/\/www.adecose.com\/gl\/#\/schema\/logo\/image\/\"}},{\"@type\":\"Person\",\"@id\":\"https:\/\/www.adecose.com\/gl\/#\/schema\/person\/ff086ce55f6379e1d225a2c0dca5eeb6\",\"name\":\"Comunicaci\u00f3n ADECOSE\",\"image\":{\"@type\":\"ImageObject\",\"inLanguage\":\"gl-ES\",\"@id\":\"https:\/\/secure.gravatar.com\/avatar\/01cd1f9571997441bf1da6d1cc147351305f03fe8f2acf1ebbec60ebb26924ce?s=96&d=mm&r=g\",\"url\":\"https:\/\/secure.gravatar.com\/avatar\/01cd1f9571997441bf1da6d1cc147351305f03fe8f2acf1ebbec60ebb26924ce?s=96&d=mm&r=g\",\"contentUrl\":\"https:\/\/secure.gravatar.com\/avatar\/01cd1f9571997441bf1da6d1cc147351305f03fe8f2acf1ebbec60ebb26924ce?s=96&d=mm&r=g\",\"caption\":\"Comunicaci\u00f3n ADECOSE\"}}]}<\/script>\n<!-- \/ Yoast SEO plugin. -->","yoast_head_json":{"title":"Uniteco inaugura un gran homenaje a los sanitarios con el apoyo de la Consejer\u00eda de Sanidad madrile\u00f1a - ADECOSE","robots":{"index":"index","follow":"follow","max-snippet":"max-snippet:-1","max-image-preview":"max-image-preview:large","max-video-preview":"max-video-preview:-1"},"canonical":"https:\/\/www.adecose.com\/uniteco-inaugura-un-gran-homenaje-a-los-sanitarios-con-el-apoyo-de-la-consejeria-de-sanidad-madrilena\/","og_locale":"gl_ES","og_type":"article","og_title":"Uniteco inaugura un gran homenaje a los sanitarios con el apoyo de la Consejer\u00eda de Sanidad madrile\u00f1a - ADECOSE","og_description":"[vc_row type=&#8221;in_container&#8221; full_screen_row_position=&#8221;middle&#8221; column_margin=&#8221;default&#8221; column_direction=&#8221;default&#8221; column_direction_tablet=&#8221;default&#8221; column_direction_phone=&#8221;default&#8221; scene_position=&#8221;center&#8221; text_color=&#8221;dark&#8221; text_align=&#8221;left&#8221; row_border_radius=&#8221;none&#8221; row_border_radius_applies=&#8221;bg&#8221; overflow=&#8221;visible&#8221; overlay_strength=&#8221;0.3&#8243; gradient_direction=&#8221;left_to_right&#8221; shape_divider_position=&#8221;bottom&#8221; bg_image_animation=&#8221;none&#8221;][vc_column column_padding=&#8221;no-extra-padding&#8221; column_padding_tablet=&#8221;inherit&#8221; column_padding_phone=&#8221;inherit&#8221; column_padding_position=&#8221;all&#8221; column_element_direction_desktop=&#8221;default&#8221; column_element_spacing=&#8221;default&#8221; desktop_text_alignment=&#8221;default&#8221; tablet_text_alignment=&#8221;default&#8221;...","og_url":"https:\/\/www.adecose.com\/uniteco-inaugura-un-gran-homenaje-a-los-sanitarios-con-el-apoyo-de-la-consejeria-de-sanidad-madrilena\/","og_site_name":"ADECOSE","article_published_time":"2023-10-27T09:13:17+00:00","article_modified_time":"2023-10-27T09:14:39+00:00","og_image":[{"width":768,"height":1024,"url":"https:\/\/www.adecose.com\/wp-content\/uploads\/2023\/10\/El-mural-gigante-en-el-Torreon-de-Uniteco-768x1024.png","type":"image\/png"}],"author":"Comunicaci\u00f3n ADECOSE","twitter_card":"summary_large_image","twitter_misc":{"Escrito por":"Comunicaci\u00f3n ADECOSE","Tempo de lectura":"5 minutos"},"schema":{"@context":"https:\/\/schema.org","@graph":[{"@type":"Article","@id":"https:\/\/www.adecose.com\/uniteco-inaugura-un-gran-homenaje-a-los-sanitarios-con-el-apoyo-de-la-consejeria-de-sanidad-madrilena\/#article","isPartOf":{"@id":"https:\/\/www.adecose.com\/uniteco-inaugura-un-gran-homenaje-a-los-sanitarios-con-el-apoyo-de-la-consejeria-de-sanidad-madrilena\/"},"author":{"name":"Comunicaci\u00f3n ADECOSE","@id":"https:\/\/www.adecose.com\/gl\/#\/schema\/person\/ff086ce55f6379e1d225a2c0dca5eeb6"},"headline":"Uniteco inaugura un gran homenaje a los sanitarios con el apoyo de la Consejer\u00eda de Sanidad madrile\u00f1a","datePublished":"2023-10-27T09:13:17+00:00","dateModified":"2023-10-27T09:14:39+00:00","mainEntityOfPage":{"@id":"https:\/\/www.adecose.com\/uniteco-inaugura-un-gran-homenaje-a-los-sanitarios-con-el-apoyo-de-la-consejeria-de-sanidad-madrilena\/"},"wordCount":1171,"publisher":{"@id":"https:\/\/www.adecose.com\/gl\/#organization"},"image":{"@id":"https:\/\/www.adecose.com\/uniteco-inaugura-un-gran-homenaje-a-los-sanitarios-con-el-apoyo-de-la-consejeria-de-sanidad-madrilena\/#primaryimage"},"thumbnailUrl":"https:\/\/www.adecose.com\/wp-content\/uploads\/2023\/10\/El-mural-gigante-en-el-Torreon-de-Uniteco.png","keywords":["UNITECO"],"articleSection":["Espacio #Corredur\u00edasADECOSE"],"inLanguage":"gl-ES"},{"@type":"WebPage","@id":"https:\/\/www.adecose.com\/uniteco-inaugura-un-gran-homenaje-a-los-sanitarios-con-el-apoyo-de-la-consejeria-de-sanidad-madrilena\/","url":"https:\/\/www.adecose.com\/uniteco-inaugura-un-gran-homenaje-a-los-sanitarios-con-el-apoyo-de-la-consejeria-de-sanidad-madrilena\/","name":"Uniteco inaugura un gran homenaje a los sanitarios con el apoyo de la Consejer\u00eda de Sanidad madrile\u00f1a - ADECOSE","isPartOf":{"@id":"https:\/\/www.adecose.com\/gl\/#website"},"primaryImageOfPage":{"@id":"https:\/\/www.adecose.com\/uniteco-inaugura-un-gran-homenaje-a-los-sanitarios-con-el-apoyo-de-la-consejeria-de-sanidad-madrilena\/#primaryimage"},"image":{"@id":"https:\/\/www.adecose.com\/uniteco-inaugura-un-gran-homenaje-a-los-sanitarios-con-el-apoyo-de-la-consejeria-de-sanidad-madrilena\/#primaryimage"},"thumbnailUrl":"https:\/\/www.adecose.com\/wp-content\/uploads\/2023\/10\/El-mural-gigante-en-el-Torreon-de-Uniteco.png","datePublished":"2023-10-27T09:13:17+00:00","dateModified":"2023-10-27T09:14:39+00:00","breadcrumb":{"@id":"https:\/\/www.adecose.com\/uniteco-inaugura-un-gran-homenaje-a-los-sanitarios-con-el-apoyo-de-la-consejeria-de-sanidad-madrilena\/#breadcrumb"},"inLanguage":"gl-ES","potentialAction":[{"@type":"ReadAction","target":["https:\/\/www.adecose.com\/uniteco-inaugura-un-gran-homenaje-a-los-sanitarios-con-el-apoyo-de-la-consejeria-de-sanidad-madrilena\/"]}]},{"@type":"ImageObject","inLanguage":"gl-ES","@id":"https:\/\/www.adecose.com\/uniteco-inaugura-un-gran-homenaje-a-los-sanitarios-con-el-apoyo-de-la-consejeria-de-sanidad-madrilena\/#primaryimage","url":"https:\/\/www.adecose.com\/wp-content\/uploads\/2023\/10\/El-mural-gigante-en-el-Torreon-de-Uniteco.png","contentUrl":"https:\/\/www.adecose.com\/wp-content\/uploads\/2023\/10\/El-mural-gigante-en-el-Torreon-de-Uniteco.png","width":2448,"height":3264},{"@type":"BreadcrumbList","@id":"https:\/\/www.adecose.com\/uniteco-inaugura-un-gran-homenaje-a-los-sanitarios-con-el-apoyo-de-la-consejeria-de-sanidad-madrilena\/#breadcrumb","itemListElement":[{"@type":"ListItem","position":1,"name":"Portada","item":"https:\/\/www.adecose.com\/gl\/"},{"@type":"ListItem","position":2,"name":"Uniteco inaugura un gran homenaje a los sanitarios con el apoyo de la Consejer\u00eda de Sanidad madrile\u00f1a"}]},{"@type":"WebSite","@id":"https:\/\/www.adecose.com\/gl\/#website","url":"https:\/\/www.adecose.com\/gl\/","name":"ADECOSE","description":"Asociaci\u00f3n Espa\u00f1ola de Corretor\u00edas de Seguros e Reaseguros","publisher":{"@id":"https:\/\/www.adecose.com\/gl\/#organization"},"potentialAction":[{"@type":"SearchAction","target":{"@type":"EntryPoint","urlTemplate":"https:\/\/www.adecose.com\/gl\/?s={search_term_string}"},"query-input":{"@type":"PropertyValueSpecification","valueRequired":true,"valueName":"search_term_string"}}],"inLanguage":"gl-ES"},{"@type":"Organization","@id":"https:\/\/www.adecose.com\/gl\/#organization","name":"ADECOSE","url":"https:\/\/www.adecose.com\/gl\/","logo":{"@type":"ImageObject","inLanguage":"gl-ES","@id":"https:\/\/www.adecose.com\/gl\/#\/schema\/logo\/image\/","url":"https:\/\/www.adecose.com\/wp-content\/uploads\/2020\/07\/favicon.png","contentUrl":"https:\/\/www.adecose.com\/wp-content\/uploads\/2020\/07\/favicon.png","width":512,"height":512,"caption":"ADECOSE"},"image":{"@id":"https:\/\/www.adecose.com\/gl\/#\/schema\/logo\/image\/"}},{"@type":"Person","@id":"https:\/\/www.adecose.com\/gl\/#\/schema\/person\/ff086ce55f6379e1d225a2c0dca5eeb6","name":"Comunicaci\u00f3n ADECOSE","image":{"@type":"ImageObject","inLanguage":"gl-ES","@id":"https:\/\/secure.gravatar.com\/avatar\/01cd1f9571997441bf1da6d1cc147351305f03fe8f2acf1ebbec60ebb26924ce?s=96&d=mm&r=g","url":"https:\/\/secure.gravatar.com\/avatar\/01cd1f9571997441bf1da6d1cc147351305f03fe8f2acf1ebbec60ebb26924ce?s=96&d=mm&r=g","contentUrl":"https:\/\/secure.gravatar.com\/avatar\/01cd1f9571997441bf1da6d1cc147351305f03fe8f2acf1ebbec60ebb26924ce?s=96&d=mm&r=g","caption":"Comunicaci\u00f3n ADECOSE"}}]}},"_links":{"self":[{"href":"https:\/\/www.adecose.com\/gl\/wp-json\/wp\/v2\/posts\/15603","targetHints":{"allow":["GET"]}}],"collection":[{"href":"https:\/\/www.adecose.com\/gl\/wp-json\/wp\/v2\/posts"}],"about":[{"href":"https:\/\/www.adecose.com\/gl\/wp-json\/wp\/v2\/types\/post"}],"author":[{"embeddable":true,"href":"https:\/\/www.adecose.com\/gl\/wp-json\/wp\/v2\/users\/197"}],"replies":[{"embeddable":true,"href":"https:\/\/www.adecose.com\/gl\/wp-json\/wp\/v2\/comments?post=15603"}],"version-history":[{"count":0,"href":"https:\/\/www.adecose.com\/gl\/wp-json\/wp\/v2\/posts\/15603\/revisions"}],"wp:featuredmedia":[{"embeddable":true,"href":"https:\/\/www.adecose.com\/gl\/wp-json\/wp\/v2\/media\/15604"}],"wp:attachment":[{"href":"https:\/\/www.adecose.com\/gl\/wp-json\/wp\/v2\/media?parent=15603"}],"wp:term":[{"taxonomy":"category","embeddable":true,"href":"https:\/\/www.adecose.com\/gl\/wp-json\/wp\/v2\/categories?post=15603"},{"taxonomy":"post_tag","embeddable":true,"href":"https:\/\/www.adecose.com\/gl\/wp-json\/wp\/v2\/tags?post=15603"}],"curies":[{"name":"wp","href":"https:\/\/api.w.org\/{rel}","templated":true}]}}