{"id":15558,"date":"2023-10-20T15:39:15","date_gmt":"2023-10-20T13:39:15","guid":{"rendered":"https:\/\/www.adecose.com\/?p=15558"},"modified":"2023-10-26T15:49:22","modified_gmt":"2023-10-26T13:49:22","slug":"ruiz-re-abre-su-oficina-no15-de-la-region-beniajan-y-su-oficina-n-o-77-en-espana","status":"publish","type":"post","link":"https:\/\/www.adecose.com\/gl\/ruiz-re-abre-su-oficina-no15-de-la-region-beniajan-y-su-oficina-n-o-77-en-espana\/","title":{"rendered":"Ruiz Re abre su oficina n\u00ba15 de la Regi\u00f3n (Beniaj\u00e1n) y su oficina n.\u00ba 77 en Espa\u00f1a"},"content":{"rendered":"[vc_row type=&#8221;in_container&#8221; full_screen_row_position=&#8221;middle&#8221; column_margin=&#8221;default&#8221; column_direction=&#8221;default&#8221; column_direction_tablet=&#8221;default&#8221; column_direction_phone=&#8221;default&#8221; scene_position=&#8221;center&#8221; text_color=&#8221;dark&#8221; text_align=&#8221;left&#8221; row_border_radius=&#8221;none&#8221; row_border_radius_applies=&#8221;bg&#8221; overflow=&#8221;visible&#8221; overlay_strength=&#8221;0.3&#8243; gradient_direction=&#8221;left_to_right&#8221; shape_divider_position=&#8221;bottom&#8221; bg_image_animation=&#8221;none&#8221;][vc_column column_padding=&#8221;no-extra-padding&#8221; column_padding_tablet=&#8221;inherit&#8221; column_padding_phone=&#8221;inherit&#8221; column_padding_position=&#8221;all&#8221; column_element_direction_desktop=&#8221;default&#8221; column_element_spacing=&#8221;default&#8221; desktop_text_alignment=&#8221;default&#8221; tablet_text_alignment=&#8221;default&#8221; phone_text_alignment=&#8221;default&#8221; background_color_opacity=&#8221;1&#8243; background_hover_color_opacity=&#8221;1&#8243; column_backdrop_filter=&#8221;none&#8221; column_shadow=&#8221;none&#8221; column_border_radius=&#8221;none&#8221; column_link_target=&#8221;_self&#8221; column_position=&#8221;default&#8221; gradient_direction=&#8221;left_to_right&#8221; overlay_strength=&#8221;0.3&#8243; width=&#8221;1\/1&#8243; tablet_width_inherit=&#8221;default&#8221; animation_type=&#8221;default&#8221; bg_image_animation=&#8221;none&#8221; border_type=&#8221;simple&#8221; column_border_width=&#8221;none&#8221; column_border_style=&#8221;solid&#8221;][vc_column_text]\n<ul>\n<li><strong>Esta apertura se enmarca en el Plan Estrat\u00e9gico 2023 para superar los 10 millones de euros en ingresos por comisiones en Espa\u00f1a, generados con un volumen de negocio total de 55 millones de \u20ac<\/strong><\/li>\n<\/ul>\n[\/vc_column_text][vc_column_text]\n<ul>\n<li><strong>La nueva sede de Ruiz Re de Beniaj\u00e1n es ya la n\u00ba15 de la Regi\u00f3n de Murcia y convierte a la compa\u00f1\u00eda lorquina en l\u00edder indiscutible en capitalizaci\u00f3n y servicio presencial dentro del sector en Murcia<\/strong><\/li>\n<\/ul>\n[\/vc_column_text][vc_column_text]Ayer, Ruiz Re celebr\u00f3 la apertura de su oficina en la pedan\u00eda murciana de Beniaj\u00e1n. <strong>Con este nuevo centro, el n\u00ba15 en la Regi\u00f3n de Murcia, y el n\u00ba77 a nivel nacional, la corredur\u00eda contin\u00faa con su plan de expansi\u00f3n<\/strong> <strong>y se convierte en l\u00edder indiscutible en capitalizaci\u00f3n y servicio presencial dentro del sector en Murcia.<\/strong><\/p>\n<p>La nueva sede de Ruiz Re est\u00e1 situada en la Calle Federico Guirao, 23, de Beniaj\u00e1n y busca cubrir las necesidades y asegurar a los m\u00e1s de 10.000 habitantes de la localidad y a los de las pedan\u00edas cercanas.<\/p>\n<p>A la inauguraci\u00f3n asistieron representantes de las principales aseguradoras, empresarios de la ciudad de Murcia y parte del equipo humano de Ruiz Re. A esta inauguraci\u00f3n le precede la de la oficina de la ciudad de C\u00f3rdoba el pasado mes de septiembre, acreditando el imparable crecimiento en puntos de atenci\u00f3n presencial en todo el pa\u00eds. <strong>Esta apertura se enmarca en el Plan Estrat\u00e9gico 2023 para superar los 10 millones de euros en ingresos por comisiones en Espa\u00f1a, generados con un volumen de negocio total de 55 millones de \u20ac<\/strong>.<\/p>\n<p>Desde la corredur\u00eda de seguros se sienten orgullosos de este crecimiento, as\u00ed lo expresa, <strong>Juan David Ruiz, CEO de Ruiz Re.<\/strong> <em>\u201cLograr abrir una nueva oficina en la Regi\u00f3n es el resultado del gran trabajo que llevamos haciendo desde que se fund\u00f3 la empresa. Con esta oficina buscamos satisfacer todas las necesidades de nuestros clientes e intentamos estar m\u00e1s cerca de ellos, para que el trato al cliente sea inmejorable. Es un gran reto operar en nuestro centro n.\u00ba 77, pero es algo que hacemos ilusionados y que sabemos que va a salir bien. Para Beniaj\u00e1n hemos intentado seleccionar al mejor equipo humano posible y confiamos completamente en el trabajo que van a realizar, ya que cuentan con una amplia experiencia en este sector\u201d<\/em>.<\/p>\n<p>El nuevo director de la oficina, Pedro L\u00e1zaro, afirma que <em>\u201ces un gran reto y, como responsable, espera estar a la altura de lo que los vecinos de Beniaj\u00e1n necesitan. Asimismo, vamos a trasladar los valores y la experiencia de Ruiz Re por toda la pedan\u00eda, intentando mantener seguros a todos los particulares y empresas de la localidad\u201d<\/em>.<\/p>\n<p>El horario de la oficina ser\u00e1 de lunes a viernes, de 10:00 a 13:30 y de 16:30 a 19:30. Su contacto es: pedrolazaro@ruizre.es. Tel\u00e9fono: 601 994 497 \/\/ 868 083 519[\/vc_column_text][\/vc_column][\/vc_row]\n","protected":false},"excerpt":{"rendered":"<p>[vc_row type=&#8221;in_container&#8221; full_screen_row_position=&#8221;middle&#8221; column_margin=&#8221;default&#8221; column_direction=&#8221;default&#8221; column_direction_tablet=&#8221;default&#8221; column_direction_phone=&#8221;default&#8221; scene_position=&#8221;center&#8221; text_color=&#8221;dark&#8221; text_align=&#8221;left&#8221; row_border_radius=&#8221;none&#8221; row_border_radius_applies=&#8221;bg&#8221; overflow=&#8221;visible&#8221; overlay_strength=&#8221;0.3&#8243; gradient_direction=&#8221;left_to_right&#8221; shape_divider_position=&#8221;bottom&#8221; bg_image_animation=&#8221;none&#8221;][vc_column column_padding=&#8221;no-extra-padding&#8221; column_padding_tablet=&#8221;inherit&#8221; column_padding_phone=&#8221;inherit&#8221; column_padding_position=&#8221;all&#8221; column_element_direction_desktop=&#8221;default&#8221; column_element_spacing=&#8221;default&#8221; desktop_text_alignment=&#8221;default&#8221; tablet_text_alignment=&#8221;default&#8221;&#8230;<\/p>\n","protected":false},"author":197,"featured_media":15559,"comment_status":"closed","ping_status":"closed","sticky":false,"template":"","format":"standard","meta":{"_acf_changed":false,"_price":"","_stock":"","_tribe_ticket_header":"","_tribe_default_ticket_provider":"","_tribe_ticket_capacity":"0","_ticket_start_date":"","_ticket_end_date":"","_tribe_ticket_show_description":"","_tribe_ticket_show_not_going":false,"_tribe_ticket_use_global_stock":"","_tribe_ticket_global_stock_level":"","_global_stock_mode":"","_global_stock_cap":"","_tribe_rsvp_for_event":"","_tribe_ticket_going_count":"","_tribe_ticket_not_going_count":"","_tribe_tickets_list":"[]","_tribe_ticket_has_attendee_info_fields":false,"footnotes":""},"categories":[339],"tags":[404],"class_list":["post-15558","post","type-post","status-publish","format-standard","has-post-thumbnail","category-espacio-correduriasadecose","tag-ruiz-re"],"acf":[],"yoast_head":"<!-- This site is optimized with the Yoast SEO plugin v27.2 - https:\/\/yoast.com\/product\/yoast-seo-wordpress\/ -->\n<title>Ruiz Re abre su oficina n\u00ba15 de la Regi\u00f3n (Beniaj\u00e1n) y su oficina n.\u00ba 77 en Espa\u00f1a - ADECOSE<\/title>\n<meta name=\"robots\" content=\"index, follow, max-snippet:-1, max-image-preview:large, max-video-preview:-1\" \/>\n<link rel=\"canonical\" href=\"https:\/\/www.adecose.com\/ruiz-re-abre-su-oficina-no15-de-la-region-beniajan-y-su-oficina-n-o-77-en-espana\/\" \/>\n<meta property=\"og:locale\" content=\"gl_ES\" \/>\n<meta property=\"og:type\" content=\"article\" \/>\n<meta property=\"og:title\" content=\"Ruiz Re abre su oficina n\u00ba15 de la Regi\u00f3n (Beniaj\u00e1n) y su oficina n.\u00ba 77 en Espa\u00f1a - ADECOSE\" \/>\n<meta property=\"og:description\" content=\"[vc_row type=&#8221;in_container&#8221; full_screen_row_position=&#8221;middle&#8221; column_margin=&#8221;default&#8221; column_direction=&#8221;default&#8221; column_direction_tablet=&#8221;default&#8221; column_direction_phone=&#8221;default&#8221; scene_position=&#8221;center&#8221; text_color=&#8221;dark&#8221; text_align=&#8221;left&#8221; row_border_radius=&#8221;none&#8221; row_border_radius_applies=&#8221;bg&#8221; overflow=&#8221;visible&#8221; overlay_strength=&#8221;0.3&#8243; gradient_direction=&#8221;left_to_right&#8221; shape_divider_position=&#8221;bottom&#8221; bg_image_animation=&#8221;none&#8221;][vc_column column_padding=&#8221;no-extra-padding&#8221; column_padding_tablet=&#8221;inherit&#8221; column_padding_phone=&#8221;inherit&#8221; column_padding_position=&#8221;all&#8221; column_element_direction_desktop=&#8221;default&#8221; column_element_spacing=&#8221;default&#8221; desktop_text_alignment=&#8221;default&#8221; tablet_text_alignment=&#8221;default&#8221;...\" \/>\n<meta property=\"og:url\" content=\"https:\/\/www.adecose.com\/ruiz-re-abre-su-oficina-no15-de-la-region-beniajan-y-su-oficina-n-o-77-en-espana\/\" \/>\n<meta property=\"og:site_name\" content=\"ADECOSE\" \/>\n<meta property=\"article:published_time\" content=\"2023-10-20T13:39:15+00:00\" \/>\n<meta property=\"article:modified_time\" content=\"2023-10-26T13:49:22+00:00\" \/>\n<meta property=\"og:image\" content=\"https:\/\/www.adecose.com\/wp-content\/uploads\/2023\/10\/RuizRe-Beniajan.jpg\" \/>\n\t<meta property=\"og:image:width\" content=\"1024\" \/>\n\t<meta property=\"og:image:height\" content=\"718\" \/>\n\t<meta property=\"og:image:type\" content=\"image\/jpeg\" \/>\n<meta name=\"author\" content=\"Comunicaci\u00f3n ADECOSE\" \/>\n<meta name=\"twitter:card\" content=\"summary_large_image\" \/>\n<meta name=\"twitter:label1\" content=\"Escrito por\" \/>\n\t<meta name=\"twitter:data1\" content=\"Comunicaci\u00f3n ADECOSE\" \/>\n\t<meta name=\"twitter:label2\" content=\"Tempo de lectura\" \/>\n\t<meta name=\"twitter:data2\" content=\"3 minutos\" \/>\n<script type=\"application\/ld+json\" class=\"yoast-schema-graph\">{\"@context\":\"https:\/\/schema.org\",\"@graph\":[{\"@type\":\"Article\",\"@id\":\"https:\/\/www.adecose.com\/ruiz-re-abre-su-oficina-no15-de-la-region-beniajan-y-su-oficina-n-o-77-en-espana\/#article\",\"isPartOf\":{\"@id\":\"https:\/\/www.adecose.com\/ruiz-re-abre-su-oficina-no15-de-la-region-beniajan-y-su-oficina-n-o-77-en-espana\/\"},\"author\":{\"name\":\"Comunicaci\u00f3n ADECOSE\",\"@id\":\"https:\/\/www.adecose.com\/gl\/#\/schema\/person\/ff086ce55f6379e1d225a2c0dca5eeb6\"},\"headline\":\"Ruiz Re abre su oficina n\u00ba15 de la Regi\u00f3n (Beniaj\u00e1n) y su oficina n.\u00ba 77 en Espa\u00f1a\",\"datePublished\":\"2023-10-20T13:39:15+00:00\",\"dateModified\":\"2023-10-26T13:49:22+00:00\",\"mainEntityOfPage\":{\"@id\":\"https:\/\/www.adecose.com\/ruiz-re-abre-su-oficina-no15-de-la-region-beniajan-y-su-oficina-n-o-77-en-espana\/\"},\"wordCount\":673,\"publisher\":{\"@id\":\"https:\/\/www.adecose.com\/gl\/#organization\"},\"image\":{\"@id\":\"https:\/\/www.adecose.com\/ruiz-re-abre-su-oficina-no15-de-la-region-beniajan-y-su-oficina-n-o-77-en-espana\/#primaryimage\"},\"thumbnailUrl\":\"https:\/\/www.adecose.com\/wp-content\/uploads\/2023\/10\/RuizRe-Beniajan.jpg\",\"keywords\":[\"Ruiz Re\"],\"articleSection\":[\"Espacio #Corredur\u00edasADECOSE\"],\"inLanguage\":\"gl-ES\"},{\"@type\":\"WebPage\",\"@id\":\"https:\/\/www.adecose.com\/ruiz-re-abre-su-oficina-no15-de-la-region-beniajan-y-su-oficina-n-o-77-en-espana\/\",\"url\":\"https:\/\/www.adecose.com\/ruiz-re-abre-su-oficina-no15-de-la-region-beniajan-y-su-oficina-n-o-77-en-espana\/\",\"name\":\"Ruiz Re abre su oficina n\u00ba15 de la Regi\u00f3n (Beniaj\u00e1n) y su oficina n.\u00ba 77 en Espa\u00f1a - ADECOSE\",\"isPartOf\":{\"@id\":\"https:\/\/www.adecose.com\/gl\/#website\"},\"primaryImageOfPage\":{\"@id\":\"https:\/\/www.adecose.com\/ruiz-re-abre-su-oficina-no15-de-la-region-beniajan-y-su-oficina-n-o-77-en-espana\/#primaryimage\"},\"image\":{\"@id\":\"https:\/\/www.adecose.com\/ruiz-re-abre-su-oficina-no15-de-la-region-beniajan-y-su-oficina-n-o-77-en-espana\/#primaryimage\"},\"thumbnailUrl\":\"https:\/\/www.adecose.com\/wp-content\/uploads\/2023\/10\/RuizRe-Beniajan.jpg\",\"datePublished\":\"2023-10-20T13:39:15+00:00\",\"dateModified\":\"2023-10-26T13:49:22+00:00\",\"breadcrumb\":{\"@id\":\"https:\/\/www.adecose.com\/ruiz-re-abre-su-oficina-no15-de-la-region-beniajan-y-su-oficina-n-o-77-en-espana\/#breadcrumb\"},\"inLanguage\":\"gl-ES\",\"potentialAction\":[{\"@type\":\"ReadAction\",\"target\":[\"https:\/\/www.adecose.com\/ruiz-re-abre-su-oficina-no15-de-la-region-beniajan-y-su-oficina-n-o-77-en-espana\/\"]}]},{\"@type\":\"ImageObject\",\"inLanguage\":\"gl-ES\",\"@id\":\"https:\/\/www.adecose.com\/ruiz-re-abre-su-oficina-no15-de-la-region-beniajan-y-su-oficina-n-o-77-en-espana\/#primaryimage\",\"url\":\"https:\/\/www.adecose.com\/wp-content\/uploads\/2023\/10\/RuizRe-Beniajan.jpg\",\"contentUrl\":\"https:\/\/www.adecose.com\/wp-content\/uploads\/2023\/10\/RuizRe-Beniajan.jpg\",\"width\":1024,\"height\":718},{\"@type\":\"BreadcrumbList\",\"@id\":\"https:\/\/www.adecose.com\/ruiz-re-abre-su-oficina-no15-de-la-region-beniajan-y-su-oficina-n-o-77-en-espana\/#breadcrumb\",\"itemListElement\":[{\"@type\":\"ListItem\",\"position\":1,\"name\":\"Portada\",\"item\":\"https:\/\/www.adecose.com\/gl\/\"},{\"@type\":\"ListItem\",\"position\":2,\"name\":\"Ruiz Re abre su oficina n\u00ba15 de la Regi\u00f3n (Beniaj\u00e1n) y su oficina n.\u00ba 77 en Espa\u00f1a\"}]},{\"@type\":\"WebSite\",\"@id\":\"https:\/\/www.adecose.com\/gl\/#website\",\"url\":\"https:\/\/www.adecose.com\/gl\/\",\"name\":\"ADECOSE\",\"description\":\"Asociaci\u00f3n Espa\u00f1ola de Corretor\u00edas de Seguros e Reaseguros\",\"publisher\":{\"@id\":\"https:\/\/www.adecose.com\/gl\/#organization\"},\"potentialAction\":[{\"@type\":\"SearchAction\",\"target\":{\"@type\":\"EntryPoint\",\"urlTemplate\":\"https:\/\/www.adecose.com\/gl\/?s={search_term_string}\"},\"query-input\":{\"@type\":\"PropertyValueSpecification\",\"valueRequired\":true,\"valueName\":\"search_term_string\"}}],\"inLanguage\":\"gl-ES\"},{\"@type\":\"Organization\",\"@id\":\"https:\/\/www.adecose.com\/gl\/#organization\",\"name\":\"ADECOSE\",\"url\":\"https:\/\/www.adecose.com\/gl\/\",\"logo\":{\"@type\":\"ImageObject\",\"inLanguage\":\"gl-ES\",\"@id\":\"https:\/\/www.adecose.com\/gl\/#\/schema\/logo\/image\/\",\"url\":\"https:\/\/www.adecose.com\/wp-content\/uploads\/2020\/07\/favicon.png\",\"contentUrl\":\"https:\/\/www.adecose.com\/wp-content\/uploads\/2020\/07\/favicon.png\",\"width\":512,\"height\":512,\"caption\":\"ADECOSE\"},\"image\":{\"@id\":\"https:\/\/www.adecose.com\/gl\/#\/schema\/logo\/image\/\"}},{\"@type\":\"Person\",\"@id\":\"https:\/\/www.adecose.com\/gl\/#\/schema\/person\/ff086ce55f6379e1d225a2c0dca5eeb6\",\"name\":\"Comunicaci\u00f3n ADECOSE\",\"image\":{\"@type\":\"ImageObject\",\"inLanguage\":\"gl-ES\",\"@id\":\"https:\/\/secure.gravatar.com\/avatar\/01cd1f9571997441bf1da6d1cc147351305f03fe8f2acf1ebbec60ebb26924ce?s=96&d=mm&r=g\",\"url\":\"https:\/\/secure.gravatar.com\/avatar\/01cd1f9571997441bf1da6d1cc147351305f03fe8f2acf1ebbec60ebb26924ce?s=96&d=mm&r=g\",\"contentUrl\":\"https:\/\/secure.gravatar.com\/avatar\/01cd1f9571997441bf1da6d1cc147351305f03fe8f2acf1ebbec60ebb26924ce?s=96&d=mm&r=g\",\"caption\":\"Comunicaci\u00f3n ADECOSE\"}}]}<\/script>\n<!-- \/ Yoast SEO plugin. -->","yoast_head_json":{"title":"Ruiz Re abre su oficina n\u00ba15 de la Regi\u00f3n (Beniaj\u00e1n) y su oficina n.\u00ba 77 en Espa\u00f1a - ADECOSE","robots":{"index":"index","follow":"follow","max-snippet":"max-snippet:-1","max-image-preview":"max-image-preview:large","max-video-preview":"max-video-preview:-1"},"canonical":"https:\/\/www.adecose.com\/ruiz-re-abre-su-oficina-no15-de-la-region-beniajan-y-su-oficina-n-o-77-en-espana\/","og_locale":"gl_ES","og_type":"article","og_title":"Ruiz Re abre su oficina n\u00ba15 de la Regi\u00f3n (Beniaj\u00e1n) y su oficina n.\u00ba 77 en Espa\u00f1a - ADECOSE","og_description":"[vc_row type=&#8221;in_container&#8221; full_screen_row_position=&#8221;middle&#8221; column_margin=&#8221;default&#8221; column_direction=&#8221;default&#8221; column_direction_tablet=&#8221;default&#8221; column_direction_phone=&#8221;default&#8221; scene_position=&#8221;center&#8221; text_color=&#8221;dark&#8221; text_align=&#8221;left&#8221; row_border_radius=&#8221;none&#8221; row_border_radius_applies=&#8221;bg&#8221; overflow=&#8221;visible&#8221; overlay_strength=&#8221;0.3&#8243; gradient_direction=&#8221;left_to_right&#8221; shape_divider_position=&#8221;bottom&#8221; bg_image_animation=&#8221;none&#8221;][vc_column column_padding=&#8221;no-extra-padding&#8221; column_padding_tablet=&#8221;inherit&#8221; column_padding_phone=&#8221;inherit&#8221; column_padding_position=&#8221;all&#8221; column_element_direction_desktop=&#8221;default&#8221; column_element_spacing=&#8221;default&#8221; desktop_text_alignment=&#8221;default&#8221; tablet_text_alignment=&#8221;default&#8221;...","og_url":"https:\/\/www.adecose.com\/ruiz-re-abre-su-oficina-no15-de-la-region-beniajan-y-su-oficina-n-o-77-en-espana\/","og_site_name":"ADECOSE","article_published_time":"2023-10-20T13:39:15+00:00","article_modified_time":"2023-10-26T13:49:22+00:00","og_image":[{"width":1024,"height":718,"url":"https:\/\/www.adecose.com\/wp-content\/uploads\/2023\/10\/RuizRe-Beniajan.jpg","type":"image\/jpeg"}],"author":"Comunicaci\u00f3n ADECOSE","twitter_card":"summary_large_image","twitter_misc":{"Escrito por":"Comunicaci\u00f3n ADECOSE","Tempo de lectura":"3 minutos"},"schema":{"@context":"https:\/\/schema.org","@graph":[{"@type":"Article","@id":"https:\/\/www.adecose.com\/ruiz-re-abre-su-oficina-no15-de-la-region-beniajan-y-su-oficina-n-o-77-en-espana\/#article","isPartOf":{"@id":"https:\/\/www.adecose.com\/ruiz-re-abre-su-oficina-no15-de-la-region-beniajan-y-su-oficina-n-o-77-en-espana\/"},"author":{"name":"Comunicaci\u00f3n ADECOSE","@id":"https:\/\/www.adecose.com\/gl\/#\/schema\/person\/ff086ce55f6379e1d225a2c0dca5eeb6"},"headline":"Ruiz Re abre su oficina n\u00ba15 de la Regi\u00f3n (Beniaj\u00e1n) y su oficina n.\u00ba 77 en Espa\u00f1a","datePublished":"2023-10-20T13:39:15+00:00","dateModified":"2023-10-26T13:49:22+00:00","mainEntityOfPage":{"@id":"https:\/\/www.adecose.com\/ruiz-re-abre-su-oficina-no15-de-la-region-beniajan-y-su-oficina-n-o-77-en-espana\/"},"wordCount":673,"publisher":{"@id":"https:\/\/www.adecose.com\/gl\/#organization"},"image":{"@id":"https:\/\/www.adecose.com\/ruiz-re-abre-su-oficina-no15-de-la-region-beniajan-y-su-oficina-n-o-77-en-espana\/#primaryimage"},"thumbnailUrl":"https:\/\/www.adecose.com\/wp-content\/uploads\/2023\/10\/RuizRe-Beniajan.jpg","keywords":["Ruiz Re"],"articleSection":["Espacio #Corredur\u00edasADECOSE"],"inLanguage":"gl-ES"},{"@type":"WebPage","@id":"https:\/\/www.adecose.com\/ruiz-re-abre-su-oficina-no15-de-la-region-beniajan-y-su-oficina-n-o-77-en-espana\/","url":"https:\/\/www.adecose.com\/ruiz-re-abre-su-oficina-no15-de-la-region-beniajan-y-su-oficina-n-o-77-en-espana\/","name":"Ruiz Re abre su oficina n\u00ba15 de la Regi\u00f3n (Beniaj\u00e1n) y su oficina n.\u00ba 77 en Espa\u00f1a - ADECOSE","isPartOf":{"@id":"https:\/\/www.adecose.com\/gl\/#website"},"primaryImageOfPage":{"@id":"https:\/\/www.adecose.com\/ruiz-re-abre-su-oficina-no15-de-la-region-beniajan-y-su-oficina-n-o-77-en-espana\/#primaryimage"},"image":{"@id":"https:\/\/www.adecose.com\/ruiz-re-abre-su-oficina-no15-de-la-region-beniajan-y-su-oficina-n-o-77-en-espana\/#primaryimage"},"thumbnailUrl":"https:\/\/www.adecose.com\/wp-content\/uploads\/2023\/10\/RuizRe-Beniajan.jpg","datePublished":"2023-10-20T13:39:15+00:00","dateModified":"2023-10-26T13:49:22+00:00","breadcrumb":{"@id":"https:\/\/www.adecose.com\/ruiz-re-abre-su-oficina-no15-de-la-region-beniajan-y-su-oficina-n-o-77-en-espana\/#breadcrumb"},"inLanguage":"gl-ES","potentialAction":[{"@type":"ReadAction","target":["https:\/\/www.adecose.com\/ruiz-re-abre-su-oficina-no15-de-la-region-beniajan-y-su-oficina-n-o-77-en-espana\/"]}]},{"@type":"ImageObject","inLanguage":"gl-ES","@id":"https:\/\/www.adecose.com\/ruiz-re-abre-su-oficina-no15-de-la-region-beniajan-y-su-oficina-n-o-77-en-espana\/#primaryimage","url":"https:\/\/www.adecose.com\/wp-content\/uploads\/2023\/10\/RuizRe-Beniajan.jpg","contentUrl":"https:\/\/www.adecose.com\/wp-content\/uploads\/2023\/10\/RuizRe-Beniajan.jpg","width":1024,"height":718},{"@type":"BreadcrumbList","@id":"https:\/\/www.adecose.com\/ruiz-re-abre-su-oficina-no15-de-la-region-beniajan-y-su-oficina-n-o-77-en-espana\/#breadcrumb","itemListElement":[{"@type":"ListItem","position":1,"name":"Portada","item":"https:\/\/www.adecose.com\/gl\/"},{"@type":"ListItem","position":2,"name":"Ruiz Re abre su oficina n\u00ba15 de la Regi\u00f3n (Beniaj\u00e1n) y su oficina n.\u00ba 77 en Espa\u00f1a"}]},{"@type":"WebSite","@id":"https:\/\/www.adecose.com\/gl\/#website","url":"https:\/\/www.adecose.com\/gl\/","name":"ADECOSE","description":"Asociaci\u00f3n Espa\u00f1ola de Corretor\u00edas de Seguros e Reaseguros","publisher":{"@id":"https:\/\/www.adecose.com\/gl\/#organization"},"potentialAction":[{"@type":"SearchAction","target":{"@type":"EntryPoint","urlTemplate":"https:\/\/www.adecose.com\/gl\/?s={search_term_string}"},"query-input":{"@type":"PropertyValueSpecification","valueRequired":true,"valueName":"search_term_string"}}],"inLanguage":"gl-ES"},{"@type":"Organization","@id":"https:\/\/www.adecose.com\/gl\/#organization","name":"ADECOSE","url":"https:\/\/www.adecose.com\/gl\/","logo":{"@type":"ImageObject","inLanguage":"gl-ES","@id":"https:\/\/www.adecose.com\/gl\/#\/schema\/logo\/image\/","url":"https:\/\/www.adecose.com\/wp-content\/uploads\/2020\/07\/favicon.png","contentUrl":"https:\/\/www.adecose.com\/wp-content\/uploads\/2020\/07\/favicon.png","width":512,"height":512,"caption":"ADECOSE"},"image":{"@id":"https:\/\/www.adecose.com\/gl\/#\/schema\/logo\/image\/"}},{"@type":"Person","@id":"https:\/\/www.adecose.com\/gl\/#\/schema\/person\/ff086ce55f6379e1d225a2c0dca5eeb6","name":"Comunicaci\u00f3n ADECOSE","image":{"@type":"ImageObject","inLanguage":"gl-ES","@id":"https:\/\/secure.gravatar.com\/avatar\/01cd1f9571997441bf1da6d1cc147351305f03fe8f2acf1ebbec60ebb26924ce?s=96&d=mm&r=g","url":"https:\/\/secure.gravatar.com\/avatar\/01cd1f9571997441bf1da6d1cc147351305f03fe8f2acf1ebbec60ebb26924ce?s=96&d=mm&r=g","contentUrl":"https:\/\/secure.gravatar.com\/avatar\/01cd1f9571997441bf1da6d1cc147351305f03fe8f2acf1ebbec60ebb26924ce?s=96&d=mm&r=g","caption":"Comunicaci\u00f3n ADECOSE"}}]}},"_links":{"self":[{"href":"https:\/\/www.adecose.com\/gl\/wp-json\/wp\/v2\/posts\/15558","targetHints":{"allow":["GET"]}}],"collection":[{"href":"https:\/\/www.adecose.com\/gl\/wp-json\/wp\/v2\/posts"}],"about":[{"href":"https:\/\/www.adecose.com\/gl\/wp-json\/wp\/v2\/types\/post"}],"author":[{"embeddable":true,"href":"https:\/\/www.adecose.com\/gl\/wp-json\/wp\/v2\/users\/197"}],"replies":[{"embeddable":true,"href":"https:\/\/www.adecose.com\/gl\/wp-json\/wp\/v2\/comments?post=15558"}],"version-history":[{"count":0,"href":"https:\/\/www.adecose.com\/gl\/wp-json\/wp\/v2\/posts\/15558\/revisions"}],"wp:featuredmedia":[{"embeddable":true,"href":"https:\/\/www.adecose.com\/gl\/wp-json\/wp\/v2\/media\/15559"}],"wp:attachment":[{"href":"https:\/\/www.adecose.com\/gl\/wp-json\/wp\/v2\/media?parent=15558"}],"wp:term":[{"taxonomy":"category","embeddable":true,"href":"https:\/\/www.adecose.com\/gl\/wp-json\/wp\/v2\/categories?post=15558"},{"taxonomy":"post_tag","embeddable":true,"href":"https:\/\/www.adecose.com\/gl\/wp-json\/wp\/v2\/tags?post=15558"}],"curies":[{"name":"wp","href":"https:\/\/api.w.org\/{rel}","templated":true}]}}