{"id":15324,"date":"2023-09-14T17:55:23","date_gmt":"2023-09-14T15:55:23","guid":{"rendered":"https:\/\/www.adecose.com\/?p=15324"},"modified":"2023-09-14T17:55:43","modified_gmt":"2023-09-14T15:55:43","slug":"el-volumen-de-primas-de-seguros-ciber-en-espana-se-incrementa-un-30-en-el-ultimo-ano","status":"publish","type":"post","link":"https:\/\/www.adecose.com\/gl\/el-volumen-de-primas-de-seguros-ciber-en-espana-se-incrementa-un-30-en-el-ultimo-ano\/","title":{"rendered":"El volumen de primas de seguros Ciber en Espa\u00f1a se incrementa un 30% en el \u00faltimo a\u00f1o"},"content":{"rendered":"[vc_row type=&#8221;in_container&#8221; full_screen_row_position=&#8221;middle&#8221; column_margin=&#8221;default&#8221; column_direction=&#8221;default&#8221; column_direction_tablet=&#8221;default&#8221; column_direction_phone=&#8221;default&#8221; scene_position=&#8221;center&#8221; text_color=&#8221;dark&#8221; text_align=&#8221;left&#8221; row_border_radius=&#8221;none&#8221; row_border_radius_applies=&#8221;bg&#8221; overflow=&#8221;visible&#8221; overlay_strength=&#8221;0.3&#8243; gradient_direction=&#8221;left_to_right&#8221; shape_divider_position=&#8221;bottom&#8221; bg_image_animation=&#8221;none&#8221;][vc_column column_padding=&#8221;no-extra-padding&#8221; column_padding_tablet=&#8221;inherit&#8221; column_padding_phone=&#8221;inherit&#8221; column_padding_position=&#8221;all&#8221; column_element_direction_desktop=&#8221;default&#8221; column_element_spacing=&#8221;default&#8221; desktop_text_alignment=&#8221;default&#8221; tablet_text_alignment=&#8221;default&#8221; phone_text_alignment=&#8221;default&#8221; background_color_opacity=&#8221;1&#8243; background_hover_color_opacity=&#8221;1&#8243; column_backdrop_filter=&#8221;none&#8221; column_shadow=&#8221;none&#8221; column_border_radius=&#8221;none&#8221; column_link_target=&#8221;_self&#8221; column_position=&#8221;default&#8221; gradient_direction=&#8221;left_to_right&#8221; overlay_strength=&#8221;0.3&#8243; width=&#8221;1\/1&#8243; tablet_width_inherit=&#8221;default&#8221; animation_type=&#8221;default&#8221; bg_image_animation=&#8221;none&#8221; border_type=&#8221;simple&#8221; column_border_width=&#8221;none&#8221; column_border_style=&#8221;solid&#8221;][vc_column_text]\n<ul>\n<li><strong><em>Aon presenta la cuarta edici\u00f3n del Estudio sobre Ciberseguridad y Gesti\u00f3n del Riesgo Ciber en Espa\u00f1a con la colaboraci\u00f3n de las firmas legales Andersen y Garrigues, y las aseguradoras especialistas AIG, Allianz, AXA XL, Beazley, Chubb, QBE, Tokio Marine HCC y Zurich<\/em><\/strong><\/li>\n<\/ul>\n[\/vc_column_text][vc_column_text]<a href=\"https:\/\/www.aon.com\/en\/\">Aon plc<\/a> (NYSE: AON), empresa global l\u00edder en servicios profesionales, ha presentado la cuarta edici\u00f3n del <strong>Estudio sobre Ciberseguridad y Gesti\u00f3n del Riesgo Ciber en Espa\u00f1a<\/strong>, desarrollado con el objetivo de analizar y actualizar a las organizaciones de las tendencias que est\u00e1n teniendo lugar y los retos a afrontar en la gesti\u00f3n integral del riesgo y su transferencia al mercado asegurador.<\/p>\n<p>El estudio, promovido por Aon, ha contado con la participaci\u00f3n de las firmas legales <strong>Andersen y Garrigues<\/strong>, para abordar las novedades regulatorias en 2022 con respecto a la ciberseguridad, as\u00ed como con la colaboraci\u00f3n de los principales aseguradores que suscriben el riego ciber en Espa\u00f1a: <strong>AIG, Allianz Global Corporate &amp; Specialty, AXA XL, Beazley, Chubb, QBE, Tokio Marine HCC y Z\u00farich<\/strong>, para tratar los aspectos clave de la evoluci\u00f3n y la gesti\u00f3n del riesgo en Espa\u00f1a: inversi\u00f3n en ciberseguridad, tendencias del mercado asegurador y evoluci\u00f3n de la siniestralidad, entre otros.<\/p>\n<p><strong>Principales conclusiones del Estudio<\/strong><\/p>\n<p><strong>Novedades regulatorias<\/strong>: 2022 ha sido el a\u00f1o en el que ha cambiado el marco regulador de la ciberseguridad, destacando tanto a nivel mundial, como europeo la Directiva NIS2, que ampl\u00eda el \u00e1mbito de aplicaci\u00f3n respecto a la directiva NIS 1 con una intensificaci\u00f3n de las obligaciones en materia de ciberseguridad, el Reglamento DORA, que viene a unificar los criterios relativos a la ciberseguridad que se aplican a las distintas entidades del sector financiero y asegurador, y CIRCIA, donde se destaca la obligatoriedad de. las entidades gestoras de infraestructuras cr\u00edticas a comunicar. En cuanto a la <strong>nueva normativa<\/strong> que se espera sea aprobada en los pr\u00f3ximos a\u00f1os, Aon destaca la Propuesta de Reglamento de Inteligencia Artificial (AI Act), el Reglamento eIDAS 2 o la nueva regulaci\u00f3n en materia de ciberseguridad de las empresas cotizadas impulsada por la SEC.<\/p>\n<p><strong>Mercado asegurador<\/strong>: El volumen de primas del mercado asegurador sigue aumentando y en Espa\u00f1a desde el a\u00f1o pasado ya supera los <strong>100 millones de euros<\/strong>, habiendo crecido este a\u00f1o <strong>m\u00e1s de un 50%<\/strong> para algunas aseguradoras. La severidad vivida en el 2021 y 2022 parece haber llegado a un punto de estabilizaci\u00f3n. El reto para este 2023 es mantener ese equilibrio.<\/p>\n<p><strong>Evoluci\u00f3n de las primas<\/strong>: El aumento de las primas en 2022 fue una realidad generalizada en todos los sectores y actividades. Si bien algunas industrias pudieron verse m\u00e1s afectadas que otras, pero la mayor\u00eda de los clientes han experimentado subidas considerables, donde se registraron incrementos superiores al 100% en algunos casos.<\/p>\n<p><strong>Sectores de actividad<\/strong>: El de infraestructuras cr\u00edticas contin\u00faa liderando en t\u00e9rminos de concienciaci\u00f3n sobre <strong>ciberseguridad<\/strong> y generaci\u00f3n de <strong>contrataciones<\/strong> anuales. En segundo lugar, se ha observado un notable aumento en servicios profesionales, debido a los servicios de consultor\u00eda IT. Sin embargo, el <strong>sector industrial<\/strong> ha experimentado una <strong>disminuci\u00f3n<\/strong> gradual en los \u00faltimos a\u00f1os.<\/p>\n<p><strong>Volumen de facturaci\u00f3n<\/strong>: Se observa un considerable incremento de <strong>contrataci\u00f3n de p\u00f3lizas<\/strong> en el n\u00famero de empresas cuya facturaci\u00f3n supera los 250 millones de euros, en comparaci\u00f3n con el periodo anterior.<\/p>\n<p><strong>Siniestralidad<\/strong>: El 50% de los siniestros afectan a <strong>grandes cuentas<\/strong> y clientes <strong>multinacionales<\/strong> y 2% a <strong>pymes<\/strong>. Por l\u00ednea de mercado, los sectores de Instituciones Financieras e Industrial son los m\u00e1s afectados.<\/p>\n<p>\u201cA lo largo de 2023 estamos observado un cambio de tendencia hacia un mercado m\u00e1s estable y favorable. A ello contribuyen factores como la concienciaci\u00f3n del riesgo y las fuertes inversiones en medidas de seguridad; la mejora de rentabilidades y la entrada de nuevo capital, con la mayor competencia que conlleva\u201d, afirma Ver\u00f3nica Jim\u00e9nez, Directora Ciber de Aon Espa\u00f1a. \u201cSin embargo, las aseguradoras mantienen el rigor en la suscripci\u00f3n de sus riesgos, mientras siguen de cerca los acontecimientos mundiales que pueden afectar a los siniestros cibern\u00e9ticos, que sigue provocando limitaciones en las garant\u00edas. El entorno geopol\u00edtico, el riesgo sist\u00e9mico y la gesti\u00f3n de los datos biom\u00e9tricos, junto con los eventos de ransomware, son aspectos que siguen preocupando a los mercados e influyen a la hora de negociar la transferencia del riesgo\u201d.<\/p>\n<p>El estudio se apoya en datos propios de Aon y del resto de firmas colaboradoras para presentar el estado del arte del riesgo cibern\u00e9tico en Espa\u00f1a, compar\u00e1ndolos en un entorno europeo y global. Dentro del estudio se han identificado industrias, actividades y sectores de operaci\u00f3n de referencia en el pa\u00eds, y se ha analizado su evoluci\u00f3n a lo largo de 2022. Se ha considerado un total de 1000 organizaciones y m\u00e1s de 11.000 fuentes de datos para su elaboraci\u00f3n, convirti\u00e9ndose en punto clave de referencia en el \u00e1mbito de la ciberseguridad.<\/p>\n<ul>\n<li>Acceso al <a href=\"https:\/\/noa.aon.es\/wp-content\/uploads\/2023\/09\/Informe-Ciber-2023VFD.pdf\">informe completo<\/a> para m\u00e1s informaci\u00f3n.<\/li>\n<\/ul>\n[\/vc_column_text][\/vc_column][\/vc_row]\n","protected":false},"excerpt":{"rendered":"<p>[vc_row type=&#8221;in_container&#8221; full_screen_row_position=&#8221;middle&#8221; column_margin=&#8221;default&#8221; column_direction=&#8221;default&#8221; column_direction_tablet=&#8221;default&#8221; column_direction_phone=&#8221;default&#8221; scene_position=&#8221;center&#8221; text_color=&#8221;dark&#8221; text_align=&#8221;left&#8221; row_border_radius=&#8221;none&#8221; row_border_radius_applies=&#8221;bg&#8221; overflow=&#8221;visible&#8221; overlay_strength=&#8221;0.3&#8243; gradient_direction=&#8221;left_to_right&#8221; shape_divider_position=&#8221;bottom&#8221; bg_image_animation=&#8221;none&#8221;][vc_column column_padding=&#8221;no-extra-padding&#8221; column_padding_tablet=&#8221;inherit&#8221; column_padding_phone=&#8221;inherit&#8221; column_padding_position=&#8221;all&#8221; column_element_direction_desktop=&#8221;default&#8221; column_element_spacing=&#8221;default&#8221; desktop_text_alignment=&#8221;default&#8221; tablet_text_alignment=&#8221;default&#8221;&#8230;<\/p>\n","protected":false},"author":197,"featured_media":15325,"comment_status":"closed","ping_status":"closed","sticky":false,"template":"","format":"standard","meta":{"_acf_changed":false,"_price":"","_stock":"","_tribe_ticket_header":"","_tribe_default_ticket_provider":"","_tribe_ticket_capacity":"0","_ticket_start_date":"","_ticket_end_date":"","_tribe_ticket_show_description":"","_tribe_ticket_show_not_going":false,"_tribe_ticket_use_global_stock":"","_tribe_ticket_global_stock_level":"","_global_stock_mode":"","_global_stock_cap":"","_tribe_rsvp_for_event":"","_tribe_ticket_going_count":"","_tribe_ticket_not_going_count":"","_tribe_tickets_list":"[]","_tribe_ticket_has_attendee_info_fields":false,"footnotes":""},"categories":[339],"tags":[395,352],"class_list":["post-15324","post","type-post","status-publish","format-standard","has-post-thumbnail","category-espacio-correduriasadecose","tag-aon","tag-espacio-correduriasadecose"],"acf":[],"yoast_head":"<!-- This site is optimized with the Yoast SEO plugin v27.2 - https:\/\/yoast.com\/product\/yoast-seo-wordpress\/ -->\n<title>El volumen de primas de seguros Ciber en Espa\u00f1a se incrementa un 30% en el \u00faltimo a\u00f1o - ADECOSE<\/title>\n<meta name=\"robots\" content=\"index, follow, max-snippet:-1, max-image-preview:large, max-video-preview:-1\" \/>\n<link rel=\"canonical\" href=\"https:\/\/www.adecose.com\/el-volumen-de-primas-de-seguros-ciber-en-espana-se-incrementa-un-30-en-el-ultimo-ano\/\" \/>\n<meta property=\"og:locale\" content=\"gl_ES\" \/>\n<meta property=\"og:type\" content=\"article\" \/>\n<meta property=\"og:title\" content=\"El volumen de primas de seguros Ciber en Espa\u00f1a se incrementa un 30% en el \u00faltimo a\u00f1o - ADECOSE\" \/>\n<meta property=\"og:description\" content=\"[vc_row type=&#8221;in_container&#8221; full_screen_row_position=&#8221;middle&#8221; column_margin=&#8221;default&#8221; column_direction=&#8221;default&#8221; column_direction_tablet=&#8221;default&#8221; column_direction_phone=&#8221;default&#8221; scene_position=&#8221;center&#8221; text_color=&#8221;dark&#8221; text_align=&#8221;left&#8221; row_border_radius=&#8221;none&#8221; row_border_radius_applies=&#8221;bg&#8221; overflow=&#8221;visible&#8221; overlay_strength=&#8221;0.3&#8243; gradient_direction=&#8221;left_to_right&#8221; shape_divider_position=&#8221;bottom&#8221; bg_image_animation=&#8221;none&#8221;][vc_column column_padding=&#8221;no-extra-padding&#8221; column_padding_tablet=&#8221;inherit&#8221; column_padding_phone=&#8221;inherit&#8221; column_padding_position=&#8221;all&#8221; column_element_direction_desktop=&#8221;default&#8221; column_element_spacing=&#8221;default&#8221; desktop_text_alignment=&#8221;default&#8221; tablet_text_alignment=&#8221;default&#8221;...\" \/>\n<meta property=\"og:url\" content=\"https:\/\/www.adecose.com\/el-volumen-de-primas-de-seguros-ciber-en-espana-se-incrementa-un-30-en-el-ultimo-ano\/\" \/>\n<meta property=\"og:site_name\" content=\"ADECOSE\" \/>\n<meta property=\"article:published_time\" content=\"2023-09-14T15:55:23+00:00\" \/>\n<meta property=\"article:modified_time\" content=\"2023-09-14T15:55:43+00:00\" \/>\n<meta property=\"og:image\" content=\"https:\/\/www.adecose.com\/wp-content\/uploads\/2023\/09\/Captura-de-pantalla-2023-09-14-a-las-17.54.20.png\" \/>\n\t<meta property=\"og:image:width\" content=\"1170\" \/>\n\t<meta property=\"og:image:height\" content=\"718\" \/>\n\t<meta property=\"og:image:type\" content=\"image\/png\" \/>\n<meta name=\"author\" content=\"Comunicaci\u00f3n ADECOSE\" \/>\n<meta name=\"twitter:card\" content=\"summary_large_image\" \/>\n<meta name=\"twitter:label1\" content=\"Escrito por\" \/>\n\t<meta name=\"twitter:data1\" content=\"Comunicaci\u00f3n ADECOSE\" \/>\n\t<meta name=\"twitter:label2\" content=\"Tempo de lectura\" \/>\n\t<meta name=\"twitter:data2\" content=\"4 minutos\" \/>\n<script type=\"application\/ld+json\" class=\"yoast-schema-graph\">{\"@context\":\"https:\/\/schema.org\",\"@graph\":[{\"@type\":\"Article\",\"@id\":\"https:\/\/www.adecose.com\/el-volumen-de-primas-de-seguros-ciber-en-espana-se-incrementa-un-30-en-el-ultimo-ano\/#article\",\"isPartOf\":{\"@id\":\"https:\/\/www.adecose.com\/el-volumen-de-primas-de-seguros-ciber-en-espana-se-incrementa-un-30-en-el-ultimo-ano\/\"},\"author\":{\"name\":\"Comunicaci\u00f3n ADECOSE\",\"@id\":\"https:\/\/www.adecose.com\/gl\/#\/schema\/person\/ff086ce55f6379e1d225a2c0dca5eeb6\"},\"headline\":\"El volumen de primas de seguros Ciber en Espa\u00f1a se incrementa un 30% en el \u00faltimo a\u00f1o\",\"datePublished\":\"2023-09-14T15:55:23+00:00\",\"dateModified\":\"2023-09-14T15:55:43+00:00\",\"mainEntityOfPage\":{\"@id\":\"https:\/\/www.adecose.com\/el-volumen-de-primas-de-seguros-ciber-en-espana-se-incrementa-un-30-en-el-ultimo-ano\/\"},\"wordCount\":1033,\"publisher\":{\"@id\":\"https:\/\/www.adecose.com\/gl\/#organization\"},\"image\":{\"@id\":\"https:\/\/www.adecose.com\/el-volumen-de-primas-de-seguros-ciber-en-espana-se-incrementa-un-30-en-el-ultimo-ano\/#primaryimage\"},\"thumbnailUrl\":\"https:\/\/www.adecose.com\/wp-content\/uploads\/2023\/09\/Captura-de-pantalla-2023-09-14-a-las-17.54.20.png\",\"keywords\":[\"AON\",\"Espacio #Corredur\u00edasADECOSE\"],\"articleSection\":[\"Espacio #Corredur\u00edasADECOSE\"],\"inLanguage\":\"gl-ES\"},{\"@type\":\"WebPage\",\"@id\":\"https:\/\/www.adecose.com\/el-volumen-de-primas-de-seguros-ciber-en-espana-se-incrementa-un-30-en-el-ultimo-ano\/\",\"url\":\"https:\/\/www.adecose.com\/el-volumen-de-primas-de-seguros-ciber-en-espana-se-incrementa-un-30-en-el-ultimo-ano\/\",\"name\":\"El volumen de primas de seguros Ciber en Espa\u00f1a se incrementa un 30% en el \u00faltimo a\u00f1o - ADECOSE\",\"isPartOf\":{\"@id\":\"https:\/\/www.adecose.com\/gl\/#website\"},\"primaryImageOfPage\":{\"@id\":\"https:\/\/www.adecose.com\/el-volumen-de-primas-de-seguros-ciber-en-espana-se-incrementa-un-30-en-el-ultimo-ano\/#primaryimage\"},\"image\":{\"@id\":\"https:\/\/www.adecose.com\/el-volumen-de-primas-de-seguros-ciber-en-espana-se-incrementa-un-30-en-el-ultimo-ano\/#primaryimage\"},\"thumbnailUrl\":\"https:\/\/www.adecose.com\/wp-content\/uploads\/2023\/09\/Captura-de-pantalla-2023-09-14-a-las-17.54.20.png\",\"datePublished\":\"2023-09-14T15:55:23+00:00\",\"dateModified\":\"2023-09-14T15:55:43+00:00\",\"breadcrumb\":{\"@id\":\"https:\/\/www.adecose.com\/el-volumen-de-primas-de-seguros-ciber-en-espana-se-incrementa-un-30-en-el-ultimo-ano\/#breadcrumb\"},\"inLanguage\":\"gl-ES\",\"potentialAction\":[{\"@type\":\"ReadAction\",\"target\":[\"https:\/\/www.adecose.com\/el-volumen-de-primas-de-seguros-ciber-en-espana-se-incrementa-un-30-en-el-ultimo-ano\/\"]}]},{\"@type\":\"ImageObject\",\"inLanguage\":\"gl-ES\",\"@id\":\"https:\/\/www.adecose.com\/el-volumen-de-primas-de-seguros-ciber-en-espana-se-incrementa-un-30-en-el-ultimo-ano\/#primaryimage\",\"url\":\"https:\/\/www.adecose.com\/wp-content\/uploads\/2023\/09\/Captura-de-pantalla-2023-09-14-a-las-17.54.20.png\",\"contentUrl\":\"https:\/\/www.adecose.com\/wp-content\/uploads\/2023\/09\/Captura-de-pantalla-2023-09-14-a-las-17.54.20.png\",\"width\":1170,\"height\":718},{\"@type\":\"BreadcrumbList\",\"@id\":\"https:\/\/www.adecose.com\/el-volumen-de-primas-de-seguros-ciber-en-espana-se-incrementa-un-30-en-el-ultimo-ano\/#breadcrumb\",\"itemListElement\":[{\"@type\":\"ListItem\",\"position\":1,\"name\":\"Portada\",\"item\":\"https:\/\/www.adecose.com\/gl\/\"},{\"@type\":\"ListItem\",\"position\":2,\"name\":\"El volumen de primas de seguros Ciber en Espa\u00f1a se incrementa un 30% en el \u00faltimo a\u00f1o\"}]},{\"@type\":\"WebSite\",\"@id\":\"https:\/\/www.adecose.com\/gl\/#website\",\"url\":\"https:\/\/www.adecose.com\/gl\/\",\"name\":\"ADECOSE\",\"description\":\"Asociaci\u00f3n Espa\u00f1ola de Corretor\u00edas de Seguros e Reaseguros\",\"publisher\":{\"@id\":\"https:\/\/www.adecose.com\/gl\/#organization\"},\"potentialAction\":[{\"@type\":\"SearchAction\",\"target\":{\"@type\":\"EntryPoint\",\"urlTemplate\":\"https:\/\/www.adecose.com\/gl\/?s={search_term_string}\"},\"query-input\":{\"@type\":\"PropertyValueSpecification\",\"valueRequired\":true,\"valueName\":\"search_term_string\"}}],\"inLanguage\":\"gl-ES\"},{\"@type\":\"Organization\",\"@id\":\"https:\/\/www.adecose.com\/gl\/#organization\",\"name\":\"ADECOSE\",\"url\":\"https:\/\/www.adecose.com\/gl\/\",\"logo\":{\"@type\":\"ImageObject\",\"inLanguage\":\"gl-ES\",\"@id\":\"https:\/\/www.adecose.com\/gl\/#\/schema\/logo\/image\/\",\"url\":\"https:\/\/www.adecose.com\/wp-content\/uploads\/2020\/07\/favicon.png\",\"contentUrl\":\"https:\/\/www.adecose.com\/wp-content\/uploads\/2020\/07\/favicon.png\",\"width\":512,\"height\":512,\"caption\":\"ADECOSE\"},\"image\":{\"@id\":\"https:\/\/www.adecose.com\/gl\/#\/schema\/logo\/image\/\"}},{\"@type\":\"Person\",\"@id\":\"https:\/\/www.adecose.com\/gl\/#\/schema\/person\/ff086ce55f6379e1d225a2c0dca5eeb6\",\"name\":\"Comunicaci\u00f3n ADECOSE\",\"image\":{\"@type\":\"ImageObject\",\"inLanguage\":\"gl-ES\",\"@id\":\"https:\/\/secure.gravatar.com\/avatar\/01cd1f9571997441bf1da6d1cc147351305f03fe8f2acf1ebbec60ebb26924ce?s=96&d=mm&r=g\",\"url\":\"https:\/\/secure.gravatar.com\/avatar\/01cd1f9571997441bf1da6d1cc147351305f03fe8f2acf1ebbec60ebb26924ce?s=96&d=mm&r=g\",\"contentUrl\":\"https:\/\/secure.gravatar.com\/avatar\/01cd1f9571997441bf1da6d1cc147351305f03fe8f2acf1ebbec60ebb26924ce?s=96&d=mm&r=g\",\"caption\":\"Comunicaci\u00f3n ADECOSE\"}}]}<\/script>\n<!-- \/ Yoast SEO plugin. -->","yoast_head_json":{"title":"El volumen de primas de seguros Ciber en Espa\u00f1a se incrementa un 30% en el \u00faltimo a\u00f1o - ADECOSE","robots":{"index":"index","follow":"follow","max-snippet":"max-snippet:-1","max-image-preview":"max-image-preview:large","max-video-preview":"max-video-preview:-1"},"canonical":"https:\/\/www.adecose.com\/el-volumen-de-primas-de-seguros-ciber-en-espana-se-incrementa-un-30-en-el-ultimo-ano\/","og_locale":"gl_ES","og_type":"article","og_title":"El volumen de primas de seguros Ciber en Espa\u00f1a se incrementa un 30% en el \u00faltimo a\u00f1o - ADECOSE","og_description":"[vc_row type=&#8221;in_container&#8221; full_screen_row_position=&#8221;middle&#8221; column_margin=&#8221;default&#8221; column_direction=&#8221;default&#8221; column_direction_tablet=&#8221;default&#8221; column_direction_phone=&#8221;default&#8221; scene_position=&#8221;center&#8221; text_color=&#8221;dark&#8221; text_align=&#8221;left&#8221; row_border_radius=&#8221;none&#8221; row_border_radius_applies=&#8221;bg&#8221; overflow=&#8221;visible&#8221; overlay_strength=&#8221;0.3&#8243; gradient_direction=&#8221;left_to_right&#8221; shape_divider_position=&#8221;bottom&#8221; bg_image_animation=&#8221;none&#8221;][vc_column column_padding=&#8221;no-extra-padding&#8221; column_padding_tablet=&#8221;inherit&#8221; column_padding_phone=&#8221;inherit&#8221; column_padding_position=&#8221;all&#8221; column_element_direction_desktop=&#8221;default&#8221; column_element_spacing=&#8221;default&#8221; desktop_text_alignment=&#8221;default&#8221; tablet_text_alignment=&#8221;default&#8221;...","og_url":"https:\/\/www.adecose.com\/el-volumen-de-primas-de-seguros-ciber-en-espana-se-incrementa-un-30-en-el-ultimo-ano\/","og_site_name":"ADECOSE","article_published_time":"2023-09-14T15:55:23+00:00","article_modified_time":"2023-09-14T15:55:43+00:00","og_image":[{"width":1170,"height":718,"url":"https:\/\/www.adecose.com\/wp-content\/uploads\/2023\/09\/Captura-de-pantalla-2023-09-14-a-las-17.54.20.png","type":"image\/png"}],"author":"Comunicaci\u00f3n ADECOSE","twitter_card":"summary_large_image","twitter_misc":{"Escrito por":"Comunicaci\u00f3n ADECOSE","Tempo de lectura":"4 minutos"},"schema":{"@context":"https:\/\/schema.org","@graph":[{"@type":"Article","@id":"https:\/\/www.adecose.com\/el-volumen-de-primas-de-seguros-ciber-en-espana-se-incrementa-un-30-en-el-ultimo-ano\/#article","isPartOf":{"@id":"https:\/\/www.adecose.com\/el-volumen-de-primas-de-seguros-ciber-en-espana-se-incrementa-un-30-en-el-ultimo-ano\/"},"author":{"name":"Comunicaci\u00f3n ADECOSE","@id":"https:\/\/www.adecose.com\/gl\/#\/schema\/person\/ff086ce55f6379e1d225a2c0dca5eeb6"},"headline":"El volumen de primas de seguros Ciber en Espa\u00f1a se incrementa un 30% en el \u00faltimo a\u00f1o","datePublished":"2023-09-14T15:55:23+00:00","dateModified":"2023-09-14T15:55:43+00:00","mainEntityOfPage":{"@id":"https:\/\/www.adecose.com\/el-volumen-de-primas-de-seguros-ciber-en-espana-se-incrementa-un-30-en-el-ultimo-ano\/"},"wordCount":1033,"publisher":{"@id":"https:\/\/www.adecose.com\/gl\/#organization"},"image":{"@id":"https:\/\/www.adecose.com\/el-volumen-de-primas-de-seguros-ciber-en-espana-se-incrementa-un-30-en-el-ultimo-ano\/#primaryimage"},"thumbnailUrl":"https:\/\/www.adecose.com\/wp-content\/uploads\/2023\/09\/Captura-de-pantalla-2023-09-14-a-las-17.54.20.png","keywords":["AON","Espacio #Corredur\u00edasADECOSE"],"articleSection":["Espacio #Corredur\u00edasADECOSE"],"inLanguage":"gl-ES"},{"@type":"WebPage","@id":"https:\/\/www.adecose.com\/el-volumen-de-primas-de-seguros-ciber-en-espana-se-incrementa-un-30-en-el-ultimo-ano\/","url":"https:\/\/www.adecose.com\/el-volumen-de-primas-de-seguros-ciber-en-espana-se-incrementa-un-30-en-el-ultimo-ano\/","name":"El volumen de primas de seguros Ciber en Espa\u00f1a se incrementa un 30% en el \u00faltimo a\u00f1o - ADECOSE","isPartOf":{"@id":"https:\/\/www.adecose.com\/gl\/#website"},"primaryImageOfPage":{"@id":"https:\/\/www.adecose.com\/el-volumen-de-primas-de-seguros-ciber-en-espana-se-incrementa-un-30-en-el-ultimo-ano\/#primaryimage"},"image":{"@id":"https:\/\/www.adecose.com\/el-volumen-de-primas-de-seguros-ciber-en-espana-se-incrementa-un-30-en-el-ultimo-ano\/#primaryimage"},"thumbnailUrl":"https:\/\/www.adecose.com\/wp-content\/uploads\/2023\/09\/Captura-de-pantalla-2023-09-14-a-las-17.54.20.png","datePublished":"2023-09-14T15:55:23+00:00","dateModified":"2023-09-14T15:55:43+00:00","breadcrumb":{"@id":"https:\/\/www.adecose.com\/el-volumen-de-primas-de-seguros-ciber-en-espana-se-incrementa-un-30-en-el-ultimo-ano\/#breadcrumb"},"inLanguage":"gl-ES","potentialAction":[{"@type":"ReadAction","target":["https:\/\/www.adecose.com\/el-volumen-de-primas-de-seguros-ciber-en-espana-se-incrementa-un-30-en-el-ultimo-ano\/"]}]},{"@type":"ImageObject","inLanguage":"gl-ES","@id":"https:\/\/www.adecose.com\/el-volumen-de-primas-de-seguros-ciber-en-espana-se-incrementa-un-30-en-el-ultimo-ano\/#primaryimage","url":"https:\/\/www.adecose.com\/wp-content\/uploads\/2023\/09\/Captura-de-pantalla-2023-09-14-a-las-17.54.20.png","contentUrl":"https:\/\/www.adecose.com\/wp-content\/uploads\/2023\/09\/Captura-de-pantalla-2023-09-14-a-las-17.54.20.png","width":1170,"height":718},{"@type":"BreadcrumbList","@id":"https:\/\/www.adecose.com\/el-volumen-de-primas-de-seguros-ciber-en-espana-se-incrementa-un-30-en-el-ultimo-ano\/#breadcrumb","itemListElement":[{"@type":"ListItem","position":1,"name":"Portada","item":"https:\/\/www.adecose.com\/gl\/"},{"@type":"ListItem","position":2,"name":"El volumen de primas de seguros Ciber en Espa\u00f1a se incrementa un 30% en el \u00faltimo a\u00f1o"}]},{"@type":"WebSite","@id":"https:\/\/www.adecose.com\/gl\/#website","url":"https:\/\/www.adecose.com\/gl\/","name":"ADECOSE","description":"Asociaci\u00f3n Espa\u00f1ola de Corretor\u00edas de Seguros e Reaseguros","publisher":{"@id":"https:\/\/www.adecose.com\/gl\/#organization"},"potentialAction":[{"@type":"SearchAction","target":{"@type":"EntryPoint","urlTemplate":"https:\/\/www.adecose.com\/gl\/?s={search_term_string}"},"query-input":{"@type":"PropertyValueSpecification","valueRequired":true,"valueName":"search_term_string"}}],"inLanguage":"gl-ES"},{"@type":"Organization","@id":"https:\/\/www.adecose.com\/gl\/#organization","name":"ADECOSE","url":"https:\/\/www.adecose.com\/gl\/","logo":{"@type":"ImageObject","inLanguage":"gl-ES","@id":"https:\/\/www.adecose.com\/gl\/#\/schema\/logo\/image\/","url":"https:\/\/www.adecose.com\/wp-content\/uploads\/2020\/07\/favicon.png","contentUrl":"https:\/\/www.adecose.com\/wp-content\/uploads\/2020\/07\/favicon.png","width":512,"height":512,"caption":"ADECOSE"},"image":{"@id":"https:\/\/www.adecose.com\/gl\/#\/schema\/logo\/image\/"}},{"@type":"Person","@id":"https:\/\/www.adecose.com\/gl\/#\/schema\/person\/ff086ce55f6379e1d225a2c0dca5eeb6","name":"Comunicaci\u00f3n ADECOSE","image":{"@type":"ImageObject","inLanguage":"gl-ES","@id":"https:\/\/secure.gravatar.com\/avatar\/01cd1f9571997441bf1da6d1cc147351305f03fe8f2acf1ebbec60ebb26924ce?s=96&d=mm&r=g","url":"https:\/\/secure.gravatar.com\/avatar\/01cd1f9571997441bf1da6d1cc147351305f03fe8f2acf1ebbec60ebb26924ce?s=96&d=mm&r=g","contentUrl":"https:\/\/secure.gravatar.com\/avatar\/01cd1f9571997441bf1da6d1cc147351305f03fe8f2acf1ebbec60ebb26924ce?s=96&d=mm&r=g","caption":"Comunicaci\u00f3n ADECOSE"}}]}},"_links":{"self":[{"href":"https:\/\/www.adecose.com\/gl\/wp-json\/wp\/v2\/posts\/15324","targetHints":{"allow":["GET"]}}],"collection":[{"href":"https:\/\/www.adecose.com\/gl\/wp-json\/wp\/v2\/posts"}],"about":[{"href":"https:\/\/www.adecose.com\/gl\/wp-json\/wp\/v2\/types\/post"}],"author":[{"embeddable":true,"href":"https:\/\/www.adecose.com\/gl\/wp-json\/wp\/v2\/users\/197"}],"replies":[{"embeddable":true,"href":"https:\/\/www.adecose.com\/gl\/wp-json\/wp\/v2\/comments?post=15324"}],"version-history":[{"count":0,"href":"https:\/\/www.adecose.com\/gl\/wp-json\/wp\/v2\/posts\/15324\/revisions"}],"wp:featuredmedia":[{"embeddable":true,"href":"https:\/\/www.adecose.com\/gl\/wp-json\/wp\/v2\/media\/15325"}],"wp:attachment":[{"href":"https:\/\/www.adecose.com\/gl\/wp-json\/wp\/v2\/media?parent=15324"}],"wp:term":[{"taxonomy":"category","embeddable":true,"href":"https:\/\/www.adecose.com\/gl\/wp-json\/wp\/v2\/categories?post=15324"},{"taxonomy":"post_tag","embeddable":true,"href":"https:\/\/www.adecose.com\/gl\/wp-json\/wp\/v2\/tags?post=15324"}],"curies":[{"name":"wp","href":"https:\/\/api.w.org\/{rel}","templated":true}]}}