{"id":15322,"date":"2023-09-14T17:56:22","date_gmt":"2023-09-14T15:56:22","guid":{"rendered":"https:\/\/www.adecose.com\/?p=15322"},"modified":"2023-09-14T17:56:22","modified_gmt":"2023-09-14T15:56:22","slug":"wtw-celebra-la-xviii-edicion-de-su-jornada-anual-sobre-la-gestion-de-riesgos-en-el-sector-turistico","status":"publish","type":"post","link":"https:\/\/www.adecose.com\/gl\/wtw-celebra-la-xviii-edicion-de-su-jornada-anual-sobre-la-gestion-de-riesgos-en-el-sector-turistico\/","title":{"rendered":"WTW celebra la XVIII Edici\u00f3n de su Jornada anual sobre la Gesti\u00f3n de Riesgos en el Sector Tur\u00edstico"},"content":{"rendered":"[vc_row type=&#8221;in_container&#8221; full_screen_row_position=&#8221;middle&#8221; column_margin=&#8221;default&#8221; column_direction=&#8221;default&#8221; column_direction_tablet=&#8221;default&#8221; column_direction_phone=&#8221;default&#8221; scene_position=&#8221;center&#8221; text_color=&#8221;dark&#8221; text_align=&#8221;left&#8221; row_border_radius=&#8221;none&#8221; row_border_radius_applies=&#8221;bg&#8221; overflow=&#8221;visible&#8221; overlay_strength=&#8221;0.3&#8243; gradient_direction=&#8221;left_to_right&#8221; shape_divider_position=&#8221;bottom&#8221; bg_image_animation=&#8221;none&#8221;][vc_column column_padding=&#8221;no-extra-padding&#8221; column_padding_tablet=&#8221;inherit&#8221; column_padding_phone=&#8221;inherit&#8221; column_padding_position=&#8221;all&#8221; column_element_direction_desktop=&#8221;default&#8221; column_element_spacing=&#8221;default&#8221; desktop_text_alignment=&#8221;default&#8221; tablet_text_alignment=&#8221;default&#8221; phone_text_alignment=&#8221;default&#8221; background_color_opacity=&#8221;1&#8243; background_hover_color_opacity=&#8221;1&#8243; column_backdrop_filter=&#8221;none&#8221; column_shadow=&#8221;none&#8221; column_border_radius=&#8221;none&#8221; column_link_target=&#8221;_self&#8221; column_position=&#8221;default&#8221; gradient_direction=&#8221;left_to_right&#8221; overlay_strength=&#8221;0.3&#8243; width=&#8221;1\/1&#8243; tablet_width_inherit=&#8221;default&#8221; animation_type=&#8221;default&#8221; bg_image_animation=&#8221;none&#8221; border_type=&#8221;simple&#8221; column_border_width=&#8221;none&#8221; column_border_style=&#8221;solid&#8221;][vc_column_text]\n<ul>\n<li><b>Re\u00fane a primeros espadas de FEHM, CAEB, \u00c1voris-Grupo Barcel\u00f3,<\/b>\u00a0<b>Hyatt y Meli\u00e1 Hotels International<\/b><\/li>\n<li class=\"x_MsoListParagraphCxSpLast\"><b>Se analizar\u00e1 la profunda transformaci\u00f3n de una industria clave para la econom\u00eda espa\u00f1ola<\/b><b>\u00a0<\/b><\/li>\n<\/ul>\n<p class=\"x_MsoListParagraphCxSpLast\">La consultora especializada en an\u00e1lisis de riesgos y br\u00f3ker de seguros<b>\u00a0<\/b>WTW (antes Willis Towers Watson) organiza la<strong> XVIII Edici\u00f3n de su evento anual sobre Gesti\u00f3n de Riesgos en el Sector Tur\u00edstico,<\/strong> en esta ocasi\u00f3n titulado\u00a0<i>\u201cRetos transformados en oportunidades\u201d<\/i>.<\/p>\n<p class=\"x_MsoNormal\">El evento, que congregar\u00e1 un a\u00f1o m\u00e1s a un nutrido grupo de expertos de gran reconocimiento en el sector, se centrar\u00e1 en el an\u00e1lisis de la profunda transformaci\u00f3n que est\u00e1 viviendo una industria que este a\u00f1o podr\u00eda alcanzar en Espa\u00f1a la cifra hist\u00f3rica de 85 millones de turistas. Asimismo, en la jornada se afrontar\u00e1 el futuro del turismo desde una perspectiva diferente, buscando siempre la oportunidad y el valor que hagan la diferencia.<\/p>\n<p class=\"x_MsoNormal\">A trav\u00e9s de distintas mesas de debate y entrevistas a directivos del sector, los asistentes podr\u00e1n conocer c\u00f3mo afrontar los <strong>riesgos y amenazas de cara a 2024<\/strong>, as\u00ed como las fortalezas y oportunidades para mantener el crecimiento y la competitividad.<\/p>\n<p class=\"x_MsoNormal\">La jornada tendr\u00e1 lugar el viernes <strong>22 de\u00a0septiembre de 9:30 a 13:15 horas en el Hotel Gran Meli\u00e1 Victoria<\/strong>, ubicado en la Avenida Joan Mir\u00f3 21 de\u00a0<strong>Palma de Mallorca<\/strong>, y se cerrar\u00e1 con un c\u00f3ctel en el que los asistentes podr\u00e1n intercambiar ideas y opiniones.\u00a0La inscripci\u00f3n es gratuita y est\u00e1 disponible\u00a0en\u00a0<a href=\"https:\/\/email.tmg.vrfy.email\/c\/eJxEkUGP2jAQRn-Nc3MUbMdxDjkgUURLd7Wq1G3ZS2TsSTB1bNbjAMuvr0Ct9jTS0xye3mc7Ixg0BXQL2QqpGFd1AZN2vscTWHdzMUCneSPqxb6FgYhqwlGyoZzAOm1tAsQSsDh0tR6AKxByL-racm4s7EHJSkGrrRJQuI5VjFftQlRtJVldVlIyo1TdiEbJWgoiqjyN5TkNH-XDofDdIecTEr4kbE3Y2sSQIWQKWF6c9w5zvEDCi84YQ2niRNgakAIStr6enXP0GFPQVtMRMLsYaHKAY0SKYHJMNM_JYXYmUn8ifD3nqTd6Omk3BsJXL9pPmrCaVRYe50l7H5PRhMn7K8Y5GSB8dcD-IfyP39vME-Gr_7A_IARD-OrEls_v-UYpW_Zvx8Fv0_V5G77vmmPD6I-dHObjV_PrepF4nP_0P9Xt3c0f7Wb8cn7t6_S02W3at7A9f2tfX86X30XqwEPQRqf93YyISlswEeHeovhcsHe2WzQtl6LI3d8AAAD__x9Bppk\" target=\"_blank\" rel=\"noopener noreferrer\" data-auth=\"NotApplicable\" data-linkindex=\"0\"><b>este link<\/b><\/a><b>.\u00a0<\/b><\/p>\n<p class=\"x_MsoNormal\">En esta su XVIII Edici\u00f3n, el panel de expertos del evento estar\u00e1 compuesto por:<\/p>\n<ul type=\"disc\">\n<li class=\"x_MsoNormal\"><strong>Mar\u00eda Frontera<\/strong>, presidenta de FEHM y vicepresidenta de CEHAT<\/li>\n<li class=\"x_MsoNormal\"><strong>Carmen Planas<\/strong>, presidenta de CAEB, vicepresidenta de CEPYME y presidenta de la Comisi\u00f3n de RSE de CEOE<\/li>\n<li class=\"x_MsoNormal\"><b>Vicente Fenollar<\/b>, presidente y consejero delegado de \u00c1voris y director general-econ\u00f3mico financiero de Grupo Barcel\u00f3<\/li>\n<li class=\"x_MsoListParagraphCxSpFirst\"><b>Javier \u00c1guila<\/b>, presidente para Europa, \u00c1frica y Oriente Medio de Hyatt<\/li>\n<li class=\"x_MsoListParagraphCxSpLast\"><b>Lourdes Ripoll de Oleza<\/b>, vicepresidente de Sostenibilidad de Meli\u00e1 Hotels International<\/li>\n<li class=\"x_MsoNormal\"><strong>Manuel Molina<\/strong>, editor y director de Hosteltur<\/li>\n<li class=\"x_MsoNormal\"><strong>Juan Carlos T\u00e1rraga<\/strong>, director de Turismo de WTW Espa\u00f1a<\/li>\n<li class=\"x_MsoNormal\"><b>Cristina Satr\u00fastegui,\u00a0<\/b>responsable de Negocio ESG en WTW Espa\u00f1a<\/li>\n<\/ul>\n<p class=\"x_MsoNormal\">Hay m\u00e1s informaci\u00f3n y aproximaciones en este<b>\u00a0<\/b><a href=\"https:\/\/email.tmg.vrfy.email\/c\/eJxEkE2L2zAQQH-NdKuQRx-2Djp0Sw3psZRub0a2xomKLBmPNqH99SUm0NtjGN48JvpFA_YcfWedtgOowXDcQsoT7RjT31QL-qB6bbrZ4cq03OhqYRUbxhRiPJBIIPGbB-UkLA4duNnJ2Fk3xAB67ZXB1c2aJw8SlHSdlk5aMEJaC8swmF73gzVWMy3bdhX3Y_0jzgae_a21nZj6zGBkMC61NCztE5J4pJwTtfrAgx6hUS1iqRuD8fYxr8Rg_P7GYPx6x9IqTc_LDMZfPy-XCwMD8ls9Sojh5FA-Qj7pitQSA_NFMTBvqpzDIyFdK51MuLeX6_3H-_S7PiXTa2PaQ97CdF_Ftmt-eMxYwhKOOeRcmZYh4lIJn538_3enFH3XO2U1b_5fAAAA__8yP311\" target=\"_blank\" rel=\"noopener noreferrer\" data-auth=\"NotApplicable\" data-linkindex=\"1\"><b>V\u00eddeo presentaci\u00f3n<\/b><\/a><\/p>\n[\/vc_column_text][\/vc_column][\/vc_row]\n","protected":false},"excerpt":{"rendered":"<p>[vc_row type=&#8221;in_container&#8221; full_screen_row_position=&#8221;middle&#8221; column_margin=&#8221;default&#8221; column_direction=&#8221;default&#8221; column_direction_tablet=&#8221;default&#8221; column_direction_phone=&#8221;default&#8221; scene_position=&#8221;center&#8221; text_color=&#8221;dark&#8221; text_align=&#8221;left&#8221; row_border_radius=&#8221;none&#8221; row_border_radius_applies=&#8221;bg&#8221; overflow=&#8221;visible&#8221; overlay_strength=&#8221;0.3&#8243; gradient_direction=&#8221;left_to_right&#8221; shape_divider_position=&#8221;bottom&#8221; bg_image_animation=&#8221;none&#8221;][vc_column column_padding=&#8221;no-extra-padding&#8221; column_padding_tablet=&#8221;inherit&#8221; column_padding_phone=&#8221;inherit&#8221; column_padding_position=&#8221;all&#8221; column_element_direction_desktop=&#8221;default&#8221; column_element_spacing=&#8221;default&#8221; desktop_text_alignment=&#8221;default&#8221; tablet_text_alignment=&#8221;default&#8221;&#8230;<\/p>\n","protected":false},"author":197,"featured_media":13234,"comment_status":"closed","ping_status":"closed","sticky":false,"template":"","format":"standard","meta":{"_acf_changed":false,"_price":"","_stock":"","_tribe_ticket_header":"","_tribe_default_ticket_provider":"","_tribe_ticket_capacity":"0","_ticket_start_date":"","_ticket_end_date":"","_tribe_ticket_show_description":"","_tribe_ticket_show_not_going":false,"_tribe_ticket_use_global_stock":"","_tribe_ticket_global_stock_level":"","_global_stock_mode":"","_global_stock_cap":"","_tribe_rsvp_for_event":"","_tribe_ticket_going_count":"","_tribe_ticket_not_going_count":"","_tribe_tickets_list":"[]","_tribe_ticket_has_attendee_info_fields":false,"footnotes":""},"categories":[339],"tags":[352,342],"class_list":["post-15322","post","type-post","status-publish","format-standard","has-post-thumbnail","category-espacio-correduriasadecose","tag-espacio-correduriasadecose","tag-wtw"],"acf":[],"yoast_head":"<!-- This site is optimized with the Yoast SEO plugin v27.2 - https:\/\/yoast.com\/product\/yoast-seo-wordpress\/ -->\n<title>WTW celebra la XVIII Edici\u00f3n de su Jornada anual sobre la Gesti\u00f3n de Riesgos en el Sector Tur\u00edstico - ADECOSE<\/title>\n<meta name=\"robots\" content=\"index, follow, max-snippet:-1, max-image-preview:large, max-video-preview:-1\" \/>\n<link rel=\"canonical\" href=\"https:\/\/www.adecose.com\/wtw-celebra-la-xviii-edicion-de-su-jornada-anual-sobre-la-gestion-de-riesgos-en-el-sector-turistico\/\" \/>\n<meta property=\"og:locale\" content=\"gl_ES\" \/>\n<meta property=\"og:type\" content=\"article\" \/>\n<meta property=\"og:title\" content=\"WTW celebra la XVIII Edici\u00f3n de su Jornada anual sobre la Gesti\u00f3n de Riesgos en el Sector Tur\u00edstico - ADECOSE\" \/>\n<meta property=\"og:description\" content=\"[vc_row type=&#8221;in_container&#8221; full_screen_row_position=&#8221;middle&#8221; column_margin=&#8221;default&#8221; column_direction=&#8221;default&#8221; column_direction_tablet=&#8221;default&#8221; column_direction_phone=&#8221;default&#8221; scene_position=&#8221;center&#8221; text_color=&#8221;dark&#8221; text_align=&#8221;left&#8221; row_border_radius=&#8221;none&#8221; row_border_radius_applies=&#8221;bg&#8221; overflow=&#8221;visible&#8221; overlay_strength=&#8221;0.3&#8243; gradient_direction=&#8221;left_to_right&#8221; shape_divider_position=&#8221;bottom&#8221; bg_image_animation=&#8221;none&#8221;][vc_column column_padding=&#8221;no-extra-padding&#8221; column_padding_tablet=&#8221;inherit&#8221; column_padding_phone=&#8221;inherit&#8221; column_padding_position=&#8221;all&#8221; column_element_direction_desktop=&#8221;default&#8221; column_element_spacing=&#8221;default&#8221; desktop_text_alignment=&#8221;default&#8221; tablet_text_alignment=&#8221;default&#8221;...\" \/>\n<meta property=\"og:url\" content=\"https:\/\/www.adecose.com\/wtw-celebra-la-xviii-edicion-de-su-jornada-anual-sobre-la-gestion-de-riesgos-en-el-sector-turistico\/\" \/>\n<meta property=\"og:site_name\" content=\"ADECOSE\" \/>\n<meta property=\"article:published_time\" content=\"2023-09-14T15:56:22+00:00\" \/>\n<meta property=\"og:image\" content=\"https:\/\/www.adecose.com\/wp-content\/uploads\/2022\/11\/Captura-de-Pantalla-2022-11-18-a-las-10.46.16.png\" \/>\n\t<meta property=\"og:image:width\" content=\"1192\" \/>\n\t<meta property=\"og:image:height\" content=\"746\" \/>\n\t<meta property=\"og:image:type\" content=\"image\/png\" \/>\n<meta name=\"author\" content=\"Comunicaci\u00f3n ADECOSE\" \/>\n<meta name=\"twitter:card\" content=\"summary_large_image\" \/>\n<meta name=\"twitter:label1\" content=\"Escrito por\" \/>\n\t<meta name=\"twitter:data1\" content=\"Comunicaci\u00f3n ADECOSE\" \/>\n\t<meta name=\"twitter:label2\" content=\"Tempo de lectura\" \/>\n\t<meta name=\"twitter:data2\" content=\"2 minutos\" \/>\n<script type=\"application\/ld+json\" class=\"yoast-schema-graph\">{\"@context\":\"https:\/\/schema.org\",\"@graph\":[{\"@type\":\"Article\",\"@id\":\"https:\/\/www.adecose.com\/wtw-celebra-la-xviii-edicion-de-su-jornada-anual-sobre-la-gestion-de-riesgos-en-el-sector-turistico\/#article\",\"isPartOf\":{\"@id\":\"https:\/\/www.adecose.com\/wtw-celebra-la-xviii-edicion-de-su-jornada-anual-sobre-la-gestion-de-riesgos-en-el-sector-turistico\/\"},\"author\":{\"name\":\"Comunicaci\u00f3n ADECOSE\",\"@id\":\"https:\/\/www.adecose.com\/gl\/#\/schema\/person\/ff086ce55f6379e1d225a2c0dca5eeb6\"},\"headline\":\"WTW celebra la XVIII Edici\u00f3n de su Jornada anual sobre la Gesti\u00f3n de Riesgos en el Sector Tur\u00edstico\",\"datePublished\":\"2023-09-14T15:56:22+00:00\",\"mainEntityOfPage\":{\"@id\":\"https:\/\/www.adecose.com\/wtw-celebra-la-xviii-edicion-de-su-jornada-anual-sobre-la-gestion-de-riesgos-en-el-sector-turistico\/\"},\"wordCount\":561,\"publisher\":{\"@id\":\"https:\/\/www.adecose.com\/gl\/#organization\"},\"image\":{\"@id\":\"https:\/\/www.adecose.com\/wtw-celebra-la-xviii-edicion-de-su-jornada-anual-sobre-la-gestion-de-riesgos-en-el-sector-turistico\/#primaryimage\"},\"thumbnailUrl\":\"https:\/\/www.adecose.com\/wp-content\/uploads\/2022\/11\/Captura-de-Pantalla-2022-11-18-a-las-10.46.16.png\",\"keywords\":[\"Espacio #Corredur\u00edasADECOSE\",\"WTW\"],\"articleSection\":[\"Espacio #Corredur\u00edasADECOSE\"],\"inLanguage\":\"gl-ES\"},{\"@type\":\"WebPage\",\"@id\":\"https:\/\/www.adecose.com\/wtw-celebra-la-xviii-edicion-de-su-jornada-anual-sobre-la-gestion-de-riesgos-en-el-sector-turistico\/\",\"url\":\"https:\/\/www.adecose.com\/wtw-celebra-la-xviii-edicion-de-su-jornada-anual-sobre-la-gestion-de-riesgos-en-el-sector-turistico\/\",\"name\":\"WTW celebra la XVIII Edici\u00f3n de su Jornada anual sobre la Gesti\u00f3n de Riesgos en el Sector Tur\u00edstico - ADECOSE\",\"isPartOf\":{\"@id\":\"https:\/\/www.adecose.com\/gl\/#website\"},\"primaryImageOfPage\":{\"@id\":\"https:\/\/www.adecose.com\/wtw-celebra-la-xviii-edicion-de-su-jornada-anual-sobre-la-gestion-de-riesgos-en-el-sector-turistico\/#primaryimage\"},\"image\":{\"@id\":\"https:\/\/www.adecose.com\/wtw-celebra-la-xviii-edicion-de-su-jornada-anual-sobre-la-gestion-de-riesgos-en-el-sector-turistico\/#primaryimage\"},\"thumbnailUrl\":\"https:\/\/www.adecose.com\/wp-content\/uploads\/2022\/11\/Captura-de-Pantalla-2022-11-18-a-las-10.46.16.png\",\"datePublished\":\"2023-09-14T15:56:22+00:00\",\"breadcrumb\":{\"@id\":\"https:\/\/www.adecose.com\/wtw-celebra-la-xviii-edicion-de-su-jornada-anual-sobre-la-gestion-de-riesgos-en-el-sector-turistico\/#breadcrumb\"},\"inLanguage\":\"gl-ES\",\"potentialAction\":[{\"@type\":\"ReadAction\",\"target\":[\"https:\/\/www.adecose.com\/wtw-celebra-la-xviii-edicion-de-su-jornada-anual-sobre-la-gestion-de-riesgos-en-el-sector-turistico\/\"]}]},{\"@type\":\"ImageObject\",\"inLanguage\":\"gl-ES\",\"@id\":\"https:\/\/www.adecose.com\/wtw-celebra-la-xviii-edicion-de-su-jornada-anual-sobre-la-gestion-de-riesgos-en-el-sector-turistico\/#primaryimage\",\"url\":\"https:\/\/www.adecose.com\/wp-content\/uploads\/2022\/11\/Captura-de-Pantalla-2022-11-18-a-las-10.46.16.png\",\"contentUrl\":\"https:\/\/www.adecose.com\/wp-content\/uploads\/2022\/11\/Captura-de-Pantalla-2022-11-18-a-las-10.46.16.png\",\"width\":1192,\"height\":746},{\"@type\":\"BreadcrumbList\",\"@id\":\"https:\/\/www.adecose.com\/wtw-celebra-la-xviii-edicion-de-su-jornada-anual-sobre-la-gestion-de-riesgos-en-el-sector-turistico\/#breadcrumb\",\"itemListElement\":[{\"@type\":\"ListItem\",\"position\":1,\"name\":\"Portada\",\"item\":\"https:\/\/www.adecose.com\/gl\/\"},{\"@type\":\"ListItem\",\"position\":2,\"name\":\"WTW celebra la XVIII Edici\u00f3n de su Jornada anual sobre la Gesti\u00f3n de Riesgos en el Sector Tur\u00edstico\"}]},{\"@type\":\"WebSite\",\"@id\":\"https:\/\/www.adecose.com\/gl\/#website\",\"url\":\"https:\/\/www.adecose.com\/gl\/\",\"name\":\"ADECOSE\",\"description\":\"Asociaci\u00f3n Espa\u00f1ola de Corretor\u00edas de Seguros e Reaseguros\",\"publisher\":{\"@id\":\"https:\/\/www.adecose.com\/gl\/#organization\"},\"potentialAction\":[{\"@type\":\"SearchAction\",\"target\":{\"@type\":\"EntryPoint\",\"urlTemplate\":\"https:\/\/www.adecose.com\/gl\/?s={search_term_string}\"},\"query-input\":{\"@type\":\"PropertyValueSpecification\",\"valueRequired\":true,\"valueName\":\"search_term_string\"}}],\"inLanguage\":\"gl-ES\"},{\"@type\":\"Organization\",\"@id\":\"https:\/\/www.adecose.com\/gl\/#organization\",\"name\":\"ADECOSE\",\"url\":\"https:\/\/www.adecose.com\/gl\/\",\"logo\":{\"@type\":\"ImageObject\",\"inLanguage\":\"gl-ES\",\"@id\":\"https:\/\/www.adecose.com\/gl\/#\/schema\/logo\/image\/\",\"url\":\"https:\/\/www.adecose.com\/wp-content\/uploads\/2020\/07\/favicon.png\",\"contentUrl\":\"https:\/\/www.adecose.com\/wp-content\/uploads\/2020\/07\/favicon.png\",\"width\":512,\"height\":512,\"caption\":\"ADECOSE\"},\"image\":{\"@id\":\"https:\/\/www.adecose.com\/gl\/#\/schema\/logo\/image\/\"}},{\"@type\":\"Person\",\"@id\":\"https:\/\/www.adecose.com\/gl\/#\/schema\/person\/ff086ce55f6379e1d225a2c0dca5eeb6\",\"name\":\"Comunicaci\u00f3n ADECOSE\",\"image\":{\"@type\":\"ImageObject\",\"inLanguage\":\"gl-ES\",\"@id\":\"https:\/\/secure.gravatar.com\/avatar\/01cd1f9571997441bf1da6d1cc147351305f03fe8f2acf1ebbec60ebb26924ce?s=96&d=mm&r=g\",\"url\":\"https:\/\/secure.gravatar.com\/avatar\/01cd1f9571997441bf1da6d1cc147351305f03fe8f2acf1ebbec60ebb26924ce?s=96&d=mm&r=g\",\"contentUrl\":\"https:\/\/secure.gravatar.com\/avatar\/01cd1f9571997441bf1da6d1cc147351305f03fe8f2acf1ebbec60ebb26924ce?s=96&d=mm&r=g\",\"caption\":\"Comunicaci\u00f3n ADECOSE\"}}]}<\/script>\n<!-- \/ Yoast SEO plugin. -->","yoast_head_json":{"title":"WTW celebra la XVIII Edici\u00f3n de su Jornada anual sobre la Gesti\u00f3n de Riesgos en el Sector Tur\u00edstico - ADECOSE","robots":{"index":"index","follow":"follow","max-snippet":"max-snippet:-1","max-image-preview":"max-image-preview:large","max-video-preview":"max-video-preview:-1"},"canonical":"https:\/\/www.adecose.com\/wtw-celebra-la-xviii-edicion-de-su-jornada-anual-sobre-la-gestion-de-riesgos-en-el-sector-turistico\/","og_locale":"gl_ES","og_type":"article","og_title":"WTW celebra la XVIII Edici\u00f3n de su Jornada anual sobre la Gesti\u00f3n de Riesgos en el Sector Tur\u00edstico - ADECOSE","og_description":"[vc_row type=&#8221;in_container&#8221; full_screen_row_position=&#8221;middle&#8221; column_margin=&#8221;default&#8221; column_direction=&#8221;default&#8221; column_direction_tablet=&#8221;default&#8221; column_direction_phone=&#8221;default&#8221; scene_position=&#8221;center&#8221; text_color=&#8221;dark&#8221; text_align=&#8221;left&#8221; row_border_radius=&#8221;none&#8221; row_border_radius_applies=&#8221;bg&#8221; overflow=&#8221;visible&#8221; overlay_strength=&#8221;0.3&#8243; gradient_direction=&#8221;left_to_right&#8221; shape_divider_position=&#8221;bottom&#8221; bg_image_animation=&#8221;none&#8221;][vc_column column_padding=&#8221;no-extra-padding&#8221; column_padding_tablet=&#8221;inherit&#8221; column_padding_phone=&#8221;inherit&#8221; column_padding_position=&#8221;all&#8221; column_element_direction_desktop=&#8221;default&#8221; column_element_spacing=&#8221;default&#8221; desktop_text_alignment=&#8221;default&#8221; tablet_text_alignment=&#8221;default&#8221;...","og_url":"https:\/\/www.adecose.com\/wtw-celebra-la-xviii-edicion-de-su-jornada-anual-sobre-la-gestion-de-riesgos-en-el-sector-turistico\/","og_site_name":"ADECOSE","article_published_time":"2023-09-14T15:56:22+00:00","og_image":[{"width":1192,"height":746,"url":"https:\/\/www.adecose.com\/wp-content\/uploads\/2022\/11\/Captura-de-Pantalla-2022-11-18-a-las-10.46.16.png","type":"image\/png"}],"author":"Comunicaci\u00f3n ADECOSE","twitter_card":"summary_large_image","twitter_misc":{"Escrito por":"Comunicaci\u00f3n ADECOSE","Tempo de lectura":"2 minutos"},"schema":{"@context":"https:\/\/schema.org","@graph":[{"@type":"Article","@id":"https:\/\/www.adecose.com\/wtw-celebra-la-xviii-edicion-de-su-jornada-anual-sobre-la-gestion-de-riesgos-en-el-sector-turistico\/#article","isPartOf":{"@id":"https:\/\/www.adecose.com\/wtw-celebra-la-xviii-edicion-de-su-jornada-anual-sobre-la-gestion-de-riesgos-en-el-sector-turistico\/"},"author":{"name":"Comunicaci\u00f3n ADECOSE","@id":"https:\/\/www.adecose.com\/gl\/#\/schema\/person\/ff086ce55f6379e1d225a2c0dca5eeb6"},"headline":"WTW celebra la XVIII Edici\u00f3n de su Jornada anual sobre la Gesti\u00f3n de Riesgos en el Sector Tur\u00edstico","datePublished":"2023-09-14T15:56:22+00:00","mainEntityOfPage":{"@id":"https:\/\/www.adecose.com\/wtw-celebra-la-xviii-edicion-de-su-jornada-anual-sobre-la-gestion-de-riesgos-en-el-sector-turistico\/"},"wordCount":561,"publisher":{"@id":"https:\/\/www.adecose.com\/gl\/#organization"},"image":{"@id":"https:\/\/www.adecose.com\/wtw-celebra-la-xviii-edicion-de-su-jornada-anual-sobre-la-gestion-de-riesgos-en-el-sector-turistico\/#primaryimage"},"thumbnailUrl":"https:\/\/www.adecose.com\/wp-content\/uploads\/2022\/11\/Captura-de-Pantalla-2022-11-18-a-las-10.46.16.png","keywords":["Espacio #Corredur\u00edasADECOSE","WTW"],"articleSection":["Espacio #Corredur\u00edasADECOSE"],"inLanguage":"gl-ES"},{"@type":"WebPage","@id":"https:\/\/www.adecose.com\/wtw-celebra-la-xviii-edicion-de-su-jornada-anual-sobre-la-gestion-de-riesgos-en-el-sector-turistico\/","url":"https:\/\/www.adecose.com\/wtw-celebra-la-xviii-edicion-de-su-jornada-anual-sobre-la-gestion-de-riesgos-en-el-sector-turistico\/","name":"WTW celebra la XVIII Edici\u00f3n de su Jornada anual sobre la Gesti\u00f3n de Riesgos en el Sector Tur\u00edstico - ADECOSE","isPartOf":{"@id":"https:\/\/www.adecose.com\/gl\/#website"},"primaryImageOfPage":{"@id":"https:\/\/www.adecose.com\/wtw-celebra-la-xviii-edicion-de-su-jornada-anual-sobre-la-gestion-de-riesgos-en-el-sector-turistico\/#primaryimage"},"image":{"@id":"https:\/\/www.adecose.com\/wtw-celebra-la-xviii-edicion-de-su-jornada-anual-sobre-la-gestion-de-riesgos-en-el-sector-turistico\/#primaryimage"},"thumbnailUrl":"https:\/\/www.adecose.com\/wp-content\/uploads\/2022\/11\/Captura-de-Pantalla-2022-11-18-a-las-10.46.16.png","datePublished":"2023-09-14T15:56:22+00:00","breadcrumb":{"@id":"https:\/\/www.adecose.com\/wtw-celebra-la-xviii-edicion-de-su-jornada-anual-sobre-la-gestion-de-riesgos-en-el-sector-turistico\/#breadcrumb"},"inLanguage":"gl-ES","potentialAction":[{"@type":"ReadAction","target":["https:\/\/www.adecose.com\/wtw-celebra-la-xviii-edicion-de-su-jornada-anual-sobre-la-gestion-de-riesgos-en-el-sector-turistico\/"]}]},{"@type":"ImageObject","inLanguage":"gl-ES","@id":"https:\/\/www.adecose.com\/wtw-celebra-la-xviii-edicion-de-su-jornada-anual-sobre-la-gestion-de-riesgos-en-el-sector-turistico\/#primaryimage","url":"https:\/\/www.adecose.com\/wp-content\/uploads\/2022\/11\/Captura-de-Pantalla-2022-11-18-a-las-10.46.16.png","contentUrl":"https:\/\/www.adecose.com\/wp-content\/uploads\/2022\/11\/Captura-de-Pantalla-2022-11-18-a-las-10.46.16.png","width":1192,"height":746},{"@type":"BreadcrumbList","@id":"https:\/\/www.adecose.com\/wtw-celebra-la-xviii-edicion-de-su-jornada-anual-sobre-la-gestion-de-riesgos-en-el-sector-turistico\/#breadcrumb","itemListElement":[{"@type":"ListItem","position":1,"name":"Portada","item":"https:\/\/www.adecose.com\/gl\/"},{"@type":"ListItem","position":2,"name":"WTW celebra la XVIII Edici\u00f3n de su Jornada anual sobre la Gesti\u00f3n de Riesgos en el Sector Tur\u00edstico"}]},{"@type":"WebSite","@id":"https:\/\/www.adecose.com\/gl\/#website","url":"https:\/\/www.adecose.com\/gl\/","name":"ADECOSE","description":"Asociaci\u00f3n Espa\u00f1ola de Corretor\u00edas de Seguros e Reaseguros","publisher":{"@id":"https:\/\/www.adecose.com\/gl\/#organization"},"potentialAction":[{"@type":"SearchAction","target":{"@type":"EntryPoint","urlTemplate":"https:\/\/www.adecose.com\/gl\/?s={search_term_string}"},"query-input":{"@type":"PropertyValueSpecification","valueRequired":true,"valueName":"search_term_string"}}],"inLanguage":"gl-ES"},{"@type":"Organization","@id":"https:\/\/www.adecose.com\/gl\/#organization","name":"ADECOSE","url":"https:\/\/www.adecose.com\/gl\/","logo":{"@type":"ImageObject","inLanguage":"gl-ES","@id":"https:\/\/www.adecose.com\/gl\/#\/schema\/logo\/image\/","url":"https:\/\/www.adecose.com\/wp-content\/uploads\/2020\/07\/favicon.png","contentUrl":"https:\/\/www.adecose.com\/wp-content\/uploads\/2020\/07\/favicon.png","width":512,"height":512,"caption":"ADECOSE"},"image":{"@id":"https:\/\/www.adecose.com\/gl\/#\/schema\/logo\/image\/"}},{"@type":"Person","@id":"https:\/\/www.adecose.com\/gl\/#\/schema\/person\/ff086ce55f6379e1d225a2c0dca5eeb6","name":"Comunicaci\u00f3n ADECOSE","image":{"@type":"ImageObject","inLanguage":"gl-ES","@id":"https:\/\/secure.gravatar.com\/avatar\/01cd1f9571997441bf1da6d1cc147351305f03fe8f2acf1ebbec60ebb26924ce?s=96&d=mm&r=g","url":"https:\/\/secure.gravatar.com\/avatar\/01cd1f9571997441bf1da6d1cc147351305f03fe8f2acf1ebbec60ebb26924ce?s=96&d=mm&r=g","contentUrl":"https:\/\/secure.gravatar.com\/avatar\/01cd1f9571997441bf1da6d1cc147351305f03fe8f2acf1ebbec60ebb26924ce?s=96&d=mm&r=g","caption":"Comunicaci\u00f3n ADECOSE"}}]}},"_links":{"self":[{"href":"https:\/\/www.adecose.com\/gl\/wp-json\/wp\/v2\/posts\/15322","targetHints":{"allow":["GET"]}}],"collection":[{"href":"https:\/\/www.adecose.com\/gl\/wp-json\/wp\/v2\/posts"}],"about":[{"href":"https:\/\/www.adecose.com\/gl\/wp-json\/wp\/v2\/types\/post"}],"author":[{"embeddable":true,"href":"https:\/\/www.adecose.com\/gl\/wp-json\/wp\/v2\/users\/197"}],"replies":[{"embeddable":true,"href":"https:\/\/www.adecose.com\/gl\/wp-json\/wp\/v2\/comments?post=15322"}],"version-history":[{"count":0,"href":"https:\/\/www.adecose.com\/gl\/wp-json\/wp\/v2\/posts\/15322\/revisions"}],"wp:featuredmedia":[{"embeddable":true,"href":"https:\/\/www.adecose.com\/gl\/wp-json\/wp\/v2\/media\/13234"}],"wp:attachment":[{"href":"https:\/\/www.adecose.com\/gl\/wp-json\/wp\/v2\/media?parent=15322"}],"wp:term":[{"taxonomy":"category","embeddable":true,"href":"https:\/\/www.adecose.com\/gl\/wp-json\/wp\/v2\/categories?post=15322"},{"taxonomy":"post_tag","embeddable":true,"href":"https:\/\/www.adecose.com\/gl\/wp-json\/wp\/v2\/tags?post=15322"}],"curies":[{"name":"wp","href":"https:\/\/api.w.org\/{rel}","templated":true}]}}