{"id":14962,"date":"2023-06-29T14:40:17","date_gmt":"2023-06-29T12:40:17","guid":{"rendered":"https:\/\/www.adecose.com\/?p=14962"},"modified":"2023-06-29T14:40:17","modified_gmt":"2023-06-29T12:40:17","slug":"pedro-de-torres-nuevo-chief-commercial-officer-zona-norte-de-aon-espana","status":"publish","type":"post","link":"https:\/\/www.adecose.com\/gl\/pedro-de-torres-nuevo-chief-commercial-officer-zona-norte-de-aon-espana\/","title":{"rendered":"Pedro de Torres, nuevo Chief Commercial Officer Zona Norte de Aon Espa\u00f1a"},"content":{"rendered":"[vc_row type=&#8221;in_container&#8221; full_screen_row_position=&#8221;middle&#8221; column_margin=&#8221;default&#8221; column_direction=&#8221;default&#8221; column_direction_tablet=&#8221;default&#8221; column_direction_phone=&#8221;default&#8221; scene_position=&#8221;center&#8221; text_color=&#8221;dark&#8221; text_align=&#8221;left&#8221; row_border_radius=&#8221;none&#8221; row_border_radius_applies=&#8221;bg&#8221; overflow=&#8221;visible&#8221; overlay_strength=&#8221;0.3&#8243; gradient_direction=&#8221;left_to_right&#8221; shape_divider_position=&#8221;bottom&#8221; bg_image_animation=&#8221;none&#8221;][vc_column column_padding=&#8221;no-extra-padding&#8221; column_padding_tablet=&#8221;inherit&#8221; column_padding_phone=&#8221;inherit&#8221; column_padding_position=&#8221;all&#8221; column_element_direction_desktop=&#8221;default&#8221; column_element_spacing=&#8221;default&#8221; desktop_text_alignment=&#8221;default&#8221; tablet_text_alignment=&#8221;default&#8221; phone_text_alignment=&#8221;default&#8221; background_color_opacity=&#8221;1&#8243; background_hover_color_opacity=&#8221;1&#8243; column_backdrop_filter=&#8221;none&#8221; column_shadow=&#8221;none&#8221; column_border_radius=&#8221;none&#8221; column_link_target=&#8221;_self&#8221; column_position=&#8221;default&#8221; gradient_direction=&#8221;left_to_right&#8221; overlay_strength=&#8221;0.3&#8243; width=&#8221;1\/1&#8243; tablet_width_inherit=&#8221;default&#8221; animation_type=&#8221;default&#8221; bg_image_animation=&#8221;none&#8221; border_type=&#8221;simple&#8221; column_border_width=&#8221;none&#8221; column_border_style=&#8221;solid&#8221;][vc_column_text]AON, firma l\u00edder en servicios profesionales a nivel global, ha anunciado el nombramiento de Pedro de Torres como nuevo C<strong>CO de la zona Norte de Aon Espa\u00f1a<\/strong>. Desde su nuevo puesto, se encargar\u00e1 de coordinar la actividad comercial de la firma en esta regi\u00f3n, ayudando a llevar todo el potencial de Aon a las empresas y organizaciones locales.<\/p>\n<p>Pedro de Torres, licenciado en Administraci\u00f3n y Direcci\u00f3n de Empresas, cuenta con m\u00e1s de <strong>20 a\u00f1os de experiencia en sectores como la consultor\u00eda y banca<\/strong> as\u00ed como una ya extensa carrera profesional dentro de Aon, donde se incorpor\u00f3 en 2013 y ha desarrollado diferentes responsabilidades. Con anterioridad a su reciente puesto como director comercial de Galicia, ha desempe\u00f1ado, entre otras, las funciones de responsable de la specialty de Cr\u00e9dito en Galicia, responsable de desarrollo de negocio de Aon Global Risk Consulting en el \u00e1rea Norte, as\u00ed como Director de la oficina de Aon en Burgos y Director de Desarrollo de Negocio de H&amp;B en Galicia.<\/p>\n<p><strong>Felipe Cobi\u00e1n<\/strong>, director general zona Norte Aon, afirma: \u201cEstamos muy satisfechos de poder contar con Pedro como l\u00edder de desarrollo de negocio en la regi\u00f3n, desde el cual aportar\u00e1 toda su experiencia, capacidad y profundo conocimiento del tejido empresarial local para ayudar a nuestros clientes a tomar las mejores decisiones y a gestionar de forma \u00f3ptima sus riesgos y personas\u201d.<\/p>\n<p>El momento actual, marcado por una profunda transformaci\u00f3n en todos los sectores, obliga a las empresas a adaptarse a las nuevas necesidades del mercado mitigando sus riesgos. \u201cEn este sentido, nuestros servicios han evolucionado en \u00e1reas tan diversas y de enorme actualidad como la propiedad intelectual, ciber seguridad, retenci\u00f3n de talento, retribuci\u00f3n, ESG, soluciones de cr\u00e9dito o estructuraci\u00f3n de capital, entre otros. Estamos seguros de que Pedro ser\u00e1 un importante refuerzo en nuestro equipo para seguir impulsando el crecimiento y la innovaci\u00f3n a nivel local \u201d, a\u00f1ade Cobi\u00e1n.<\/p>\n[\/vc_column_text][nectar_single_testimonial testimonial_style=&#8221;small_modern&#8221; color=&#8221;Default&#8221; quote=&#8221;\u201cEstamos muy satisfechos de poder contar con Pedro como l\u00edder de desarrollo de negocio en la regi\u00f3n, desde el cual aportar\u00e1 toda su experiencia, capacidad y profundo conocimiento del tejido empresarial local para ayudar a nuestros clientes a tomar las mejores decisiones y a gestionar de forma \u00f3ptima sus riesgos y personas\u201d.&#8221; name=&#8221;Felipe Cobi\u00e1n&#8221; subtitle=&#8221;Director general zona Norte Aon&#8221;][\/vc_column][\/vc_row]\n","protected":false},"excerpt":{"rendered":"<p>[vc_row type=&#8221;in_container&#8221; full_screen_row_position=&#8221;middle&#8221; column_margin=&#8221;default&#8221; column_direction=&#8221;default&#8221; column_direction_tablet=&#8221;default&#8221; column_direction_phone=&#8221;default&#8221; scene_position=&#8221;center&#8221; text_color=&#8221;dark&#8221; text_align=&#8221;left&#8221; row_border_radius=&#8221;none&#8221; row_border_radius_applies=&#8221;bg&#8221; overflow=&#8221;visible&#8221; overlay_strength=&#8221;0.3&#8243; gradient_direction=&#8221;left_to_right&#8221; shape_divider_position=&#8221;bottom&#8221; bg_image_animation=&#8221;none&#8221;][vc_column column_padding=&#8221;no-extra-padding&#8221; column_padding_tablet=&#8221;inherit&#8221; column_padding_phone=&#8221;inherit&#8221; column_padding_position=&#8221;all&#8221; column_element_direction_desktop=&#8221;default&#8221; column_element_spacing=&#8221;default&#8221; desktop_text_alignment=&#8221;default&#8221; tablet_text_alignment=&#8221;default&#8221;&#8230;<\/p>\n","protected":false},"author":197,"featured_media":14963,"comment_status":"closed","ping_status":"closed","sticky":false,"template":"","format":"standard","meta":{"_acf_changed":false,"_price":"","_stock":"","_tribe_ticket_header":"","_tribe_default_ticket_provider":"","_tribe_ticket_capacity":"0","_ticket_start_date":"","_ticket_end_date":"","_tribe_ticket_show_description":"","_tribe_ticket_show_not_going":false,"_tribe_ticket_use_global_stock":"","_tribe_ticket_global_stock_level":"","_global_stock_mode":"","_global_stock_cap":"","_tribe_rsvp_for_event":"","_tribe_ticket_going_count":"","_tribe_ticket_not_going_count":"","_tribe_tickets_list":"[]","_tribe_ticket_has_attendee_info_fields":false,"footnotes":""},"categories":[339],"tags":[395],"class_list":["post-14962","post","type-post","status-publish","format-standard","has-post-thumbnail","category-espacio-correduriasadecose","tag-aon"],"acf":[],"yoast_head":"<!-- This site is optimized with the Yoast SEO plugin v27.2 - https:\/\/yoast.com\/product\/yoast-seo-wordpress\/ -->\n<title>Pedro de Torres, nuevo Chief Commercial Officer Zona Norte de Aon Espa\u00f1a - ADECOSE<\/title>\n<meta name=\"robots\" content=\"index, follow, max-snippet:-1, max-image-preview:large, max-video-preview:-1\" \/>\n<link rel=\"canonical\" href=\"https:\/\/www.adecose.com\/pedro-de-torres-nuevo-chief-commercial-officer-zona-norte-de-aon-espana\/\" \/>\n<meta property=\"og:locale\" content=\"gl_ES\" \/>\n<meta property=\"og:type\" content=\"article\" \/>\n<meta property=\"og:title\" content=\"Pedro de Torres, nuevo Chief Commercial Officer Zona Norte de Aon Espa\u00f1a - ADECOSE\" \/>\n<meta property=\"og:description\" content=\"[vc_row type=&#8221;in_container&#8221; full_screen_row_position=&#8221;middle&#8221; column_margin=&#8221;default&#8221; column_direction=&#8221;default&#8221; column_direction_tablet=&#8221;default&#8221; column_direction_phone=&#8221;default&#8221; scene_position=&#8221;center&#8221; text_color=&#8221;dark&#8221; text_align=&#8221;left&#8221; row_border_radius=&#8221;none&#8221; row_border_radius_applies=&#8221;bg&#8221; overflow=&#8221;visible&#8221; overlay_strength=&#8221;0.3&#8243; gradient_direction=&#8221;left_to_right&#8221; shape_divider_position=&#8221;bottom&#8221; bg_image_animation=&#8221;none&#8221;][vc_column column_padding=&#8221;no-extra-padding&#8221; column_padding_tablet=&#8221;inherit&#8221; column_padding_phone=&#8221;inherit&#8221; column_padding_position=&#8221;all&#8221; column_element_direction_desktop=&#8221;default&#8221; column_element_spacing=&#8221;default&#8221; desktop_text_alignment=&#8221;default&#8221; tablet_text_alignment=&#8221;default&#8221;...\" \/>\n<meta property=\"og:url\" content=\"https:\/\/www.adecose.com\/pedro-de-torres-nuevo-chief-commercial-officer-zona-norte-de-aon-espana\/\" \/>\n<meta property=\"og:site_name\" content=\"ADECOSE\" \/>\n<meta property=\"article:published_time\" content=\"2023-06-29T12:40:17+00:00\" \/>\n<meta property=\"og:image\" content=\"https:\/\/www.adecose.com\/wp-content\/uploads\/2023\/06\/Pedro-de-Torres.jpg\" \/>\n\t<meta property=\"og:image:width\" content=\"595\" \/>\n\t<meta property=\"og:image:height\" content=\"402\" \/>\n\t<meta property=\"og:image:type\" content=\"image\/jpeg\" \/>\n<meta name=\"author\" content=\"Comunicaci\u00f3n ADECOSE\" \/>\n<meta name=\"twitter:card\" content=\"summary_large_image\" \/>\n<meta name=\"twitter:label1\" content=\"Escrito por\" \/>\n\t<meta name=\"twitter:data1\" content=\"Comunicaci\u00f3n ADECOSE\" \/>\n\t<meta name=\"twitter:label2\" content=\"Tempo de lectura\" \/>\n\t<meta name=\"twitter:data2\" content=\"2 minutos\" \/>\n<script type=\"application\/ld+json\" class=\"yoast-schema-graph\">{\"@context\":\"https:\/\/schema.org\",\"@graph\":[{\"@type\":\"Article\",\"@id\":\"https:\/\/www.adecose.com\/pedro-de-torres-nuevo-chief-commercial-officer-zona-norte-de-aon-espana\/#article\",\"isPartOf\":{\"@id\":\"https:\/\/www.adecose.com\/pedro-de-torres-nuevo-chief-commercial-officer-zona-norte-de-aon-espana\/\"},\"author\":{\"name\":\"Comunicaci\u00f3n ADECOSE\",\"@id\":\"https:\/\/www.adecose.com\/gl\/#\/schema\/person\/ff086ce55f6379e1d225a2c0dca5eeb6\"},\"headline\":\"Pedro de Torres, nuevo Chief Commercial Officer Zona Norte de Aon Espa\u00f1a\",\"datePublished\":\"2023-06-29T12:40:17+00:00\",\"mainEntityOfPage\":{\"@id\":\"https:\/\/www.adecose.com\/pedro-de-torres-nuevo-chief-commercial-officer-zona-norte-de-aon-espana\/\"},\"wordCount\":580,\"publisher\":{\"@id\":\"https:\/\/www.adecose.com\/gl\/#organization\"},\"image\":{\"@id\":\"https:\/\/www.adecose.com\/pedro-de-torres-nuevo-chief-commercial-officer-zona-norte-de-aon-espana\/#primaryimage\"},\"thumbnailUrl\":\"https:\/\/www.adecose.com\/wp-content\/uploads\/2023\/06\/Pedro-de-Torres.jpg\",\"keywords\":[\"AON\"],\"articleSection\":[\"Espacio #Corredur\u00edasADECOSE\"],\"inLanguage\":\"gl-ES\"},{\"@type\":\"WebPage\",\"@id\":\"https:\/\/www.adecose.com\/pedro-de-torres-nuevo-chief-commercial-officer-zona-norte-de-aon-espana\/\",\"url\":\"https:\/\/www.adecose.com\/pedro-de-torres-nuevo-chief-commercial-officer-zona-norte-de-aon-espana\/\",\"name\":\"Pedro de Torres, nuevo Chief Commercial Officer Zona Norte de Aon Espa\u00f1a - ADECOSE\",\"isPartOf\":{\"@id\":\"https:\/\/www.adecose.com\/gl\/#website\"},\"primaryImageOfPage\":{\"@id\":\"https:\/\/www.adecose.com\/pedro-de-torres-nuevo-chief-commercial-officer-zona-norte-de-aon-espana\/#primaryimage\"},\"image\":{\"@id\":\"https:\/\/www.adecose.com\/pedro-de-torres-nuevo-chief-commercial-officer-zona-norte-de-aon-espana\/#primaryimage\"},\"thumbnailUrl\":\"https:\/\/www.adecose.com\/wp-content\/uploads\/2023\/06\/Pedro-de-Torres.jpg\",\"datePublished\":\"2023-06-29T12:40:17+00:00\",\"breadcrumb\":{\"@id\":\"https:\/\/www.adecose.com\/pedro-de-torres-nuevo-chief-commercial-officer-zona-norte-de-aon-espana\/#breadcrumb\"},\"inLanguage\":\"gl-ES\",\"potentialAction\":[{\"@type\":\"ReadAction\",\"target\":[\"https:\/\/www.adecose.com\/pedro-de-torres-nuevo-chief-commercial-officer-zona-norte-de-aon-espana\/\"]}]},{\"@type\":\"ImageObject\",\"inLanguage\":\"gl-ES\",\"@id\":\"https:\/\/www.adecose.com\/pedro-de-torres-nuevo-chief-commercial-officer-zona-norte-de-aon-espana\/#primaryimage\",\"url\":\"https:\/\/www.adecose.com\/wp-content\/uploads\/2023\/06\/Pedro-de-Torres.jpg\",\"contentUrl\":\"https:\/\/www.adecose.com\/wp-content\/uploads\/2023\/06\/Pedro-de-Torres.jpg\",\"width\":595,\"height\":402},{\"@type\":\"BreadcrumbList\",\"@id\":\"https:\/\/www.adecose.com\/pedro-de-torres-nuevo-chief-commercial-officer-zona-norte-de-aon-espana\/#breadcrumb\",\"itemListElement\":[{\"@type\":\"ListItem\",\"position\":1,\"name\":\"Portada\",\"item\":\"https:\/\/www.adecose.com\/gl\/\"},{\"@type\":\"ListItem\",\"position\":2,\"name\":\"Pedro de Torres, nuevo Chief Commercial Officer Zona Norte de Aon Espa\u00f1a\"}]},{\"@type\":\"WebSite\",\"@id\":\"https:\/\/www.adecose.com\/gl\/#website\",\"url\":\"https:\/\/www.adecose.com\/gl\/\",\"name\":\"ADECOSE\",\"description\":\"Asociaci\u00f3n Espa\u00f1ola de Corretor\u00edas de Seguros e Reaseguros\",\"publisher\":{\"@id\":\"https:\/\/www.adecose.com\/gl\/#organization\"},\"potentialAction\":[{\"@type\":\"SearchAction\",\"target\":{\"@type\":\"EntryPoint\",\"urlTemplate\":\"https:\/\/www.adecose.com\/gl\/?s={search_term_string}\"},\"query-input\":{\"@type\":\"PropertyValueSpecification\",\"valueRequired\":true,\"valueName\":\"search_term_string\"}}],\"inLanguage\":\"gl-ES\"},{\"@type\":\"Organization\",\"@id\":\"https:\/\/www.adecose.com\/gl\/#organization\",\"name\":\"ADECOSE\",\"url\":\"https:\/\/www.adecose.com\/gl\/\",\"logo\":{\"@type\":\"ImageObject\",\"inLanguage\":\"gl-ES\",\"@id\":\"https:\/\/www.adecose.com\/gl\/#\/schema\/logo\/image\/\",\"url\":\"https:\/\/www.adecose.com\/wp-content\/uploads\/2020\/07\/favicon.png\",\"contentUrl\":\"https:\/\/www.adecose.com\/wp-content\/uploads\/2020\/07\/favicon.png\",\"width\":512,\"height\":512,\"caption\":\"ADECOSE\"},\"image\":{\"@id\":\"https:\/\/www.adecose.com\/gl\/#\/schema\/logo\/image\/\"}},{\"@type\":\"Person\",\"@id\":\"https:\/\/www.adecose.com\/gl\/#\/schema\/person\/ff086ce55f6379e1d225a2c0dca5eeb6\",\"name\":\"Comunicaci\u00f3n ADECOSE\",\"image\":{\"@type\":\"ImageObject\",\"inLanguage\":\"gl-ES\",\"@id\":\"https:\/\/secure.gravatar.com\/avatar\/01cd1f9571997441bf1da6d1cc147351305f03fe8f2acf1ebbec60ebb26924ce?s=96&d=mm&r=g\",\"url\":\"https:\/\/secure.gravatar.com\/avatar\/01cd1f9571997441bf1da6d1cc147351305f03fe8f2acf1ebbec60ebb26924ce?s=96&d=mm&r=g\",\"contentUrl\":\"https:\/\/secure.gravatar.com\/avatar\/01cd1f9571997441bf1da6d1cc147351305f03fe8f2acf1ebbec60ebb26924ce?s=96&d=mm&r=g\",\"caption\":\"Comunicaci\u00f3n ADECOSE\"}}]}<\/script>\n<!-- \/ Yoast SEO plugin. -->","yoast_head_json":{"title":"Pedro de Torres, nuevo Chief Commercial Officer Zona Norte de Aon Espa\u00f1a - ADECOSE","robots":{"index":"index","follow":"follow","max-snippet":"max-snippet:-1","max-image-preview":"max-image-preview:large","max-video-preview":"max-video-preview:-1"},"canonical":"https:\/\/www.adecose.com\/pedro-de-torres-nuevo-chief-commercial-officer-zona-norte-de-aon-espana\/","og_locale":"gl_ES","og_type":"article","og_title":"Pedro de Torres, nuevo Chief Commercial Officer Zona Norte de Aon Espa\u00f1a - ADECOSE","og_description":"[vc_row type=&#8221;in_container&#8221; full_screen_row_position=&#8221;middle&#8221; column_margin=&#8221;default&#8221; column_direction=&#8221;default&#8221; column_direction_tablet=&#8221;default&#8221; column_direction_phone=&#8221;default&#8221; scene_position=&#8221;center&#8221; text_color=&#8221;dark&#8221; text_align=&#8221;left&#8221; row_border_radius=&#8221;none&#8221; row_border_radius_applies=&#8221;bg&#8221; overflow=&#8221;visible&#8221; overlay_strength=&#8221;0.3&#8243; gradient_direction=&#8221;left_to_right&#8221; shape_divider_position=&#8221;bottom&#8221; bg_image_animation=&#8221;none&#8221;][vc_column column_padding=&#8221;no-extra-padding&#8221; column_padding_tablet=&#8221;inherit&#8221; column_padding_phone=&#8221;inherit&#8221; column_padding_position=&#8221;all&#8221; column_element_direction_desktop=&#8221;default&#8221; column_element_spacing=&#8221;default&#8221; desktop_text_alignment=&#8221;default&#8221; tablet_text_alignment=&#8221;default&#8221;...","og_url":"https:\/\/www.adecose.com\/pedro-de-torres-nuevo-chief-commercial-officer-zona-norte-de-aon-espana\/","og_site_name":"ADECOSE","article_published_time":"2023-06-29T12:40:17+00:00","og_image":[{"width":595,"height":402,"url":"https:\/\/www.adecose.com\/wp-content\/uploads\/2023\/06\/Pedro-de-Torres.jpg","type":"image\/jpeg"}],"author":"Comunicaci\u00f3n ADECOSE","twitter_card":"summary_large_image","twitter_misc":{"Escrito por":"Comunicaci\u00f3n ADECOSE","Tempo de lectura":"2 minutos"},"schema":{"@context":"https:\/\/schema.org","@graph":[{"@type":"Article","@id":"https:\/\/www.adecose.com\/pedro-de-torres-nuevo-chief-commercial-officer-zona-norte-de-aon-espana\/#article","isPartOf":{"@id":"https:\/\/www.adecose.com\/pedro-de-torres-nuevo-chief-commercial-officer-zona-norte-de-aon-espana\/"},"author":{"name":"Comunicaci\u00f3n ADECOSE","@id":"https:\/\/www.adecose.com\/gl\/#\/schema\/person\/ff086ce55f6379e1d225a2c0dca5eeb6"},"headline":"Pedro de Torres, nuevo Chief Commercial Officer Zona Norte de Aon Espa\u00f1a","datePublished":"2023-06-29T12:40:17+00:00","mainEntityOfPage":{"@id":"https:\/\/www.adecose.com\/pedro-de-torres-nuevo-chief-commercial-officer-zona-norte-de-aon-espana\/"},"wordCount":580,"publisher":{"@id":"https:\/\/www.adecose.com\/gl\/#organization"},"image":{"@id":"https:\/\/www.adecose.com\/pedro-de-torres-nuevo-chief-commercial-officer-zona-norte-de-aon-espana\/#primaryimage"},"thumbnailUrl":"https:\/\/www.adecose.com\/wp-content\/uploads\/2023\/06\/Pedro-de-Torres.jpg","keywords":["AON"],"articleSection":["Espacio #Corredur\u00edasADECOSE"],"inLanguage":"gl-ES"},{"@type":"WebPage","@id":"https:\/\/www.adecose.com\/pedro-de-torres-nuevo-chief-commercial-officer-zona-norte-de-aon-espana\/","url":"https:\/\/www.adecose.com\/pedro-de-torres-nuevo-chief-commercial-officer-zona-norte-de-aon-espana\/","name":"Pedro de Torres, nuevo Chief Commercial Officer Zona Norte de Aon Espa\u00f1a - ADECOSE","isPartOf":{"@id":"https:\/\/www.adecose.com\/gl\/#website"},"primaryImageOfPage":{"@id":"https:\/\/www.adecose.com\/pedro-de-torres-nuevo-chief-commercial-officer-zona-norte-de-aon-espana\/#primaryimage"},"image":{"@id":"https:\/\/www.adecose.com\/pedro-de-torres-nuevo-chief-commercial-officer-zona-norte-de-aon-espana\/#primaryimage"},"thumbnailUrl":"https:\/\/www.adecose.com\/wp-content\/uploads\/2023\/06\/Pedro-de-Torres.jpg","datePublished":"2023-06-29T12:40:17+00:00","breadcrumb":{"@id":"https:\/\/www.adecose.com\/pedro-de-torres-nuevo-chief-commercial-officer-zona-norte-de-aon-espana\/#breadcrumb"},"inLanguage":"gl-ES","potentialAction":[{"@type":"ReadAction","target":["https:\/\/www.adecose.com\/pedro-de-torres-nuevo-chief-commercial-officer-zona-norte-de-aon-espana\/"]}]},{"@type":"ImageObject","inLanguage":"gl-ES","@id":"https:\/\/www.adecose.com\/pedro-de-torres-nuevo-chief-commercial-officer-zona-norte-de-aon-espana\/#primaryimage","url":"https:\/\/www.adecose.com\/wp-content\/uploads\/2023\/06\/Pedro-de-Torres.jpg","contentUrl":"https:\/\/www.adecose.com\/wp-content\/uploads\/2023\/06\/Pedro-de-Torres.jpg","width":595,"height":402},{"@type":"BreadcrumbList","@id":"https:\/\/www.adecose.com\/pedro-de-torres-nuevo-chief-commercial-officer-zona-norte-de-aon-espana\/#breadcrumb","itemListElement":[{"@type":"ListItem","position":1,"name":"Portada","item":"https:\/\/www.adecose.com\/gl\/"},{"@type":"ListItem","position":2,"name":"Pedro de Torres, nuevo Chief Commercial Officer Zona Norte de Aon Espa\u00f1a"}]},{"@type":"WebSite","@id":"https:\/\/www.adecose.com\/gl\/#website","url":"https:\/\/www.adecose.com\/gl\/","name":"ADECOSE","description":"Asociaci\u00f3n Espa\u00f1ola de Corretor\u00edas de Seguros e Reaseguros","publisher":{"@id":"https:\/\/www.adecose.com\/gl\/#organization"},"potentialAction":[{"@type":"SearchAction","target":{"@type":"EntryPoint","urlTemplate":"https:\/\/www.adecose.com\/gl\/?s={search_term_string}"},"query-input":{"@type":"PropertyValueSpecification","valueRequired":true,"valueName":"search_term_string"}}],"inLanguage":"gl-ES"},{"@type":"Organization","@id":"https:\/\/www.adecose.com\/gl\/#organization","name":"ADECOSE","url":"https:\/\/www.adecose.com\/gl\/","logo":{"@type":"ImageObject","inLanguage":"gl-ES","@id":"https:\/\/www.adecose.com\/gl\/#\/schema\/logo\/image\/","url":"https:\/\/www.adecose.com\/wp-content\/uploads\/2020\/07\/favicon.png","contentUrl":"https:\/\/www.adecose.com\/wp-content\/uploads\/2020\/07\/favicon.png","width":512,"height":512,"caption":"ADECOSE"},"image":{"@id":"https:\/\/www.adecose.com\/gl\/#\/schema\/logo\/image\/"}},{"@type":"Person","@id":"https:\/\/www.adecose.com\/gl\/#\/schema\/person\/ff086ce55f6379e1d225a2c0dca5eeb6","name":"Comunicaci\u00f3n ADECOSE","image":{"@type":"ImageObject","inLanguage":"gl-ES","@id":"https:\/\/secure.gravatar.com\/avatar\/01cd1f9571997441bf1da6d1cc147351305f03fe8f2acf1ebbec60ebb26924ce?s=96&d=mm&r=g","url":"https:\/\/secure.gravatar.com\/avatar\/01cd1f9571997441bf1da6d1cc147351305f03fe8f2acf1ebbec60ebb26924ce?s=96&d=mm&r=g","contentUrl":"https:\/\/secure.gravatar.com\/avatar\/01cd1f9571997441bf1da6d1cc147351305f03fe8f2acf1ebbec60ebb26924ce?s=96&d=mm&r=g","caption":"Comunicaci\u00f3n ADECOSE"}}]}},"_links":{"self":[{"href":"https:\/\/www.adecose.com\/gl\/wp-json\/wp\/v2\/posts\/14962","targetHints":{"allow":["GET"]}}],"collection":[{"href":"https:\/\/www.adecose.com\/gl\/wp-json\/wp\/v2\/posts"}],"about":[{"href":"https:\/\/www.adecose.com\/gl\/wp-json\/wp\/v2\/types\/post"}],"author":[{"embeddable":true,"href":"https:\/\/www.adecose.com\/gl\/wp-json\/wp\/v2\/users\/197"}],"replies":[{"embeddable":true,"href":"https:\/\/www.adecose.com\/gl\/wp-json\/wp\/v2\/comments?post=14962"}],"version-history":[{"count":0,"href":"https:\/\/www.adecose.com\/gl\/wp-json\/wp\/v2\/posts\/14962\/revisions"}],"wp:featuredmedia":[{"embeddable":true,"href":"https:\/\/www.adecose.com\/gl\/wp-json\/wp\/v2\/media\/14963"}],"wp:attachment":[{"href":"https:\/\/www.adecose.com\/gl\/wp-json\/wp\/v2\/media?parent=14962"}],"wp:term":[{"taxonomy":"category","embeddable":true,"href":"https:\/\/www.adecose.com\/gl\/wp-json\/wp\/v2\/categories?post=14962"},{"taxonomy":"post_tag","embeddable":true,"href":"https:\/\/www.adecose.com\/gl\/wp-json\/wp\/v2\/tags?post=14962"}],"curies":[{"name":"wp","href":"https:\/\/api.w.org\/{rel}","templated":true}]}}