{"id":14739,"date":"2023-06-05T11:07:47","date_gmt":"2023-06-05T09:07:47","guid":{"rendered":"https:\/\/www.adecose.com\/?p=14739"},"modified":"2023-06-05T11:08:22","modified_gmt":"2023-06-05T09:08:22","slug":"la-red-elite-de-gexbrok-member-of-etl-global-suma-tres-nuevos-elites","status":"publish","type":"post","link":"https:\/\/www.adecose.com\/gl\/la-red-elite-de-gexbrok-member-of-etl-global-suma-tres-nuevos-elites\/","title":{"rendered":"La Red \u00c9lite de GexBrok |Member of ETL GLOBAL suma tres nuevos \u00c9lites"},"content":{"rendered":"[vc_row type=&#8221;in_container&#8221; full_screen_row_position=&#8221;middle&#8221; column_margin=&#8221;default&#8221; column_direction=&#8221;default&#8221; column_direction_tablet=&#8221;default&#8221; column_direction_phone=&#8221;default&#8221; scene_position=&#8221;center&#8221; text_color=&#8221;dark&#8221; text_align=&#8221;left&#8221; row_border_radius=&#8221;none&#8221; row_border_radius_applies=&#8221;bg&#8221; overflow=&#8221;visible&#8221; overlay_strength=&#8221;0.3&#8243; gradient_direction=&#8221;left_to_right&#8221; shape_divider_position=&#8221;bottom&#8221; bg_image_animation=&#8221;none&#8221;][vc_column column_padding=&#8221;no-extra-padding&#8221; column_padding_tablet=&#8221;inherit&#8221; column_padding_phone=&#8221;inherit&#8221; column_padding_position=&#8221;all&#8221; column_element_direction_desktop=&#8221;default&#8221; column_element_spacing=&#8221;default&#8221; desktop_text_alignment=&#8221;default&#8221; tablet_text_alignment=&#8221;default&#8221; phone_text_alignment=&#8221;default&#8221; background_color_opacity=&#8221;1&#8243; background_hover_color_opacity=&#8221;1&#8243; column_backdrop_filter=&#8221;none&#8221; column_shadow=&#8221;none&#8221; column_border_radius=&#8221;none&#8221; column_link_target=&#8221;_self&#8221; column_position=&#8221;default&#8221; gradient_direction=&#8221;left_to_right&#8221; overlay_strength=&#8221;0.3&#8243; width=&#8221;1\/1&#8243; tablet_width_inherit=&#8221;default&#8221; animation_type=&#8221;default&#8221; bg_image_animation=&#8221;none&#8221; border_type=&#8221;simple&#8221; column_border_width=&#8221;none&#8221; column_border_style=&#8221;solid&#8221;][vc_column_text]GexBrok | Member of ETL GLOBAL, corredur\u00eda de seguros con m\u00e1s de 35 a\u00f1os de experiencia en el sector de la mediaci\u00f3n, <strong>socio de Cojebro y miembro de ADECOSE<\/strong>, suma tres nuevos \u00c9lites dentro de la Red \u00c9lite sumando ya un total de m\u00e1s de 50 delegaciones colaboradoras.<\/p>\n<p>Los nuevos \u00c9lites est\u00e1n ubicados en la poblaci\u00f3n castellonense de Villareal; en Barco de \u00c1vila y en Sevilla donde ya son m\u00e1s de 6 \u00c9lites prestando servicio en asesoramiento de seguros para particulares y empresas de todos los ramos: vida, salud, auto, decesos\u2026<\/p>\n<p>\u00c9lite Villareal se uni\u00f3 a la Red \u00c9lite de GexBrok a principios de a\u00f1o. Le ha seguido \u00c9lite Gredos de Barco de \u00c1vila, siendo \u00c9lite Montequinto, ubicado en Sevilla el \u00faltimo en unirse a este gran proyecto de transparencia y profesionalidad dentro del sector de la mediaci\u00f3n.<\/p>\n<p>Estas nuevas incorporaciones hacen crecer el modelo de Red \u00c9lite dise\u00f1ado por GexBrok | Member of ETL GLOBAL hace ya m\u00e1s de 10 a\u00f1os con m\u00e1s de 50 delegaciones repartidas por todos los rincones de la geograf\u00eda espa\u00f1ola y que han convertido a GexBrok en un referente en el sector de los seguros.<\/p>\n<p>Seg\u00fan palabras de Jos\u00e9 \u00c1ngel Benito Cordero, socio y director de GexBrok | Member of ETL GLOBAL \u201ccada d\u00eda conf\u00edo m\u00e1s en el modelo de negocio que supone la Red \u00c9lite en el que prestamos un apoyo total al profesional, pero con la independencia y autonom\u00eda que ellos requieren, dot\u00e1ndole de todos los recursos de los que GexBrok dispone\u201d.<\/p>\n[\/vc_column_text][\/vc_column][\/vc_row]\n","protected":false},"excerpt":{"rendered":"<p>[vc_row type=&#8221;in_container&#8221; full_screen_row_position=&#8221;middle&#8221; column_margin=&#8221;default&#8221; column_direction=&#8221;default&#8221; column_direction_tablet=&#8221;default&#8221; column_direction_phone=&#8221;default&#8221; scene_position=&#8221;center&#8221; text_color=&#8221;dark&#8221; text_align=&#8221;left&#8221; row_border_radius=&#8221;none&#8221; row_border_radius_applies=&#8221;bg&#8221; overflow=&#8221;visible&#8221; overlay_strength=&#8221;0.3&#8243; gradient_direction=&#8221;left_to_right&#8221; shape_divider_position=&#8221;bottom&#8221; bg_image_animation=&#8221;none&#8221;][vc_column column_padding=&#8221;no-extra-padding&#8221; column_padding_tablet=&#8221;inherit&#8221; column_padding_phone=&#8221;inherit&#8221; column_padding_position=&#8221;all&#8221; column_element_direction_desktop=&#8221;default&#8221; column_element_spacing=&#8221;default&#8221; desktop_text_alignment=&#8221;default&#8221; tablet_text_alignment=&#8221;default&#8221;&#8230;<\/p>\n","protected":false},"author":197,"featured_media":5907,"comment_status":"closed","ping_status":"closed","sticky":false,"template":"","format":"standard","meta":{"_acf_changed":false,"_price":"","_stock":"","_tribe_ticket_header":"","_tribe_default_ticket_provider":"","_tribe_ticket_capacity":"0","_ticket_start_date":"","_ticket_end_date":"","_tribe_ticket_show_description":"","_tribe_ticket_show_not_going":false,"_tribe_ticket_use_global_stock":"","_tribe_ticket_global_stock_level":"","_global_stock_mode":"","_global_stock_cap":"","_tribe_rsvp_for_event":"","_tribe_ticket_going_count":"","_tribe_ticket_not_going_count":"","_tribe_tickets_list":"[]","_tribe_ticket_has_attendee_info_fields":false,"footnotes":""},"categories":[339],"tags":[341,387],"class_list":["post-14739","post","type-post","status-publish","format-standard","has-post-thumbnail","category-espacio-correduriasadecose","tag-espacio-corredurias-adecose","tag-gexbrok"],"acf":[],"yoast_head":"<!-- This site is optimized with the Yoast SEO plugin v27.2 - https:\/\/yoast.com\/product\/yoast-seo-wordpress\/ -->\n<title>La Red \u00c9lite de GexBrok |Member of ETL GLOBAL suma tres nuevos \u00c9lites - ADECOSE<\/title>\n<meta name=\"robots\" content=\"index, follow, max-snippet:-1, max-image-preview:large, max-video-preview:-1\" \/>\n<link rel=\"canonical\" href=\"https:\/\/www.adecose.com\/la-red-elite-de-gexbrok-member-of-etl-global-suma-tres-nuevos-elites\/\" \/>\n<meta property=\"og:locale\" content=\"gl_ES\" \/>\n<meta property=\"og:type\" content=\"article\" \/>\n<meta property=\"og:title\" content=\"La Red \u00c9lite de GexBrok |Member of ETL GLOBAL suma tres nuevos \u00c9lites - ADECOSE\" \/>\n<meta property=\"og:description\" content=\"[vc_row type=&#8221;in_container&#8221; full_screen_row_position=&#8221;middle&#8221; column_margin=&#8221;default&#8221; column_direction=&#8221;default&#8221; column_direction_tablet=&#8221;default&#8221; column_direction_phone=&#8221;default&#8221; scene_position=&#8221;center&#8221; text_color=&#8221;dark&#8221; text_align=&#8221;left&#8221; row_border_radius=&#8221;none&#8221; row_border_radius_applies=&#8221;bg&#8221; overflow=&#8221;visible&#8221; overlay_strength=&#8221;0.3&#8243; gradient_direction=&#8221;left_to_right&#8221; shape_divider_position=&#8221;bottom&#8221; bg_image_animation=&#8221;none&#8221;][vc_column column_padding=&#8221;no-extra-padding&#8221; column_padding_tablet=&#8221;inherit&#8221; column_padding_phone=&#8221;inherit&#8221; column_padding_position=&#8221;all&#8221; column_element_direction_desktop=&#8221;default&#8221; column_element_spacing=&#8221;default&#8221; desktop_text_alignment=&#8221;default&#8221; tablet_text_alignment=&#8221;default&#8221;...\" \/>\n<meta property=\"og:url\" content=\"https:\/\/www.adecose.com\/la-red-elite-de-gexbrok-member-of-etl-global-suma-tres-nuevos-elites\/\" \/>\n<meta property=\"og:site_name\" content=\"ADECOSE\" \/>\n<meta property=\"article:published_time\" content=\"2023-06-05T09:07:47+00:00\" \/>\n<meta property=\"article:modified_time\" content=\"2023-06-05T09:08:22+00:00\" \/>\n<meta property=\"og:image\" content=\"https:\/\/www.adecose.com\/wp-content\/uploads\/2014\/07\/1.-ASECORE.jpg\" \/>\n\t<meta property=\"og:image:width\" content=\"1700\" \/>\n\t<meta property=\"og:image:height\" content=\"1134\" \/>\n\t<meta property=\"og:image:type\" content=\"image\/jpeg\" \/>\n<meta name=\"author\" content=\"Comunicaci\u00f3n ADECOSE\" \/>\n<meta name=\"twitter:card\" content=\"summary_large_image\" \/>\n<meta name=\"twitter:label1\" content=\"Escrito por\" \/>\n\t<meta name=\"twitter:data1\" content=\"Comunicaci\u00f3n ADECOSE\" \/>\n\t<meta name=\"twitter:label2\" content=\"Tempo de lectura\" \/>\n\t<meta name=\"twitter:data2\" content=\"2 minutos\" \/>\n<script type=\"application\/ld+json\" class=\"yoast-schema-graph\">{\"@context\":\"https:\/\/schema.org\",\"@graph\":[{\"@type\":\"Article\",\"@id\":\"https:\/\/www.adecose.com\/la-red-elite-de-gexbrok-member-of-etl-global-suma-tres-nuevos-elites\/#article\",\"isPartOf\":{\"@id\":\"https:\/\/www.adecose.com\/la-red-elite-de-gexbrok-member-of-etl-global-suma-tres-nuevos-elites\/\"},\"author\":{\"name\":\"Comunicaci\u00f3n ADECOSE\",\"@id\":\"https:\/\/www.adecose.com\/gl\/#\/schema\/person\/ff086ce55f6379e1d225a2c0dca5eeb6\"},\"headline\":\"La Red \u00c9lite de GexBrok |Member of ETL GLOBAL suma tres nuevos \u00c9lites\",\"datePublished\":\"2023-06-05T09:07:47+00:00\",\"dateModified\":\"2023-06-05T09:08:22+00:00\",\"mainEntityOfPage\":{\"@id\":\"https:\/\/www.adecose.com\/la-red-elite-de-gexbrok-member-of-etl-global-suma-tres-nuevos-elites\/\"},\"wordCount\":439,\"publisher\":{\"@id\":\"https:\/\/www.adecose.com\/gl\/#organization\"},\"image\":{\"@id\":\"https:\/\/www.adecose.com\/la-red-elite-de-gexbrok-member-of-etl-global-suma-tres-nuevos-elites\/#primaryimage\"},\"thumbnailUrl\":\"https:\/\/www.adecose.com\/wp-content\/uploads\/2014\/07\/1.-ASECORE.jpg\",\"keywords\":[\"Espacio Corredur\u00edas ADECOSE\",\"Gexbrok\"],\"articleSection\":[\"Espacio #Corredur\u00edasADECOSE\"],\"inLanguage\":\"gl-ES\"},{\"@type\":\"WebPage\",\"@id\":\"https:\/\/www.adecose.com\/la-red-elite-de-gexbrok-member-of-etl-global-suma-tres-nuevos-elites\/\",\"url\":\"https:\/\/www.adecose.com\/la-red-elite-de-gexbrok-member-of-etl-global-suma-tres-nuevos-elites\/\",\"name\":\"La Red \u00c9lite de GexBrok |Member of ETL GLOBAL suma tres nuevos \u00c9lites - ADECOSE\",\"isPartOf\":{\"@id\":\"https:\/\/www.adecose.com\/gl\/#website\"},\"primaryImageOfPage\":{\"@id\":\"https:\/\/www.adecose.com\/la-red-elite-de-gexbrok-member-of-etl-global-suma-tres-nuevos-elites\/#primaryimage\"},\"image\":{\"@id\":\"https:\/\/www.adecose.com\/la-red-elite-de-gexbrok-member-of-etl-global-suma-tres-nuevos-elites\/#primaryimage\"},\"thumbnailUrl\":\"https:\/\/www.adecose.com\/wp-content\/uploads\/2014\/07\/1.-ASECORE.jpg\",\"datePublished\":\"2023-06-05T09:07:47+00:00\",\"dateModified\":\"2023-06-05T09:08:22+00:00\",\"breadcrumb\":{\"@id\":\"https:\/\/www.adecose.com\/la-red-elite-de-gexbrok-member-of-etl-global-suma-tres-nuevos-elites\/#breadcrumb\"},\"inLanguage\":\"gl-ES\",\"potentialAction\":[{\"@type\":\"ReadAction\",\"target\":[\"https:\/\/www.adecose.com\/la-red-elite-de-gexbrok-member-of-etl-global-suma-tres-nuevos-elites\/\"]}]},{\"@type\":\"ImageObject\",\"inLanguage\":\"gl-ES\",\"@id\":\"https:\/\/www.adecose.com\/la-red-elite-de-gexbrok-member-of-etl-global-suma-tres-nuevos-elites\/#primaryimage\",\"url\":\"https:\/\/www.adecose.com\/wp-content\/uploads\/2014\/07\/1.-ASECORE.jpg\",\"contentUrl\":\"https:\/\/www.adecose.com\/wp-content\/uploads\/2014\/07\/1.-ASECORE.jpg\",\"width\":1700,\"height\":1134},{\"@type\":\"BreadcrumbList\",\"@id\":\"https:\/\/www.adecose.com\/la-red-elite-de-gexbrok-member-of-etl-global-suma-tres-nuevos-elites\/#breadcrumb\",\"itemListElement\":[{\"@type\":\"ListItem\",\"position\":1,\"name\":\"Portada\",\"item\":\"https:\/\/www.adecose.com\/gl\/\"},{\"@type\":\"ListItem\",\"position\":2,\"name\":\"La Red \u00c9lite de GexBrok |Member of ETL GLOBAL suma tres nuevos \u00c9lites\"}]},{\"@type\":\"WebSite\",\"@id\":\"https:\/\/www.adecose.com\/gl\/#website\",\"url\":\"https:\/\/www.adecose.com\/gl\/\",\"name\":\"ADECOSE\",\"description\":\"Asociaci\u00f3n Espa\u00f1ola de Corretor\u00edas de Seguros e Reaseguros\",\"publisher\":{\"@id\":\"https:\/\/www.adecose.com\/gl\/#organization\"},\"potentialAction\":[{\"@type\":\"SearchAction\",\"target\":{\"@type\":\"EntryPoint\",\"urlTemplate\":\"https:\/\/www.adecose.com\/gl\/?s={search_term_string}\"},\"query-input\":{\"@type\":\"PropertyValueSpecification\",\"valueRequired\":true,\"valueName\":\"search_term_string\"}}],\"inLanguage\":\"gl-ES\"},{\"@type\":\"Organization\",\"@id\":\"https:\/\/www.adecose.com\/gl\/#organization\",\"name\":\"ADECOSE\",\"url\":\"https:\/\/www.adecose.com\/gl\/\",\"logo\":{\"@type\":\"ImageObject\",\"inLanguage\":\"gl-ES\",\"@id\":\"https:\/\/www.adecose.com\/gl\/#\/schema\/logo\/image\/\",\"url\":\"https:\/\/www.adecose.com\/wp-content\/uploads\/2020\/07\/favicon.png\",\"contentUrl\":\"https:\/\/www.adecose.com\/wp-content\/uploads\/2020\/07\/favicon.png\",\"width\":512,\"height\":512,\"caption\":\"ADECOSE\"},\"image\":{\"@id\":\"https:\/\/www.adecose.com\/gl\/#\/schema\/logo\/image\/\"}},{\"@type\":\"Person\",\"@id\":\"https:\/\/www.adecose.com\/gl\/#\/schema\/person\/ff086ce55f6379e1d225a2c0dca5eeb6\",\"name\":\"Comunicaci\u00f3n ADECOSE\",\"image\":{\"@type\":\"ImageObject\",\"inLanguage\":\"gl-ES\",\"@id\":\"https:\/\/secure.gravatar.com\/avatar\/01cd1f9571997441bf1da6d1cc147351305f03fe8f2acf1ebbec60ebb26924ce?s=96&d=mm&r=g\",\"url\":\"https:\/\/secure.gravatar.com\/avatar\/01cd1f9571997441bf1da6d1cc147351305f03fe8f2acf1ebbec60ebb26924ce?s=96&d=mm&r=g\",\"contentUrl\":\"https:\/\/secure.gravatar.com\/avatar\/01cd1f9571997441bf1da6d1cc147351305f03fe8f2acf1ebbec60ebb26924ce?s=96&d=mm&r=g\",\"caption\":\"Comunicaci\u00f3n ADECOSE\"}}]}<\/script>\n<!-- \/ Yoast SEO plugin. -->","yoast_head_json":{"title":"La Red \u00c9lite de GexBrok |Member of ETL GLOBAL suma tres nuevos \u00c9lites - ADECOSE","robots":{"index":"index","follow":"follow","max-snippet":"max-snippet:-1","max-image-preview":"max-image-preview:large","max-video-preview":"max-video-preview:-1"},"canonical":"https:\/\/www.adecose.com\/la-red-elite-de-gexbrok-member-of-etl-global-suma-tres-nuevos-elites\/","og_locale":"gl_ES","og_type":"article","og_title":"La Red \u00c9lite de GexBrok |Member of ETL GLOBAL suma tres nuevos \u00c9lites - ADECOSE","og_description":"[vc_row type=&#8221;in_container&#8221; full_screen_row_position=&#8221;middle&#8221; column_margin=&#8221;default&#8221; column_direction=&#8221;default&#8221; column_direction_tablet=&#8221;default&#8221; column_direction_phone=&#8221;default&#8221; scene_position=&#8221;center&#8221; text_color=&#8221;dark&#8221; text_align=&#8221;left&#8221; row_border_radius=&#8221;none&#8221; row_border_radius_applies=&#8221;bg&#8221; overflow=&#8221;visible&#8221; overlay_strength=&#8221;0.3&#8243; gradient_direction=&#8221;left_to_right&#8221; shape_divider_position=&#8221;bottom&#8221; bg_image_animation=&#8221;none&#8221;][vc_column column_padding=&#8221;no-extra-padding&#8221; column_padding_tablet=&#8221;inherit&#8221; column_padding_phone=&#8221;inherit&#8221; column_padding_position=&#8221;all&#8221; column_element_direction_desktop=&#8221;default&#8221; column_element_spacing=&#8221;default&#8221; desktop_text_alignment=&#8221;default&#8221; tablet_text_alignment=&#8221;default&#8221;...","og_url":"https:\/\/www.adecose.com\/la-red-elite-de-gexbrok-member-of-etl-global-suma-tres-nuevos-elites\/","og_site_name":"ADECOSE","article_published_time":"2023-06-05T09:07:47+00:00","article_modified_time":"2023-06-05T09:08:22+00:00","og_image":[{"width":1700,"height":1134,"url":"https:\/\/www.adecose.com\/wp-content\/uploads\/2014\/07\/1.-ASECORE.jpg","type":"image\/jpeg"}],"author":"Comunicaci\u00f3n ADECOSE","twitter_card":"summary_large_image","twitter_misc":{"Escrito por":"Comunicaci\u00f3n ADECOSE","Tempo de lectura":"2 minutos"},"schema":{"@context":"https:\/\/schema.org","@graph":[{"@type":"Article","@id":"https:\/\/www.adecose.com\/la-red-elite-de-gexbrok-member-of-etl-global-suma-tres-nuevos-elites\/#article","isPartOf":{"@id":"https:\/\/www.adecose.com\/la-red-elite-de-gexbrok-member-of-etl-global-suma-tres-nuevos-elites\/"},"author":{"name":"Comunicaci\u00f3n ADECOSE","@id":"https:\/\/www.adecose.com\/gl\/#\/schema\/person\/ff086ce55f6379e1d225a2c0dca5eeb6"},"headline":"La Red \u00c9lite de GexBrok |Member of ETL GLOBAL suma tres nuevos \u00c9lites","datePublished":"2023-06-05T09:07:47+00:00","dateModified":"2023-06-05T09:08:22+00:00","mainEntityOfPage":{"@id":"https:\/\/www.adecose.com\/la-red-elite-de-gexbrok-member-of-etl-global-suma-tres-nuevos-elites\/"},"wordCount":439,"publisher":{"@id":"https:\/\/www.adecose.com\/gl\/#organization"},"image":{"@id":"https:\/\/www.adecose.com\/la-red-elite-de-gexbrok-member-of-etl-global-suma-tres-nuevos-elites\/#primaryimage"},"thumbnailUrl":"https:\/\/www.adecose.com\/wp-content\/uploads\/2014\/07\/1.-ASECORE.jpg","keywords":["Espacio Corredur\u00edas ADECOSE","Gexbrok"],"articleSection":["Espacio #Corredur\u00edasADECOSE"],"inLanguage":"gl-ES"},{"@type":"WebPage","@id":"https:\/\/www.adecose.com\/la-red-elite-de-gexbrok-member-of-etl-global-suma-tres-nuevos-elites\/","url":"https:\/\/www.adecose.com\/la-red-elite-de-gexbrok-member-of-etl-global-suma-tres-nuevos-elites\/","name":"La Red \u00c9lite de GexBrok |Member of ETL GLOBAL suma tres nuevos \u00c9lites - ADECOSE","isPartOf":{"@id":"https:\/\/www.adecose.com\/gl\/#website"},"primaryImageOfPage":{"@id":"https:\/\/www.adecose.com\/la-red-elite-de-gexbrok-member-of-etl-global-suma-tres-nuevos-elites\/#primaryimage"},"image":{"@id":"https:\/\/www.adecose.com\/la-red-elite-de-gexbrok-member-of-etl-global-suma-tres-nuevos-elites\/#primaryimage"},"thumbnailUrl":"https:\/\/www.adecose.com\/wp-content\/uploads\/2014\/07\/1.-ASECORE.jpg","datePublished":"2023-06-05T09:07:47+00:00","dateModified":"2023-06-05T09:08:22+00:00","breadcrumb":{"@id":"https:\/\/www.adecose.com\/la-red-elite-de-gexbrok-member-of-etl-global-suma-tres-nuevos-elites\/#breadcrumb"},"inLanguage":"gl-ES","potentialAction":[{"@type":"ReadAction","target":["https:\/\/www.adecose.com\/la-red-elite-de-gexbrok-member-of-etl-global-suma-tres-nuevos-elites\/"]}]},{"@type":"ImageObject","inLanguage":"gl-ES","@id":"https:\/\/www.adecose.com\/la-red-elite-de-gexbrok-member-of-etl-global-suma-tres-nuevos-elites\/#primaryimage","url":"https:\/\/www.adecose.com\/wp-content\/uploads\/2014\/07\/1.-ASECORE.jpg","contentUrl":"https:\/\/www.adecose.com\/wp-content\/uploads\/2014\/07\/1.-ASECORE.jpg","width":1700,"height":1134},{"@type":"BreadcrumbList","@id":"https:\/\/www.adecose.com\/la-red-elite-de-gexbrok-member-of-etl-global-suma-tres-nuevos-elites\/#breadcrumb","itemListElement":[{"@type":"ListItem","position":1,"name":"Portada","item":"https:\/\/www.adecose.com\/gl\/"},{"@type":"ListItem","position":2,"name":"La Red \u00c9lite de GexBrok |Member of ETL GLOBAL suma tres nuevos \u00c9lites"}]},{"@type":"WebSite","@id":"https:\/\/www.adecose.com\/gl\/#website","url":"https:\/\/www.adecose.com\/gl\/","name":"ADECOSE","description":"Asociaci\u00f3n Espa\u00f1ola de Corretor\u00edas de Seguros e Reaseguros","publisher":{"@id":"https:\/\/www.adecose.com\/gl\/#organization"},"potentialAction":[{"@type":"SearchAction","target":{"@type":"EntryPoint","urlTemplate":"https:\/\/www.adecose.com\/gl\/?s={search_term_string}"},"query-input":{"@type":"PropertyValueSpecification","valueRequired":true,"valueName":"search_term_string"}}],"inLanguage":"gl-ES"},{"@type":"Organization","@id":"https:\/\/www.adecose.com\/gl\/#organization","name":"ADECOSE","url":"https:\/\/www.adecose.com\/gl\/","logo":{"@type":"ImageObject","inLanguage":"gl-ES","@id":"https:\/\/www.adecose.com\/gl\/#\/schema\/logo\/image\/","url":"https:\/\/www.adecose.com\/wp-content\/uploads\/2020\/07\/favicon.png","contentUrl":"https:\/\/www.adecose.com\/wp-content\/uploads\/2020\/07\/favicon.png","width":512,"height":512,"caption":"ADECOSE"},"image":{"@id":"https:\/\/www.adecose.com\/gl\/#\/schema\/logo\/image\/"}},{"@type":"Person","@id":"https:\/\/www.adecose.com\/gl\/#\/schema\/person\/ff086ce55f6379e1d225a2c0dca5eeb6","name":"Comunicaci\u00f3n ADECOSE","image":{"@type":"ImageObject","inLanguage":"gl-ES","@id":"https:\/\/secure.gravatar.com\/avatar\/01cd1f9571997441bf1da6d1cc147351305f03fe8f2acf1ebbec60ebb26924ce?s=96&d=mm&r=g","url":"https:\/\/secure.gravatar.com\/avatar\/01cd1f9571997441bf1da6d1cc147351305f03fe8f2acf1ebbec60ebb26924ce?s=96&d=mm&r=g","contentUrl":"https:\/\/secure.gravatar.com\/avatar\/01cd1f9571997441bf1da6d1cc147351305f03fe8f2acf1ebbec60ebb26924ce?s=96&d=mm&r=g","caption":"Comunicaci\u00f3n ADECOSE"}}]}},"_links":{"self":[{"href":"https:\/\/www.adecose.com\/gl\/wp-json\/wp\/v2\/posts\/14739","targetHints":{"allow":["GET"]}}],"collection":[{"href":"https:\/\/www.adecose.com\/gl\/wp-json\/wp\/v2\/posts"}],"about":[{"href":"https:\/\/www.adecose.com\/gl\/wp-json\/wp\/v2\/types\/post"}],"author":[{"embeddable":true,"href":"https:\/\/www.adecose.com\/gl\/wp-json\/wp\/v2\/users\/197"}],"replies":[{"embeddable":true,"href":"https:\/\/www.adecose.com\/gl\/wp-json\/wp\/v2\/comments?post=14739"}],"version-history":[{"count":0,"href":"https:\/\/www.adecose.com\/gl\/wp-json\/wp\/v2\/posts\/14739\/revisions"}],"wp:featuredmedia":[{"embeddable":true,"href":"https:\/\/www.adecose.com\/gl\/wp-json\/wp\/v2\/media\/5907"}],"wp:attachment":[{"href":"https:\/\/www.adecose.com\/gl\/wp-json\/wp\/v2\/media?parent=14739"}],"wp:term":[{"taxonomy":"category","embeddable":true,"href":"https:\/\/www.adecose.com\/gl\/wp-json\/wp\/v2\/categories?post=14739"},{"taxonomy":"post_tag","embeddable":true,"href":"https:\/\/www.adecose.com\/gl\/wp-json\/wp\/v2\/tags?post=14739"}],"curies":[{"name":"wp","href":"https:\/\/api.w.org\/{rel}","templated":true}]}}