{"id":14393,"date":"2023-04-14T09:52:48","date_gmt":"2023-04-14T07:52:48","guid":{"rendered":"https:\/\/www.adecose.com\/?p=14393"},"modified":"2023-04-14T09:58:08","modified_gmt":"2023-04-14T07:58:08","slug":"adecose-celebra-su-asamblea-general-ordinaria-y-renueva-los-cargos-de-su-junta-directiva","status":"publish","type":"post","link":"https:\/\/www.adecose.com\/gl\/adecose-celebra-su-asamblea-general-ordinaria-y-renueva-los-cargos-de-su-junta-directiva\/","title":{"rendered":"ADECOSE celebra su Asamblea General Ordinaria y renueva los cargos de su Junta Directiva"},"content":{"rendered":"[vc_row type=&#8221;in_container&#8221; full_screen_row_position=&#8221;middle&#8221; column_margin=&#8221;default&#8221; column_direction=&#8221;default&#8221; column_direction_tablet=&#8221;default&#8221; column_direction_phone=&#8221;default&#8221; scene_position=&#8221;center&#8221; text_color=&#8221;dark&#8221; text_align=&#8221;left&#8221; row_border_radius=&#8221;none&#8221; row_border_radius_applies=&#8221;bg&#8221; overflow=&#8221;visible&#8221; overlay_strength=&#8221;0.3&#8243; gradient_direction=&#8221;left_to_right&#8221; shape_divider_position=&#8221;bottom&#8221; bg_image_animation=&#8221;none&#8221;][vc_column column_padding=&#8221;no-extra-padding&#8221; column_padding_tablet=&#8221;inherit&#8221; column_padding_phone=&#8221;inherit&#8221; column_padding_position=&#8221;all&#8221; column_element_direction_desktop=&#8221;default&#8221; column_element_spacing=&#8221;default&#8221; desktop_text_alignment=&#8221;default&#8221; tablet_text_alignment=&#8221;default&#8221; phone_text_alignment=&#8221;default&#8221; background_color_opacity=&#8221;1&#8243; background_hover_color_opacity=&#8221;1&#8243; column_backdrop_filter=&#8221;none&#8221; column_shadow=&#8221;none&#8221; column_border_radius=&#8221;none&#8221; column_link_target=&#8221;_self&#8221; column_position=&#8221;default&#8221; gradient_direction=&#8221;left_to_right&#8221; overlay_strength=&#8221;0.3&#8243; width=&#8221;1\/1&#8243; tablet_width_inherit=&#8221;default&#8221; animation_type=&#8221;default&#8221; bg_image_animation=&#8221;none&#8221; border_type=&#8221;simple&#8221; column_border_width=&#8221;none&#8221; column_border_style=&#8221;solid&#8221;][vc_column_text]\n<ul>\n<li><strong><em>ADECOSE ha celebrado su Asamblea General Ordinaria, donde se ha procedido a <\/em><em>la renovaci\u00f3n ordinaria de cargos a la Junta Directiva para el periodo 2023-2027.<\/em><\/strong><\/li>\n<\/ul>\n<ul style=\"font-weight: 400;\">\n<li><strong><em>En el proceso electoral, los socios de ADECOSE han elegido a 15 representantes de corredur\u00edas asociadas para formar parte de la Junta Directiva durante los pr\u00f3ximos 4 a\u00f1os.<\/em><\/strong><\/li>\n<\/ul>\n<ul style=\"font-weight: 400;\">\n<li><strong><em>Los nuevos vocales han elegido a Mart\u00edn Navaz presidente de ADECOSE para los pr\u00f3ximos 4 a\u00f1os.<\/em><\/strong><\/li>\n<\/ul>\n<p style=\"font-weight: 400;\">ADECOSE ha celebrado esta ma\u00f1ana su AsambleaGeneral Ordinaria, donde se ha procedido a la renovaci\u00f3n ordinaria de cargos a la Junta Directiva para el periodo 2023-2027.\u00a0 En estas elecciones ordinarias se han elegido las <strong>15 corredur\u00edas m\u00e1s votadas<\/strong> para formar parte de la Junta Directiva. Los nuevos vocales han decidido que Mart\u00edn Navaz contin\u00fae en la presidencia de ADECOSE para los pr\u00f3ximos 4 a\u00f1os.<\/p>\n<p style=\"font-weight: 400;\">Mediante este proceso electoral, al que se han presentado <strong>17 corredur\u00edas<\/strong>, los socios han procedido a la votaci\u00f3n de candidaturas a la Junta Directiva de ADECOSE, quedando conformada por los siguientes representantes:<\/p>\n<ul style=\"font-weight: 400;\">\n<li><strong>Presidente<\/strong>: Mart\u00edn Navaz (<strong>CONFIDE<\/strong>).<\/li>\n<li><strong>Vicepresidentes<\/strong>: Julio de Santos (<strong>ALKORA EBS<\/strong>)<strong>,<\/strong> Carmina Homs (<strong>FERRER &amp; OJEDA<\/strong>) y Alfonso Valera (<strong>ASECORE<\/strong>).<\/li>\n<li><strong>Secretario:<\/strong> David de la Cueva (<strong>MARSH<\/strong>).<\/li>\n<li><strong>Tesorero<\/strong>: David Salinas (<strong>EPG &amp; SALINAS<\/strong>).<\/li>\n<li><strong>Vocales<\/strong>: David Alonso (<strong>AON IBERIA<\/strong>), Anna de Quir\u00f3s (<strong>COBERTIS<\/strong>), Carlos Galcer\u00e1n (<strong>COGESA<\/strong>), Enrique Schoch (<strong>Filhet-Allard MDS<\/strong>), Alfredo Ar\u00e1n (<strong>Howden Iberia<\/strong>), Carlos Jim\u00e9nez (<strong>MEDICORASSE<\/strong>), Oliva G\u00f3mez (<strong>MOLYMA<\/strong>), M\u00f3nica Rib\u00e9 (<strong>RIB\u00c9 SALAT<\/strong>), Javier L\u00f3pez-Linares (<strong>UBL BROKERS<\/strong>) y Javier Gaus\u00ed (<strong>WILLIS IBERIA<\/strong>).<\/li>\n<\/ul>\n<p style=\"font-weight: 400;\">Por otra parte, los representantes de las corredur\u00edas asociadas han aprobado la Cuenta General de Ingresos y Gastos de la Asociaci\u00f3n del ejercicio; el presupuesto de la Asociaci\u00f3n del ejercicio 2023; as\u00ed como la presentaci\u00f3n de la Memoria Anual 2022 e Informe de Gesti\u00f3n, entre otros puntos de la orden del d\u00eda.<\/p>\n<p style=\"font-weight: 400;\">Por \u00faltimo, <strong>Sergio \u00c1lvarez<\/strong>, <strong>director general de Seguros y Fondos de Pensiones<\/strong>, ha clausurado la Asamblea General Ordinaria. En su intervenci\u00f3n, ha expuesto los asuntos m\u00e1s destacados de la actualidad legislativa del sector asegurador y ha felicitado a ADECOSE por su gesti\u00f3n y por la fluida interlocuci\u00f3n con el supervisor.<\/p>\n<p style=\"font-weight: 400;\">Posteriormente, se ha dado paso a un almuerzo que ha contado con m\u00e1s de 200 asistentes, donde se ha hecho entrega de la <strong>VIII Edici\u00f3n de los Premios Estrella<\/strong> a las compa\u00f1\u00edas mejor valoradas en el Bar\u00f3metro ADECOSE 2022.<\/p>\n[\/vc_column_text][\/vc_column][\/vc_row]\n","protected":false},"excerpt":{"rendered":"<p>[vc_row type=&#8221;in_container&#8221; full_screen_row_position=&#8221;middle&#8221; column_margin=&#8221;default&#8221; column_direction=&#8221;default&#8221; column_direction_tablet=&#8221;default&#8221; column_direction_phone=&#8221;default&#8221; scene_position=&#8221;center&#8221; text_color=&#8221;dark&#8221; text_align=&#8221;left&#8221; row_border_radius=&#8221;none&#8221; row_border_radius_applies=&#8221;bg&#8221; overflow=&#8221;visible&#8221; overlay_strength=&#8221;0.3&#8243; gradient_direction=&#8221;left_to_right&#8221; shape_divider_position=&#8221;bottom&#8221; bg_image_animation=&#8221;none&#8221;][vc_column column_padding=&#8221;no-extra-padding&#8221; column_padding_tablet=&#8221;inherit&#8221; column_padding_phone=&#8221;inherit&#8221; column_padding_position=&#8221;all&#8221; column_element_direction_desktop=&#8221;default&#8221; column_element_spacing=&#8221;default&#8221; desktop_text_alignment=&#8221;default&#8221; tablet_text_alignment=&#8221;default&#8221;&#8230;<\/p>\n","protected":false},"author":197,"featured_media":14394,"comment_status":"closed","ping_status":"closed","sticky":false,"template":"","format":"standard","meta":{"_acf_changed":false,"_price":"","_stock":"","_tribe_ticket_header":"","_tribe_default_ticket_provider":"","_tribe_ticket_capacity":"0","_ticket_start_date":"","_ticket_end_date":"","_tribe_ticket_show_description":"","_tribe_ticket_show_not_going":false,"_tribe_ticket_use_global_stock":"","_tribe_ticket_global_stock_level":"","_global_stock_mode":"","_global_stock_cap":"","_tribe_rsvp_for_event":"","_tribe_ticket_going_count":"","_tribe_ticket_not_going_count":"","_tribe_tickets_list":"[]","_tribe_ticket_has_attendee_info_fields":false,"footnotes":""},"categories":[2],"tags":[225],"class_list":["post-14393","post","type-post","status-publish","format-standard","has-post-thumbnail","category-noticias","tag-junta-directiva"],"acf":[],"yoast_head":"<!-- This site is optimized with the Yoast SEO plugin v27.2 - https:\/\/yoast.com\/product\/yoast-seo-wordpress\/ -->\n<title>ADECOSE celebra su Asamblea General Ordinaria y renueva los cargos de su Junta Directiva - ADECOSE<\/title>\n<meta name=\"robots\" content=\"index, follow, max-snippet:-1, max-image-preview:large, max-video-preview:-1\" \/>\n<link rel=\"canonical\" href=\"https:\/\/www.adecose.com\/adecose-celebra-su-asamblea-general-ordinaria-y-renueva-los-cargos-de-su-junta-directiva\/\" \/>\n<meta property=\"og:locale\" content=\"gl_ES\" \/>\n<meta property=\"og:type\" content=\"article\" \/>\n<meta property=\"og:title\" content=\"ADECOSE celebra su Asamblea General Ordinaria y renueva los cargos de su Junta Directiva - ADECOSE\" \/>\n<meta property=\"og:description\" content=\"[vc_row type=&#8221;in_container&#8221; full_screen_row_position=&#8221;middle&#8221; column_margin=&#8221;default&#8221; column_direction=&#8221;default&#8221; column_direction_tablet=&#8221;default&#8221; column_direction_phone=&#8221;default&#8221; scene_position=&#8221;center&#8221; text_color=&#8221;dark&#8221; text_align=&#8221;left&#8221; row_border_radius=&#8221;none&#8221; row_border_radius_applies=&#8221;bg&#8221; overflow=&#8221;visible&#8221; overlay_strength=&#8221;0.3&#8243; gradient_direction=&#8221;left_to_right&#8221; shape_divider_position=&#8221;bottom&#8221; bg_image_animation=&#8221;none&#8221;][vc_column column_padding=&#8221;no-extra-padding&#8221; column_padding_tablet=&#8221;inherit&#8221; column_padding_phone=&#8221;inherit&#8221; column_padding_position=&#8221;all&#8221; column_element_direction_desktop=&#8221;default&#8221; column_element_spacing=&#8221;default&#8221; desktop_text_alignment=&#8221;default&#8221; tablet_text_alignment=&#8221;default&#8221;...\" \/>\n<meta property=\"og:url\" content=\"https:\/\/www.adecose.com\/adecose-celebra-su-asamblea-general-ordinaria-y-renueva-los-cargos-de-su-junta-directiva\/\" \/>\n<meta property=\"og:site_name\" content=\"ADECOSE\" \/>\n<meta property=\"article:published_time\" content=\"2023-04-14T07:52:48+00:00\" \/>\n<meta property=\"article:modified_time\" content=\"2023-04-14T07:58:08+00:00\" \/>\n<meta property=\"og:image\" content=\"https:\/\/www.adecose.com\/wp-content\/uploads\/2023\/04\/Asamblea-General-Ordinaria-Adecose-2023.jpg\" \/>\n\t<meta property=\"og:image:width\" content=\"1000\" \/>\n\t<meta property=\"og:image:height\" content=\"667\" \/>\n\t<meta property=\"og:image:type\" content=\"image\/jpeg\" \/>\n<meta name=\"author\" content=\"Comunicaci\u00f3n ADECOSE\" \/>\n<meta name=\"twitter:card\" content=\"summary_large_image\" \/>\n<meta name=\"twitter:label1\" content=\"Escrito por\" \/>\n\t<meta name=\"twitter:data1\" content=\"Comunicaci\u00f3n ADECOSE\" \/>\n\t<meta name=\"twitter:label2\" content=\"Tempo de lectura\" \/>\n\t<meta name=\"twitter:data2\" content=\"2 minutos\" \/>\n<script type=\"application\/ld+json\" class=\"yoast-schema-graph\">{\"@context\":\"https:\/\/schema.org\",\"@graph\":[{\"@type\":\"Article\",\"@id\":\"https:\/\/www.adecose.com\/adecose-celebra-su-asamblea-general-ordinaria-y-renueva-los-cargos-de-su-junta-directiva\/#article\",\"isPartOf\":{\"@id\":\"https:\/\/www.adecose.com\/adecose-celebra-su-asamblea-general-ordinaria-y-renueva-los-cargos-de-su-junta-directiva\/\"},\"author\":{\"name\":\"Comunicaci\u00f3n ADECOSE\",\"@id\":\"https:\/\/www.adecose.com\/gl\/#\/schema\/person\/ff086ce55f6379e1d225a2c0dca5eeb6\"},\"headline\":\"ADECOSE celebra su Asamblea General Ordinaria y renueva los cargos de su Junta Directiva\",\"datePublished\":\"2023-04-14T07:52:48+00:00\",\"dateModified\":\"2023-04-14T07:58:08+00:00\",\"mainEntityOfPage\":{\"@id\":\"https:\/\/www.adecose.com\/adecose-celebra-su-asamblea-general-ordinaria-y-renueva-los-cargos-de-su-junta-directiva\/\"},\"wordCount\":581,\"publisher\":{\"@id\":\"https:\/\/www.adecose.com\/gl\/#organization\"},\"image\":{\"@id\":\"https:\/\/www.adecose.com\/adecose-celebra-su-asamblea-general-ordinaria-y-renueva-los-cargos-de-su-junta-directiva\/#primaryimage\"},\"thumbnailUrl\":\"https:\/\/www.adecose.com\/wp-content\/uploads\/2023\/04\/Asamblea-General-Ordinaria-Adecose-2023.jpg\",\"keywords\":[\"Junta Directiva\"],\"articleSection\":[\"Noticias\"],\"inLanguage\":\"gl-ES\"},{\"@type\":\"WebPage\",\"@id\":\"https:\/\/www.adecose.com\/adecose-celebra-su-asamblea-general-ordinaria-y-renueva-los-cargos-de-su-junta-directiva\/\",\"url\":\"https:\/\/www.adecose.com\/adecose-celebra-su-asamblea-general-ordinaria-y-renueva-los-cargos-de-su-junta-directiva\/\",\"name\":\"ADECOSE celebra su Asamblea General Ordinaria y renueva los cargos de su Junta Directiva - ADECOSE\",\"isPartOf\":{\"@id\":\"https:\/\/www.adecose.com\/gl\/#website\"},\"primaryImageOfPage\":{\"@id\":\"https:\/\/www.adecose.com\/adecose-celebra-su-asamblea-general-ordinaria-y-renueva-los-cargos-de-su-junta-directiva\/#primaryimage\"},\"image\":{\"@id\":\"https:\/\/www.adecose.com\/adecose-celebra-su-asamblea-general-ordinaria-y-renueva-los-cargos-de-su-junta-directiva\/#primaryimage\"},\"thumbnailUrl\":\"https:\/\/www.adecose.com\/wp-content\/uploads\/2023\/04\/Asamblea-General-Ordinaria-Adecose-2023.jpg\",\"datePublished\":\"2023-04-14T07:52:48+00:00\",\"dateModified\":\"2023-04-14T07:58:08+00:00\",\"breadcrumb\":{\"@id\":\"https:\/\/www.adecose.com\/adecose-celebra-su-asamblea-general-ordinaria-y-renueva-los-cargos-de-su-junta-directiva\/#breadcrumb\"},\"inLanguage\":\"gl-ES\",\"potentialAction\":[{\"@type\":\"ReadAction\",\"target\":[\"https:\/\/www.adecose.com\/adecose-celebra-su-asamblea-general-ordinaria-y-renueva-los-cargos-de-su-junta-directiva\/\"]}]},{\"@type\":\"ImageObject\",\"inLanguage\":\"gl-ES\",\"@id\":\"https:\/\/www.adecose.com\/adecose-celebra-su-asamblea-general-ordinaria-y-renueva-los-cargos-de-su-junta-directiva\/#primaryimage\",\"url\":\"https:\/\/www.adecose.com\/wp-content\/uploads\/2023\/04\/Asamblea-General-Ordinaria-Adecose-2023.jpg\",\"contentUrl\":\"https:\/\/www.adecose.com\/wp-content\/uploads\/2023\/04\/Asamblea-General-Ordinaria-Adecose-2023.jpg\",\"width\":1000,\"height\":667},{\"@type\":\"BreadcrumbList\",\"@id\":\"https:\/\/www.adecose.com\/adecose-celebra-su-asamblea-general-ordinaria-y-renueva-los-cargos-de-su-junta-directiva\/#breadcrumb\",\"itemListElement\":[{\"@type\":\"ListItem\",\"position\":1,\"name\":\"Portada\",\"item\":\"https:\/\/www.adecose.com\/gl\/\"},{\"@type\":\"ListItem\",\"position\":2,\"name\":\"ADECOSE celebra su Asamblea General Ordinaria y renueva los cargos de su Junta Directiva\"}]},{\"@type\":\"WebSite\",\"@id\":\"https:\/\/www.adecose.com\/gl\/#website\",\"url\":\"https:\/\/www.adecose.com\/gl\/\",\"name\":\"ADECOSE\",\"description\":\"Asociaci\u00f3n Espa\u00f1ola de Corretor\u00edas de Seguros e Reaseguros\",\"publisher\":{\"@id\":\"https:\/\/www.adecose.com\/gl\/#organization\"},\"potentialAction\":[{\"@type\":\"SearchAction\",\"target\":{\"@type\":\"EntryPoint\",\"urlTemplate\":\"https:\/\/www.adecose.com\/gl\/?s={search_term_string}\"},\"query-input\":{\"@type\":\"PropertyValueSpecification\",\"valueRequired\":true,\"valueName\":\"search_term_string\"}}],\"inLanguage\":\"gl-ES\"},{\"@type\":\"Organization\",\"@id\":\"https:\/\/www.adecose.com\/gl\/#organization\",\"name\":\"ADECOSE\",\"url\":\"https:\/\/www.adecose.com\/gl\/\",\"logo\":{\"@type\":\"ImageObject\",\"inLanguage\":\"gl-ES\",\"@id\":\"https:\/\/www.adecose.com\/gl\/#\/schema\/logo\/image\/\",\"url\":\"https:\/\/www.adecose.com\/wp-content\/uploads\/2020\/07\/favicon.png\",\"contentUrl\":\"https:\/\/www.adecose.com\/wp-content\/uploads\/2020\/07\/favicon.png\",\"width\":512,\"height\":512,\"caption\":\"ADECOSE\"},\"image\":{\"@id\":\"https:\/\/www.adecose.com\/gl\/#\/schema\/logo\/image\/\"}},{\"@type\":\"Person\",\"@id\":\"https:\/\/www.adecose.com\/gl\/#\/schema\/person\/ff086ce55f6379e1d225a2c0dca5eeb6\",\"name\":\"Comunicaci\u00f3n ADECOSE\",\"image\":{\"@type\":\"ImageObject\",\"inLanguage\":\"gl-ES\",\"@id\":\"https:\/\/secure.gravatar.com\/avatar\/01cd1f9571997441bf1da6d1cc147351305f03fe8f2acf1ebbec60ebb26924ce?s=96&d=mm&r=g\",\"url\":\"https:\/\/secure.gravatar.com\/avatar\/01cd1f9571997441bf1da6d1cc147351305f03fe8f2acf1ebbec60ebb26924ce?s=96&d=mm&r=g\",\"contentUrl\":\"https:\/\/secure.gravatar.com\/avatar\/01cd1f9571997441bf1da6d1cc147351305f03fe8f2acf1ebbec60ebb26924ce?s=96&d=mm&r=g\",\"caption\":\"Comunicaci\u00f3n ADECOSE\"}}]}<\/script>\n<!-- \/ Yoast SEO plugin. -->","yoast_head_json":{"title":"ADECOSE celebra su Asamblea General Ordinaria y renueva los cargos de su Junta Directiva - ADECOSE","robots":{"index":"index","follow":"follow","max-snippet":"max-snippet:-1","max-image-preview":"max-image-preview:large","max-video-preview":"max-video-preview:-1"},"canonical":"https:\/\/www.adecose.com\/adecose-celebra-su-asamblea-general-ordinaria-y-renueva-los-cargos-de-su-junta-directiva\/","og_locale":"gl_ES","og_type":"article","og_title":"ADECOSE celebra su Asamblea General Ordinaria y renueva los cargos de su Junta Directiva - ADECOSE","og_description":"[vc_row type=&#8221;in_container&#8221; full_screen_row_position=&#8221;middle&#8221; column_margin=&#8221;default&#8221; column_direction=&#8221;default&#8221; column_direction_tablet=&#8221;default&#8221; column_direction_phone=&#8221;default&#8221; scene_position=&#8221;center&#8221; text_color=&#8221;dark&#8221; text_align=&#8221;left&#8221; row_border_radius=&#8221;none&#8221; row_border_radius_applies=&#8221;bg&#8221; overflow=&#8221;visible&#8221; overlay_strength=&#8221;0.3&#8243; gradient_direction=&#8221;left_to_right&#8221; shape_divider_position=&#8221;bottom&#8221; bg_image_animation=&#8221;none&#8221;][vc_column column_padding=&#8221;no-extra-padding&#8221; column_padding_tablet=&#8221;inherit&#8221; column_padding_phone=&#8221;inherit&#8221; column_padding_position=&#8221;all&#8221; column_element_direction_desktop=&#8221;default&#8221; column_element_spacing=&#8221;default&#8221; desktop_text_alignment=&#8221;default&#8221; tablet_text_alignment=&#8221;default&#8221;...","og_url":"https:\/\/www.adecose.com\/adecose-celebra-su-asamblea-general-ordinaria-y-renueva-los-cargos-de-su-junta-directiva\/","og_site_name":"ADECOSE","article_published_time":"2023-04-14T07:52:48+00:00","article_modified_time":"2023-04-14T07:58:08+00:00","og_image":[{"width":1000,"height":667,"url":"https:\/\/www.adecose.com\/wp-content\/uploads\/2023\/04\/Asamblea-General-Ordinaria-Adecose-2023.jpg","type":"image\/jpeg"}],"author":"Comunicaci\u00f3n ADECOSE","twitter_card":"summary_large_image","twitter_misc":{"Escrito por":"Comunicaci\u00f3n ADECOSE","Tempo de lectura":"2 minutos"},"schema":{"@context":"https:\/\/schema.org","@graph":[{"@type":"Article","@id":"https:\/\/www.adecose.com\/adecose-celebra-su-asamblea-general-ordinaria-y-renueva-los-cargos-de-su-junta-directiva\/#article","isPartOf":{"@id":"https:\/\/www.adecose.com\/adecose-celebra-su-asamblea-general-ordinaria-y-renueva-los-cargos-de-su-junta-directiva\/"},"author":{"name":"Comunicaci\u00f3n ADECOSE","@id":"https:\/\/www.adecose.com\/gl\/#\/schema\/person\/ff086ce55f6379e1d225a2c0dca5eeb6"},"headline":"ADECOSE celebra su Asamblea General Ordinaria y renueva los cargos de su Junta Directiva","datePublished":"2023-04-14T07:52:48+00:00","dateModified":"2023-04-14T07:58:08+00:00","mainEntityOfPage":{"@id":"https:\/\/www.adecose.com\/adecose-celebra-su-asamblea-general-ordinaria-y-renueva-los-cargos-de-su-junta-directiva\/"},"wordCount":581,"publisher":{"@id":"https:\/\/www.adecose.com\/gl\/#organization"},"image":{"@id":"https:\/\/www.adecose.com\/adecose-celebra-su-asamblea-general-ordinaria-y-renueva-los-cargos-de-su-junta-directiva\/#primaryimage"},"thumbnailUrl":"https:\/\/www.adecose.com\/wp-content\/uploads\/2023\/04\/Asamblea-General-Ordinaria-Adecose-2023.jpg","keywords":["Junta Directiva"],"articleSection":["Noticias"],"inLanguage":"gl-ES"},{"@type":"WebPage","@id":"https:\/\/www.adecose.com\/adecose-celebra-su-asamblea-general-ordinaria-y-renueva-los-cargos-de-su-junta-directiva\/","url":"https:\/\/www.adecose.com\/adecose-celebra-su-asamblea-general-ordinaria-y-renueva-los-cargos-de-su-junta-directiva\/","name":"ADECOSE celebra su Asamblea General Ordinaria y renueva los cargos de su Junta Directiva - ADECOSE","isPartOf":{"@id":"https:\/\/www.adecose.com\/gl\/#website"},"primaryImageOfPage":{"@id":"https:\/\/www.adecose.com\/adecose-celebra-su-asamblea-general-ordinaria-y-renueva-los-cargos-de-su-junta-directiva\/#primaryimage"},"image":{"@id":"https:\/\/www.adecose.com\/adecose-celebra-su-asamblea-general-ordinaria-y-renueva-los-cargos-de-su-junta-directiva\/#primaryimage"},"thumbnailUrl":"https:\/\/www.adecose.com\/wp-content\/uploads\/2023\/04\/Asamblea-General-Ordinaria-Adecose-2023.jpg","datePublished":"2023-04-14T07:52:48+00:00","dateModified":"2023-04-14T07:58:08+00:00","breadcrumb":{"@id":"https:\/\/www.adecose.com\/adecose-celebra-su-asamblea-general-ordinaria-y-renueva-los-cargos-de-su-junta-directiva\/#breadcrumb"},"inLanguage":"gl-ES","potentialAction":[{"@type":"ReadAction","target":["https:\/\/www.adecose.com\/adecose-celebra-su-asamblea-general-ordinaria-y-renueva-los-cargos-de-su-junta-directiva\/"]}]},{"@type":"ImageObject","inLanguage":"gl-ES","@id":"https:\/\/www.adecose.com\/adecose-celebra-su-asamblea-general-ordinaria-y-renueva-los-cargos-de-su-junta-directiva\/#primaryimage","url":"https:\/\/www.adecose.com\/wp-content\/uploads\/2023\/04\/Asamblea-General-Ordinaria-Adecose-2023.jpg","contentUrl":"https:\/\/www.adecose.com\/wp-content\/uploads\/2023\/04\/Asamblea-General-Ordinaria-Adecose-2023.jpg","width":1000,"height":667},{"@type":"BreadcrumbList","@id":"https:\/\/www.adecose.com\/adecose-celebra-su-asamblea-general-ordinaria-y-renueva-los-cargos-de-su-junta-directiva\/#breadcrumb","itemListElement":[{"@type":"ListItem","position":1,"name":"Portada","item":"https:\/\/www.adecose.com\/gl\/"},{"@type":"ListItem","position":2,"name":"ADECOSE celebra su Asamblea General Ordinaria y renueva los cargos de su Junta Directiva"}]},{"@type":"WebSite","@id":"https:\/\/www.adecose.com\/gl\/#website","url":"https:\/\/www.adecose.com\/gl\/","name":"ADECOSE","description":"Asociaci\u00f3n Espa\u00f1ola de Corretor\u00edas de Seguros e Reaseguros","publisher":{"@id":"https:\/\/www.adecose.com\/gl\/#organization"},"potentialAction":[{"@type":"SearchAction","target":{"@type":"EntryPoint","urlTemplate":"https:\/\/www.adecose.com\/gl\/?s={search_term_string}"},"query-input":{"@type":"PropertyValueSpecification","valueRequired":true,"valueName":"search_term_string"}}],"inLanguage":"gl-ES"},{"@type":"Organization","@id":"https:\/\/www.adecose.com\/gl\/#organization","name":"ADECOSE","url":"https:\/\/www.adecose.com\/gl\/","logo":{"@type":"ImageObject","inLanguage":"gl-ES","@id":"https:\/\/www.adecose.com\/gl\/#\/schema\/logo\/image\/","url":"https:\/\/www.adecose.com\/wp-content\/uploads\/2020\/07\/favicon.png","contentUrl":"https:\/\/www.adecose.com\/wp-content\/uploads\/2020\/07\/favicon.png","width":512,"height":512,"caption":"ADECOSE"},"image":{"@id":"https:\/\/www.adecose.com\/gl\/#\/schema\/logo\/image\/"}},{"@type":"Person","@id":"https:\/\/www.adecose.com\/gl\/#\/schema\/person\/ff086ce55f6379e1d225a2c0dca5eeb6","name":"Comunicaci\u00f3n ADECOSE","image":{"@type":"ImageObject","inLanguage":"gl-ES","@id":"https:\/\/secure.gravatar.com\/avatar\/01cd1f9571997441bf1da6d1cc147351305f03fe8f2acf1ebbec60ebb26924ce?s=96&d=mm&r=g","url":"https:\/\/secure.gravatar.com\/avatar\/01cd1f9571997441bf1da6d1cc147351305f03fe8f2acf1ebbec60ebb26924ce?s=96&d=mm&r=g","contentUrl":"https:\/\/secure.gravatar.com\/avatar\/01cd1f9571997441bf1da6d1cc147351305f03fe8f2acf1ebbec60ebb26924ce?s=96&d=mm&r=g","caption":"Comunicaci\u00f3n ADECOSE"}}]}},"_links":{"self":[{"href":"https:\/\/www.adecose.com\/gl\/wp-json\/wp\/v2\/posts\/14393","targetHints":{"allow":["GET"]}}],"collection":[{"href":"https:\/\/www.adecose.com\/gl\/wp-json\/wp\/v2\/posts"}],"about":[{"href":"https:\/\/www.adecose.com\/gl\/wp-json\/wp\/v2\/types\/post"}],"author":[{"embeddable":true,"href":"https:\/\/www.adecose.com\/gl\/wp-json\/wp\/v2\/users\/197"}],"replies":[{"embeddable":true,"href":"https:\/\/www.adecose.com\/gl\/wp-json\/wp\/v2\/comments?post=14393"}],"version-history":[{"count":0,"href":"https:\/\/www.adecose.com\/gl\/wp-json\/wp\/v2\/posts\/14393\/revisions"}],"wp:featuredmedia":[{"embeddable":true,"href":"https:\/\/www.adecose.com\/gl\/wp-json\/wp\/v2\/media\/14394"}],"wp:attachment":[{"href":"https:\/\/www.adecose.com\/gl\/wp-json\/wp\/v2\/media?parent=14393"}],"wp:term":[{"taxonomy":"category","embeddable":true,"href":"https:\/\/www.adecose.com\/gl\/wp-json\/wp\/v2\/categories?post=14393"},{"taxonomy":"post_tag","embeddable":true,"href":"https:\/\/www.adecose.com\/gl\/wp-json\/wp\/v2\/tags?post=14393"}],"curies":[{"name":"wp","href":"https:\/\/api.w.org\/{rel}","templated":true}]}}