{"id":9407,"date":"2020-12-16T11:13:42","date_gmt":"2020-12-16T09:13:42","guid":{"rendered":"https:\/\/www.adecose.com\/?p=9407"},"modified":"2020-12-16T11:15:58","modified_gmt":"2020-12-16T09:15:58","slug":"adecose-concede-los-premios-estrella-a-las-16-companias-aseguradoras-mejor-valoradas-en-el-barometro-2019","status":"publish","type":"post","link":"https:\/\/www.adecose.com\/eu\/adecose-concede-los-premios-estrella-a-las-16-companias-aseguradoras-mejor-valoradas-en-el-barometro-2019\/","title":{"rendered":"ADECOSE concede los Premios Estrella a las 16 compa\u00f1\u00edas aseguradoras mejor valoradas en el Bar\u00f3metro 2019"},"content":{"rendered":"[vc_row type=&#8221;in_container&#8221; full_screen_row_position=&#8221;middle&#8221; column_margin=&#8221;default&#8221; column_direction=&#8221;default&#8221; column_direction_tablet=&#8221;default&#8221; column_direction_phone=&#8221;default&#8221; scene_position=&#8221;center&#8221; text_color=&#8221;dark&#8221; text_align=&#8221;left&#8221; row_border_radius=&#8221;none&#8221; row_border_radius_applies=&#8221;bg&#8221; overlay_strength=&#8221;0.3&#8243; gradient_direction=&#8221;left_to_right&#8221; shape_divider_position=&#8221;bottom&#8221; bg_image_animation=&#8221;none&#8221;][vc_column column_padding=&#8221;no-extra-padding&#8221; column_padding_tablet=&#8221;inherit&#8221; column_padding_phone=&#8221;inherit&#8221; column_padding_position=&#8221;all&#8221; background_color_opacity=&#8221;1&#8243; background_hover_color_opacity=&#8221;1&#8243; column_shadow=&#8221;none&#8221; column_border_radius=&#8221;none&#8221; column_link_target=&#8221;_self&#8221; gradient_direction=&#8221;left_to_right&#8221; overlay_strength=&#8221;0.3&#8243; width=&#8221;1\/1&#8243; tablet_width_inherit=&#8221;default&#8221; tablet_text_alignment=&#8221;default&#8221; phone_text_alignment=&#8221;default&#8221; column_border_width=&#8221;none&#8221; column_border_style=&#8221;solid&#8221; bg_image_animation=&#8221;none&#8221;][split_line_heading animation_type=&#8221;default&#8221;]<em><span style=\"color: #045c9b;\"><strong>V Edici\u00f3n de los Premios Estrella ADECOSE 2019<\/strong><\/span><\/em>[\/split_line_heading][\/vc_column][\/vc_row][vc_row type=&#8221;in_container&#8221; full_screen_row_position=&#8221;middle&#8221; column_margin=&#8221;default&#8221; column_direction=&#8221;default&#8221; column_direction_tablet=&#8221;default&#8221; column_direction_phone=&#8221;default&#8221; scene_position=&#8221;center&#8221; text_color=&#8221;dark&#8221; text_align=&#8221;left&#8221; row_border_radius=&#8221;none&#8221; row_border_radius_applies=&#8221;bg&#8221; overlay_strength=&#8221;0.3&#8243; gradient_direction=&#8221;left_to_right&#8221; shape_divider_position=&#8221;bottom&#8221; bg_image_animation=&#8221;none&#8221;][vc_column column_padding=&#8221;no-extra-padding&#8221; column_padding_tablet=&#8221;inherit&#8221; column_padding_phone=&#8221;inherit&#8221; column_padding_position=&#8221;all&#8221; background_color_opacity=&#8221;1&#8243; background_hover_color_opacity=&#8221;1&#8243; column_shadow=&#8221;none&#8221; column_border_radius=&#8221;none&#8221; column_link_target=&#8221;_self&#8221; gradient_direction=&#8221;left_to_right&#8221; overlay_strength=&#8221;0.3&#8243; width=&#8221;1\/1&#8243; tablet_width_inherit=&#8221;default&#8221; tablet_text_alignment=&#8221;default&#8221; phone_text_alignment=&#8221;default&#8221; column_border_width=&#8221;none&#8221; column_border_style=&#8221;solid&#8221; bg_image_animation=&#8221;none&#8221;][vc_column_text]\n<ul>\n<li><em>Reale Seguros, Liberty Seguros, Zurich, Plus Ultra, FIATC Seguros, Seguros Bilbao y ARAG han recibido el Premio Estrella Oro.<\/em><em>\u00a0<\/em><\/li>\n<\/ul>\n<ul>\n<li><em>Surne, Hiscox, Berkley, Ergo Seguros de Viaje y Markel han recibido el Premio Estrella Plata.<\/em><em>\u00a0<\/em><\/li>\n<\/ul>\n<ul>\n<li><em>Reale Seguros,\u00a0Plus Ultra,\u00a0Berkley,\u00a0Asefa,\u00a0Arag,\u00a0ERGO Seguros de Viaje,\u00a0DKV,\u00a0Cigna,\u00a0Surne,\u00a0Fiatc,\u00a0Coface han recibido el Premio Estrella Bronce.<\/em><\/li>\n<\/ul>\n<p>ADECOSE ha concedido los <span style=\"color: #045c9b;\"><strong>Premios Estrella 2019<\/strong><\/span> a las 16 compa\u00f1\u00edas mejor valoradas en el Bar\u00f3metro ADECOSE 2019 en cuanto a satisfacci\u00f3n global y calidad del servicio. ADECOSE ha presentado la entrega de premios mediante un <a href=\"https:\/\/youtu.be\/CA_mujU4NuI\">v\u00eddeo<\/a> que recoge la visi\u00f3n de las aseguradoras sobre la importancia del Bar\u00f3metro y la actuaci\u00f3n del sector asegurador en este a\u00f1o excepcional.<\/p>\n<p>&nbsp;<\/p>\n[\/vc_column_text][\/vc_column][\/vc_row][vc_row type=&#8221;in_container&#8221; full_screen_row_position=&#8221;middle&#8221; column_margin=&#8221;default&#8221; column_direction=&#8221;default&#8221; column_direction_tablet=&#8221;default&#8221; column_direction_phone=&#8221;default&#8221; scene_position=&#8221;center&#8221; text_color=&#8221;dark&#8221; text_align=&#8221;left&#8221; row_border_radius=&#8221;none&#8221; row_border_radius_applies=&#8221;bg&#8221; overlay_strength=&#8221;0.3&#8243; gradient_direction=&#8221;left_to_right&#8221; shape_divider_position=&#8221;bottom&#8221; bg_image_animation=&#8221;none&#8221;][vc_column column_padding=&#8221;no-extra-padding&#8221; column_padding_tablet=&#8221;inherit&#8221; column_padding_phone=&#8221;inherit&#8221; column_padding_position=&#8221;all&#8221; background_color_opacity=&#8221;1&#8243; background_hover_color_opacity=&#8221;1&#8243; column_shadow=&#8221;none&#8221; column_border_radius=&#8221;none&#8221; column_link_target=&#8221;_self&#8221; gradient_direction=&#8221;left_to_right&#8221; overlay_strength=&#8221;0.3&#8243; width=&#8221;1\/1&#8243; tablet_width_inherit=&#8221;default&#8221; tablet_text_alignment=&#8221;default&#8221; phone_text_alignment=&#8221;default&#8221; column_border_width=&#8221;none&#8221; column_border_style=&#8221;solid&#8221; bg_image_animation=&#8221;none&#8221;][vc_raw_html]JTNDaWZyYW1lJTIwd2lkdGglM0QlMjI1NjAlMjIlMjBoZWlnaHQlM0QlMjIzMTUlMjIlMjBzcmMlM0QlMjJodHRwcyUzQSUyRiUyRnd3dy55b3V0dWJlLmNvbSUyRmVtYmVkJTJGQ0FfbXVqVTROdUklMjIlMjBmcmFtZWJvcmRlciUzRCUyMjAlMjIlMjBhbGxvdyUzRCUyMmFjY2VsZXJvbWV0ZXIlM0IlMjBhdXRvcGxheSUzQiUyMGNsaXBib2FyZC13cml0ZSUzQiUyMGVuY3J5cHRlZC1tZWRpYSUzQiUyMGd5cm9zY29wZSUzQiUyMHBpY3R1cmUtaW4tcGljdHVyZSUyMiUyMGFsbG93ZnVsbHNjcmVlbiUzRSUzQyUyRmlmcmFtZSUzRQ==[\/vc_raw_html][\/vc_column][\/vc_row][vc_row type=&#8221;in_container&#8221; full_screen_row_position=&#8221;middle&#8221; column_margin=&#8221;default&#8221; column_direction=&#8221;default&#8221; column_direction_tablet=&#8221;default&#8221; column_direction_phone=&#8221;default&#8221; scene_position=&#8221;center&#8221; text_color=&#8221;dark&#8221; text_align=&#8221;left&#8221; row_border_radius=&#8221;none&#8221; row_border_radius_applies=&#8221;bg&#8221; overlay_strength=&#8221;0.3&#8243; gradient_direction=&#8221;left_to_right&#8221; shape_divider_position=&#8221;bottom&#8221; bg_image_animation=&#8221;none&#8221;][vc_column column_padding=&#8221;no-extra-padding&#8221; column_padding_tablet=&#8221;inherit&#8221; column_padding_phone=&#8221;inherit&#8221; column_padding_position=&#8221;all&#8221; background_color_opacity=&#8221;1&#8243; background_hover_color_opacity=&#8221;1&#8243; column_shadow=&#8221;none&#8221; column_border_radius=&#8221;none&#8221; column_link_target=&#8221;_self&#8221; gradient_direction=&#8221;left_to_right&#8221; overlay_strength=&#8221;0.3&#8243; width=&#8221;1\/1&#8243; tablet_width_inherit=&#8221;default&#8221; tablet_text_alignment=&#8221;default&#8221; phone_text_alignment=&#8221;default&#8221; column_border_width=&#8221;none&#8221; column_border_style=&#8221;solid&#8221; bg_image_animation=&#8221;none&#8221;][vc_column_text]\n<ul>\n<li>Por categor\u00edas, el <span style=\"color: #045c9b;\"><strong>Premio Estrella Oro<\/strong><\/span> ha sido concedido a:<\/li>\n<\/ul>\n[\/vc_column_text][\/vc_column][\/vc_row][vc_row type=&#8221;in_container&#8221; full_screen_row_position=&#8221;middle&#8221; column_margin=&#8221;default&#8221; column_direction=&#8221;default&#8221; column_direction_tablet=&#8221;default&#8221; column_direction_phone=&#8221;default&#8221; scene_position=&#8221;center&#8221; text_color=&#8221;dark&#8221; text_align=&#8221;left&#8221; row_border_radius=&#8221;none&#8221; row_border_radius_applies=&#8221;bg&#8221; overlay_strength=&#8221;0.3&#8243; gradient_direction=&#8221;left_to_right&#8221; shape_divider_position=&#8221;bottom&#8221; bg_image_animation=&#8221;none&#8221;][vc_column column_padding=&#8221;no-extra-padding&#8221; column_padding_tablet=&#8221;inherit&#8221; column_padding_phone=&#8221;inherit&#8221; column_padding_position=&#8221;all&#8221; background_color_opacity=&#8221;1&#8243; background_hover_color_opacity=&#8221;1&#8243; column_shadow=&#8221;none&#8221; column_border_radius=&#8221;none&#8221; column_link_target=&#8221;_self&#8221; gradient_direction=&#8221;left_to_right&#8221; overlay_strength=&#8221;0.3&#8243; width=&#8221;1\/1&#8243; tablet_width_inherit=&#8221;default&#8221; tablet_text_alignment=&#8221;default&#8221; phone_text_alignment=&#8221;default&#8221; column_border_width=&#8221;none&#8221; column_border_style=&#8221;solid&#8221; bg_image_animation=&#8221;none&#8221;]<div class=\"nectar-fancy-ul\" data-list-icon=\"icon-salient-thin-line\" data-animation=\"false\" data-animation-delay=\"0\" data-color=\"accent-color\" data-spacing=\"default\" data-alignment=\"left\"> \n<ul>\n<li><span style=\"color: #045c9b;\"><strong>Reale Seguros<\/strong><\/span><\/li>\n<li><span style=\"color: #045c9b;\"><strong>Liberty Seguros<\/strong><\/span><\/li>\n<li><span style=\"color: #045c9b;\"><strong>Zurich, Plus Ultra<\/strong><\/span><\/li>\n<li><span style=\"color: #045c9b;\"><strong>FIATC Seguros<\/strong><\/span><\/li>\n<li><span style=\"color: #045c9b;\"><strong>Seguros Bilbao<\/strong><\/span><\/li>\n<li><span style=\"color: #045c9b;\"><strong>ARAG<\/strong><\/span><\/li>\n<\/ul>\n <\/div>[vc_column_text]Por su parte, las compa\u00f1\u00edas que han recibido el <span style=\"color: #045c9b;\"><strong>Premio Estrella Plata <\/strong><\/span>han sido:[\/vc_column_text][\/vc_column][\/vc_row][vc_row type=&#8221;in_container&#8221; full_screen_row_position=&#8221;middle&#8221; column_margin=&#8221;default&#8221; column_direction=&#8221;default&#8221; column_direction_tablet=&#8221;default&#8221; column_direction_phone=&#8221;default&#8221; scene_position=&#8221;center&#8221; text_color=&#8221;dark&#8221; text_align=&#8221;left&#8221; row_border_radius=&#8221;none&#8221; row_border_radius_applies=&#8221;bg&#8221; overlay_strength=&#8221;0.3&#8243; gradient_direction=&#8221;left_to_right&#8221; shape_divider_position=&#8221;bottom&#8221; bg_image_animation=&#8221;none&#8221;][vc_column column_padding=&#8221;no-extra-padding&#8221; column_padding_tablet=&#8221;inherit&#8221; column_padding_phone=&#8221;inherit&#8221; column_padding_position=&#8221;all&#8221; background_color_opacity=&#8221;1&#8243; background_hover_color_opacity=&#8221;1&#8243; column_shadow=&#8221;none&#8221; column_border_radius=&#8221;none&#8221; column_link_target=&#8221;_self&#8221; gradient_direction=&#8221;left_to_right&#8221; overlay_strength=&#8221;0.3&#8243; width=&#8221;1\/1&#8243; tablet_width_inherit=&#8221;default&#8221; tablet_text_alignment=&#8221;default&#8221; phone_text_alignment=&#8221;default&#8221; column_border_width=&#8221;none&#8221; column_border_style=&#8221;solid&#8221; bg_image_animation=&#8221;none&#8221;]<div class=\"nectar-fancy-ul\" data-list-icon=\"icon-salient-thin-line\" data-animation=\"false\" data-animation-delay=\"0\" data-color=\"accent-color\" data-spacing=\"default\" data-alignment=\"left\"> \n<ul>\n<li><span style=\"color: #045c9b;\"><strong>Surne<\/strong><\/span><\/li>\n<li><span style=\"color: #045c9b;\"><strong>Hiscox<\/strong><\/span><\/li>\n<li><span style=\"color: #045c9b;\"><strong>Berkley<\/strong><\/span><\/li>\n<li><span style=\"color: #045c9b;\"><strong>Ergo Seguros de Viaje<\/strong><\/span><\/li>\n<li><span style=\"color: #045c9b;\"><strong>Markel<\/strong><\/span><\/li>\n<\/ul>\n <\/div>[vc_column_text]Por ramos, ADECOSE ha entregado el <span style=\"color: #045c9b;\"><strong>Premio Estrella Bronce <\/strong><\/span>a las siguientes compa\u00f1\u00edas:[\/vc_column_text]<div class=\"nectar-fancy-ul\" data-list-icon=\"icon-salient-thin-line\" data-animation=\"false\" data-animation-delay=\"0\" data-color=\"accent-color\" data-spacing=\"default\" data-alignment=\"left\"> \n<ul>\n<li><span style=\"color: #045c9b;\"><strong>Reale Seguros<\/strong><\/span> (Autos, Flotas,\u00a0Da\u00f1os \/ Patrimoniales, P\u00e9rdidas pecuniarias).<\/li>\n<li><span style=\"color: #045c9b;\"><strong>Plus Ultra<\/strong><\/span> (Transportes).<\/li>\n<li><span style=\"color: #045c9b;\"><strong>Berkley<\/strong><\/span> (Responsabilidad civil).<\/li>\n<li><span style=\"color: #045c9b;\"><strong>Asefa<\/strong><\/span> (Ramos t\u00e9cnicos).<\/li>\n<li><span style=\"color: #045c9b;\"><strong>ARAG<\/strong><\/span> (Defensa jur\u00eddica).<\/li>\n<li><span style=\"color: #045c9b;\"><strong>ERGO<\/strong> <strong>Seguros de Viaje<\/strong><\/span> (Asistencia en viaje).<\/li>\n<li><span style=\"color: #045c9b;\"><strong>DKV<\/strong><\/span> (Salud individual).<\/li>\n<li><span style=\"color: #045c9b;\"><strong>Cigna<\/strong><\/span> (Salud Colectivo).<\/li>\n<li><span style=\"color: #045c9b;\"><strong>Surne<\/strong><\/span> (Accidentes, Vida riesgo individual,\u00a0Vida riesgo colectivo,\u00a0Vida ahorro\/Pensiones).<\/li>\n<li><span style=\"color: #045c9b;\"><strong>FIATC Seguros<\/strong><\/span> (Decesos).<\/li>\n<li><span style=\"color: #045c9b;\"><strong>Coface<\/strong><\/span> (Seguro de cr\u00e9dito \/ Cauci\u00f3n \/ Pol\u00edtico).<\/li>\n<\/ul>\n <\/div>[split_line_heading animation_type=&#8221;default&#8221;]<em><span style=\"color: #045c9b;\"><strong>V\u00eddeo V Premios Estrella ADECOSE 2019<\/strong><\/span><\/em>[\/split_line_heading][\/vc_column][\/vc_row][vc_row type=&#8221;in_container&#8221; full_screen_row_position=&#8221;middle&#8221; column_margin=&#8221;default&#8221; column_direction=&#8221;default&#8221; column_direction_tablet=&#8221;default&#8221; column_direction_phone=&#8221;default&#8221; scene_position=&#8221;center&#8221; text_color=&#8221;dark&#8221; text_align=&#8221;left&#8221; row_border_radius=&#8221;none&#8221; row_border_radius_applies=&#8221;bg&#8221; overlay_strength=&#8221;0.3&#8243; gradient_direction=&#8221;left_to_right&#8221; shape_divider_position=&#8221;bottom&#8221; bg_image_animation=&#8221;none&#8221;][vc_column column_padding=&#8221;no-extra-padding&#8221; column_padding_tablet=&#8221;inherit&#8221; column_padding_phone=&#8221;inherit&#8221; column_padding_position=&#8221;all&#8221; background_color_opacity=&#8221;1&#8243; background_hover_color_opacity=&#8221;1&#8243; column_shadow=&#8221;none&#8221; column_border_radius=&#8221;none&#8221; column_link_target=&#8221;_self&#8221; gradient_direction=&#8221;left_to_right&#8221; overlay_strength=&#8221;0.3&#8243; width=&#8221;1\/1&#8243; tablet_width_inherit=&#8221;default&#8221; tablet_text_alignment=&#8221;default&#8221; phone_text_alignment=&#8221;default&#8221; column_border_width=&#8221;none&#8221; column_border_style=&#8221;solid&#8221; bg_image_animation=&#8221;none&#8221;][vc_column_text]En esta <span style=\"color: #045c9b;\"><strong>V Edici\u00f3n de los Premios Estrella<\/strong><\/span>, como alternativa a la celebraci\u00f3n del tradicional evento de ADECOSE, la Asociaci\u00f3n ha presentado los premios de forma virtual mediante un <a href=\"https:\/\/youtu.be\/CA_mujU4NuI\">v\u00eddeo<\/a> que recoge declaraciones de los l\u00edderes de las compa\u00f1\u00edas aseguradoras. Los CEOs de Liberty Seguros y Zurich no han podido participar en la grabaci\u00f3n del mismo debido al cierre total de sus oficinas, pero han enviado un mensaje de agradecimiento mediante un v\u00eddeo que se publicar\u00e1 en los pr\u00f3ximos d\u00edas.<\/p>\n<p>Mart\u00edn Navaz, presidente de ADECOSE, presenta en este v\u00eddeo los Premios Estrella, \u201cuna iniciativa que se ha consolidado como <span style=\"color: #045c9b;\"><strong>referente en el sector<\/strong><\/span>\u201d. Seg\u00fan explica, la Estrella de Oro reconoce a las empresas que obtienen m\u00e1s de un 7 en Servicio Global en el Bar\u00f3metro ADECOSE y que participan en iniciativas clave de la Asociaci\u00f3n, la Estrella de Plata se concede a las aseguradoras que alcanzan una valoraci\u00f3n superior a 7 en Servicio Global; y la Estrella de Bronce se otorga a las compa\u00f1\u00edas que consiguen la mejor valoraci\u00f3n en cada uno de los ramos de actividad.<\/p>\n<p>Los representantes de las compa\u00f1\u00edas premiadas destacan que estos galardones suponen un <strong><span style=\"color: #045c9b;\">reconocimiento<\/span><\/strong> para sus organizaciones, una fuente de motivaci\u00f3n para sus trabajadores y el reto de mantenerse cada a\u00f1o en el ranking de las compa\u00f1\u00edas mejores valoradas en el Bar\u00f3metro ADECOSE.\u00a0 Adem\u00e1s, afirman que esta iniciativa contribuye a la <strong><span style=\"color: #045c9b;\">profesionalizaci\u00f3n de las corredur\u00edas<\/span><\/strong> y a establecer un compromiso y una relaci\u00f3n duradera y estable entre compa\u00f1\u00edas de seguros y corredur\u00edas.<\/p>\n<p>Los l\u00edderes coinciden en que sus compa\u00f1\u00edas han conseguido esta destacada posici\u00f3n en el Bar\u00f3metro 2019 gracias al esfuerzo diario de sus <strong><span style=\"color: #045c9b;\">equipos<\/span><\/strong> y confirman la gran respuesta que ha dado el sector asegurador con respecto al <span style=\"color: #045c9b;\"><strong>teletrabajo<\/strong><\/span>, gracias a su preparaci\u00f3n digital y tecnol\u00f3gica.<\/p>\n<p>Por \u00faltimo, las compa\u00f1\u00edas se preparan ya para los resultados del <strong><span style=\"color: #045c9b;\">Bar\u00f3metro ADECOSE 2020<\/span><\/strong> que se presentar\u00e1n al sector en el mes de febrero, en el que los profesionales de las corredur\u00edas asociadas de ADECOSE han valorado la calidad del servicio prestada por las compa\u00f1\u00edas durante este a\u00f1o de crisis sanitaria y econ\u00f3mica derivada de la pandemia.<\/p>\n<p><strong>\u00a0<\/strong>[\/vc_column_text][\/vc_column][\/vc_row]\n","protected":false},"excerpt":{"rendered":"<p>[vc_row type=&#8221;in_container&#8221; full_screen_row_position=&#8221;middle&#8221; column_margin=&#8221;default&#8221; column_direction=&#8221;default&#8221; column_direction_tablet=&#8221;default&#8221; column_direction_phone=&#8221;default&#8221; scene_position=&#8221;center&#8221; text_color=&#8221;dark&#8221; text_align=&#8221;left&#8221; row_border_radius=&#8221;none&#8221; row_border_radius_applies=&#8221;bg&#8221; overlay_strength=&#8221;0.3&#8243; gradient_direction=&#8221;left_to_right&#8221; shape_divider_position=&#8221;bottom&#8221; bg_image_animation=&#8221;none&#8221;][vc_column column_padding=&#8221;no-extra-padding&#8221; column_padding_tablet=&#8221;inherit&#8221; column_padding_phone=&#8221;inherit&#8221; column_padding_position=&#8221;all&#8221; background_color_opacity=&#8221;1&#8243; background_hover_color_opacity=&#8221;1&#8243; column_shadow=&#8221;none&#8221; column_border_radius=&#8221;none&#8221; column_link_target=&#8221;_self&#8221;&#8230;<\/p>\n","protected":false},"author":197,"featured_media":9409,"comment_status":"closed","ping_status":"closed","sticky":false,"template":"","format":"standard","meta":{"_acf_changed":false,"_price":"","_stock":"","_tribe_ticket_header":"","_tribe_default_ticket_provider":"","_tribe_ticket_capacity":"0","_ticket_start_date":"","_ticket_end_date":"","_tribe_ticket_show_description":"","_tribe_ticket_show_not_going":false,"_tribe_ticket_use_global_stock":"","_tribe_ticket_global_stock_level":"","_global_stock_mode":"","_global_stock_cap":"","_tribe_rsvp_for_event":"","_tribe_ticket_going_count":"","_tribe_ticket_not_going_count":"","_tribe_tickets_list":"[]","_tribe_ticket_has_attendee_info_fields":false,"footnotes":""},"categories":[2],"tags":[223],"class_list":["post-9407","post","type-post","status-publish","format-standard","has-post-thumbnail","category-noticias","tag-barometro-adecose"],"acf":[],"yoast_head":"<!-- This site is optimized with the Yoast SEO plugin v27.2 - https:\/\/yoast.com\/product\/yoast-seo-wordpress\/ -->\n<title>ADECOSE concede los Premios Estrella a las 16 compa\u00f1\u00edas aseguradoras mejor valoradas en el Bar\u00f3metro 2019 - ADECOSE<\/title>\n<meta name=\"robots\" content=\"index, follow, max-snippet:-1, max-image-preview:large, max-video-preview:-1\" \/>\n<link rel=\"canonical\" href=\"https:\/\/www.adecose.com\/adecose-concede-los-premios-estrella-a-las-16-companias-aseguradoras-mejor-valoradas-en-el-barometro-2019\/\" \/>\n<meta property=\"og:locale\" content=\"eu_ES\" \/>\n<meta property=\"og:type\" content=\"article\" \/>\n<meta property=\"og:title\" content=\"ADECOSE concede los Premios Estrella a las 16 compa\u00f1\u00edas aseguradoras mejor valoradas en el Bar\u00f3metro 2019 - ADECOSE\" \/>\n<meta property=\"og:description\" content=\"[vc_row type=&#8221;in_container&#8221; full_screen_row_position=&#8221;middle&#8221; column_margin=&#8221;default&#8221; column_direction=&#8221;default&#8221; column_direction_tablet=&#8221;default&#8221; column_direction_phone=&#8221;default&#8221; scene_position=&#8221;center&#8221; text_color=&#8221;dark&#8221; text_align=&#8221;left&#8221; row_border_radius=&#8221;none&#8221; row_border_radius_applies=&#8221;bg&#8221; overlay_strength=&#8221;0.3&#8243; gradient_direction=&#8221;left_to_right&#8221; shape_divider_position=&#8221;bottom&#8221; bg_image_animation=&#8221;none&#8221;][vc_column column_padding=&#8221;no-extra-padding&#8221; column_padding_tablet=&#8221;inherit&#8221; column_padding_phone=&#8221;inherit&#8221; column_padding_position=&#8221;all&#8221; background_color_opacity=&#8221;1&#8243; background_hover_color_opacity=&#8221;1&#8243; column_shadow=&#8221;none&#8221; column_border_radius=&#8221;none&#8221; column_link_target=&#8221;_self&#8221;...\" \/>\n<meta property=\"og:url\" content=\"https:\/\/www.adecose.com\/adecose-concede-los-premios-estrella-a-las-16-companias-aseguradoras-mejor-valoradas-en-el-barometro-2019\/\" \/>\n<meta property=\"og:site_name\" content=\"ADECOSE\" \/>\n<meta property=\"article:published_time\" content=\"2020-12-16T09:13:42+00:00\" \/>\n<meta property=\"article:modified_time\" content=\"2020-12-16T09:15:58+00:00\" \/>\n<meta property=\"og:image\" content=\"https:\/\/www.adecose.com\/wp-content\/uploads\/2020\/12\/Premios-Estrella-ADECOSE-2019-baja.jpg\" \/>\n\t<meta property=\"og:image:width\" content=\"1000\" \/>\n\t<meta property=\"og:image:height\" content=\"595\" \/>\n\t<meta property=\"og:image:type\" content=\"image\/jpeg\" \/>\n<meta name=\"author\" content=\"Comunicaci\u00f3n ADECOSE\" \/>\n<meta name=\"twitter:card\" content=\"summary_large_image\" \/>\n<meta name=\"twitter:label1\" content=\"Written by\" \/>\n\t<meta name=\"twitter:data1\" content=\"Comunicaci\u00f3n ADECOSE\" \/>\n\t<meta name=\"twitter:label2\" content=\"Est. reading time\" \/>\n\t<meta name=\"twitter:data2\" content=\"8 minutes\" \/>\n<script type=\"application\/ld+json\" class=\"yoast-schema-graph\">{\"@context\":\"https:\/\/schema.org\",\"@graph\":[{\"@type\":\"Article\",\"@id\":\"https:\/\/www.adecose.com\/adecose-concede-los-premios-estrella-a-las-16-companias-aseguradoras-mejor-valoradas-en-el-barometro-2019\/#article\",\"isPartOf\":{\"@id\":\"https:\/\/www.adecose.com\/adecose-concede-los-premios-estrella-a-las-16-companias-aseguradoras-mejor-valoradas-en-el-barometro-2019\/\"},\"author\":{\"name\":\"Comunicaci\u00f3n ADECOSE\",\"@id\":\"https:\/\/www.adecose.com\/gl\/#\/schema\/person\/ff086ce55f6379e1d225a2c0dca5eeb6\"},\"headline\":\"ADECOSE concede los Premios Estrella a las 16 compa\u00f1\u00edas aseguradoras mejor valoradas en el Bar\u00f3metro 2019\",\"datePublished\":\"2020-12-16T09:13:42+00:00\",\"dateModified\":\"2020-12-16T09:15:58+00:00\",\"mainEntityOfPage\":{\"@id\":\"https:\/\/www.adecose.com\/adecose-concede-los-premios-estrella-a-las-16-companias-aseguradoras-mejor-valoradas-en-el-barometro-2019\/\"},\"wordCount\":1674,\"publisher\":{\"@id\":\"https:\/\/www.adecose.com\/gl\/#organization\"},\"image\":{\"@id\":\"https:\/\/www.adecose.com\/adecose-concede-los-premios-estrella-a-las-16-companias-aseguradoras-mejor-valoradas-en-el-barometro-2019\/#primaryimage\"},\"thumbnailUrl\":\"https:\/\/www.adecose.com\/wp-content\/uploads\/2020\/12\/Premios-Estrella-ADECOSE-2019-baja.jpg\",\"keywords\":[\"Bar\u00f3metro ADECOSE\"],\"articleSection\":[\"Noticias\"],\"inLanguage\":\"eu-ES\"},{\"@type\":\"WebPage\",\"@id\":\"https:\/\/www.adecose.com\/adecose-concede-los-premios-estrella-a-las-16-companias-aseguradoras-mejor-valoradas-en-el-barometro-2019\/\",\"url\":\"https:\/\/www.adecose.com\/adecose-concede-los-premios-estrella-a-las-16-companias-aseguradoras-mejor-valoradas-en-el-barometro-2019\/\",\"name\":\"ADECOSE concede los Premios Estrella a las 16 compa\u00f1\u00edas aseguradoras mejor valoradas en el Bar\u00f3metro 2019 - ADECOSE\",\"isPartOf\":{\"@id\":\"https:\/\/www.adecose.com\/gl\/#website\"},\"primaryImageOfPage\":{\"@id\":\"https:\/\/www.adecose.com\/adecose-concede-los-premios-estrella-a-las-16-companias-aseguradoras-mejor-valoradas-en-el-barometro-2019\/#primaryimage\"},\"image\":{\"@id\":\"https:\/\/www.adecose.com\/adecose-concede-los-premios-estrella-a-las-16-companias-aseguradoras-mejor-valoradas-en-el-barometro-2019\/#primaryimage\"},\"thumbnailUrl\":\"https:\/\/www.adecose.com\/wp-content\/uploads\/2020\/12\/Premios-Estrella-ADECOSE-2019-baja.jpg\",\"datePublished\":\"2020-12-16T09:13:42+00:00\",\"dateModified\":\"2020-12-16T09:15:58+00:00\",\"breadcrumb\":{\"@id\":\"https:\/\/www.adecose.com\/adecose-concede-los-premios-estrella-a-las-16-companias-aseguradoras-mejor-valoradas-en-el-barometro-2019\/#breadcrumb\"},\"inLanguage\":\"eu-ES\",\"potentialAction\":[{\"@type\":\"ReadAction\",\"target\":[\"https:\/\/www.adecose.com\/adecose-concede-los-premios-estrella-a-las-16-companias-aseguradoras-mejor-valoradas-en-el-barometro-2019\/\"]}]},{\"@type\":\"ImageObject\",\"inLanguage\":\"eu-ES\",\"@id\":\"https:\/\/www.adecose.com\/adecose-concede-los-premios-estrella-a-las-16-companias-aseguradoras-mejor-valoradas-en-el-barometro-2019\/#primaryimage\",\"url\":\"https:\/\/www.adecose.com\/wp-content\/uploads\/2020\/12\/Premios-Estrella-ADECOSE-2019-baja.jpg\",\"contentUrl\":\"https:\/\/www.adecose.com\/wp-content\/uploads\/2020\/12\/Premios-Estrella-ADECOSE-2019-baja.jpg\",\"width\":1000,\"height\":595},{\"@type\":\"BreadcrumbList\",\"@id\":\"https:\/\/www.adecose.com\/adecose-concede-los-premios-estrella-a-las-16-companias-aseguradoras-mejor-valoradas-en-el-barometro-2019\/#breadcrumb\",\"itemListElement\":[{\"@type\":\"ListItem\",\"position\":1,\"name\":\"Portada\",\"item\":\"https:\/\/www.adecose.com\/eu\/aseguru-eta-berraseguru-artekaritzen-espainiako-elkartea\/\"},{\"@type\":\"ListItem\",\"position\":2,\"name\":\"ADECOSE concede los Premios Estrella a las 16 compa\u00f1\u00edas aseguradoras mejor valoradas en el Bar\u00f3metro 2019\"}]},{\"@type\":\"WebSite\",\"@id\":\"https:\/\/www.adecose.com\/gl\/#website\",\"url\":\"https:\/\/www.adecose.com\/gl\/\",\"name\":\"ADECOSE\",\"description\":\"Aseguru eta Berraseguru Artekaritzen Espainiako Elkartea\",\"publisher\":{\"@id\":\"https:\/\/www.adecose.com\/gl\/#organization\"},\"potentialAction\":[{\"@type\":\"SearchAction\",\"target\":{\"@type\":\"EntryPoint\",\"urlTemplate\":\"https:\/\/www.adecose.com\/gl\/?s={search_term_string}\"},\"query-input\":{\"@type\":\"PropertyValueSpecification\",\"valueRequired\":true,\"valueName\":\"search_term_string\"}}],\"inLanguage\":\"eu-ES\"},{\"@type\":\"Organization\",\"@id\":\"https:\/\/www.adecose.com\/gl\/#organization\",\"name\":\"ADECOSE\",\"url\":\"https:\/\/www.adecose.com\/gl\/\",\"logo\":{\"@type\":\"ImageObject\",\"inLanguage\":\"eu-ES\",\"@id\":\"https:\/\/www.adecose.com\/gl\/#\/schema\/logo\/image\/\",\"url\":\"https:\/\/www.adecose.com\/wp-content\/uploads\/2020\/07\/favicon.png\",\"contentUrl\":\"https:\/\/www.adecose.com\/wp-content\/uploads\/2020\/07\/favicon.png\",\"width\":512,\"height\":512,\"caption\":\"ADECOSE\"},\"image\":{\"@id\":\"https:\/\/www.adecose.com\/gl\/#\/schema\/logo\/image\/\"}},{\"@type\":\"Person\",\"@id\":\"https:\/\/www.adecose.com\/gl\/#\/schema\/person\/ff086ce55f6379e1d225a2c0dca5eeb6\",\"name\":\"Comunicaci\u00f3n ADECOSE\",\"image\":{\"@type\":\"ImageObject\",\"inLanguage\":\"eu-ES\",\"@id\":\"https:\/\/secure.gravatar.com\/avatar\/01cd1f9571997441bf1da6d1cc147351305f03fe8f2acf1ebbec60ebb26924ce?s=96&d=mm&r=g\",\"url\":\"https:\/\/secure.gravatar.com\/avatar\/01cd1f9571997441bf1da6d1cc147351305f03fe8f2acf1ebbec60ebb26924ce?s=96&d=mm&r=g\",\"contentUrl\":\"https:\/\/secure.gravatar.com\/avatar\/01cd1f9571997441bf1da6d1cc147351305f03fe8f2acf1ebbec60ebb26924ce?s=96&d=mm&r=g\",\"caption\":\"Comunicaci\u00f3n ADECOSE\"}}]}<\/script>\n<!-- \/ Yoast SEO plugin. -->","yoast_head_json":{"title":"ADECOSE concede los Premios Estrella a las 16 compa\u00f1\u00edas aseguradoras mejor valoradas en el Bar\u00f3metro 2019 - ADECOSE","robots":{"index":"index","follow":"follow","max-snippet":"max-snippet:-1","max-image-preview":"max-image-preview:large","max-video-preview":"max-video-preview:-1"},"canonical":"https:\/\/www.adecose.com\/adecose-concede-los-premios-estrella-a-las-16-companias-aseguradoras-mejor-valoradas-en-el-barometro-2019\/","og_locale":"eu_ES","og_type":"article","og_title":"ADECOSE concede los Premios Estrella a las 16 compa\u00f1\u00edas aseguradoras mejor valoradas en el Bar\u00f3metro 2019 - ADECOSE","og_description":"[vc_row type=&#8221;in_container&#8221; full_screen_row_position=&#8221;middle&#8221; column_margin=&#8221;default&#8221; column_direction=&#8221;default&#8221; column_direction_tablet=&#8221;default&#8221; column_direction_phone=&#8221;default&#8221; scene_position=&#8221;center&#8221; text_color=&#8221;dark&#8221; text_align=&#8221;left&#8221; row_border_radius=&#8221;none&#8221; row_border_radius_applies=&#8221;bg&#8221; overlay_strength=&#8221;0.3&#8243; gradient_direction=&#8221;left_to_right&#8221; shape_divider_position=&#8221;bottom&#8221; bg_image_animation=&#8221;none&#8221;][vc_column column_padding=&#8221;no-extra-padding&#8221; column_padding_tablet=&#8221;inherit&#8221; column_padding_phone=&#8221;inherit&#8221; column_padding_position=&#8221;all&#8221; background_color_opacity=&#8221;1&#8243; background_hover_color_opacity=&#8221;1&#8243; column_shadow=&#8221;none&#8221; column_border_radius=&#8221;none&#8221; column_link_target=&#8221;_self&#8221;...","og_url":"https:\/\/www.adecose.com\/adecose-concede-los-premios-estrella-a-las-16-companias-aseguradoras-mejor-valoradas-en-el-barometro-2019\/","og_site_name":"ADECOSE","article_published_time":"2020-12-16T09:13:42+00:00","article_modified_time":"2020-12-16T09:15:58+00:00","og_image":[{"width":1000,"height":595,"url":"https:\/\/www.adecose.com\/wp-content\/uploads\/2020\/12\/Premios-Estrella-ADECOSE-2019-baja.jpg","type":"image\/jpeg"}],"author":"Comunicaci\u00f3n ADECOSE","twitter_card":"summary_large_image","twitter_misc":{"Written by":"Comunicaci\u00f3n ADECOSE","Est. reading time":"8 minutes"},"schema":{"@context":"https:\/\/schema.org","@graph":[{"@type":"Article","@id":"https:\/\/www.adecose.com\/adecose-concede-los-premios-estrella-a-las-16-companias-aseguradoras-mejor-valoradas-en-el-barometro-2019\/#article","isPartOf":{"@id":"https:\/\/www.adecose.com\/adecose-concede-los-premios-estrella-a-las-16-companias-aseguradoras-mejor-valoradas-en-el-barometro-2019\/"},"author":{"name":"Comunicaci\u00f3n ADECOSE","@id":"https:\/\/www.adecose.com\/gl\/#\/schema\/person\/ff086ce55f6379e1d225a2c0dca5eeb6"},"headline":"ADECOSE concede los Premios Estrella a las 16 compa\u00f1\u00edas aseguradoras mejor valoradas en el Bar\u00f3metro 2019","datePublished":"2020-12-16T09:13:42+00:00","dateModified":"2020-12-16T09:15:58+00:00","mainEntityOfPage":{"@id":"https:\/\/www.adecose.com\/adecose-concede-los-premios-estrella-a-las-16-companias-aseguradoras-mejor-valoradas-en-el-barometro-2019\/"},"wordCount":1674,"publisher":{"@id":"https:\/\/www.adecose.com\/gl\/#organization"},"image":{"@id":"https:\/\/www.adecose.com\/adecose-concede-los-premios-estrella-a-las-16-companias-aseguradoras-mejor-valoradas-en-el-barometro-2019\/#primaryimage"},"thumbnailUrl":"https:\/\/www.adecose.com\/wp-content\/uploads\/2020\/12\/Premios-Estrella-ADECOSE-2019-baja.jpg","keywords":["Bar\u00f3metro ADECOSE"],"articleSection":["Noticias"],"inLanguage":"eu-ES"},{"@type":"WebPage","@id":"https:\/\/www.adecose.com\/adecose-concede-los-premios-estrella-a-las-16-companias-aseguradoras-mejor-valoradas-en-el-barometro-2019\/","url":"https:\/\/www.adecose.com\/adecose-concede-los-premios-estrella-a-las-16-companias-aseguradoras-mejor-valoradas-en-el-barometro-2019\/","name":"ADECOSE concede los Premios Estrella a las 16 compa\u00f1\u00edas aseguradoras mejor valoradas en el Bar\u00f3metro 2019 - ADECOSE","isPartOf":{"@id":"https:\/\/www.adecose.com\/gl\/#website"},"primaryImageOfPage":{"@id":"https:\/\/www.adecose.com\/adecose-concede-los-premios-estrella-a-las-16-companias-aseguradoras-mejor-valoradas-en-el-barometro-2019\/#primaryimage"},"image":{"@id":"https:\/\/www.adecose.com\/adecose-concede-los-premios-estrella-a-las-16-companias-aseguradoras-mejor-valoradas-en-el-barometro-2019\/#primaryimage"},"thumbnailUrl":"https:\/\/www.adecose.com\/wp-content\/uploads\/2020\/12\/Premios-Estrella-ADECOSE-2019-baja.jpg","datePublished":"2020-12-16T09:13:42+00:00","dateModified":"2020-12-16T09:15:58+00:00","breadcrumb":{"@id":"https:\/\/www.adecose.com\/adecose-concede-los-premios-estrella-a-las-16-companias-aseguradoras-mejor-valoradas-en-el-barometro-2019\/#breadcrumb"},"inLanguage":"eu-ES","potentialAction":[{"@type":"ReadAction","target":["https:\/\/www.adecose.com\/adecose-concede-los-premios-estrella-a-las-16-companias-aseguradoras-mejor-valoradas-en-el-barometro-2019\/"]}]},{"@type":"ImageObject","inLanguage":"eu-ES","@id":"https:\/\/www.adecose.com\/adecose-concede-los-premios-estrella-a-las-16-companias-aseguradoras-mejor-valoradas-en-el-barometro-2019\/#primaryimage","url":"https:\/\/www.adecose.com\/wp-content\/uploads\/2020\/12\/Premios-Estrella-ADECOSE-2019-baja.jpg","contentUrl":"https:\/\/www.adecose.com\/wp-content\/uploads\/2020\/12\/Premios-Estrella-ADECOSE-2019-baja.jpg","width":1000,"height":595},{"@type":"BreadcrumbList","@id":"https:\/\/www.adecose.com\/adecose-concede-los-premios-estrella-a-las-16-companias-aseguradoras-mejor-valoradas-en-el-barometro-2019\/#breadcrumb","itemListElement":[{"@type":"ListItem","position":1,"name":"Portada","item":"https:\/\/www.adecose.com\/eu\/aseguru-eta-berraseguru-artekaritzen-espainiako-elkartea\/"},{"@type":"ListItem","position":2,"name":"ADECOSE concede los Premios Estrella a las 16 compa\u00f1\u00edas aseguradoras mejor valoradas en el Bar\u00f3metro 2019"}]},{"@type":"WebSite","@id":"https:\/\/www.adecose.com\/gl\/#website","url":"https:\/\/www.adecose.com\/gl\/","name":"ADECOSE","description":"Aseguru eta Berraseguru Artekaritzen Espainiako Elkartea","publisher":{"@id":"https:\/\/www.adecose.com\/gl\/#organization"},"potentialAction":[{"@type":"SearchAction","target":{"@type":"EntryPoint","urlTemplate":"https:\/\/www.adecose.com\/gl\/?s={search_term_string}"},"query-input":{"@type":"PropertyValueSpecification","valueRequired":true,"valueName":"search_term_string"}}],"inLanguage":"eu-ES"},{"@type":"Organization","@id":"https:\/\/www.adecose.com\/gl\/#organization","name":"ADECOSE","url":"https:\/\/www.adecose.com\/gl\/","logo":{"@type":"ImageObject","inLanguage":"eu-ES","@id":"https:\/\/www.adecose.com\/gl\/#\/schema\/logo\/image\/","url":"https:\/\/www.adecose.com\/wp-content\/uploads\/2020\/07\/favicon.png","contentUrl":"https:\/\/www.adecose.com\/wp-content\/uploads\/2020\/07\/favicon.png","width":512,"height":512,"caption":"ADECOSE"},"image":{"@id":"https:\/\/www.adecose.com\/gl\/#\/schema\/logo\/image\/"}},{"@type":"Person","@id":"https:\/\/www.adecose.com\/gl\/#\/schema\/person\/ff086ce55f6379e1d225a2c0dca5eeb6","name":"Comunicaci\u00f3n ADECOSE","image":{"@type":"ImageObject","inLanguage":"eu-ES","@id":"https:\/\/secure.gravatar.com\/avatar\/01cd1f9571997441bf1da6d1cc147351305f03fe8f2acf1ebbec60ebb26924ce?s=96&d=mm&r=g","url":"https:\/\/secure.gravatar.com\/avatar\/01cd1f9571997441bf1da6d1cc147351305f03fe8f2acf1ebbec60ebb26924ce?s=96&d=mm&r=g","contentUrl":"https:\/\/secure.gravatar.com\/avatar\/01cd1f9571997441bf1da6d1cc147351305f03fe8f2acf1ebbec60ebb26924ce?s=96&d=mm&r=g","caption":"Comunicaci\u00f3n ADECOSE"}}]}},"_links":{"self":[{"href":"https:\/\/www.adecose.com\/eu\/wp-json\/wp\/v2\/posts\/9407","targetHints":{"allow":["GET"]}}],"collection":[{"href":"https:\/\/www.adecose.com\/eu\/wp-json\/wp\/v2\/posts"}],"about":[{"href":"https:\/\/www.adecose.com\/eu\/wp-json\/wp\/v2\/types\/post"}],"author":[{"embeddable":true,"href":"https:\/\/www.adecose.com\/eu\/wp-json\/wp\/v2\/users\/197"}],"replies":[{"embeddable":true,"href":"https:\/\/www.adecose.com\/eu\/wp-json\/wp\/v2\/comments?post=9407"}],"version-history":[{"count":0,"href":"https:\/\/www.adecose.com\/eu\/wp-json\/wp\/v2\/posts\/9407\/revisions"}],"wp:featuredmedia":[{"embeddable":true,"href":"https:\/\/www.adecose.com\/eu\/wp-json\/wp\/v2\/media\/9409"}],"wp:attachment":[{"href":"https:\/\/www.adecose.com\/eu\/wp-json\/wp\/v2\/media?parent=9407"}],"wp:term":[{"taxonomy":"category","embeddable":true,"href":"https:\/\/www.adecose.com\/eu\/wp-json\/wp\/v2\/categories?post=9407"},{"taxonomy":"post_tag","embeddable":true,"href":"https:\/\/www.adecose.com\/eu\/wp-json\/wp\/v2\/tags?post=9407"}],"curies":[{"name":"wp","href":"https:\/\/api.w.org\/{rel}","templated":true}]}}