{"id":19821,"date":"2025-10-01T12:52:15","date_gmt":"2025-10-01T10:52:15","guid":{"rendered":"https:\/\/www.adecose.com\/?p=19821"},"modified":"2025-10-01T12:52:52","modified_gmt":"2025-10-01T10:52:52","slug":"alfredo-blanco-ceo-de-suevia-recibe-el-premio-honorifico-aje-vigo","status":"publish","type":"post","link":"https:\/\/www.adecose.com\/eu\/alfredo-blanco-ceo-de-suevia-recibe-el-premio-honorifico-aje-vigo\/","title":{"rendered":"Alfredo Blanco, CEO de Suevia, recibe el Premio honor\u00edfico AJE Vigo"},"content":{"rendered":"<p style=\"font-weight: 400;\">Alfredo Blanco, CEO de Suevia Asesores y Auditores de Riesgos y Seguros S.L. ha sido reconocido con el Premio Honor\u00edfico de la vig\u00e9sima edici\u00f3n de los galardones AJE Vigo. La entrega del galard\u00f3n ha tenido lugar este 30 de septiembre en la ciudad ol\u00edvica en una ceremonia en la que tambi\u00e9n se ha premiado el talento joven y emprendedor.<\/p>\n<p style=\"font-weight: 400;\">La Asociaci\u00f3n de J\u00f3venes Empresarios (AJE) de Vigo ha querido reconocer la trayectoria de Alfredo Blanco con m\u00e1s de 25 a\u00f1os en el sector de la mediaci\u00f3n de seguros. \u00c1gueda Ubeira, presidenta de AJE Vigo, ha destacado que este reconocimiento \u201cpone en valor su esfuerzo y profesionalidad por todo lo que ha aportado al mundo emprendedor de Vigo, Espa\u00f1a y Portugal\u201d. \u201cEs un honor premiar a personas como Alfredo, que son miembros de AJE Vigo desde hace ya 25 a\u00f1os, de hecho, es el socio n\u00famero 2\u201d, indica Ubeira.<\/p>\n<p style=\"font-weight: 400;\">Por su parte, Alfredo Blanco ha destacado en su discurso la labor fundamental que llevan a cabo asociaciones AJE Vigo. \u201cGalicia es tierra de emprendedores. Y ese esp\u00edritu necesita estructuras que lo acompa\u00f1en, que lo fortalezcan y que lo proyecten hacia el futuro\u201d.<\/p>\n<p style=\"font-weight: 400;\">Finalmente, Blanco tambi\u00e9n ha tenido palabras de agradecimiento para el equipo de Suevia. \u201cEste reconocimiento no lo interpreto como un logro individual, sino como una se\u00f1al de que el compromiso sostenido, el trabajo serio y la vocaci\u00f3n de servicio siguen teniendo valor\u201d.<strong>\u00a0<\/strong><\/p>\n<p style=\"font-weight: 400;\"><strong>Premio honor\u00edfico a m\u00e1s de 25 a\u00f1os dedicados al sector asegurador<\/strong><\/p>\n<p style=\"font-weight: 400;\">Pontevedr\u00e9s de las R\u00edas Baixas, Alfredo Blanco inici\u00f3 su trayectoria como marino mercante antes de embarcarse en el mundo empresarial. En 1999, fund\u00f3 S4 Soluciones Aseguradoras en Vigo, y bajo su liderazgo, el grupo ha crecido hasta convertirse en la mayor corredur\u00eda de seguros de capital privado 100\u202f% gallego, con presencia en Espa\u00f1a y Portugal. En 2025, impulsa la creaci\u00f3n de SUEVIA, firma especializada en gesti\u00f3n de riesgos empresariales, con 8 oficinas nacionales y una sede en Oporto. Adem\u00e1s, lidera proyectos como S4 Soluciones Empresariales y Encreando.<\/p>\n<p style=\"font-weight: 400;\">Apasionado del surf, el deporte y la vida sana, Alfredo destaca por su compromiso social, promoviendo iniciativas solidarias como el Concierto \u201cPor Ellas\u201d, que desde 2012 recauda fondos para causas como la lucha contra el c\u00e1ncer.<\/p>\n<p style=\"font-weight: 400;\">Con m\u00e1s de 25 a\u00f1os como miembro de AJE Vigo, este reconocimiento celebra su visi\u00f3n, constancia y contribuci\u00f3n al tejido empresarial gallego.<\/p>\n","protected":false},"excerpt":{"rendered":"<p>Alfredo Blanco, CEO de Suevia Asesores y Auditores de Riesgos y Seguros S.L. ha sido reconocido con el Premio Honor\u00edfico de la vig\u00e9sima edici\u00f3n de&#8230;<\/p>\n","protected":false},"author":197,"featured_media":19822,"comment_status":"closed","ping_status":"closed","sticky":false,"template":"","format":"standard","meta":{"_acf_changed":false,"_price":"","_stock":"","_tribe_ticket_header":"","_tribe_default_ticket_provider":"","_tribe_ticket_capacity":"0","_ticket_start_date":"","_ticket_end_date":"","_tribe_ticket_show_description":"","_tribe_ticket_show_not_going":false,"_tribe_ticket_use_global_stock":"","_tribe_ticket_global_stock_level":"","_global_stock_mode":"","_global_stock_cap":"","_tribe_rsvp_for_event":"","_tribe_ticket_going_count":"","_tribe_ticket_not_going_count":"","_tribe_tickets_list":"[]","_tribe_ticket_has_attendee_info_fields":false,"footnotes":""},"categories":[339],"tags":[517,625,503],"class_list":["post-19821","post","type-post","status-publish","format-standard","has-post-thumbnail","category-espacio-correduriasadecose","tag-corredurias-de-seguros","tag-reconocimientos","tag-suevia"],"acf":[],"yoast_head":"<!-- This site is optimized with the Yoast SEO plugin v27.2 - https:\/\/yoast.com\/product\/yoast-seo-wordpress\/ -->\n<title>Alfredo Blanco, CEO de Suevia, recibe el Premio honor\u00edfico AJE Vigo - ADECOSE<\/title>\n<meta name=\"robots\" content=\"index, follow, max-snippet:-1, max-image-preview:large, max-video-preview:-1\" \/>\n<link rel=\"canonical\" href=\"https:\/\/www.adecose.com\/alfredo-blanco-ceo-de-suevia-recibe-el-premio-honorifico-aje-vigo\/\" \/>\n<meta property=\"og:locale\" content=\"eu_ES\" \/>\n<meta property=\"og:type\" content=\"article\" \/>\n<meta property=\"og:title\" content=\"Alfredo Blanco, CEO de Suevia, recibe el Premio honor\u00edfico AJE Vigo - ADECOSE\" \/>\n<meta property=\"og:description\" content=\"Alfredo Blanco, CEO de Suevia Asesores y Auditores de Riesgos y Seguros S.L. ha sido reconocido con el Premio Honor\u00edfico de la vig\u00e9sima edici\u00f3n de...\" \/>\n<meta property=\"og:url\" content=\"https:\/\/www.adecose.com\/alfredo-blanco-ceo-de-suevia-recibe-el-premio-honorifico-aje-vigo\/\" \/>\n<meta property=\"og:site_name\" content=\"ADECOSE\" \/>\n<meta property=\"article:published_time\" content=\"2025-10-01T10:52:15+00:00\" \/>\n<meta property=\"article:modified_time\" content=\"2025-10-01T10:52:52+00:00\" \/>\n<meta property=\"og:image\" content=\"https:\/\/www.adecose.com\/wp-content\/uploads\/2025\/10\/NdP.-Alfredo-Blanco-recibe-el-Premio-honorifico-AJE-Vigo.jpg\" \/>\n\t<meta property=\"og:image:width\" content=\"2500\" \/>\n\t<meta property=\"og:image:height\" content=\"1250\" \/>\n\t<meta property=\"og:image:type\" content=\"image\/jpeg\" \/>\n<meta name=\"author\" content=\"Comunicaci\u00f3n ADECOSE\" \/>\n<meta name=\"twitter:card\" content=\"summary_large_image\" \/>\n<meta name=\"twitter:label1\" content=\"Written by\" \/>\n\t<meta name=\"twitter:data1\" content=\"Comunicaci\u00f3n ADECOSE\" \/>\n\t<meta name=\"twitter:label2\" content=\"Est. reading time\" \/>\n\t<meta name=\"twitter:data2\" content=\"2 minutes\" \/>\n<script type=\"application\/ld+json\" class=\"yoast-schema-graph\">{\"@context\":\"https:\/\/schema.org\",\"@graph\":[{\"@type\":\"Article\",\"@id\":\"https:\/\/www.adecose.com\/alfredo-blanco-ceo-de-suevia-recibe-el-premio-honorifico-aje-vigo\/#article\",\"isPartOf\":{\"@id\":\"https:\/\/www.adecose.com\/alfredo-blanco-ceo-de-suevia-recibe-el-premio-honorifico-aje-vigo\/\"},\"author\":{\"name\":\"Comunicaci\u00f3n ADECOSE\",\"@id\":\"https:\/\/www.adecose.com\/gl\/#\/schema\/person\/ff086ce55f6379e1d225a2c0dca5eeb6\"},\"headline\":\"Alfredo Blanco, CEO de Suevia, recibe el Premio honor\u00edfico AJE Vigo\",\"datePublished\":\"2025-10-01T10:52:15+00:00\",\"dateModified\":\"2025-10-01T10:52:52+00:00\",\"mainEntityOfPage\":{\"@id\":\"https:\/\/www.adecose.com\/alfredo-blanco-ceo-de-suevia-recibe-el-premio-honorifico-aje-vigo\/\"},\"wordCount\":425,\"publisher\":{\"@id\":\"https:\/\/www.adecose.com\/gl\/#organization\"},\"image\":{\"@id\":\"https:\/\/www.adecose.com\/alfredo-blanco-ceo-de-suevia-recibe-el-premio-honorifico-aje-vigo\/#primaryimage\"},\"thumbnailUrl\":\"https:\/\/www.adecose.com\/wp-content\/uploads\/2025\/10\/NdP.-Alfredo-Blanco-recibe-el-Premio-honorifico-AJE-Vigo.jpg\",\"keywords\":[\"Corredur\u00edas de seguros\",\"Reconocimientos\",\"Suevia\"],\"articleSection\":[\"Espacio #Corredur\u00edasADECOSE\"],\"inLanguage\":\"eu-ES\"},{\"@type\":\"WebPage\",\"@id\":\"https:\/\/www.adecose.com\/alfredo-blanco-ceo-de-suevia-recibe-el-premio-honorifico-aje-vigo\/\",\"url\":\"https:\/\/www.adecose.com\/alfredo-blanco-ceo-de-suevia-recibe-el-premio-honorifico-aje-vigo\/\",\"name\":\"Alfredo Blanco, CEO de Suevia, recibe el Premio honor\u00edfico AJE Vigo - ADECOSE\",\"isPartOf\":{\"@id\":\"https:\/\/www.adecose.com\/gl\/#website\"},\"primaryImageOfPage\":{\"@id\":\"https:\/\/www.adecose.com\/alfredo-blanco-ceo-de-suevia-recibe-el-premio-honorifico-aje-vigo\/#primaryimage\"},\"image\":{\"@id\":\"https:\/\/www.adecose.com\/alfredo-blanco-ceo-de-suevia-recibe-el-premio-honorifico-aje-vigo\/#primaryimage\"},\"thumbnailUrl\":\"https:\/\/www.adecose.com\/wp-content\/uploads\/2025\/10\/NdP.-Alfredo-Blanco-recibe-el-Premio-honorifico-AJE-Vigo.jpg\",\"datePublished\":\"2025-10-01T10:52:15+00:00\",\"dateModified\":\"2025-10-01T10:52:52+00:00\",\"breadcrumb\":{\"@id\":\"https:\/\/www.adecose.com\/alfredo-blanco-ceo-de-suevia-recibe-el-premio-honorifico-aje-vigo\/#breadcrumb\"},\"inLanguage\":\"eu-ES\",\"potentialAction\":[{\"@type\":\"ReadAction\",\"target\":[\"https:\/\/www.adecose.com\/alfredo-blanco-ceo-de-suevia-recibe-el-premio-honorifico-aje-vigo\/\"]}]},{\"@type\":\"ImageObject\",\"inLanguage\":\"eu-ES\",\"@id\":\"https:\/\/www.adecose.com\/alfredo-blanco-ceo-de-suevia-recibe-el-premio-honorifico-aje-vigo\/#primaryimage\",\"url\":\"https:\/\/www.adecose.com\/wp-content\/uploads\/2025\/10\/NdP.-Alfredo-Blanco-recibe-el-Premio-honorifico-AJE-Vigo.jpg\",\"contentUrl\":\"https:\/\/www.adecose.com\/wp-content\/uploads\/2025\/10\/NdP.-Alfredo-Blanco-recibe-el-Premio-honorifico-AJE-Vigo.jpg\",\"width\":2500,\"height\":1250},{\"@type\":\"BreadcrumbList\",\"@id\":\"https:\/\/www.adecose.com\/alfredo-blanco-ceo-de-suevia-recibe-el-premio-honorifico-aje-vigo\/#breadcrumb\",\"itemListElement\":[{\"@type\":\"ListItem\",\"position\":1,\"name\":\"Portada\",\"item\":\"https:\/\/www.adecose.com\/eu\/aseguru-eta-berraseguru-artekaritzen-espainiako-elkartea\/\"},{\"@type\":\"ListItem\",\"position\":2,\"name\":\"Alfredo Blanco, CEO de Suevia, recibe el Premio honor\u00edfico AJE Vigo\"}]},{\"@type\":\"WebSite\",\"@id\":\"https:\/\/www.adecose.com\/gl\/#website\",\"url\":\"https:\/\/www.adecose.com\/gl\/\",\"name\":\"ADECOSE\",\"description\":\"Aseguru eta Berraseguru Artekaritzen Espainiako Elkartea\",\"publisher\":{\"@id\":\"https:\/\/www.adecose.com\/gl\/#organization\"},\"potentialAction\":[{\"@type\":\"SearchAction\",\"target\":{\"@type\":\"EntryPoint\",\"urlTemplate\":\"https:\/\/www.adecose.com\/gl\/?s={search_term_string}\"},\"query-input\":{\"@type\":\"PropertyValueSpecification\",\"valueRequired\":true,\"valueName\":\"search_term_string\"}}],\"inLanguage\":\"eu-ES\"},{\"@type\":\"Organization\",\"@id\":\"https:\/\/www.adecose.com\/gl\/#organization\",\"name\":\"ADECOSE\",\"url\":\"https:\/\/www.adecose.com\/gl\/\",\"logo\":{\"@type\":\"ImageObject\",\"inLanguage\":\"eu-ES\",\"@id\":\"https:\/\/www.adecose.com\/gl\/#\/schema\/logo\/image\/\",\"url\":\"https:\/\/www.adecose.com\/wp-content\/uploads\/2020\/07\/favicon.png\",\"contentUrl\":\"https:\/\/www.adecose.com\/wp-content\/uploads\/2020\/07\/favicon.png\",\"width\":512,\"height\":512,\"caption\":\"ADECOSE\"},\"image\":{\"@id\":\"https:\/\/www.adecose.com\/gl\/#\/schema\/logo\/image\/\"}},{\"@type\":\"Person\",\"@id\":\"https:\/\/www.adecose.com\/gl\/#\/schema\/person\/ff086ce55f6379e1d225a2c0dca5eeb6\",\"name\":\"Comunicaci\u00f3n ADECOSE\",\"image\":{\"@type\":\"ImageObject\",\"inLanguage\":\"eu-ES\",\"@id\":\"https:\/\/secure.gravatar.com\/avatar\/01cd1f9571997441bf1da6d1cc147351305f03fe8f2acf1ebbec60ebb26924ce?s=96&d=mm&r=g\",\"url\":\"https:\/\/secure.gravatar.com\/avatar\/01cd1f9571997441bf1da6d1cc147351305f03fe8f2acf1ebbec60ebb26924ce?s=96&d=mm&r=g\",\"contentUrl\":\"https:\/\/secure.gravatar.com\/avatar\/01cd1f9571997441bf1da6d1cc147351305f03fe8f2acf1ebbec60ebb26924ce?s=96&d=mm&r=g\",\"caption\":\"Comunicaci\u00f3n ADECOSE\"}}]}<\/script>\n<!-- \/ Yoast SEO plugin. -->","yoast_head_json":{"title":"Alfredo Blanco, CEO de Suevia, recibe el Premio honor\u00edfico AJE Vigo - ADECOSE","robots":{"index":"index","follow":"follow","max-snippet":"max-snippet:-1","max-image-preview":"max-image-preview:large","max-video-preview":"max-video-preview:-1"},"canonical":"https:\/\/www.adecose.com\/alfredo-blanco-ceo-de-suevia-recibe-el-premio-honorifico-aje-vigo\/","og_locale":"eu_ES","og_type":"article","og_title":"Alfredo Blanco, CEO de Suevia, recibe el Premio honor\u00edfico AJE Vigo - ADECOSE","og_description":"Alfredo Blanco, CEO de Suevia Asesores y Auditores de Riesgos y Seguros S.L. ha sido reconocido con el Premio Honor\u00edfico de la vig\u00e9sima edici\u00f3n de...","og_url":"https:\/\/www.adecose.com\/alfredo-blanco-ceo-de-suevia-recibe-el-premio-honorifico-aje-vigo\/","og_site_name":"ADECOSE","article_published_time":"2025-10-01T10:52:15+00:00","article_modified_time":"2025-10-01T10:52:52+00:00","og_image":[{"width":2500,"height":1250,"url":"https:\/\/www.adecose.com\/wp-content\/uploads\/2025\/10\/NdP.-Alfredo-Blanco-recibe-el-Premio-honorifico-AJE-Vigo.jpg","type":"image\/jpeg"}],"author":"Comunicaci\u00f3n ADECOSE","twitter_card":"summary_large_image","twitter_misc":{"Written by":"Comunicaci\u00f3n ADECOSE","Est. reading time":"2 minutes"},"schema":{"@context":"https:\/\/schema.org","@graph":[{"@type":"Article","@id":"https:\/\/www.adecose.com\/alfredo-blanco-ceo-de-suevia-recibe-el-premio-honorifico-aje-vigo\/#article","isPartOf":{"@id":"https:\/\/www.adecose.com\/alfredo-blanco-ceo-de-suevia-recibe-el-premio-honorifico-aje-vigo\/"},"author":{"name":"Comunicaci\u00f3n ADECOSE","@id":"https:\/\/www.adecose.com\/gl\/#\/schema\/person\/ff086ce55f6379e1d225a2c0dca5eeb6"},"headline":"Alfredo Blanco, CEO de Suevia, recibe el Premio honor\u00edfico AJE Vigo","datePublished":"2025-10-01T10:52:15+00:00","dateModified":"2025-10-01T10:52:52+00:00","mainEntityOfPage":{"@id":"https:\/\/www.adecose.com\/alfredo-blanco-ceo-de-suevia-recibe-el-premio-honorifico-aje-vigo\/"},"wordCount":425,"publisher":{"@id":"https:\/\/www.adecose.com\/gl\/#organization"},"image":{"@id":"https:\/\/www.adecose.com\/alfredo-blanco-ceo-de-suevia-recibe-el-premio-honorifico-aje-vigo\/#primaryimage"},"thumbnailUrl":"https:\/\/www.adecose.com\/wp-content\/uploads\/2025\/10\/NdP.-Alfredo-Blanco-recibe-el-Premio-honorifico-AJE-Vigo.jpg","keywords":["Corredur\u00edas de seguros","Reconocimientos","Suevia"],"articleSection":["Espacio #Corredur\u00edasADECOSE"],"inLanguage":"eu-ES"},{"@type":"WebPage","@id":"https:\/\/www.adecose.com\/alfredo-blanco-ceo-de-suevia-recibe-el-premio-honorifico-aje-vigo\/","url":"https:\/\/www.adecose.com\/alfredo-blanco-ceo-de-suevia-recibe-el-premio-honorifico-aje-vigo\/","name":"Alfredo Blanco, CEO de Suevia, recibe el Premio honor\u00edfico AJE Vigo - ADECOSE","isPartOf":{"@id":"https:\/\/www.adecose.com\/gl\/#website"},"primaryImageOfPage":{"@id":"https:\/\/www.adecose.com\/alfredo-blanco-ceo-de-suevia-recibe-el-premio-honorifico-aje-vigo\/#primaryimage"},"image":{"@id":"https:\/\/www.adecose.com\/alfredo-blanco-ceo-de-suevia-recibe-el-premio-honorifico-aje-vigo\/#primaryimage"},"thumbnailUrl":"https:\/\/www.adecose.com\/wp-content\/uploads\/2025\/10\/NdP.-Alfredo-Blanco-recibe-el-Premio-honorifico-AJE-Vigo.jpg","datePublished":"2025-10-01T10:52:15+00:00","dateModified":"2025-10-01T10:52:52+00:00","breadcrumb":{"@id":"https:\/\/www.adecose.com\/alfredo-blanco-ceo-de-suevia-recibe-el-premio-honorifico-aje-vigo\/#breadcrumb"},"inLanguage":"eu-ES","potentialAction":[{"@type":"ReadAction","target":["https:\/\/www.adecose.com\/alfredo-blanco-ceo-de-suevia-recibe-el-premio-honorifico-aje-vigo\/"]}]},{"@type":"ImageObject","inLanguage":"eu-ES","@id":"https:\/\/www.adecose.com\/alfredo-blanco-ceo-de-suevia-recibe-el-premio-honorifico-aje-vigo\/#primaryimage","url":"https:\/\/www.adecose.com\/wp-content\/uploads\/2025\/10\/NdP.-Alfredo-Blanco-recibe-el-Premio-honorifico-AJE-Vigo.jpg","contentUrl":"https:\/\/www.adecose.com\/wp-content\/uploads\/2025\/10\/NdP.-Alfredo-Blanco-recibe-el-Premio-honorifico-AJE-Vigo.jpg","width":2500,"height":1250},{"@type":"BreadcrumbList","@id":"https:\/\/www.adecose.com\/alfredo-blanco-ceo-de-suevia-recibe-el-premio-honorifico-aje-vigo\/#breadcrumb","itemListElement":[{"@type":"ListItem","position":1,"name":"Portada","item":"https:\/\/www.adecose.com\/eu\/aseguru-eta-berraseguru-artekaritzen-espainiako-elkartea\/"},{"@type":"ListItem","position":2,"name":"Alfredo Blanco, CEO de Suevia, recibe el Premio honor\u00edfico AJE Vigo"}]},{"@type":"WebSite","@id":"https:\/\/www.adecose.com\/gl\/#website","url":"https:\/\/www.adecose.com\/gl\/","name":"ADECOSE","description":"Aseguru eta Berraseguru Artekaritzen Espainiako Elkartea","publisher":{"@id":"https:\/\/www.adecose.com\/gl\/#organization"},"potentialAction":[{"@type":"SearchAction","target":{"@type":"EntryPoint","urlTemplate":"https:\/\/www.adecose.com\/gl\/?s={search_term_string}"},"query-input":{"@type":"PropertyValueSpecification","valueRequired":true,"valueName":"search_term_string"}}],"inLanguage":"eu-ES"},{"@type":"Organization","@id":"https:\/\/www.adecose.com\/gl\/#organization","name":"ADECOSE","url":"https:\/\/www.adecose.com\/gl\/","logo":{"@type":"ImageObject","inLanguage":"eu-ES","@id":"https:\/\/www.adecose.com\/gl\/#\/schema\/logo\/image\/","url":"https:\/\/www.adecose.com\/wp-content\/uploads\/2020\/07\/favicon.png","contentUrl":"https:\/\/www.adecose.com\/wp-content\/uploads\/2020\/07\/favicon.png","width":512,"height":512,"caption":"ADECOSE"},"image":{"@id":"https:\/\/www.adecose.com\/gl\/#\/schema\/logo\/image\/"}},{"@type":"Person","@id":"https:\/\/www.adecose.com\/gl\/#\/schema\/person\/ff086ce55f6379e1d225a2c0dca5eeb6","name":"Comunicaci\u00f3n ADECOSE","image":{"@type":"ImageObject","inLanguage":"eu-ES","@id":"https:\/\/secure.gravatar.com\/avatar\/01cd1f9571997441bf1da6d1cc147351305f03fe8f2acf1ebbec60ebb26924ce?s=96&d=mm&r=g","url":"https:\/\/secure.gravatar.com\/avatar\/01cd1f9571997441bf1da6d1cc147351305f03fe8f2acf1ebbec60ebb26924ce?s=96&d=mm&r=g","contentUrl":"https:\/\/secure.gravatar.com\/avatar\/01cd1f9571997441bf1da6d1cc147351305f03fe8f2acf1ebbec60ebb26924ce?s=96&d=mm&r=g","caption":"Comunicaci\u00f3n ADECOSE"}}]}},"_links":{"self":[{"href":"https:\/\/www.adecose.com\/eu\/wp-json\/wp\/v2\/posts\/19821","targetHints":{"allow":["GET"]}}],"collection":[{"href":"https:\/\/www.adecose.com\/eu\/wp-json\/wp\/v2\/posts"}],"about":[{"href":"https:\/\/www.adecose.com\/eu\/wp-json\/wp\/v2\/types\/post"}],"author":[{"embeddable":true,"href":"https:\/\/www.adecose.com\/eu\/wp-json\/wp\/v2\/users\/197"}],"replies":[{"embeddable":true,"href":"https:\/\/www.adecose.com\/eu\/wp-json\/wp\/v2\/comments?post=19821"}],"version-history":[{"count":0,"href":"https:\/\/www.adecose.com\/eu\/wp-json\/wp\/v2\/posts\/19821\/revisions"}],"wp:featuredmedia":[{"embeddable":true,"href":"https:\/\/www.adecose.com\/eu\/wp-json\/wp\/v2\/media\/19822"}],"wp:attachment":[{"href":"https:\/\/www.adecose.com\/eu\/wp-json\/wp\/v2\/media?parent=19821"}],"wp:term":[{"taxonomy":"category","embeddable":true,"href":"https:\/\/www.adecose.com\/eu\/wp-json\/wp\/v2\/categories?post=19821"},{"taxonomy":"post_tag","embeddable":true,"href":"https:\/\/www.adecose.com\/eu\/wp-json\/wp\/v2\/tags?post=19821"}],"curies":[{"name":"wp","href":"https:\/\/api.w.org\/{rel}","templated":true}]}}