{"id":19372,"date":"2025-06-19T08:34:24","date_gmt":"2025-06-19T06:34:24","guid":{"rendered":"https:\/\/www.adecose.com\/?p=19372"},"modified":"2025-06-19T08:34:24","modified_gmt":"2025-06-19T06:34:24","slug":"coseba-presenta-novedades-tecnologicas-en-su-primera-jornada-premier-de-2025","status":"publish","type":"post","link":"https:\/\/www.adecose.com\/eu\/coseba-presenta-novedades-tecnologicas-en-su-primera-jornada-premier-de-2025\/","title":{"rendered":"COSEBA presenta novedades tecnol\u00f3gicas en su primera Jornada Premier de 2025"},"content":{"rendered":"<p><em>La corredur\u00eda anuncia en C\u00f3rdoba a su red de oficinas la nueva app para clientes, as\u00ed como mejoras en su multitarificador Cover+86 y la creaci\u00f3n de un Comit\u00e9 de Desarrollo Tecnol\u00f3gico dentro de su iniciativa \u00abLa corredur\u00eda que queremos\u00bb.<\/em><\/p>\n<p dir=\"ltr\">COSEBA 1986 celebr\u00f3, el pasado 11 de junio, la primera de sus dos jornadas Premier de 2025 en el Parador La Arruzafa (C\u00f3rdoba). La cita reuni\u00f3 a los representantes de las oficinas que conforman su Red Premier, en una jornada de trabajo que destac\u00f3 por su enfoque colaborativo, la revisi\u00f3n de objetivos estrat\u00e9gicos y la presentaci\u00f3n de importantes novedades tecnol\u00f3gicas.<\/p>\n<p dir=\"ltr\">Durante la sesi\u00f3n, la direcci\u00f3n de COSEBA realiz\u00f3 un balance positivo del cumplimiento de los objetivos anuales establecidos con las compa\u00f1\u00edas aseguradoras, reafirmando la buena direcci\u00f3n del trabajo conjunto desarrollado en los primeros meses del a\u00f1o. Asimismo, se anunciaron las estrategias que se implantar\u00e1n hasta final de 2025 con el objetivo de mantener e incluso superar las metas marcadas en el marco del Plan Estrat\u00e9gico vigente.<\/p>\n<p dir=\"ltr\">Uno de los momentos m\u00e1s relevantes de la jornada fue la presentaci\u00f3n a toda la red de la nueva app para clientes de COSEBA, que incluye un dise\u00f1o renovado, nuevas funcionalidades como descarga y subida de documentaci\u00f3n, el asistente virtual OWI y versiones multiidiomas orientadas, especialmente, a mejorar la experiencia de la cartera de clientes expatriados de la corredur\u00eda. El lanzamiento oficial de dicha app tendr\u00e1 lugar en el \u00faltimo trimestre del a\u00f1o.<\/p>\n<p dir=\"ltr\">Adem\u00e1s, se anunciaron nuevas funcionalidades en el multitarificador exclusivo Cover+86, que ahora permite la recotizaci\u00f3n autom\u00e1tica de riesgos, lo que supone un avance significativo en t\u00e9rminos de eficiencia operativa para todas las oficinas de la Red Premier.<\/p>\n<p dir=\"ltr\">Por otro lado, se continu\u00f3 con el desarrollo de la iniciativa de colaboraci\u00f3n interna \u00abLa corredur\u00eda que queremos\u00bb, abordando aspectos de mejora continua impulsados por la implicaci\u00f3n directa de las oficinas Premier en el an\u00e1lisis y optimizaci\u00f3n de procesos. En esta l\u00ednea, se present\u00f3 la creaci\u00f3n del nuevo Comit\u00e9 de Desarrollo Tecnol\u00f3gico, en el que participar\u00e1n activamente tanto la matriz de COSEBA como representantes de distintas oficinas. Este \u00f3rgano analizar\u00e1 de forma conjunta nuevas herramientas y oportunidades de innovaci\u00f3n tecnol\u00f3gica, consolidando as\u00ed un modelo participativo y orientado al crecimiento conjunto.<\/p>\n<p dir=\"ltr\">\u00abEstas jornadas son la mejor expresi\u00f3n de lo que representa nuestra Red Premier: talento, compromiso y visi\u00f3n de futuro compartida. Solo si caminamos juntos, oficinas y central, podremos seguir consolidando un modelo que no solo crece, sino que lo hace de forma s\u00f3lida y sostenible. La tecnolog\u00eda es una herramienta clave y nuestra apuesta por ella ha sido, es y ser\u00e1 clara, pero la diferencia la marca, como siempre, nuestro equipo profesional y humano\u00bb, ha explicado Silvia Dancausa, CEO de COSEBA.<\/p>\n","protected":false},"excerpt":{"rendered":"<p>La corredur\u00eda anuncia en C\u00f3rdoba a su red de oficinas la nueva app para clientes, as\u00ed como mejoras en su multitarificador Cover+86 y la creaci\u00f3n&#8230;<\/p>\n","protected":false},"author":197,"featured_media":19373,"comment_status":"closed","ping_status":"closed","sticky":false,"template":"","format":"standard","meta":{"_acf_changed":false,"_price":"","_stock":"","_tribe_ticket_header":"","_tribe_default_ticket_provider":"","_tribe_ticket_capacity":"0","_ticket_start_date":"","_ticket_end_date":"","_tribe_ticket_show_description":"","_tribe_ticket_show_not_going":false,"_tribe_ticket_use_global_stock":"","_tribe_ticket_global_stock_level":"","_global_stock_mode":"","_global_stock_cap":"","_tribe_rsvp_for_event":"","_tribe_ticket_going_count":"","_tribe_ticket_not_going_count":"","_tribe_tickets_list":"[]","_tribe_ticket_has_attendee_info_fields":false,"footnotes":""},"categories":[339],"tags":[545,283,589],"class_list":["post-19372","post","type-post","status-publish","format-standard","has-post-thumbnail","category-espacio-correduriasadecose","tag-coseba","tag-eventos","tag-tecnologia"],"acf":[],"yoast_head":"<!-- This site is optimized with the Yoast SEO plugin v27.2 - https:\/\/yoast.com\/product\/yoast-seo-wordpress\/ -->\n<title>COSEBA presenta novedades tecnol\u00f3gicas en su primera Jornada Premier de 2025 - ADECOSE<\/title>\n<meta name=\"robots\" content=\"index, follow, max-snippet:-1, max-image-preview:large, max-video-preview:-1\" \/>\n<link rel=\"canonical\" href=\"https:\/\/www.adecose.com\/coseba-presenta-novedades-tecnologicas-en-su-primera-jornada-premier-de-2025\/\" \/>\n<meta property=\"og:locale\" content=\"eu_ES\" \/>\n<meta property=\"og:type\" content=\"article\" \/>\n<meta property=\"og:title\" content=\"COSEBA presenta novedades tecnol\u00f3gicas en su primera Jornada Premier de 2025 - ADECOSE\" \/>\n<meta property=\"og:description\" content=\"La corredur\u00eda anuncia en C\u00f3rdoba a su red de oficinas la nueva app para clientes, as\u00ed como mejoras en su multitarificador Cover+86 y la creaci\u00f3n...\" \/>\n<meta property=\"og:url\" content=\"https:\/\/www.adecose.com\/coseba-presenta-novedades-tecnologicas-en-su-primera-jornada-premier-de-2025\/\" \/>\n<meta property=\"og:site_name\" content=\"ADECOSE\" \/>\n<meta property=\"article:published_time\" content=\"2025-06-19T06:34:24+00:00\" \/>\n<meta property=\"og:image\" content=\"https:\/\/www.adecose.com\/wp-content\/uploads\/2025\/06\/COSEBA-I-Jornada-Premier-2025.jpg\" \/>\n\t<meta property=\"og:image:width\" content=\"1920\" \/>\n\t<meta property=\"og:image:height\" content=\"1260\" \/>\n\t<meta property=\"og:image:type\" content=\"image\/jpeg\" \/>\n<meta name=\"author\" content=\"Comunicaci\u00f3n ADECOSE\" \/>\n<meta name=\"twitter:card\" content=\"summary_large_image\" \/>\n<meta name=\"twitter:label1\" content=\"Written by\" \/>\n\t<meta name=\"twitter:data1\" content=\"Comunicaci\u00f3n ADECOSE\" \/>\n\t<meta name=\"twitter:label2\" content=\"Est. reading time\" \/>\n\t<meta name=\"twitter:data2\" content=\"3 minutes\" \/>\n<script type=\"application\/ld+json\" class=\"yoast-schema-graph\">{\"@context\":\"https:\/\/schema.org\",\"@graph\":[{\"@type\":\"Article\",\"@id\":\"https:\/\/www.adecose.com\/coseba-presenta-novedades-tecnologicas-en-su-primera-jornada-premier-de-2025\/#article\",\"isPartOf\":{\"@id\":\"https:\/\/www.adecose.com\/coseba-presenta-novedades-tecnologicas-en-su-primera-jornada-premier-de-2025\/\"},\"author\":{\"name\":\"Comunicaci\u00f3n ADECOSE\",\"@id\":\"https:\/\/www.adecose.com\/gl\/#\/schema\/person\/ff086ce55f6379e1d225a2c0dca5eeb6\"},\"headline\":\"COSEBA presenta novedades tecnol\u00f3gicas en su primera Jornada Premier de 2025\",\"datePublished\":\"2025-06-19T06:34:24+00:00\",\"mainEntityOfPage\":{\"@id\":\"https:\/\/www.adecose.com\/coseba-presenta-novedades-tecnologicas-en-su-primera-jornada-premier-de-2025\/\"},\"wordCount\":495,\"publisher\":{\"@id\":\"https:\/\/www.adecose.com\/gl\/#organization\"},\"image\":{\"@id\":\"https:\/\/www.adecose.com\/coseba-presenta-novedades-tecnologicas-en-su-primera-jornada-premier-de-2025\/#primaryimage\"},\"thumbnailUrl\":\"https:\/\/www.adecose.com\/wp-content\/uploads\/2025\/06\/COSEBA-I-Jornada-Premier-2025.jpg\",\"keywords\":[\"COSEBA\",\"EVENTOS\",\"Tecnolog\u00eda\"],\"articleSection\":[\"Espacio #Corredur\u00edasADECOSE\"],\"inLanguage\":\"eu-ES\"},{\"@type\":\"WebPage\",\"@id\":\"https:\/\/www.adecose.com\/coseba-presenta-novedades-tecnologicas-en-su-primera-jornada-premier-de-2025\/\",\"url\":\"https:\/\/www.adecose.com\/coseba-presenta-novedades-tecnologicas-en-su-primera-jornada-premier-de-2025\/\",\"name\":\"COSEBA presenta novedades tecnol\u00f3gicas en su primera Jornada Premier de 2025 - ADECOSE\",\"isPartOf\":{\"@id\":\"https:\/\/www.adecose.com\/gl\/#website\"},\"primaryImageOfPage\":{\"@id\":\"https:\/\/www.adecose.com\/coseba-presenta-novedades-tecnologicas-en-su-primera-jornada-premier-de-2025\/#primaryimage\"},\"image\":{\"@id\":\"https:\/\/www.adecose.com\/coseba-presenta-novedades-tecnologicas-en-su-primera-jornada-premier-de-2025\/#primaryimage\"},\"thumbnailUrl\":\"https:\/\/www.adecose.com\/wp-content\/uploads\/2025\/06\/COSEBA-I-Jornada-Premier-2025.jpg\",\"datePublished\":\"2025-06-19T06:34:24+00:00\",\"breadcrumb\":{\"@id\":\"https:\/\/www.adecose.com\/coseba-presenta-novedades-tecnologicas-en-su-primera-jornada-premier-de-2025\/#breadcrumb\"},\"inLanguage\":\"eu-ES\",\"potentialAction\":[{\"@type\":\"ReadAction\",\"target\":[\"https:\/\/www.adecose.com\/coseba-presenta-novedades-tecnologicas-en-su-primera-jornada-premier-de-2025\/\"]}]},{\"@type\":\"ImageObject\",\"inLanguage\":\"eu-ES\",\"@id\":\"https:\/\/www.adecose.com\/coseba-presenta-novedades-tecnologicas-en-su-primera-jornada-premier-de-2025\/#primaryimage\",\"url\":\"https:\/\/www.adecose.com\/wp-content\/uploads\/2025\/06\/COSEBA-I-Jornada-Premier-2025.jpg\",\"contentUrl\":\"https:\/\/www.adecose.com\/wp-content\/uploads\/2025\/06\/COSEBA-I-Jornada-Premier-2025.jpg\",\"width\":1920,\"height\":1260},{\"@type\":\"BreadcrumbList\",\"@id\":\"https:\/\/www.adecose.com\/coseba-presenta-novedades-tecnologicas-en-su-primera-jornada-premier-de-2025\/#breadcrumb\",\"itemListElement\":[{\"@type\":\"ListItem\",\"position\":1,\"name\":\"Portada\",\"item\":\"https:\/\/www.adecose.com\/eu\/aseguru-eta-berraseguru-artekaritzen-espainiako-elkartea\/\"},{\"@type\":\"ListItem\",\"position\":2,\"name\":\"COSEBA presenta novedades tecnol\u00f3gicas en su primera Jornada Premier de 2025\"}]},{\"@type\":\"WebSite\",\"@id\":\"https:\/\/www.adecose.com\/gl\/#website\",\"url\":\"https:\/\/www.adecose.com\/gl\/\",\"name\":\"ADECOSE\",\"description\":\"Aseguru eta Berraseguru Artekaritzen Espainiako Elkartea\",\"publisher\":{\"@id\":\"https:\/\/www.adecose.com\/gl\/#organization\"},\"potentialAction\":[{\"@type\":\"SearchAction\",\"target\":{\"@type\":\"EntryPoint\",\"urlTemplate\":\"https:\/\/www.adecose.com\/gl\/?s={search_term_string}\"},\"query-input\":{\"@type\":\"PropertyValueSpecification\",\"valueRequired\":true,\"valueName\":\"search_term_string\"}}],\"inLanguage\":\"eu-ES\"},{\"@type\":\"Organization\",\"@id\":\"https:\/\/www.adecose.com\/gl\/#organization\",\"name\":\"ADECOSE\",\"url\":\"https:\/\/www.adecose.com\/gl\/\",\"logo\":{\"@type\":\"ImageObject\",\"inLanguage\":\"eu-ES\",\"@id\":\"https:\/\/www.adecose.com\/gl\/#\/schema\/logo\/image\/\",\"url\":\"https:\/\/www.adecose.com\/wp-content\/uploads\/2020\/07\/favicon.png\",\"contentUrl\":\"https:\/\/www.adecose.com\/wp-content\/uploads\/2020\/07\/favicon.png\",\"width\":512,\"height\":512,\"caption\":\"ADECOSE\"},\"image\":{\"@id\":\"https:\/\/www.adecose.com\/gl\/#\/schema\/logo\/image\/\"}},{\"@type\":\"Person\",\"@id\":\"https:\/\/www.adecose.com\/gl\/#\/schema\/person\/ff086ce55f6379e1d225a2c0dca5eeb6\",\"name\":\"Comunicaci\u00f3n ADECOSE\",\"image\":{\"@type\":\"ImageObject\",\"inLanguage\":\"eu-ES\",\"@id\":\"https:\/\/secure.gravatar.com\/avatar\/01cd1f9571997441bf1da6d1cc147351305f03fe8f2acf1ebbec60ebb26924ce?s=96&d=mm&r=g\",\"url\":\"https:\/\/secure.gravatar.com\/avatar\/01cd1f9571997441bf1da6d1cc147351305f03fe8f2acf1ebbec60ebb26924ce?s=96&d=mm&r=g\",\"contentUrl\":\"https:\/\/secure.gravatar.com\/avatar\/01cd1f9571997441bf1da6d1cc147351305f03fe8f2acf1ebbec60ebb26924ce?s=96&d=mm&r=g\",\"caption\":\"Comunicaci\u00f3n ADECOSE\"}}]}<\/script>\n<!-- \/ Yoast SEO plugin. -->","yoast_head_json":{"title":"COSEBA presenta novedades tecnol\u00f3gicas en su primera Jornada Premier de 2025 - ADECOSE","robots":{"index":"index","follow":"follow","max-snippet":"max-snippet:-1","max-image-preview":"max-image-preview:large","max-video-preview":"max-video-preview:-1"},"canonical":"https:\/\/www.adecose.com\/coseba-presenta-novedades-tecnologicas-en-su-primera-jornada-premier-de-2025\/","og_locale":"eu_ES","og_type":"article","og_title":"COSEBA presenta novedades tecnol\u00f3gicas en su primera Jornada Premier de 2025 - ADECOSE","og_description":"La corredur\u00eda anuncia en C\u00f3rdoba a su red de oficinas la nueva app para clientes, as\u00ed como mejoras en su multitarificador Cover+86 y la creaci\u00f3n...","og_url":"https:\/\/www.adecose.com\/coseba-presenta-novedades-tecnologicas-en-su-primera-jornada-premier-de-2025\/","og_site_name":"ADECOSE","article_published_time":"2025-06-19T06:34:24+00:00","og_image":[{"width":1920,"height":1260,"url":"https:\/\/www.adecose.com\/wp-content\/uploads\/2025\/06\/COSEBA-I-Jornada-Premier-2025.jpg","type":"image\/jpeg"}],"author":"Comunicaci\u00f3n ADECOSE","twitter_card":"summary_large_image","twitter_misc":{"Written by":"Comunicaci\u00f3n ADECOSE","Est. reading time":"3 minutes"},"schema":{"@context":"https:\/\/schema.org","@graph":[{"@type":"Article","@id":"https:\/\/www.adecose.com\/coseba-presenta-novedades-tecnologicas-en-su-primera-jornada-premier-de-2025\/#article","isPartOf":{"@id":"https:\/\/www.adecose.com\/coseba-presenta-novedades-tecnologicas-en-su-primera-jornada-premier-de-2025\/"},"author":{"name":"Comunicaci\u00f3n ADECOSE","@id":"https:\/\/www.adecose.com\/gl\/#\/schema\/person\/ff086ce55f6379e1d225a2c0dca5eeb6"},"headline":"COSEBA presenta novedades tecnol\u00f3gicas en su primera Jornada Premier de 2025","datePublished":"2025-06-19T06:34:24+00:00","mainEntityOfPage":{"@id":"https:\/\/www.adecose.com\/coseba-presenta-novedades-tecnologicas-en-su-primera-jornada-premier-de-2025\/"},"wordCount":495,"publisher":{"@id":"https:\/\/www.adecose.com\/gl\/#organization"},"image":{"@id":"https:\/\/www.adecose.com\/coseba-presenta-novedades-tecnologicas-en-su-primera-jornada-premier-de-2025\/#primaryimage"},"thumbnailUrl":"https:\/\/www.adecose.com\/wp-content\/uploads\/2025\/06\/COSEBA-I-Jornada-Premier-2025.jpg","keywords":["COSEBA","EVENTOS","Tecnolog\u00eda"],"articleSection":["Espacio #Corredur\u00edasADECOSE"],"inLanguage":"eu-ES"},{"@type":"WebPage","@id":"https:\/\/www.adecose.com\/coseba-presenta-novedades-tecnologicas-en-su-primera-jornada-premier-de-2025\/","url":"https:\/\/www.adecose.com\/coseba-presenta-novedades-tecnologicas-en-su-primera-jornada-premier-de-2025\/","name":"COSEBA presenta novedades tecnol\u00f3gicas en su primera Jornada Premier de 2025 - ADECOSE","isPartOf":{"@id":"https:\/\/www.adecose.com\/gl\/#website"},"primaryImageOfPage":{"@id":"https:\/\/www.adecose.com\/coseba-presenta-novedades-tecnologicas-en-su-primera-jornada-premier-de-2025\/#primaryimage"},"image":{"@id":"https:\/\/www.adecose.com\/coseba-presenta-novedades-tecnologicas-en-su-primera-jornada-premier-de-2025\/#primaryimage"},"thumbnailUrl":"https:\/\/www.adecose.com\/wp-content\/uploads\/2025\/06\/COSEBA-I-Jornada-Premier-2025.jpg","datePublished":"2025-06-19T06:34:24+00:00","breadcrumb":{"@id":"https:\/\/www.adecose.com\/coseba-presenta-novedades-tecnologicas-en-su-primera-jornada-premier-de-2025\/#breadcrumb"},"inLanguage":"eu-ES","potentialAction":[{"@type":"ReadAction","target":["https:\/\/www.adecose.com\/coseba-presenta-novedades-tecnologicas-en-su-primera-jornada-premier-de-2025\/"]}]},{"@type":"ImageObject","inLanguage":"eu-ES","@id":"https:\/\/www.adecose.com\/coseba-presenta-novedades-tecnologicas-en-su-primera-jornada-premier-de-2025\/#primaryimage","url":"https:\/\/www.adecose.com\/wp-content\/uploads\/2025\/06\/COSEBA-I-Jornada-Premier-2025.jpg","contentUrl":"https:\/\/www.adecose.com\/wp-content\/uploads\/2025\/06\/COSEBA-I-Jornada-Premier-2025.jpg","width":1920,"height":1260},{"@type":"BreadcrumbList","@id":"https:\/\/www.adecose.com\/coseba-presenta-novedades-tecnologicas-en-su-primera-jornada-premier-de-2025\/#breadcrumb","itemListElement":[{"@type":"ListItem","position":1,"name":"Portada","item":"https:\/\/www.adecose.com\/eu\/aseguru-eta-berraseguru-artekaritzen-espainiako-elkartea\/"},{"@type":"ListItem","position":2,"name":"COSEBA presenta novedades tecnol\u00f3gicas en su primera Jornada Premier de 2025"}]},{"@type":"WebSite","@id":"https:\/\/www.adecose.com\/gl\/#website","url":"https:\/\/www.adecose.com\/gl\/","name":"ADECOSE","description":"Aseguru eta Berraseguru Artekaritzen Espainiako Elkartea","publisher":{"@id":"https:\/\/www.adecose.com\/gl\/#organization"},"potentialAction":[{"@type":"SearchAction","target":{"@type":"EntryPoint","urlTemplate":"https:\/\/www.adecose.com\/gl\/?s={search_term_string}"},"query-input":{"@type":"PropertyValueSpecification","valueRequired":true,"valueName":"search_term_string"}}],"inLanguage":"eu-ES"},{"@type":"Organization","@id":"https:\/\/www.adecose.com\/gl\/#organization","name":"ADECOSE","url":"https:\/\/www.adecose.com\/gl\/","logo":{"@type":"ImageObject","inLanguage":"eu-ES","@id":"https:\/\/www.adecose.com\/gl\/#\/schema\/logo\/image\/","url":"https:\/\/www.adecose.com\/wp-content\/uploads\/2020\/07\/favicon.png","contentUrl":"https:\/\/www.adecose.com\/wp-content\/uploads\/2020\/07\/favicon.png","width":512,"height":512,"caption":"ADECOSE"},"image":{"@id":"https:\/\/www.adecose.com\/gl\/#\/schema\/logo\/image\/"}},{"@type":"Person","@id":"https:\/\/www.adecose.com\/gl\/#\/schema\/person\/ff086ce55f6379e1d225a2c0dca5eeb6","name":"Comunicaci\u00f3n ADECOSE","image":{"@type":"ImageObject","inLanguage":"eu-ES","@id":"https:\/\/secure.gravatar.com\/avatar\/01cd1f9571997441bf1da6d1cc147351305f03fe8f2acf1ebbec60ebb26924ce?s=96&d=mm&r=g","url":"https:\/\/secure.gravatar.com\/avatar\/01cd1f9571997441bf1da6d1cc147351305f03fe8f2acf1ebbec60ebb26924ce?s=96&d=mm&r=g","contentUrl":"https:\/\/secure.gravatar.com\/avatar\/01cd1f9571997441bf1da6d1cc147351305f03fe8f2acf1ebbec60ebb26924ce?s=96&d=mm&r=g","caption":"Comunicaci\u00f3n ADECOSE"}}]}},"_links":{"self":[{"href":"https:\/\/www.adecose.com\/eu\/wp-json\/wp\/v2\/posts\/19372","targetHints":{"allow":["GET"]}}],"collection":[{"href":"https:\/\/www.adecose.com\/eu\/wp-json\/wp\/v2\/posts"}],"about":[{"href":"https:\/\/www.adecose.com\/eu\/wp-json\/wp\/v2\/types\/post"}],"author":[{"embeddable":true,"href":"https:\/\/www.adecose.com\/eu\/wp-json\/wp\/v2\/users\/197"}],"replies":[{"embeddable":true,"href":"https:\/\/www.adecose.com\/eu\/wp-json\/wp\/v2\/comments?post=19372"}],"version-history":[{"count":0,"href":"https:\/\/www.adecose.com\/eu\/wp-json\/wp\/v2\/posts\/19372\/revisions"}],"wp:featuredmedia":[{"embeddable":true,"href":"https:\/\/www.adecose.com\/eu\/wp-json\/wp\/v2\/media\/19373"}],"wp:attachment":[{"href":"https:\/\/www.adecose.com\/eu\/wp-json\/wp\/v2\/media?parent=19372"}],"wp:term":[{"taxonomy":"category","embeddable":true,"href":"https:\/\/www.adecose.com\/eu\/wp-json\/wp\/v2\/categories?post=19372"},{"taxonomy":"post_tag","embeddable":true,"href":"https:\/\/www.adecose.com\/eu\/wp-json\/wp\/v2\/tags?post=19372"}],"curies":[{"name":"wp","href":"https:\/\/api.w.org\/{rel}","templated":true}]}}