{"id":19357,"date":"2025-06-17T11:25:03","date_gmt":"2025-06-17T09:25:03","guid":{"rendered":"https:\/\/www.adecose.com\/?p=19357"},"modified":"2025-06-17T11:25:03","modified_gmt":"2025-06-17T09:25:03","slug":"grupo-concentra-nombra-a-ernesto-rodrigo-jordan-como-head-of-ma","status":"publish","type":"post","link":"https:\/\/www.adecose.com\/eu\/grupo-concentra-nombra-a-ernesto-rodrigo-jordan-como-head-of-ma\/","title":{"rendered":"Grupo Concentra nombra a Ernesto Rodrigo Jord\u00e1n  como Head of M&#038;A"},"content":{"rendered":"<ul>\n<li><em>Ernesto Rodrigo Jord\u00e1n asumir\u00e1 la responsabilidad de fusiones y adquisiciones en Grupo Concentra, uno de los pilares estrat\u00e9gicos de la compa\u00f1\u00eda<\/em><\/li>\n<\/ul>\n<p>Grupo Concentra, compa\u00f1\u00eda l\u00edder en la intermediaci\u00f3n de seguros y reaseguros en Espa\u00f1a y Portugal, ha incorporado a Ernesto Rodrigo Jord\u00e1n como Head of M&amp;A para liderar y gestionar esta \u00e1rea de negocio. Ernesto Rodrigo Jord\u00e1n cuenta con una dilatada experiencia y una s\u00f3lida trayectoria como asesor en transacciones y finanzas corporativas, con especializaci\u00f3n en los sectores asegurador y financiero.<\/p>\n<p>Es licenciado en ADE y Derecho por la Universidad de Navarra, posee un m\u00e1ster en ciencias actuariales y financieras por la Universidad Carlos III y un curso de finanzas, contabilidad de gesti\u00f3n, macroeconom\u00eda y marketing por la UTS (University od Technology Sidney), siendo, adem\u00e1s, CFA Charterholder desde 2017.<\/p>\n<p>Procedente de EY Parthenon, donde actuaba como Director responsable de la cobertura del sector asegurador, es miembro colegiado del Instituto de Actuarios Espa\u00f1oles y destaca por su profundo conocimiento de las finanzas y los seguros. Ha desarrollado la mayor parte de su carrera dentro del \u00e1rea de transacciones y finanzas corporativas en EY tanto en Espa\u00f1a como en Reino Unido, donde tambi\u00e9n trabaj\u00f3 durante dos a\u00f1os para AON Benfield en las mismas \u00e1reas.<\/p>\n<p>En su nuevo puesto, se encargar\u00e1 de la gesti\u00f3n directa de las fusiones y adquisiciones de Grupo Concentra, uno de los pilares estrat\u00e9gicos de la compa\u00f1\u00eda, y reportar\u00e1 directamente a Jos\u00e9 Luis Oc\u00f3n, CEO del grupo. Su experiencia y visi\u00f3n ser\u00e1n claves para el desarrollo de la l\u00ednea estrat\u00e9gica de M&amp;A, que Grupo Concentra ha consolidado como una de sus prioridades, y que, sin duda, se ver\u00e1 fortalecida con la incorporaci\u00f3n de Ernesto Rodrigo Jord\u00e1n.<\/p>\n<p><strong>Jos\u00e9 Luis Oc\u00f3n, CEO de Grupo Concentra, indic\u00f3<\/strong>: \u201cla incorporaci\u00f3n de Ernesto viene a reforzar nuestra estrategia M&amp;A, crece el equipo y crece su nivel, a partir de ahora flexibilizaremos a\u00fan m\u00e1s nuestra propuesta al mercado, sin duda, es una apuesta clara de Grupo Concentra para cumplir nuestro objetivo de convertirnos en el br\u00f3ker independiente m\u00e1s importante de toda la Pen\u00ednsula Ib\u00e9rica\u201d.<\/p>\n","protected":false},"excerpt":{"rendered":"<p>Ernesto Rodrigo Jord\u00e1n asumir\u00e1 la responsabilidad de fusiones y adquisiciones en Grupo Concentra, uno de los pilares estrat\u00e9gicos de la compa\u00f1\u00eda Grupo Concentra, compa\u00f1\u00eda l\u00edder&#8230;<\/p>\n","protected":false},"author":197,"featured_media":19358,"comment_status":"closed","ping_status":"closed","sticky":false,"template":"","format":"standard","meta":{"_acf_changed":false,"_price":"","_stock":"","_tribe_ticket_header":"","_tribe_default_ticket_provider":"","_tribe_ticket_capacity":"0","_ticket_start_date":"","_ticket_end_date":"","_tribe_ticket_show_description":"","_tribe_ticket_show_not_going":false,"_tribe_ticket_use_global_stock":"","_tribe_ticket_global_stock_level":"","_global_stock_mode":"","_global_stock_cap":"","_tribe_rsvp_for_event":"","_tribe_ticket_going_count":"","_tribe_ticket_not_going_count":"","_tribe_tickets_list":"[]","_tribe_ticket_has_attendee_info_fields":false,"footnotes":""},"categories":[339],"tags":[584,512],"class_list":["post-19357","post","type-post","status-publish","format-standard","has-post-thumbnail","category-espacio-correduriasadecose","tag-grupo-concentra","tag-incorporaciones"],"acf":[],"yoast_head":"<!-- This site is optimized with the Yoast SEO plugin v27.2 - https:\/\/yoast.com\/product\/yoast-seo-wordpress\/ -->\n<title>Grupo Concentra nombra a Ernesto Rodrigo Jord\u00e1n como Head of M&amp;A - ADECOSE<\/title>\n<meta name=\"robots\" content=\"index, follow, max-snippet:-1, max-image-preview:large, max-video-preview:-1\" \/>\n<link rel=\"canonical\" href=\"https:\/\/www.adecose.com\/grupo-concentra-nombra-a-ernesto-rodrigo-jordan-como-head-of-ma\/\" \/>\n<meta property=\"og:locale\" content=\"eu_ES\" \/>\n<meta property=\"og:type\" content=\"article\" \/>\n<meta property=\"og:title\" content=\"Grupo Concentra nombra a Ernesto Rodrigo Jord\u00e1n como Head of M&amp;A - ADECOSE\" \/>\n<meta property=\"og:description\" content=\"Ernesto Rodrigo Jord\u00e1n asumir\u00e1 la responsabilidad de fusiones y adquisiciones en Grupo Concentra, uno de los pilares estrat\u00e9gicos de la compa\u00f1\u00eda Grupo Concentra, compa\u00f1\u00eda l\u00edder...\" \/>\n<meta property=\"og:url\" content=\"https:\/\/www.adecose.com\/grupo-concentra-nombra-a-ernesto-rodrigo-jordan-como-head-of-ma\/\" \/>\n<meta property=\"og:site_name\" content=\"ADECOSE\" \/>\n<meta property=\"article:published_time\" content=\"2025-06-17T09:25:03+00:00\" \/>\n<meta property=\"og:image\" content=\"https:\/\/www.adecose.com\/wp-content\/uploads\/2025\/06\/Grupo-Concentra-FotoERJ-Def-scaled.jpg\" \/>\n\t<meta property=\"og:image:width\" content=\"2560\" \/>\n\t<meta property=\"og:image:height\" content=\"1707\" \/>\n\t<meta property=\"og:image:type\" content=\"image\/jpeg\" \/>\n<meta name=\"author\" content=\"Comunicaci\u00f3n ADECOSE\" \/>\n<meta name=\"twitter:card\" content=\"summary_large_image\" \/>\n<meta name=\"twitter:label1\" content=\"Written by\" \/>\n\t<meta name=\"twitter:data1\" content=\"Comunicaci\u00f3n ADECOSE\" \/>\n\t<meta name=\"twitter:label2\" content=\"Est. reading time\" \/>\n\t<meta name=\"twitter:data2\" content=\"2 minutes\" \/>\n<script type=\"application\/ld+json\" class=\"yoast-schema-graph\">{\"@context\":\"https:\/\/schema.org\",\"@graph\":[{\"@type\":\"Article\",\"@id\":\"https:\/\/www.adecose.com\/grupo-concentra-nombra-a-ernesto-rodrigo-jordan-como-head-of-ma\/#article\",\"isPartOf\":{\"@id\":\"https:\/\/www.adecose.com\/grupo-concentra-nombra-a-ernesto-rodrigo-jordan-como-head-of-ma\/\"},\"author\":{\"name\":\"Comunicaci\u00f3n ADECOSE\",\"@id\":\"https:\/\/www.adecose.com\/gl\/#\/schema\/person\/ff086ce55f6379e1d225a2c0dca5eeb6\"},\"headline\":\"Grupo Concentra nombra a Ernesto Rodrigo Jord\u00e1n como Head of M&#038;A\",\"datePublished\":\"2025-06-17T09:25:03+00:00\",\"mainEntityOfPage\":{\"@id\":\"https:\/\/www.adecose.com\/grupo-concentra-nombra-a-ernesto-rodrigo-jordan-como-head-of-ma\/\"},\"wordCount\":394,\"publisher\":{\"@id\":\"https:\/\/www.adecose.com\/gl\/#organization\"},\"image\":{\"@id\":\"https:\/\/www.adecose.com\/grupo-concentra-nombra-a-ernesto-rodrigo-jordan-como-head-of-ma\/#primaryimage\"},\"thumbnailUrl\":\"https:\/\/www.adecose.com\/wp-content\/uploads\/2025\/06\/Grupo-Concentra-FotoERJ-Def-scaled.jpg\",\"keywords\":[\"Grupo Concentra\",\"Incorporaciones\"],\"articleSection\":[\"Espacio #Corredur\u00edasADECOSE\"],\"inLanguage\":\"eu-ES\"},{\"@type\":\"WebPage\",\"@id\":\"https:\/\/www.adecose.com\/grupo-concentra-nombra-a-ernesto-rodrigo-jordan-como-head-of-ma\/\",\"url\":\"https:\/\/www.adecose.com\/grupo-concentra-nombra-a-ernesto-rodrigo-jordan-como-head-of-ma\/\",\"name\":\"Grupo Concentra nombra a Ernesto Rodrigo Jord\u00e1n como Head of M&A - ADECOSE\",\"isPartOf\":{\"@id\":\"https:\/\/www.adecose.com\/gl\/#website\"},\"primaryImageOfPage\":{\"@id\":\"https:\/\/www.adecose.com\/grupo-concentra-nombra-a-ernesto-rodrigo-jordan-como-head-of-ma\/#primaryimage\"},\"image\":{\"@id\":\"https:\/\/www.adecose.com\/grupo-concentra-nombra-a-ernesto-rodrigo-jordan-como-head-of-ma\/#primaryimage\"},\"thumbnailUrl\":\"https:\/\/www.adecose.com\/wp-content\/uploads\/2025\/06\/Grupo-Concentra-FotoERJ-Def-scaled.jpg\",\"datePublished\":\"2025-06-17T09:25:03+00:00\",\"breadcrumb\":{\"@id\":\"https:\/\/www.adecose.com\/grupo-concentra-nombra-a-ernesto-rodrigo-jordan-como-head-of-ma\/#breadcrumb\"},\"inLanguage\":\"eu-ES\",\"potentialAction\":[{\"@type\":\"ReadAction\",\"target\":[\"https:\/\/www.adecose.com\/grupo-concentra-nombra-a-ernesto-rodrigo-jordan-como-head-of-ma\/\"]}]},{\"@type\":\"ImageObject\",\"inLanguage\":\"eu-ES\",\"@id\":\"https:\/\/www.adecose.com\/grupo-concentra-nombra-a-ernesto-rodrigo-jordan-como-head-of-ma\/#primaryimage\",\"url\":\"https:\/\/www.adecose.com\/wp-content\/uploads\/2025\/06\/Grupo-Concentra-FotoERJ-Def-scaled.jpg\",\"contentUrl\":\"https:\/\/www.adecose.com\/wp-content\/uploads\/2025\/06\/Grupo-Concentra-FotoERJ-Def-scaled.jpg\",\"width\":2560,\"height\":1707},{\"@type\":\"BreadcrumbList\",\"@id\":\"https:\/\/www.adecose.com\/grupo-concentra-nombra-a-ernesto-rodrigo-jordan-como-head-of-ma\/#breadcrumb\",\"itemListElement\":[{\"@type\":\"ListItem\",\"position\":1,\"name\":\"Portada\",\"item\":\"https:\/\/www.adecose.com\/eu\/aseguru-eta-berraseguru-artekaritzen-espainiako-elkartea\/\"},{\"@type\":\"ListItem\",\"position\":2,\"name\":\"Grupo Concentra nombra a Ernesto Rodrigo Jord\u00e1n como Head of M&#038;A\"}]},{\"@type\":\"WebSite\",\"@id\":\"https:\/\/www.adecose.com\/gl\/#website\",\"url\":\"https:\/\/www.adecose.com\/gl\/\",\"name\":\"ADECOSE\",\"description\":\"Aseguru eta Berraseguru Artekaritzen Espainiako Elkartea\",\"publisher\":{\"@id\":\"https:\/\/www.adecose.com\/gl\/#organization\"},\"potentialAction\":[{\"@type\":\"SearchAction\",\"target\":{\"@type\":\"EntryPoint\",\"urlTemplate\":\"https:\/\/www.adecose.com\/gl\/?s={search_term_string}\"},\"query-input\":{\"@type\":\"PropertyValueSpecification\",\"valueRequired\":true,\"valueName\":\"search_term_string\"}}],\"inLanguage\":\"eu-ES\"},{\"@type\":\"Organization\",\"@id\":\"https:\/\/www.adecose.com\/gl\/#organization\",\"name\":\"ADECOSE\",\"url\":\"https:\/\/www.adecose.com\/gl\/\",\"logo\":{\"@type\":\"ImageObject\",\"inLanguage\":\"eu-ES\",\"@id\":\"https:\/\/www.adecose.com\/gl\/#\/schema\/logo\/image\/\",\"url\":\"https:\/\/www.adecose.com\/wp-content\/uploads\/2020\/07\/favicon.png\",\"contentUrl\":\"https:\/\/www.adecose.com\/wp-content\/uploads\/2020\/07\/favicon.png\",\"width\":512,\"height\":512,\"caption\":\"ADECOSE\"},\"image\":{\"@id\":\"https:\/\/www.adecose.com\/gl\/#\/schema\/logo\/image\/\"}},{\"@type\":\"Person\",\"@id\":\"https:\/\/www.adecose.com\/gl\/#\/schema\/person\/ff086ce55f6379e1d225a2c0dca5eeb6\",\"name\":\"Comunicaci\u00f3n ADECOSE\",\"image\":{\"@type\":\"ImageObject\",\"inLanguage\":\"eu-ES\",\"@id\":\"https:\/\/secure.gravatar.com\/avatar\/01cd1f9571997441bf1da6d1cc147351305f03fe8f2acf1ebbec60ebb26924ce?s=96&d=mm&r=g\",\"url\":\"https:\/\/secure.gravatar.com\/avatar\/01cd1f9571997441bf1da6d1cc147351305f03fe8f2acf1ebbec60ebb26924ce?s=96&d=mm&r=g\",\"contentUrl\":\"https:\/\/secure.gravatar.com\/avatar\/01cd1f9571997441bf1da6d1cc147351305f03fe8f2acf1ebbec60ebb26924ce?s=96&d=mm&r=g\",\"caption\":\"Comunicaci\u00f3n ADECOSE\"}}]}<\/script>\n<!-- \/ Yoast SEO plugin. -->","yoast_head_json":{"title":"Grupo Concentra nombra a Ernesto Rodrigo Jord\u00e1n como Head of M&A - ADECOSE","robots":{"index":"index","follow":"follow","max-snippet":"max-snippet:-1","max-image-preview":"max-image-preview:large","max-video-preview":"max-video-preview:-1"},"canonical":"https:\/\/www.adecose.com\/grupo-concentra-nombra-a-ernesto-rodrigo-jordan-como-head-of-ma\/","og_locale":"eu_ES","og_type":"article","og_title":"Grupo Concentra nombra a Ernesto Rodrigo Jord\u00e1n como Head of M&A - ADECOSE","og_description":"Ernesto Rodrigo Jord\u00e1n asumir\u00e1 la responsabilidad de fusiones y adquisiciones en Grupo Concentra, uno de los pilares estrat\u00e9gicos de la compa\u00f1\u00eda Grupo Concentra, compa\u00f1\u00eda l\u00edder...","og_url":"https:\/\/www.adecose.com\/grupo-concentra-nombra-a-ernesto-rodrigo-jordan-como-head-of-ma\/","og_site_name":"ADECOSE","article_published_time":"2025-06-17T09:25:03+00:00","og_image":[{"width":2560,"height":1707,"url":"https:\/\/www.adecose.com\/wp-content\/uploads\/2025\/06\/Grupo-Concentra-FotoERJ-Def-scaled.jpg","type":"image\/jpeg"}],"author":"Comunicaci\u00f3n ADECOSE","twitter_card":"summary_large_image","twitter_misc":{"Written by":"Comunicaci\u00f3n ADECOSE","Est. reading time":"2 minutes"},"schema":{"@context":"https:\/\/schema.org","@graph":[{"@type":"Article","@id":"https:\/\/www.adecose.com\/grupo-concentra-nombra-a-ernesto-rodrigo-jordan-como-head-of-ma\/#article","isPartOf":{"@id":"https:\/\/www.adecose.com\/grupo-concentra-nombra-a-ernesto-rodrigo-jordan-como-head-of-ma\/"},"author":{"name":"Comunicaci\u00f3n ADECOSE","@id":"https:\/\/www.adecose.com\/gl\/#\/schema\/person\/ff086ce55f6379e1d225a2c0dca5eeb6"},"headline":"Grupo Concentra nombra a Ernesto Rodrigo Jord\u00e1n como Head of M&#038;A","datePublished":"2025-06-17T09:25:03+00:00","mainEntityOfPage":{"@id":"https:\/\/www.adecose.com\/grupo-concentra-nombra-a-ernesto-rodrigo-jordan-como-head-of-ma\/"},"wordCount":394,"publisher":{"@id":"https:\/\/www.adecose.com\/gl\/#organization"},"image":{"@id":"https:\/\/www.adecose.com\/grupo-concentra-nombra-a-ernesto-rodrigo-jordan-como-head-of-ma\/#primaryimage"},"thumbnailUrl":"https:\/\/www.adecose.com\/wp-content\/uploads\/2025\/06\/Grupo-Concentra-FotoERJ-Def-scaled.jpg","keywords":["Grupo Concentra","Incorporaciones"],"articleSection":["Espacio #Corredur\u00edasADECOSE"],"inLanguage":"eu-ES"},{"@type":"WebPage","@id":"https:\/\/www.adecose.com\/grupo-concentra-nombra-a-ernesto-rodrigo-jordan-como-head-of-ma\/","url":"https:\/\/www.adecose.com\/grupo-concentra-nombra-a-ernesto-rodrigo-jordan-como-head-of-ma\/","name":"Grupo Concentra nombra a Ernesto Rodrigo Jord\u00e1n como Head of M&A - ADECOSE","isPartOf":{"@id":"https:\/\/www.adecose.com\/gl\/#website"},"primaryImageOfPage":{"@id":"https:\/\/www.adecose.com\/grupo-concentra-nombra-a-ernesto-rodrigo-jordan-como-head-of-ma\/#primaryimage"},"image":{"@id":"https:\/\/www.adecose.com\/grupo-concentra-nombra-a-ernesto-rodrigo-jordan-como-head-of-ma\/#primaryimage"},"thumbnailUrl":"https:\/\/www.adecose.com\/wp-content\/uploads\/2025\/06\/Grupo-Concentra-FotoERJ-Def-scaled.jpg","datePublished":"2025-06-17T09:25:03+00:00","breadcrumb":{"@id":"https:\/\/www.adecose.com\/grupo-concentra-nombra-a-ernesto-rodrigo-jordan-como-head-of-ma\/#breadcrumb"},"inLanguage":"eu-ES","potentialAction":[{"@type":"ReadAction","target":["https:\/\/www.adecose.com\/grupo-concentra-nombra-a-ernesto-rodrigo-jordan-como-head-of-ma\/"]}]},{"@type":"ImageObject","inLanguage":"eu-ES","@id":"https:\/\/www.adecose.com\/grupo-concentra-nombra-a-ernesto-rodrigo-jordan-como-head-of-ma\/#primaryimage","url":"https:\/\/www.adecose.com\/wp-content\/uploads\/2025\/06\/Grupo-Concentra-FotoERJ-Def-scaled.jpg","contentUrl":"https:\/\/www.adecose.com\/wp-content\/uploads\/2025\/06\/Grupo-Concentra-FotoERJ-Def-scaled.jpg","width":2560,"height":1707},{"@type":"BreadcrumbList","@id":"https:\/\/www.adecose.com\/grupo-concentra-nombra-a-ernesto-rodrigo-jordan-como-head-of-ma\/#breadcrumb","itemListElement":[{"@type":"ListItem","position":1,"name":"Portada","item":"https:\/\/www.adecose.com\/eu\/aseguru-eta-berraseguru-artekaritzen-espainiako-elkartea\/"},{"@type":"ListItem","position":2,"name":"Grupo Concentra nombra a Ernesto Rodrigo Jord\u00e1n como Head of M&#038;A"}]},{"@type":"WebSite","@id":"https:\/\/www.adecose.com\/gl\/#website","url":"https:\/\/www.adecose.com\/gl\/","name":"ADECOSE","description":"Aseguru eta Berraseguru Artekaritzen Espainiako Elkartea","publisher":{"@id":"https:\/\/www.adecose.com\/gl\/#organization"},"potentialAction":[{"@type":"SearchAction","target":{"@type":"EntryPoint","urlTemplate":"https:\/\/www.adecose.com\/gl\/?s={search_term_string}"},"query-input":{"@type":"PropertyValueSpecification","valueRequired":true,"valueName":"search_term_string"}}],"inLanguage":"eu-ES"},{"@type":"Organization","@id":"https:\/\/www.adecose.com\/gl\/#organization","name":"ADECOSE","url":"https:\/\/www.adecose.com\/gl\/","logo":{"@type":"ImageObject","inLanguage":"eu-ES","@id":"https:\/\/www.adecose.com\/gl\/#\/schema\/logo\/image\/","url":"https:\/\/www.adecose.com\/wp-content\/uploads\/2020\/07\/favicon.png","contentUrl":"https:\/\/www.adecose.com\/wp-content\/uploads\/2020\/07\/favicon.png","width":512,"height":512,"caption":"ADECOSE"},"image":{"@id":"https:\/\/www.adecose.com\/gl\/#\/schema\/logo\/image\/"}},{"@type":"Person","@id":"https:\/\/www.adecose.com\/gl\/#\/schema\/person\/ff086ce55f6379e1d225a2c0dca5eeb6","name":"Comunicaci\u00f3n ADECOSE","image":{"@type":"ImageObject","inLanguage":"eu-ES","@id":"https:\/\/secure.gravatar.com\/avatar\/01cd1f9571997441bf1da6d1cc147351305f03fe8f2acf1ebbec60ebb26924ce?s=96&d=mm&r=g","url":"https:\/\/secure.gravatar.com\/avatar\/01cd1f9571997441bf1da6d1cc147351305f03fe8f2acf1ebbec60ebb26924ce?s=96&d=mm&r=g","contentUrl":"https:\/\/secure.gravatar.com\/avatar\/01cd1f9571997441bf1da6d1cc147351305f03fe8f2acf1ebbec60ebb26924ce?s=96&d=mm&r=g","caption":"Comunicaci\u00f3n ADECOSE"}}]}},"_links":{"self":[{"href":"https:\/\/www.adecose.com\/eu\/wp-json\/wp\/v2\/posts\/19357","targetHints":{"allow":["GET"]}}],"collection":[{"href":"https:\/\/www.adecose.com\/eu\/wp-json\/wp\/v2\/posts"}],"about":[{"href":"https:\/\/www.adecose.com\/eu\/wp-json\/wp\/v2\/types\/post"}],"author":[{"embeddable":true,"href":"https:\/\/www.adecose.com\/eu\/wp-json\/wp\/v2\/users\/197"}],"replies":[{"embeddable":true,"href":"https:\/\/www.adecose.com\/eu\/wp-json\/wp\/v2\/comments?post=19357"}],"version-history":[{"count":0,"href":"https:\/\/www.adecose.com\/eu\/wp-json\/wp\/v2\/posts\/19357\/revisions"}],"wp:featuredmedia":[{"embeddable":true,"href":"https:\/\/www.adecose.com\/eu\/wp-json\/wp\/v2\/media\/19358"}],"wp:attachment":[{"href":"https:\/\/www.adecose.com\/eu\/wp-json\/wp\/v2\/media?parent=19357"}],"wp:term":[{"taxonomy":"category","embeddable":true,"href":"https:\/\/www.adecose.com\/eu\/wp-json\/wp\/v2\/categories?post=19357"},{"taxonomy":"post_tag","embeddable":true,"href":"https:\/\/www.adecose.com\/eu\/wp-json\/wp\/v2\/tags?post=19357"}],"curies":[{"name":"wp","href":"https:\/\/api.w.org\/{rel}","templated":true}]}}