{"id":18411,"date":"2025-01-16T12:42:33","date_gmt":"2025-01-16T11:42:33","guid":{"rendered":"https:\/\/www.adecose.com\/?p=18411"},"modified":"2025-01-31T13:53:31","modified_gmt":"2025-01-31T12:53:31","slug":"la-junta-directiva-de-adecose-aprueba-la-incorporacion-de-las-corredurias-de-seguros-segurvillegas-grupo-aico-y-lopez-torrijos","status":"publish","type":"post","link":"https:\/\/www.adecose.com\/eu\/la-junta-directiva-de-adecose-aprueba-la-incorporacion-de-las-corredurias-de-seguros-segurvillegas-grupo-aico-y-lopez-torrijos\/","title":{"rendered":"La Junta Directiva de ADECOSE aprueba la incorporaci\u00f3n de las corredur\u00edas de Seguros SegurVillegas, Grupo AICO y L\u00f3pez Torrijos"},"content":{"rendered":"<ul>\n<li><em>Durante el encuentro se abordaron temas como la publicaci\u00f3n de los nuevos modelos de Documentaci\u00f3n Estad\u00edstico Contable (DEC)<\/em><\/li>\n<\/ul>\n<p>En su \u00faltima reuni\u00f3n mensual celebrada el 15 de enero, la Junta Directiva de ADECOSE ha aprobado la incorporaci\u00f3n de las corredur\u00edas de seguros SegurVillegas, Grupo AICO y L\u00f3pez Torrijos.<\/p>\n<p>Durante el encuentro se abordaron las pr\u00f3ximas actividades que llevar\u00e1n a cabo tanto la Asociaci\u00f3n como la Fundaci\u00f3n. La primera de ellas ser\u00e1 la inauguraci\u00f3n de la VIII Edici\u00f3n del Programa de Desarrollo Directivo que Fundaci\u00f3n ADECOSE organiza cada a\u00f1o en colaboraci\u00f3n con la Universidad Europea de Madrid y que tendr\u00e1 lugar el pr\u00f3ximo viernes 24 de enero. Adem\u00e1s, la Junta avanz\u00f3 algunos de los temas de inter\u00e9s para abordar en los webinars y jornadas de formaci\u00f3n que se ofrecer\u00e1n en 2025 a los socios.<\/p>\n<p>Tambi\u00e9n se abord\u00f3 la celebraci\u00f3n de la XVI Edici\u00f3n del Bar\u00f3metro ADECOSE, programada para el 26 de febrero de 2025, donde se presentar\u00e1n los resultados obtenidos en este estudio y que tendr\u00e1 lugar en el Hotel Hyatt Regency Hesperia Madrid. En relaci\u00f3n con la actividad de la Asociaci\u00f3n, tambi\u00e9n se repasaron los resultados obtenidos en la Encuesta de satisfacci\u00f3n que ADECOSE envi\u00f3 a sus corredur\u00edas asociadas en el mes de diciembre con el fin de evaluar los servicios ofrecidos por la Asociaci\u00f3n, y en la que obtuvo excelentes resultados.<\/p>\n<p>Adicionalmente, la Junta Directiva de la Asociaci\u00f3n trat\u00f3 la publicaci\u00f3n de los nuevos modelos de la Documentaci\u00f3n Estad\u00edstico Contable (DEC) recientemente publicados en la Orden ECM\/1501\/2024 del 23 de diciembre, desgranando las novedades que incorporan.<\/p>\n<p>Por otro lado, se revisaron las novedades en materias regulatorias, repasando los \u00faltimos avances de proyectos de ley que se encuentran actualmente en tramitaci\u00f3n; particularmente, el Proyecto de Ley por el que se crea la autoridad administrativa independiente de defensa del cliente financiero para la resoluci\u00f3n extrajudicial de conflictos entre las entidades financieras y sus clientes, en relaci\u00f3n con la enmienda incorporada por SUMAR a petici\u00f3n de ADECOSE para fortalecer la protecci\u00f3n al cliente hipotecario. Asimismo, en el \u00e1mbito europeo, se inform\u00f3 de los avances en la tramitaci\u00f3n del Reglamento relativo a un marco para el acceso a los datos financieros (FIDA) y la Propuesta de Estrategia de Inversi\u00f3n Minorista (RIS), que la Asociaci\u00f3n est\u00e1 siguiendo muy de cerca.<\/p>\n<p>Tras la celebraci\u00f3n de la reuni\u00f3n, tuvo lugar un almuerzo con socios que tuvo como invitados a Jos\u00e9 Antonio Fern\u00e1ndez de Pinto, Director General de Seguros y Fondos de Pensiones, y a Eva Mar\u00eda Lid\u00f3n, Subdirectora General de Autorizaciones, Conductas de Mercado y Distribuci\u00f3n.<\/p>\n","protected":false},"excerpt":{"rendered":"<p>Durante el encuentro se abordaron temas como la publicaci\u00f3n de los nuevos modelos de Documentaci\u00f3n Estad\u00edstico Contable (DEC) En su \u00faltima reuni\u00f3n mensual celebrada el&#8230;<\/p>\n","protected":false},"author":197,"featured_media":18412,"comment_status":"closed","ping_status":"closed","sticky":false,"template":"","format":"standard","meta":{"_acf_changed":false,"_price":"","_stock":"","_tribe_ticket_header":"","_tribe_default_ticket_provider":"","_tribe_ticket_capacity":"0","_ticket_start_date":"","_ticket_end_date":"","_tribe_ticket_show_description":"","_tribe_ticket_show_not_going":false,"_tribe_ticket_use_global_stock":"","_tribe_ticket_global_stock_level":"","_global_stock_mode":"","_global_stock_cap":"","_tribe_rsvp_for_event":"","_tribe_ticket_going_count":"","_tribe_ticket_not_going_count":"","_tribe_tickets_list":"[]","_tribe_ticket_has_attendee_info_fields":false,"footnotes":""},"categories":[2],"tags":[284,517,542,512,543,541],"class_list":["post-18411","post","type-post","status-publish","format-standard","has-post-thumbnail","category-noticias","tag-adecose","tag-corredurias-de-seguros","tag-grupo-aico","tag-incorporaciones","tag-lopez-torrijos","tag-segurvillegas"],"acf":[],"yoast_head":"<!-- This site is optimized with the Yoast SEO plugin v27.2 - https:\/\/yoast.com\/product\/yoast-seo-wordpress\/ -->\n<title>La Junta Directiva de ADECOSE aprueba la incorporaci\u00f3n de las corredur\u00edas de Seguros SegurVillegas, Grupo AICO y L\u00f3pez Torrijos - ADECOSE<\/title>\n<meta name=\"robots\" content=\"index, follow, max-snippet:-1, max-image-preview:large, max-video-preview:-1\" \/>\n<link rel=\"canonical\" href=\"https:\/\/www.adecose.com\/la-junta-directiva-de-adecose-aprueba-la-incorporacion-de-las-corredurias-de-seguros-segurvillegas-grupo-aico-y-lopez-torrijos\/\" \/>\n<meta property=\"og:locale\" content=\"eu_ES\" \/>\n<meta property=\"og:type\" content=\"article\" \/>\n<meta property=\"og:title\" content=\"La Junta Directiva de ADECOSE aprueba la incorporaci\u00f3n de las corredur\u00edas de Seguros SegurVillegas, Grupo AICO y L\u00f3pez Torrijos - ADECOSE\" \/>\n<meta property=\"og:description\" content=\"Durante el encuentro se abordaron temas como la publicaci\u00f3n de los nuevos modelos de Documentaci\u00f3n Estad\u00edstico Contable (DEC) En su \u00faltima reuni\u00f3n mensual celebrada el...\" \/>\n<meta property=\"og:url\" content=\"https:\/\/www.adecose.com\/la-junta-directiva-de-adecose-aprueba-la-incorporacion-de-las-corredurias-de-seguros-segurvillegas-grupo-aico-y-lopez-torrijos\/\" \/>\n<meta property=\"og:site_name\" content=\"ADECOSE\" \/>\n<meta property=\"article:published_time\" content=\"2025-01-16T11:42:33+00:00\" \/>\n<meta property=\"article:modified_time\" content=\"2025-01-31T12:53:31+00:00\" \/>\n<meta property=\"og:image\" content=\"https:\/\/www.adecose.com\/wp-content\/uploads\/2025\/01\/Bienvenidos-ADECOSE-1024x665.png\" \/>\n\t<meta property=\"og:image:width\" content=\"1024\" \/>\n\t<meta property=\"og:image:height\" content=\"665\" \/>\n\t<meta property=\"og:image:type\" content=\"image\/png\" \/>\n<meta name=\"author\" content=\"Comunicaci\u00f3n ADECOSE\" \/>\n<meta name=\"twitter:card\" content=\"summary_large_image\" \/>\n<meta name=\"twitter:label1\" content=\"Written by\" \/>\n\t<meta name=\"twitter:data1\" content=\"Comunicaci\u00f3n ADECOSE\" \/>\n\t<meta name=\"twitter:label2\" content=\"Est. reading time\" \/>\n\t<meta name=\"twitter:data2\" content=\"3 minutes\" \/>\n<script type=\"application\/ld+json\" class=\"yoast-schema-graph\">{\"@context\":\"https:\/\/schema.org\",\"@graph\":[{\"@type\":\"Article\",\"@id\":\"https:\/\/www.adecose.com\/la-junta-directiva-de-adecose-aprueba-la-incorporacion-de-las-corredurias-de-seguros-segurvillegas-grupo-aico-y-lopez-torrijos\/#article\",\"isPartOf\":{\"@id\":\"https:\/\/www.adecose.com\/la-junta-directiva-de-adecose-aprueba-la-incorporacion-de-las-corredurias-de-seguros-segurvillegas-grupo-aico-y-lopez-torrijos\/\"},\"author\":{\"name\":\"Comunicaci\u00f3n ADECOSE\",\"@id\":\"https:\/\/www.adecose.com\/gl\/#\/schema\/person\/ff086ce55f6379e1d225a2c0dca5eeb6\"},\"headline\":\"La Junta Directiva de ADECOSE aprueba la incorporaci\u00f3n de las corredur\u00edas de Seguros SegurVillegas, Grupo AICO y L\u00f3pez Torrijos\",\"datePublished\":\"2025-01-16T11:42:33+00:00\",\"dateModified\":\"2025-01-31T12:53:31+00:00\",\"mainEntityOfPage\":{\"@id\":\"https:\/\/www.adecose.com\/la-junta-directiva-de-adecose-aprueba-la-incorporacion-de-las-corredurias-de-seguros-segurvillegas-grupo-aico-y-lopez-torrijos\/\"},\"wordCount\":486,\"publisher\":{\"@id\":\"https:\/\/www.adecose.com\/gl\/#organization\"},\"image\":{\"@id\":\"https:\/\/www.adecose.com\/la-junta-directiva-de-adecose-aprueba-la-incorporacion-de-las-corredurias-de-seguros-segurvillegas-grupo-aico-y-lopez-torrijos\/#primaryimage\"},\"thumbnailUrl\":\"https:\/\/www.adecose.com\/wp-content\/uploads\/2025\/01\/Bienvenidos-ADECOSE.png\",\"keywords\":[\"ADECOSE\",\"Corredur\u00edas de seguros\",\"Grupo AICO\",\"Incorporaciones\",\"L\u00f3pez Torrijos\",\"SegurVillegas\"],\"articleSection\":[\"Noticias\"],\"inLanguage\":\"eu-ES\"},{\"@type\":\"WebPage\",\"@id\":\"https:\/\/www.adecose.com\/la-junta-directiva-de-adecose-aprueba-la-incorporacion-de-las-corredurias-de-seguros-segurvillegas-grupo-aico-y-lopez-torrijos\/\",\"url\":\"https:\/\/www.adecose.com\/la-junta-directiva-de-adecose-aprueba-la-incorporacion-de-las-corredurias-de-seguros-segurvillegas-grupo-aico-y-lopez-torrijos\/\",\"name\":\"La Junta Directiva de ADECOSE aprueba la incorporaci\u00f3n de las corredur\u00edas de Seguros SegurVillegas, Grupo AICO y L\u00f3pez Torrijos - ADECOSE\",\"isPartOf\":{\"@id\":\"https:\/\/www.adecose.com\/gl\/#website\"},\"primaryImageOfPage\":{\"@id\":\"https:\/\/www.adecose.com\/la-junta-directiva-de-adecose-aprueba-la-incorporacion-de-las-corredurias-de-seguros-segurvillegas-grupo-aico-y-lopez-torrijos\/#primaryimage\"},\"image\":{\"@id\":\"https:\/\/www.adecose.com\/la-junta-directiva-de-adecose-aprueba-la-incorporacion-de-las-corredurias-de-seguros-segurvillegas-grupo-aico-y-lopez-torrijos\/#primaryimage\"},\"thumbnailUrl\":\"https:\/\/www.adecose.com\/wp-content\/uploads\/2025\/01\/Bienvenidos-ADECOSE.png\",\"datePublished\":\"2025-01-16T11:42:33+00:00\",\"dateModified\":\"2025-01-31T12:53:31+00:00\",\"breadcrumb\":{\"@id\":\"https:\/\/www.adecose.com\/la-junta-directiva-de-adecose-aprueba-la-incorporacion-de-las-corredurias-de-seguros-segurvillegas-grupo-aico-y-lopez-torrijos\/#breadcrumb\"},\"inLanguage\":\"eu-ES\",\"potentialAction\":[{\"@type\":\"ReadAction\",\"target\":[\"https:\/\/www.adecose.com\/la-junta-directiva-de-adecose-aprueba-la-incorporacion-de-las-corredurias-de-seguros-segurvillegas-grupo-aico-y-lopez-torrijos\/\"]}]},{\"@type\":\"ImageObject\",\"inLanguage\":\"eu-ES\",\"@id\":\"https:\/\/www.adecose.com\/la-junta-directiva-de-adecose-aprueba-la-incorporacion-de-las-corredurias-de-seguros-segurvillegas-grupo-aico-y-lopez-torrijos\/#primaryimage\",\"url\":\"https:\/\/www.adecose.com\/wp-content\/uploads\/2025\/01\/Bienvenidos-ADECOSE.png\",\"contentUrl\":\"https:\/\/www.adecose.com\/wp-content\/uploads\/2025\/01\/Bienvenidos-ADECOSE.png\",\"width\":2382,\"height\":1548},{\"@type\":\"BreadcrumbList\",\"@id\":\"https:\/\/www.adecose.com\/la-junta-directiva-de-adecose-aprueba-la-incorporacion-de-las-corredurias-de-seguros-segurvillegas-grupo-aico-y-lopez-torrijos\/#breadcrumb\",\"itemListElement\":[{\"@type\":\"ListItem\",\"position\":1,\"name\":\"Portada\",\"item\":\"https:\/\/www.adecose.com\/eu\/aseguru-eta-berraseguru-artekaritzen-espainiako-elkartea\/\"},{\"@type\":\"ListItem\",\"position\":2,\"name\":\"La Junta Directiva de ADECOSE aprueba la incorporaci\u00f3n de las corredur\u00edas de Seguros SegurVillegas, Grupo AICO y L\u00f3pez Torrijos\"}]},{\"@type\":\"WebSite\",\"@id\":\"https:\/\/www.adecose.com\/gl\/#website\",\"url\":\"https:\/\/www.adecose.com\/gl\/\",\"name\":\"ADECOSE\",\"description\":\"Aseguru eta Berraseguru Artekaritzen Espainiako Elkartea\",\"publisher\":{\"@id\":\"https:\/\/www.adecose.com\/gl\/#organization\"},\"potentialAction\":[{\"@type\":\"SearchAction\",\"target\":{\"@type\":\"EntryPoint\",\"urlTemplate\":\"https:\/\/www.adecose.com\/gl\/?s={search_term_string}\"},\"query-input\":{\"@type\":\"PropertyValueSpecification\",\"valueRequired\":true,\"valueName\":\"search_term_string\"}}],\"inLanguage\":\"eu-ES\"},{\"@type\":\"Organization\",\"@id\":\"https:\/\/www.adecose.com\/gl\/#organization\",\"name\":\"ADECOSE\",\"url\":\"https:\/\/www.adecose.com\/gl\/\",\"logo\":{\"@type\":\"ImageObject\",\"inLanguage\":\"eu-ES\",\"@id\":\"https:\/\/www.adecose.com\/gl\/#\/schema\/logo\/image\/\",\"url\":\"https:\/\/www.adecose.com\/wp-content\/uploads\/2020\/07\/favicon.png\",\"contentUrl\":\"https:\/\/www.adecose.com\/wp-content\/uploads\/2020\/07\/favicon.png\",\"width\":512,\"height\":512,\"caption\":\"ADECOSE\"},\"image\":{\"@id\":\"https:\/\/www.adecose.com\/gl\/#\/schema\/logo\/image\/\"}},{\"@type\":\"Person\",\"@id\":\"https:\/\/www.adecose.com\/gl\/#\/schema\/person\/ff086ce55f6379e1d225a2c0dca5eeb6\",\"name\":\"Comunicaci\u00f3n ADECOSE\",\"image\":{\"@type\":\"ImageObject\",\"inLanguage\":\"eu-ES\",\"@id\":\"https:\/\/secure.gravatar.com\/avatar\/01cd1f9571997441bf1da6d1cc147351305f03fe8f2acf1ebbec60ebb26924ce?s=96&d=mm&r=g\",\"url\":\"https:\/\/secure.gravatar.com\/avatar\/01cd1f9571997441bf1da6d1cc147351305f03fe8f2acf1ebbec60ebb26924ce?s=96&d=mm&r=g\",\"contentUrl\":\"https:\/\/secure.gravatar.com\/avatar\/01cd1f9571997441bf1da6d1cc147351305f03fe8f2acf1ebbec60ebb26924ce?s=96&d=mm&r=g\",\"caption\":\"Comunicaci\u00f3n ADECOSE\"}}]}<\/script>\n<!-- \/ Yoast SEO plugin. -->","yoast_head_json":{"title":"La Junta Directiva de ADECOSE aprueba la incorporaci\u00f3n de las corredur\u00edas de Seguros SegurVillegas, Grupo AICO y L\u00f3pez Torrijos - ADECOSE","robots":{"index":"index","follow":"follow","max-snippet":"max-snippet:-1","max-image-preview":"max-image-preview:large","max-video-preview":"max-video-preview:-1"},"canonical":"https:\/\/www.adecose.com\/la-junta-directiva-de-adecose-aprueba-la-incorporacion-de-las-corredurias-de-seguros-segurvillegas-grupo-aico-y-lopez-torrijos\/","og_locale":"eu_ES","og_type":"article","og_title":"La Junta Directiva de ADECOSE aprueba la incorporaci\u00f3n de las corredur\u00edas de Seguros SegurVillegas, Grupo AICO y L\u00f3pez Torrijos - ADECOSE","og_description":"Durante el encuentro se abordaron temas como la publicaci\u00f3n de los nuevos modelos de Documentaci\u00f3n Estad\u00edstico Contable (DEC) En su \u00faltima reuni\u00f3n mensual celebrada el...","og_url":"https:\/\/www.adecose.com\/la-junta-directiva-de-adecose-aprueba-la-incorporacion-de-las-corredurias-de-seguros-segurvillegas-grupo-aico-y-lopez-torrijos\/","og_site_name":"ADECOSE","article_published_time":"2025-01-16T11:42:33+00:00","article_modified_time":"2025-01-31T12:53:31+00:00","og_image":[{"width":1024,"height":665,"url":"https:\/\/www.adecose.com\/wp-content\/uploads\/2025\/01\/Bienvenidos-ADECOSE-1024x665.png","type":"image\/png"}],"author":"Comunicaci\u00f3n ADECOSE","twitter_card":"summary_large_image","twitter_misc":{"Written by":"Comunicaci\u00f3n ADECOSE","Est. reading time":"3 minutes"},"schema":{"@context":"https:\/\/schema.org","@graph":[{"@type":"Article","@id":"https:\/\/www.adecose.com\/la-junta-directiva-de-adecose-aprueba-la-incorporacion-de-las-corredurias-de-seguros-segurvillegas-grupo-aico-y-lopez-torrijos\/#article","isPartOf":{"@id":"https:\/\/www.adecose.com\/la-junta-directiva-de-adecose-aprueba-la-incorporacion-de-las-corredurias-de-seguros-segurvillegas-grupo-aico-y-lopez-torrijos\/"},"author":{"name":"Comunicaci\u00f3n ADECOSE","@id":"https:\/\/www.adecose.com\/gl\/#\/schema\/person\/ff086ce55f6379e1d225a2c0dca5eeb6"},"headline":"La Junta Directiva de ADECOSE aprueba la incorporaci\u00f3n de las corredur\u00edas de Seguros SegurVillegas, Grupo AICO y L\u00f3pez Torrijos","datePublished":"2025-01-16T11:42:33+00:00","dateModified":"2025-01-31T12:53:31+00:00","mainEntityOfPage":{"@id":"https:\/\/www.adecose.com\/la-junta-directiva-de-adecose-aprueba-la-incorporacion-de-las-corredurias-de-seguros-segurvillegas-grupo-aico-y-lopez-torrijos\/"},"wordCount":486,"publisher":{"@id":"https:\/\/www.adecose.com\/gl\/#organization"},"image":{"@id":"https:\/\/www.adecose.com\/la-junta-directiva-de-adecose-aprueba-la-incorporacion-de-las-corredurias-de-seguros-segurvillegas-grupo-aico-y-lopez-torrijos\/#primaryimage"},"thumbnailUrl":"https:\/\/www.adecose.com\/wp-content\/uploads\/2025\/01\/Bienvenidos-ADECOSE.png","keywords":["ADECOSE","Corredur\u00edas de seguros","Grupo AICO","Incorporaciones","L\u00f3pez Torrijos","SegurVillegas"],"articleSection":["Noticias"],"inLanguage":"eu-ES"},{"@type":"WebPage","@id":"https:\/\/www.adecose.com\/la-junta-directiva-de-adecose-aprueba-la-incorporacion-de-las-corredurias-de-seguros-segurvillegas-grupo-aico-y-lopez-torrijos\/","url":"https:\/\/www.adecose.com\/la-junta-directiva-de-adecose-aprueba-la-incorporacion-de-las-corredurias-de-seguros-segurvillegas-grupo-aico-y-lopez-torrijos\/","name":"La Junta Directiva de ADECOSE aprueba la incorporaci\u00f3n de las corredur\u00edas de Seguros SegurVillegas, Grupo AICO y L\u00f3pez Torrijos - ADECOSE","isPartOf":{"@id":"https:\/\/www.adecose.com\/gl\/#website"},"primaryImageOfPage":{"@id":"https:\/\/www.adecose.com\/la-junta-directiva-de-adecose-aprueba-la-incorporacion-de-las-corredurias-de-seguros-segurvillegas-grupo-aico-y-lopez-torrijos\/#primaryimage"},"image":{"@id":"https:\/\/www.adecose.com\/la-junta-directiva-de-adecose-aprueba-la-incorporacion-de-las-corredurias-de-seguros-segurvillegas-grupo-aico-y-lopez-torrijos\/#primaryimage"},"thumbnailUrl":"https:\/\/www.adecose.com\/wp-content\/uploads\/2025\/01\/Bienvenidos-ADECOSE.png","datePublished":"2025-01-16T11:42:33+00:00","dateModified":"2025-01-31T12:53:31+00:00","breadcrumb":{"@id":"https:\/\/www.adecose.com\/la-junta-directiva-de-adecose-aprueba-la-incorporacion-de-las-corredurias-de-seguros-segurvillegas-grupo-aico-y-lopez-torrijos\/#breadcrumb"},"inLanguage":"eu-ES","potentialAction":[{"@type":"ReadAction","target":["https:\/\/www.adecose.com\/la-junta-directiva-de-adecose-aprueba-la-incorporacion-de-las-corredurias-de-seguros-segurvillegas-grupo-aico-y-lopez-torrijos\/"]}]},{"@type":"ImageObject","inLanguage":"eu-ES","@id":"https:\/\/www.adecose.com\/la-junta-directiva-de-adecose-aprueba-la-incorporacion-de-las-corredurias-de-seguros-segurvillegas-grupo-aico-y-lopez-torrijos\/#primaryimage","url":"https:\/\/www.adecose.com\/wp-content\/uploads\/2025\/01\/Bienvenidos-ADECOSE.png","contentUrl":"https:\/\/www.adecose.com\/wp-content\/uploads\/2025\/01\/Bienvenidos-ADECOSE.png","width":2382,"height":1548},{"@type":"BreadcrumbList","@id":"https:\/\/www.adecose.com\/la-junta-directiva-de-adecose-aprueba-la-incorporacion-de-las-corredurias-de-seguros-segurvillegas-grupo-aico-y-lopez-torrijos\/#breadcrumb","itemListElement":[{"@type":"ListItem","position":1,"name":"Portada","item":"https:\/\/www.adecose.com\/eu\/aseguru-eta-berraseguru-artekaritzen-espainiako-elkartea\/"},{"@type":"ListItem","position":2,"name":"La Junta Directiva de ADECOSE aprueba la incorporaci\u00f3n de las corredur\u00edas de Seguros SegurVillegas, Grupo AICO y L\u00f3pez Torrijos"}]},{"@type":"WebSite","@id":"https:\/\/www.adecose.com\/gl\/#website","url":"https:\/\/www.adecose.com\/gl\/","name":"ADECOSE","description":"Aseguru eta Berraseguru Artekaritzen Espainiako Elkartea","publisher":{"@id":"https:\/\/www.adecose.com\/gl\/#organization"},"potentialAction":[{"@type":"SearchAction","target":{"@type":"EntryPoint","urlTemplate":"https:\/\/www.adecose.com\/gl\/?s={search_term_string}"},"query-input":{"@type":"PropertyValueSpecification","valueRequired":true,"valueName":"search_term_string"}}],"inLanguage":"eu-ES"},{"@type":"Organization","@id":"https:\/\/www.adecose.com\/gl\/#organization","name":"ADECOSE","url":"https:\/\/www.adecose.com\/gl\/","logo":{"@type":"ImageObject","inLanguage":"eu-ES","@id":"https:\/\/www.adecose.com\/gl\/#\/schema\/logo\/image\/","url":"https:\/\/www.adecose.com\/wp-content\/uploads\/2020\/07\/favicon.png","contentUrl":"https:\/\/www.adecose.com\/wp-content\/uploads\/2020\/07\/favicon.png","width":512,"height":512,"caption":"ADECOSE"},"image":{"@id":"https:\/\/www.adecose.com\/gl\/#\/schema\/logo\/image\/"}},{"@type":"Person","@id":"https:\/\/www.adecose.com\/gl\/#\/schema\/person\/ff086ce55f6379e1d225a2c0dca5eeb6","name":"Comunicaci\u00f3n ADECOSE","image":{"@type":"ImageObject","inLanguage":"eu-ES","@id":"https:\/\/secure.gravatar.com\/avatar\/01cd1f9571997441bf1da6d1cc147351305f03fe8f2acf1ebbec60ebb26924ce?s=96&d=mm&r=g","url":"https:\/\/secure.gravatar.com\/avatar\/01cd1f9571997441bf1da6d1cc147351305f03fe8f2acf1ebbec60ebb26924ce?s=96&d=mm&r=g","contentUrl":"https:\/\/secure.gravatar.com\/avatar\/01cd1f9571997441bf1da6d1cc147351305f03fe8f2acf1ebbec60ebb26924ce?s=96&d=mm&r=g","caption":"Comunicaci\u00f3n ADECOSE"}}]}},"_links":{"self":[{"href":"https:\/\/www.adecose.com\/eu\/wp-json\/wp\/v2\/posts\/18411","targetHints":{"allow":["GET"]}}],"collection":[{"href":"https:\/\/www.adecose.com\/eu\/wp-json\/wp\/v2\/posts"}],"about":[{"href":"https:\/\/www.adecose.com\/eu\/wp-json\/wp\/v2\/types\/post"}],"author":[{"embeddable":true,"href":"https:\/\/www.adecose.com\/eu\/wp-json\/wp\/v2\/users\/197"}],"replies":[{"embeddable":true,"href":"https:\/\/www.adecose.com\/eu\/wp-json\/wp\/v2\/comments?post=18411"}],"version-history":[{"count":0,"href":"https:\/\/www.adecose.com\/eu\/wp-json\/wp\/v2\/posts\/18411\/revisions"}],"wp:featuredmedia":[{"embeddable":true,"href":"https:\/\/www.adecose.com\/eu\/wp-json\/wp\/v2\/media\/18412"}],"wp:attachment":[{"href":"https:\/\/www.adecose.com\/eu\/wp-json\/wp\/v2\/media?parent=18411"}],"wp:term":[{"taxonomy":"category","embeddable":true,"href":"https:\/\/www.adecose.com\/eu\/wp-json\/wp\/v2\/categories?post=18411"},{"taxonomy":"post_tag","embeddable":true,"href":"https:\/\/www.adecose.com\/eu\/wp-json\/wp\/v2\/tags?post=18411"}],"curies":[{"name":"wp","href":"https:\/\/api.w.org\/{rel}","templated":true}]}}