{"id":18117,"date":"2024-11-21T11:39:21","date_gmt":"2024-11-21T10:39:21","guid":{"rendered":"https:\/\/www.adecose.com\/?p=18117"},"modified":"2024-11-21T11:39:21","modified_gmt":"2024-11-21T10:39:21","slug":"sabseg-integra-euromex-y-pg-corredores-y-espera-incorporar-6-corredurias-mas-antes-de-fin-de-ano","status":"publish","type":"post","link":"https:\/\/www.adecose.com\/eu\/sabseg-integra-euromex-y-pg-corredores-y-espera-incorporar-6-corredurias-mas-antes-de-fin-de-ano\/","title":{"rendered":"Sabseg integra Euromex y PG Corredores y espera incorporar 6 corredur\u00edas m\u00e1s antes de fin de a\u00f1o"},"content":{"rendered":"<p><a href=\"https:\/\/sabseggroup.com\/\">Sabseg<\/a>, el br\u00f3ker de seguros independiente l\u00edder en Espa\u00f1a y Portugal, ha anunciado hoy la adquisici\u00f3n de <strong>Euromex y PG Corredores<\/strong>, dos corredur\u00edas clave que fortalecen su posici\u00f3n en el mercado asegurador espa\u00f1ol. En palabras de <strong>Carles Alsina, CEO de Sabseg en Espa\u00f1a,<\/strong> \u201cestas dos adquisiciones nos acercan a nuestro objetivo de, entre Espa\u00f1a y Portugal, cerrar el a\u00f1o en 600M de primas intermediadas y 90M \u20ac en comisiones, convirti\u00e9ndonos en el quinto grupo de intermediaci\u00f3n de seguros en Iberia, coincidiendo con el 25 aniversario de Sabseg en Portugal\u201d.<\/p>\n<p>Desde su fundaci\u00f3n en 1991 y liderada por Aitor Quincoces, Euromex ha destacado por su experiencia en seguros para empresas y su especializaci\u00f3n en deportes de aventura y ocio, con una cartera de aproximadamente 6 millones de euros en primas. Su integraci\u00f3n refuerza el liderazgo de Sabseg en nichos espec\u00edficos, ampliando su capacidad para gestionar riesgos en peque\u00f1as y medianas empresas, adem\u00e1s de experiencia en el sector p\u00fablico.<\/p>\n<p>Por su parte, PG Corredores, fundada en 1990 y con sede en Zaragoza, es una referencia en el sector de grandes riesgos, gestionando m\u00e1s de 11 millones de euros en primas. La experiencia de su fundador Pedro Parra, su socio Pedro Borque y el resto del equipo en seguros industriales, t\u00e9cnicos y financieros permite a Sabseg ampliar su capacidad para ofrecer soluciones avanzadas y personalizadas en la gesti\u00f3n de riesgos industriales, reforzando su presencia en Arag\u00f3n y otras regiones.<\/p>\n<p>Con estas integraciones, Sabseg no solo ampl\u00eda su red geogr\u00e1fica, sino tambi\u00e9n su oferta de servicios especializados, combinando experiencia sectorial, innovaci\u00f3n y un enfoque personalizado en la atenci\u00f3n al cliente. Esta operaci\u00f3n subraya el compromiso de Sabseg de liderar la transformaci\u00f3n del sector de intermediaci\u00f3n de seguros a trav\u00e9s de una f\u00f3rmula que combina la autonom\u00eda comercial de las corredur\u00edas incorporadas y la integraci\u00f3n de las funciones transversales, como sistemas, RRHH, finanzas o legal.<\/p>\n","protected":false},"excerpt":{"rendered":"<p>Sabseg, el br\u00f3ker de seguros independiente l\u00edder en Espa\u00f1a y Portugal, ha anunciado hoy la adquisici\u00f3n de Euromex y PG Corredores, dos corredur\u00edas clave que&#8230;<\/p>\n","protected":false},"author":197,"featured_media":18118,"comment_status":"closed","ping_status":"closed","sticky":false,"template":"","format":"standard","meta":{"_acf_changed":false,"_price":"","_stock":"","_tribe_ticket_header":"","_tribe_default_ticket_provider":"","_tribe_ticket_capacity":"0","_ticket_start_date":"","_ticket_end_date":"","_tribe_ticket_show_description":"","_tribe_ticket_show_not_going":false,"_tribe_ticket_use_global_stock":"","_tribe_ticket_global_stock_level":"","_global_stock_mode":"","_global_stock_cap":"","_tribe_rsvp_for_event":"","_tribe_ticket_going_count":"","_tribe_ticket_not_going_count":"","_tribe_tickets_list":"[]","_tribe_ticket_has_attendee_info_fields":false,"footnotes":""},"categories":[339],"tags":[524,523],"class_list":["post-18117","post","type-post","status-publish","format-standard","has-post-thumbnail","category-espacio-correduriasadecose","tag-integraciones","tag-sabseg"],"acf":[],"yoast_head":"<!-- This site is optimized with the Yoast SEO plugin v27.2 - https:\/\/yoast.com\/product\/yoast-seo-wordpress\/ -->\n<title>Sabseg integra Euromex y PG Corredores y espera incorporar 6 corredur\u00edas m\u00e1s antes de fin de a\u00f1o - ADECOSE<\/title>\n<meta name=\"robots\" content=\"index, follow, max-snippet:-1, max-image-preview:large, max-video-preview:-1\" \/>\n<link rel=\"canonical\" href=\"https:\/\/www.adecose.com\/sabseg-integra-euromex-y-pg-corredores-y-espera-incorporar-6-corredurias-mas-antes-de-fin-de-ano\/\" \/>\n<meta property=\"og:locale\" content=\"eu_ES\" \/>\n<meta property=\"og:type\" content=\"article\" \/>\n<meta property=\"og:title\" content=\"Sabseg integra Euromex y PG Corredores y espera incorporar 6 corredur\u00edas m\u00e1s antes de fin de a\u00f1o - ADECOSE\" \/>\n<meta property=\"og:description\" content=\"Sabseg, el br\u00f3ker de seguros independiente l\u00edder en Espa\u00f1a y Portugal, ha anunciado hoy la adquisici\u00f3n de Euromex y PG Corredores, dos corredur\u00edas clave que...\" \/>\n<meta property=\"og:url\" content=\"https:\/\/www.adecose.com\/sabseg-integra-euromex-y-pg-corredores-y-espera-incorporar-6-corredurias-mas-antes-de-fin-de-ano\/\" \/>\n<meta property=\"og:site_name\" content=\"ADECOSE\" \/>\n<meta property=\"article:published_time\" content=\"2024-11-21T10:39:21+00:00\" \/>\n<meta property=\"og:image\" content=\"https:\/\/www.adecose.com\/wp-content\/uploads\/2024\/11\/sabseg-Carles-Alsina-.jpg\" \/>\n\t<meta property=\"og:image:width\" content=\"1170\" \/>\n\t<meta property=\"og:image:height\" content=\"780\" \/>\n\t<meta property=\"og:image:type\" content=\"image\/jpeg\" \/>\n<meta name=\"author\" content=\"Comunicaci\u00f3n ADECOSE\" \/>\n<meta name=\"twitter:card\" content=\"summary_large_image\" \/>\n<meta name=\"twitter:label1\" content=\"Written by\" \/>\n\t<meta name=\"twitter:data1\" content=\"Comunicaci\u00f3n ADECOSE\" \/>\n\t<meta name=\"twitter:label2\" content=\"Est. reading time\" \/>\n\t<meta name=\"twitter:data2\" content=\"2 minutes\" \/>\n<script type=\"application\/ld+json\" class=\"yoast-schema-graph\">{\"@context\":\"https:\/\/schema.org\",\"@graph\":[{\"@type\":\"Article\",\"@id\":\"https:\/\/www.adecose.com\/sabseg-integra-euromex-y-pg-corredores-y-espera-incorporar-6-corredurias-mas-antes-de-fin-de-ano\/#article\",\"isPartOf\":{\"@id\":\"https:\/\/www.adecose.com\/sabseg-integra-euromex-y-pg-corredores-y-espera-incorporar-6-corredurias-mas-antes-de-fin-de-ano\/\"},\"author\":{\"name\":\"Comunicaci\u00f3n ADECOSE\",\"@id\":\"https:\/\/www.adecose.com\/gl\/#\/schema\/person\/ff086ce55f6379e1d225a2c0dca5eeb6\"},\"headline\":\"Sabseg integra Euromex y PG Corredores y espera incorporar 6 corredur\u00edas m\u00e1s antes de fin de a\u00f1o\",\"datePublished\":\"2024-11-21T10:39:21+00:00\",\"mainEntityOfPage\":{\"@id\":\"https:\/\/www.adecose.com\/sabseg-integra-euromex-y-pg-corredores-y-espera-incorporar-6-corredurias-mas-antes-de-fin-de-ano\/\"},\"wordCount\":359,\"publisher\":{\"@id\":\"https:\/\/www.adecose.com\/gl\/#organization\"},\"image\":{\"@id\":\"https:\/\/www.adecose.com\/sabseg-integra-euromex-y-pg-corredores-y-espera-incorporar-6-corredurias-mas-antes-de-fin-de-ano\/#primaryimage\"},\"thumbnailUrl\":\"https:\/\/www.adecose.com\/wp-content\/uploads\/2024\/11\/sabseg-Carles-Alsina-.jpg\",\"keywords\":[\"Integraciones\",\"Sabseg\"],\"articleSection\":[\"Espacio #Corredur\u00edasADECOSE\"],\"inLanguage\":\"eu-ES\"},{\"@type\":\"WebPage\",\"@id\":\"https:\/\/www.adecose.com\/sabseg-integra-euromex-y-pg-corredores-y-espera-incorporar-6-corredurias-mas-antes-de-fin-de-ano\/\",\"url\":\"https:\/\/www.adecose.com\/sabseg-integra-euromex-y-pg-corredores-y-espera-incorporar-6-corredurias-mas-antes-de-fin-de-ano\/\",\"name\":\"Sabseg integra Euromex y PG Corredores y espera incorporar 6 corredur\u00edas m\u00e1s antes de fin de a\u00f1o - ADECOSE\",\"isPartOf\":{\"@id\":\"https:\/\/www.adecose.com\/gl\/#website\"},\"primaryImageOfPage\":{\"@id\":\"https:\/\/www.adecose.com\/sabseg-integra-euromex-y-pg-corredores-y-espera-incorporar-6-corredurias-mas-antes-de-fin-de-ano\/#primaryimage\"},\"image\":{\"@id\":\"https:\/\/www.adecose.com\/sabseg-integra-euromex-y-pg-corredores-y-espera-incorporar-6-corredurias-mas-antes-de-fin-de-ano\/#primaryimage\"},\"thumbnailUrl\":\"https:\/\/www.adecose.com\/wp-content\/uploads\/2024\/11\/sabseg-Carles-Alsina-.jpg\",\"datePublished\":\"2024-11-21T10:39:21+00:00\",\"breadcrumb\":{\"@id\":\"https:\/\/www.adecose.com\/sabseg-integra-euromex-y-pg-corredores-y-espera-incorporar-6-corredurias-mas-antes-de-fin-de-ano\/#breadcrumb\"},\"inLanguage\":\"eu-ES\",\"potentialAction\":[{\"@type\":\"ReadAction\",\"target\":[\"https:\/\/www.adecose.com\/sabseg-integra-euromex-y-pg-corredores-y-espera-incorporar-6-corredurias-mas-antes-de-fin-de-ano\/\"]}]},{\"@type\":\"ImageObject\",\"inLanguage\":\"eu-ES\",\"@id\":\"https:\/\/www.adecose.com\/sabseg-integra-euromex-y-pg-corredores-y-espera-incorporar-6-corredurias-mas-antes-de-fin-de-ano\/#primaryimage\",\"url\":\"https:\/\/www.adecose.com\/wp-content\/uploads\/2024\/11\/sabseg-Carles-Alsina-.jpg\",\"contentUrl\":\"https:\/\/www.adecose.com\/wp-content\/uploads\/2024\/11\/sabseg-Carles-Alsina-.jpg\",\"width\":1170,\"height\":780},{\"@type\":\"BreadcrumbList\",\"@id\":\"https:\/\/www.adecose.com\/sabseg-integra-euromex-y-pg-corredores-y-espera-incorporar-6-corredurias-mas-antes-de-fin-de-ano\/#breadcrumb\",\"itemListElement\":[{\"@type\":\"ListItem\",\"position\":1,\"name\":\"Portada\",\"item\":\"https:\/\/www.adecose.com\/eu\/aseguru-eta-berraseguru-artekaritzen-espainiako-elkartea\/\"},{\"@type\":\"ListItem\",\"position\":2,\"name\":\"Sabseg integra Euromex y PG Corredores y espera incorporar 6 corredur\u00edas m\u00e1s antes de fin de a\u00f1o\"}]},{\"@type\":\"WebSite\",\"@id\":\"https:\/\/www.adecose.com\/gl\/#website\",\"url\":\"https:\/\/www.adecose.com\/gl\/\",\"name\":\"ADECOSE\",\"description\":\"Aseguru eta Berraseguru Artekaritzen Espainiako Elkartea\",\"publisher\":{\"@id\":\"https:\/\/www.adecose.com\/gl\/#organization\"},\"potentialAction\":[{\"@type\":\"SearchAction\",\"target\":{\"@type\":\"EntryPoint\",\"urlTemplate\":\"https:\/\/www.adecose.com\/gl\/?s={search_term_string}\"},\"query-input\":{\"@type\":\"PropertyValueSpecification\",\"valueRequired\":true,\"valueName\":\"search_term_string\"}}],\"inLanguage\":\"eu-ES\"},{\"@type\":\"Organization\",\"@id\":\"https:\/\/www.adecose.com\/gl\/#organization\",\"name\":\"ADECOSE\",\"url\":\"https:\/\/www.adecose.com\/gl\/\",\"logo\":{\"@type\":\"ImageObject\",\"inLanguage\":\"eu-ES\",\"@id\":\"https:\/\/www.adecose.com\/gl\/#\/schema\/logo\/image\/\",\"url\":\"https:\/\/www.adecose.com\/wp-content\/uploads\/2020\/07\/favicon.png\",\"contentUrl\":\"https:\/\/www.adecose.com\/wp-content\/uploads\/2020\/07\/favicon.png\",\"width\":512,\"height\":512,\"caption\":\"ADECOSE\"},\"image\":{\"@id\":\"https:\/\/www.adecose.com\/gl\/#\/schema\/logo\/image\/\"}},{\"@type\":\"Person\",\"@id\":\"https:\/\/www.adecose.com\/gl\/#\/schema\/person\/ff086ce55f6379e1d225a2c0dca5eeb6\",\"name\":\"Comunicaci\u00f3n ADECOSE\",\"image\":{\"@type\":\"ImageObject\",\"inLanguage\":\"eu-ES\",\"@id\":\"https:\/\/secure.gravatar.com\/avatar\/01cd1f9571997441bf1da6d1cc147351305f03fe8f2acf1ebbec60ebb26924ce?s=96&d=mm&r=g\",\"url\":\"https:\/\/secure.gravatar.com\/avatar\/01cd1f9571997441bf1da6d1cc147351305f03fe8f2acf1ebbec60ebb26924ce?s=96&d=mm&r=g\",\"contentUrl\":\"https:\/\/secure.gravatar.com\/avatar\/01cd1f9571997441bf1da6d1cc147351305f03fe8f2acf1ebbec60ebb26924ce?s=96&d=mm&r=g\",\"caption\":\"Comunicaci\u00f3n ADECOSE\"}}]}<\/script>\n<!-- \/ Yoast SEO plugin. -->","yoast_head_json":{"title":"Sabseg integra Euromex y PG Corredores y espera incorporar 6 corredur\u00edas m\u00e1s antes de fin de a\u00f1o - ADECOSE","robots":{"index":"index","follow":"follow","max-snippet":"max-snippet:-1","max-image-preview":"max-image-preview:large","max-video-preview":"max-video-preview:-1"},"canonical":"https:\/\/www.adecose.com\/sabseg-integra-euromex-y-pg-corredores-y-espera-incorporar-6-corredurias-mas-antes-de-fin-de-ano\/","og_locale":"eu_ES","og_type":"article","og_title":"Sabseg integra Euromex y PG Corredores y espera incorporar 6 corredur\u00edas m\u00e1s antes de fin de a\u00f1o - ADECOSE","og_description":"Sabseg, el br\u00f3ker de seguros independiente l\u00edder en Espa\u00f1a y Portugal, ha anunciado hoy la adquisici\u00f3n de Euromex y PG Corredores, dos corredur\u00edas clave que...","og_url":"https:\/\/www.adecose.com\/sabseg-integra-euromex-y-pg-corredores-y-espera-incorporar-6-corredurias-mas-antes-de-fin-de-ano\/","og_site_name":"ADECOSE","article_published_time":"2024-11-21T10:39:21+00:00","og_image":[{"width":1170,"height":780,"url":"https:\/\/www.adecose.com\/wp-content\/uploads\/2024\/11\/sabseg-Carles-Alsina-.jpg","type":"image\/jpeg"}],"author":"Comunicaci\u00f3n ADECOSE","twitter_card":"summary_large_image","twitter_misc":{"Written by":"Comunicaci\u00f3n ADECOSE","Est. reading time":"2 minutes"},"schema":{"@context":"https:\/\/schema.org","@graph":[{"@type":"Article","@id":"https:\/\/www.adecose.com\/sabseg-integra-euromex-y-pg-corredores-y-espera-incorporar-6-corredurias-mas-antes-de-fin-de-ano\/#article","isPartOf":{"@id":"https:\/\/www.adecose.com\/sabseg-integra-euromex-y-pg-corredores-y-espera-incorporar-6-corredurias-mas-antes-de-fin-de-ano\/"},"author":{"name":"Comunicaci\u00f3n ADECOSE","@id":"https:\/\/www.adecose.com\/gl\/#\/schema\/person\/ff086ce55f6379e1d225a2c0dca5eeb6"},"headline":"Sabseg integra Euromex y PG Corredores y espera incorporar 6 corredur\u00edas m\u00e1s antes de fin de a\u00f1o","datePublished":"2024-11-21T10:39:21+00:00","mainEntityOfPage":{"@id":"https:\/\/www.adecose.com\/sabseg-integra-euromex-y-pg-corredores-y-espera-incorporar-6-corredurias-mas-antes-de-fin-de-ano\/"},"wordCount":359,"publisher":{"@id":"https:\/\/www.adecose.com\/gl\/#organization"},"image":{"@id":"https:\/\/www.adecose.com\/sabseg-integra-euromex-y-pg-corredores-y-espera-incorporar-6-corredurias-mas-antes-de-fin-de-ano\/#primaryimage"},"thumbnailUrl":"https:\/\/www.adecose.com\/wp-content\/uploads\/2024\/11\/sabseg-Carles-Alsina-.jpg","keywords":["Integraciones","Sabseg"],"articleSection":["Espacio #Corredur\u00edasADECOSE"],"inLanguage":"eu-ES"},{"@type":"WebPage","@id":"https:\/\/www.adecose.com\/sabseg-integra-euromex-y-pg-corredores-y-espera-incorporar-6-corredurias-mas-antes-de-fin-de-ano\/","url":"https:\/\/www.adecose.com\/sabseg-integra-euromex-y-pg-corredores-y-espera-incorporar-6-corredurias-mas-antes-de-fin-de-ano\/","name":"Sabseg integra Euromex y PG Corredores y espera incorporar 6 corredur\u00edas m\u00e1s antes de fin de a\u00f1o - ADECOSE","isPartOf":{"@id":"https:\/\/www.adecose.com\/gl\/#website"},"primaryImageOfPage":{"@id":"https:\/\/www.adecose.com\/sabseg-integra-euromex-y-pg-corredores-y-espera-incorporar-6-corredurias-mas-antes-de-fin-de-ano\/#primaryimage"},"image":{"@id":"https:\/\/www.adecose.com\/sabseg-integra-euromex-y-pg-corredores-y-espera-incorporar-6-corredurias-mas-antes-de-fin-de-ano\/#primaryimage"},"thumbnailUrl":"https:\/\/www.adecose.com\/wp-content\/uploads\/2024\/11\/sabseg-Carles-Alsina-.jpg","datePublished":"2024-11-21T10:39:21+00:00","breadcrumb":{"@id":"https:\/\/www.adecose.com\/sabseg-integra-euromex-y-pg-corredores-y-espera-incorporar-6-corredurias-mas-antes-de-fin-de-ano\/#breadcrumb"},"inLanguage":"eu-ES","potentialAction":[{"@type":"ReadAction","target":["https:\/\/www.adecose.com\/sabseg-integra-euromex-y-pg-corredores-y-espera-incorporar-6-corredurias-mas-antes-de-fin-de-ano\/"]}]},{"@type":"ImageObject","inLanguage":"eu-ES","@id":"https:\/\/www.adecose.com\/sabseg-integra-euromex-y-pg-corredores-y-espera-incorporar-6-corredurias-mas-antes-de-fin-de-ano\/#primaryimage","url":"https:\/\/www.adecose.com\/wp-content\/uploads\/2024\/11\/sabseg-Carles-Alsina-.jpg","contentUrl":"https:\/\/www.adecose.com\/wp-content\/uploads\/2024\/11\/sabseg-Carles-Alsina-.jpg","width":1170,"height":780},{"@type":"BreadcrumbList","@id":"https:\/\/www.adecose.com\/sabseg-integra-euromex-y-pg-corredores-y-espera-incorporar-6-corredurias-mas-antes-de-fin-de-ano\/#breadcrumb","itemListElement":[{"@type":"ListItem","position":1,"name":"Portada","item":"https:\/\/www.adecose.com\/eu\/aseguru-eta-berraseguru-artekaritzen-espainiako-elkartea\/"},{"@type":"ListItem","position":2,"name":"Sabseg integra Euromex y PG Corredores y espera incorporar 6 corredur\u00edas m\u00e1s antes de fin de a\u00f1o"}]},{"@type":"WebSite","@id":"https:\/\/www.adecose.com\/gl\/#website","url":"https:\/\/www.adecose.com\/gl\/","name":"ADECOSE","description":"Aseguru eta Berraseguru Artekaritzen Espainiako Elkartea","publisher":{"@id":"https:\/\/www.adecose.com\/gl\/#organization"},"potentialAction":[{"@type":"SearchAction","target":{"@type":"EntryPoint","urlTemplate":"https:\/\/www.adecose.com\/gl\/?s={search_term_string}"},"query-input":{"@type":"PropertyValueSpecification","valueRequired":true,"valueName":"search_term_string"}}],"inLanguage":"eu-ES"},{"@type":"Organization","@id":"https:\/\/www.adecose.com\/gl\/#organization","name":"ADECOSE","url":"https:\/\/www.adecose.com\/gl\/","logo":{"@type":"ImageObject","inLanguage":"eu-ES","@id":"https:\/\/www.adecose.com\/gl\/#\/schema\/logo\/image\/","url":"https:\/\/www.adecose.com\/wp-content\/uploads\/2020\/07\/favicon.png","contentUrl":"https:\/\/www.adecose.com\/wp-content\/uploads\/2020\/07\/favicon.png","width":512,"height":512,"caption":"ADECOSE"},"image":{"@id":"https:\/\/www.adecose.com\/gl\/#\/schema\/logo\/image\/"}},{"@type":"Person","@id":"https:\/\/www.adecose.com\/gl\/#\/schema\/person\/ff086ce55f6379e1d225a2c0dca5eeb6","name":"Comunicaci\u00f3n ADECOSE","image":{"@type":"ImageObject","inLanguage":"eu-ES","@id":"https:\/\/secure.gravatar.com\/avatar\/01cd1f9571997441bf1da6d1cc147351305f03fe8f2acf1ebbec60ebb26924ce?s=96&d=mm&r=g","url":"https:\/\/secure.gravatar.com\/avatar\/01cd1f9571997441bf1da6d1cc147351305f03fe8f2acf1ebbec60ebb26924ce?s=96&d=mm&r=g","contentUrl":"https:\/\/secure.gravatar.com\/avatar\/01cd1f9571997441bf1da6d1cc147351305f03fe8f2acf1ebbec60ebb26924ce?s=96&d=mm&r=g","caption":"Comunicaci\u00f3n ADECOSE"}}]}},"_links":{"self":[{"href":"https:\/\/www.adecose.com\/eu\/wp-json\/wp\/v2\/posts\/18117","targetHints":{"allow":["GET"]}}],"collection":[{"href":"https:\/\/www.adecose.com\/eu\/wp-json\/wp\/v2\/posts"}],"about":[{"href":"https:\/\/www.adecose.com\/eu\/wp-json\/wp\/v2\/types\/post"}],"author":[{"embeddable":true,"href":"https:\/\/www.adecose.com\/eu\/wp-json\/wp\/v2\/users\/197"}],"replies":[{"embeddable":true,"href":"https:\/\/www.adecose.com\/eu\/wp-json\/wp\/v2\/comments?post=18117"}],"version-history":[{"count":0,"href":"https:\/\/www.adecose.com\/eu\/wp-json\/wp\/v2\/posts\/18117\/revisions"}],"wp:featuredmedia":[{"embeddable":true,"href":"https:\/\/www.adecose.com\/eu\/wp-json\/wp\/v2\/media\/18118"}],"wp:attachment":[{"href":"https:\/\/www.adecose.com\/eu\/wp-json\/wp\/v2\/media?parent=18117"}],"wp:term":[{"taxonomy":"category","embeddable":true,"href":"https:\/\/www.adecose.com\/eu\/wp-json\/wp\/v2\/categories?post=18117"},{"taxonomy":"post_tag","embeddable":true,"href":"https:\/\/www.adecose.com\/eu\/wp-json\/wp\/v2\/tags?post=18117"}],"curies":[{"name":"wp","href":"https:\/\/api.w.org\/{rel}","templated":true}]}}