{"id":16352,"date":"2024-03-04T15:49:21","date_gmt":"2024-03-04T14:49:21","guid":{"rendered":"https:\/\/www.adecose.com\/?p=16352"},"modified":"2024-03-04T15:49:21","modified_gmt":"2024-03-04T14:49:21","slug":"grupo-pacc-supera-los-113-millones-de-euros-de-primas-intermedidas","status":"publish","type":"post","link":"https:\/\/www.adecose.com\/eu\/grupo-pacc-supera-los-113-millones-de-euros-de-primas-intermedidas\/","title":{"rendered":"Grupo Pacc supera los 113 millones de euros de primas intermedidas"},"content":{"rendered":"[vc_row type=&#8221;in_container&#8221; full_screen_row_position=&#8221;middle&#8221; column_margin=&#8221;default&#8221; column_direction=&#8221;default&#8221; column_direction_tablet=&#8221;default&#8221; column_direction_phone=&#8221;default&#8221; scene_position=&#8221;center&#8221; text_color=&#8221;dark&#8221; text_align=&#8221;left&#8221; row_border_radius=&#8221;none&#8221; row_border_radius_applies=&#8221;bg&#8221; overflow=&#8221;visible&#8221; overlay_strength=&#8221;0.3&#8243; gradient_direction=&#8221;left_to_right&#8221; shape_divider_position=&#8221;bottom&#8221; bg_image_animation=&#8221;none&#8221;][vc_column column_padding=&#8221;no-extra-padding&#8221; column_padding_tablet=&#8221;inherit&#8221; column_padding_phone=&#8221;inherit&#8221; column_padding_position=&#8221;all&#8221; column_element_direction_desktop=&#8221;default&#8221; column_element_spacing=&#8221;default&#8221; desktop_text_alignment=&#8221;default&#8221; tablet_text_alignment=&#8221;default&#8221; phone_text_alignment=&#8221;default&#8221; background_color_opacity=&#8221;1&#8243; background_hover_color_opacity=&#8221;1&#8243; column_backdrop_filter=&#8221;none&#8221; column_shadow=&#8221;none&#8221; column_border_radius=&#8221;none&#8221; column_link_target=&#8221;_self&#8221; column_position=&#8221;default&#8221; gradient_direction=&#8221;left_to_right&#8221; overlay_strength=&#8221;0.3&#8243; width=&#8221;1\/1&#8243; tablet_width_inherit=&#8221;default&#8221; animation_type=&#8221;default&#8221; bg_image_animation=&#8221;none&#8221; border_type=&#8221;simple&#8221; column_border_width=&#8221;none&#8221; column_border_style=&#8221;solid&#8221;][vc_column_text]GRUPO PACC, <strong>1\u00aa corredur\u00eda espa\u00f1ola de capital nacional<\/strong> en el ranking de INESE e IMAF, se sigue manteniendo un a\u00f1o m\u00e1s como uno de los mediadores l\u00edderes en el sector asegurador.<\/p>\n<p>A nivel de primas intermediadas ha cerrado el <strong>ejercicio 2023 con un<\/strong> <strong>aumento del 14,6%<\/strong> en comparaci\u00f3n con el ejercicio anterior, lo que eleva la cifra a los <strong>113,7 millones de euros<\/strong>. La empresa ha experimentado un crecimiento continuo y sostenido a lo largo del tiempo, consolidando su \u00e9xito en el mercado. Este logro se ha conseguido de forma totalmente org\u00e1nica, sin recurrir a las grandes operaciones de compra de otras empresas del sector, una estrategia que contrasta con la tendencia actual de macro integraciones y adquisiciones que se observa en la industria.<\/p>\n<p>Sus m\u00e1s de <strong>130 empleados<\/strong> repartidos entre las 21 sucursales, junto a las franquicias y los colaboradores externos, han sido los encargados de lograr este gran resultado. Es importante se\u00f1alar que la corredur\u00eda con sede en C\u00f3rdoba est\u00e1 especializada desde sus inicios en la venta a trav\u00e9s de una red de distribuci\u00f3n.<\/p>\n<p>La innovaci\u00f3n en tecnolog\u00eda ha sido uno de los puntos estrat\u00e9gicos durante el 2023 y ha seguido evolucionando de forma constante. Como ejemplos a destacar, indicar que la corredur\u00eda se ha incorporado recientemente como <strong>empresa desarrollara de software en CIMA<\/strong>, lo que le permite tener un mejor desarrollo de su ERP interno integrando la informaci\u00f3n proporcionada por las compa\u00f1\u00edas a trav\u00e9s del formato EIAC.<\/p>\n<p>El a\u00f1o 2023 tambi\u00e9n ha sido clave en el \u00e1rea de RRHH donde la implicaci\u00f3n de la plantilla ha sido vital para alcanzar los resultados obtenidos. La empresa ha continuado su avance respecto a la <strong>conciliaci\u00f3n familiar<\/strong> y a este se ha unido la <strong>mejora de las condiciones econ\u00f3micas de todos los ejecutivos de cuentas.<\/strong>[\/vc_column_text][\/vc_column][\/vc_row]\n","protected":false},"excerpt":{"rendered":"<p>[vc_row type=&#8221;in_container&#8221; full_screen_row_position=&#8221;middle&#8221; column_margin=&#8221;default&#8221; column_direction=&#8221;default&#8221; column_direction_tablet=&#8221;default&#8221; column_direction_phone=&#8221;default&#8221; scene_position=&#8221;center&#8221; text_color=&#8221;dark&#8221; text_align=&#8221;left&#8221; row_border_radius=&#8221;none&#8221; row_border_radius_applies=&#8221;bg&#8221; overflow=&#8221;visible&#8221; overlay_strength=&#8221;0.3&#8243; gradient_direction=&#8221;left_to_right&#8221; shape_divider_position=&#8221;bottom&#8221; bg_image_animation=&#8221;none&#8221;][vc_column column_padding=&#8221;no-extra-padding&#8221; column_padding_tablet=&#8221;inherit&#8221; column_padding_phone=&#8221;inherit&#8221; column_padding_position=&#8221;all&#8221; column_element_direction_desktop=&#8221;default&#8221; column_element_spacing=&#8221;default&#8221; desktop_text_alignment=&#8221;default&#8221; tablet_text_alignment=&#8221;default&#8221;&#8230;<\/p>\n","protected":false},"author":197,"featured_media":16353,"comment_status":"closed","ping_status":"closed","sticky":false,"template":"","format":"standard","meta":{"_acf_changed":false,"_price":"","_stock":"","_tribe_ticket_header":"","_tribe_default_ticket_provider":"","_tribe_ticket_capacity":"0","_ticket_start_date":"","_ticket_end_date":"","_tribe_ticket_show_description":"","_tribe_ticket_show_not_going":false,"_tribe_ticket_use_global_stock":"","_tribe_ticket_global_stock_level":"","_global_stock_mode":"","_global_stock_cap":"","_tribe_rsvp_for_event":"","_tribe_ticket_going_count":"","_tribe_ticket_not_going_count":"","_tribe_tickets_list":"[]","_tribe_ticket_has_attendee_info_fields":false,"footnotes":""},"categories":[339],"tags":[370],"class_list":["post-16352","post","type-post","status-publish","format-standard","has-post-thumbnail","category-espacio-correduriasadecose","tag-grupo-pacc"],"acf":[],"yoast_head":"<!-- This site is optimized with the Yoast SEO plugin v27.2 - https:\/\/yoast.com\/product\/yoast-seo-wordpress\/ -->\n<title>Grupo Pacc supera los 113 millones de euros de primas intermedidas - ADECOSE<\/title>\n<meta name=\"robots\" content=\"index, follow, max-snippet:-1, max-image-preview:large, max-video-preview:-1\" \/>\n<link rel=\"canonical\" href=\"https:\/\/www.adecose.com\/grupo-pacc-supera-los-113-millones-de-euros-de-primas-intermedidas\/\" \/>\n<meta property=\"og:locale\" content=\"eu_ES\" \/>\n<meta property=\"og:type\" content=\"article\" \/>\n<meta property=\"og:title\" content=\"Grupo Pacc supera los 113 millones de euros de primas intermedidas - ADECOSE\" \/>\n<meta property=\"og:description\" content=\"[vc_row type=&#8221;in_container&#8221; full_screen_row_position=&#8221;middle&#8221; column_margin=&#8221;default&#8221; column_direction=&#8221;default&#8221; column_direction_tablet=&#8221;default&#8221; column_direction_phone=&#8221;default&#8221; scene_position=&#8221;center&#8221; text_color=&#8221;dark&#8221; text_align=&#8221;left&#8221; row_border_radius=&#8221;none&#8221; row_border_radius_applies=&#8221;bg&#8221; overflow=&#8221;visible&#8221; overlay_strength=&#8221;0.3&#8243; gradient_direction=&#8221;left_to_right&#8221; shape_divider_position=&#8221;bottom&#8221; bg_image_animation=&#8221;none&#8221;][vc_column column_padding=&#8221;no-extra-padding&#8221; column_padding_tablet=&#8221;inherit&#8221; column_padding_phone=&#8221;inherit&#8221; column_padding_position=&#8221;all&#8221; column_element_direction_desktop=&#8221;default&#8221; column_element_spacing=&#8221;default&#8221; desktop_text_alignment=&#8221;default&#8221; tablet_text_alignment=&#8221;default&#8221;...\" \/>\n<meta property=\"og:url\" content=\"https:\/\/www.adecose.com\/grupo-pacc-supera-los-113-millones-de-euros-de-primas-intermedidas\/\" \/>\n<meta property=\"og:site_name\" content=\"ADECOSE\" \/>\n<meta property=\"article:published_time\" content=\"2024-03-04T14:49:21+00:00\" \/>\n<meta property=\"og:image\" content=\"https:\/\/www.adecose.com\/wp-content\/uploads\/2024\/03\/logo_pacc-sin-correo-azul-fondo-blanco.jpg\" \/>\n\t<meta property=\"og:image:width\" content=\"2154\" \/>\n\t<meta property=\"og:image:height\" content=\"1977\" \/>\n\t<meta property=\"og:image:type\" content=\"image\/jpeg\" \/>\n<meta name=\"author\" content=\"Comunicaci\u00f3n ADECOSE\" \/>\n<meta name=\"twitter:card\" content=\"summary_large_image\" \/>\n<meta name=\"twitter:label1\" content=\"Written by\" \/>\n\t<meta name=\"twitter:data1\" content=\"Comunicaci\u00f3n ADECOSE\" \/>\n\t<meta name=\"twitter:label2\" content=\"Est. reading time\" \/>\n\t<meta name=\"twitter:data2\" content=\"2 minutes\" \/>\n<script type=\"application\/ld+json\" class=\"yoast-schema-graph\">{\"@context\":\"https:\/\/schema.org\",\"@graph\":[{\"@type\":\"Article\",\"@id\":\"https:\/\/www.adecose.com\/grupo-pacc-supera-los-113-millones-de-euros-de-primas-intermedidas\/#article\",\"isPartOf\":{\"@id\":\"https:\/\/www.adecose.com\/grupo-pacc-supera-los-113-millones-de-euros-de-primas-intermedidas\/\"},\"author\":{\"name\":\"Comunicaci\u00f3n ADECOSE\",\"@id\":\"https:\/\/www.adecose.com\/gl\/#\/schema\/person\/ff086ce55f6379e1d225a2c0dca5eeb6\"},\"headline\":\"Grupo Pacc supera los 113 millones de euros de primas intermedidas\",\"datePublished\":\"2024-03-04T14:49:21+00:00\",\"mainEntityOfPage\":{\"@id\":\"https:\/\/www.adecose.com\/grupo-pacc-supera-los-113-millones-de-euros-de-primas-intermedidas\/\"},\"wordCount\":484,\"publisher\":{\"@id\":\"https:\/\/www.adecose.com\/gl\/#organization\"},\"image\":{\"@id\":\"https:\/\/www.adecose.com\/grupo-pacc-supera-los-113-millones-de-euros-de-primas-intermedidas\/#primaryimage\"},\"thumbnailUrl\":\"https:\/\/www.adecose.com\/wp-content\/uploads\/2024\/03\/logo_pacc-sin-correo-azul-fondo-blanco.jpg\",\"keywords\":[\"Grupo PACC\"],\"articleSection\":[\"Espacio #Corredur\u00edasADECOSE\"],\"inLanguage\":\"eu-ES\"},{\"@type\":\"WebPage\",\"@id\":\"https:\/\/www.adecose.com\/grupo-pacc-supera-los-113-millones-de-euros-de-primas-intermedidas\/\",\"url\":\"https:\/\/www.adecose.com\/grupo-pacc-supera-los-113-millones-de-euros-de-primas-intermedidas\/\",\"name\":\"Grupo Pacc supera los 113 millones de euros de primas intermedidas - ADECOSE\",\"isPartOf\":{\"@id\":\"https:\/\/www.adecose.com\/gl\/#website\"},\"primaryImageOfPage\":{\"@id\":\"https:\/\/www.adecose.com\/grupo-pacc-supera-los-113-millones-de-euros-de-primas-intermedidas\/#primaryimage\"},\"image\":{\"@id\":\"https:\/\/www.adecose.com\/grupo-pacc-supera-los-113-millones-de-euros-de-primas-intermedidas\/#primaryimage\"},\"thumbnailUrl\":\"https:\/\/www.adecose.com\/wp-content\/uploads\/2024\/03\/logo_pacc-sin-correo-azul-fondo-blanco.jpg\",\"datePublished\":\"2024-03-04T14:49:21+00:00\",\"breadcrumb\":{\"@id\":\"https:\/\/www.adecose.com\/grupo-pacc-supera-los-113-millones-de-euros-de-primas-intermedidas\/#breadcrumb\"},\"inLanguage\":\"eu-ES\",\"potentialAction\":[{\"@type\":\"ReadAction\",\"target\":[\"https:\/\/www.adecose.com\/grupo-pacc-supera-los-113-millones-de-euros-de-primas-intermedidas\/\"]}]},{\"@type\":\"ImageObject\",\"inLanguage\":\"eu-ES\",\"@id\":\"https:\/\/www.adecose.com\/grupo-pacc-supera-los-113-millones-de-euros-de-primas-intermedidas\/#primaryimage\",\"url\":\"https:\/\/www.adecose.com\/wp-content\/uploads\/2024\/03\/logo_pacc-sin-correo-azul-fondo-blanco.jpg\",\"contentUrl\":\"https:\/\/www.adecose.com\/wp-content\/uploads\/2024\/03\/logo_pacc-sin-correo-azul-fondo-blanco.jpg\",\"width\":2154,\"height\":1977},{\"@type\":\"BreadcrumbList\",\"@id\":\"https:\/\/www.adecose.com\/grupo-pacc-supera-los-113-millones-de-euros-de-primas-intermedidas\/#breadcrumb\",\"itemListElement\":[{\"@type\":\"ListItem\",\"position\":1,\"name\":\"Portada\",\"item\":\"https:\/\/www.adecose.com\/eu\/aseguru-eta-berraseguru-artekaritzen-espainiako-elkartea\/\"},{\"@type\":\"ListItem\",\"position\":2,\"name\":\"Grupo Pacc supera los 113 millones de euros de primas intermedidas\"}]},{\"@type\":\"WebSite\",\"@id\":\"https:\/\/www.adecose.com\/gl\/#website\",\"url\":\"https:\/\/www.adecose.com\/gl\/\",\"name\":\"ADECOSE\",\"description\":\"Aseguru eta Berraseguru Artekaritzen Espainiako Elkartea\",\"publisher\":{\"@id\":\"https:\/\/www.adecose.com\/gl\/#organization\"},\"potentialAction\":[{\"@type\":\"SearchAction\",\"target\":{\"@type\":\"EntryPoint\",\"urlTemplate\":\"https:\/\/www.adecose.com\/gl\/?s={search_term_string}\"},\"query-input\":{\"@type\":\"PropertyValueSpecification\",\"valueRequired\":true,\"valueName\":\"search_term_string\"}}],\"inLanguage\":\"eu-ES\"},{\"@type\":\"Organization\",\"@id\":\"https:\/\/www.adecose.com\/gl\/#organization\",\"name\":\"ADECOSE\",\"url\":\"https:\/\/www.adecose.com\/gl\/\",\"logo\":{\"@type\":\"ImageObject\",\"inLanguage\":\"eu-ES\",\"@id\":\"https:\/\/www.adecose.com\/gl\/#\/schema\/logo\/image\/\",\"url\":\"https:\/\/www.adecose.com\/wp-content\/uploads\/2020\/07\/favicon.png\",\"contentUrl\":\"https:\/\/www.adecose.com\/wp-content\/uploads\/2020\/07\/favicon.png\",\"width\":512,\"height\":512,\"caption\":\"ADECOSE\"},\"image\":{\"@id\":\"https:\/\/www.adecose.com\/gl\/#\/schema\/logo\/image\/\"}},{\"@type\":\"Person\",\"@id\":\"https:\/\/www.adecose.com\/gl\/#\/schema\/person\/ff086ce55f6379e1d225a2c0dca5eeb6\",\"name\":\"Comunicaci\u00f3n ADECOSE\",\"image\":{\"@type\":\"ImageObject\",\"inLanguage\":\"eu-ES\",\"@id\":\"https:\/\/secure.gravatar.com\/avatar\/01cd1f9571997441bf1da6d1cc147351305f03fe8f2acf1ebbec60ebb26924ce?s=96&d=mm&r=g\",\"url\":\"https:\/\/secure.gravatar.com\/avatar\/01cd1f9571997441bf1da6d1cc147351305f03fe8f2acf1ebbec60ebb26924ce?s=96&d=mm&r=g\",\"contentUrl\":\"https:\/\/secure.gravatar.com\/avatar\/01cd1f9571997441bf1da6d1cc147351305f03fe8f2acf1ebbec60ebb26924ce?s=96&d=mm&r=g\",\"caption\":\"Comunicaci\u00f3n ADECOSE\"}}]}<\/script>\n<!-- \/ Yoast SEO plugin. -->","yoast_head_json":{"title":"Grupo Pacc supera los 113 millones de euros de primas intermedidas - ADECOSE","robots":{"index":"index","follow":"follow","max-snippet":"max-snippet:-1","max-image-preview":"max-image-preview:large","max-video-preview":"max-video-preview:-1"},"canonical":"https:\/\/www.adecose.com\/grupo-pacc-supera-los-113-millones-de-euros-de-primas-intermedidas\/","og_locale":"eu_ES","og_type":"article","og_title":"Grupo Pacc supera los 113 millones de euros de primas intermedidas - ADECOSE","og_description":"[vc_row type=&#8221;in_container&#8221; full_screen_row_position=&#8221;middle&#8221; column_margin=&#8221;default&#8221; column_direction=&#8221;default&#8221; column_direction_tablet=&#8221;default&#8221; column_direction_phone=&#8221;default&#8221; scene_position=&#8221;center&#8221; text_color=&#8221;dark&#8221; text_align=&#8221;left&#8221; row_border_radius=&#8221;none&#8221; row_border_radius_applies=&#8221;bg&#8221; overflow=&#8221;visible&#8221; overlay_strength=&#8221;0.3&#8243; gradient_direction=&#8221;left_to_right&#8221; shape_divider_position=&#8221;bottom&#8221; bg_image_animation=&#8221;none&#8221;][vc_column column_padding=&#8221;no-extra-padding&#8221; column_padding_tablet=&#8221;inherit&#8221; column_padding_phone=&#8221;inherit&#8221; column_padding_position=&#8221;all&#8221; column_element_direction_desktop=&#8221;default&#8221; column_element_spacing=&#8221;default&#8221; desktop_text_alignment=&#8221;default&#8221; tablet_text_alignment=&#8221;default&#8221;...","og_url":"https:\/\/www.adecose.com\/grupo-pacc-supera-los-113-millones-de-euros-de-primas-intermedidas\/","og_site_name":"ADECOSE","article_published_time":"2024-03-04T14:49:21+00:00","og_image":[{"width":2154,"height":1977,"url":"https:\/\/www.adecose.com\/wp-content\/uploads\/2024\/03\/logo_pacc-sin-correo-azul-fondo-blanco.jpg","type":"image\/jpeg"}],"author":"Comunicaci\u00f3n ADECOSE","twitter_card":"summary_large_image","twitter_misc":{"Written by":"Comunicaci\u00f3n ADECOSE","Est. reading time":"2 minutes"},"schema":{"@context":"https:\/\/schema.org","@graph":[{"@type":"Article","@id":"https:\/\/www.adecose.com\/grupo-pacc-supera-los-113-millones-de-euros-de-primas-intermedidas\/#article","isPartOf":{"@id":"https:\/\/www.adecose.com\/grupo-pacc-supera-los-113-millones-de-euros-de-primas-intermedidas\/"},"author":{"name":"Comunicaci\u00f3n ADECOSE","@id":"https:\/\/www.adecose.com\/gl\/#\/schema\/person\/ff086ce55f6379e1d225a2c0dca5eeb6"},"headline":"Grupo Pacc supera los 113 millones de euros de primas intermedidas","datePublished":"2024-03-04T14:49:21+00:00","mainEntityOfPage":{"@id":"https:\/\/www.adecose.com\/grupo-pacc-supera-los-113-millones-de-euros-de-primas-intermedidas\/"},"wordCount":484,"publisher":{"@id":"https:\/\/www.adecose.com\/gl\/#organization"},"image":{"@id":"https:\/\/www.adecose.com\/grupo-pacc-supera-los-113-millones-de-euros-de-primas-intermedidas\/#primaryimage"},"thumbnailUrl":"https:\/\/www.adecose.com\/wp-content\/uploads\/2024\/03\/logo_pacc-sin-correo-azul-fondo-blanco.jpg","keywords":["Grupo PACC"],"articleSection":["Espacio #Corredur\u00edasADECOSE"],"inLanguage":"eu-ES"},{"@type":"WebPage","@id":"https:\/\/www.adecose.com\/grupo-pacc-supera-los-113-millones-de-euros-de-primas-intermedidas\/","url":"https:\/\/www.adecose.com\/grupo-pacc-supera-los-113-millones-de-euros-de-primas-intermedidas\/","name":"Grupo Pacc supera los 113 millones de euros de primas intermedidas - ADECOSE","isPartOf":{"@id":"https:\/\/www.adecose.com\/gl\/#website"},"primaryImageOfPage":{"@id":"https:\/\/www.adecose.com\/grupo-pacc-supera-los-113-millones-de-euros-de-primas-intermedidas\/#primaryimage"},"image":{"@id":"https:\/\/www.adecose.com\/grupo-pacc-supera-los-113-millones-de-euros-de-primas-intermedidas\/#primaryimage"},"thumbnailUrl":"https:\/\/www.adecose.com\/wp-content\/uploads\/2024\/03\/logo_pacc-sin-correo-azul-fondo-blanco.jpg","datePublished":"2024-03-04T14:49:21+00:00","breadcrumb":{"@id":"https:\/\/www.adecose.com\/grupo-pacc-supera-los-113-millones-de-euros-de-primas-intermedidas\/#breadcrumb"},"inLanguage":"eu-ES","potentialAction":[{"@type":"ReadAction","target":["https:\/\/www.adecose.com\/grupo-pacc-supera-los-113-millones-de-euros-de-primas-intermedidas\/"]}]},{"@type":"ImageObject","inLanguage":"eu-ES","@id":"https:\/\/www.adecose.com\/grupo-pacc-supera-los-113-millones-de-euros-de-primas-intermedidas\/#primaryimage","url":"https:\/\/www.adecose.com\/wp-content\/uploads\/2024\/03\/logo_pacc-sin-correo-azul-fondo-blanco.jpg","contentUrl":"https:\/\/www.adecose.com\/wp-content\/uploads\/2024\/03\/logo_pacc-sin-correo-azul-fondo-blanco.jpg","width":2154,"height":1977},{"@type":"BreadcrumbList","@id":"https:\/\/www.adecose.com\/grupo-pacc-supera-los-113-millones-de-euros-de-primas-intermedidas\/#breadcrumb","itemListElement":[{"@type":"ListItem","position":1,"name":"Portada","item":"https:\/\/www.adecose.com\/eu\/aseguru-eta-berraseguru-artekaritzen-espainiako-elkartea\/"},{"@type":"ListItem","position":2,"name":"Grupo Pacc supera los 113 millones de euros de primas intermedidas"}]},{"@type":"WebSite","@id":"https:\/\/www.adecose.com\/gl\/#website","url":"https:\/\/www.adecose.com\/gl\/","name":"ADECOSE","description":"Aseguru eta Berraseguru Artekaritzen Espainiako Elkartea","publisher":{"@id":"https:\/\/www.adecose.com\/gl\/#organization"},"potentialAction":[{"@type":"SearchAction","target":{"@type":"EntryPoint","urlTemplate":"https:\/\/www.adecose.com\/gl\/?s={search_term_string}"},"query-input":{"@type":"PropertyValueSpecification","valueRequired":true,"valueName":"search_term_string"}}],"inLanguage":"eu-ES"},{"@type":"Organization","@id":"https:\/\/www.adecose.com\/gl\/#organization","name":"ADECOSE","url":"https:\/\/www.adecose.com\/gl\/","logo":{"@type":"ImageObject","inLanguage":"eu-ES","@id":"https:\/\/www.adecose.com\/gl\/#\/schema\/logo\/image\/","url":"https:\/\/www.adecose.com\/wp-content\/uploads\/2020\/07\/favicon.png","contentUrl":"https:\/\/www.adecose.com\/wp-content\/uploads\/2020\/07\/favicon.png","width":512,"height":512,"caption":"ADECOSE"},"image":{"@id":"https:\/\/www.adecose.com\/gl\/#\/schema\/logo\/image\/"}},{"@type":"Person","@id":"https:\/\/www.adecose.com\/gl\/#\/schema\/person\/ff086ce55f6379e1d225a2c0dca5eeb6","name":"Comunicaci\u00f3n ADECOSE","image":{"@type":"ImageObject","inLanguage":"eu-ES","@id":"https:\/\/secure.gravatar.com\/avatar\/01cd1f9571997441bf1da6d1cc147351305f03fe8f2acf1ebbec60ebb26924ce?s=96&d=mm&r=g","url":"https:\/\/secure.gravatar.com\/avatar\/01cd1f9571997441bf1da6d1cc147351305f03fe8f2acf1ebbec60ebb26924ce?s=96&d=mm&r=g","contentUrl":"https:\/\/secure.gravatar.com\/avatar\/01cd1f9571997441bf1da6d1cc147351305f03fe8f2acf1ebbec60ebb26924ce?s=96&d=mm&r=g","caption":"Comunicaci\u00f3n ADECOSE"}}]}},"_links":{"self":[{"href":"https:\/\/www.adecose.com\/eu\/wp-json\/wp\/v2\/posts\/16352","targetHints":{"allow":["GET"]}}],"collection":[{"href":"https:\/\/www.adecose.com\/eu\/wp-json\/wp\/v2\/posts"}],"about":[{"href":"https:\/\/www.adecose.com\/eu\/wp-json\/wp\/v2\/types\/post"}],"author":[{"embeddable":true,"href":"https:\/\/www.adecose.com\/eu\/wp-json\/wp\/v2\/users\/197"}],"replies":[{"embeddable":true,"href":"https:\/\/www.adecose.com\/eu\/wp-json\/wp\/v2\/comments?post=16352"}],"version-history":[{"count":0,"href":"https:\/\/www.adecose.com\/eu\/wp-json\/wp\/v2\/posts\/16352\/revisions"}],"wp:featuredmedia":[{"embeddable":true,"href":"https:\/\/www.adecose.com\/eu\/wp-json\/wp\/v2\/media\/16353"}],"wp:attachment":[{"href":"https:\/\/www.adecose.com\/eu\/wp-json\/wp\/v2\/media?parent=16352"}],"wp:term":[{"taxonomy":"category","embeddable":true,"href":"https:\/\/www.adecose.com\/eu\/wp-json\/wp\/v2\/categories?post=16352"},{"taxonomy":"post_tag","embeddable":true,"href":"https:\/\/www.adecose.com\/eu\/wp-json\/wp\/v2\/tags?post=16352"}],"curies":[{"name":"wp","href":"https:\/\/api.w.org\/{rel}","templated":true}]}}