{"id":15510,"date":"2023-10-24T13:35:41","date_gmt":"2023-10-24T11:35:41","guid":{"rendered":"https:\/\/www.adecose.com\/?p=15510"},"modified":"2023-10-24T13:35:41","modified_gmt":"2023-10-24T11:35:41","slug":"adecose-celebra-la-xxvii-edicion-de-su-tradicional-foro-de-gestion-de-corredurias","status":"publish","type":"post","link":"https:\/\/www.adecose.com\/eu\/adecose-celebra-la-xxvii-edicion-de-su-tradicional-foro-de-gestion-de-corredurias\/","title":{"rendered":"ADECOSE celebra la XXVII Edici\u00f3n de su tradicional Foro de Gesti\u00f3n de Corredur\u00edas"},"content":{"rendered":"[vc_row type=&#8221;in_container&#8221; full_screen_row_position=&#8221;middle&#8221; column_margin=&#8221;default&#8221; column_direction=&#8221;default&#8221; column_direction_tablet=&#8221;default&#8221; column_direction_phone=&#8221;default&#8221; scene_position=&#8221;center&#8221; text_color=&#8221;dark&#8221; text_align=&#8221;left&#8221; row_border_radius=&#8221;none&#8221; row_border_radius_applies=&#8221;bg&#8221; overflow=&#8221;visible&#8221; overlay_strength=&#8221;0.3&#8243; gradient_direction=&#8221;left_to_right&#8221; shape_divider_position=&#8221;bottom&#8221; bg_image_animation=&#8221;none&#8221;][vc_column column_padding=&#8221;no-extra-padding&#8221; column_padding_tablet=&#8221;inherit&#8221; column_padding_phone=&#8221;inherit&#8221; column_padding_position=&#8221;all&#8221; column_element_direction_desktop=&#8221;default&#8221; column_element_spacing=&#8221;default&#8221; desktop_text_alignment=&#8221;default&#8221; tablet_text_alignment=&#8221;default&#8221; phone_text_alignment=&#8221;default&#8221; background_color_opacity=&#8221;1&#8243; background_hover_color_opacity=&#8221;1&#8243; column_backdrop_filter=&#8221;none&#8221; column_shadow=&#8221;none&#8221; column_border_radius=&#8221;none&#8221; column_link_target=&#8221;_self&#8221; column_position=&#8221;default&#8221; gradient_direction=&#8221;left_to_right&#8221; overlay_strength=&#8221;0.3&#8243; width=&#8221;1\/1&#8243; tablet_width_inherit=&#8221;default&#8221; animation_type=&#8221;default&#8221; bg_image_animation=&#8221;none&#8221; border_type=&#8221;simple&#8221; column_border_width=&#8221;none&#8221; column_border_style=&#8221;solid&#8221;][vc_column_text]\n<ul>\n<li><strong><em>En el Foro de Gesti\u00f3n de Corredur\u00edas han tenido lugar<\/em><em> cuatro bloques que han tratado temas como el panorama europeo del sector analizado por el director de BIPAR, las cat\u00e1strofes naturales y la repercusi\u00f3n en el sector asegurador, as\u00ed como la Mesa de Renovaciones<\/em><\/strong><\/li>\n<\/ul>\n[\/vc_column_text][vc_column_text]\n<ul>\n<li><strong><em>Adem\u00e1s, hemos podido ver el papel de ADECOSE en el \u00e1mbito internacional, analizando su labor en el panorama europeo a trav\u00e9s de BIPAR (Federaci\u00f3n Europea de Intermediarios de Seguros) y en Am\u00e9rica con COPAPROSE (Confederaci\u00f3n Panamericana de Productores de Seguros)<\/em><\/strong><\/li>\n<\/ul>\n[\/vc_column_text][vc_column_text]<strong>ADECOSE<\/strong> ha celebrado su <strong>XXVII Foro de Gesti\u00f3n de Corredur\u00edas<\/strong>, donde han tenido lugar cuatro bloques sobre distintos temas como el panorama internacional del sector y el papel clave de ADECOSE interactuando a trav\u00e9s de las diferentes organizaciones a las que pertenece, cat\u00e1strofes naturales derivadas del cambio clim\u00e1tico y como afectan al sector o la tradicional Mesa de Renovaciones. Tambi\u00e9n, se ha celebrado el acto acad\u00e9mico de entrega de diplomas a los alumnos de la <strong>VI Edici\u00f3n del Programa de Desarrollo Directivo de la Fundaci\u00f3n ADECOSE<\/strong> en colaboraci\u00f3n con la Universidad Europea de Madrid.<\/p>\n<p>El evento comenz\u00f3 con el discurso de bienvenida por parte del presidente de ADECOSE, <strong>Mart\u00edn Navaz<\/strong>, quien agradeci\u00f3 la participaci\u00f3n e inter\u00e9s de todos los asistentes. Despu\u00e9s, Navaz dio paso a la primera de las mesas, <strong>\u201cEl papel de ADECOSE m\u00e1s all\u00e1 del \u00e1mbito nacional: BIPAR\u201d<\/strong>, que cont\u00f3 con la intervenci\u00f3n del director de <strong>BIPAR<\/strong> (Federaci\u00f3n Europea de Intermediarios de Seguros), <strong>Nic De Maesschalck<\/strong>, el director gerente de ADECOSE, <strong>Borja L\u00f3pez-Chicheri<\/strong> y el secretario general de BIPAR, <strong>Juan Ram\u00f3n Pl\u00e1<\/strong>. En ella, se abord\u00f3 la implicaci\u00f3n clave por parte de la Asociaci\u00f3n en BIPAR, se pudo analizar la actual situaci\u00f3n de la normativa europea para el sector a trav\u00e9s de la perspectiva internacional del director de BIPAR.<\/p>\n<p>En el segundo bloque del foro titulado <strong>\u201cSiniestros catastr\u00f3ficos: la incidencia del cambio clim\u00e1tico\u201d<\/strong>, <strong>Francisco Espejo<\/strong>, subdirector de Estudios y Relaciones Internacionales del Consorcio de Compensaci\u00f3n de Seguros, expuso como las recientes catastrofes vividas a lo largo de todo el mundo derivadas del cambio clim\u00e1tico afectan al sector y cu\u00e1les ser\u00e1n las tendencias a medio corto plazo. La ponencia fue moderada por <strong>Carmina Homs<\/strong>, vicepresidenta de ADECOSE.<\/p>\n<p>Una vez finalizado el descanso, los estudiantes de la <strong>VI promoci\u00f3n del<\/strong> <strong>Programa de Desarrollo Directivo (PDD)<\/strong> de la <strong>Fundaci\u00f3n ADECOSE<\/strong> en colaboraci\u00f3n con la <strong>Universidad Europea de Madrid<\/strong> y <strong>ARAG<\/strong>, tuvieron su momento de protagonismo en la recogida de diplomas, entregados por <strong>Mart\u00edn Navaz<\/strong>, presidente de ADECOSE y <strong>Nuria Beltr\u00e1n<\/strong>, responsable de Formaci\u00f3n Colectivos Profesionales de la Universidad Europea. Tambi\u00e9n, uno de los grupos de estudiantes tuvo la ocasi\u00f3n de presentar el proyecto ganador del programa formativo, IGT(Insurance Goat Talent) despertando el inter\u00e9s del p\u00fablico a trav\u00e9s de su plataforma de captaci\u00f3n de talento para el sector asegurador.<\/p>\n<p>Posteriormente, ha tenido lugar la tradicional Mesa de Renovaciones, que ha contado en esta ocasi\u00f3n con <strong>Mar\u00eda Mart\u00ednez<\/strong>, directora general de ERGO Seguros de Viaje, <strong>Dominique Uzel<\/strong>, director general de negocio de Santaluc\u00eda Seguros, <strong>Carlos Hern\u00e1ndez<\/strong>, director general adjunto de negocio de Segurcaixa Adeslas y <strong>Marga Gabarr\u00f3<\/strong>, directora de finanzas, operaciones y IT de Zurich, quienes han dado la visi\u00f3n de las renovaciones tanto para el seguro como para el reaseguro. Ha moderado el debate <strong>Mart\u00edn Navaz<\/strong>, presidente de ADECOSE.<\/p>\n<p>Por \u00faltimo, tuvo lugar la intervenci\u00f3n de la presidenta de <strong>COPAPROSE<\/strong> (Confederaci\u00f3n Panamericana de Productores de Seguros), <strong>Elisabeth Vogt<\/strong> junto con <strong>Mart\u00edn Navaz<\/strong>, presidente de ADECOSE que tambi\u00e9n ostenta el cargo de consejero titular del Consejo Directivo de <strong>COPAPROSE.<\/strong> La presidenta, participando de manera remota en el Foro, ha traslado a los asistentes la importancia de la relaci\u00f3n internacional entre organizaciones hom\u00f3logas, el intercambio de conocimientos y estrategias vital para un desarrollo sostenible del sector asegurador.<\/p>\n<p>El evento ha sido clausurado con la intervenci\u00f3n de <strong>Eva M\u00aa Lid\u00f3n<\/strong>, subdirectora general de Autorizaciones, Conductas de Mercado y Distribuci\u00f3n en Direcci\u00f3n General de Seguros y Fondos de Pensiones.<\/p>\n<p>Tras la celebraci\u00f3n del foro, se ha dado paso a un almuerzo que ha contado con m\u00e1s de 250 asistentes, tanto socios de <strong>ADECOSE<\/strong> como representantes de las compa\u00f1\u00edas aseguradoras e instituciones del sector.[\/vc_column_text][\/vc_column][\/vc_row]\n","protected":false},"excerpt":{"rendered":"<p>[vc_row type=&#8221;in_container&#8221; full_screen_row_position=&#8221;middle&#8221; column_margin=&#8221;default&#8221; column_direction=&#8221;default&#8221; column_direction_tablet=&#8221;default&#8221; column_direction_phone=&#8221;default&#8221; scene_position=&#8221;center&#8221; text_color=&#8221;dark&#8221; text_align=&#8221;left&#8221; row_border_radius=&#8221;none&#8221; row_border_radius_applies=&#8221;bg&#8221; overflow=&#8221;visible&#8221; overlay_strength=&#8221;0.3&#8243; gradient_direction=&#8221;left_to_right&#8221; shape_divider_position=&#8221;bottom&#8221; bg_image_animation=&#8221;none&#8221;][vc_column column_padding=&#8221;no-extra-padding&#8221; column_padding_tablet=&#8221;inherit&#8221; column_padding_phone=&#8221;inherit&#8221; column_padding_position=&#8221;all&#8221; column_element_direction_desktop=&#8221;default&#8221; column_element_spacing=&#8221;default&#8221; desktop_text_alignment=&#8221;default&#8221; tablet_text_alignment=&#8221;default&#8221;&#8230;<\/p>\n","protected":false},"author":197,"featured_media":15511,"comment_status":"closed","ping_status":"closed","sticky":false,"template":"","format":"standard","meta":{"_acf_changed":false,"_price":"","_stock":"","_tribe_ticket_header":"","_tribe_default_ticket_provider":"","_tribe_ticket_capacity":"0","_ticket_start_date":"","_ticket_end_date":"","_tribe_ticket_show_description":"","_tribe_ticket_show_not_going":false,"_tribe_ticket_use_global_stock":"","_tribe_ticket_global_stock_level":"","_global_stock_mode":"","_global_stock_cap":"","_tribe_rsvp_for_event":"","_tribe_ticket_going_count":"","_tribe_ticket_not_going_count":"","_tribe_tickets_list":"[]","_tribe_ticket_has_attendee_info_fields":false,"footnotes":""},"categories":[2],"tags":[409],"class_list":["post-15510","post","type-post","status-publish","format-standard","has-post-thumbnail","category-noticias","tag-xxvii-foro-de-otono-adecose"],"acf":[],"yoast_head":"<!-- This site is optimized with the Yoast SEO plugin v27.2 - https:\/\/yoast.com\/product\/yoast-seo-wordpress\/ -->\n<title>ADECOSE celebra la XXVII Edici\u00f3n de su tradicional Foro de Gesti\u00f3n de Corredur\u00edas - ADECOSE<\/title>\n<meta name=\"robots\" content=\"index, follow, max-snippet:-1, max-image-preview:large, max-video-preview:-1\" \/>\n<link rel=\"canonical\" href=\"https:\/\/www.adecose.com\/adecose-celebra-la-xxvii-edicion-de-su-tradicional-foro-de-gestion-de-corredurias\/\" \/>\n<meta property=\"og:locale\" content=\"eu_ES\" \/>\n<meta property=\"og:type\" content=\"article\" \/>\n<meta property=\"og:title\" content=\"ADECOSE celebra la XXVII Edici\u00f3n de su tradicional Foro de Gesti\u00f3n de Corredur\u00edas - ADECOSE\" \/>\n<meta property=\"og:description\" content=\"[vc_row type=&#8221;in_container&#8221; full_screen_row_position=&#8221;middle&#8221; column_margin=&#8221;default&#8221; column_direction=&#8221;default&#8221; column_direction_tablet=&#8221;default&#8221; column_direction_phone=&#8221;default&#8221; scene_position=&#8221;center&#8221; text_color=&#8221;dark&#8221; text_align=&#8221;left&#8221; row_border_radius=&#8221;none&#8221; row_border_radius_applies=&#8221;bg&#8221; overflow=&#8221;visible&#8221; overlay_strength=&#8221;0.3&#8243; gradient_direction=&#8221;left_to_right&#8221; shape_divider_position=&#8221;bottom&#8221; bg_image_animation=&#8221;none&#8221;][vc_column column_padding=&#8221;no-extra-padding&#8221; column_padding_tablet=&#8221;inherit&#8221; column_padding_phone=&#8221;inherit&#8221; column_padding_position=&#8221;all&#8221; column_element_direction_desktop=&#8221;default&#8221; column_element_spacing=&#8221;default&#8221; desktop_text_alignment=&#8221;default&#8221; tablet_text_alignment=&#8221;default&#8221;...\" \/>\n<meta property=\"og:url\" content=\"https:\/\/www.adecose.com\/adecose-celebra-la-xxvii-edicion-de-su-tradicional-foro-de-gestion-de-corredurias\/\" \/>\n<meta property=\"og:site_name\" content=\"ADECOSE\" \/>\n<meta property=\"article:published_time\" content=\"2023-10-24T11:35:41+00:00\" \/>\n<meta property=\"og:image\" content=\"https:\/\/www.adecose.com\/wp-content\/uploads\/2023\/10\/GB231023_1072-scaled.jpg\" \/>\n\t<meta property=\"og:image:width\" content=\"2560\" \/>\n\t<meta property=\"og:image:height\" content=\"1707\" \/>\n\t<meta property=\"og:image:type\" content=\"image\/jpeg\" \/>\n<meta name=\"author\" content=\"Comunicaci\u00f3n ADECOSE\" \/>\n<meta name=\"twitter:card\" content=\"summary_large_image\" \/>\n<meta name=\"twitter:label1\" content=\"Written by\" \/>\n\t<meta name=\"twitter:data1\" content=\"Comunicaci\u00f3n ADECOSE\" \/>\n\t<meta name=\"twitter:label2\" content=\"Est. reading time\" \/>\n\t<meta name=\"twitter:data2\" content=\"4 minutes\" \/>\n<script type=\"application\/ld+json\" class=\"yoast-schema-graph\">{\"@context\":\"https:\/\/schema.org\",\"@graph\":[{\"@type\":\"Article\",\"@id\":\"https:\/\/www.adecose.com\/adecose-celebra-la-xxvii-edicion-de-su-tradicional-foro-de-gestion-de-corredurias\/#article\",\"isPartOf\":{\"@id\":\"https:\/\/www.adecose.com\/adecose-celebra-la-xxvii-edicion-de-su-tradicional-foro-de-gestion-de-corredurias\/\"},\"author\":{\"name\":\"Comunicaci\u00f3n ADECOSE\",\"@id\":\"https:\/\/www.adecose.com\/gl\/#\/schema\/person\/ff086ce55f6379e1d225a2c0dca5eeb6\"},\"headline\":\"ADECOSE celebra la XXVII Edici\u00f3n de su tradicional Foro de Gesti\u00f3n de Corredur\u00edas\",\"datePublished\":\"2023-10-24T11:35:41+00:00\",\"mainEntityOfPage\":{\"@id\":\"https:\/\/www.adecose.com\/adecose-celebra-la-xxvii-edicion-de-su-tradicional-foro-de-gestion-de-corredurias\/\"},\"wordCount\":941,\"publisher\":{\"@id\":\"https:\/\/www.adecose.com\/gl\/#organization\"},\"image\":{\"@id\":\"https:\/\/www.adecose.com\/adecose-celebra-la-xxvii-edicion-de-su-tradicional-foro-de-gestion-de-corredurias\/#primaryimage\"},\"thumbnailUrl\":\"https:\/\/www.adecose.com\/wp-content\/uploads\/2023\/10\/GB231023_1072-scaled.jpg\",\"keywords\":[\"XXVII Foro de Oto\u00f1o ADECOSE\"],\"articleSection\":[\"Noticias\"],\"inLanguage\":\"eu-ES\"},{\"@type\":\"WebPage\",\"@id\":\"https:\/\/www.adecose.com\/adecose-celebra-la-xxvii-edicion-de-su-tradicional-foro-de-gestion-de-corredurias\/\",\"url\":\"https:\/\/www.adecose.com\/adecose-celebra-la-xxvii-edicion-de-su-tradicional-foro-de-gestion-de-corredurias\/\",\"name\":\"ADECOSE celebra la XXVII Edici\u00f3n de su tradicional Foro de Gesti\u00f3n de Corredur\u00edas - ADECOSE\",\"isPartOf\":{\"@id\":\"https:\/\/www.adecose.com\/gl\/#website\"},\"primaryImageOfPage\":{\"@id\":\"https:\/\/www.adecose.com\/adecose-celebra-la-xxvii-edicion-de-su-tradicional-foro-de-gestion-de-corredurias\/#primaryimage\"},\"image\":{\"@id\":\"https:\/\/www.adecose.com\/adecose-celebra-la-xxvii-edicion-de-su-tradicional-foro-de-gestion-de-corredurias\/#primaryimage\"},\"thumbnailUrl\":\"https:\/\/www.adecose.com\/wp-content\/uploads\/2023\/10\/GB231023_1072-scaled.jpg\",\"datePublished\":\"2023-10-24T11:35:41+00:00\",\"breadcrumb\":{\"@id\":\"https:\/\/www.adecose.com\/adecose-celebra-la-xxvii-edicion-de-su-tradicional-foro-de-gestion-de-corredurias\/#breadcrumb\"},\"inLanguage\":\"eu-ES\",\"potentialAction\":[{\"@type\":\"ReadAction\",\"target\":[\"https:\/\/www.adecose.com\/adecose-celebra-la-xxvii-edicion-de-su-tradicional-foro-de-gestion-de-corredurias\/\"]}]},{\"@type\":\"ImageObject\",\"inLanguage\":\"eu-ES\",\"@id\":\"https:\/\/www.adecose.com\/adecose-celebra-la-xxvii-edicion-de-su-tradicional-foro-de-gestion-de-corredurias\/#primaryimage\",\"url\":\"https:\/\/www.adecose.com\/wp-content\/uploads\/2023\/10\/GB231023_1072-scaled.jpg\",\"contentUrl\":\"https:\/\/www.adecose.com\/wp-content\/uploads\/2023\/10\/GB231023_1072-scaled.jpg\",\"width\":2560,\"height\":1707},{\"@type\":\"BreadcrumbList\",\"@id\":\"https:\/\/www.adecose.com\/adecose-celebra-la-xxvii-edicion-de-su-tradicional-foro-de-gestion-de-corredurias\/#breadcrumb\",\"itemListElement\":[{\"@type\":\"ListItem\",\"position\":1,\"name\":\"Portada\",\"item\":\"https:\/\/www.adecose.com\/eu\/aseguru-eta-berraseguru-artekaritzen-espainiako-elkartea\/\"},{\"@type\":\"ListItem\",\"position\":2,\"name\":\"ADECOSE celebra la XXVII Edici\u00f3n de su tradicional Foro de Gesti\u00f3n de Corredur\u00edas\"}]},{\"@type\":\"WebSite\",\"@id\":\"https:\/\/www.adecose.com\/gl\/#website\",\"url\":\"https:\/\/www.adecose.com\/gl\/\",\"name\":\"ADECOSE\",\"description\":\"Aseguru eta Berraseguru Artekaritzen Espainiako Elkartea\",\"publisher\":{\"@id\":\"https:\/\/www.adecose.com\/gl\/#organization\"},\"potentialAction\":[{\"@type\":\"SearchAction\",\"target\":{\"@type\":\"EntryPoint\",\"urlTemplate\":\"https:\/\/www.adecose.com\/gl\/?s={search_term_string}\"},\"query-input\":{\"@type\":\"PropertyValueSpecification\",\"valueRequired\":true,\"valueName\":\"search_term_string\"}}],\"inLanguage\":\"eu-ES\"},{\"@type\":\"Organization\",\"@id\":\"https:\/\/www.adecose.com\/gl\/#organization\",\"name\":\"ADECOSE\",\"url\":\"https:\/\/www.adecose.com\/gl\/\",\"logo\":{\"@type\":\"ImageObject\",\"inLanguage\":\"eu-ES\",\"@id\":\"https:\/\/www.adecose.com\/gl\/#\/schema\/logo\/image\/\",\"url\":\"https:\/\/www.adecose.com\/wp-content\/uploads\/2020\/07\/favicon.png\",\"contentUrl\":\"https:\/\/www.adecose.com\/wp-content\/uploads\/2020\/07\/favicon.png\",\"width\":512,\"height\":512,\"caption\":\"ADECOSE\"},\"image\":{\"@id\":\"https:\/\/www.adecose.com\/gl\/#\/schema\/logo\/image\/\"}},{\"@type\":\"Person\",\"@id\":\"https:\/\/www.adecose.com\/gl\/#\/schema\/person\/ff086ce55f6379e1d225a2c0dca5eeb6\",\"name\":\"Comunicaci\u00f3n ADECOSE\",\"image\":{\"@type\":\"ImageObject\",\"inLanguage\":\"eu-ES\",\"@id\":\"https:\/\/secure.gravatar.com\/avatar\/01cd1f9571997441bf1da6d1cc147351305f03fe8f2acf1ebbec60ebb26924ce?s=96&d=mm&r=g\",\"url\":\"https:\/\/secure.gravatar.com\/avatar\/01cd1f9571997441bf1da6d1cc147351305f03fe8f2acf1ebbec60ebb26924ce?s=96&d=mm&r=g\",\"contentUrl\":\"https:\/\/secure.gravatar.com\/avatar\/01cd1f9571997441bf1da6d1cc147351305f03fe8f2acf1ebbec60ebb26924ce?s=96&d=mm&r=g\",\"caption\":\"Comunicaci\u00f3n ADECOSE\"}}]}<\/script>\n<!-- \/ Yoast SEO plugin. -->","yoast_head_json":{"title":"ADECOSE celebra la XXVII Edici\u00f3n de su tradicional Foro de Gesti\u00f3n de Corredur\u00edas - ADECOSE","robots":{"index":"index","follow":"follow","max-snippet":"max-snippet:-1","max-image-preview":"max-image-preview:large","max-video-preview":"max-video-preview:-1"},"canonical":"https:\/\/www.adecose.com\/adecose-celebra-la-xxvii-edicion-de-su-tradicional-foro-de-gestion-de-corredurias\/","og_locale":"eu_ES","og_type":"article","og_title":"ADECOSE celebra la XXVII Edici\u00f3n de su tradicional Foro de Gesti\u00f3n de Corredur\u00edas - ADECOSE","og_description":"[vc_row type=&#8221;in_container&#8221; full_screen_row_position=&#8221;middle&#8221; column_margin=&#8221;default&#8221; column_direction=&#8221;default&#8221; column_direction_tablet=&#8221;default&#8221; column_direction_phone=&#8221;default&#8221; scene_position=&#8221;center&#8221; text_color=&#8221;dark&#8221; text_align=&#8221;left&#8221; row_border_radius=&#8221;none&#8221; row_border_radius_applies=&#8221;bg&#8221; overflow=&#8221;visible&#8221; overlay_strength=&#8221;0.3&#8243; gradient_direction=&#8221;left_to_right&#8221; shape_divider_position=&#8221;bottom&#8221; bg_image_animation=&#8221;none&#8221;][vc_column column_padding=&#8221;no-extra-padding&#8221; column_padding_tablet=&#8221;inherit&#8221; column_padding_phone=&#8221;inherit&#8221; column_padding_position=&#8221;all&#8221; column_element_direction_desktop=&#8221;default&#8221; column_element_spacing=&#8221;default&#8221; desktop_text_alignment=&#8221;default&#8221; tablet_text_alignment=&#8221;default&#8221;...","og_url":"https:\/\/www.adecose.com\/adecose-celebra-la-xxvii-edicion-de-su-tradicional-foro-de-gestion-de-corredurias\/","og_site_name":"ADECOSE","article_published_time":"2023-10-24T11:35:41+00:00","og_image":[{"width":2560,"height":1707,"url":"https:\/\/www.adecose.com\/wp-content\/uploads\/2023\/10\/GB231023_1072-scaled.jpg","type":"image\/jpeg"}],"author":"Comunicaci\u00f3n ADECOSE","twitter_card":"summary_large_image","twitter_misc":{"Written by":"Comunicaci\u00f3n ADECOSE","Est. reading time":"4 minutes"},"schema":{"@context":"https:\/\/schema.org","@graph":[{"@type":"Article","@id":"https:\/\/www.adecose.com\/adecose-celebra-la-xxvii-edicion-de-su-tradicional-foro-de-gestion-de-corredurias\/#article","isPartOf":{"@id":"https:\/\/www.adecose.com\/adecose-celebra-la-xxvii-edicion-de-su-tradicional-foro-de-gestion-de-corredurias\/"},"author":{"name":"Comunicaci\u00f3n ADECOSE","@id":"https:\/\/www.adecose.com\/gl\/#\/schema\/person\/ff086ce55f6379e1d225a2c0dca5eeb6"},"headline":"ADECOSE celebra la XXVII Edici\u00f3n de su tradicional Foro de Gesti\u00f3n de Corredur\u00edas","datePublished":"2023-10-24T11:35:41+00:00","mainEntityOfPage":{"@id":"https:\/\/www.adecose.com\/adecose-celebra-la-xxvii-edicion-de-su-tradicional-foro-de-gestion-de-corredurias\/"},"wordCount":941,"publisher":{"@id":"https:\/\/www.adecose.com\/gl\/#organization"},"image":{"@id":"https:\/\/www.adecose.com\/adecose-celebra-la-xxvii-edicion-de-su-tradicional-foro-de-gestion-de-corredurias\/#primaryimage"},"thumbnailUrl":"https:\/\/www.adecose.com\/wp-content\/uploads\/2023\/10\/GB231023_1072-scaled.jpg","keywords":["XXVII Foro de Oto\u00f1o ADECOSE"],"articleSection":["Noticias"],"inLanguage":"eu-ES"},{"@type":"WebPage","@id":"https:\/\/www.adecose.com\/adecose-celebra-la-xxvii-edicion-de-su-tradicional-foro-de-gestion-de-corredurias\/","url":"https:\/\/www.adecose.com\/adecose-celebra-la-xxvii-edicion-de-su-tradicional-foro-de-gestion-de-corredurias\/","name":"ADECOSE celebra la XXVII Edici\u00f3n de su tradicional Foro de Gesti\u00f3n de Corredur\u00edas - ADECOSE","isPartOf":{"@id":"https:\/\/www.adecose.com\/gl\/#website"},"primaryImageOfPage":{"@id":"https:\/\/www.adecose.com\/adecose-celebra-la-xxvii-edicion-de-su-tradicional-foro-de-gestion-de-corredurias\/#primaryimage"},"image":{"@id":"https:\/\/www.adecose.com\/adecose-celebra-la-xxvii-edicion-de-su-tradicional-foro-de-gestion-de-corredurias\/#primaryimage"},"thumbnailUrl":"https:\/\/www.adecose.com\/wp-content\/uploads\/2023\/10\/GB231023_1072-scaled.jpg","datePublished":"2023-10-24T11:35:41+00:00","breadcrumb":{"@id":"https:\/\/www.adecose.com\/adecose-celebra-la-xxvii-edicion-de-su-tradicional-foro-de-gestion-de-corredurias\/#breadcrumb"},"inLanguage":"eu-ES","potentialAction":[{"@type":"ReadAction","target":["https:\/\/www.adecose.com\/adecose-celebra-la-xxvii-edicion-de-su-tradicional-foro-de-gestion-de-corredurias\/"]}]},{"@type":"ImageObject","inLanguage":"eu-ES","@id":"https:\/\/www.adecose.com\/adecose-celebra-la-xxvii-edicion-de-su-tradicional-foro-de-gestion-de-corredurias\/#primaryimage","url":"https:\/\/www.adecose.com\/wp-content\/uploads\/2023\/10\/GB231023_1072-scaled.jpg","contentUrl":"https:\/\/www.adecose.com\/wp-content\/uploads\/2023\/10\/GB231023_1072-scaled.jpg","width":2560,"height":1707},{"@type":"BreadcrumbList","@id":"https:\/\/www.adecose.com\/adecose-celebra-la-xxvii-edicion-de-su-tradicional-foro-de-gestion-de-corredurias\/#breadcrumb","itemListElement":[{"@type":"ListItem","position":1,"name":"Portada","item":"https:\/\/www.adecose.com\/eu\/aseguru-eta-berraseguru-artekaritzen-espainiako-elkartea\/"},{"@type":"ListItem","position":2,"name":"ADECOSE celebra la XXVII Edici\u00f3n de su tradicional Foro de Gesti\u00f3n de Corredur\u00edas"}]},{"@type":"WebSite","@id":"https:\/\/www.adecose.com\/gl\/#website","url":"https:\/\/www.adecose.com\/gl\/","name":"ADECOSE","description":"Aseguru eta Berraseguru Artekaritzen Espainiako Elkartea","publisher":{"@id":"https:\/\/www.adecose.com\/gl\/#organization"},"potentialAction":[{"@type":"SearchAction","target":{"@type":"EntryPoint","urlTemplate":"https:\/\/www.adecose.com\/gl\/?s={search_term_string}"},"query-input":{"@type":"PropertyValueSpecification","valueRequired":true,"valueName":"search_term_string"}}],"inLanguage":"eu-ES"},{"@type":"Organization","@id":"https:\/\/www.adecose.com\/gl\/#organization","name":"ADECOSE","url":"https:\/\/www.adecose.com\/gl\/","logo":{"@type":"ImageObject","inLanguage":"eu-ES","@id":"https:\/\/www.adecose.com\/gl\/#\/schema\/logo\/image\/","url":"https:\/\/www.adecose.com\/wp-content\/uploads\/2020\/07\/favicon.png","contentUrl":"https:\/\/www.adecose.com\/wp-content\/uploads\/2020\/07\/favicon.png","width":512,"height":512,"caption":"ADECOSE"},"image":{"@id":"https:\/\/www.adecose.com\/gl\/#\/schema\/logo\/image\/"}},{"@type":"Person","@id":"https:\/\/www.adecose.com\/gl\/#\/schema\/person\/ff086ce55f6379e1d225a2c0dca5eeb6","name":"Comunicaci\u00f3n ADECOSE","image":{"@type":"ImageObject","inLanguage":"eu-ES","@id":"https:\/\/secure.gravatar.com\/avatar\/01cd1f9571997441bf1da6d1cc147351305f03fe8f2acf1ebbec60ebb26924ce?s=96&d=mm&r=g","url":"https:\/\/secure.gravatar.com\/avatar\/01cd1f9571997441bf1da6d1cc147351305f03fe8f2acf1ebbec60ebb26924ce?s=96&d=mm&r=g","contentUrl":"https:\/\/secure.gravatar.com\/avatar\/01cd1f9571997441bf1da6d1cc147351305f03fe8f2acf1ebbec60ebb26924ce?s=96&d=mm&r=g","caption":"Comunicaci\u00f3n ADECOSE"}}]}},"_links":{"self":[{"href":"https:\/\/www.adecose.com\/eu\/wp-json\/wp\/v2\/posts\/15510","targetHints":{"allow":["GET"]}}],"collection":[{"href":"https:\/\/www.adecose.com\/eu\/wp-json\/wp\/v2\/posts"}],"about":[{"href":"https:\/\/www.adecose.com\/eu\/wp-json\/wp\/v2\/types\/post"}],"author":[{"embeddable":true,"href":"https:\/\/www.adecose.com\/eu\/wp-json\/wp\/v2\/users\/197"}],"replies":[{"embeddable":true,"href":"https:\/\/www.adecose.com\/eu\/wp-json\/wp\/v2\/comments?post=15510"}],"version-history":[{"count":0,"href":"https:\/\/www.adecose.com\/eu\/wp-json\/wp\/v2\/posts\/15510\/revisions"}],"wp:featuredmedia":[{"embeddable":true,"href":"https:\/\/www.adecose.com\/eu\/wp-json\/wp\/v2\/media\/15511"}],"wp:attachment":[{"href":"https:\/\/www.adecose.com\/eu\/wp-json\/wp\/v2\/media?parent=15510"}],"wp:term":[{"taxonomy":"category","embeddable":true,"href":"https:\/\/www.adecose.com\/eu\/wp-json\/wp\/v2\/categories?post=15510"},{"taxonomy":"post_tag","embeddable":true,"href":"https:\/\/www.adecose.com\/eu\/wp-json\/wp\/v2\/tags?post=15510"}],"curies":[{"name":"wp","href":"https:\/\/api.w.org\/{rel}","templated":true}]}}