{"id":15406,"date":"2023-10-03T12:01:32","date_gmt":"2023-10-03T10:01:32","guid":{"rendered":"https:\/\/www.adecose.com\/?p=15406"},"modified":"2023-10-06T12:17:49","modified_gmt":"2023-10-06T10:17:49","slug":"s4-disena-su-estrategia-de-final-de-ano-en-una-reunion-incomparable","status":"publish","type":"post","link":"https:\/\/www.adecose.com\/eu\/s4-disena-su-estrategia-de-final-de-ano-en-una-reunion-incomparable\/","title":{"rendered":"S4 dise\u00f1a su estrategia de final de a\u00f1o en una reuni\u00f3n \u201cincomparable\u201d"},"content":{"rendered":"[vc_row type=&#8221;in_container&#8221; full_screen_row_position=&#8221;middle&#8221; column_margin=&#8221;default&#8221; column_direction=&#8221;default&#8221; column_direction_tablet=&#8221;default&#8221; column_direction_phone=&#8221;default&#8221; scene_position=&#8221;center&#8221; text_color=&#8221;dark&#8221; text_align=&#8221;left&#8221; row_border_radius=&#8221;none&#8221; row_border_radius_applies=&#8221;bg&#8221; overflow=&#8221;visible&#8221; overlay_strength=&#8221;0.3&#8243; gradient_direction=&#8221;left_to_right&#8221; shape_divider_position=&#8221;bottom&#8221; bg_image_animation=&#8221;none&#8221;][vc_column column_padding=&#8221;no-extra-padding&#8221; column_padding_tablet=&#8221;inherit&#8221; column_padding_phone=&#8221;inherit&#8221; column_padding_position=&#8221;all&#8221; column_element_direction_desktop=&#8221;default&#8221; column_element_spacing=&#8221;default&#8221; desktop_text_alignment=&#8221;default&#8221; tablet_text_alignment=&#8221;default&#8221; phone_text_alignment=&#8221;default&#8221; background_color_opacity=&#8221;1&#8243; background_hover_color_opacity=&#8221;1&#8243; column_backdrop_filter=&#8221;none&#8221; column_shadow=&#8221;none&#8221; column_border_radius=&#8221;none&#8221; column_link_target=&#8221;_self&#8221; column_position=&#8221;default&#8221; gradient_direction=&#8221;left_to_right&#8221; overlay_strength=&#8221;0.3&#8243; width=&#8221;1\/1&#8243; tablet_width_inherit=&#8221;default&#8221; animation_type=&#8221;default&#8221; bg_image_animation=&#8221;none&#8221; border_type=&#8221;simple&#8221; column_border_width=&#8221;none&#8221; column_border_style=&#8221;solid&#8221;][vc_column_text]\n<ul>\n<li><em><strong>Alfredo Blanco, CEO de S4, ha recordado que el cliente siempre debe ser el foco<\/strong><\/em><\/li>\n<\/ul>\n[\/vc_column_text][vc_column_text]\n<ul>\n<li><em><strong>El evento ha contado con dos ponentes de excepci\u00f3n: Juan D\u00edaz Arnau, consultor en estrategia de negocio, y Joaqu\u00edn Dosil, coach y asesor psicol\u00f3gico <\/strong><\/em><\/li>\n<\/ul>\n[\/vc_column_text][vc_column_text]\n<ul>\n<li><em><strong>Eduardo Pena, CEO de Swipet, ha expuesto el proyecto desarrollado para la contrataci\u00f3n de seguros de mascotas online<\/strong><\/em><\/li>\n<\/ul>\n[\/vc_column_text][vc_column_text]\n<ul>\n<li><em><strong>La reuni\u00f3n se ha completado con actividades l\u00fadicas para todo el equipo<\/strong><\/em><\/li>\n<\/ul>\n[\/vc_column_text][vc_column_text]S4 Corredur\u00eda de Seguros ha celebrado la Reuni\u00f3n de Directores correspondiente al segundo semestre del a\u00f1o. El evento ha tenido lugar en la localidad portuguesa de Vilanova de Cerveira los pasados d\u00edas 28 y 29 de septiembre. Bajo el lema \u201cIncomparables\u201d, el grupo de directivos ha dise\u00f1ado la estrategia para los \u00faltimos meses del a\u00f1o, poniendo especial \u00e9nfasis en la parte comercial y de atenci\u00f3n al cliente. \u201cLo m\u00e1s importante para nosotros siempre deben ser los clientes. Sin ellos, no somos nada. Por eso, nunca debemos perder el foco\u201d, afirmaba Alfredo Blanco, CEO de S4 durante su intervenci\u00f3n.<\/p>\n<p>Por su parte, Goretti Fraga, Directora General T\u00e9cnica, ha insistido en que todos los departamentos deben asesorar e informar a los clientes de forma veraz, atendiendo y solucionando los problemas y reclamaciones con el m\u00e1ximo rigor posible.<\/p>\n<p>Sobre estas bases (la atenci\u00f3n al cliente y la informaci\u00f3n veraz) se asienta el plan de crecimiento de S4 Corredur\u00eda de Seguros. El objetivo sigue claro, ser la corredur\u00eda de referencia a nivel nacional. As\u00ed, en la reuni\u00f3n de directores de la semana pasada se han establecido los protocolos de actuaci\u00f3n y las l\u00edneas estrat\u00e9gicas para trabajar los pr\u00f3ximos meses.<\/p>\n<p>&nbsp;<\/p>\n<p><strong>Estrategia y Recursos Humanos: dos pilares para S4<\/strong><\/p>\n<p>En la reuni\u00f3n de Directores de S4 Corredur\u00eda de Seguros tambi\u00e9n han participado dos ponentes invitados: Juan D\u00edaz Arnau, consultor en estrategia de negocio, y Joaqu\u00edn Dosil, coach y asesor psicol\u00f3gico. Ambos expertos han ofrecido las claves sobre las que debe asentarse el crecimiento de S4, invitando a todos y todas las asistentes a participar activamente en el proyecto. As\u00ed, en ambas charlas, salieron a relucir una serie de conceptos que pertenecen al ADN de S4, tales como personas, compromiso, confianza y competitividad.<\/p>\n<p>&nbsp;<\/p>\n<p><strong>Swipet, la nueva apuesta para seguros de mascotas<\/strong><\/p>\n<p>La sesi\u00f3n del d\u00eda 29 ha comenzado con la intervenci\u00f3n de Eduardo Pena, CEO de la plataforma para seguros de mascotas Swipet por la que ha apostado S4 Corredur\u00eda de Seguros. El pontevedr\u00e9s ha explicado a todo el equipo directivo el proyecto, mostrando los datos actuales del mercado y las estimaciones de crecimiento. En este sentido y seg\u00fan cifras oficiales, s\u00f3lo el 2% de las mascotas censadas en Espa\u00f1a est\u00e1n aseguradas, lo que nos coloca a la cola de Europa en seguros veterinarios. Este dato contrasta con el aumento en las b\u00fasquedas en internet y el inter\u00e9s mostrado por los seguros para perros en los \u00faltimos meses, gracias en gran medida a la aprobaci\u00f3n el pasado mes de marzo de la Ley de Bienestar Animal.<\/p>\n<p>De esta forma, el objetivo de Swipet es \u201cconvertirnos en la mayor \u00abInsurpet\u00bb del pa\u00eds. Creemos que la concienciaci\u00f3n social respecto a los animales ha avanzado mucho en los \u00faltimos a\u00f1os y queremos fomentarla a trav\u00e9s de los seguros y posicionarnos como un pa\u00eds referente en Europa en los cuidados para nuestras mascotas\u201d, ha destacado Eduardo Pena.<\/p>\n<p>&nbsp;<\/p>\n<p><strong>Actividades l\u00fadicas <\/strong><\/p>\n<p>Tras las reuniones de trabajo, todo el equipo de S4 Corredur\u00eda de Seguros ha participado en varias actividades l\u00fadicas destinadas a dar a conocer el patrimonio cultural y natural de Portugal, dado que S4 tambi\u00e9n cuenta con una oficina en Oporto.<\/p>\n<p>La primera actividad consisti\u00f3 en un paseo sobre las aguas del r\u00edo Mi\u00f1o en una barcaza vikinga hist\u00f3rica. El recorrido ha discurrido por la frontera natural entre Galicia y Portugal, mostrando desde un punto de vista \u201cincomparable\u201d las riberas de los municipios de Tui, Tomi\u00f1o, Salvaterra de Mi\u00f1o, Valen\u00e7a, Vila Nova de Cerveira y Mon\u00e7ao.<\/p>\n<p>Como actividad final, el grupo se ha desplazado a Viana do Castelo para visitar el nav\u00edo Gil Eannes, un barco hospital portugu\u00e9s construido en 1955. De esta forma, el departamento de seguros mar\u00edtimos S4 MAR tambi\u00e9n cobraba protagonismo en el evento.<\/p>\n<p>&nbsp;<\/p>\n<p><strong>Sobre Grupo S4<\/strong><\/p>\n<p>S4 es una firma espa\u00f1ola dedicada a la Corredur\u00eda de Seguros y Consultor\u00eda de Riesgos, especialista en el asesoramiento y gesti\u00f3n de riesgos empresariales y profesionales.<\/p>\n<p>Nuestra historia se inicia en 1999 como agencia de seguros, obteniendo en 2002 de la Direcci\u00f3n General de Seguros y Fondos de Pensiones la acreditaci\u00f3n administrativa para operar como corredur\u00eda de seguros (DGSFP J-2117). De capital privado independiente, sin vinculaciones accionariales o empresariales con bancos o compa\u00f1\u00edas aseguradoras, ni grupos industriales.<\/p>\n<p>Ser S4, es pasi\u00f3n por buscar la diferencia. Es asumir la responsabilidad de ayudar a las personas y organizaciones cuando m\u00e1s lo necesitan. Es coordinar experiencia, talento e innovaci\u00f3n.<\/p>\n<p>Somos conscientes de que el nuestro es un negocio de personas. Por eso, el potencial humano es nuestra mayor fortaleza. Poseemos una estructura t\u00e9cnica multidisciplinar, en permanente actualizaci\u00f3n de sus conocimientos y especializada en las diferentes \u00e1reas de negocio, capaz de analizar cada caso con rigor y proporcionar siempre el asesoramiento adecuado. Un grupo que no deja de crecer, formado por m\u00e1s de 50 profesionales y que basa su compromiso en la vocaci\u00f3n de servicio y la implicaci\u00f3n hacia el futuro.<\/p>\n<p>Ayudamos a nuestros clientes a crear soluciones en un entorno cada vez m\u00e1s cambiante y competitivo. Pensamos global y actuamos local.[\/vc_column_text][\/vc_column][\/vc_row]\n","protected":false},"excerpt":{"rendered":"<p>[vc_row type=&#8221;in_container&#8221; full_screen_row_position=&#8221;middle&#8221; column_margin=&#8221;default&#8221; column_direction=&#8221;default&#8221; column_direction_tablet=&#8221;default&#8221; column_direction_phone=&#8221;default&#8221; scene_position=&#8221;center&#8221; text_color=&#8221;dark&#8221; text_align=&#8221;left&#8221; row_border_radius=&#8221;none&#8221; row_border_radius_applies=&#8221;bg&#8221; overflow=&#8221;visible&#8221; overlay_strength=&#8221;0.3&#8243; gradient_direction=&#8221;left_to_right&#8221; shape_divider_position=&#8221;bottom&#8221; bg_image_animation=&#8221;none&#8221;][vc_column column_padding=&#8221;no-extra-padding&#8221; column_padding_tablet=&#8221;inherit&#8221; column_padding_phone=&#8221;inherit&#8221; column_padding_position=&#8221;all&#8221; column_element_direction_desktop=&#8221;default&#8221; column_element_spacing=&#8221;default&#8221; desktop_text_alignment=&#8221;default&#8221; tablet_text_alignment=&#8221;default&#8221;&#8230;<\/p>\n","protected":false},"author":197,"featured_media":15412,"comment_status":"closed","ping_status":"closed","sticky":false,"template":"","format":"standard","meta":{"_acf_changed":false,"_price":"","_stock":"","_tribe_ticket_header":"","_tribe_default_ticket_provider":"","_tribe_ticket_capacity":"0","_ticket_start_date":"","_ticket_end_date":"","_tribe_ticket_show_description":"","_tribe_ticket_show_not_going":false,"_tribe_ticket_use_global_stock":"","_tribe_ticket_global_stock_level":"","_global_stock_mode":"","_global_stock_cap":"","_tribe_rsvp_for_event":"","_tribe_ticket_going_count":"","_tribe_ticket_not_going_count":"","_tribe_tickets_list":"[]","_tribe_ticket_has_attendee_info_fields":false,"footnotes":""},"categories":[339],"tags":[],"class_list":["post-15406","post","type-post","status-publish","format-standard","has-post-thumbnail","category-espacio-correduriasadecose"],"acf":[],"yoast_head":"<!-- This site is optimized with the Yoast SEO plugin v27.2 - https:\/\/yoast.com\/product\/yoast-seo-wordpress\/ -->\n<title>S4 dise\u00f1a su estrategia de final de a\u00f1o en una reuni\u00f3n \u201cincomparable\u201d - ADECOSE<\/title>\n<meta name=\"robots\" content=\"index, follow, max-snippet:-1, max-image-preview:large, max-video-preview:-1\" \/>\n<link rel=\"canonical\" href=\"https:\/\/www.adecose.com\/s4-disena-su-estrategia-de-final-de-ano-en-una-reunion-incomparable\/\" \/>\n<meta property=\"og:locale\" content=\"eu_ES\" \/>\n<meta property=\"og:type\" content=\"article\" \/>\n<meta property=\"og:title\" content=\"S4 dise\u00f1a su estrategia de final de a\u00f1o en una reuni\u00f3n \u201cincomparable\u201d - ADECOSE\" \/>\n<meta property=\"og:description\" content=\"[vc_row type=&#8221;in_container&#8221; full_screen_row_position=&#8221;middle&#8221; column_margin=&#8221;default&#8221; column_direction=&#8221;default&#8221; column_direction_tablet=&#8221;default&#8221; column_direction_phone=&#8221;default&#8221; scene_position=&#8221;center&#8221; text_color=&#8221;dark&#8221; text_align=&#8221;left&#8221; row_border_radius=&#8221;none&#8221; row_border_radius_applies=&#8221;bg&#8221; overflow=&#8221;visible&#8221; overlay_strength=&#8221;0.3&#8243; gradient_direction=&#8221;left_to_right&#8221; shape_divider_position=&#8221;bottom&#8221; bg_image_animation=&#8221;none&#8221;][vc_column column_padding=&#8221;no-extra-padding&#8221; column_padding_tablet=&#8221;inherit&#8221; column_padding_phone=&#8221;inherit&#8221; column_padding_position=&#8221;all&#8221; column_element_direction_desktop=&#8221;default&#8221; column_element_spacing=&#8221;default&#8221; desktop_text_alignment=&#8221;default&#8221; tablet_text_alignment=&#8221;default&#8221;...\" \/>\n<meta property=\"og:url\" content=\"https:\/\/www.adecose.com\/s4-disena-su-estrategia-de-final-de-ano-en-una-reunion-incomparable\/\" \/>\n<meta property=\"og:site_name\" content=\"ADECOSE\" \/>\n<meta property=\"article:published_time\" content=\"2023-10-03T10:01:32+00:00\" \/>\n<meta property=\"article:modified_time\" content=\"2023-10-06T10:17:49+00:00\" \/>\n<meta property=\"og:image\" content=\"https:\/\/www.adecose.com\/wp-content\/uploads\/2023\/10\/NdP.-S4-disena-su-estrategia-de-final-de-ano-1-scaled.jpeg\" \/>\n\t<meta property=\"og:image:width\" content=\"2560\" \/>\n\t<meta property=\"og:image:height\" content=\"1478\" \/>\n\t<meta property=\"og:image:type\" content=\"image\/jpeg\" \/>\n<meta name=\"author\" content=\"Comunicaci\u00f3n ADECOSE\" \/>\n<meta name=\"twitter:card\" content=\"summary_large_image\" \/>\n<meta name=\"twitter:label1\" content=\"Written by\" \/>\n\t<meta name=\"twitter:data1\" content=\"Comunicaci\u00f3n ADECOSE\" \/>\n\t<meta name=\"twitter:label2\" content=\"Est. reading time\" \/>\n\t<meta name=\"twitter:data2\" content=\"5 minutes\" \/>\n<script type=\"application\/ld+json\" class=\"yoast-schema-graph\">{\"@context\":\"https:\/\/schema.org\",\"@graph\":[{\"@type\":\"Article\",\"@id\":\"https:\/\/www.adecose.com\/s4-disena-su-estrategia-de-final-de-ano-en-una-reunion-incomparable\/#article\",\"isPartOf\":{\"@id\":\"https:\/\/www.adecose.com\/s4-disena-su-estrategia-de-final-de-ano-en-una-reunion-incomparable\/\"},\"author\":{\"name\":\"Comunicaci\u00f3n ADECOSE\",\"@id\":\"https:\/\/www.adecose.com\/gl\/#\/schema\/person\/ff086ce55f6379e1d225a2c0dca5eeb6\"},\"headline\":\"S4 dise\u00f1a su estrategia de final de a\u00f1o en una reuni\u00f3n \u201cincomparable\u201d\",\"datePublished\":\"2023-10-03T10:01:32+00:00\",\"dateModified\":\"2023-10-06T10:17:49+00:00\",\"mainEntityOfPage\":{\"@id\":\"https:\/\/www.adecose.com\/s4-disena-su-estrategia-de-final-de-ano-en-una-reunion-incomparable\/\"},\"wordCount\":1174,\"publisher\":{\"@id\":\"https:\/\/www.adecose.com\/gl\/#organization\"},\"image\":{\"@id\":\"https:\/\/www.adecose.com\/s4-disena-su-estrategia-de-final-de-ano-en-una-reunion-incomparable\/#primaryimage\"},\"thumbnailUrl\":\"https:\/\/www.adecose.com\/wp-content\/uploads\/2023\/10\/NdP.-S4-disena-su-estrategia-de-final-de-ano-1-scaled.jpeg\",\"articleSection\":[\"Espacio #Corredur\u00edasADECOSE\"],\"inLanguage\":\"eu-ES\"},{\"@type\":\"WebPage\",\"@id\":\"https:\/\/www.adecose.com\/s4-disena-su-estrategia-de-final-de-ano-en-una-reunion-incomparable\/\",\"url\":\"https:\/\/www.adecose.com\/s4-disena-su-estrategia-de-final-de-ano-en-una-reunion-incomparable\/\",\"name\":\"S4 dise\u00f1a su estrategia de final de a\u00f1o en una reuni\u00f3n \u201cincomparable\u201d - ADECOSE\",\"isPartOf\":{\"@id\":\"https:\/\/www.adecose.com\/gl\/#website\"},\"primaryImageOfPage\":{\"@id\":\"https:\/\/www.adecose.com\/s4-disena-su-estrategia-de-final-de-ano-en-una-reunion-incomparable\/#primaryimage\"},\"image\":{\"@id\":\"https:\/\/www.adecose.com\/s4-disena-su-estrategia-de-final-de-ano-en-una-reunion-incomparable\/#primaryimage\"},\"thumbnailUrl\":\"https:\/\/www.adecose.com\/wp-content\/uploads\/2023\/10\/NdP.-S4-disena-su-estrategia-de-final-de-ano-1-scaled.jpeg\",\"datePublished\":\"2023-10-03T10:01:32+00:00\",\"dateModified\":\"2023-10-06T10:17:49+00:00\",\"breadcrumb\":{\"@id\":\"https:\/\/www.adecose.com\/s4-disena-su-estrategia-de-final-de-ano-en-una-reunion-incomparable\/#breadcrumb\"},\"inLanguage\":\"eu-ES\",\"potentialAction\":[{\"@type\":\"ReadAction\",\"target\":[\"https:\/\/www.adecose.com\/s4-disena-su-estrategia-de-final-de-ano-en-una-reunion-incomparable\/\"]}]},{\"@type\":\"ImageObject\",\"inLanguage\":\"eu-ES\",\"@id\":\"https:\/\/www.adecose.com\/s4-disena-su-estrategia-de-final-de-ano-en-una-reunion-incomparable\/#primaryimage\",\"url\":\"https:\/\/www.adecose.com\/wp-content\/uploads\/2023\/10\/NdP.-S4-disena-su-estrategia-de-final-de-ano-1-scaled.jpeg\",\"contentUrl\":\"https:\/\/www.adecose.com\/wp-content\/uploads\/2023\/10\/NdP.-S4-disena-su-estrategia-de-final-de-ano-1-scaled.jpeg\",\"width\":2560,\"height\":1478},{\"@type\":\"BreadcrumbList\",\"@id\":\"https:\/\/www.adecose.com\/s4-disena-su-estrategia-de-final-de-ano-en-una-reunion-incomparable\/#breadcrumb\",\"itemListElement\":[{\"@type\":\"ListItem\",\"position\":1,\"name\":\"Portada\",\"item\":\"https:\/\/www.adecose.com\/eu\/aseguru-eta-berraseguru-artekaritzen-espainiako-elkartea\/\"},{\"@type\":\"ListItem\",\"position\":2,\"name\":\"S4 dise\u00f1a su estrategia de final de a\u00f1o en una reuni\u00f3n \u201cincomparable\u201d\"}]},{\"@type\":\"WebSite\",\"@id\":\"https:\/\/www.adecose.com\/gl\/#website\",\"url\":\"https:\/\/www.adecose.com\/gl\/\",\"name\":\"ADECOSE\",\"description\":\"Aseguru eta Berraseguru Artekaritzen Espainiako Elkartea\",\"publisher\":{\"@id\":\"https:\/\/www.adecose.com\/gl\/#organization\"},\"potentialAction\":[{\"@type\":\"SearchAction\",\"target\":{\"@type\":\"EntryPoint\",\"urlTemplate\":\"https:\/\/www.adecose.com\/gl\/?s={search_term_string}\"},\"query-input\":{\"@type\":\"PropertyValueSpecification\",\"valueRequired\":true,\"valueName\":\"search_term_string\"}}],\"inLanguage\":\"eu-ES\"},{\"@type\":\"Organization\",\"@id\":\"https:\/\/www.adecose.com\/gl\/#organization\",\"name\":\"ADECOSE\",\"url\":\"https:\/\/www.adecose.com\/gl\/\",\"logo\":{\"@type\":\"ImageObject\",\"inLanguage\":\"eu-ES\",\"@id\":\"https:\/\/www.adecose.com\/gl\/#\/schema\/logo\/image\/\",\"url\":\"https:\/\/www.adecose.com\/wp-content\/uploads\/2020\/07\/favicon.png\",\"contentUrl\":\"https:\/\/www.adecose.com\/wp-content\/uploads\/2020\/07\/favicon.png\",\"width\":512,\"height\":512,\"caption\":\"ADECOSE\"},\"image\":{\"@id\":\"https:\/\/www.adecose.com\/gl\/#\/schema\/logo\/image\/\"}},{\"@type\":\"Person\",\"@id\":\"https:\/\/www.adecose.com\/gl\/#\/schema\/person\/ff086ce55f6379e1d225a2c0dca5eeb6\",\"name\":\"Comunicaci\u00f3n ADECOSE\",\"image\":{\"@type\":\"ImageObject\",\"inLanguage\":\"eu-ES\",\"@id\":\"https:\/\/secure.gravatar.com\/avatar\/01cd1f9571997441bf1da6d1cc147351305f03fe8f2acf1ebbec60ebb26924ce?s=96&d=mm&r=g\",\"url\":\"https:\/\/secure.gravatar.com\/avatar\/01cd1f9571997441bf1da6d1cc147351305f03fe8f2acf1ebbec60ebb26924ce?s=96&d=mm&r=g\",\"contentUrl\":\"https:\/\/secure.gravatar.com\/avatar\/01cd1f9571997441bf1da6d1cc147351305f03fe8f2acf1ebbec60ebb26924ce?s=96&d=mm&r=g\",\"caption\":\"Comunicaci\u00f3n ADECOSE\"}}]}<\/script>\n<!-- \/ Yoast SEO plugin. -->","yoast_head_json":{"title":"S4 dise\u00f1a su estrategia de final de a\u00f1o en una reuni\u00f3n \u201cincomparable\u201d - ADECOSE","robots":{"index":"index","follow":"follow","max-snippet":"max-snippet:-1","max-image-preview":"max-image-preview:large","max-video-preview":"max-video-preview:-1"},"canonical":"https:\/\/www.adecose.com\/s4-disena-su-estrategia-de-final-de-ano-en-una-reunion-incomparable\/","og_locale":"eu_ES","og_type":"article","og_title":"S4 dise\u00f1a su estrategia de final de a\u00f1o en una reuni\u00f3n \u201cincomparable\u201d - ADECOSE","og_description":"[vc_row type=&#8221;in_container&#8221; full_screen_row_position=&#8221;middle&#8221; column_margin=&#8221;default&#8221; column_direction=&#8221;default&#8221; column_direction_tablet=&#8221;default&#8221; column_direction_phone=&#8221;default&#8221; scene_position=&#8221;center&#8221; text_color=&#8221;dark&#8221; text_align=&#8221;left&#8221; row_border_radius=&#8221;none&#8221; row_border_radius_applies=&#8221;bg&#8221; overflow=&#8221;visible&#8221; overlay_strength=&#8221;0.3&#8243; gradient_direction=&#8221;left_to_right&#8221; shape_divider_position=&#8221;bottom&#8221; bg_image_animation=&#8221;none&#8221;][vc_column column_padding=&#8221;no-extra-padding&#8221; column_padding_tablet=&#8221;inherit&#8221; column_padding_phone=&#8221;inherit&#8221; column_padding_position=&#8221;all&#8221; column_element_direction_desktop=&#8221;default&#8221; column_element_spacing=&#8221;default&#8221; desktop_text_alignment=&#8221;default&#8221; tablet_text_alignment=&#8221;default&#8221;...","og_url":"https:\/\/www.adecose.com\/s4-disena-su-estrategia-de-final-de-ano-en-una-reunion-incomparable\/","og_site_name":"ADECOSE","article_published_time":"2023-10-03T10:01:32+00:00","article_modified_time":"2023-10-06T10:17:49+00:00","og_image":[{"width":2560,"height":1478,"url":"https:\/\/www.adecose.com\/wp-content\/uploads\/2023\/10\/NdP.-S4-disena-su-estrategia-de-final-de-ano-1-scaled.jpeg","type":"image\/jpeg"}],"author":"Comunicaci\u00f3n ADECOSE","twitter_card":"summary_large_image","twitter_misc":{"Written by":"Comunicaci\u00f3n ADECOSE","Est. reading time":"5 minutes"},"schema":{"@context":"https:\/\/schema.org","@graph":[{"@type":"Article","@id":"https:\/\/www.adecose.com\/s4-disena-su-estrategia-de-final-de-ano-en-una-reunion-incomparable\/#article","isPartOf":{"@id":"https:\/\/www.adecose.com\/s4-disena-su-estrategia-de-final-de-ano-en-una-reunion-incomparable\/"},"author":{"name":"Comunicaci\u00f3n ADECOSE","@id":"https:\/\/www.adecose.com\/gl\/#\/schema\/person\/ff086ce55f6379e1d225a2c0dca5eeb6"},"headline":"S4 dise\u00f1a su estrategia de final de a\u00f1o en una reuni\u00f3n \u201cincomparable\u201d","datePublished":"2023-10-03T10:01:32+00:00","dateModified":"2023-10-06T10:17:49+00:00","mainEntityOfPage":{"@id":"https:\/\/www.adecose.com\/s4-disena-su-estrategia-de-final-de-ano-en-una-reunion-incomparable\/"},"wordCount":1174,"publisher":{"@id":"https:\/\/www.adecose.com\/gl\/#organization"},"image":{"@id":"https:\/\/www.adecose.com\/s4-disena-su-estrategia-de-final-de-ano-en-una-reunion-incomparable\/#primaryimage"},"thumbnailUrl":"https:\/\/www.adecose.com\/wp-content\/uploads\/2023\/10\/NdP.-S4-disena-su-estrategia-de-final-de-ano-1-scaled.jpeg","articleSection":["Espacio #Corredur\u00edasADECOSE"],"inLanguage":"eu-ES"},{"@type":"WebPage","@id":"https:\/\/www.adecose.com\/s4-disena-su-estrategia-de-final-de-ano-en-una-reunion-incomparable\/","url":"https:\/\/www.adecose.com\/s4-disena-su-estrategia-de-final-de-ano-en-una-reunion-incomparable\/","name":"S4 dise\u00f1a su estrategia de final de a\u00f1o en una reuni\u00f3n \u201cincomparable\u201d - ADECOSE","isPartOf":{"@id":"https:\/\/www.adecose.com\/gl\/#website"},"primaryImageOfPage":{"@id":"https:\/\/www.adecose.com\/s4-disena-su-estrategia-de-final-de-ano-en-una-reunion-incomparable\/#primaryimage"},"image":{"@id":"https:\/\/www.adecose.com\/s4-disena-su-estrategia-de-final-de-ano-en-una-reunion-incomparable\/#primaryimage"},"thumbnailUrl":"https:\/\/www.adecose.com\/wp-content\/uploads\/2023\/10\/NdP.-S4-disena-su-estrategia-de-final-de-ano-1-scaled.jpeg","datePublished":"2023-10-03T10:01:32+00:00","dateModified":"2023-10-06T10:17:49+00:00","breadcrumb":{"@id":"https:\/\/www.adecose.com\/s4-disena-su-estrategia-de-final-de-ano-en-una-reunion-incomparable\/#breadcrumb"},"inLanguage":"eu-ES","potentialAction":[{"@type":"ReadAction","target":["https:\/\/www.adecose.com\/s4-disena-su-estrategia-de-final-de-ano-en-una-reunion-incomparable\/"]}]},{"@type":"ImageObject","inLanguage":"eu-ES","@id":"https:\/\/www.adecose.com\/s4-disena-su-estrategia-de-final-de-ano-en-una-reunion-incomparable\/#primaryimage","url":"https:\/\/www.adecose.com\/wp-content\/uploads\/2023\/10\/NdP.-S4-disena-su-estrategia-de-final-de-ano-1-scaled.jpeg","contentUrl":"https:\/\/www.adecose.com\/wp-content\/uploads\/2023\/10\/NdP.-S4-disena-su-estrategia-de-final-de-ano-1-scaled.jpeg","width":2560,"height":1478},{"@type":"BreadcrumbList","@id":"https:\/\/www.adecose.com\/s4-disena-su-estrategia-de-final-de-ano-en-una-reunion-incomparable\/#breadcrumb","itemListElement":[{"@type":"ListItem","position":1,"name":"Portada","item":"https:\/\/www.adecose.com\/eu\/aseguru-eta-berraseguru-artekaritzen-espainiako-elkartea\/"},{"@type":"ListItem","position":2,"name":"S4 dise\u00f1a su estrategia de final de a\u00f1o en una reuni\u00f3n \u201cincomparable\u201d"}]},{"@type":"WebSite","@id":"https:\/\/www.adecose.com\/gl\/#website","url":"https:\/\/www.adecose.com\/gl\/","name":"ADECOSE","description":"Aseguru eta Berraseguru Artekaritzen Espainiako Elkartea","publisher":{"@id":"https:\/\/www.adecose.com\/gl\/#organization"},"potentialAction":[{"@type":"SearchAction","target":{"@type":"EntryPoint","urlTemplate":"https:\/\/www.adecose.com\/gl\/?s={search_term_string}"},"query-input":{"@type":"PropertyValueSpecification","valueRequired":true,"valueName":"search_term_string"}}],"inLanguage":"eu-ES"},{"@type":"Organization","@id":"https:\/\/www.adecose.com\/gl\/#organization","name":"ADECOSE","url":"https:\/\/www.adecose.com\/gl\/","logo":{"@type":"ImageObject","inLanguage":"eu-ES","@id":"https:\/\/www.adecose.com\/gl\/#\/schema\/logo\/image\/","url":"https:\/\/www.adecose.com\/wp-content\/uploads\/2020\/07\/favicon.png","contentUrl":"https:\/\/www.adecose.com\/wp-content\/uploads\/2020\/07\/favicon.png","width":512,"height":512,"caption":"ADECOSE"},"image":{"@id":"https:\/\/www.adecose.com\/gl\/#\/schema\/logo\/image\/"}},{"@type":"Person","@id":"https:\/\/www.adecose.com\/gl\/#\/schema\/person\/ff086ce55f6379e1d225a2c0dca5eeb6","name":"Comunicaci\u00f3n ADECOSE","image":{"@type":"ImageObject","inLanguage":"eu-ES","@id":"https:\/\/secure.gravatar.com\/avatar\/01cd1f9571997441bf1da6d1cc147351305f03fe8f2acf1ebbec60ebb26924ce?s=96&d=mm&r=g","url":"https:\/\/secure.gravatar.com\/avatar\/01cd1f9571997441bf1da6d1cc147351305f03fe8f2acf1ebbec60ebb26924ce?s=96&d=mm&r=g","contentUrl":"https:\/\/secure.gravatar.com\/avatar\/01cd1f9571997441bf1da6d1cc147351305f03fe8f2acf1ebbec60ebb26924ce?s=96&d=mm&r=g","caption":"Comunicaci\u00f3n ADECOSE"}}]}},"_links":{"self":[{"href":"https:\/\/www.adecose.com\/eu\/wp-json\/wp\/v2\/posts\/15406","targetHints":{"allow":["GET"]}}],"collection":[{"href":"https:\/\/www.adecose.com\/eu\/wp-json\/wp\/v2\/posts"}],"about":[{"href":"https:\/\/www.adecose.com\/eu\/wp-json\/wp\/v2\/types\/post"}],"author":[{"embeddable":true,"href":"https:\/\/www.adecose.com\/eu\/wp-json\/wp\/v2\/users\/197"}],"replies":[{"embeddable":true,"href":"https:\/\/www.adecose.com\/eu\/wp-json\/wp\/v2\/comments?post=15406"}],"version-history":[{"count":0,"href":"https:\/\/www.adecose.com\/eu\/wp-json\/wp\/v2\/posts\/15406\/revisions"}],"wp:featuredmedia":[{"embeddable":true,"href":"https:\/\/www.adecose.com\/eu\/wp-json\/wp\/v2\/media\/15412"}],"wp:attachment":[{"href":"https:\/\/www.adecose.com\/eu\/wp-json\/wp\/v2\/media?parent=15406"}],"wp:term":[{"taxonomy":"category","embeddable":true,"href":"https:\/\/www.adecose.com\/eu\/wp-json\/wp\/v2\/categories?post=15406"},{"taxonomy":"post_tag","embeddable":true,"href":"https:\/\/www.adecose.com\/eu\/wp-json\/wp\/v2\/tags?post=15406"}],"curies":[{"name":"wp","href":"https:\/\/api.w.org\/{rel}","templated":true}]}}