{"id":15315,"date":"2023-09-14T17:41:57","date_gmt":"2023-09-14T15:41:57","guid":{"rendered":"https:\/\/www.adecose.com\/?p=15315"},"modified":"2023-09-14T17:42:46","modified_gmt":"2023-09-14T15:42:46","slug":"adecose-invita-a-su-almuerzo-mensual-con-socios-a-veit-stutz-consejero-delegado-de-allianz-espana","status":"publish","type":"post","link":"https:\/\/www.adecose.com\/eu\/adecose-invita-a-su-almuerzo-mensual-con-socios-a-veit-stutz-consejero-delegado-de-allianz-espana\/","title":{"rendered":"ADECOSE invita a su almuerzo mensual con socios a Veit Stutz, consejero delegado de Allianz Espa\u00f1a"},"content":{"rendered":"[vc_row type=&#8221;in_container&#8221; full_screen_row_position=&#8221;middle&#8221; column_margin=&#8221;default&#8221; column_direction=&#8221;default&#8221; column_direction_tablet=&#8221;default&#8221; column_direction_phone=&#8221;default&#8221; scene_position=&#8221;center&#8221; text_color=&#8221;dark&#8221; text_align=&#8221;left&#8221; row_border_radius=&#8221;none&#8221; row_border_radius_applies=&#8221;bg&#8221; overflow=&#8221;visible&#8221; overlay_strength=&#8221;0.3&#8243; gradient_direction=&#8221;left_to_right&#8221; shape_divider_position=&#8221;bottom&#8221; bg_image_animation=&#8221;none&#8221;][vc_column column_padding=&#8221;no-extra-padding&#8221; column_padding_tablet=&#8221;inherit&#8221; column_padding_phone=&#8221;inherit&#8221; column_padding_position=&#8221;all&#8221; column_element_direction_desktop=&#8221;default&#8221; column_element_spacing=&#8221;default&#8221; desktop_text_alignment=&#8221;default&#8221; tablet_text_alignment=&#8221;default&#8221; phone_text_alignment=&#8221;default&#8221; background_color_opacity=&#8221;1&#8243; background_hover_color_opacity=&#8221;1&#8243; column_backdrop_filter=&#8221;none&#8221; column_shadow=&#8221;none&#8221; column_border_radius=&#8221;none&#8221; column_link_target=&#8221;_self&#8221; column_position=&#8221;default&#8221; gradient_direction=&#8221;left_to_right&#8221; overlay_strength=&#8221;0.3&#8243; width=&#8221;1\/1&#8243; tablet_width_inherit=&#8221;default&#8221; animation_type=&#8221;default&#8221; bg_image_animation=&#8221;none&#8221; border_type=&#8221;simple&#8221; column_border_width=&#8221;none&#8221; column_border_style=&#8221;solid&#8221;][vc_column_text]\n<ul>\n<li><strong><em>Veit Stutz, consejero delegado de Allianz Espa\u00f1a, ha asistido al almuerzo mensual de la Junta Directiva de ADECOSE para intercambiar informaci\u00f3n sobre temas sectoriales con los socios de ADECOSE.<\/em><\/strong><\/li>\n<\/ul>\n[\/vc_column_text][vc_column_text]\n<ul>\n<li><strong><em>Previamente, ha tenido lugar la reuni\u00f3n de la Junta Directiva de ADECOSE, donde se han abordado distintos asuntos sobre la actividad de la Asociaci\u00f3n.<\/em><\/strong><\/li>\n<\/ul>\n[\/vc_column_text][vc_column_text]ADECOSE ha celebrado su <strong>almuerzo mensual con socios<\/strong> tras la reuni\u00f3n mensual de la Junta Directiva. En esta ocasi\u00f3n, los socios de ADECOSE han contado con la visita de<strong> Veit Stutz, consejero delegado de Allianz Espa\u00f1a<\/strong>; quien ha estado acompa\u00f1ado por Miguel P\u00e9rez Jaime, Director General Comercial, Gisela Subira, Secretaria General y Olivia Loewe, Directora de Relaciones Institucionales.<\/p>\n<p>Durante el almuerzo, Veit Stutz destac\u00f3 las <strong>novedades<\/strong> que se est\u00e1n desarrollando desde su nombramiento, en julio de 2022, como consejero delegado de la compa\u00f1\u00eda: <em>\u201cEn Allianz Seguros abordamos un <strong>proceso de transformaci\u00f3n<\/strong> que tiene como pilar y objetivo esencial ofrecer el mejor servicio a nuestros clientes y mediadores. El mercado asegurador en Espa\u00f1a es muy competitivo, s\u00f3lido y maduro, y estamos invirtiendo en<strong> tecnolog\u00eda y personas<\/strong>, con objetivos muy precisos enfocados a la mejora de la <strong>atenci\u00f3n al cliente<\/strong> y en la <strong>formaci\u00f3n<\/strong> de nuestros empleados\u201d<\/em>. Asimismo, Stutz se\u00f1al\u00f3 que la compa\u00f1\u00eda busca renovar y actualizar su oferta de productos.<\/p>\n<p>Por su parte, los socios de ADECOSE tuvieron la oportunidad de intercambiar impresiones sobre la relaci\u00f3n de la compa\u00f1\u00eda con los mediadores: <em>\u201cEl objetivo es que Allianz sea la compa\u00f1\u00eda de <strong>referencia para clientes y mediaci\u00f3n<\/strong>. Queremos volver a ocupar los primeros puestos en el <strong>Bar\u00f3metro ADECOSE<\/strong>\u201d<\/em>, afirm\u00f3 Stutz.<\/p>\n<p><strong>Reuni\u00f3n de la Junta Directiva de ADECOSE<\/strong><\/p>\n<p>Previamente al almuerzo, ha tenido lugar la reuni\u00f3n de la Junta Directiva de ADECOSE, donde se han abordado temas como el <strong>Proyecto de Digitalizaci\u00f3n<\/strong> que se est\u00e1 implantando en m\u00e1s de 100 corredur\u00edas o el avance en la renovaci\u00f3n de las <strong>Cartas de Condiciones<\/strong>. Tambi\u00e9n se adelant\u00f3 la programaci\u00f3n del <strong>XXVII Foro de Gesti\u00f3n de Corredur\u00edas<\/strong>, que tendr\u00e1 lugar el pr\u00f3ximo 23 de octubre y que contar\u00e1 con varios debates de inter\u00e9s y con la tradicional Mesa de Renovaciones.<\/p>\n<p>Asimismo, se inform\u00f3 sobre la reciente postura que han tomado <strong>ADECOSE, AMAEF, el CGCMS y UNESPA<\/strong> ante las modificaciones planteadas por la Comisi\u00f3n Europea en su Propuesta de Estrategia de Inversi\u00f3n Minorista.[\/vc_column_text][\/vc_column][\/vc_row]\n","protected":false},"excerpt":{"rendered":"<p>[vc_row type=&#8221;in_container&#8221; full_screen_row_position=&#8221;middle&#8221; column_margin=&#8221;default&#8221; column_direction=&#8221;default&#8221; column_direction_tablet=&#8221;default&#8221; column_direction_phone=&#8221;default&#8221; scene_position=&#8221;center&#8221; text_color=&#8221;dark&#8221; text_align=&#8221;left&#8221; row_border_radius=&#8221;none&#8221; row_border_radius_applies=&#8221;bg&#8221; overflow=&#8221;visible&#8221; overlay_strength=&#8221;0.3&#8243; gradient_direction=&#8221;left_to_right&#8221; shape_divider_position=&#8221;bottom&#8221; bg_image_animation=&#8221;none&#8221;][vc_column column_padding=&#8221;no-extra-padding&#8221; column_padding_tablet=&#8221;inherit&#8221; column_padding_phone=&#8221;inherit&#8221; column_padding_position=&#8221;all&#8221; column_element_direction_desktop=&#8221;default&#8221; column_element_spacing=&#8221;default&#8221; desktop_text_alignment=&#8221;default&#8221; tablet_text_alignment=&#8221;default&#8221;&#8230;<\/p>\n","protected":false},"author":197,"featured_media":15316,"comment_status":"closed","ping_status":"closed","sticky":false,"template":"","format":"standard","meta":{"_acf_changed":false,"_price":"","_stock":"","_tribe_ticket_header":"","_tribe_default_ticket_provider":"","_tribe_ticket_capacity":"0","_ticket_start_date":"","_ticket_end_date":"","_tribe_ticket_show_description":"","_tribe_ticket_show_not_going":false,"_tribe_ticket_use_global_stock":"","_tribe_ticket_global_stock_level":"","_global_stock_mode":"","_global_stock_cap":"","_tribe_rsvp_for_event":"","_tribe_ticket_going_count":"","_tribe_ticket_not_going_count":"","_tribe_tickets_list":"[]","_tribe_ticket_has_attendee_info_fields":false,"footnotes":""},"categories":[2],"tags":[321,225],"class_list":["post-15315","post","type-post","status-publish","format-standard","has-post-thumbnail","category-noticias","tag-almuerzo-con-socios","tag-junta-directiva"],"acf":[],"yoast_head":"<!-- This site is optimized with the Yoast SEO plugin v27.2 - https:\/\/yoast.com\/product\/yoast-seo-wordpress\/ -->\n<title>ADECOSE invita a su almuerzo mensual con socios a Veit Stutz, consejero delegado de Allianz Espa\u00f1a - ADECOSE<\/title>\n<meta name=\"robots\" content=\"index, follow, max-snippet:-1, max-image-preview:large, max-video-preview:-1\" \/>\n<link rel=\"canonical\" href=\"https:\/\/www.adecose.com\/adecose-invita-a-su-almuerzo-mensual-con-socios-a-veit-stutz-consejero-delegado-de-allianz-espana\/\" \/>\n<meta property=\"og:locale\" content=\"eu_ES\" \/>\n<meta property=\"og:type\" content=\"article\" \/>\n<meta property=\"og:title\" content=\"ADECOSE invita a su almuerzo mensual con socios a Veit Stutz, consejero delegado de Allianz Espa\u00f1a - ADECOSE\" \/>\n<meta property=\"og:description\" content=\"[vc_row type=&#8221;in_container&#8221; full_screen_row_position=&#8221;middle&#8221; column_margin=&#8221;default&#8221; column_direction=&#8221;default&#8221; column_direction_tablet=&#8221;default&#8221; column_direction_phone=&#8221;default&#8221; scene_position=&#8221;center&#8221; text_color=&#8221;dark&#8221; text_align=&#8221;left&#8221; row_border_radius=&#8221;none&#8221; row_border_radius_applies=&#8221;bg&#8221; overflow=&#8221;visible&#8221; overlay_strength=&#8221;0.3&#8243; gradient_direction=&#8221;left_to_right&#8221; shape_divider_position=&#8221;bottom&#8221; bg_image_animation=&#8221;none&#8221;][vc_column column_padding=&#8221;no-extra-padding&#8221; column_padding_tablet=&#8221;inherit&#8221; column_padding_phone=&#8221;inherit&#8221; column_padding_position=&#8221;all&#8221; column_element_direction_desktop=&#8221;default&#8221; column_element_spacing=&#8221;default&#8221; desktop_text_alignment=&#8221;default&#8221; tablet_text_alignment=&#8221;default&#8221;...\" \/>\n<meta property=\"og:url\" content=\"https:\/\/www.adecose.com\/adecose-invita-a-su-almuerzo-mensual-con-socios-a-veit-stutz-consejero-delegado-de-allianz-espana\/\" \/>\n<meta property=\"og:site_name\" content=\"ADECOSE\" \/>\n<meta property=\"article:published_time\" content=\"2023-09-14T15:41:57+00:00\" \/>\n<meta property=\"article:modified_time\" content=\"2023-09-14T15:42:46+00:00\" \/>\n<meta property=\"og:image\" content=\"https:\/\/www.adecose.com\/wp-content\/uploads\/2023\/09\/ADECOSE-ALLIANZ-ESPANA-baja.jpg\" \/>\n\t<meta property=\"og:image:width\" content=\"595\" \/>\n\t<meta property=\"og:image:height\" content=\"420\" \/>\n\t<meta property=\"og:image:type\" content=\"image\/jpeg\" \/>\n<meta name=\"author\" content=\"Comunicaci\u00f3n ADECOSE\" \/>\n<meta name=\"twitter:card\" content=\"summary_large_image\" \/>\n<meta name=\"twitter:label1\" content=\"Written by\" \/>\n\t<meta name=\"twitter:data1\" content=\"Comunicaci\u00f3n ADECOSE\" \/>\n\t<meta name=\"twitter:label2\" content=\"Est. reading time\" \/>\n\t<meta name=\"twitter:data2\" content=\"2 minutes\" \/>\n<script type=\"application\/ld+json\" class=\"yoast-schema-graph\">{\"@context\":\"https:\/\/schema.org\",\"@graph\":[{\"@type\":\"Article\",\"@id\":\"https:\/\/www.adecose.com\/adecose-invita-a-su-almuerzo-mensual-con-socios-a-veit-stutz-consejero-delegado-de-allianz-espana\/#article\",\"isPartOf\":{\"@id\":\"https:\/\/www.adecose.com\/adecose-invita-a-su-almuerzo-mensual-con-socios-a-veit-stutz-consejero-delegado-de-allianz-espana\/\"},\"author\":{\"name\":\"Comunicaci\u00f3n ADECOSE\",\"@id\":\"https:\/\/www.adecose.com\/gl\/#\/schema\/person\/ff086ce55f6379e1d225a2c0dca5eeb6\"},\"headline\":\"ADECOSE invita a su almuerzo mensual con socios a Veit Stutz, consejero delegado de Allianz Espa\u00f1a\",\"datePublished\":\"2023-09-14T15:41:57+00:00\",\"dateModified\":\"2023-09-14T15:42:46+00:00\",\"mainEntityOfPage\":{\"@id\":\"https:\/\/www.adecose.com\/adecose-invita-a-su-almuerzo-mensual-con-socios-a-veit-stutz-consejero-delegado-de-allianz-espana\/\"},\"wordCount\":605,\"publisher\":{\"@id\":\"https:\/\/www.adecose.com\/gl\/#organization\"},\"image\":{\"@id\":\"https:\/\/www.adecose.com\/adecose-invita-a-su-almuerzo-mensual-con-socios-a-veit-stutz-consejero-delegado-de-allianz-espana\/#primaryimage\"},\"thumbnailUrl\":\"https:\/\/www.adecose.com\/wp-content\/uploads\/2023\/09\/ADECOSE-ALLIANZ-ESPANA-baja.jpg\",\"keywords\":[\"Almuerzo con socios\",\"Junta Directiva\"],\"articleSection\":[\"Noticias\"],\"inLanguage\":\"eu-ES\"},{\"@type\":\"WebPage\",\"@id\":\"https:\/\/www.adecose.com\/adecose-invita-a-su-almuerzo-mensual-con-socios-a-veit-stutz-consejero-delegado-de-allianz-espana\/\",\"url\":\"https:\/\/www.adecose.com\/adecose-invita-a-su-almuerzo-mensual-con-socios-a-veit-stutz-consejero-delegado-de-allianz-espana\/\",\"name\":\"ADECOSE invita a su almuerzo mensual con socios a Veit Stutz, consejero delegado de Allianz Espa\u00f1a - ADECOSE\",\"isPartOf\":{\"@id\":\"https:\/\/www.adecose.com\/gl\/#website\"},\"primaryImageOfPage\":{\"@id\":\"https:\/\/www.adecose.com\/adecose-invita-a-su-almuerzo-mensual-con-socios-a-veit-stutz-consejero-delegado-de-allianz-espana\/#primaryimage\"},\"image\":{\"@id\":\"https:\/\/www.adecose.com\/adecose-invita-a-su-almuerzo-mensual-con-socios-a-veit-stutz-consejero-delegado-de-allianz-espana\/#primaryimage\"},\"thumbnailUrl\":\"https:\/\/www.adecose.com\/wp-content\/uploads\/2023\/09\/ADECOSE-ALLIANZ-ESPANA-baja.jpg\",\"datePublished\":\"2023-09-14T15:41:57+00:00\",\"dateModified\":\"2023-09-14T15:42:46+00:00\",\"breadcrumb\":{\"@id\":\"https:\/\/www.adecose.com\/adecose-invita-a-su-almuerzo-mensual-con-socios-a-veit-stutz-consejero-delegado-de-allianz-espana\/#breadcrumb\"},\"inLanguage\":\"eu-ES\",\"potentialAction\":[{\"@type\":\"ReadAction\",\"target\":[\"https:\/\/www.adecose.com\/adecose-invita-a-su-almuerzo-mensual-con-socios-a-veit-stutz-consejero-delegado-de-allianz-espana\/\"]}]},{\"@type\":\"ImageObject\",\"inLanguage\":\"eu-ES\",\"@id\":\"https:\/\/www.adecose.com\/adecose-invita-a-su-almuerzo-mensual-con-socios-a-veit-stutz-consejero-delegado-de-allianz-espana\/#primaryimage\",\"url\":\"https:\/\/www.adecose.com\/wp-content\/uploads\/2023\/09\/ADECOSE-ALLIANZ-ESPANA-baja.jpg\",\"contentUrl\":\"https:\/\/www.adecose.com\/wp-content\/uploads\/2023\/09\/ADECOSE-ALLIANZ-ESPANA-baja.jpg\",\"width\":595,\"height\":420},{\"@type\":\"BreadcrumbList\",\"@id\":\"https:\/\/www.adecose.com\/adecose-invita-a-su-almuerzo-mensual-con-socios-a-veit-stutz-consejero-delegado-de-allianz-espana\/#breadcrumb\",\"itemListElement\":[{\"@type\":\"ListItem\",\"position\":1,\"name\":\"Portada\",\"item\":\"https:\/\/www.adecose.com\/eu\/aseguru-eta-berraseguru-artekaritzen-espainiako-elkartea\/\"},{\"@type\":\"ListItem\",\"position\":2,\"name\":\"ADECOSE invita a su almuerzo mensual con socios a Veit Stutz, consejero delegado de Allianz Espa\u00f1a\"}]},{\"@type\":\"WebSite\",\"@id\":\"https:\/\/www.adecose.com\/gl\/#website\",\"url\":\"https:\/\/www.adecose.com\/gl\/\",\"name\":\"ADECOSE\",\"description\":\"Aseguru eta Berraseguru Artekaritzen Espainiako Elkartea\",\"publisher\":{\"@id\":\"https:\/\/www.adecose.com\/gl\/#organization\"},\"potentialAction\":[{\"@type\":\"SearchAction\",\"target\":{\"@type\":\"EntryPoint\",\"urlTemplate\":\"https:\/\/www.adecose.com\/gl\/?s={search_term_string}\"},\"query-input\":{\"@type\":\"PropertyValueSpecification\",\"valueRequired\":true,\"valueName\":\"search_term_string\"}}],\"inLanguage\":\"eu-ES\"},{\"@type\":\"Organization\",\"@id\":\"https:\/\/www.adecose.com\/gl\/#organization\",\"name\":\"ADECOSE\",\"url\":\"https:\/\/www.adecose.com\/gl\/\",\"logo\":{\"@type\":\"ImageObject\",\"inLanguage\":\"eu-ES\",\"@id\":\"https:\/\/www.adecose.com\/gl\/#\/schema\/logo\/image\/\",\"url\":\"https:\/\/www.adecose.com\/wp-content\/uploads\/2020\/07\/favicon.png\",\"contentUrl\":\"https:\/\/www.adecose.com\/wp-content\/uploads\/2020\/07\/favicon.png\",\"width\":512,\"height\":512,\"caption\":\"ADECOSE\"},\"image\":{\"@id\":\"https:\/\/www.adecose.com\/gl\/#\/schema\/logo\/image\/\"}},{\"@type\":\"Person\",\"@id\":\"https:\/\/www.adecose.com\/gl\/#\/schema\/person\/ff086ce55f6379e1d225a2c0dca5eeb6\",\"name\":\"Comunicaci\u00f3n ADECOSE\",\"image\":{\"@type\":\"ImageObject\",\"inLanguage\":\"eu-ES\",\"@id\":\"https:\/\/secure.gravatar.com\/avatar\/01cd1f9571997441bf1da6d1cc147351305f03fe8f2acf1ebbec60ebb26924ce?s=96&d=mm&r=g\",\"url\":\"https:\/\/secure.gravatar.com\/avatar\/01cd1f9571997441bf1da6d1cc147351305f03fe8f2acf1ebbec60ebb26924ce?s=96&d=mm&r=g\",\"contentUrl\":\"https:\/\/secure.gravatar.com\/avatar\/01cd1f9571997441bf1da6d1cc147351305f03fe8f2acf1ebbec60ebb26924ce?s=96&d=mm&r=g\",\"caption\":\"Comunicaci\u00f3n ADECOSE\"}}]}<\/script>\n<!-- \/ Yoast SEO plugin. -->","yoast_head_json":{"title":"ADECOSE invita a su almuerzo mensual con socios a Veit Stutz, consejero delegado de Allianz Espa\u00f1a - ADECOSE","robots":{"index":"index","follow":"follow","max-snippet":"max-snippet:-1","max-image-preview":"max-image-preview:large","max-video-preview":"max-video-preview:-1"},"canonical":"https:\/\/www.adecose.com\/adecose-invita-a-su-almuerzo-mensual-con-socios-a-veit-stutz-consejero-delegado-de-allianz-espana\/","og_locale":"eu_ES","og_type":"article","og_title":"ADECOSE invita a su almuerzo mensual con socios a Veit Stutz, consejero delegado de Allianz Espa\u00f1a - ADECOSE","og_description":"[vc_row type=&#8221;in_container&#8221; full_screen_row_position=&#8221;middle&#8221; column_margin=&#8221;default&#8221; column_direction=&#8221;default&#8221; column_direction_tablet=&#8221;default&#8221; column_direction_phone=&#8221;default&#8221; scene_position=&#8221;center&#8221; text_color=&#8221;dark&#8221; text_align=&#8221;left&#8221; row_border_radius=&#8221;none&#8221; row_border_radius_applies=&#8221;bg&#8221; overflow=&#8221;visible&#8221; overlay_strength=&#8221;0.3&#8243; gradient_direction=&#8221;left_to_right&#8221; shape_divider_position=&#8221;bottom&#8221; bg_image_animation=&#8221;none&#8221;][vc_column column_padding=&#8221;no-extra-padding&#8221; column_padding_tablet=&#8221;inherit&#8221; column_padding_phone=&#8221;inherit&#8221; column_padding_position=&#8221;all&#8221; column_element_direction_desktop=&#8221;default&#8221; column_element_spacing=&#8221;default&#8221; desktop_text_alignment=&#8221;default&#8221; tablet_text_alignment=&#8221;default&#8221;...","og_url":"https:\/\/www.adecose.com\/adecose-invita-a-su-almuerzo-mensual-con-socios-a-veit-stutz-consejero-delegado-de-allianz-espana\/","og_site_name":"ADECOSE","article_published_time":"2023-09-14T15:41:57+00:00","article_modified_time":"2023-09-14T15:42:46+00:00","og_image":[{"width":595,"height":420,"url":"https:\/\/www.adecose.com\/wp-content\/uploads\/2023\/09\/ADECOSE-ALLIANZ-ESPANA-baja.jpg","type":"image\/jpeg"}],"author":"Comunicaci\u00f3n ADECOSE","twitter_card":"summary_large_image","twitter_misc":{"Written by":"Comunicaci\u00f3n ADECOSE","Est. reading time":"2 minutes"},"schema":{"@context":"https:\/\/schema.org","@graph":[{"@type":"Article","@id":"https:\/\/www.adecose.com\/adecose-invita-a-su-almuerzo-mensual-con-socios-a-veit-stutz-consejero-delegado-de-allianz-espana\/#article","isPartOf":{"@id":"https:\/\/www.adecose.com\/adecose-invita-a-su-almuerzo-mensual-con-socios-a-veit-stutz-consejero-delegado-de-allianz-espana\/"},"author":{"name":"Comunicaci\u00f3n ADECOSE","@id":"https:\/\/www.adecose.com\/gl\/#\/schema\/person\/ff086ce55f6379e1d225a2c0dca5eeb6"},"headline":"ADECOSE invita a su almuerzo mensual con socios a Veit Stutz, consejero delegado de Allianz Espa\u00f1a","datePublished":"2023-09-14T15:41:57+00:00","dateModified":"2023-09-14T15:42:46+00:00","mainEntityOfPage":{"@id":"https:\/\/www.adecose.com\/adecose-invita-a-su-almuerzo-mensual-con-socios-a-veit-stutz-consejero-delegado-de-allianz-espana\/"},"wordCount":605,"publisher":{"@id":"https:\/\/www.adecose.com\/gl\/#organization"},"image":{"@id":"https:\/\/www.adecose.com\/adecose-invita-a-su-almuerzo-mensual-con-socios-a-veit-stutz-consejero-delegado-de-allianz-espana\/#primaryimage"},"thumbnailUrl":"https:\/\/www.adecose.com\/wp-content\/uploads\/2023\/09\/ADECOSE-ALLIANZ-ESPANA-baja.jpg","keywords":["Almuerzo con socios","Junta Directiva"],"articleSection":["Noticias"],"inLanguage":"eu-ES"},{"@type":"WebPage","@id":"https:\/\/www.adecose.com\/adecose-invita-a-su-almuerzo-mensual-con-socios-a-veit-stutz-consejero-delegado-de-allianz-espana\/","url":"https:\/\/www.adecose.com\/adecose-invita-a-su-almuerzo-mensual-con-socios-a-veit-stutz-consejero-delegado-de-allianz-espana\/","name":"ADECOSE invita a su almuerzo mensual con socios a Veit Stutz, consejero delegado de Allianz Espa\u00f1a - ADECOSE","isPartOf":{"@id":"https:\/\/www.adecose.com\/gl\/#website"},"primaryImageOfPage":{"@id":"https:\/\/www.adecose.com\/adecose-invita-a-su-almuerzo-mensual-con-socios-a-veit-stutz-consejero-delegado-de-allianz-espana\/#primaryimage"},"image":{"@id":"https:\/\/www.adecose.com\/adecose-invita-a-su-almuerzo-mensual-con-socios-a-veit-stutz-consejero-delegado-de-allianz-espana\/#primaryimage"},"thumbnailUrl":"https:\/\/www.adecose.com\/wp-content\/uploads\/2023\/09\/ADECOSE-ALLIANZ-ESPANA-baja.jpg","datePublished":"2023-09-14T15:41:57+00:00","dateModified":"2023-09-14T15:42:46+00:00","breadcrumb":{"@id":"https:\/\/www.adecose.com\/adecose-invita-a-su-almuerzo-mensual-con-socios-a-veit-stutz-consejero-delegado-de-allianz-espana\/#breadcrumb"},"inLanguage":"eu-ES","potentialAction":[{"@type":"ReadAction","target":["https:\/\/www.adecose.com\/adecose-invita-a-su-almuerzo-mensual-con-socios-a-veit-stutz-consejero-delegado-de-allianz-espana\/"]}]},{"@type":"ImageObject","inLanguage":"eu-ES","@id":"https:\/\/www.adecose.com\/adecose-invita-a-su-almuerzo-mensual-con-socios-a-veit-stutz-consejero-delegado-de-allianz-espana\/#primaryimage","url":"https:\/\/www.adecose.com\/wp-content\/uploads\/2023\/09\/ADECOSE-ALLIANZ-ESPANA-baja.jpg","contentUrl":"https:\/\/www.adecose.com\/wp-content\/uploads\/2023\/09\/ADECOSE-ALLIANZ-ESPANA-baja.jpg","width":595,"height":420},{"@type":"BreadcrumbList","@id":"https:\/\/www.adecose.com\/adecose-invita-a-su-almuerzo-mensual-con-socios-a-veit-stutz-consejero-delegado-de-allianz-espana\/#breadcrumb","itemListElement":[{"@type":"ListItem","position":1,"name":"Portada","item":"https:\/\/www.adecose.com\/eu\/aseguru-eta-berraseguru-artekaritzen-espainiako-elkartea\/"},{"@type":"ListItem","position":2,"name":"ADECOSE invita a su almuerzo mensual con socios a Veit Stutz, consejero delegado de Allianz Espa\u00f1a"}]},{"@type":"WebSite","@id":"https:\/\/www.adecose.com\/gl\/#website","url":"https:\/\/www.adecose.com\/gl\/","name":"ADECOSE","description":"Aseguru eta Berraseguru Artekaritzen Espainiako Elkartea","publisher":{"@id":"https:\/\/www.adecose.com\/gl\/#organization"},"potentialAction":[{"@type":"SearchAction","target":{"@type":"EntryPoint","urlTemplate":"https:\/\/www.adecose.com\/gl\/?s={search_term_string}"},"query-input":{"@type":"PropertyValueSpecification","valueRequired":true,"valueName":"search_term_string"}}],"inLanguage":"eu-ES"},{"@type":"Organization","@id":"https:\/\/www.adecose.com\/gl\/#organization","name":"ADECOSE","url":"https:\/\/www.adecose.com\/gl\/","logo":{"@type":"ImageObject","inLanguage":"eu-ES","@id":"https:\/\/www.adecose.com\/gl\/#\/schema\/logo\/image\/","url":"https:\/\/www.adecose.com\/wp-content\/uploads\/2020\/07\/favicon.png","contentUrl":"https:\/\/www.adecose.com\/wp-content\/uploads\/2020\/07\/favicon.png","width":512,"height":512,"caption":"ADECOSE"},"image":{"@id":"https:\/\/www.adecose.com\/gl\/#\/schema\/logo\/image\/"}},{"@type":"Person","@id":"https:\/\/www.adecose.com\/gl\/#\/schema\/person\/ff086ce55f6379e1d225a2c0dca5eeb6","name":"Comunicaci\u00f3n ADECOSE","image":{"@type":"ImageObject","inLanguage":"eu-ES","@id":"https:\/\/secure.gravatar.com\/avatar\/01cd1f9571997441bf1da6d1cc147351305f03fe8f2acf1ebbec60ebb26924ce?s=96&d=mm&r=g","url":"https:\/\/secure.gravatar.com\/avatar\/01cd1f9571997441bf1da6d1cc147351305f03fe8f2acf1ebbec60ebb26924ce?s=96&d=mm&r=g","contentUrl":"https:\/\/secure.gravatar.com\/avatar\/01cd1f9571997441bf1da6d1cc147351305f03fe8f2acf1ebbec60ebb26924ce?s=96&d=mm&r=g","caption":"Comunicaci\u00f3n ADECOSE"}}]}},"_links":{"self":[{"href":"https:\/\/www.adecose.com\/eu\/wp-json\/wp\/v2\/posts\/15315","targetHints":{"allow":["GET"]}}],"collection":[{"href":"https:\/\/www.adecose.com\/eu\/wp-json\/wp\/v2\/posts"}],"about":[{"href":"https:\/\/www.adecose.com\/eu\/wp-json\/wp\/v2\/types\/post"}],"author":[{"embeddable":true,"href":"https:\/\/www.adecose.com\/eu\/wp-json\/wp\/v2\/users\/197"}],"replies":[{"embeddable":true,"href":"https:\/\/www.adecose.com\/eu\/wp-json\/wp\/v2\/comments?post=15315"}],"version-history":[{"count":0,"href":"https:\/\/www.adecose.com\/eu\/wp-json\/wp\/v2\/posts\/15315\/revisions"}],"wp:featuredmedia":[{"embeddable":true,"href":"https:\/\/www.adecose.com\/eu\/wp-json\/wp\/v2\/media\/15316"}],"wp:attachment":[{"href":"https:\/\/www.adecose.com\/eu\/wp-json\/wp\/v2\/media?parent=15315"}],"wp:term":[{"taxonomy":"category","embeddable":true,"href":"https:\/\/www.adecose.com\/eu\/wp-json\/wp\/v2\/categories?post=15315"},{"taxonomy":"post_tag","embeddable":true,"href":"https:\/\/www.adecose.com\/eu\/wp-json\/wp\/v2\/tags?post=15315"}],"curies":[{"name":"wp","href":"https:\/\/api.w.org\/{rel}","templated":true}]}}