{"id":14947,"date":"2023-06-29T12:29:17","date_gmt":"2023-06-29T10:29:17","guid":{"rendered":"https:\/\/www.adecose.com\/?p=14947"},"modified":"2023-06-29T14:40:51","modified_gmt":"2023-06-29T12:40:51","slug":"adecose-invita-a-joan-m-castells-director-general-de-fiatc-seguros-a-su-almuerzo-mensual-con-socios","status":"publish","type":"post","link":"https:\/\/www.adecose.com\/eu\/adecose-invita-a-joan-m-castells-director-general-de-fiatc-seguros-a-su-almuerzo-mensual-con-socios\/","title":{"rendered":"ADECOSE invita a Joan M. Castells director general de FIATC Seguros a su almuerzo mensual con socios"},"content":{"rendered":"[vc_row type=&#8221;in_container&#8221; full_screen_row_position=&#8221;middle&#8221; column_margin=&#8221;default&#8221; column_direction=&#8221;default&#8221; column_direction_tablet=&#8221;default&#8221; column_direction_phone=&#8221;default&#8221; scene_position=&#8221;center&#8221; text_color=&#8221;dark&#8221; text_align=&#8221;left&#8221; row_border_radius=&#8221;none&#8221; row_border_radius_applies=&#8221;bg&#8221; overflow=&#8221;visible&#8221; overlay_strength=&#8221;0.3&#8243; gradient_direction=&#8221;left_to_right&#8221; shape_divider_position=&#8221;bottom&#8221; bg_image_animation=&#8221;none&#8221;][vc_column column_padding=&#8221;no-extra-padding&#8221; column_padding_tablet=&#8221;inherit&#8221; column_padding_phone=&#8221;inherit&#8221; column_padding_position=&#8221;all&#8221; column_element_direction_desktop=&#8221;default&#8221; column_element_spacing=&#8221;default&#8221; desktop_text_alignment=&#8221;default&#8221; tablet_text_alignment=&#8221;default&#8221; phone_text_alignment=&#8221;default&#8221; background_color_opacity=&#8221;1&#8243; background_hover_color_opacity=&#8221;1&#8243; column_backdrop_filter=&#8221;none&#8221; column_shadow=&#8221;none&#8221; column_border_radius=&#8221;none&#8221; column_link_target=&#8221;_self&#8221; column_position=&#8221;default&#8221; gradient_direction=&#8221;left_to_right&#8221; overlay_strength=&#8221;0.3&#8243; width=&#8221;1\/1&#8243; tablet_width_inherit=&#8221;default&#8221; animation_type=&#8221;default&#8221; bg_image_animation=&#8221;none&#8221; border_type=&#8221;simple&#8221; column_border_width=&#8221;none&#8221; column_border_style=&#8221;solid&#8221;][vc_column_text]\n<ul>\n<li><strong><em>ADECOSE celebra estos encuentros de forma mensual con la participaci\u00f3n de los m\u00e1ximos directivos de compa\u00f1\u00edas e instituciones del sector, con el fin de intercambiar informaciones acerca del sector y preocupaciones transversales.<\/em><\/strong><\/li>\n<\/ul>\n<p>&nbsp;<\/p>\n<p><strong><em>\u00a0<\/em><\/strong>ADECOSE\u00a0ha celebrado su <strong>almuerzo mensual con socios<\/strong> tras la reuni\u00f3n mensual de la Junta Directiva. En este encuentro, celebrado en el C\u00edrculo Ecuestre de Barcelona, los socios de ADECOSE han contado con la visita de <strong>Joan M. Castells<\/strong>, director general de FIATC Seguros.<\/p>\n<p>Durante su intervenci\u00f3n, Castells repas\u00f3 la trayectoria de la compa\u00f1\u00eda aseguradora y los objetivos que tiene por delante como nuevo director de la compa\u00f1\u00eda tras la remodelaci\u00f3n de la estructura ejecutiva. En este sentido, afirm\u00f3 que la entidad \u201c<em> mantiene sus \u00a0valores y cultura empresarial, centrada en el cliente y apostando por la mediaci\u00f3n profesional<\/em>\u201d.<\/p>\n<p>Por consiguiente, anunci\u00f3 Castells, <em>\u201cel reto a futuro ser\u00e1 seguir potenciando el servicio con los corredores y seguir escuchando a la mediaci\u00f3n\u201d<\/em>. A este respecto, agradeci\u00f3 la valoraci\u00f3n tan positiva que los socios de ADECOSE hacen cada a\u00f1o sobre la calidad del servicio de FIATC Seguros en el <strong>Bar\u00f3metro<\/strong>.<\/p>\n<p>Por \u00faltimo, los socios de ADECOSE compartieron sus preocupaciones en asuntos sectoriales, destacando la constante <strong>adaptaci\u00f3n a la regulaci\u00f3n<\/strong> nacional y europea; y la aspiraci\u00f3n de mejorar de la <strong>eficiencia operativa<\/strong> de las organizaciones a trav\u00e9s de la digitalizaci\u00f3n.[\/vc_column_text][\/vc_column][\/vc_row]\n","protected":false},"excerpt":{"rendered":"<p>[vc_row type=&#8221;in_container&#8221; full_screen_row_position=&#8221;middle&#8221; column_margin=&#8221;default&#8221; column_direction=&#8221;default&#8221; column_direction_tablet=&#8221;default&#8221; column_direction_phone=&#8221;default&#8221; scene_position=&#8221;center&#8221; text_color=&#8221;dark&#8221; text_align=&#8221;left&#8221; row_border_radius=&#8221;none&#8221; row_border_radius_applies=&#8221;bg&#8221; overflow=&#8221;visible&#8221; overlay_strength=&#8221;0.3&#8243; gradient_direction=&#8221;left_to_right&#8221; shape_divider_position=&#8221;bottom&#8221; bg_image_animation=&#8221;none&#8221;][vc_column column_padding=&#8221;no-extra-padding&#8221; column_padding_tablet=&#8221;inherit&#8221; column_padding_phone=&#8221;inherit&#8221; column_padding_position=&#8221;all&#8221; column_element_direction_desktop=&#8221;default&#8221; column_element_spacing=&#8221;default&#8221; desktop_text_alignment=&#8221;default&#8221; tablet_text_alignment=&#8221;default&#8221;&#8230;<\/p>\n","protected":false},"author":197,"featured_media":14948,"comment_status":"closed","ping_status":"closed","sticky":false,"template":"","format":"standard","meta":{"_acf_changed":false,"_price":"","_stock":"","_tribe_ticket_header":"","_tribe_default_ticket_provider":"","_tribe_ticket_capacity":"0","_ticket_start_date":"","_ticket_end_date":"","_tribe_ticket_show_description":"","_tribe_ticket_show_not_going":false,"_tribe_ticket_use_global_stock":"","_tribe_ticket_global_stock_level":"","_global_stock_mode":"","_global_stock_cap":"","_tribe_rsvp_for_event":"","_tribe_ticket_going_count":"","_tribe_ticket_not_going_count":"","_tribe_tickets_list":"[]","_tribe_ticket_has_attendee_info_fields":false,"footnotes":""},"categories":[2],"tags":[321,225],"class_list":["post-14947","post","type-post","status-publish","format-standard","has-post-thumbnail","category-noticias","tag-almuerzo-con-socios","tag-junta-directiva"],"acf":[],"yoast_head":"<!-- This site is optimized with the Yoast SEO plugin v27.2 - https:\/\/yoast.com\/product\/yoast-seo-wordpress\/ -->\n<title>ADECOSE invita a Joan M. Castells director general de FIATC Seguros a su almuerzo mensual con socios - ADECOSE<\/title>\n<meta name=\"robots\" content=\"index, follow, max-snippet:-1, max-image-preview:large, max-video-preview:-1\" \/>\n<link rel=\"canonical\" href=\"https:\/\/www.adecose.com\/adecose-invita-a-joan-m-castells-director-general-de-fiatc-seguros-a-su-almuerzo-mensual-con-socios\/\" \/>\n<meta property=\"og:locale\" content=\"eu_ES\" \/>\n<meta property=\"og:type\" content=\"article\" \/>\n<meta property=\"og:title\" content=\"ADECOSE invita a Joan M. Castells director general de FIATC Seguros a su almuerzo mensual con socios - ADECOSE\" \/>\n<meta property=\"og:description\" content=\"[vc_row type=&#8221;in_container&#8221; full_screen_row_position=&#8221;middle&#8221; column_margin=&#8221;default&#8221; column_direction=&#8221;default&#8221; column_direction_tablet=&#8221;default&#8221; column_direction_phone=&#8221;default&#8221; scene_position=&#8221;center&#8221; text_color=&#8221;dark&#8221; text_align=&#8221;left&#8221; row_border_radius=&#8221;none&#8221; row_border_radius_applies=&#8221;bg&#8221; overflow=&#8221;visible&#8221; overlay_strength=&#8221;0.3&#8243; gradient_direction=&#8221;left_to_right&#8221; shape_divider_position=&#8221;bottom&#8221; bg_image_animation=&#8221;none&#8221;][vc_column column_padding=&#8221;no-extra-padding&#8221; column_padding_tablet=&#8221;inherit&#8221; column_padding_phone=&#8221;inherit&#8221; column_padding_position=&#8221;all&#8221; column_element_direction_desktop=&#8221;default&#8221; column_element_spacing=&#8221;default&#8221; desktop_text_alignment=&#8221;default&#8221; tablet_text_alignment=&#8221;default&#8221;...\" \/>\n<meta property=\"og:url\" content=\"https:\/\/www.adecose.com\/adecose-invita-a-joan-m-castells-director-general-de-fiatc-seguros-a-su-almuerzo-mensual-con-socios\/\" \/>\n<meta property=\"og:site_name\" content=\"ADECOSE\" \/>\n<meta property=\"article:published_time\" content=\"2023-06-29T10:29:17+00:00\" \/>\n<meta property=\"article:modified_time\" content=\"2023-06-29T12:40:51+00:00\" \/>\n<meta property=\"og:image\" content=\"https:\/\/www.adecose.com\/wp-content\/uploads\/2023\/06\/Almuerzo-ADECOSE-junio-2023-web.jpg\" \/>\n\t<meta property=\"og:image:width\" content=\"1000\" \/>\n\t<meta property=\"og:image:height\" content=\"769\" \/>\n\t<meta property=\"og:image:type\" content=\"image\/jpeg\" \/>\n<meta name=\"author\" content=\"Comunicaci\u00f3n ADECOSE\" \/>\n<meta name=\"twitter:card\" content=\"summary_large_image\" \/>\n<meta name=\"twitter:label1\" content=\"Written by\" \/>\n\t<meta name=\"twitter:data1\" content=\"Comunicaci\u00f3n ADECOSE\" \/>\n\t<meta name=\"twitter:label2\" content=\"Est. reading time\" \/>\n\t<meta name=\"twitter:data2\" content=\"2 minutes\" \/>\n<script type=\"application\/ld+json\" class=\"yoast-schema-graph\">{\"@context\":\"https:\/\/schema.org\",\"@graph\":[{\"@type\":\"Article\",\"@id\":\"https:\/\/www.adecose.com\/adecose-invita-a-joan-m-castells-director-general-de-fiatc-seguros-a-su-almuerzo-mensual-con-socios\/#article\",\"isPartOf\":{\"@id\":\"https:\/\/www.adecose.com\/adecose-invita-a-joan-m-castells-director-general-de-fiatc-seguros-a-su-almuerzo-mensual-con-socios\/\"},\"author\":{\"name\":\"Comunicaci\u00f3n ADECOSE\",\"@id\":\"https:\/\/www.adecose.com\/gl\/#\/schema\/person\/ff086ce55f6379e1d225a2c0dca5eeb6\"},\"headline\":\"ADECOSE invita a Joan M. Castells director general de FIATC Seguros a su almuerzo mensual con socios\",\"datePublished\":\"2023-06-29T10:29:17+00:00\",\"dateModified\":\"2023-06-29T12:40:51+00:00\",\"mainEntityOfPage\":{\"@id\":\"https:\/\/www.adecose.com\/adecose-invita-a-joan-m-castells-director-general-de-fiatc-seguros-a-su-almuerzo-mensual-con-socios\/\"},\"wordCount\":417,\"publisher\":{\"@id\":\"https:\/\/www.adecose.com\/gl\/#organization\"},\"image\":{\"@id\":\"https:\/\/www.adecose.com\/adecose-invita-a-joan-m-castells-director-general-de-fiatc-seguros-a-su-almuerzo-mensual-con-socios\/#primaryimage\"},\"thumbnailUrl\":\"https:\/\/www.adecose.com\/wp-content\/uploads\/2023\/06\/Almuerzo-ADECOSE-junio-2023-web.jpg\",\"keywords\":[\"Almuerzo con socios\",\"Junta Directiva\"],\"articleSection\":[\"Noticias\"],\"inLanguage\":\"eu-ES\"},{\"@type\":\"WebPage\",\"@id\":\"https:\/\/www.adecose.com\/adecose-invita-a-joan-m-castells-director-general-de-fiatc-seguros-a-su-almuerzo-mensual-con-socios\/\",\"url\":\"https:\/\/www.adecose.com\/adecose-invita-a-joan-m-castells-director-general-de-fiatc-seguros-a-su-almuerzo-mensual-con-socios\/\",\"name\":\"ADECOSE invita a Joan M. Castells director general de FIATC Seguros a su almuerzo mensual con socios - ADECOSE\",\"isPartOf\":{\"@id\":\"https:\/\/www.adecose.com\/gl\/#website\"},\"primaryImageOfPage\":{\"@id\":\"https:\/\/www.adecose.com\/adecose-invita-a-joan-m-castells-director-general-de-fiatc-seguros-a-su-almuerzo-mensual-con-socios\/#primaryimage\"},\"image\":{\"@id\":\"https:\/\/www.adecose.com\/adecose-invita-a-joan-m-castells-director-general-de-fiatc-seguros-a-su-almuerzo-mensual-con-socios\/#primaryimage\"},\"thumbnailUrl\":\"https:\/\/www.adecose.com\/wp-content\/uploads\/2023\/06\/Almuerzo-ADECOSE-junio-2023-web.jpg\",\"datePublished\":\"2023-06-29T10:29:17+00:00\",\"dateModified\":\"2023-06-29T12:40:51+00:00\",\"breadcrumb\":{\"@id\":\"https:\/\/www.adecose.com\/adecose-invita-a-joan-m-castells-director-general-de-fiatc-seguros-a-su-almuerzo-mensual-con-socios\/#breadcrumb\"},\"inLanguage\":\"eu-ES\",\"potentialAction\":[{\"@type\":\"ReadAction\",\"target\":[\"https:\/\/www.adecose.com\/adecose-invita-a-joan-m-castells-director-general-de-fiatc-seguros-a-su-almuerzo-mensual-con-socios\/\"]}]},{\"@type\":\"ImageObject\",\"inLanguage\":\"eu-ES\",\"@id\":\"https:\/\/www.adecose.com\/adecose-invita-a-joan-m-castells-director-general-de-fiatc-seguros-a-su-almuerzo-mensual-con-socios\/#primaryimage\",\"url\":\"https:\/\/www.adecose.com\/wp-content\/uploads\/2023\/06\/Almuerzo-ADECOSE-junio-2023-web.jpg\",\"contentUrl\":\"https:\/\/www.adecose.com\/wp-content\/uploads\/2023\/06\/Almuerzo-ADECOSE-junio-2023-web.jpg\",\"width\":1000,\"height\":769},{\"@type\":\"BreadcrumbList\",\"@id\":\"https:\/\/www.adecose.com\/adecose-invita-a-joan-m-castells-director-general-de-fiatc-seguros-a-su-almuerzo-mensual-con-socios\/#breadcrumb\",\"itemListElement\":[{\"@type\":\"ListItem\",\"position\":1,\"name\":\"Portada\",\"item\":\"https:\/\/www.adecose.com\/eu\/aseguru-eta-berraseguru-artekaritzen-espainiako-elkartea\/\"},{\"@type\":\"ListItem\",\"position\":2,\"name\":\"ADECOSE invita a Joan M. Castells director general de FIATC Seguros a su almuerzo mensual con socios\"}]},{\"@type\":\"WebSite\",\"@id\":\"https:\/\/www.adecose.com\/gl\/#website\",\"url\":\"https:\/\/www.adecose.com\/gl\/\",\"name\":\"ADECOSE\",\"description\":\"Aseguru eta Berraseguru Artekaritzen Espainiako Elkartea\",\"publisher\":{\"@id\":\"https:\/\/www.adecose.com\/gl\/#organization\"},\"potentialAction\":[{\"@type\":\"SearchAction\",\"target\":{\"@type\":\"EntryPoint\",\"urlTemplate\":\"https:\/\/www.adecose.com\/gl\/?s={search_term_string}\"},\"query-input\":{\"@type\":\"PropertyValueSpecification\",\"valueRequired\":true,\"valueName\":\"search_term_string\"}}],\"inLanguage\":\"eu-ES\"},{\"@type\":\"Organization\",\"@id\":\"https:\/\/www.adecose.com\/gl\/#organization\",\"name\":\"ADECOSE\",\"url\":\"https:\/\/www.adecose.com\/gl\/\",\"logo\":{\"@type\":\"ImageObject\",\"inLanguage\":\"eu-ES\",\"@id\":\"https:\/\/www.adecose.com\/gl\/#\/schema\/logo\/image\/\",\"url\":\"https:\/\/www.adecose.com\/wp-content\/uploads\/2020\/07\/favicon.png\",\"contentUrl\":\"https:\/\/www.adecose.com\/wp-content\/uploads\/2020\/07\/favicon.png\",\"width\":512,\"height\":512,\"caption\":\"ADECOSE\"},\"image\":{\"@id\":\"https:\/\/www.adecose.com\/gl\/#\/schema\/logo\/image\/\"}},{\"@type\":\"Person\",\"@id\":\"https:\/\/www.adecose.com\/gl\/#\/schema\/person\/ff086ce55f6379e1d225a2c0dca5eeb6\",\"name\":\"Comunicaci\u00f3n ADECOSE\",\"image\":{\"@type\":\"ImageObject\",\"inLanguage\":\"eu-ES\",\"@id\":\"https:\/\/secure.gravatar.com\/avatar\/01cd1f9571997441bf1da6d1cc147351305f03fe8f2acf1ebbec60ebb26924ce?s=96&d=mm&r=g\",\"url\":\"https:\/\/secure.gravatar.com\/avatar\/01cd1f9571997441bf1da6d1cc147351305f03fe8f2acf1ebbec60ebb26924ce?s=96&d=mm&r=g\",\"contentUrl\":\"https:\/\/secure.gravatar.com\/avatar\/01cd1f9571997441bf1da6d1cc147351305f03fe8f2acf1ebbec60ebb26924ce?s=96&d=mm&r=g\",\"caption\":\"Comunicaci\u00f3n ADECOSE\"}}]}<\/script>\n<!-- \/ Yoast SEO plugin. -->","yoast_head_json":{"title":"ADECOSE invita a Joan M. Castells director general de FIATC Seguros a su almuerzo mensual con socios - ADECOSE","robots":{"index":"index","follow":"follow","max-snippet":"max-snippet:-1","max-image-preview":"max-image-preview:large","max-video-preview":"max-video-preview:-1"},"canonical":"https:\/\/www.adecose.com\/adecose-invita-a-joan-m-castells-director-general-de-fiatc-seguros-a-su-almuerzo-mensual-con-socios\/","og_locale":"eu_ES","og_type":"article","og_title":"ADECOSE invita a Joan M. Castells director general de FIATC Seguros a su almuerzo mensual con socios - ADECOSE","og_description":"[vc_row type=&#8221;in_container&#8221; full_screen_row_position=&#8221;middle&#8221; column_margin=&#8221;default&#8221; column_direction=&#8221;default&#8221; column_direction_tablet=&#8221;default&#8221; column_direction_phone=&#8221;default&#8221; scene_position=&#8221;center&#8221; text_color=&#8221;dark&#8221; text_align=&#8221;left&#8221; row_border_radius=&#8221;none&#8221; row_border_radius_applies=&#8221;bg&#8221; overflow=&#8221;visible&#8221; overlay_strength=&#8221;0.3&#8243; gradient_direction=&#8221;left_to_right&#8221; shape_divider_position=&#8221;bottom&#8221; bg_image_animation=&#8221;none&#8221;][vc_column column_padding=&#8221;no-extra-padding&#8221; column_padding_tablet=&#8221;inherit&#8221; column_padding_phone=&#8221;inherit&#8221; column_padding_position=&#8221;all&#8221; column_element_direction_desktop=&#8221;default&#8221; column_element_spacing=&#8221;default&#8221; desktop_text_alignment=&#8221;default&#8221; tablet_text_alignment=&#8221;default&#8221;...","og_url":"https:\/\/www.adecose.com\/adecose-invita-a-joan-m-castells-director-general-de-fiatc-seguros-a-su-almuerzo-mensual-con-socios\/","og_site_name":"ADECOSE","article_published_time":"2023-06-29T10:29:17+00:00","article_modified_time":"2023-06-29T12:40:51+00:00","og_image":[{"width":1000,"height":769,"url":"https:\/\/www.adecose.com\/wp-content\/uploads\/2023\/06\/Almuerzo-ADECOSE-junio-2023-web.jpg","type":"image\/jpeg"}],"author":"Comunicaci\u00f3n ADECOSE","twitter_card":"summary_large_image","twitter_misc":{"Written by":"Comunicaci\u00f3n ADECOSE","Est. reading time":"2 minutes"},"schema":{"@context":"https:\/\/schema.org","@graph":[{"@type":"Article","@id":"https:\/\/www.adecose.com\/adecose-invita-a-joan-m-castells-director-general-de-fiatc-seguros-a-su-almuerzo-mensual-con-socios\/#article","isPartOf":{"@id":"https:\/\/www.adecose.com\/adecose-invita-a-joan-m-castells-director-general-de-fiatc-seguros-a-su-almuerzo-mensual-con-socios\/"},"author":{"name":"Comunicaci\u00f3n ADECOSE","@id":"https:\/\/www.adecose.com\/gl\/#\/schema\/person\/ff086ce55f6379e1d225a2c0dca5eeb6"},"headline":"ADECOSE invita a Joan M. Castells director general de FIATC Seguros a su almuerzo mensual con socios","datePublished":"2023-06-29T10:29:17+00:00","dateModified":"2023-06-29T12:40:51+00:00","mainEntityOfPage":{"@id":"https:\/\/www.adecose.com\/adecose-invita-a-joan-m-castells-director-general-de-fiatc-seguros-a-su-almuerzo-mensual-con-socios\/"},"wordCount":417,"publisher":{"@id":"https:\/\/www.adecose.com\/gl\/#organization"},"image":{"@id":"https:\/\/www.adecose.com\/adecose-invita-a-joan-m-castells-director-general-de-fiatc-seguros-a-su-almuerzo-mensual-con-socios\/#primaryimage"},"thumbnailUrl":"https:\/\/www.adecose.com\/wp-content\/uploads\/2023\/06\/Almuerzo-ADECOSE-junio-2023-web.jpg","keywords":["Almuerzo con socios","Junta Directiva"],"articleSection":["Noticias"],"inLanguage":"eu-ES"},{"@type":"WebPage","@id":"https:\/\/www.adecose.com\/adecose-invita-a-joan-m-castells-director-general-de-fiatc-seguros-a-su-almuerzo-mensual-con-socios\/","url":"https:\/\/www.adecose.com\/adecose-invita-a-joan-m-castells-director-general-de-fiatc-seguros-a-su-almuerzo-mensual-con-socios\/","name":"ADECOSE invita a Joan M. Castells director general de FIATC Seguros a su almuerzo mensual con socios - ADECOSE","isPartOf":{"@id":"https:\/\/www.adecose.com\/gl\/#website"},"primaryImageOfPage":{"@id":"https:\/\/www.adecose.com\/adecose-invita-a-joan-m-castells-director-general-de-fiatc-seguros-a-su-almuerzo-mensual-con-socios\/#primaryimage"},"image":{"@id":"https:\/\/www.adecose.com\/adecose-invita-a-joan-m-castells-director-general-de-fiatc-seguros-a-su-almuerzo-mensual-con-socios\/#primaryimage"},"thumbnailUrl":"https:\/\/www.adecose.com\/wp-content\/uploads\/2023\/06\/Almuerzo-ADECOSE-junio-2023-web.jpg","datePublished":"2023-06-29T10:29:17+00:00","dateModified":"2023-06-29T12:40:51+00:00","breadcrumb":{"@id":"https:\/\/www.adecose.com\/adecose-invita-a-joan-m-castells-director-general-de-fiatc-seguros-a-su-almuerzo-mensual-con-socios\/#breadcrumb"},"inLanguage":"eu-ES","potentialAction":[{"@type":"ReadAction","target":["https:\/\/www.adecose.com\/adecose-invita-a-joan-m-castells-director-general-de-fiatc-seguros-a-su-almuerzo-mensual-con-socios\/"]}]},{"@type":"ImageObject","inLanguage":"eu-ES","@id":"https:\/\/www.adecose.com\/adecose-invita-a-joan-m-castells-director-general-de-fiatc-seguros-a-su-almuerzo-mensual-con-socios\/#primaryimage","url":"https:\/\/www.adecose.com\/wp-content\/uploads\/2023\/06\/Almuerzo-ADECOSE-junio-2023-web.jpg","contentUrl":"https:\/\/www.adecose.com\/wp-content\/uploads\/2023\/06\/Almuerzo-ADECOSE-junio-2023-web.jpg","width":1000,"height":769},{"@type":"BreadcrumbList","@id":"https:\/\/www.adecose.com\/adecose-invita-a-joan-m-castells-director-general-de-fiatc-seguros-a-su-almuerzo-mensual-con-socios\/#breadcrumb","itemListElement":[{"@type":"ListItem","position":1,"name":"Portada","item":"https:\/\/www.adecose.com\/eu\/aseguru-eta-berraseguru-artekaritzen-espainiako-elkartea\/"},{"@type":"ListItem","position":2,"name":"ADECOSE invita a Joan M. Castells director general de FIATC Seguros a su almuerzo mensual con socios"}]},{"@type":"WebSite","@id":"https:\/\/www.adecose.com\/gl\/#website","url":"https:\/\/www.adecose.com\/gl\/","name":"ADECOSE","description":"Aseguru eta Berraseguru Artekaritzen Espainiako Elkartea","publisher":{"@id":"https:\/\/www.adecose.com\/gl\/#organization"},"potentialAction":[{"@type":"SearchAction","target":{"@type":"EntryPoint","urlTemplate":"https:\/\/www.adecose.com\/gl\/?s={search_term_string}"},"query-input":{"@type":"PropertyValueSpecification","valueRequired":true,"valueName":"search_term_string"}}],"inLanguage":"eu-ES"},{"@type":"Organization","@id":"https:\/\/www.adecose.com\/gl\/#organization","name":"ADECOSE","url":"https:\/\/www.adecose.com\/gl\/","logo":{"@type":"ImageObject","inLanguage":"eu-ES","@id":"https:\/\/www.adecose.com\/gl\/#\/schema\/logo\/image\/","url":"https:\/\/www.adecose.com\/wp-content\/uploads\/2020\/07\/favicon.png","contentUrl":"https:\/\/www.adecose.com\/wp-content\/uploads\/2020\/07\/favicon.png","width":512,"height":512,"caption":"ADECOSE"},"image":{"@id":"https:\/\/www.adecose.com\/gl\/#\/schema\/logo\/image\/"}},{"@type":"Person","@id":"https:\/\/www.adecose.com\/gl\/#\/schema\/person\/ff086ce55f6379e1d225a2c0dca5eeb6","name":"Comunicaci\u00f3n ADECOSE","image":{"@type":"ImageObject","inLanguage":"eu-ES","@id":"https:\/\/secure.gravatar.com\/avatar\/01cd1f9571997441bf1da6d1cc147351305f03fe8f2acf1ebbec60ebb26924ce?s=96&d=mm&r=g","url":"https:\/\/secure.gravatar.com\/avatar\/01cd1f9571997441bf1da6d1cc147351305f03fe8f2acf1ebbec60ebb26924ce?s=96&d=mm&r=g","contentUrl":"https:\/\/secure.gravatar.com\/avatar\/01cd1f9571997441bf1da6d1cc147351305f03fe8f2acf1ebbec60ebb26924ce?s=96&d=mm&r=g","caption":"Comunicaci\u00f3n ADECOSE"}}]}},"_links":{"self":[{"href":"https:\/\/www.adecose.com\/eu\/wp-json\/wp\/v2\/posts\/14947","targetHints":{"allow":["GET"]}}],"collection":[{"href":"https:\/\/www.adecose.com\/eu\/wp-json\/wp\/v2\/posts"}],"about":[{"href":"https:\/\/www.adecose.com\/eu\/wp-json\/wp\/v2\/types\/post"}],"author":[{"embeddable":true,"href":"https:\/\/www.adecose.com\/eu\/wp-json\/wp\/v2\/users\/197"}],"replies":[{"embeddable":true,"href":"https:\/\/www.adecose.com\/eu\/wp-json\/wp\/v2\/comments?post=14947"}],"version-history":[{"count":0,"href":"https:\/\/www.adecose.com\/eu\/wp-json\/wp\/v2\/posts\/14947\/revisions"}],"wp:featuredmedia":[{"embeddable":true,"href":"https:\/\/www.adecose.com\/eu\/wp-json\/wp\/v2\/media\/14948"}],"wp:attachment":[{"href":"https:\/\/www.adecose.com\/eu\/wp-json\/wp\/v2\/media?parent=14947"}],"wp:term":[{"taxonomy":"category","embeddable":true,"href":"https:\/\/www.adecose.com\/eu\/wp-json\/wp\/v2\/categories?post=14947"},{"taxonomy":"post_tag","embeddable":true,"href":"https:\/\/www.adecose.com\/eu\/wp-json\/wp\/v2\/tags?post=14947"}],"curies":[{"name":"wp","href":"https:\/\/api.w.org\/{rel}","templated":true}]}}