{"id":14875,"date":"2023-06-21T15:40:25","date_gmt":"2023-06-21T13:40:25","guid":{"rendered":"https:\/\/www.adecose.com\/?p=14875"},"modified":"2023-06-22T09:14:26","modified_gmt":"2023-06-22T07:14:26","slug":"adecose-y-consejo-general-anfitriones-de-la-reunion-semestral-de-bipar-en-madrid","status":"publish","type":"post","link":"https:\/\/www.adecose.com\/eu\/adecose-y-consejo-general-anfitriones-de-la-reunion-semestral-de-bipar-en-madrid\/","title":{"rendered":"ADECOSE y Consejo General, anfitriones de la reuni\u00f3n semestral de BIPAR en Madrid  \u00a0"},"content":{"rendered":"[vc_row type=&#8221;in_container&#8221; full_screen_row_position=&#8221;middle&#8221; column_margin=&#8221;default&#8221; column_direction=&#8221;default&#8221; column_direction_tablet=&#8221;default&#8221; column_direction_phone=&#8221;default&#8221; scene_position=&#8221;center&#8221; text_color=&#8221;dark&#8221; text_align=&#8221;left&#8221; row_border_radius=&#8221;none&#8221; row_border_radius_applies=&#8221;bg&#8221; overflow=&#8221;visible&#8221; overlay_strength=&#8221;0.3&#8243; gradient_direction=&#8221;left_to_right&#8221; shape_divider_position=&#8221;bottom&#8221; bg_image_animation=&#8221;none&#8221;][vc_column column_padding=&#8221;no-extra-padding&#8221; column_padding_tablet=&#8221;inherit&#8221; column_padding_phone=&#8221;inherit&#8221; column_padding_position=&#8221;all&#8221; column_element_direction_desktop=&#8221;default&#8221; column_element_spacing=&#8221;default&#8221; desktop_text_alignment=&#8221;default&#8221; tablet_text_alignment=&#8221;default&#8221; phone_text_alignment=&#8221;default&#8221; background_color_opacity=&#8221;1&#8243; background_hover_color_opacity=&#8221;1&#8243; column_backdrop_filter=&#8221;none&#8221; column_shadow=&#8221;none&#8221; column_border_radius=&#8221;none&#8221; column_link_target=&#8221;_self&#8221; column_position=&#8221;default&#8221; gradient_direction=&#8221;left_to_right&#8221; overlay_strength=&#8221;0.3&#8243; width=&#8221;1\/1&#8243; tablet_width_inherit=&#8221;default&#8221; animation_type=&#8221;default&#8221; bg_image_animation=&#8221;none&#8221; border_type=&#8221;simple&#8221; column_border_width=&#8221;none&#8221; column_border_style=&#8221;solid&#8221;][vc_column_text]\n<ul>\n<li><strong><em>Se celebrar\u00e1 los pr\u00f3ximos d\u00edas 22 y 23 de junio en Madrid y reunir\u00e1 a m\u00e1s de 100 representantes de asociaciones europeas de la mediaci\u00f3n de seguros.<\/em><\/strong><\/li>\n<\/ul>\n<p>Los pr\u00f3ximos 22 y 23 de junio se celebrar\u00e1 en Madrid la reuni\u00f3n semestral de la Federaci\u00f3n Europea de Intermediarios de Seguros (BIPAR), que contar\u00e1 con la participaci\u00f3n de m\u00e1s de 100 representantes de las asociaciones europeas de la mediaci\u00f3n. ADECOSE y el Consejo General de los Colegios de Mediadores de Seguros ejercer\u00e1n como anfitriones, contribuyendo a la organizaci\u00f3n de las jornadas.<\/p>\n<p>Mart\u00edn Navaz y Javier Barber\u00e1, presidentes de ADECOSE y Consejo General, respectivamente, dar\u00e1n la bienvenida a los presentes. Posteriormente, tendr\u00e1n lugar exposiciones sobre asuntos relacionados con la regulaci\u00f3n del sector asegurador, macroeconom\u00eda, riesgos catastr\u00f3ficos e innovaci\u00f3n, entre otros. Las ponencias contar\u00e1n con representantes de instituciones espa\u00f1olas, interviniendo el secretario de Estado de Econom\u00eda y Apoyo a la Empresa, <strong>Gonzalo Garc\u00eda<\/strong>; el director general de Seguros y Fondos de Pensiones, <strong>Sergio \u00c1lvarez<\/strong>; y el subdirector de Estudios y Relaciones Internacionales del Consorcio de Compensaci\u00f3n de Seguros, <strong>Francisco Espejo<\/strong>.<\/p>\n<p>Asimismo, debatir\u00e1n los representantes de la Autoridad Europea de Seguros y Pensiones de Jubilaci\u00f3n (<strong>EIOPA<\/strong>) y de la <strong>Comisi\u00f3n Europea<\/strong>. La reuni\u00f3n semestral culminar\u00e1 con la celebraci\u00f3n de la <strong>Asamblea General de BIPAR<\/strong>, donde se proceder\u00e1 a la <strong>reelecci\u00f3n ordinaria de la Junta Directiva<\/strong> de la Federaci\u00f3n y a la aprobaci\u00f3n de las actividades y cuentas generales.[\/vc_column_text][\/vc_column][\/vc_row]\n","protected":false},"excerpt":{"rendered":"<p>[vc_row type=&#8221;in_container&#8221; full_screen_row_position=&#8221;middle&#8221; column_margin=&#8221;default&#8221; column_direction=&#8221;default&#8221; column_direction_tablet=&#8221;default&#8221; column_direction_phone=&#8221;default&#8221; scene_position=&#8221;center&#8221; text_color=&#8221;dark&#8221; text_align=&#8221;left&#8221; row_border_radius=&#8221;none&#8221; row_border_radius_applies=&#8221;bg&#8221; overflow=&#8221;visible&#8221; overlay_strength=&#8221;0.3&#8243; gradient_direction=&#8221;left_to_right&#8221; shape_divider_position=&#8221;bottom&#8221; bg_image_animation=&#8221;none&#8221;][vc_column column_padding=&#8221;no-extra-padding&#8221; column_padding_tablet=&#8221;inherit&#8221; column_padding_phone=&#8221;inherit&#8221; column_padding_position=&#8221;all&#8221; column_element_direction_desktop=&#8221;default&#8221; column_element_spacing=&#8221;default&#8221; desktop_text_alignment=&#8221;default&#8221; tablet_text_alignment=&#8221;default&#8221;&#8230;<\/p>\n","protected":false},"author":197,"featured_media":10763,"comment_status":"closed","ping_status":"closed","sticky":false,"template":"","format":"standard","meta":{"_acf_changed":false,"_price":"","_stock":"","_tribe_ticket_header":"","_tribe_default_ticket_provider":"","_tribe_ticket_capacity":"0","_ticket_start_date":"","_ticket_end_date":"","_tribe_ticket_show_description":"","_tribe_ticket_show_not_going":false,"_tribe_ticket_use_global_stock":"","_tribe_ticket_global_stock_level":"","_global_stock_mode":"","_global_stock_cap":"","_tribe_rsvp_for_event":"","_tribe_ticket_going_count":"","_tribe_ticket_not_going_count":"","_tribe_tickets_list":"[]","_tribe_ticket_has_attendee_info_fields":false,"footnotes":""},"categories":[2],"tags":[288],"class_list":["post-14875","post","type-post","status-publish","format-standard","has-post-thumbnail","category-noticias","tag-bipar"],"acf":[],"yoast_head":"<!-- This site is optimized with the Yoast SEO plugin v27.2 - https:\/\/yoast.com\/product\/yoast-seo-wordpress\/ -->\n<title>ADECOSE y Consejo General, anfitriones de la reuni\u00f3n semestral de BIPAR en Madrid \u00a0 - ADECOSE<\/title>\n<meta name=\"robots\" content=\"index, follow, max-snippet:-1, max-image-preview:large, max-video-preview:-1\" \/>\n<link rel=\"canonical\" href=\"https:\/\/www.adecose.com\/adecose-y-consejo-general-anfitriones-de-la-reunion-semestral-de-bipar-en-madrid\/\" \/>\n<meta property=\"og:locale\" content=\"eu_ES\" \/>\n<meta property=\"og:type\" content=\"article\" \/>\n<meta property=\"og:title\" content=\"ADECOSE y Consejo General, anfitriones de la reuni\u00f3n semestral de BIPAR en Madrid \u00a0 - ADECOSE\" \/>\n<meta property=\"og:description\" content=\"[vc_row type=&#8221;in_container&#8221; full_screen_row_position=&#8221;middle&#8221; column_margin=&#8221;default&#8221; column_direction=&#8221;default&#8221; column_direction_tablet=&#8221;default&#8221; column_direction_phone=&#8221;default&#8221; scene_position=&#8221;center&#8221; text_color=&#8221;dark&#8221; text_align=&#8221;left&#8221; row_border_radius=&#8221;none&#8221; row_border_radius_applies=&#8221;bg&#8221; overflow=&#8221;visible&#8221; overlay_strength=&#8221;0.3&#8243; gradient_direction=&#8221;left_to_right&#8221; shape_divider_position=&#8221;bottom&#8221; bg_image_animation=&#8221;none&#8221;][vc_column column_padding=&#8221;no-extra-padding&#8221; column_padding_tablet=&#8221;inherit&#8221; column_padding_phone=&#8221;inherit&#8221; column_padding_position=&#8221;all&#8221; column_element_direction_desktop=&#8221;default&#8221; column_element_spacing=&#8221;default&#8221; desktop_text_alignment=&#8221;default&#8221; tablet_text_alignment=&#8221;default&#8221;...\" \/>\n<meta property=\"og:url\" content=\"https:\/\/www.adecose.com\/adecose-y-consejo-general-anfitriones-de-la-reunion-semestral-de-bipar-en-madrid\/\" \/>\n<meta property=\"og:site_name\" content=\"ADECOSE\" \/>\n<meta property=\"article:published_time\" content=\"2023-06-21T13:40:25+00:00\" \/>\n<meta property=\"article:modified_time\" content=\"2023-06-22T07:14:26+00:00\" \/>\n<meta property=\"og:image\" content=\"https:\/\/www.adecose.com\/wp-content\/uploads\/2021\/06\/Bandera-Europa\u00b4baja.jpg\" \/>\n\t<meta property=\"og:image:width\" content=\"700\" \/>\n\t<meta property=\"og:image:height\" content=\"466\" \/>\n\t<meta property=\"og:image:type\" content=\"image\/jpeg\" \/>\n<meta name=\"author\" content=\"Comunicaci\u00f3n ADECOSE\" \/>\n<meta name=\"twitter:card\" content=\"summary_large_image\" \/>\n<meta name=\"twitter:label1\" content=\"Written by\" \/>\n\t<meta name=\"twitter:data1\" content=\"Comunicaci\u00f3n ADECOSE\" \/>\n\t<meta name=\"twitter:label2\" content=\"Est. reading time\" \/>\n\t<meta name=\"twitter:data2\" content=\"2 minutes\" \/>\n<script type=\"application\/ld+json\" class=\"yoast-schema-graph\">{\"@context\":\"https:\/\/schema.org\",\"@graph\":[{\"@type\":\"Article\",\"@id\":\"https:\/\/www.adecose.com\/adecose-y-consejo-general-anfitriones-de-la-reunion-semestral-de-bipar-en-madrid\/#article\",\"isPartOf\":{\"@id\":\"https:\/\/www.adecose.com\/adecose-y-consejo-general-anfitriones-de-la-reunion-semestral-de-bipar-en-madrid\/\"},\"author\":{\"name\":\"Comunicaci\u00f3n ADECOSE\",\"@id\":\"https:\/\/www.adecose.com\/gl\/#\/schema\/person\/ff086ce55f6379e1d225a2c0dca5eeb6\"},\"headline\":\"ADECOSE y Consejo General, anfitriones de la reuni\u00f3n semestral de BIPAR en Madrid \u00a0\",\"datePublished\":\"2023-06-21T13:40:25+00:00\",\"dateModified\":\"2023-06-22T07:14:26+00:00\",\"mainEntityOfPage\":{\"@id\":\"https:\/\/www.adecose.com\/adecose-y-consejo-general-anfitriones-de-la-reunion-semestral-de-bipar-en-madrid\/\"},\"wordCount\":435,\"publisher\":{\"@id\":\"https:\/\/www.adecose.com\/gl\/#organization\"},\"image\":{\"@id\":\"https:\/\/www.adecose.com\/adecose-y-consejo-general-anfitriones-de-la-reunion-semestral-de-bipar-en-madrid\/#primaryimage\"},\"thumbnailUrl\":\"https:\/\/www.adecose.com\/wp-content\/uploads\/2021\/06\/Bandera-Europa\u00b4baja.jpg\",\"keywords\":[\"BIPAR\"],\"articleSection\":[\"Noticias\"],\"inLanguage\":\"eu-ES\"},{\"@type\":\"WebPage\",\"@id\":\"https:\/\/www.adecose.com\/adecose-y-consejo-general-anfitriones-de-la-reunion-semestral-de-bipar-en-madrid\/\",\"url\":\"https:\/\/www.adecose.com\/adecose-y-consejo-general-anfitriones-de-la-reunion-semestral-de-bipar-en-madrid\/\",\"name\":\"ADECOSE y Consejo General, anfitriones de la reuni\u00f3n semestral de BIPAR en Madrid \u00a0 - ADECOSE\",\"isPartOf\":{\"@id\":\"https:\/\/www.adecose.com\/gl\/#website\"},\"primaryImageOfPage\":{\"@id\":\"https:\/\/www.adecose.com\/adecose-y-consejo-general-anfitriones-de-la-reunion-semestral-de-bipar-en-madrid\/#primaryimage\"},\"image\":{\"@id\":\"https:\/\/www.adecose.com\/adecose-y-consejo-general-anfitriones-de-la-reunion-semestral-de-bipar-en-madrid\/#primaryimage\"},\"thumbnailUrl\":\"https:\/\/www.adecose.com\/wp-content\/uploads\/2021\/06\/Bandera-Europa\u00b4baja.jpg\",\"datePublished\":\"2023-06-21T13:40:25+00:00\",\"dateModified\":\"2023-06-22T07:14:26+00:00\",\"breadcrumb\":{\"@id\":\"https:\/\/www.adecose.com\/adecose-y-consejo-general-anfitriones-de-la-reunion-semestral-de-bipar-en-madrid\/#breadcrumb\"},\"inLanguage\":\"eu-ES\",\"potentialAction\":[{\"@type\":\"ReadAction\",\"target\":[\"https:\/\/www.adecose.com\/adecose-y-consejo-general-anfitriones-de-la-reunion-semestral-de-bipar-en-madrid\/\"]}]},{\"@type\":\"ImageObject\",\"inLanguage\":\"eu-ES\",\"@id\":\"https:\/\/www.adecose.com\/adecose-y-consejo-general-anfitriones-de-la-reunion-semestral-de-bipar-en-madrid\/#primaryimage\",\"url\":\"https:\/\/www.adecose.com\/wp-content\/uploads\/2021\/06\/Bandera-Europa\u00b4baja.jpg\",\"contentUrl\":\"https:\/\/www.adecose.com\/wp-content\/uploads\/2021\/06\/Bandera-Europa\u00b4baja.jpg\",\"width\":700,\"height\":466},{\"@type\":\"BreadcrumbList\",\"@id\":\"https:\/\/www.adecose.com\/adecose-y-consejo-general-anfitriones-de-la-reunion-semestral-de-bipar-en-madrid\/#breadcrumb\",\"itemListElement\":[{\"@type\":\"ListItem\",\"position\":1,\"name\":\"Portada\",\"item\":\"https:\/\/www.adecose.com\/eu\/aseguru-eta-berraseguru-artekaritzen-espainiako-elkartea\/\"},{\"@type\":\"ListItem\",\"position\":2,\"name\":\"ADECOSE y Consejo General, anfitriones de la reuni\u00f3n semestral de BIPAR en Madrid \u00a0\"}]},{\"@type\":\"WebSite\",\"@id\":\"https:\/\/www.adecose.com\/gl\/#website\",\"url\":\"https:\/\/www.adecose.com\/gl\/\",\"name\":\"ADECOSE\",\"description\":\"Aseguru eta Berraseguru Artekaritzen Espainiako Elkartea\",\"publisher\":{\"@id\":\"https:\/\/www.adecose.com\/gl\/#organization\"},\"potentialAction\":[{\"@type\":\"SearchAction\",\"target\":{\"@type\":\"EntryPoint\",\"urlTemplate\":\"https:\/\/www.adecose.com\/gl\/?s={search_term_string}\"},\"query-input\":{\"@type\":\"PropertyValueSpecification\",\"valueRequired\":true,\"valueName\":\"search_term_string\"}}],\"inLanguage\":\"eu-ES\"},{\"@type\":\"Organization\",\"@id\":\"https:\/\/www.adecose.com\/gl\/#organization\",\"name\":\"ADECOSE\",\"url\":\"https:\/\/www.adecose.com\/gl\/\",\"logo\":{\"@type\":\"ImageObject\",\"inLanguage\":\"eu-ES\",\"@id\":\"https:\/\/www.adecose.com\/gl\/#\/schema\/logo\/image\/\",\"url\":\"https:\/\/www.adecose.com\/wp-content\/uploads\/2020\/07\/favicon.png\",\"contentUrl\":\"https:\/\/www.adecose.com\/wp-content\/uploads\/2020\/07\/favicon.png\",\"width\":512,\"height\":512,\"caption\":\"ADECOSE\"},\"image\":{\"@id\":\"https:\/\/www.adecose.com\/gl\/#\/schema\/logo\/image\/\"}},{\"@type\":\"Person\",\"@id\":\"https:\/\/www.adecose.com\/gl\/#\/schema\/person\/ff086ce55f6379e1d225a2c0dca5eeb6\",\"name\":\"Comunicaci\u00f3n ADECOSE\",\"image\":{\"@type\":\"ImageObject\",\"inLanguage\":\"eu-ES\",\"@id\":\"https:\/\/secure.gravatar.com\/avatar\/01cd1f9571997441bf1da6d1cc147351305f03fe8f2acf1ebbec60ebb26924ce?s=96&d=mm&r=g\",\"url\":\"https:\/\/secure.gravatar.com\/avatar\/01cd1f9571997441bf1da6d1cc147351305f03fe8f2acf1ebbec60ebb26924ce?s=96&d=mm&r=g\",\"contentUrl\":\"https:\/\/secure.gravatar.com\/avatar\/01cd1f9571997441bf1da6d1cc147351305f03fe8f2acf1ebbec60ebb26924ce?s=96&d=mm&r=g\",\"caption\":\"Comunicaci\u00f3n ADECOSE\"}}]}<\/script>\n<!-- \/ Yoast SEO plugin. -->","yoast_head_json":{"title":"ADECOSE y Consejo General, anfitriones de la reuni\u00f3n semestral de BIPAR en Madrid \u00a0 - ADECOSE","robots":{"index":"index","follow":"follow","max-snippet":"max-snippet:-1","max-image-preview":"max-image-preview:large","max-video-preview":"max-video-preview:-1"},"canonical":"https:\/\/www.adecose.com\/adecose-y-consejo-general-anfitriones-de-la-reunion-semestral-de-bipar-en-madrid\/","og_locale":"eu_ES","og_type":"article","og_title":"ADECOSE y Consejo General, anfitriones de la reuni\u00f3n semestral de BIPAR en Madrid \u00a0 - ADECOSE","og_description":"[vc_row type=&#8221;in_container&#8221; full_screen_row_position=&#8221;middle&#8221; column_margin=&#8221;default&#8221; column_direction=&#8221;default&#8221; column_direction_tablet=&#8221;default&#8221; column_direction_phone=&#8221;default&#8221; scene_position=&#8221;center&#8221; text_color=&#8221;dark&#8221; text_align=&#8221;left&#8221; row_border_radius=&#8221;none&#8221; row_border_radius_applies=&#8221;bg&#8221; overflow=&#8221;visible&#8221; overlay_strength=&#8221;0.3&#8243; gradient_direction=&#8221;left_to_right&#8221; shape_divider_position=&#8221;bottom&#8221; bg_image_animation=&#8221;none&#8221;][vc_column column_padding=&#8221;no-extra-padding&#8221; column_padding_tablet=&#8221;inherit&#8221; column_padding_phone=&#8221;inherit&#8221; column_padding_position=&#8221;all&#8221; column_element_direction_desktop=&#8221;default&#8221; column_element_spacing=&#8221;default&#8221; desktop_text_alignment=&#8221;default&#8221; tablet_text_alignment=&#8221;default&#8221;...","og_url":"https:\/\/www.adecose.com\/adecose-y-consejo-general-anfitriones-de-la-reunion-semestral-de-bipar-en-madrid\/","og_site_name":"ADECOSE","article_published_time":"2023-06-21T13:40:25+00:00","article_modified_time":"2023-06-22T07:14:26+00:00","og_image":[{"width":700,"height":466,"url":"https:\/\/www.adecose.com\/wp-content\/uploads\/2021\/06\/Bandera-Europa\u00b4baja.jpg","type":"image\/jpeg"}],"author":"Comunicaci\u00f3n ADECOSE","twitter_card":"summary_large_image","twitter_misc":{"Written by":"Comunicaci\u00f3n ADECOSE","Est. reading time":"2 minutes"},"schema":{"@context":"https:\/\/schema.org","@graph":[{"@type":"Article","@id":"https:\/\/www.adecose.com\/adecose-y-consejo-general-anfitriones-de-la-reunion-semestral-de-bipar-en-madrid\/#article","isPartOf":{"@id":"https:\/\/www.adecose.com\/adecose-y-consejo-general-anfitriones-de-la-reunion-semestral-de-bipar-en-madrid\/"},"author":{"name":"Comunicaci\u00f3n ADECOSE","@id":"https:\/\/www.adecose.com\/gl\/#\/schema\/person\/ff086ce55f6379e1d225a2c0dca5eeb6"},"headline":"ADECOSE y Consejo General, anfitriones de la reuni\u00f3n semestral de BIPAR en Madrid \u00a0","datePublished":"2023-06-21T13:40:25+00:00","dateModified":"2023-06-22T07:14:26+00:00","mainEntityOfPage":{"@id":"https:\/\/www.adecose.com\/adecose-y-consejo-general-anfitriones-de-la-reunion-semestral-de-bipar-en-madrid\/"},"wordCount":435,"publisher":{"@id":"https:\/\/www.adecose.com\/gl\/#organization"},"image":{"@id":"https:\/\/www.adecose.com\/adecose-y-consejo-general-anfitriones-de-la-reunion-semestral-de-bipar-en-madrid\/#primaryimage"},"thumbnailUrl":"https:\/\/www.adecose.com\/wp-content\/uploads\/2021\/06\/Bandera-Europa\u00b4baja.jpg","keywords":["BIPAR"],"articleSection":["Noticias"],"inLanguage":"eu-ES"},{"@type":"WebPage","@id":"https:\/\/www.adecose.com\/adecose-y-consejo-general-anfitriones-de-la-reunion-semestral-de-bipar-en-madrid\/","url":"https:\/\/www.adecose.com\/adecose-y-consejo-general-anfitriones-de-la-reunion-semestral-de-bipar-en-madrid\/","name":"ADECOSE y Consejo General, anfitriones de la reuni\u00f3n semestral de BIPAR en Madrid \u00a0 - ADECOSE","isPartOf":{"@id":"https:\/\/www.adecose.com\/gl\/#website"},"primaryImageOfPage":{"@id":"https:\/\/www.adecose.com\/adecose-y-consejo-general-anfitriones-de-la-reunion-semestral-de-bipar-en-madrid\/#primaryimage"},"image":{"@id":"https:\/\/www.adecose.com\/adecose-y-consejo-general-anfitriones-de-la-reunion-semestral-de-bipar-en-madrid\/#primaryimage"},"thumbnailUrl":"https:\/\/www.adecose.com\/wp-content\/uploads\/2021\/06\/Bandera-Europa\u00b4baja.jpg","datePublished":"2023-06-21T13:40:25+00:00","dateModified":"2023-06-22T07:14:26+00:00","breadcrumb":{"@id":"https:\/\/www.adecose.com\/adecose-y-consejo-general-anfitriones-de-la-reunion-semestral-de-bipar-en-madrid\/#breadcrumb"},"inLanguage":"eu-ES","potentialAction":[{"@type":"ReadAction","target":["https:\/\/www.adecose.com\/adecose-y-consejo-general-anfitriones-de-la-reunion-semestral-de-bipar-en-madrid\/"]}]},{"@type":"ImageObject","inLanguage":"eu-ES","@id":"https:\/\/www.adecose.com\/adecose-y-consejo-general-anfitriones-de-la-reunion-semestral-de-bipar-en-madrid\/#primaryimage","url":"https:\/\/www.adecose.com\/wp-content\/uploads\/2021\/06\/Bandera-Europa\u00b4baja.jpg","contentUrl":"https:\/\/www.adecose.com\/wp-content\/uploads\/2021\/06\/Bandera-Europa\u00b4baja.jpg","width":700,"height":466},{"@type":"BreadcrumbList","@id":"https:\/\/www.adecose.com\/adecose-y-consejo-general-anfitriones-de-la-reunion-semestral-de-bipar-en-madrid\/#breadcrumb","itemListElement":[{"@type":"ListItem","position":1,"name":"Portada","item":"https:\/\/www.adecose.com\/eu\/aseguru-eta-berraseguru-artekaritzen-espainiako-elkartea\/"},{"@type":"ListItem","position":2,"name":"ADECOSE y Consejo General, anfitriones de la reuni\u00f3n semestral de BIPAR en Madrid \u00a0"}]},{"@type":"WebSite","@id":"https:\/\/www.adecose.com\/gl\/#website","url":"https:\/\/www.adecose.com\/gl\/","name":"ADECOSE","description":"Aseguru eta Berraseguru Artekaritzen Espainiako Elkartea","publisher":{"@id":"https:\/\/www.adecose.com\/gl\/#organization"},"potentialAction":[{"@type":"SearchAction","target":{"@type":"EntryPoint","urlTemplate":"https:\/\/www.adecose.com\/gl\/?s={search_term_string}"},"query-input":{"@type":"PropertyValueSpecification","valueRequired":true,"valueName":"search_term_string"}}],"inLanguage":"eu-ES"},{"@type":"Organization","@id":"https:\/\/www.adecose.com\/gl\/#organization","name":"ADECOSE","url":"https:\/\/www.adecose.com\/gl\/","logo":{"@type":"ImageObject","inLanguage":"eu-ES","@id":"https:\/\/www.adecose.com\/gl\/#\/schema\/logo\/image\/","url":"https:\/\/www.adecose.com\/wp-content\/uploads\/2020\/07\/favicon.png","contentUrl":"https:\/\/www.adecose.com\/wp-content\/uploads\/2020\/07\/favicon.png","width":512,"height":512,"caption":"ADECOSE"},"image":{"@id":"https:\/\/www.adecose.com\/gl\/#\/schema\/logo\/image\/"}},{"@type":"Person","@id":"https:\/\/www.adecose.com\/gl\/#\/schema\/person\/ff086ce55f6379e1d225a2c0dca5eeb6","name":"Comunicaci\u00f3n ADECOSE","image":{"@type":"ImageObject","inLanguage":"eu-ES","@id":"https:\/\/secure.gravatar.com\/avatar\/01cd1f9571997441bf1da6d1cc147351305f03fe8f2acf1ebbec60ebb26924ce?s=96&d=mm&r=g","url":"https:\/\/secure.gravatar.com\/avatar\/01cd1f9571997441bf1da6d1cc147351305f03fe8f2acf1ebbec60ebb26924ce?s=96&d=mm&r=g","contentUrl":"https:\/\/secure.gravatar.com\/avatar\/01cd1f9571997441bf1da6d1cc147351305f03fe8f2acf1ebbec60ebb26924ce?s=96&d=mm&r=g","caption":"Comunicaci\u00f3n ADECOSE"}}]}},"_links":{"self":[{"href":"https:\/\/www.adecose.com\/eu\/wp-json\/wp\/v2\/posts\/14875","targetHints":{"allow":["GET"]}}],"collection":[{"href":"https:\/\/www.adecose.com\/eu\/wp-json\/wp\/v2\/posts"}],"about":[{"href":"https:\/\/www.adecose.com\/eu\/wp-json\/wp\/v2\/types\/post"}],"author":[{"embeddable":true,"href":"https:\/\/www.adecose.com\/eu\/wp-json\/wp\/v2\/users\/197"}],"replies":[{"embeddable":true,"href":"https:\/\/www.adecose.com\/eu\/wp-json\/wp\/v2\/comments?post=14875"}],"version-history":[{"count":0,"href":"https:\/\/www.adecose.com\/eu\/wp-json\/wp\/v2\/posts\/14875\/revisions"}],"wp:featuredmedia":[{"embeddable":true,"href":"https:\/\/www.adecose.com\/eu\/wp-json\/wp\/v2\/media\/10763"}],"wp:attachment":[{"href":"https:\/\/www.adecose.com\/eu\/wp-json\/wp\/v2\/media?parent=14875"}],"wp:term":[{"taxonomy":"category","embeddable":true,"href":"https:\/\/www.adecose.com\/eu\/wp-json\/wp\/v2\/categories?post=14875"},{"taxonomy":"post_tag","embeddable":true,"href":"https:\/\/www.adecose.com\/eu\/wp-json\/wp\/v2\/tags?post=14875"}],"curies":[{"name":"wp","href":"https:\/\/api.w.org\/{rel}","templated":true}]}}