{"id":12541,"date":"2022-05-18T09:36:25","date_gmt":"2022-05-18T07:36:25","guid":{"rendered":"https:\/\/www.adecose.com\/?p=12541"},"modified":"2022-05-18T15:34:14","modified_gmt":"2022-05-18T13:34:14","slug":"adecose-velara-por-evitar-que-se-exijan-seguros-en-la-concesion-de-la-nueva-linea-de-avales-del-ico","status":"publish","type":"post","link":"https:\/\/www.adecose.com\/eu\/adecose-velara-por-evitar-que-se-exijan-seguros-en-la-concesion-de-la-nueva-linea-de-avales-del-ico\/","title":{"rendered":"ADECOSE velar\u00e1 por evitar que se exijan seguros en la concesi\u00f3n de la nueva l\u00ednea de avales del ICO"},"content":{"rendered":"[vc_row type=&#8221;in_container&#8221; full_screen_row_position=&#8221;middle&#8221; column_margin=&#8221;default&#8221; column_direction=&#8221;default&#8221; column_direction_tablet=&#8221;default&#8221; column_direction_phone=&#8221;default&#8221; scene_position=&#8221;center&#8221; text_color=&#8221;dark&#8221; text_align=&#8221;left&#8221; row_border_radius=&#8221;none&#8221; row_border_radius_applies=&#8221;bg&#8221; overflow=&#8221;visible&#8221; overlay_strength=&#8221;0.3&#8243; gradient_direction=&#8221;left_to_right&#8221; shape_divider_position=&#8221;bottom&#8221; bg_image_animation=&#8221;none&#8221;][vc_column column_padding=&#8221;no-extra-padding&#8221; column_padding_tablet=&#8221;inherit&#8221; column_padding_phone=&#8221;inherit&#8221; column_padding_position=&#8221;all&#8221; column_element_spacing=&#8221;default&#8221; background_color_opacity=&#8221;1&#8243; background_hover_color_opacity=&#8221;1&#8243; column_shadow=&#8221;none&#8221; column_border_radius=&#8221;none&#8221; column_link_target=&#8221;_self&#8221; column_position=&#8221;default&#8221; gradient_direction=&#8221;left_to_right&#8221; overlay_strength=&#8221;0.3&#8243; width=&#8221;1\/1&#8243; tablet_width_inherit=&#8221;default&#8221; tablet_text_alignment=&#8221;default&#8221; phone_text_alignment=&#8221;default&#8221; animation_type=&#8221;default&#8221; bg_image_animation=&#8221;none&#8221; border_type=&#8221;simple&#8221; column_border_width=&#8221;none&#8221; column_border_style=&#8221;solid&#8221;][vc_column_text]\n<ul>\n<li><strong><em>El Consejo de Ministros ha aprobado la apertura de un primer tramo de 5.000 millones de euros de la nueva l\u00ednea de avales p\u00fablicos que llegar\u00e1 hasta los 10.000 millones de euros. Est\u00e1 destinada a empresas y aut\u00f3nomos para hacer frente al impacto econ\u00f3mico causado por la guerra en Ucrania.<\/em><\/strong><\/li>\n<li><strong><em>ADECOSE trasladar\u00e1 a la CNMC las <\/em><em>denuncias de posibles conductas abusivas y <\/em><em>anticompetitivas en la concesi\u00f3n de pr\u00e9stamos ICO, tal y como hizo en la anterior colocaci\u00f3n derivada del COVID.<\/em><\/strong><\/li>\n<\/ul>\n[\/vc_column_text][\/vc_column][\/vc_row][vc_row type=&#8221;in_container&#8221; full_screen_row_position=&#8221;middle&#8221; column_margin=&#8221;default&#8221; column_direction=&#8221;default&#8221; column_direction_tablet=&#8221;default&#8221; column_direction_phone=&#8221;default&#8221; scene_position=&#8221;center&#8221; text_color=&#8221;dark&#8221; text_align=&#8221;left&#8221; row_border_radius=&#8221;none&#8221; row_border_radius_applies=&#8221;bg&#8221; overflow=&#8221;visible&#8221; overlay_strength=&#8221;0.3&#8243; gradient_direction=&#8221;left_to_right&#8221; shape_divider_position=&#8221;bottom&#8221; bg_image_animation=&#8221;none&#8221;][vc_column column_padding=&#8221;no-extra-padding&#8221; column_padding_tablet=&#8221;inherit&#8221; column_padding_phone=&#8221;inherit&#8221; column_padding_position=&#8221;all&#8221; column_element_spacing=&#8221;default&#8221; background_color_opacity=&#8221;1&#8243; background_hover_color_opacity=&#8221;1&#8243; column_shadow=&#8221;none&#8221; column_border_radius=&#8221;none&#8221; column_link_target=&#8221;_self&#8221; column_position=&#8221;default&#8221; gradient_direction=&#8221;left_to_right&#8221; overlay_strength=&#8221;0.3&#8243; width=&#8221;1\/1&#8243; tablet_width_inherit=&#8221;default&#8221; tablet_text_alignment=&#8221;default&#8221; phone_text_alignment=&#8221;default&#8221; animation_type=&#8221;default&#8221; bg_image_animation=&#8221;none&#8221; border_type=&#8221;simple&#8221; column_border_width=&#8221;none&#8221; column_border_style=&#8221;solid&#8221;][vc_column_text]Ante el anuncio Consejo de Ministros sobre<strong> la aprobaci\u00f3n de una nueva l\u00ednea de avales del Instituto de Cr\u00e9dito Oficial (ICO) para mitigar el impacto econ\u00f3mico causado por la guerra en Ucrania<\/strong>, ADECOSE anuncia que colaborar\u00e1 con la Comisi\u00f3n Nacional de los Mercados y la Competencia (CNMC) para canalizar y transmitir <strong>posibles pr\u00e1cticas anticompetitivas<\/strong> en la distribuci\u00f3n de seguros por parte de entidades financieras en la concesi\u00f3n de estos pr\u00e9stamos, tal y como hizo en la anterior colocaci\u00f3n derivada de la COVID-19.<\/p>\n<p style=\"font-weight: 400;\">En este sentido, ADECOSE recuerda que este tipo de conductas ya se dieron en la<strong>\u00a0<\/strong>concesi\u00f3n de las l\u00edneas de avales <strong>ICO-COVID<\/strong>, por la que <strong>la CNMC abri\u00f3<\/strong> <strong>expedientes sancionadores<\/strong> a cuatro entidades por posibles pr\u00e1cticas anticompetitivas; e <strong>inst\u00f3 a ADECOSE a participar en la investigaci\u00f3n<\/strong> sobre posibles abusos relacionados con la suscripci\u00f3n de estos pr\u00e9stamos\u00a0y, en particular, por la posible vinculaci\u00f3n de los cr\u00e9ditos con productos aseguradores. Cabe destacar que las denuncias presentadas por la Asociaci\u00f3n fueron aceptadas por la CNMC siendo ADECOSE la <strong>\u00fanica organizaci\u00f3n de la mediaci\u00f3n<\/strong> <strong>de seguros<\/strong> que est\u00e1 colaborando en este procedimiento sancionador a petici\u00f3n de la propia autoridad.<\/p>\n<p style=\"font-weight: 400;\">Por ello, ADECOSE seguir\u00e1 poniendo en conocimiento de la CNMC denuncias sobre posibles pr\u00e1cticas de car\u00e1cter anticompetitivo\u00a0por parte de entidades financieras que\u00a0<strong>vinculan, supeditan o condicionan la concesi\u00f3n de financiaci\u00f3n\u00a0a la previa contrataci\u00f3n de seguros por parte de particulares y\/o empresas<\/strong>. O que puedan utilizar de\u00a0<strong>manera privilegiada e inadecuada la informaci\u00f3n<\/strong>\u00a0disponible de los clientes\u00a0relativa al tipo de productos que tienen contratados o a las condiciones econ\u00f3micas de las primas que satisfacen. Esta acci\u00f3n se coordinar\u00e1 de nuevo con las organizaciones de la mediaci\u00f3n <strong>Cojebro, Espabrok y Senda Vivir Seguros<\/strong>, en el marco del acuerdo de colaboraci\u00f3n entre las organizaciones, que tan buenos frutos dio en el anterior proceso.<\/p>\n<p style=\"font-weight: 400;\">Por otra parte, ADECOSE considera que <strong>la alusi\u00f3n por parte de la portavoz del Gobierno, Isabel Rodr\u00edguez<\/strong>, en la rueda de prensa posterior al Consejo de Ministros, sobre la necesidad de aplicar \u00ablos mejores usos y pr\u00e1cticas bancarias en beneficio de sus clientes\u00bb es \u201c<strong>muy necesaria<\/strong>\u201d para la protecci\u00f3n de los clientes y la correcta comercializaci\u00f3n de estos productos. Y conf\u00eda en el que las declaraciones de Rodr\u00edguez sobre la \u201c<strong>prohibici\u00f3n de condicionar la aprobaci\u00f3n de los pr\u00e9stamos a la contrataci\u00f3n de ning\u00fan otro servicio o producto<\/strong>\u201d sean tenidas en cuenta por las entidades financieras, no s\u00f3lo en el caso de la concesi\u00f3n de este tipo de ayudas, sino en el normal desenvolvimiento de las entidades financieras con sus clientes.<\/p>\n<p style=\"font-weight: 400;\">Para ADECOSE esta problem\u00e1tica ha sido una de sus principales inquietudes durante los \u00faltimos a\u00f1os, para lo que ha elaborado un minucioso <a href=\"https:\/\/www.fundacionadecose.com\/wp-content\/uploads\/2022\/02\/Informe_Comercializacio%CC%81n-de-seguros-por-las-entidades-financieras-en-Espan%CC%83a.pdf\">informe<\/a> sobre la protecci\u00f3n de consumidores en la comercializaci\u00f3n de seguros por las entidades financieras en Espa\u00f1a, que en estas fechas est\u00e1 presentando a los partidos pol\u00edticos y organismos de la administraci\u00f3n p\u00fablica con competencias en este \u00e1mbito.<\/p>\n[\/vc_column_text][\/vc_column][\/vc_row]\n","protected":false},"excerpt":{"rendered":"<p>[vc_row type=&#8221;in_container&#8221; full_screen_row_position=&#8221;middle&#8221; column_margin=&#8221;default&#8221; column_direction=&#8221;default&#8221; column_direction_tablet=&#8221;default&#8221; column_direction_phone=&#8221;default&#8221; scene_position=&#8221;center&#8221; text_color=&#8221;dark&#8221; text_align=&#8221;left&#8221; row_border_radius=&#8221;none&#8221; row_border_radius_applies=&#8221;bg&#8221; overflow=&#8221;visible&#8221; overlay_strength=&#8221;0.3&#8243; gradient_direction=&#8221;left_to_right&#8221; shape_divider_position=&#8221;bottom&#8221; bg_image_animation=&#8221;none&#8221;][vc_column column_padding=&#8221;no-extra-padding&#8221; column_padding_tablet=&#8221;inherit&#8221; column_padding_phone=&#8221;inherit&#8221; column_padding_position=&#8221;all&#8221; column_element_spacing=&#8221;default&#8221; background_color_opacity=&#8221;1&#8243; background_hover_color_opacity=&#8221;1&#8243; column_shadow=&#8221;none&#8221;&#8230;<\/p>\n","protected":false},"author":197,"featured_media":12542,"comment_status":"closed","ping_status":"closed","sticky":false,"template":"","format":"standard","meta":{"_acf_changed":false,"_price":"","_stock":"","_tribe_ticket_header":"","_tribe_default_ticket_provider":"","_tribe_ticket_capacity":"0","_ticket_start_date":"","_ticket_end_date":"","_tribe_ticket_show_description":"","_tribe_ticket_show_not_going":false,"_tribe_ticket_use_global_stock":"","_tribe_ticket_global_stock_level":"","_global_stock_mode":"","_global_stock_cap":"","_tribe_rsvp_for_event":"","_tribe_ticket_going_count":"","_tribe_ticket_not_going_count":"","_tribe_tickets_list":"[]","_tribe_ticket_has_attendee_info_fields":false,"footnotes":""},"categories":[2],"tags":[268,266],"class_list":["post-12541","post","type-post","status-publish","format-standard","has-post-thumbnail","category-noticias","tag-cnmc","tag-ico"],"acf":[],"yoast_head":"<!-- This site is optimized with the Yoast SEO plugin v27.2 - https:\/\/yoast.com\/product\/yoast-seo-wordpress\/ -->\n<title>ADECOSE velar\u00e1 por evitar que se exijan seguros en la concesi\u00f3n de la nueva l\u00ednea de avales del ICO - ADECOSE<\/title>\n<meta name=\"robots\" content=\"index, follow, max-snippet:-1, max-image-preview:large, max-video-preview:-1\" \/>\n<link rel=\"canonical\" href=\"https:\/\/www.adecose.com\/adecose-velara-por-evitar-que-se-exijan-seguros-en-la-concesion-de-la-nueva-linea-de-avales-del-ico\/\" \/>\n<meta property=\"og:locale\" content=\"eu_ES\" \/>\n<meta property=\"og:type\" content=\"article\" \/>\n<meta property=\"og:title\" content=\"ADECOSE velar\u00e1 por evitar que se exijan seguros en la concesi\u00f3n de la nueva l\u00ednea de avales del ICO - ADECOSE\" \/>\n<meta property=\"og:description\" content=\"[vc_row type=&#8221;in_container&#8221; full_screen_row_position=&#8221;middle&#8221; column_margin=&#8221;default&#8221; column_direction=&#8221;default&#8221; column_direction_tablet=&#8221;default&#8221; column_direction_phone=&#8221;default&#8221; scene_position=&#8221;center&#8221; text_color=&#8221;dark&#8221; text_align=&#8221;left&#8221; row_border_radius=&#8221;none&#8221; row_border_radius_applies=&#8221;bg&#8221; overflow=&#8221;visible&#8221; overlay_strength=&#8221;0.3&#8243; gradient_direction=&#8221;left_to_right&#8221; shape_divider_position=&#8221;bottom&#8221; bg_image_animation=&#8221;none&#8221;][vc_column column_padding=&#8221;no-extra-padding&#8221; column_padding_tablet=&#8221;inherit&#8221; column_padding_phone=&#8221;inherit&#8221; column_padding_position=&#8221;all&#8221; column_element_spacing=&#8221;default&#8221; background_color_opacity=&#8221;1&#8243; background_hover_color_opacity=&#8221;1&#8243; column_shadow=&#8221;none&#8221;...\" \/>\n<meta property=\"og:url\" content=\"https:\/\/www.adecose.com\/adecose-velara-por-evitar-que-se-exijan-seguros-en-la-concesion-de-la-nueva-linea-de-avales-del-ico\/\" \/>\n<meta property=\"og:site_name\" content=\"ADECOSE\" \/>\n<meta property=\"article:published_time\" content=\"2022-05-18T07:36:25+00:00\" \/>\n<meta property=\"article:modified_time\" content=\"2022-05-18T13:34:14+00:00\" \/>\n<meta property=\"og:image\" content=\"https:\/\/www.adecose.com\/wp-content\/uploads\/2022\/05\/ICO.png\" \/>\n\t<meta property=\"og:image:width\" content=\"1164\" \/>\n\t<meta property=\"og:image:height\" content=\"596\" \/>\n\t<meta property=\"og:image:type\" content=\"image\/png\" \/>\n<meta name=\"author\" content=\"Comunicaci\u00f3n ADECOSE\" \/>\n<meta name=\"twitter:card\" content=\"summary_large_image\" \/>\n<meta name=\"twitter:label1\" content=\"Written by\" \/>\n\t<meta name=\"twitter:data1\" content=\"Comunicaci\u00f3n ADECOSE\" \/>\n\t<meta name=\"twitter:label2\" content=\"Est. reading time\" \/>\n\t<meta name=\"twitter:data2\" content=\"3 minutes\" \/>\n<script type=\"application\/ld+json\" class=\"yoast-schema-graph\">{\"@context\":\"https:\/\/schema.org\",\"@graph\":[{\"@type\":\"Article\",\"@id\":\"https:\/\/www.adecose.com\/adecose-velara-por-evitar-que-se-exijan-seguros-en-la-concesion-de-la-nueva-linea-de-avales-del-ico\/#article\",\"isPartOf\":{\"@id\":\"https:\/\/www.adecose.com\/adecose-velara-por-evitar-que-se-exijan-seguros-en-la-concesion-de-la-nueva-linea-de-avales-del-ico\/\"},\"author\":{\"name\":\"Comunicaci\u00f3n ADECOSE\",\"@id\":\"https:\/\/www.adecose.com\/gl\/#\/schema\/person\/ff086ce55f6379e1d225a2c0dca5eeb6\"},\"headline\":\"ADECOSE velar\u00e1 por evitar que se exijan seguros en la concesi\u00f3n de la nueva l\u00ednea de avales del ICO\",\"datePublished\":\"2022-05-18T07:36:25+00:00\",\"dateModified\":\"2022-05-18T13:34:14+00:00\",\"mainEntityOfPage\":{\"@id\":\"https:\/\/www.adecose.com\/adecose-velara-por-evitar-que-se-exijan-seguros-en-la-concesion-de-la-nueva-linea-de-avales-del-ico\/\"},\"wordCount\":940,\"publisher\":{\"@id\":\"https:\/\/www.adecose.com\/gl\/#organization\"},\"image\":{\"@id\":\"https:\/\/www.adecose.com\/adecose-velara-por-evitar-que-se-exijan-seguros-en-la-concesion-de-la-nueva-linea-de-avales-del-ico\/#primaryimage\"},\"thumbnailUrl\":\"https:\/\/www.adecose.com\/wp-content\/uploads\/2022\/05\/ICO.png\",\"keywords\":[\"CNMC\",\"ICO\"],\"articleSection\":[\"Noticias\"],\"inLanguage\":\"eu-ES\"},{\"@type\":\"WebPage\",\"@id\":\"https:\/\/www.adecose.com\/adecose-velara-por-evitar-que-se-exijan-seguros-en-la-concesion-de-la-nueva-linea-de-avales-del-ico\/\",\"url\":\"https:\/\/www.adecose.com\/adecose-velara-por-evitar-que-se-exijan-seguros-en-la-concesion-de-la-nueva-linea-de-avales-del-ico\/\",\"name\":\"ADECOSE velar\u00e1 por evitar que se exijan seguros en la concesi\u00f3n de la nueva l\u00ednea de avales del ICO - ADECOSE\",\"isPartOf\":{\"@id\":\"https:\/\/www.adecose.com\/gl\/#website\"},\"primaryImageOfPage\":{\"@id\":\"https:\/\/www.adecose.com\/adecose-velara-por-evitar-que-se-exijan-seguros-en-la-concesion-de-la-nueva-linea-de-avales-del-ico\/#primaryimage\"},\"image\":{\"@id\":\"https:\/\/www.adecose.com\/adecose-velara-por-evitar-que-se-exijan-seguros-en-la-concesion-de-la-nueva-linea-de-avales-del-ico\/#primaryimage\"},\"thumbnailUrl\":\"https:\/\/www.adecose.com\/wp-content\/uploads\/2022\/05\/ICO.png\",\"datePublished\":\"2022-05-18T07:36:25+00:00\",\"dateModified\":\"2022-05-18T13:34:14+00:00\",\"breadcrumb\":{\"@id\":\"https:\/\/www.adecose.com\/adecose-velara-por-evitar-que-se-exijan-seguros-en-la-concesion-de-la-nueva-linea-de-avales-del-ico\/#breadcrumb\"},\"inLanguage\":\"eu-ES\",\"potentialAction\":[{\"@type\":\"ReadAction\",\"target\":[\"https:\/\/www.adecose.com\/adecose-velara-por-evitar-que-se-exijan-seguros-en-la-concesion-de-la-nueva-linea-de-avales-del-ico\/\"]}]},{\"@type\":\"ImageObject\",\"inLanguage\":\"eu-ES\",\"@id\":\"https:\/\/www.adecose.com\/adecose-velara-por-evitar-que-se-exijan-seguros-en-la-concesion-de-la-nueva-linea-de-avales-del-ico\/#primaryimage\",\"url\":\"https:\/\/www.adecose.com\/wp-content\/uploads\/2022\/05\/ICO.png\",\"contentUrl\":\"https:\/\/www.adecose.com\/wp-content\/uploads\/2022\/05\/ICO.png\",\"width\":1164,\"height\":596},{\"@type\":\"BreadcrumbList\",\"@id\":\"https:\/\/www.adecose.com\/adecose-velara-por-evitar-que-se-exijan-seguros-en-la-concesion-de-la-nueva-linea-de-avales-del-ico\/#breadcrumb\",\"itemListElement\":[{\"@type\":\"ListItem\",\"position\":1,\"name\":\"Portada\",\"item\":\"https:\/\/www.adecose.com\/eu\/aseguru-eta-berraseguru-artekaritzen-espainiako-elkartea\/\"},{\"@type\":\"ListItem\",\"position\":2,\"name\":\"ADECOSE velar\u00e1 por evitar que se exijan seguros en la concesi\u00f3n de la nueva l\u00ednea de avales del ICO\"}]},{\"@type\":\"WebSite\",\"@id\":\"https:\/\/www.adecose.com\/gl\/#website\",\"url\":\"https:\/\/www.adecose.com\/gl\/\",\"name\":\"ADECOSE\",\"description\":\"Aseguru eta Berraseguru Artekaritzen Espainiako Elkartea\",\"publisher\":{\"@id\":\"https:\/\/www.adecose.com\/gl\/#organization\"},\"potentialAction\":[{\"@type\":\"SearchAction\",\"target\":{\"@type\":\"EntryPoint\",\"urlTemplate\":\"https:\/\/www.adecose.com\/gl\/?s={search_term_string}\"},\"query-input\":{\"@type\":\"PropertyValueSpecification\",\"valueRequired\":true,\"valueName\":\"search_term_string\"}}],\"inLanguage\":\"eu-ES\"},{\"@type\":\"Organization\",\"@id\":\"https:\/\/www.adecose.com\/gl\/#organization\",\"name\":\"ADECOSE\",\"url\":\"https:\/\/www.adecose.com\/gl\/\",\"logo\":{\"@type\":\"ImageObject\",\"inLanguage\":\"eu-ES\",\"@id\":\"https:\/\/www.adecose.com\/gl\/#\/schema\/logo\/image\/\",\"url\":\"https:\/\/www.adecose.com\/wp-content\/uploads\/2020\/07\/favicon.png\",\"contentUrl\":\"https:\/\/www.adecose.com\/wp-content\/uploads\/2020\/07\/favicon.png\",\"width\":512,\"height\":512,\"caption\":\"ADECOSE\"},\"image\":{\"@id\":\"https:\/\/www.adecose.com\/gl\/#\/schema\/logo\/image\/\"}},{\"@type\":\"Person\",\"@id\":\"https:\/\/www.adecose.com\/gl\/#\/schema\/person\/ff086ce55f6379e1d225a2c0dca5eeb6\",\"name\":\"Comunicaci\u00f3n ADECOSE\",\"image\":{\"@type\":\"ImageObject\",\"inLanguage\":\"eu-ES\",\"@id\":\"https:\/\/secure.gravatar.com\/avatar\/01cd1f9571997441bf1da6d1cc147351305f03fe8f2acf1ebbec60ebb26924ce?s=96&d=mm&r=g\",\"url\":\"https:\/\/secure.gravatar.com\/avatar\/01cd1f9571997441bf1da6d1cc147351305f03fe8f2acf1ebbec60ebb26924ce?s=96&d=mm&r=g\",\"contentUrl\":\"https:\/\/secure.gravatar.com\/avatar\/01cd1f9571997441bf1da6d1cc147351305f03fe8f2acf1ebbec60ebb26924ce?s=96&d=mm&r=g\",\"caption\":\"Comunicaci\u00f3n ADECOSE\"}}]}<\/script>\n<!-- \/ Yoast SEO plugin. -->","yoast_head_json":{"title":"ADECOSE velar\u00e1 por evitar que se exijan seguros en la concesi\u00f3n de la nueva l\u00ednea de avales del ICO - ADECOSE","robots":{"index":"index","follow":"follow","max-snippet":"max-snippet:-1","max-image-preview":"max-image-preview:large","max-video-preview":"max-video-preview:-1"},"canonical":"https:\/\/www.adecose.com\/adecose-velara-por-evitar-que-se-exijan-seguros-en-la-concesion-de-la-nueva-linea-de-avales-del-ico\/","og_locale":"eu_ES","og_type":"article","og_title":"ADECOSE velar\u00e1 por evitar que se exijan seguros en la concesi\u00f3n de la nueva l\u00ednea de avales del ICO - ADECOSE","og_description":"[vc_row type=&#8221;in_container&#8221; full_screen_row_position=&#8221;middle&#8221; column_margin=&#8221;default&#8221; column_direction=&#8221;default&#8221; column_direction_tablet=&#8221;default&#8221; column_direction_phone=&#8221;default&#8221; scene_position=&#8221;center&#8221; text_color=&#8221;dark&#8221; text_align=&#8221;left&#8221; row_border_radius=&#8221;none&#8221; row_border_radius_applies=&#8221;bg&#8221; overflow=&#8221;visible&#8221; overlay_strength=&#8221;0.3&#8243; gradient_direction=&#8221;left_to_right&#8221; shape_divider_position=&#8221;bottom&#8221; bg_image_animation=&#8221;none&#8221;][vc_column column_padding=&#8221;no-extra-padding&#8221; column_padding_tablet=&#8221;inherit&#8221; column_padding_phone=&#8221;inherit&#8221; column_padding_position=&#8221;all&#8221; column_element_spacing=&#8221;default&#8221; background_color_opacity=&#8221;1&#8243; background_hover_color_opacity=&#8221;1&#8243; column_shadow=&#8221;none&#8221;...","og_url":"https:\/\/www.adecose.com\/adecose-velara-por-evitar-que-se-exijan-seguros-en-la-concesion-de-la-nueva-linea-de-avales-del-ico\/","og_site_name":"ADECOSE","article_published_time":"2022-05-18T07:36:25+00:00","article_modified_time":"2022-05-18T13:34:14+00:00","og_image":[{"width":1164,"height":596,"url":"https:\/\/www.adecose.com\/wp-content\/uploads\/2022\/05\/ICO.png","type":"image\/png"}],"author":"Comunicaci\u00f3n ADECOSE","twitter_card":"summary_large_image","twitter_misc":{"Written by":"Comunicaci\u00f3n ADECOSE","Est. reading time":"3 minutes"},"schema":{"@context":"https:\/\/schema.org","@graph":[{"@type":"Article","@id":"https:\/\/www.adecose.com\/adecose-velara-por-evitar-que-se-exijan-seguros-en-la-concesion-de-la-nueva-linea-de-avales-del-ico\/#article","isPartOf":{"@id":"https:\/\/www.adecose.com\/adecose-velara-por-evitar-que-se-exijan-seguros-en-la-concesion-de-la-nueva-linea-de-avales-del-ico\/"},"author":{"name":"Comunicaci\u00f3n ADECOSE","@id":"https:\/\/www.adecose.com\/gl\/#\/schema\/person\/ff086ce55f6379e1d225a2c0dca5eeb6"},"headline":"ADECOSE velar\u00e1 por evitar que se exijan seguros en la concesi\u00f3n de la nueva l\u00ednea de avales del ICO","datePublished":"2022-05-18T07:36:25+00:00","dateModified":"2022-05-18T13:34:14+00:00","mainEntityOfPage":{"@id":"https:\/\/www.adecose.com\/adecose-velara-por-evitar-que-se-exijan-seguros-en-la-concesion-de-la-nueva-linea-de-avales-del-ico\/"},"wordCount":940,"publisher":{"@id":"https:\/\/www.adecose.com\/gl\/#organization"},"image":{"@id":"https:\/\/www.adecose.com\/adecose-velara-por-evitar-que-se-exijan-seguros-en-la-concesion-de-la-nueva-linea-de-avales-del-ico\/#primaryimage"},"thumbnailUrl":"https:\/\/www.adecose.com\/wp-content\/uploads\/2022\/05\/ICO.png","keywords":["CNMC","ICO"],"articleSection":["Noticias"],"inLanguage":"eu-ES"},{"@type":"WebPage","@id":"https:\/\/www.adecose.com\/adecose-velara-por-evitar-que-se-exijan-seguros-en-la-concesion-de-la-nueva-linea-de-avales-del-ico\/","url":"https:\/\/www.adecose.com\/adecose-velara-por-evitar-que-se-exijan-seguros-en-la-concesion-de-la-nueva-linea-de-avales-del-ico\/","name":"ADECOSE velar\u00e1 por evitar que se exijan seguros en la concesi\u00f3n de la nueva l\u00ednea de avales del ICO - ADECOSE","isPartOf":{"@id":"https:\/\/www.adecose.com\/gl\/#website"},"primaryImageOfPage":{"@id":"https:\/\/www.adecose.com\/adecose-velara-por-evitar-que-se-exijan-seguros-en-la-concesion-de-la-nueva-linea-de-avales-del-ico\/#primaryimage"},"image":{"@id":"https:\/\/www.adecose.com\/adecose-velara-por-evitar-que-se-exijan-seguros-en-la-concesion-de-la-nueva-linea-de-avales-del-ico\/#primaryimage"},"thumbnailUrl":"https:\/\/www.adecose.com\/wp-content\/uploads\/2022\/05\/ICO.png","datePublished":"2022-05-18T07:36:25+00:00","dateModified":"2022-05-18T13:34:14+00:00","breadcrumb":{"@id":"https:\/\/www.adecose.com\/adecose-velara-por-evitar-que-se-exijan-seguros-en-la-concesion-de-la-nueva-linea-de-avales-del-ico\/#breadcrumb"},"inLanguage":"eu-ES","potentialAction":[{"@type":"ReadAction","target":["https:\/\/www.adecose.com\/adecose-velara-por-evitar-que-se-exijan-seguros-en-la-concesion-de-la-nueva-linea-de-avales-del-ico\/"]}]},{"@type":"ImageObject","inLanguage":"eu-ES","@id":"https:\/\/www.adecose.com\/adecose-velara-por-evitar-que-se-exijan-seguros-en-la-concesion-de-la-nueva-linea-de-avales-del-ico\/#primaryimage","url":"https:\/\/www.adecose.com\/wp-content\/uploads\/2022\/05\/ICO.png","contentUrl":"https:\/\/www.adecose.com\/wp-content\/uploads\/2022\/05\/ICO.png","width":1164,"height":596},{"@type":"BreadcrumbList","@id":"https:\/\/www.adecose.com\/adecose-velara-por-evitar-que-se-exijan-seguros-en-la-concesion-de-la-nueva-linea-de-avales-del-ico\/#breadcrumb","itemListElement":[{"@type":"ListItem","position":1,"name":"Portada","item":"https:\/\/www.adecose.com\/eu\/aseguru-eta-berraseguru-artekaritzen-espainiako-elkartea\/"},{"@type":"ListItem","position":2,"name":"ADECOSE velar\u00e1 por evitar que se exijan seguros en la concesi\u00f3n de la nueva l\u00ednea de avales del ICO"}]},{"@type":"WebSite","@id":"https:\/\/www.adecose.com\/gl\/#website","url":"https:\/\/www.adecose.com\/gl\/","name":"ADECOSE","description":"Aseguru eta Berraseguru Artekaritzen Espainiako Elkartea","publisher":{"@id":"https:\/\/www.adecose.com\/gl\/#organization"},"potentialAction":[{"@type":"SearchAction","target":{"@type":"EntryPoint","urlTemplate":"https:\/\/www.adecose.com\/gl\/?s={search_term_string}"},"query-input":{"@type":"PropertyValueSpecification","valueRequired":true,"valueName":"search_term_string"}}],"inLanguage":"eu-ES"},{"@type":"Organization","@id":"https:\/\/www.adecose.com\/gl\/#organization","name":"ADECOSE","url":"https:\/\/www.adecose.com\/gl\/","logo":{"@type":"ImageObject","inLanguage":"eu-ES","@id":"https:\/\/www.adecose.com\/gl\/#\/schema\/logo\/image\/","url":"https:\/\/www.adecose.com\/wp-content\/uploads\/2020\/07\/favicon.png","contentUrl":"https:\/\/www.adecose.com\/wp-content\/uploads\/2020\/07\/favicon.png","width":512,"height":512,"caption":"ADECOSE"},"image":{"@id":"https:\/\/www.adecose.com\/gl\/#\/schema\/logo\/image\/"}},{"@type":"Person","@id":"https:\/\/www.adecose.com\/gl\/#\/schema\/person\/ff086ce55f6379e1d225a2c0dca5eeb6","name":"Comunicaci\u00f3n ADECOSE","image":{"@type":"ImageObject","inLanguage":"eu-ES","@id":"https:\/\/secure.gravatar.com\/avatar\/01cd1f9571997441bf1da6d1cc147351305f03fe8f2acf1ebbec60ebb26924ce?s=96&d=mm&r=g","url":"https:\/\/secure.gravatar.com\/avatar\/01cd1f9571997441bf1da6d1cc147351305f03fe8f2acf1ebbec60ebb26924ce?s=96&d=mm&r=g","contentUrl":"https:\/\/secure.gravatar.com\/avatar\/01cd1f9571997441bf1da6d1cc147351305f03fe8f2acf1ebbec60ebb26924ce?s=96&d=mm&r=g","caption":"Comunicaci\u00f3n ADECOSE"}}]}},"_links":{"self":[{"href":"https:\/\/www.adecose.com\/eu\/wp-json\/wp\/v2\/posts\/12541","targetHints":{"allow":["GET"]}}],"collection":[{"href":"https:\/\/www.adecose.com\/eu\/wp-json\/wp\/v2\/posts"}],"about":[{"href":"https:\/\/www.adecose.com\/eu\/wp-json\/wp\/v2\/types\/post"}],"author":[{"embeddable":true,"href":"https:\/\/www.adecose.com\/eu\/wp-json\/wp\/v2\/users\/197"}],"replies":[{"embeddable":true,"href":"https:\/\/www.adecose.com\/eu\/wp-json\/wp\/v2\/comments?post=12541"}],"version-history":[{"count":0,"href":"https:\/\/www.adecose.com\/eu\/wp-json\/wp\/v2\/posts\/12541\/revisions"}],"wp:featuredmedia":[{"embeddable":true,"href":"https:\/\/www.adecose.com\/eu\/wp-json\/wp\/v2\/media\/12542"}],"wp:attachment":[{"href":"https:\/\/www.adecose.com\/eu\/wp-json\/wp\/v2\/media?parent=12541"}],"wp:term":[{"taxonomy":"category","embeddable":true,"href":"https:\/\/www.adecose.com\/eu\/wp-json\/wp\/v2\/categories?post=12541"},{"taxonomy":"post_tag","embeddable":true,"href":"https:\/\/www.adecose.com\/eu\/wp-json\/wp\/v2\/tags?post=12541"}],"curies":[{"name":"wp","href":"https:\/\/api.w.org\/{rel}","templated":true}]}}