{"id":12513,"date":"2022-05-10T10:17:14","date_gmt":"2022-05-10T08:17:14","guid":{"rendered":"https:\/\/www.adecose.com\/?p=12513"},"modified":"2022-05-10T11:05:09","modified_gmt":"2022-05-10T09:05:09","slug":"la-junta-directiva-de-adecose-celebra-su-reunion-mensual-en-la-sede-social-de-helvetia-seguros-en-sevilla","status":"publish","type":"post","link":"https:\/\/www.adecose.com\/eu\/la-junta-directiva-de-adecose-celebra-su-reunion-mensual-en-la-sede-social-de-helvetia-seguros-en-sevilla\/","title":{"rendered":"La Junta Directiva de ADECOSE celebra su reuni\u00f3n mensual en la sede social de Helvetia Seguros en Sevilla"},"content":{"rendered":"<ul type=\"disc\">\n<li class=\"x_MsoListParagraphCxSpFirst\"><i>\u00cd\u00f1igo Soto, CEO de Helvetia Seguros; y <\/i>Jes\u00fas de Sedas, responsable del canal de corredores de la aseguradora<i>, acompa\u00f1aron a los miembros de la Junta Directiva en su visita a la sede de la compa\u00f1\u00eda.<\/i><\/li>\n<\/ul>\n<ul type=\"disc\">\n<li class=\"x_MsoListParagraphCxSpMiddle\"><i><span lang=\"ES-TRAD\">Durante la reuni\u00f3n, se aprob\u00f3 la incorporaci\u00f3n a ADECOSE de Ilunion Mediaci\u00f3n Corredur\u00eda de Seguros.<\/span><\/i><i><\/i><\/li>\n<\/ul>\n<p class=\"x_MsoListParagraphCxSpLast\"><b>\u00a0<\/b><b><\/b>La Junta Directiva de ADECOSE ha celebrado su reuni\u00f3n mensual en la sede social de <b>Helvetia Seguros en Sevilla<\/b>, gracias a la invitaci\u00f3n de la compa\u00f1\u00eda. Durante la reuni\u00f3n, se aprob\u00f3 la entrada de un nuevo socio, <b>Ilunion Mediaci\u00f3n Corredur\u00eda de Seguros<\/b>, con sede en Madrid. Con esta incorporaci\u00f3n, ADECOSE ha incorporado cuatro nuevos miembros desde comienzos de a\u00f1o.<\/p>\n<p class=\"x_MsoNormal\">Antes de comenzar el encuentro mensual, los miembros de la Junta Directiva de ADECOSE visitaron el <b>Edificio Helvetia<\/b>, acompa\u00f1ados por \u00cd\u00f1igo Soto, CEO de Helvetia Seguros; y Jes\u00fas de Sedas, responsable del canal de corredores de la aseguradora, quienes ense\u00f1aron las instalaciones del edificio, un s\u00edmbolo de arquitectura contempor\u00e1nea de Sevilla, situado frente a la emblem\u00e1tica Torre del Oro y dise\u00f1ado por el arquitecto Rafael Moneo.<b><\/b><\/p>\n<p class=\"x_MsoNormal\">Durante la reuni\u00f3n, celebrada en una de las principales salas del edificio, la Junta Directiva abord\u00f3 los temas principales de la Asociaci\u00f3n, entre los que destaca el seguimiento del <b>escrito formal que ADECOSE ha remitido a L\u00ednea Directa<\/b> para solicitar el cese de su campa\u00f1a de publicidad \u201cBig Bang\u201d. Tambi\u00e9n se inform\u00f3 a la Junta de las \u00faltimas reuniones con los grupos pol\u00edticos para presentar el <b>informe <\/b><b>\u201cProtecci\u00f3n de los clientes en la distribuci\u00f3n de seguros: El caso Banca-Seguros\u201d<\/b>; as\u00ed como el proceso de renovaci\u00f3n de la Carta de Condiciones que ADECOSE ha pactado con la mayor\u00eda de aseguradoras que firmaron el modelo anterior.<\/p>\n<p class=\"x_MsoNormal\">Por otro lado, se repas\u00f3 la <b>actividad internacional<\/b>, enumerando las \u00faltimas novedades acontecidas en la Federaci\u00f3n Europea de Intermediarios de Seguros (BIPAR) y en la Autoridad Europea de Seguros (EIOPA).<\/p>\n<p class=\"x_MsoNormal\">Por \u00faltimo, se adelantaron los detalles de la organizaci\u00f3n del<b> XXIV Foro de Gesti\u00f3n de Corredur\u00edas<\/b>, as\u00ed como de la <b>Cena Anual 2022<\/b>, que tendr\u00e1 lugar el <b>9 de junio en el Complejo U Zalaca\u00edn La Finca<\/b> y cuya tem\u00e1tica girar\u00e1 en torno a la celebraci\u00f3n del 45 aniversario de ADECOSE. Durante esta cita se har\u00e1 entrega del <b>Premio Solidario Fundaci\u00f3n ADECOSE 2022<\/b>, que ha contado con una amplia participaci\u00f3n por parte de los profesionales del sector asegurador en cuanto a la propuesta de candidaturas de organizaciones destacadas por su contribuci\u00f3n al bienestar de la sociedad.<\/p>\n<p class=\"x_MsoNormal\">\n","protected":false},"excerpt":{"rendered":"<p>\u00cd\u00f1igo Soto, CEO de Helvetia Seguros; y Jes\u00fas de Sedas, responsable del canal de corredores de la aseguradora, acompa\u00f1aron a los miembros de la Junta&#8230;<\/p>\n","protected":false},"author":197,"featured_media":12519,"comment_status":"closed","ping_status":"closed","sticky":false,"template":"","format":"standard","meta":{"_acf_changed":false,"_price":"","_stock":"","_tribe_ticket_header":"","_tribe_default_ticket_provider":"","_tribe_ticket_capacity":"0","_ticket_start_date":"","_ticket_end_date":"","_tribe_ticket_show_description":"","_tribe_ticket_show_not_going":false,"_tribe_ticket_use_global_stock":"","_tribe_ticket_global_stock_level":"","_global_stock_mode":"","_global_stock_cap":"","_tribe_rsvp_for_event":"","_tribe_ticket_going_count":"","_tribe_ticket_not_going_count":"","_tribe_tickets_list":"[]","_tribe_ticket_has_attendee_info_fields":false,"footnotes":""},"categories":[2],"tags":[225],"class_list":["post-12513","post","type-post","status-publish","format-standard","has-post-thumbnail","category-noticias","tag-junta-directiva"],"acf":[],"yoast_head":"<!-- This site is optimized with the Yoast SEO plugin v27.2 - https:\/\/yoast.com\/product\/yoast-seo-wordpress\/ -->\n<title>La Junta Directiva de ADECOSE celebra su reuni\u00f3n mensual en la sede social de Helvetia Seguros en Sevilla - ADECOSE<\/title>\n<meta name=\"robots\" content=\"index, follow, max-snippet:-1, max-image-preview:large, max-video-preview:-1\" \/>\n<link rel=\"canonical\" href=\"https:\/\/www.adecose.com\/la-junta-directiva-de-adecose-celebra-su-reunion-mensual-en-la-sede-social-de-helvetia-seguros-en-sevilla\/\" \/>\n<meta property=\"og:locale\" content=\"eu_ES\" \/>\n<meta property=\"og:type\" content=\"article\" \/>\n<meta property=\"og:title\" content=\"La Junta Directiva de ADECOSE celebra su reuni\u00f3n mensual en la sede social de Helvetia Seguros en Sevilla - ADECOSE\" \/>\n<meta property=\"og:description\" content=\"\u00cd\u00f1igo Soto, CEO de Helvetia Seguros; y Jes\u00fas de Sedas, responsable del canal de corredores de la aseguradora, acompa\u00f1aron a los miembros de la Junta...\" \/>\n<meta property=\"og:url\" content=\"https:\/\/www.adecose.com\/la-junta-directiva-de-adecose-celebra-su-reunion-mensual-en-la-sede-social-de-helvetia-seguros-en-sevilla\/\" \/>\n<meta property=\"og:site_name\" content=\"ADECOSE\" \/>\n<meta property=\"article:published_time\" content=\"2022-05-10T08:17:14+00:00\" \/>\n<meta property=\"article:modified_time\" content=\"2022-05-10T09:05:09+00:00\" \/>\n<meta property=\"og:image\" content=\"https:\/\/www.adecose.com\/wp-content\/uploads\/2022\/05\/Captura-de-Pantalla-2022-05-10-a-las-10.16.24.png\" \/>\n\t<meta property=\"og:image:width\" content=\"528\" \/>\n\t<meta property=\"og:image:height\" content=\"344\" \/>\n\t<meta property=\"og:image:type\" content=\"image\/png\" \/>\n<meta name=\"author\" content=\"Comunicaci\u00f3n ADECOSE\" \/>\n<meta name=\"twitter:card\" content=\"summary_large_image\" \/>\n<meta name=\"twitter:label1\" content=\"Written by\" \/>\n\t<meta name=\"twitter:data1\" content=\"Comunicaci\u00f3n ADECOSE\" \/>\n\t<meta name=\"twitter:label2\" content=\"Est. reading time\" \/>\n\t<meta name=\"twitter:data2\" content=\"2 minutes\" \/>\n<script type=\"application\/ld+json\" class=\"yoast-schema-graph\">{\"@context\":\"https:\/\/schema.org\",\"@graph\":[{\"@type\":\"Article\",\"@id\":\"https:\/\/www.adecose.com\/la-junta-directiva-de-adecose-celebra-su-reunion-mensual-en-la-sede-social-de-helvetia-seguros-en-sevilla\/#article\",\"isPartOf\":{\"@id\":\"https:\/\/www.adecose.com\/la-junta-directiva-de-adecose-celebra-su-reunion-mensual-en-la-sede-social-de-helvetia-seguros-en-sevilla\/\"},\"author\":{\"name\":\"Comunicaci\u00f3n ADECOSE\",\"@id\":\"https:\/\/www.adecose.com\/gl\/#\/schema\/person\/ff086ce55f6379e1d225a2c0dca5eeb6\"},\"headline\":\"La Junta Directiva de ADECOSE celebra su reuni\u00f3n mensual en la sede social de Helvetia Seguros en Sevilla\",\"datePublished\":\"2022-05-10T08:17:14+00:00\",\"dateModified\":\"2022-05-10T09:05:09+00:00\",\"mainEntityOfPage\":{\"@id\":\"https:\/\/www.adecose.com\/la-junta-directiva-de-adecose-celebra-su-reunion-mensual-en-la-sede-social-de-helvetia-seguros-en-sevilla\/\"},\"wordCount\":462,\"publisher\":{\"@id\":\"https:\/\/www.adecose.com\/gl\/#organization\"},\"image\":{\"@id\":\"https:\/\/www.adecose.com\/la-junta-directiva-de-adecose-celebra-su-reunion-mensual-en-la-sede-social-de-helvetia-seguros-en-sevilla\/#primaryimage\"},\"thumbnailUrl\":\"https:\/\/www.adecose.com\/wp-content\/uploads\/2022\/05\/Captura-de-Pantalla-2022-05-10-a-las-10.16.24.png\",\"keywords\":[\"Junta Directiva\"],\"articleSection\":[\"Noticias\"],\"inLanguage\":\"eu-ES\"},{\"@type\":\"WebPage\",\"@id\":\"https:\/\/www.adecose.com\/la-junta-directiva-de-adecose-celebra-su-reunion-mensual-en-la-sede-social-de-helvetia-seguros-en-sevilla\/\",\"url\":\"https:\/\/www.adecose.com\/la-junta-directiva-de-adecose-celebra-su-reunion-mensual-en-la-sede-social-de-helvetia-seguros-en-sevilla\/\",\"name\":\"La Junta Directiva de ADECOSE celebra su reuni\u00f3n mensual en la sede social de Helvetia Seguros en Sevilla - ADECOSE\",\"isPartOf\":{\"@id\":\"https:\/\/www.adecose.com\/gl\/#website\"},\"primaryImageOfPage\":{\"@id\":\"https:\/\/www.adecose.com\/la-junta-directiva-de-adecose-celebra-su-reunion-mensual-en-la-sede-social-de-helvetia-seguros-en-sevilla\/#primaryimage\"},\"image\":{\"@id\":\"https:\/\/www.adecose.com\/la-junta-directiva-de-adecose-celebra-su-reunion-mensual-en-la-sede-social-de-helvetia-seguros-en-sevilla\/#primaryimage\"},\"thumbnailUrl\":\"https:\/\/www.adecose.com\/wp-content\/uploads\/2022\/05\/Captura-de-Pantalla-2022-05-10-a-las-10.16.24.png\",\"datePublished\":\"2022-05-10T08:17:14+00:00\",\"dateModified\":\"2022-05-10T09:05:09+00:00\",\"breadcrumb\":{\"@id\":\"https:\/\/www.adecose.com\/la-junta-directiva-de-adecose-celebra-su-reunion-mensual-en-la-sede-social-de-helvetia-seguros-en-sevilla\/#breadcrumb\"},\"inLanguage\":\"eu-ES\",\"potentialAction\":[{\"@type\":\"ReadAction\",\"target\":[\"https:\/\/www.adecose.com\/la-junta-directiva-de-adecose-celebra-su-reunion-mensual-en-la-sede-social-de-helvetia-seguros-en-sevilla\/\"]}]},{\"@type\":\"ImageObject\",\"inLanguage\":\"eu-ES\",\"@id\":\"https:\/\/www.adecose.com\/la-junta-directiva-de-adecose-celebra-su-reunion-mensual-en-la-sede-social-de-helvetia-seguros-en-sevilla\/#primaryimage\",\"url\":\"https:\/\/www.adecose.com\/wp-content\/uploads\/2022\/05\/Captura-de-Pantalla-2022-05-10-a-las-10.16.24.png\",\"contentUrl\":\"https:\/\/www.adecose.com\/wp-content\/uploads\/2022\/05\/Captura-de-Pantalla-2022-05-10-a-las-10.16.24.png\",\"width\":528,\"height\":344},{\"@type\":\"BreadcrumbList\",\"@id\":\"https:\/\/www.adecose.com\/la-junta-directiva-de-adecose-celebra-su-reunion-mensual-en-la-sede-social-de-helvetia-seguros-en-sevilla\/#breadcrumb\",\"itemListElement\":[{\"@type\":\"ListItem\",\"position\":1,\"name\":\"Portada\",\"item\":\"https:\/\/www.adecose.com\/eu\/aseguru-eta-berraseguru-artekaritzen-espainiako-elkartea\/\"},{\"@type\":\"ListItem\",\"position\":2,\"name\":\"La Junta Directiva de ADECOSE celebra su reuni\u00f3n mensual en la sede social de Helvetia Seguros en Sevilla\"}]},{\"@type\":\"WebSite\",\"@id\":\"https:\/\/www.adecose.com\/gl\/#website\",\"url\":\"https:\/\/www.adecose.com\/gl\/\",\"name\":\"ADECOSE\",\"description\":\"Aseguru eta Berraseguru Artekaritzen Espainiako Elkartea\",\"publisher\":{\"@id\":\"https:\/\/www.adecose.com\/gl\/#organization\"},\"potentialAction\":[{\"@type\":\"SearchAction\",\"target\":{\"@type\":\"EntryPoint\",\"urlTemplate\":\"https:\/\/www.adecose.com\/gl\/?s={search_term_string}\"},\"query-input\":{\"@type\":\"PropertyValueSpecification\",\"valueRequired\":true,\"valueName\":\"search_term_string\"}}],\"inLanguage\":\"eu-ES\"},{\"@type\":\"Organization\",\"@id\":\"https:\/\/www.adecose.com\/gl\/#organization\",\"name\":\"ADECOSE\",\"url\":\"https:\/\/www.adecose.com\/gl\/\",\"logo\":{\"@type\":\"ImageObject\",\"inLanguage\":\"eu-ES\",\"@id\":\"https:\/\/www.adecose.com\/gl\/#\/schema\/logo\/image\/\",\"url\":\"https:\/\/www.adecose.com\/wp-content\/uploads\/2020\/07\/favicon.png\",\"contentUrl\":\"https:\/\/www.adecose.com\/wp-content\/uploads\/2020\/07\/favicon.png\",\"width\":512,\"height\":512,\"caption\":\"ADECOSE\"},\"image\":{\"@id\":\"https:\/\/www.adecose.com\/gl\/#\/schema\/logo\/image\/\"}},{\"@type\":\"Person\",\"@id\":\"https:\/\/www.adecose.com\/gl\/#\/schema\/person\/ff086ce55f6379e1d225a2c0dca5eeb6\",\"name\":\"Comunicaci\u00f3n ADECOSE\",\"image\":{\"@type\":\"ImageObject\",\"inLanguage\":\"eu-ES\",\"@id\":\"https:\/\/secure.gravatar.com\/avatar\/01cd1f9571997441bf1da6d1cc147351305f03fe8f2acf1ebbec60ebb26924ce?s=96&d=mm&r=g\",\"url\":\"https:\/\/secure.gravatar.com\/avatar\/01cd1f9571997441bf1da6d1cc147351305f03fe8f2acf1ebbec60ebb26924ce?s=96&d=mm&r=g\",\"contentUrl\":\"https:\/\/secure.gravatar.com\/avatar\/01cd1f9571997441bf1da6d1cc147351305f03fe8f2acf1ebbec60ebb26924ce?s=96&d=mm&r=g\",\"caption\":\"Comunicaci\u00f3n ADECOSE\"}}]}<\/script>\n<!-- \/ Yoast SEO plugin. -->","yoast_head_json":{"title":"La Junta Directiva de ADECOSE celebra su reuni\u00f3n mensual en la sede social de Helvetia Seguros en Sevilla - ADECOSE","robots":{"index":"index","follow":"follow","max-snippet":"max-snippet:-1","max-image-preview":"max-image-preview:large","max-video-preview":"max-video-preview:-1"},"canonical":"https:\/\/www.adecose.com\/la-junta-directiva-de-adecose-celebra-su-reunion-mensual-en-la-sede-social-de-helvetia-seguros-en-sevilla\/","og_locale":"eu_ES","og_type":"article","og_title":"La Junta Directiva de ADECOSE celebra su reuni\u00f3n mensual en la sede social de Helvetia Seguros en Sevilla - ADECOSE","og_description":"\u00cd\u00f1igo Soto, CEO de Helvetia Seguros; y Jes\u00fas de Sedas, responsable del canal de corredores de la aseguradora, acompa\u00f1aron a los miembros de la Junta...","og_url":"https:\/\/www.adecose.com\/la-junta-directiva-de-adecose-celebra-su-reunion-mensual-en-la-sede-social-de-helvetia-seguros-en-sevilla\/","og_site_name":"ADECOSE","article_published_time":"2022-05-10T08:17:14+00:00","article_modified_time":"2022-05-10T09:05:09+00:00","og_image":[{"width":528,"height":344,"url":"https:\/\/www.adecose.com\/wp-content\/uploads\/2022\/05\/Captura-de-Pantalla-2022-05-10-a-las-10.16.24.png","type":"image\/png"}],"author":"Comunicaci\u00f3n ADECOSE","twitter_card":"summary_large_image","twitter_misc":{"Written by":"Comunicaci\u00f3n ADECOSE","Est. reading time":"2 minutes"},"schema":{"@context":"https:\/\/schema.org","@graph":[{"@type":"Article","@id":"https:\/\/www.adecose.com\/la-junta-directiva-de-adecose-celebra-su-reunion-mensual-en-la-sede-social-de-helvetia-seguros-en-sevilla\/#article","isPartOf":{"@id":"https:\/\/www.adecose.com\/la-junta-directiva-de-adecose-celebra-su-reunion-mensual-en-la-sede-social-de-helvetia-seguros-en-sevilla\/"},"author":{"name":"Comunicaci\u00f3n ADECOSE","@id":"https:\/\/www.adecose.com\/gl\/#\/schema\/person\/ff086ce55f6379e1d225a2c0dca5eeb6"},"headline":"La Junta Directiva de ADECOSE celebra su reuni\u00f3n mensual en la sede social de Helvetia Seguros en Sevilla","datePublished":"2022-05-10T08:17:14+00:00","dateModified":"2022-05-10T09:05:09+00:00","mainEntityOfPage":{"@id":"https:\/\/www.adecose.com\/la-junta-directiva-de-adecose-celebra-su-reunion-mensual-en-la-sede-social-de-helvetia-seguros-en-sevilla\/"},"wordCount":462,"publisher":{"@id":"https:\/\/www.adecose.com\/gl\/#organization"},"image":{"@id":"https:\/\/www.adecose.com\/la-junta-directiva-de-adecose-celebra-su-reunion-mensual-en-la-sede-social-de-helvetia-seguros-en-sevilla\/#primaryimage"},"thumbnailUrl":"https:\/\/www.adecose.com\/wp-content\/uploads\/2022\/05\/Captura-de-Pantalla-2022-05-10-a-las-10.16.24.png","keywords":["Junta Directiva"],"articleSection":["Noticias"],"inLanguage":"eu-ES"},{"@type":"WebPage","@id":"https:\/\/www.adecose.com\/la-junta-directiva-de-adecose-celebra-su-reunion-mensual-en-la-sede-social-de-helvetia-seguros-en-sevilla\/","url":"https:\/\/www.adecose.com\/la-junta-directiva-de-adecose-celebra-su-reunion-mensual-en-la-sede-social-de-helvetia-seguros-en-sevilla\/","name":"La Junta Directiva de ADECOSE celebra su reuni\u00f3n mensual en la sede social de Helvetia Seguros en Sevilla - ADECOSE","isPartOf":{"@id":"https:\/\/www.adecose.com\/gl\/#website"},"primaryImageOfPage":{"@id":"https:\/\/www.adecose.com\/la-junta-directiva-de-adecose-celebra-su-reunion-mensual-en-la-sede-social-de-helvetia-seguros-en-sevilla\/#primaryimage"},"image":{"@id":"https:\/\/www.adecose.com\/la-junta-directiva-de-adecose-celebra-su-reunion-mensual-en-la-sede-social-de-helvetia-seguros-en-sevilla\/#primaryimage"},"thumbnailUrl":"https:\/\/www.adecose.com\/wp-content\/uploads\/2022\/05\/Captura-de-Pantalla-2022-05-10-a-las-10.16.24.png","datePublished":"2022-05-10T08:17:14+00:00","dateModified":"2022-05-10T09:05:09+00:00","breadcrumb":{"@id":"https:\/\/www.adecose.com\/la-junta-directiva-de-adecose-celebra-su-reunion-mensual-en-la-sede-social-de-helvetia-seguros-en-sevilla\/#breadcrumb"},"inLanguage":"eu-ES","potentialAction":[{"@type":"ReadAction","target":["https:\/\/www.adecose.com\/la-junta-directiva-de-adecose-celebra-su-reunion-mensual-en-la-sede-social-de-helvetia-seguros-en-sevilla\/"]}]},{"@type":"ImageObject","inLanguage":"eu-ES","@id":"https:\/\/www.adecose.com\/la-junta-directiva-de-adecose-celebra-su-reunion-mensual-en-la-sede-social-de-helvetia-seguros-en-sevilla\/#primaryimage","url":"https:\/\/www.adecose.com\/wp-content\/uploads\/2022\/05\/Captura-de-Pantalla-2022-05-10-a-las-10.16.24.png","contentUrl":"https:\/\/www.adecose.com\/wp-content\/uploads\/2022\/05\/Captura-de-Pantalla-2022-05-10-a-las-10.16.24.png","width":528,"height":344},{"@type":"BreadcrumbList","@id":"https:\/\/www.adecose.com\/la-junta-directiva-de-adecose-celebra-su-reunion-mensual-en-la-sede-social-de-helvetia-seguros-en-sevilla\/#breadcrumb","itemListElement":[{"@type":"ListItem","position":1,"name":"Portada","item":"https:\/\/www.adecose.com\/eu\/aseguru-eta-berraseguru-artekaritzen-espainiako-elkartea\/"},{"@type":"ListItem","position":2,"name":"La Junta Directiva de ADECOSE celebra su reuni\u00f3n mensual en la sede social de Helvetia Seguros en Sevilla"}]},{"@type":"WebSite","@id":"https:\/\/www.adecose.com\/gl\/#website","url":"https:\/\/www.adecose.com\/gl\/","name":"ADECOSE","description":"Aseguru eta Berraseguru Artekaritzen Espainiako Elkartea","publisher":{"@id":"https:\/\/www.adecose.com\/gl\/#organization"},"potentialAction":[{"@type":"SearchAction","target":{"@type":"EntryPoint","urlTemplate":"https:\/\/www.adecose.com\/gl\/?s={search_term_string}"},"query-input":{"@type":"PropertyValueSpecification","valueRequired":true,"valueName":"search_term_string"}}],"inLanguage":"eu-ES"},{"@type":"Organization","@id":"https:\/\/www.adecose.com\/gl\/#organization","name":"ADECOSE","url":"https:\/\/www.adecose.com\/gl\/","logo":{"@type":"ImageObject","inLanguage":"eu-ES","@id":"https:\/\/www.adecose.com\/gl\/#\/schema\/logo\/image\/","url":"https:\/\/www.adecose.com\/wp-content\/uploads\/2020\/07\/favicon.png","contentUrl":"https:\/\/www.adecose.com\/wp-content\/uploads\/2020\/07\/favicon.png","width":512,"height":512,"caption":"ADECOSE"},"image":{"@id":"https:\/\/www.adecose.com\/gl\/#\/schema\/logo\/image\/"}},{"@type":"Person","@id":"https:\/\/www.adecose.com\/gl\/#\/schema\/person\/ff086ce55f6379e1d225a2c0dca5eeb6","name":"Comunicaci\u00f3n ADECOSE","image":{"@type":"ImageObject","inLanguage":"eu-ES","@id":"https:\/\/secure.gravatar.com\/avatar\/01cd1f9571997441bf1da6d1cc147351305f03fe8f2acf1ebbec60ebb26924ce?s=96&d=mm&r=g","url":"https:\/\/secure.gravatar.com\/avatar\/01cd1f9571997441bf1da6d1cc147351305f03fe8f2acf1ebbec60ebb26924ce?s=96&d=mm&r=g","contentUrl":"https:\/\/secure.gravatar.com\/avatar\/01cd1f9571997441bf1da6d1cc147351305f03fe8f2acf1ebbec60ebb26924ce?s=96&d=mm&r=g","caption":"Comunicaci\u00f3n ADECOSE"}}]}},"_links":{"self":[{"href":"https:\/\/www.adecose.com\/eu\/wp-json\/wp\/v2\/posts\/12513","targetHints":{"allow":["GET"]}}],"collection":[{"href":"https:\/\/www.adecose.com\/eu\/wp-json\/wp\/v2\/posts"}],"about":[{"href":"https:\/\/www.adecose.com\/eu\/wp-json\/wp\/v2\/types\/post"}],"author":[{"embeddable":true,"href":"https:\/\/www.adecose.com\/eu\/wp-json\/wp\/v2\/users\/197"}],"replies":[{"embeddable":true,"href":"https:\/\/www.adecose.com\/eu\/wp-json\/wp\/v2\/comments?post=12513"}],"version-history":[{"count":0,"href":"https:\/\/www.adecose.com\/eu\/wp-json\/wp\/v2\/posts\/12513\/revisions"}],"wp:featuredmedia":[{"embeddable":true,"href":"https:\/\/www.adecose.com\/eu\/wp-json\/wp\/v2\/media\/12519"}],"wp:attachment":[{"href":"https:\/\/www.adecose.com\/eu\/wp-json\/wp\/v2\/media?parent=12513"}],"wp:term":[{"taxonomy":"category","embeddable":true,"href":"https:\/\/www.adecose.com\/eu\/wp-json\/wp\/v2\/categories?post=12513"},{"taxonomy":"post_tag","embeddable":true,"href":"https:\/\/www.adecose.com\/eu\/wp-json\/wp\/v2\/tags?post=12513"}],"curies":[{"name":"wp","href":"https:\/\/api.w.org\/{rel}","templated":true}]}}