{"id":12230,"date":"2022-03-23T13:52:27","date_gmt":"2022-03-23T12:52:27","guid":{"rendered":"https:\/\/www.adecose.com\/?p=12230"},"modified":"2022-03-23T13:52:27","modified_gmt":"2022-03-23T12:52:27","slug":"adecose-presenta-el-estudio-sectorial-de-la-mediacion-2022","status":"publish","type":"post","link":"https:\/\/www.adecose.com\/eu\/adecose-presenta-el-estudio-sectorial-de-la-mediacion-2022\/","title":{"rendered":"ADECOSE presenta el Estudio Sectorial de la Mediaci\u00f3n 2022"},"content":{"rendered":"[vc_row type=&#8221;in_container&#8221; full_screen_row_position=&#8221;middle&#8221; column_margin=&#8221;default&#8221; column_direction=&#8221;default&#8221; column_direction_tablet=&#8221;default&#8221; column_direction_phone=&#8221;default&#8221; scene_position=&#8221;center&#8221; text_color=&#8221;dark&#8221; text_align=&#8221;left&#8221; row_border_radius=&#8221;none&#8221; row_border_radius_applies=&#8221;bg&#8221; overflow=&#8221;visible&#8221; overlay_strength=&#8221;0.3&#8243; gradient_direction=&#8221;left_to_right&#8221; shape_divider_position=&#8221;bottom&#8221; bg_image_animation=&#8221;none&#8221;][vc_column column_padding=&#8221;no-extra-padding&#8221; column_padding_tablet=&#8221;inherit&#8221; column_padding_phone=&#8221;inherit&#8221; column_padding_position=&#8221;all&#8221; column_element_spacing=&#8221;default&#8221; background_color_opacity=&#8221;1&#8243; background_hover_color_opacity=&#8221;1&#8243; column_shadow=&#8221;none&#8221; column_border_radius=&#8221;none&#8221; column_link_target=&#8221;_self&#8221; column_position=&#8221;default&#8221; gradient_direction=&#8221;left_to_right&#8221; overlay_strength=&#8221;0.3&#8243; width=&#8221;1\/1&#8243; tablet_width_inherit=&#8221;default&#8221; tablet_text_alignment=&#8221;default&#8221; phone_text_alignment=&#8221;default&#8221; animation_type=&#8221;default&#8221; bg_image_animation=&#8221;none&#8221; border_type=&#8221;simple&#8221; column_border_width=&#8221;none&#8221; column_border_style=&#8221;solid&#8221;][split_line_heading animation_type=&#8221;line-reveal-by-space&#8221; font_style=&#8221;p&#8221; line_reveal_by_space_text_effect=&#8221;default&#8221; content_alignment=&#8221;default&#8221; mobile_content_alignment=&#8221;inherit&#8221; link_target=&#8221;_self&#8221; text_content=&#8221;- El Estudio Sectorial de la Mediaci\u00f3n analiza la evoluci\u00f3n del mercado de los \u00faltimos cinco a\u00f1os, con especial incidencia en el canal de las corredur\u00edas de seguros.<\/p>\n<p>&#8211; Elvira de la Cruz, Daniel M\u00e9ndez y Carlos Salmer\u00f3n, del \u00c1rea de Consultor\u00eda de ICEA, han analizado las principales conclusiones que se extraen del informe.&#8221;][\/split_line_heading][\/vc_column][\/vc_row][vc_row type=&#8221;in_container&#8221; full_screen_row_position=&#8221;middle&#8221; column_margin=&#8221;default&#8221; column_direction=&#8221;default&#8221; column_direction_tablet=&#8221;default&#8221; column_direction_phone=&#8221;default&#8221; scene_position=&#8221;center&#8221; text_color=&#8221;dark&#8221; text_align=&#8221;left&#8221; row_border_radius=&#8221;none&#8221; row_border_radius_applies=&#8221;bg&#8221; overflow=&#8221;visible&#8221; overlay_strength=&#8221;0.3&#8243; gradient_direction=&#8221;left_to_right&#8221; shape_divider_position=&#8221;bottom&#8221; bg_image_animation=&#8221;none&#8221;][vc_column column_padding=&#8221;no-extra-padding&#8221; column_padding_tablet=&#8221;inherit&#8221; column_padding_phone=&#8221;inherit&#8221; column_padding_position=&#8221;all&#8221; column_element_spacing=&#8221;default&#8221; background_color_opacity=&#8221;1&#8243; background_hover_color_opacity=&#8221;1&#8243; column_shadow=&#8221;none&#8221; column_border_radius=&#8221;none&#8221; column_link_target=&#8221;_self&#8221; column_position=&#8221;default&#8221; gradient_direction=&#8221;left_to_right&#8221; overlay_strength=&#8221;0.3&#8243; width=&#8221;1\/1&#8243; tablet_width_inherit=&#8221;default&#8221; tablet_text_alignment=&#8221;default&#8221; phone_text_alignment=&#8221;default&#8221; animation_type=&#8221;default&#8221; bg_image_animation=&#8221;none&#8221; border_type=&#8221;simple&#8221; column_border_width=&#8221;none&#8221; column_border_style=&#8221;solid&#8221;][vc_column_text]ADECOSE ha presentado esta ma\u00f1ana mediante un webinar la cua<strong>rta edici\u00f3n del Estudio Sectorial de la Mediaci\u00f3n 2022<\/strong>, elaborado en colaboraci\u00f3n con ICEA. Elvira de la Cruz y Daniel M\u00e9ndez, directora y t\u00e9cnico de estudios del \u00c1rea de Consultor\u00eda de ICEA respectivamente, han analizado las principales conclusiones que se extraen del informe.<\/p>\n<p>Este estudio, <strong>que se realiza de forma anual desde 2019<\/strong>, permite conocer la <strong>situaci\u00f3n actual<\/strong> de la mediaci\u00f3n y su <strong>evoluci\u00f3n<\/strong> a lo largo de los \u00faltimos a\u00f1os. Proporciona a las corredur\u00edas asociadas y compa\u00f1\u00edas partners de ADECOSE una <strong>informaci\u00f3n muy \u00fatil y privilegiada<\/strong>, ya que recoge las Estad\u00edsticas de Mediaci\u00f3n publicadas anualmente por la Direcci\u00f3n General de Seguros y Fondos de Pensiones (DGSFP) y por las distintas Comunidades Aut\u00f3nomas.<\/p>\n<p>Adicionalmente, el estudio se nutre de la informaci\u00f3n disponible en ICEA relativa al sector asegurador, tanto a nivel global como de los distintos ramos, con especial incidencia en la <strong>situaci\u00f3n actual de la mediaci\u00f3n y, en especial, el canal corredor y su evoluci\u00f3n a lo largo de los \u00faltimos a\u00f1os<\/strong>.<\/p>\n<p>Esta iniciativa cuenta con una gran acogida por parte de los miembros de la Asociaci\u00f3n por la relevancia y utilidad de los datos aportados. Por ello, ADECOSE actualiza cada a\u00f1o los datos de este informe con el objetivo de dotar a las corredur\u00edas asociadas de una <strong>herramienta de medici\u00f3n del desarrollo del sector<\/strong>.<\/p>\n<p>Tal y como han expuesto Elvira de la Cruz y Daniel M\u00e9ndez, el informe recopila toda la <strong>informaci\u00f3n relacionada con la mediaci\u00f3n buscando las distintas fuentes que existen en el mercado<\/strong>. Adem\u00e1s, analiza las figuras de mediaci\u00f3n y el alcance de negocio intermediado por corredores y corredur\u00edas de seguros desde el punto de vista del volumen total de la cartera, cifra de negocio y peso de los distintos ramos.<\/p>\n<p>Por su parte, Mart\u00edn Navaz, presidente de ADECOSE, ha destacado la relevancia de este informe, \u201cque aporta informaci\u00f3n a nuestros socios y partners a la hora de que puedan gestionar sus negocios y estrategias, y tomar el pulso de la evoluci\u00f3n del sector\u201d. Por \u00faltimo, ha agradecido a ICEA por su esfuerzo en la elaboraci\u00f3n de este informe y por la relaci\u00f3n de cercan\u00eda que mantiene con ADECOSE para desarrollar iniciativas conjuntas que aportan valor a las corredur\u00edas asociadas.<\/p>\n[\/vc_column_text][\/vc_column][\/vc_row]\n","protected":false},"excerpt":{"rendered":"<p>[vc_row type=&#8221;in_container&#8221; full_screen_row_position=&#8221;middle&#8221; column_margin=&#8221;default&#8221; column_direction=&#8221;default&#8221; column_direction_tablet=&#8221;default&#8221; column_direction_phone=&#8221;default&#8221; scene_position=&#8221;center&#8221; text_color=&#8221;dark&#8221; text_align=&#8221;left&#8221; row_border_radius=&#8221;none&#8221; row_border_radius_applies=&#8221;bg&#8221; overflow=&#8221;visible&#8221; overlay_strength=&#8221;0.3&#8243; gradient_direction=&#8221;left_to_right&#8221; shape_divider_position=&#8221;bottom&#8221; bg_image_animation=&#8221;none&#8221;][vc_column column_padding=&#8221;no-extra-padding&#8221; column_padding_tablet=&#8221;inherit&#8221; column_padding_phone=&#8221;inherit&#8221; column_padding_position=&#8221;all&#8221; column_element_spacing=&#8221;default&#8221; background_color_opacity=&#8221;1&#8243; background_hover_color_opacity=&#8221;1&#8243; column_shadow=&#8221;none&#8221;&#8230;<\/p>\n","protected":false},"author":197,"featured_media":12231,"comment_status":"closed","ping_status":"closed","sticky":false,"template":"","format":"standard","meta":{"_acf_changed":false,"_price":"","_stock":"","_tribe_ticket_header":"","_tribe_default_ticket_provider":"","_tribe_ticket_capacity":"0","_ticket_start_date":"","_ticket_end_date":"","_tribe_ticket_show_description":"","_tribe_ticket_show_not_going":false,"_tribe_ticket_use_global_stock":"","_tribe_ticket_global_stock_level":"","_global_stock_mode":"","_global_stock_cap":"","_tribe_rsvp_for_event":"","_tribe_ticket_going_count":"","_tribe_ticket_not_going_count":"","_tribe_tickets_list":"[]","_tribe_ticket_has_attendee_info_fields":false,"footnotes":""},"categories":[2],"tags":[322],"class_list":["post-12230","post","type-post","status-publish","format-standard","has-post-thumbnail","category-noticias","tag-icea"],"acf":[],"yoast_head":"<!-- This site is optimized with the Yoast SEO plugin v27.2 - https:\/\/yoast.com\/product\/yoast-seo-wordpress\/ -->\n<title>ADECOSE presenta el Estudio Sectorial de la Mediaci\u00f3n 2022 - ADECOSE<\/title>\n<meta name=\"robots\" content=\"index, follow, max-snippet:-1, max-image-preview:large, max-video-preview:-1\" \/>\n<link rel=\"canonical\" href=\"https:\/\/www.adecose.com\/adecose-presenta-el-estudio-sectorial-de-la-mediacion-2022\/\" \/>\n<meta property=\"og:locale\" content=\"eu_ES\" \/>\n<meta property=\"og:type\" content=\"article\" \/>\n<meta property=\"og:title\" content=\"ADECOSE presenta el Estudio Sectorial de la Mediaci\u00f3n 2022 - ADECOSE\" \/>\n<meta property=\"og:description\" content=\"[vc_row type=&#8221;in_container&#8221; full_screen_row_position=&#8221;middle&#8221; column_margin=&#8221;default&#8221; column_direction=&#8221;default&#8221; column_direction_tablet=&#8221;default&#8221; column_direction_phone=&#8221;default&#8221; scene_position=&#8221;center&#8221; text_color=&#8221;dark&#8221; text_align=&#8221;left&#8221; row_border_radius=&#8221;none&#8221; row_border_radius_applies=&#8221;bg&#8221; overflow=&#8221;visible&#8221; overlay_strength=&#8221;0.3&#8243; gradient_direction=&#8221;left_to_right&#8221; shape_divider_position=&#8221;bottom&#8221; bg_image_animation=&#8221;none&#8221;][vc_column column_padding=&#8221;no-extra-padding&#8221; column_padding_tablet=&#8221;inherit&#8221; column_padding_phone=&#8221;inherit&#8221; column_padding_position=&#8221;all&#8221; column_element_spacing=&#8221;default&#8221; background_color_opacity=&#8221;1&#8243; background_hover_color_opacity=&#8221;1&#8243; column_shadow=&#8221;none&#8221;...\" \/>\n<meta property=\"og:url\" content=\"https:\/\/www.adecose.com\/adecose-presenta-el-estudio-sectorial-de-la-mediacion-2022\/\" \/>\n<meta property=\"og:site_name\" content=\"ADECOSE\" \/>\n<meta property=\"article:published_time\" content=\"2022-03-23T12:52:27+00:00\" \/>\n<meta property=\"og:image\" content=\"https:\/\/www.adecose.com\/wp-content\/uploads\/2022\/03\/Captura-de-pantalla-2022-03-23-a-las-13.51.44.png\" \/>\n\t<meta property=\"og:image:width\" content=\"612\" \/>\n\t<meta property=\"og:image:height\" content=\"348\" \/>\n\t<meta property=\"og:image:type\" content=\"image\/png\" \/>\n<meta name=\"author\" content=\"Comunicaci\u00f3n ADECOSE\" \/>\n<meta name=\"twitter:card\" content=\"summary_large_image\" \/>\n<meta name=\"twitter:label1\" content=\"Written by\" \/>\n\t<meta name=\"twitter:data1\" content=\"Comunicaci\u00f3n ADECOSE\" \/>\n\t<meta name=\"twitter:label2\" content=\"Est. reading time\" \/>\n\t<meta name=\"twitter:data2\" content=\"3 minutes\" \/>\n<script type=\"application\/ld+json\" class=\"yoast-schema-graph\">{\"@context\":\"https:\/\/schema.org\",\"@graph\":[{\"@type\":\"Article\",\"@id\":\"https:\/\/www.adecose.com\/adecose-presenta-el-estudio-sectorial-de-la-mediacion-2022\/#article\",\"isPartOf\":{\"@id\":\"https:\/\/www.adecose.com\/adecose-presenta-el-estudio-sectorial-de-la-mediacion-2022\/\"},\"author\":{\"name\":\"Comunicaci\u00f3n ADECOSE\",\"@id\":\"https:\/\/www.adecose.com\/gl\/#\/schema\/person\/ff086ce55f6379e1d225a2c0dca5eeb6\"},\"headline\":\"ADECOSE presenta el Estudio Sectorial de la Mediaci\u00f3n 2022\",\"datePublished\":\"2022-03-23T12:52:27+00:00\",\"mainEntityOfPage\":{\"@id\":\"https:\/\/www.adecose.com\/adecose-presenta-el-estudio-sectorial-de-la-mediacion-2022\/\"},\"wordCount\":804,\"publisher\":{\"@id\":\"https:\/\/www.adecose.com\/gl\/#organization\"},\"image\":{\"@id\":\"https:\/\/www.adecose.com\/adecose-presenta-el-estudio-sectorial-de-la-mediacion-2022\/#primaryimage\"},\"thumbnailUrl\":\"https:\/\/www.adecose.com\/wp-content\/uploads\/2022\/03\/Captura-de-pantalla-2022-03-23-a-las-13.51.44.png\",\"keywords\":[\"ICEA\"],\"articleSection\":[\"Noticias\"],\"inLanguage\":\"eu-ES\"},{\"@type\":\"WebPage\",\"@id\":\"https:\/\/www.adecose.com\/adecose-presenta-el-estudio-sectorial-de-la-mediacion-2022\/\",\"url\":\"https:\/\/www.adecose.com\/adecose-presenta-el-estudio-sectorial-de-la-mediacion-2022\/\",\"name\":\"ADECOSE presenta el Estudio Sectorial de la Mediaci\u00f3n 2022 - ADECOSE\",\"isPartOf\":{\"@id\":\"https:\/\/www.adecose.com\/gl\/#website\"},\"primaryImageOfPage\":{\"@id\":\"https:\/\/www.adecose.com\/adecose-presenta-el-estudio-sectorial-de-la-mediacion-2022\/#primaryimage\"},\"image\":{\"@id\":\"https:\/\/www.adecose.com\/adecose-presenta-el-estudio-sectorial-de-la-mediacion-2022\/#primaryimage\"},\"thumbnailUrl\":\"https:\/\/www.adecose.com\/wp-content\/uploads\/2022\/03\/Captura-de-pantalla-2022-03-23-a-las-13.51.44.png\",\"datePublished\":\"2022-03-23T12:52:27+00:00\",\"breadcrumb\":{\"@id\":\"https:\/\/www.adecose.com\/adecose-presenta-el-estudio-sectorial-de-la-mediacion-2022\/#breadcrumb\"},\"inLanguage\":\"eu-ES\",\"potentialAction\":[{\"@type\":\"ReadAction\",\"target\":[\"https:\/\/www.adecose.com\/adecose-presenta-el-estudio-sectorial-de-la-mediacion-2022\/\"]}]},{\"@type\":\"ImageObject\",\"inLanguage\":\"eu-ES\",\"@id\":\"https:\/\/www.adecose.com\/adecose-presenta-el-estudio-sectorial-de-la-mediacion-2022\/#primaryimage\",\"url\":\"https:\/\/www.adecose.com\/wp-content\/uploads\/2022\/03\/Captura-de-pantalla-2022-03-23-a-las-13.51.44.png\",\"contentUrl\":\"https:\/\/www.adecose.com\/wp-content\/uploads\/2022\/03\/Captura-de-pantalla-2022-03-23-a-las-13.51.44.png\",\"width\":612,\"height\":348},{\"@type\":\"BreadcrumbList\",\"@id\":\"https:\/\/www.adecose.com\/adecose-presenta-el-estudio-sectorial-de-la-mediacion-2022\/#breadcrumb\",\"itemListElement\":[{\"@type\":\"ListItem\",\"position\":1,\"name\":\"Portada\",\"item\":\"https:\/\/www.adecose.com\/eu\/aseguru-eta-berraseguru-artekaritzen-espainiako-elkartea\/\"},{\"@type\":\"ListItem\",\"position\":2,\"name\":\"ADECOSE presenta el Estudio Sectorial de la Mediaci\u00f3n 2022\"}]},{\"@type\":\"WebSite\",\"@id\":\"https:\/\/www.adecose.com\/gl\/#website\",\"url\":\"https:\/\/www.adecose.com\/gl\/\",\"name\":\"ADECOSE\",\"description\":\"Aseguru eta Berraseguru Artekaritzen Espainiako Elkartea\",\"publisher\":{\"@id\":\"https:\/\/www.adecose.com\/gl\/#organization\"},\"potentialAction\":[{\"@type\":\"SearchAction\",\"target\":{\"@type\":\"EntryPoint\",\"urlTemplate\":\"https:\/\/www.adecose.com\/gl\/?s={search_term_string}\"},\"query-input\":{\"@type\":\"PropertyValueSpecification\",\"valueRequired\":true,\"valueName\":\"search_term_string\"}}],\"inLanguage\":\"eu-ES\"},{\"@type\":\"Organization\",\"@id\":\"https:\/\/www.adecose.com\/gl\/#organization\",\"name\":\"ADECOSE\",\"url\":\"https:\/\/www.adecose.com\/gl\/\",\"logo\":{\"@type\":\"ImageObject\",\"inLanguage\":\"eu-ES\",\"@id\":\"https:\/\/www.adecose.com\/gl\/#\/schema\/logo\/image\/\",\"url\":\"https:\/\/www.adecose.com\/wp-content\/uploads\/2020\/07\/favicon.png\",\"contentUrl\":\"https:\/\/www.adecose.com\/wp-content\/uploads\/2020\/07\/favicon.png\",\"width\":512,\"height\":512,\"caption\":\"ADECOSE\"},\"image\":{\"@id\":\"https:\/\/www.adecose.com\/gl\/#\/schema\/logo\/image\/\"}},{\"@type\":\"Person\",\"@id\":\"https:\/\/www.adecose.com\/gl\/#\/schema\/person\/ff086ce55f6379e1d225a2c0dca5eeb6\",\"name\":\"Comunicaci\u00f3n ADECOSE\",\"image\":{\"@type\":\"ImageObject\",\"inLanguage\":\"eu-ES\",\"@id\":\"https:\/\/secure.gravatar.com\/avatar\/01cd1f9571997441bf1da6d1cc147351305f03fe8f2acf1ebbec60ebb26924ce?s=96&d=mm&r=g\",\"url\":\"https:\/\/secure.gravatar.com\/avatar\/01cd1f9571997441bf1da6d1cc147351305f03fe8f2acf1ebbec60ebb26924ce?s=96&d=mm&r=g\",\"contentUrl\":\"https:\/\/secure.gravatar.com\/avatar\/01cd1f9571997441bf1da6d1cc147351305f03fe8f2acf1ebbec60ebb26924ce?s=96&d=mm&r=g\",\"caption\":\"Comunicaci\u00f3n ADECOSE\"}}]}<\/script>\n<!-- \/ Yoast SEO plugin. -->","yoast_head_json":{"title":"ADECOSE presenta el Estudio Sectorial de la Mediaci\u00f3n 2022 - ADECOSE","robots":{"index":"index","follow":"follow","max-snippet":"max-snippet:-1","max-image-preview":"max-image-preview:large","max-video-preview":"max-video-preview:-1"},"canonical":"https:\/\/www.adecose.com\/adecose-presenta-el-estudio-sectorial-de-la-mediacion-2022\/","og_locale":"eu_ES","og_type":"article","og_title":"ADECOSE presenta el Estudio Sectorial de la Mediaci\u00f3n 2022 - ADECOSE","og_description":"[vc_row type=&#8221;in_container&#8221; full_screen_row_position=&#8221;middle&#8221; column_margin=&#8221;default&#8221; column_direction=&#8221;default&#8221; column_direction_tablet=&#8221;default&#8221; column_direction_phone=&#8221;default&#8221; scene_position=&#8221;center&#8221; text_color=&#8221;dark&#8221; text_align=&#8221;left&#8221; row_border_radius=&#8221;none&#8221; row_border_radius_applies=&#8221;bg&#8221; overflow=&#8221;visible&#8221; overlay_strength=&#8221;0.3&#8243; gradient_direction=&#8221;left_to_right&#8221; shape_divider_position=&#8221;bottom&#8221; bg_image_animation=&#8221;none&#8221;][vc_column column_padding=&#8221;no-extra-padding&#8221; column_padding_tablet=&#8221;inherit&#8221; column_padding_phone=&#8221;inherit&#8221; column_padding_position=&#8221;all&#8221; column_element_spacing=&#8221;default&#8221; background_color_opacity=&#8221;1&#8243; background_hover_color_opacity=&#8221;1&#8243; column_shadow=&#8221;none&#8221;...","og_url":"https:\/\/www.adecose.com\/adecose-presenta-el-estudio-sectorial-de-la-mediacion-2022\/","og_site_name":"ADECOSE","article_published_time":"2022-03-23T12:52:27+00:00","og_image":[{"width":612,"height":348,"url":"https:\/\/www.adecose.com\/wp-content\/uploads\/2022\/03\/Captura-de-pantalla-2022-03-23-a-las-13.51.44.png","type":"image\/png"}],"author":"Comunicaci\u00f3n ADECOSE","twitter_card":"summary_large_image","twitter_misc":{"Written by":"Comunicaci\u00f3n ADECOSE","Est. reading time":"3 minutes"},"schema":{"@context":"https:\/\/schema.org","@graph":[{"@type":"Article","@id":"https:\/\/www.adecose.com\/adecose-presenta-el-estudio-sectorial-de-la-mediacion-2022\/#article","isPartOf":{"@id":"https:\/\/www.adecose.com\/adecose-presenta-el-estudio-sectorial-de-la-mediacion-2022\/"},"author":{"name":"Comunicaci\u00f3n ADECOSE","@id":"https:\/\/www.adecose.com\/gl\/#\/schema\/person\/ff086ce55f6379e1d225a2c0dca5eeb6"},"headline":"ADECOSE presenta el Estudio Sectorial de la Mediaci\u00f3n 2022","datePublished":"2022-03-23T12:52:27+00:00","mainEntityOfPage":{"@id":"https:\/\/www.adecose.com\/adecose-presenta-el-estudio-sectorial-de-la-mediacion-2022\/"},"wordCount":804,"publisher":{"@id":"https:\/\/www.adecose.com\/gl\/#organization"},"image":{"@id":"https:\/\/www.adecose.com\/adecose-presenta-el-estudio-sectorial-de-la-mediacion-2022\/#primaryimage"},"thumbnailUrl":"https:\/\/www.adecose.com\/wp-content\/uploads\/2022\/03\/Captura-de-pantalla-2022-03-23-a-las-13.51.44.png","keywords":["ICEA"],"articleSection":["Noticias"],"inLanguage":"eu-ES"},{"@type":"WebPage","@id":"https:\/\/www.adecose.com\/adecose-presenta-el-estudio-sectorial-de-la-mediacion-2022\/","url":"https:\/\/www.adecose.com\/adecose-presenta-el-estudio-sectorial-de-la-mediacion-2022\/","name":"ADECOSE presenta el Estudio Sectorial de la Mediaci\u00f3n 2022 - ADECOSE","isPartOf":{"@id":"https:\/\/www.adecose.com\/gl\/#website"},"primaryImageOfPage":{"@id":"https:\/\/www.adecose.com\/adecose-presenta-el-estudio-sectorial-de-la-mediacion-2022\/#primaryimage"},"image":{"@id":"https:\/\/www.adecose.com\/adecose-presenta-el-estudio-sectorial-de-la-mediacion-2022\/#primaryimage"},"thumbnailUrl":"https:\/\/www.adecose.com\/wp-content\/uploads\/2022\/03\/Captura-de-pantalla-2022-03-23-a-las-13.51.44.png","datePublished":"2022-03-23T12:52:27+00:00","breadcrumb":{"@id":"https:\/\/www.adecose.com\/adecose-presenta-el-estudio-sectorial-de-la-mediacion-2022\/#breadcrumb"},"inLanguage":"eu-ES","potentialAction":[{"@type":"ReadAction","target":["https:\/\/www.adecose.com\/adecose-presenta-el-estudio-sectorial-de-la-mediacion-2022\/"]}]},{"@type":"ImageObject","inLanguage":"eu-ES","@id":"https:\/\/www.adecose.com\/adecose-presenta-el-estudio-sectorial-de-la-mediacion-2022\/#primaryimage","url":"https:\/\/www.adecose.com\/wp-content\/uploads\/2022\/03\/Captura-de-pantalla-2022-03-23-a-las-13.51.44.png","contentUrl":"https:\/\/www.adecose.com\/wp-content\/uploads\/2022\/03\/Captura-de-pantalla-2022-03-23-a-las-13.51.44.png","width":612,"height":348},{"@type":"BreadcrumbList","@id":"https:\/\/www.adecose.com\/adecose-presenta-el-estudio-sectorial-de-la-mediacion-2022\/#breadcrumb","itemListElement":[{"@type":"ListItem","position":1,"name":"Portada","item":"https:\/\/www.adecose.com\/eu\/aseguru-eta-berraseguru-artekaritzen-espainiako-elkartea\/"},{"@type":"ListItem","position":2,"name":"ADECOSE presenta el Estudio Sectorial de la Mediaci\u00f3n 2022"}]},{"@type":"WebSite","@id":"https:\/\/www.adecose.com\/gl\/#website","url":"https:\/\/www.adecose.com\/gl\/","name":"ADECOSE","description":"Aseguru eta Berraseguru Artekaritzen Espainiako Elkartea","publisher":{"@id":"https:\/\/www.adecose.com\/gl\/#organization"},"potentialAction":[{"@type":"SearchAction","target":{"@type":"EntryPoint","urlTemplate":"https:\/\/www.adecose.com\/gl\/?s={search_term_string}"},"query-input":{"@type":"PropertyValueSpecification","valueRequired":true,"valueName":"search_term_string"}}],"inLanguage":"eu-ES"},{"@type":"Organization","@id":"https:\/\/www.adecose.com\/gl\/#organization","name":"ADECOSE","url":"https:\/\/www.adecose.com\/gl\/","logo":{"@type":"ImageObject","inLanguage":"eu-ES","@id":"https:\/\/www.adecose.com\/gl\/#\/schema\/logo\/image\/","url":"https:\/\/www.adecose.com\/wp-content\/uploads\/2020\/07\/favicon.png","contentUrl":"https:\/\/www.adecose.com\/wp-content\/uploads\/2020\/07\/favicon.png","width":512,"height":512,"caption":"ADECOSE"},"image":{"@id":"https:\/\/www.adecose.com\/gl\/#\/schema\/logo\/image\/"}},{"@type":"Person","@id":"https:\/\/www.adecose.com\/gl\/#\/schema\/person\/ff086ce55f6379e1d225a2c0dca5eeb6","name":"Comunicaci\u00f3n ADECOSE","image":{"@type":"ImageObject","inLanguage":"eu-ES","@id":"https:\/\/secure.gravatar.com\/avatar\/01cd1f9571997441bf1da6d1cc147351305f03fe8f2acf1ebbec60ebb26924ce?s=96&d=mm&r=g","url":"https:\/\/secure.gravatar.com\/avatar\/01cd1f9571997441bf1da6d1cc147351305f03fe8f2acf1ebbec60ebb26924ce?s=96&d=mm&r=g","contentUrl":"https:\/\/secure.gravatar.com\/avatar\/01cd1f9571997441bf1da6d1cc147351305f03fe8f2acf1ebbec60ebb26924ce?s=96&d=mm&r=g","caption":"Comunicaci\u00f3n ADECOSE"}}]}},"_links":{"self":[{"href":"https:\/\/www.adecose.com\/eu\/wp-json\/wp\/v2\/posts\/12230","targetHints":{"allow":["GET"]}}],"collection":[{"href":"https:\/\/www.adecose.com\/eu\/wp-json\/wp\/v2\/posts"}],"about":[{"href":"https:\/\/www.adecose.com\/eu\/wp-json\/wp\/v2\/types\/post"}],"author":[{"embeddable":true,"href":"https:\/\/www.adecose.com\/eu\/wp-json\/wp\/v2\/users\/197"}],"replies":[{"embeddable":true,"href":"https:\/\/www.adecose.com\/eu\/wp-json\/wp\/v2\/comments?post=12230"}],"version-history":[{"count":0,"href":"https:\/\/www.adecose.com\/eu\/wp-json\/wp\/v2\/posts\/12230\/revisions"}],"wp:featuredmedia":[{"embeddable":true,"href":"https:\/\/www.adecose.com\/eu\/wp-json\/wp\/v2\/media\/12231"}],"wp:attachment":[{"href":"https:\/\/www.adecose.com\/eu\/wp-json\/wp\/v2\/media?parent=12230"}],"wp:term":[{"taxonomy":"category","embeddable":true,"href":"https:\/\/www.adecose.com\/eu\/wp-json\/wp\/v2\/categories?post=12230"},{"taxonomy":"post_tag","embeddable":true,"href":"https:\/\/www.adecose.com\/eu\/wp-json\/wp\/v2\/tags?post=12230"}],"curies":[{"name":"wp","href":"https:\/\/api.w.org\/{rel}","templated":true}]}}