{"id":9883,"date":"2021-03-17T18:23:57","date_gmt":"2021-03-17T16:23:57","guid":{"rendered":"https:\/\/www.adecose.com\/?p=9883"},"modified":"2021-03-17T18:25:13","modified_gmt":"2021-03-17T16:25:13","slug":"aumenta-el-movimiento-asociativo-de-adecose-con-la-incorporacion-de-tres-nuevas-corredurias","status":"publish","type":"post","link":"https:\/\/www.adecose.com\/en\/aumenta-el-movimiento-asociativo-de-adecose-con-la-incorporacion-de-tres-nuevas-corredurias\/","title":{"rendered":"Aumenta el movimiento asociativo de ADECOSE con la incorporaci\u00f3n de tres nuevas corredur\u00edas"},"content":{"rendered":"<ul>\n<li><em>La Junta Directiva de ADECOSE ha aprobado la entrada de las corredur\u00edas Arabrok Mediaci\u00f3n, Barymont Go y Xevi Fern\u00e1ndez S.L.<\/em><\/li>\n<\/ul>\n<ul>\n<li><em>ADECOSE sigue creciendo a pesar de la pandemia y suma ya 155 socios.<\/em><\/li>\n<\/ul>\n<p><em>\u00a0<\/em><\/p>\n<p>La Junta Directiva de ADECOSE ha aprobado durante su reuni\u00f3n mensual la entrada de tres nuevos socios, las <strong>corredur\u00edas Arabrok Mediaci\u00f3n, Barymont Go y Xevi Fern\u00e1ndez S.L<em>.<\/em><\/strong> A pesar de la crisis derivada de la pandemia, la Asociaci\u00f3n sigue creciendo y con estas incorporaciones cuenta ya con 155 socios, alcanzando el n\u00famero m\u00e1ximo de corredur\u00edas asociadas de ADECOSE.<\/p>\n<p>Adem\u00e1s de la aprobaci\u00f3n de los nuevos socios, durante la reuni\u00f3n tambi\u00e9n se trataron otros temas a la orden del d\u00eda de la Asociaci\u00f3n. Entre ellos, destaca el avance en la negociaci\u00f3n de la nueva <strong>Carta de Condiciones<\/strong> con las 60 compa\u00f1\u00edas que suscribieron el modelo anterior para adaptarla a la Ley de Distribuci\u00f3n de Seguros. ADECOSE inform\u00f3 que ya ha renovado este acuerdo con m\u00e1s de 30 aseguradoras.<\/p>\n<p>Tambi\u00e9n se inform\u00f3 a la Junta Directiva sobre el impacto medi\u00e1tico que ha obtenido la <strong>XII Edici\u00f3n del Bar\u00f3metro ADECOSE 2020<\/strong>, que se present\u00f3 por primera vez en formato virtual el pasado 17 de febrero y registr\u00f3 un r\u00e9cord de participaci\u00f3n de 400 asistentes. Tambi\u00e9n se hizo un balance de todas las compa\u00f1\u00edas aseguradoras que ya disponen de su informe particular sobre las calificaciones obtenidas en la encuesta por parte de los profesionales de las corredur\u00edas de ADECOSE.<\/p>\n<p>Por otra parte, abordaron la actividad de la reci\u00e9n inaugurada <strong>Fundaci\u00f3n ADECOSE<\/strong>, que ya ha puesto en marcha sus primeras iniciativas en materia de igualdad, coincidiendo con la celebraci\u00f3n del D\u00eda Internacional de la Mujer el pasado 8 de marzo.<\/p>\n<p>Por \u00faltimo, <strong>en materia europea<\/strong>, Juan Ram\u00f3n Pl\u00e1, tesorero de ADECOSE y presidente de BIPAR, ha avanzado novedades en cuanto al tratamiento que la Federaci\u00f3n Europea est\u00e1 dando a la propuesta de Directiva de Resiliencia Operativa Digital (DORA) y ha analizado el impacto y consecuencias del primer a\u00f1o de pandemia en las econom\u00edas de los pa\u00edses europeos. Asimismo, se coment\u00f3 la entrada en vigor del Reglamento Europeo sobre la divulgaci\u00f3n de informaci\u00f3n relativa a la sostenibilidad en el sector de los servicios financieros y las nuevas obligaciones que esta nueva normativa implica a las corredur\u00edas de seguros.<\/p>\n<p>&nbsp;<\/p>\n","protected":false},"excerpt":{"rendered":"<p>La Junta Directiva de ADECOSE ha aprobado la entrada de las corredur\u00edas Arabrok Mediaci\u00f3n, Barymont Go y Xevi Fern\u00e1ndez S.L. ADECOSE sigue creciendo a pesar&#8230;<\/p>\n","protected":false},"author":197,"featured_media":9884,"comment_status":"closed","ping_status":"closed","sticky":false,"template":"","format":"standard","meta":{"_acf_changed":false,"_price":"","_stock":"","_tribe_ticket_header":"","_tribe_default_ticket_provider":"","_tribe_ticket_capacity":"0","_ticket_start_date":"","_ticket_end_date":"","_tribe_ticket_show_description":"","_tribe_ticket_show_not_going":false,"_tribe_ticket_use_global_stock":"","_tribe_ticket_global_stock_level":"","_global_stock_mode":"","_global_stock_cap":"","_tribe_rsvp_for_event":"","_tribe_ticket_going_count":"","_tribe_ticket_not_going_count":"","_tribe_tickets_list":"[]","_tribe_ticket_has_attendee_info_fields":false,"footnotes":""},"categories":[2],"tags":[225],"class_list":["post-9883","post","type-post","status-publish","format-standard","has-post-thumbnail","category-noticias","tag-junta-directiva"],"acf":[],"yoast_head":"<!-- This site is optimized with the Yoast SEO plugin v27.2 - https:\/\/yoast.com\/product\/yoast-seo-wordpress\/ -->\n<title>Aumenta el movimiento asociativo de ADECOSE con la incorporaci\u00f3n de tres nuevas corredur\u00edas - ADECOSE<\/title>\n<meta name=\"robots\" content=\"index, follow, max-snippet:-1, max-image-preview:large, max-video-preview:-1\" \/>\n<link rel=\"canonical\" href=\"https:\/\/www.adecose.com\/aumenta-el-movimiento-asociativo-de-adecose-con-la-incorporacion-de-tres-nuevas-corredurias\/\" \/>\n<meta property=\"og:locale\" content=\"en_US\" \/>\n<meta property=\"og:type\" content=\"article\" \/>\n<meta property=\"og:title\" content=\"Aumenta el movimiento asociativo de ADECOSE con la incorporaci\u00f3n de tres nuevas corredur\u00edas - ADECOSE\" \/>\n<meta property=\"og:description\" content=\"La Junta Directiva de ADECOSE ha aprobado la entrada de las corredur\u00edas Arabrok Mediaci\u00f3n, Barymont Go y Xevi Fern\u00e1ndez S.L. ADECOSE sigue creciendo a pesar...\" \/>\n<meta property=\"og:url\" content=\"https:\/\/www.adecose.com\/aumenta-el-movimiento-asociativo-de-adecose-con-la-incorporacion-de-tres-nuevas-corredurias\/\" \/>\n<meta property=\"og:site_name\" content=\"ADECOSE\" \/>\n<meta property=\"article:published_time\" content=\"2021-03-17T16:23:57+00:00\" \/>\n<meta property=\"article:modified_time\" content=\"2021-03-17T16:25:13+00:00\" \/>\n<meta property=\"og:image\" content=\"https:\/\/www.adecose.com\/wp-content\/uploads\/2021\/03\/BAJA-LOGO.jpg\" \/>\n\t<meta property=\"og:image:width\" content=\"1200\" \/>\n\t<meta property=\"og:image:height\" content=\"800\" \/>\n\t<meta property=\"og:image:type\" content=\"image\/jpeg\" \/>\n<meta name=\"author\" content=\"Comunicaci\u00f3n ADECOSE\" \/>\n<meta name=\"twitter:card\" content=\"summary_large_image\" \/>\n<meta name=\"twitter:label1\" content=\"Written by\" \/>\n\t<meta name=\"twitter:data1\" content=\"Comunicaci\u00f3n ADECOSE\" \/>\n\t<meta name=\"twitter:label2\" content=\"Est. reading time\" \/>\n\t<meta name=\"twitter:data2\" content=\"2 minutes\" \/>\n<script type=\"application\/ld+json\" class=\"yoast-schema-graph\">{\"@context\":\"https:\/\/schema.org\",\"@graph\":[{\"@type\":\"Article\",\"@id\":\"https:\/\/www.adecose.com\/aumenta-el-movimiento-asociativo-de-adecose-con-la-incorporacion-de-tres-nuevas-corredurias\/#article\",\"isPartOf\":{\"@id\":\"https:\/\/www.adecose.com\/aumenta-el-movimiento-asociativo-de-adecose-con-la-incorporacion-de-tres-nuevas-corredurias\/\"},\"author\":{\"name\":\"Comunicaci\u00f3n ADECOSE\",\"@id\":\"https:\/\/www.adecose.com\/gl\/#\/schema\/person\/ff086ce55f6379e1d225a2c0dca5eeb6\"},\"headline\":\"Aumenta el movimiento asociativo de ADECOSE con la incorporaci\u00f3n de tres nuevas corredur\u00edas\",\"datePublished\":\"2021-03-17T16:23:57+00:00\",\"dateModified\":\"2021-03-17T16:25:13+00:00\",\"mainEntityOfPage\":{\"@id\":\"https:\/\/www.adecose.com\/aumenta-el-movimiento-asociativo-de-adecose-con-la-incorporacion-de-tres-nuevas-corredurias\/\"},\"wordCount\":427,\"publisher\":{\"@id\":\"https:\/\/www.adecose.com\/gl\/#organization\"},\"image\":{\"@id\":\"https:\/\/www.adecose.com\/aumenta-el-movimiento-asociativo-de-adecose-con-la-incorporacion-de-tres-nuevas-corredurias\/#primaryimage\"},\"thumbnailUrl\":\"https:\/\/www.adecose.com\/wp-content\/uploads\/2021\/03\/BAJA-LOGO.jpg\",\"keywords\":[\"Junta Directiva\"],\"articleSection\":[\"Noticias\"],\"inLanguage\":\"en-US\"},{\"@type\":\"WebPage\",\"@id\":\"https:\/\/www.adecose.com\/aumenta-el-movimiento-asociativo-de-adecose-con-la-incorporacion-de-tres-nuevas-corredurias\/\",\"url\":\"https:\/\/www.adecose.com\/aumenta-el-movimiento-asociativo-de-adecose-con-la-incorporacion-de-tres-nuevas-corredurias\/\",\"name\":\"Aumenta el movimiento asociativo de ADECOSE con la incorporaci\u00f3n de tres nuevas corredur\u00edas - ADECOSE\",\"isPartOf\":{\"@id\":\"https:\/\/www.adecose.com\/gl\/#website\"},\"primaryImageOfPage\":{\"@id\":\"https:\/\/www.adecose.com\/aumenta-el-movimiento-asociativo-de-adecose-con-la-incorporacion-de-tres-nuevas-corredurias\/#primaryimage\"},\"image\":{\"@id\":\"https:\/\/www.adecose.com\/aumenta-el-movimiento-asociativo-de-adecose-con-la-incorporacion-de-tres-nuevas-corredurias\/#primaryimage\"},\"thumbnailUrl\":\"https:\/\/www.adecose.com\/wp-content\/uploads\/2021\/03\/BAJA-LOGO.jpg\",\"datePublished\":\"2021-03-17T16:23:57+00:00\",\"dateModified\":\"2021-03-17T16:25:13+00:00\",\"breadcrumb\":{\"@id\":\"https:\/\/www.adecose.com\/aumenta-el-movimiento-asociativo-de-adecose-con-la-incorporacion-de-tres-nuevas-corredurias\/#breadcrumb\"},\"inLanguage\":\"en-US\",\"potentialAction\":[{\"@type\":\"ReadAction\",\"target\":[\"https:\/\/www.adecose.com\/aumenta-el-movimiento-asociativo-de-adecose-con-la-incorporacion-de-tres-nuevas-corredurias\/\"]}]},{\"@type\":\"ImageObject\",\"inLanguage\":\"en-US\",\"@id\":\"https:\/\/www.adecose.com\/aumenta-el-movimiento-asociativo-de-adecose-con-la-incorporacion-de-tres-nuevas-corredurias\/#primaryimage\",\"url\":\"https:\/\/www.adecose.com\/wp-content\/uploads\/2021\/03\/BAJA-LOGO.jpg\",\"contentUrl\":\"https:\/\/www.adecose.com\/wp-content\/uploads\/2021\/03\/BAJA-LOGO.jpg\",\"width\":1200,\"height\":800},{\"@type\":\"BreadcrumbList\",\"@id\":\"https:\/\/www.adecose.com\/aumenta-el-movimiento-asociativo-de-adecose-con-la-incorporacion-de-tres-nuevas-corredurias\/#breadcrumb\",\"itemListElement\":[{\"@type\":\"ListItem\",\"position\":1,\"name\":\"Portada\",\"item\":\"https:\/\/www.adecose.com\/en\/\"},{\"@type\":\"ListItem\",\"position\":2,\"name\":\"Aumenta el movimiento asociativo de ADECOSE con la incorporaci\u00f3n de tres nuevas corredur\u00edas\"}]},{\"@type\":\"WebSite\",\"@id\":\"https:\/\/www.adecose.com\/gl\/#website\",\"url\":\"https:\/\/www.adecose.com\/gl\/\",\"name\":\"ADECOSE\",\"description\":\"Spanish Association of Insurance and Reinsurance Brokers\",\"publisher\":{\"@id\":\"https:\/\/www.adecose.com\/gl\/#organization\"},\"potentialAction\":[{\"@type\":\"SearchAction\",\"target\":{\"@type\":\"EntryPoint\",\"urlTemplate\":\"https:\/\/www.adecose.com\/gl\/?s={search_term_string}\"},\"query-input\":{\"@type\":\"PropertyValueSpecification\",\"valueRequired\":true,\"valueName\":\"search_term_string\"}}],\"inLanguage\":\"en-US\"},{\"@type\":\"Organization\",\"@id\":\"https:\/\/www.adecose.com\/gl\/#organization\",\"name\":\"ADECOSE\",\"url\":\"https:\/\/www.adecose.com\/gl\/\",\"logo\":{\"@type\":\"ImageObject\",\"inLanguage\":\"en-US\",\"@id\":\"https:\/\/www.adecose.com\/gl\/#\/schema\/logo\/image\/\",\"url\":\"https:\/\/www.adecose.com\/wp-content\/uploads\/2020\/07\/favicon.png\",\"contentUrl\":\"https:\/\/www.adecose.com\/wp-content\/uploads\/2020\/07\/favicon.png\",\"width\":512,\"height\":512,\"caption\":\"ADECOSE\"},\"image\":{\"@id\":\"https:\/\/www.adecose.com\/gl\/#\/schema\/logo\/image\/\"}},{\"@type\":\"Person\",\"@id\":\"https:\/\/www.adecose.com\/gl\/#\/schema\/person\/ff086ce55f6379e1d225a2c0dca5eeb6\",\"name\":\"Comunicaci\u00f3n ADECOSE\",\"image\":{\"@type\":\"ImageObject\",\"inLanguage\":\"en-US\",\"@id\":\"https:\/\/secure.gravatar.com\/avatar\/01cd1f9571997441bf1da6d1cc147351305f03fe8f2acf1ebbec60ebb26924ce?s=96&d=mm&r=g\",\"url\":\"https:\/\/secure.gravatar.com\/avatar\/01cd1f9571997441bf1da6d1cc147351305f03fe8f2acf1ebbec60ebb26924ce?s=96&d=mm&r=g\",\"contentUrl\":\"https:\/\/secure.gravatar.com\/avatar\/01cd1f9571997441bf1da6d1cc147351305f03fe8f2acf1ebbec60ebb26924ce?s=96&d=mm&r=g\",\"caption\":\"Comunicaci\u00f3n ADECOSE\"}}]}<\/script>\n<!-- \/ Yoast SEO plugin. -->","yoast_head_json":{"title":"Aumenta el movimiento asociativo de ADECOSE con la incorporaci\u00f3n de tres nuevas corredur\u00edas - ADECOSE","robots":{"index":"index","follow":"follow","max-snippet":"max-snippet:-1","max-image-preview":"max-image-preview:large","max-video-preview":"max-video-preview:-1"},"canonical":"https:\/\/www.adecose.com\/aumenta-el-movimiento-asociativo-de-adecose-con-la-incorporacion-de-tres-nuevas-corredurias\/","og_locale":"en_US","og_type":"article","og_title":"Aumenta el movimiento asociativo de ADECOSE con la incorporaci\u00f3n de tres nuevas corredur\u00edas - ADECOSE","og_description":"La Junta Directiva de ADECOSE ha aprobado la entrada de las corredur\u00edas Arabrok Mediaci\u00f3n, Barymont Go y Xevi Fern\u00e1ndez S.L. ADECOSE sigue creciendo a pesar...","og_url":"https:\/\/www.adecose.com\/aumenta-el-movimiento-asociativo-de-adecose-con-la-incorporacion-de-tres-nuevas-corredurias\/","og_site_name":"ADECOSE","article_published_time":"2021-03-17T16:23:57+00:00","article_modified_time":"2021-03-17T16:25:13+00:00","og_image":[{"width":1200,"height":800,"url":"https:\/\/www.adecose.com\/wp-content\/uploads\/2021\/03\/BAJA-LOGO.jpg","type":"image\/jpeg"}],"author":"Comunicaci\u00f3n ADECOSE","twitter_card":"summary_large_image","twitter_misc":{"Written by":"Comunicaci\u00f3n ADECOSE","Est. reading time":"2 minutes"},"schema":{"@context":"https:\/\/schema.org","@graph":[{"@type":"Article","@id":"https:\/\/www.adecose.com\/aumenta-el-movimiento-asociativo-de-adecose-con-la-incorporacion-de-tres-nuevas-corredurias\/#article","isPartOf":{"@id":"https:\/\/www.adecose.com\/aumenta-el-movimiento-asociativo-de-adecose-con-la-incorporacion-de-tres-nuevas-corredurias\/"},"author":{"name":"Comunicaci\u00f3n ADECOSE","@id":"https:\/\/www.adecose.com\/gl\/#\/schema\/person\/ff086ce55f6379e1d225a2c0dca5eeb6"},"headline":"Aumenta el movimiento asociativo de ADECOSE con la incorporaci\u00f3n de tres nuevas corredur\u00edas","datePublished":"2021-03-17T16:23:57+00:00","dateModified":"2021-03-17T16:25:13+00:00","mainEntityOfPage":{"@id":"https:\/\/www.adecose.com\/aumenta-el-movimiento-asociativo-de-adecose-con-la-incorporacion-de-tres-nuevas-corredurias\/"},"wordCount":427,"publisher":{"@id":"https:\/\/www.adecose.com\/gl\/#organization"},"image":{"@id":"https:\/\/www.adecose.com\/aumenta-el-movimiento-asociativo-de-adecose-con-la-incorporacion-de-tres-nuevas-corredurias\/#primaryimage"},"thumbnailUrl":"https:\/\/www.adecose.com\/wp-content\/uploads\/2021\/03\/BAJA-LOGO.jpg","keywords":["Junta Directiva"],"articleSection":["Noticias"],"inLanguage":"en-US"},{"@type":"WebPage","@id":"https:\/\/www.adecose.com\/aumenta-el-movimiento-asociativo-de-adecose-con-la-incorporacion-de-tres-nuevas-corredurias\/","url":"https:\/\/www.adecose.com\/aumenta-el-movimiento-asociativo-de-adecose-con-la-incorporacion-de-tres-nuevas-corredurias\/","name":"Aumenta el movimiento asociativo de ADECOSE con la incorporaci\u00f3n de tres nuevas corredur\u00edas - ADECOSE","isPartOf":{"@id":"https:\/\/www.adecose.com\/gl\/#website"},"primaryImageOfPage":{"@id":"https:\/\/www.adecose.com\/aumenta-el-movimiento-asociativo-de-adecose-con-la-incorporacion-de-tres-nuevas-corredurias\/#primaryimage"},"image":{"@id":"https:\/\/www.adecose.com\/aumenta-el-movimiento-asociativo-de-adecose-con-la-incorporacion-de-tres-nuevas-corredurias\/#primaryimage"},"thumbnailUrl":"https:\/\/www.adecose.com\/wp-content\/uploads\/2021\/03\/BAJA-LOGO.jpg","datePublished":"2021-03-17T16:23:57+00:00","dateModified":"2021-03-17T16:25:13+00:00","breadcrumb":{"@id":"https:\/\/www.adecose.com\/aumenta-el-movimiento-asociativo-de-adecose-con-la-incorporacion-de-tres-nuevas-corredurias\/#breadcrumb"},"inLanguage":"en-US","potentialAction":[{"@type":"ReadAction","target":["https:\/\/www.adecose.com\/aumenta-el-movimiento-asociativo-de-adecose-con-la-incorporacion-de-tres-nuevas-corredurias\/"]}]},{"@type":"ImageObject","inLanguage":"en-US","@id":"https:\/\/www.adecose.com\/aumenta-el-movimiento-asociativo-de-adecose-con-la-incorporacion-de-tres-nuevas-corredurias\/#primaryimage","url":"https:\/\/www.adecose.com\/wp-content\/uploads\/2021\/03\/BAJA-LOGO.jpg","contentUrl":"https:\/\/www.adecose.com\/wp-content\/uploads\/2021\/03\/BAJA-LOGO.jpg","width":1200,"height":800},{"@type":"BreadcrumbList","@id":"https:\/\/www.adecose.com\/aumenta-el-movimiento-asociativo-de-adecose-con-la-incorporacion-de-tres-nuevas-corredurias\/#breadcrumb","itemListElement":[{"@type":"ListItem","position":1,"name":"Portada","item":"https:\/\/www.adecose.com\/en\/"},{"@type":"ListItem","position":2,"name":"Aumenta el movimiento asociativo de ADECOSE con la incorporaci\u00f3n de tres nuevas corredur\u00edas"}]},{"@type":"WebSite","@id":"https:\/\/www.adecose.com\/gl\/#website","url":"https:\/\/www.adecose.com\/gl\/","name":"ADECOSE","description":"Spanish Association of Insurance and Reinsurance Brokers","publisher":{"@id":"https:\/\/www.adecose.com\/gl\/#organization"},"potentialAction":[{"@type":"SearchAction","target":{"@type":"EntryPoint","urlTemplate":"https:\/\/www.adecose.com\/gl\/?s={search_term_string}"},"query-input":{"@type":"PropertyValueSpecification","valueRequired":true,"valueName":"search_term_string"}}],"inLanguage":"en-US"},{"@type":"Organization","@id":"https:\/\/www.adecose.com\/gl\/#organization","name":"ADECOSE","url":"https:\/\/www.adecose.com\/gl\/","logo":{"@type":"ImageObject","inLanguage":"en-US","@id":"https:\/\/www.adecose.com\/gl\/#\/schema\/logo\/image\/","url":"https:\/\/www.adecose.com\/wp-content\/uploads\/2020\/07\/favicon.png","contentUrl":"https:\/\/www.adecose.com\/wp-content\/uploads\/2020\/07\/favicon.png","width":512,"height":512,"caption":"ADECOSE"},"image":{"@id":"https:\/\/www.adecose.com\/gl\/#\/schema\/logo\/image\/"}},{"@type":"Person","@id":"https:\/\/www.adecose.com\/gl\/#\/schema\/person\/ff086ce55f6379e1d225a2c0dca5eeb6","name":"Comunicaci\u00f3n ADECOSE","image":{"@type":"ImageObject","inLanguage":"en-US","@id":"https:\/\/secure.gravatar.com\/avatar\/01cd1f9571997441bf1da6d1cc147351305f03fe8f2acf1ebbec60ebb26924ce?s=96&d=mm&r=g","url":"https:\/\/secure.gravatar.com\/avatar\/01cd1f9571997441bf1da6d1cc147351305f03fe8f2acf1ebbec60ebb26924ce?s=96&d=mm&r=g","contentUrl":"https:\/\/secure.gravatar.com\/avatar\/01cd1f9571997441bf1da6d1cc147351305f03fe8f2acf1ebbec60ebb26924ce?s=96&d=mm&r=g","caption":"Comunicaci\u00f3n ADECOSE"}}]}},"_links":{"self":[{"href":"https:\/\/www.adecose.com\/en\/wp-json\/wp\/v2\/posts\/9883","targetHints":{"allow":["GET"]}}],"collection":[{"href":"https:\/\/www.adecose.com\/en\/wp-json\/wp\/v2\/posts"}],"about":[{"href":"https:\/\/www.adecose.com\/en\/wp-json\/wp\/v2\/types\/post"}],"author":[{"embeddable":true,"href":"https:\/\/www.adecose.com\/en\/wp-json\/wp\/v2\/users\/197"}],"replies":[{"embeddable":true,"href":"https:\/\/www.adecose.com\/en\/wp-json\/wp\/v2\/comments?post=9883"}],"version-history":[{"count":0,"href":"https:\/\/www.adecose.com\/en\/wp-json\/wp\/v2\/posts\/9883\/revisions"}],"wp:featuredmedia":[{"embeddable":true,"href":"https:\/\/www.adecose.com\/en\/wp-json\/wp\/v2\/media\/9884"}],"wp:attachment":[{"href":"https:\/\/www.adecose.com\/en\/wp-json\/wp\/v2\/media?parent=9883"}],"wp:term":[{"taxonomy":"category","embeddable":true,"href":"https:\/\/www.adecose.com\/en\/wp-json\/wp\/v2\/categories?post=9883"},{"taxonomy":"post_tag","embeddable":true,"href":"https:\/\/www.adecose.com\/en\/wp-json\/wp\/v2\/tags?post=9883"}],"curies":[{"name":"wp","href":"https:\/\/api.w.org\/{rel}","templated":true}]}}