{"id":6943,"date":"2020-07-23T14:34:32","date_gmt":"2020-07-23T14:34:32","guid":{"rendered":"https:\/\/www.adecose.com\/?p=6943"},"modified":"2020-10-27T18:42:39","modified_gmt":"2020-10-27T16:42:39","slug":"la-junta-directiva-de-adecose-nombra-a-alfonso-valera-como-vicepresidente","status":"publish","type":"post","link":"https:\/\/www.adecose.com\/en\/la-junta-directiva-de-adecose-nombra-a-alfonso-valera-como-vicepresidente\/","title":{"rendered":"La Junta Directiva de ADECOSE nombra a Alfonso Valera como vicepresidente"},"content":{"rendered":"[vc_row type=&#8221;in_container&#8221; full_screen_row_position=&#8221;middle&#8221; column_margin=&#8221;default&#8221; column_direction=&#8221;default&#8221; column_direction_tablet=&#8221;default&#8221; column_direction_phone=&#8221;default&#8221; scene_position=&#8221;center&#8221; text_color=&#8221;dark&#8221; text_align=&#8221;left&#8221; row_border_radius=&#8221;none&#8221; row_border_radius_applies=&#8221;bg&#8221; overlay_strength=&#8221;0.3&#8243; gradient_direction=&#8221;left_to_right&#8221; shape_divider_position=&#8221;bottom&#8221; bg_image_animation=&#8221;none&#8221;][vc_column column_padding=&#8221;no-extra-padding&#8221; column_padding_tablet=&#8221;inherit&#8221; column_padding_phone=&#8221;inherit&#8221; column_padding_position=&#8221;all&#8221; background_color_opacity=&#8221;1&#8243; background_hover_color_opacity=&#8221;1&#8243; column_shadow=&#8221;none&#8221; column_border_radius=&#8221;none&#8221; column_link_target=&#8221;_self&#8221; gradient_direction=&#8221;left_to_right&#8221; overlay_strength=&#8221;0.3&#8243; width=&#8221;1\/1&#8243; tablet_width_inherit=&#8221;default&#8221; tablet_text_alignment=&#8221;default&#8221; phone_text_alignment=&#8221;default&#8221; column_border_width=&#8221;none&#8221; column_border_style=&#8221;solid&#8221; bg_image_animation=&#8221;none&#8221;][vc_column_text]\n<ul>\n<li><em><span lang=\"ES\">Alfonso Valera, presidente de ASECORE, ser\u00e1 vicepresidente de la Junta Directiva, junto a Julio de Santos y Carmina Homs.<\/span><\/em><\/li>\n<li><span lang=\"ES\"><em>ASECORE se ha incorporado como socio institucional en ADECOSE\u00a0tras la \u00faltima Asamblea General celebrada por la Asociaci\u00f3n el pasado 23 de juni<\/em>o.<\/span><\/li>\n<\/ul>\n<p>&nbsp;<\/p>\n<p>La Junta Directiva de ADECOSE ha aprobado el nombramiento de Alfonso Valera, presidente de ASECORE, como vicepresidente de la Junta Directiva, durante la reuni\u00f3n mensual celebrada el pasado 6 de julio. Asimismo, ASECORE se ha incorporado como socio institucional en ADECOSE, tras la \u00faltima Asamblea General celebrada por la Asociaci\u00f3n el pasado 23 de junio.<\/p>\n<p>Licenciado en Derecho, Alfonso Valera cuenta con una larga trayectoria en el sector asegurador. Comenz\u00f3 a trabajar en seguros y reaseguros en Londres, donde trabaj\u00f3 varios a\u00f1os como broker de Lloyd&#8217;s. Desde 1999 ha ocupado diferentes puestos en el grupo Aon donde en la actualidad es CEO de Aon Reinsurance Iberia y miembro del Comit\u00e9 Ejecutivo de EMEA con responsabilidad sobre los mercados de Israel y \u00c1frica sub-sahariana.<\/p>\n<p>Este nombramiento supone un hito para la Asociaci\u00f3n, ya que es la primera vez que la vicepresidencia queda conformada por tres miembros, junto a Julio de Santos, consejero delegado de Alkora; y Carmina Homs, socia y directora general de Ferrer y Ojeda. Para Mart\u00edn Navaz, presidente de ADECOSE,\u00a0\u201ccontar con Alfonso Valera como vicepresidente nos aportar\u00e1 la visi\u00f3n de las corredur\u00edas de reaseguro en la Junta Directiva, lo que generar\u00e1 un gran valor a nuestras iniciativas y propuestas en beneficio de nuestros socios y del sector\u201d.[\/vc_column_text][\/vc_column][\/vc_row][vc_row type=&#8221;in_container&#8221; full_screen_row_position=&#8221;middle&#8221; column_margin=&#8221;default&#8221; column_direction=&#8221;default&#8221; column_direction_tablet=&#8221;default&#8221; column_direction_phone=&#8221;default&#8221; scene_position=&#8221;center&#8221; text_color=&#8221;dark&#8221; text_align=&#8221;left&#8221; row_border_radius=&#8221;none&#8221; row_border_radius_applies=&#8221;bg&#8221; overlay_strength=&#8221;0.3&#8243; gradient_direction=&#8221;left_to_right&#8221; shape_divider_position=&#8221;bottom&#8221; bg_image_animation=&#8221;none&#8221;][vc_column column_padding=&#8221;no-extra-padding&#8221; column_padding_tablet=&#8221;inherit&#8221; column_padding_phone=&#8221;inherit&#8221; column_padding_position=&#8221;all&#8221; background_color_opacity=&#8221;1&#8243; background_hover_color_opacity=&#8221;1&#8243; column_shadow=&#8221;none&#8221; column_border_radius=&#8221;none&#8221; column_link_target=&#8221;_self&#8221; gradient_direction=&#8221;left_to_right&#8221; overlay_strength=&#8221;0.3&#8243; width=&#8221;1\/1&#8243; tablet_width_inherit=&#8221;default&#8221; tablet_text_alignment=&#8221;default&#8221; phone_text_alignment=&#8221;default&#8221; column_border_width=&#8221;none&#8221; column_border_style=&#8221;solid&#8221; bg_image_animation=&#8221;none&#8221;][nectar_single_testimonial testimonial_style=&#8221;bold&#8221; text_color=&#8221;#045b9c&#8221; color=&#8221;Default&#8221; quote=&#8221;Contar con Alfonso Valera como vicepresidente nos aportar\u00e1 la visi\u00f3n de las corredur\u00edas de reaseguro en la Junta Directiva, lo que generar\u00e1 un gran valor a nuestras iniciativas y propuestas en beneficio de nuestros socios y del sector. &#8221; name=&#8221;Mart\u00edn Navaz&#8221; subtitle=&#8221;Presidente de ADECOSE&#8221;][\/vc_column][\/vc_row]\n","protected":false},"excerpt":{"rendered":"<p>[vc_row type=&#8221;in_container&#8221; full_screen_row_position=&#8221;middle&#8221; column_margin=&#8221;default&#8221; column_direction=&#8221;default&#8221; column_direction_tablet=&#8221;default&#8221; column_direction_phone=&#8221;default&#8221; scene_position=&#8221;center&#8221; text_color=&#8221;dark&#8221; text_align=&#8221;left&#8221; row_border_radius=&#8221;none&#8221; row_border_radius_applies=&#8221;bg&#8221; overlay_strength=&#8221;0.3&#8243; gradient_direction=&#8221;left_to_right&#8221; shape_divider_position=&#8221;bottom&#8221; bg_image_animation=&#8221;none&#8221;][vc_column column_padding=&#8221;no-extra-padding&#8221; column_padding_tablet=&#8221;inherit&#8221; column_padding_phone=&#8221;inherit&#8221; column_padding_position=&#8221;all&#8221; background_color_opacity=&#8221;1&#8243; background_hover_color_opacity=&#8221;1&#8243; column_shadow=&#8221;none&#8221; column_border_radius=&#8221;none&#8221; column_link_target=&#8221;_self&#8221;&#8230;<\/p>\n","protected":false},"author":197,"featured_media":7011,"comment_status":"closed","ping_status":"closed","sticky":false,"template":"","format":"standard","meta":{"_acf_changed":false,"_price":"","_stock":"","_tribe_ticket_header":"","_tribe_default_ticket_provider":"","_tribe_ticket_capacity":"0","_ticket_start_date":"","_ticket_end_date":"","_tribe_ticket_show_description":"","_tribe_ticket_show_not_going":false,"_tribe_ticket_use_global_stock":"","_tribe_ticket_global_stock_level":"","_global_stock_mode":"","_global_stock_cap":"","_tribe_rsvp_for_event":"","_tribe_ticket_going_count":"","_tribe_ticket_not_going_count":"","_tribe_tickets_list":"[]","_tribe_ticket_has_attendee_info_fields":false,"footnotes":""},"categories":[2],"tags":[],"class_list":["post-6943","post","type-post","status-publish","format-standard","has-post-thumbnail","category-noticias"],"acf":[],"yoast_head":"<!-- This site is optimized with the Yoast SEO plugin v27.2 - https:\/\/yoast.com\/product\/yoast-seo-wordpress\/ -->\n<title>La Junta Directiva de ADECOSE nombra a Alfonso Valera como vicepresidente - ADECOSE<\/title>\n<meta name=\"robots\" content=\"index, follow, max-snippet:-1, max-image-preview:large, max-video-preview:-1\" \/>\n<link rel=\"canonical\" href=\"https:\/\/www.adecose.com\/la-junta-directiva-de-adecose-nombra-a-alfonso-valera-como-vicepresidente\/\" \/>\n<meta property=\"og:locale\" content=\"en_US\" \/>\n<meta property=\"og:type\" content=\"article\" \/>\n<meta property=\"og:title\" content=\"La Junta Directiva de ADECOSE nombra a Alfonso Valera como vicepresidente - ADECOSE\" \/>\n<meta property=\"og:description\" content=\"[vc_row type=&#8221;in_container&#8221; full_screen_row_position=&#8221;middle&#8221; column_margin=&#8221;default&#8221; column_direction=&#8221;default&#8221; column_direction_tablet=&#8221;default&#8221; column_direction_phone=&#8221;default&#8221; scene_position=&#8221;center&#8221; text_color=&#8221;dark&#8221; text_align=&#8221;left&#8221; row_border_radius=&#8221;none&#8221; row_border_radius_applies=&#8221;bg&#8221; overlay_strength=&#8221;0.3&#8243; gradient_direction=&#8221;left_to_right&#8221; shape_divider_position=&#8221;bottom&#8221; bg_image_animation=&#8221;none&#8221;][vc_column column_padding=&#8221;no-extra-padding&#8221; column_padding_tablet=&#8221;inherit&#8221; column_padding_phone=&#8221;inherit&#8221; column_padding_position=&#8221;all&#8221; background_color_opacity=&#8221;1&#8243; background_hover_color_opacity=&#8221;1&#8243; column_shadow=&#8221;none&#8221; column_border_radius=&#8221;none&#8221; column_link_target=&#8221;_self&#8221;...\" \/>\n<meta property=\"og:url\" content=\"https:\/\/www.adecose.com\/la-junta-directiva-de-adecose-nombra-a-alfonso-valera-como-vicepresidente\/\" \/>\n<meta property=\"og:site_name\" content=\"ADECOSE\" \/>\n<meta property=\"article:published_time\" content=\"2020-07-23T14:34:32+00:00\" \/>\n<meta property=\"article:modified_time\" content=\"2020-10-27T16:42:39+00:00\" \/>\n<meta property=\"og:image\" content=\"https:\/\/www.adecose.com\/wp-content\/uploads\/2020\/07\/Alfonso-Valera-01-03-scaled.jpg\" \/>\n\t<meta property=\"og:image:width\" content=\"2560\" \/>\n\t<meta property=\"og:image:height\" content=\"1706\" \/>\n\t<meta property=\"og:image:type\" content=\"image\/jpeg\" \/>\n<meta name=\"author\" content=\"Comunicaci\u00f3n ADECOSE\" \/>\n<meta name=\"twitter:card\" content=\"summary_large_image\" \/>\n<meta name=\"twitter:label1\" content=\"Written by\" \/>\n\t<meta name=\"twitter:data1\" content=\"Comunicaci\u00f3n ADECOSE\" \/>\n\t<meta name=\"twitter:label2\" content=\"Est. reading time\" \/>\n\t<meta name=\"twitter:data2\" content=\"3 minutes\" \/>\n<script type=\"application\/ld+json\" class=\"yoast-schema-graph\">{\"@context\":\"https:\/\/schema.org\",\"@graph\":[{\"@type\":\"Article\",\"@id\":\"https:\/\/www.adecose.com\/la-junta-directiva-de-adecose-nombra-a-alfonso-valera-como-vicepresidente\/#article\",\"isPartOf\":{\"@id\":\"https:\/\/www.adecose.com\/la-junta-directiva-de-adecose-nombra-a-alfonso-valera-como-vicepresidente\/\"},\"author\":{\"name\":\"Comunicaci\u00f3n ADECOSE\",\"@id\":\"https:\/\/www.adecose.com\/gl\/#\/schema\/person\/ff086ce55f6379e1d225a2c0dca5eeb6\"},\"headline\":\"La Junta Directiva de ADECOSE nombra a Alfonso Valera como vicepresidente\",\"datePublished\":\"2020-07-23T14:34:32+00:00\",\"dateModified\":\"2020-10-27T16:42:39+00:00\",\"mainEntityOfPage\":{\"@id\":\"https:\/\/www.adecose.com\/la-junta-directiva-de-adecose-nombra-a-alfonso-valera-como-vicepresidente\/\"},\"wordCount\":591,\"publisher\":{\"@id\":\"https:\/\/www.adecose.com\/gl\/#organization\"},\"image\":{\"@id\":\"https:\/\/www.adecose.com\/la-junta-directiva-de-adecose-nombra-a-alfonso-valera-como-vicepresidente\/#primaryimage\"},\"thumbnailUrl\":\"https:\/\/www.adecose.com\/wp-content\/uploads\/2020\/07\/Alfonso-Valera-01-03-scaled.jpg\",\"articleSection\":[\"Noticias\"],\"inLanguage\":\"en-US\"},{\"@type\":\"WebPage\",\"@id\":\"https:\/\/www.adecose.com\/la-junta-directiva-de-adecose-nombra-a-alfonso-valera-como-vicepresidente\/\",\"url\":\"https:\/\/www.adecose.com\/la-junta-directiva-de-adecose-nombra-a-alfonso-valera-como-vicepresidente\/\",\"name\":\"La Junta Directiva de ADECOSE nombra a Alfonso Valera como vicepresidente - ADECOSE\",\"isPartOf\":{\"@id\":\"https:\/\/www.adecose.com\/gl\/#website\"},\"primaryImageOfPage\":{\"@id\":\"https:\/\/www.adecose.com\/la-junta-directiva-de-adecose-nombra-a-alfonso-valera-como-vicepresidente\/#primaryimage\"},\"image\":{\"@id\":\"https:\/\/www.adecose.com\/la-junta-directiva-de-adecose-nombra-a-alfonso-valera-como-vicepresidente\/#primaryimage\"},\"thumbnailUrl\":\"https:\/\/www.adecose.com\/wp-content\/uploads\/2020\/07\/Alfonso-Valera-01-03-scaled.jpg\",\"datePublished\":\"2020-07-23T14:34:32+00:00\",\"dateModified\":\"2020-10-27T16:42:39+00:00\",\"breadcrumb\":{\"@id\":\"https:\/\/www.adecose.com\/la-junta-directiva-de-adecose-nombra-a-alfonso-valera-como-vicepresidente\/#breadcrumb\"},\"inLanguage\":\"en-US\",\"potentialAction\":[{\"@type\":\"ReadAction\",\"target\":[\"https:\/\/www.adecose.com\/la-junta-directiva-de-adecose-nombra-a-alfonso-valera-como-vicepresidente\/\"]}]},{\"@type\":\"ImageObject\",\"inLanguage\":\"en-US\",\"@id\":\"https:\/\/www.adecose.com\/la-junta-directiva-de-adecose-nombra-a-alfonso-valera-como-vicepresidente\/#primaryimage\",\"url\":\"https:\/\/www.adecose.com\/wp-content\/uploads\/2020\/07\/Alfonso-Valera-01-03-scaled.jpg\",\"contentUrl\":\"https:\/\/www.adecose.com\/wp-content\/uploads\/2020\/07\/Alfonso-Valera-01-03-scaled.jpg\",\"width\":2560,\"height\":1706},{\"@type\":\"BreadcrumbList\",\"@id\":\"https:\/\/www.adecose.com\/la-junta-directiva-de-adecose-nombra-a-alfonso-valera-como-vicepresidente\/#breadcrumb\",\"itemListElement\":[{\"@type\":\"ListItem\",\"position\":1,\"name\":\"Portada\",\"item\":\"https:\/\/www.adecose.com\/en\/\"},{\"@type\":\"ListItem\",\"position\":2,\"name\":\"La Junta Directiva de ADECOSE nombra a Alfonso Valera como vicepresidente\"}]},{\"@type\":\"WebSite\",\"@id\":\"https:\/\/www.adecose.com\/gl\/#website\",\"url\":\"https:\/\/www.adecose.com\/gl\/\",\"name\":\"ADECOSE\",\"description\":\"Spanish Association of Insurance and Reinsurance Brokers\",\"publisher\":{\"@id\":\"https:\/\/www.adecose.com\/gl\/#organization\"},\"potentialAction\":[{\"@type\":\"SearchAction\",\"target\":{\"@type\":\"EntryPoint\",\"urlTemplate\":\"https:\/\/www.adecose.com\/gl\/?s={search_term_string}\"},\"query-input\":{\"@type\":\"PropertyValueSpecification\",\"valueRequired\":true,\"valueName\":\"search_term_string\"}}],\"inLanguage\":\"en-US\"},{\"@type\":\"Organization\",\"@id\":\"https:\/\/www.adecose.com\/gl\/#organization\",\"name\":\"ADECOSE\",\"url\":\"https:\/\/www.adecose.com\/gl\/\",\"logo\":{\"@type\":\"ImageObject\",\"inLanguage\":\"en-US\",\"@id\":\"https:\/\/www.adecose.com\/gl\/#\/schema\/logo\/image\/\",\"url\":\"https:\/\/www.adecose.com\/wp-content\/uploads\/2020\/07\/favicon.png\",\"contentUrl\":\"https:\/\/www.adecose.com\/wp-content\/uploads\/2020\/07\/favicon.png\",\"width\":512,\"height\":512,\"caption\":\"ADECOSE\"},\"image\":{\"@id\":\"https:\/\/www.adecose.com\/gl\/#\/schema\/logo\/image\/\"}},{\"@type\":\"Person\",\"@id\":\"https:\/\/www.adecose.com\/gl\/#\/schema\/person\/ff086ce55f6379e1d225a2c0dca5eeb6\",\"name\":\"Comunicaci\u00f3n ADECOSE\",\"image\":{\"@type\":\"ImageObject\",\"inLanguage\":\"en-US\",\"@id\":\"https:\/\/secure.gravatar.com\/avatar\/01cd1f9571997441bf1da6d1cc147351305f03fe8f2acf1ebbec60ebb26924ce?s=96&d=mm&r=g\",\"url\":\"https:\/\/secure.gravatar.com\/avatar\/01cd1f9571997441bf1da6d1cc147351305f03fe8f2acf1ebbec60ebb26924ce?s=96&d=mm&r=g\",\"contentUrl\":\"https:\/\/secure.gravatar.com\/avatar\/01cd1f9571997441bf1da6d1cc147351305f03fe8f2acf1ebbec60ebb26924ce?s=96&d=mm&r=g\",\"caption\":\"Comunicaci\u00f3n ADECOSE\"}}]}<\/script>\n<!-- \/ Yoast SEO plugin. -->","yoast_head_json":{"title":"La Junta Directiva de ADECOSE nombra a Alfonso Valera como vicepresidente - ADECOSE","robots":{"index":"index","follow":"follow","max-snippet":"max-snippet:-1","max-image-preview":"max-image-preview:large","max-video-preview":"max-video-preview:-1"},"canonical":"https:\/\/www.adecose.com\/la-junta-directiva-de-adecose-nombra-a-alfonso-valera-como-vicepresidente\/","og_locale":"en_US","og_type":"article","og_title":"La Junta Directiva de ADECOSE nombra a Alfonso Valera como vicepresidente - ADECOSE","og_description":"[vc_row type=&#8221;in_container&#8221; full_screen_row_position=&#8221;middle&#8221; column_margin=&#8221;default&#8221; column_direction=&#8221;default&#8221; column_direction_tablet=&#8221;default&#8221; column_direction_phone=&#8221;default&#8221; scene_position=&#8221;center&#8221; text_color=&#8221;dark&#8221; text_align=&#8221;left&#8221; row_border_radius=&#8221;none&#8221; row_border_radius_applies=&#8221;bg&#8221; overlay_strength=&#8221;0.3&#8243; gradient_direction=&#8221;left_to_right&#8221; shape_divider_position=&#8221;bottom&#8221; bg_image_animation=&#8221;none&#8221;][vc_column column_padding=&#8221;no-extra-padding&#8221; column_padding_tablet=&#8221;inherit&#8221; column_padding_phone=&#8221;inherit&#8221; column_padding_position=&#8221;all&#8221; background_color_opacity=&#8221;1&#8243; background_hover_color_opacity=&#8221;1&#8243; column_shadow=&#8221;none&#8221; column_border_radius=&#8221;none&#8221; column_link_target=&#8221;_self&#8221;...","og_url":"https:\/\/www.adecose.com\/la-junta-directiva-de-adecose-nombra-a-alfonso-valera-como-vicepresidente\/","og_site_name":"ADECOSE","article_published_time":"2020-07-23T14:34:32+00:00","article_modified_time":"2020-10-27T16:42:39+00:00","og_image":[{"width":2560,"height":1706,"url":"https:\/\/www.adecose.com\/wp-content\/uploads\/2020\/07\/Alfonso-Valera-01-03-scaled.jpg","type":"image\/jpeg"}],"author":"Comunicaci\u00f3n ADECOSE","twitter_card":"summary_large_image","twitter_misc":{"Written by":"Comunicaci\u00f3n ADECOSE","Est. reading time":"3 minutes"},"schema":{"@context":"https:\/\/schema.org","@graph":[{"@type":"Article","@id":"https:\/\/www.adecose.com\/la-junta-directiva-de-adecose-nombra-a-alfonso-valera-como-vicepresidente\/#article","isPartOf":{"@id":"https:\/\/www.adecose.com\/la-junta-directiva-de-adecose-nombra-a-alfonso-valera-como-vicepresidente\/"},"author":{"name":"Comunicaci\u00f3n ADECOSE","@id":"https:\/\/www.adecose.com\/gl\/#\/schema\/person\/ff086ce55f6379e1d225a2c0dca5eeb6"},"headline":"La Junta Directiva de ADECOSE nombra a Alfonso Valera como vicepresidente","datePublished":"2020-07-23T14:34:32+00:00","dateModified":"2020-10-27T16:42:39+00:00","mainEntityOfPage":{"@id":"https:\/\/www.adecose.com\/la-junta-directiva-de-adecose-nombra-a-alfonso-valera-como-vicepresidente\/"},"wordCount":591,"publisher":{"@id":"https:\/\/www.adecose.com\/gl\/#organization"},"image":{"@id":"https:\/\/www.adecose.com\/la-junta-directiva-de-adecose-nombra-a-alfonso-valera-como-vicepresidente\/#primaryimage"},"thumbnailUrl":"https:\/\/www.adecose.com\/wp-content\/uploads\/2020\/07\/Alfonso-Valera-01-03-scaled.jpg","articleSection":["Noticias"],"inLanguage":"en-US"},{"@type":"WebPage","@id":"https:\/\/www.adecose.com\/la-junta-directiva-de-adecose-nombra-a-alfonso-valera-como-vicepresidente\/","url":"https:\/\/www.adecose.com\/la-junta-directiva-de-adecose-nombra-a-alfonso-valera-como-vicepresidente\/","name":"La Junta Directiva de ADECOSE nombra a Alfonso Valera como vicepresidente - ADECOSE","isPartOf":{"@id":"https:\/\/www.adecose.com\/gl\/#website"},"primaryImageOfPage":{"@id":"https:\/\/www.adecose.com\/la-junta-directiva-de-adecose-nombra-a-alfonso-valera-como-vicepresidente\/#primaryimage"},"image":{"@id":"https:\/\/www.adecose.com\/la-junta-directiva-de-adecose-nombra-a-alfonso-valera-como-vicepresidente\/#primaryimage"},"thumbnailUrl":"https:\/\/www.adecose.com\/wp-content\/uploads\/2020\/07\/Alfonso-Valera-01-03-scaled.jpg","datePublished":"2020-07-23T14:34:32+00:00","dateModified":"2020-10-27T16:42:39+00:00","breadcrumb":{"@id":"https:\/\/www.adecose.com\/la-junta-directiva-de-adecose-nombra-a-alfonso-valera-como-vicepresidente\/#breadcrumb"},"inLanguage":"en-US","potentialAction":[{"@type":"ReadAction","target":["https:\/\/www.adecose.com\/la-junta-directiva-de-adecose-nombra-a-alfonso-valera-como-vicepresidente\/"]}]},{"@type":"ImageObject","inLanguage":"en-US","@id":"https:\/\/www.adecose.com\/la-junta-directiva-de-adecose-nombra-a-alfonso-valera-como-vicepresidente\/#primaryimage","url":"https:\/\/www.adecose.com\/wp-content\/uploads\/2020\/07\/Alfonso-Valera-01-03-scaled.jpg","contentUrl":"https:\/\/www.adecose.com\/wp-content\/uploads\/2020\/07\/Alfonso-Valera-01-03-scaled.jpg","width":2560,"height":1706},{"@type":"BreadcrumbList","@id":"https:\/\/www.adecose.com\/la-junta-directiva-de-adecose-nombra-a-alfonso-valera-como-vicepresidente\/#breadcrumb","itemListElement":[{"@type":"ListItem","position":1,"name":"Portada","item":"https:\/\/www.adecose.com\/en\/"},{"@type":"ListItem","position":2,"name":"La Junta Directiva de ADECOSE nombra a Alfonso Valera como vicepresidente"}]},{"@type":"WebSite","@id":"https:\/\/www.adecose.com\/gl\/#website","url":"https:\/\/www.adecose.com\/gl\/","name":"ADECOSE","description":"Spanish Association of Insurance and Reinsurance Brokers","publisher":{"@id":"https:\/\/www.adecose.com\/gl\/#organization"},"potentialAction":[{"@type":"SearchAction","target":{"@type":"EntryPoint","urlTemplate":"https:\/\/www.adecose.com\/gl\/?s={search_term_string}"},"query-input":{"@type":"PropertyValueSpecification","valueRequired":true,"valueName":"search_term_string"}}],"inLanguage":"en-US"},{"@type":"Organization","@id":"https:\/\/www.adecose.com\/gl\/#organization","name":"ADECOSE","url":"https:\/\/www.adecose.com\/gl\/","logo":{"@type":"ImageObject","inLanguage":"en-US","@id":"https:\/\/www.adecose.com\/gl\/#\/schema\/logo\/image\/","url":"https:\/\/www.adecose.com\/wp-content\/uploads\/2020\/07\/favicon.png","contentUrl":"https:\/\/www.adecose.com\/wp-content\/uploads\/2020\/07\/favicon.png","width":512,"height":512,"caption":"ADECOSE"},"image":{"@id":"https:\/\/www.adecose.com\/gl\/#\/schema\/logo\/image\/"}},{"@type":"Person","@id":"https:\/\/www.adecose.com\/gl\/#\/schema\/person\/ff086ce55f6379e1d225a2c0dca5eeb6","name":"Comunicaci\u00f3n ADECOSE","image":{"@type":"ImageObject","inLanguage":"en-US","@id":"https:\/\/secure.gravatar.com\/avatar\/01cd1f9571997441bf1da6d1cc147351305f03fe8f2acf1ebbec60ebb26924ce?s=96&d=mm&r=g","url":"https:\/\/secure.gravatar.com\/avatar\/01cd1f9571997441bf1da6d1cc147351305f03fe8f2acf1ebbec60ebb26924ce?s=96&d=mm&r=g","contentUrl":"https:\/\/secure.gravatar.com\/avatar\/01cd1f9571997441bf1da6d1cc147351305f03fe8f2acf1ebbec60ebb26924ce?s=96&d=mm&r=g","caption":"Comunicaci\u00f3n ADECOSE"}}]}},"_links":{"self":[{"href":"https:\/\/www.adecose.com\/en\/wp-json\/wp\/v2\/posts\/6943","targetHints":{"allow":["GET"]}}],"collection":[{"href":"https:\/\/www.adecose.com\/en\/wp-json\/wp\/v2\/posts"}],"about":[{"href":"https:\/\/www.adecose.com\/en\/wp-json\/wp\/v2\/types\/post"}],"author":[{"embeddable":true,"href":"https:\/\/www.adecose.com\/en\/wp-json\/wp\/v2\/users\/197"}],"replies":[{"embeddable":true,"href":"https:\/\/www.adecose.com\/en\/wp-json\/wp\/v2\/comments?post=6943"}],"version-history":[{"count":0,"href":"https:\/\/www.adecose.com\/en\/wp-json\/wp\/v2\/posts\/6943\/revisions"}],"wp:featuredmedia":[{"embeddable":true,"href":"https:\/\/www.adecose.com\/en\/wp-json\/wp\/v2\/media\/7011"}],"wp:attachment":[{"href":"https:\/\/www.adecose.com\/en\/wp-json\/wp\/v2\/media?parent=6943"}],"wp:term":[{"taxonomy":"category","embeddable":true,"href":"https:\/\/www.adecose.com\/en\/wp-json\/wp\/v2\/categories?post=6943"},{"taxonomy":"post_tag","embeddable":true,"href":"https:\/\/www.adecose.com\/en\/wp-json\/wp\/v2\/tags?post=6943"}],"curies":[{"name":"wp","href":"https:\/\/api.w.org\/{rel}","templated":true}]}}