{"id":2677,"date":"2020-06-15T09:33:01","date_gmt":"2020-06-15T09:33:01","guid":{"rendered":"http:\/\/themenectar.com\/demo\/salient-blog\/?p=2677"},"modified":"2020-10-27T18:42:40","modified_gmt":"2020-10-27T16:42:40","slug":"david-salinas-de-epgsalinas-nuevo-vocal-de-la-junta-directiva-de-adecose","status":"publish","type":"post","link":"https:\/\/www.adecose.com\/en\/david-salinas-de-epgsalinas-nuevo-vocal-de-la-junta-directiva-de-adecose\/","title":{"rendered":"David Salinas, de EPG&#038;SALINAS, nuevo vocal de la Junta Directiva de ADECOSE"},"content":{"rendered":"[vc_row type=&#8221;in_container&#8221; full_screen_row_position=&#8221;middle&#8221; column_margin=&#8221;default&#8221; column_direction=&#8221;default&#8221; column_direction_tablet=&#8221;default&#8221; column_direction_phone=&#8221;default&#8221; scene_position=&#8221;center&#8221; text_color=&#8221;dark&#8221; text_align=&#8221;left&#8221; row_border_radius=&#8221;none&#8221; row_border_radius_applies=&#8221;bg&#8221; overlay_strength=&#8221;0.3&#8243; gradient_direction=&#8221;left_to_right&#8221; shape_divider_position=&#8221;bottom&#8221; bg_image_animation=&#8221;none&#8221;][vc_column column_padding=&#8221;no-extra-padding&#8221; column_padding_tablet=&#8221;inherit&#8221; column_padding_phone=&#8221;inherit&#8221; column_padding_position=&#8221;all&#8221; background_color_opacity=&#8221;1&#8243; background_hover_color_opacity=&#8221;1&#8243; column_shadow=&#8221;none&#8221; column_border_radius=&#8221;none&#8221; column_link_target=&#8221;_self&#8221; gradient_direction=&#8221;left_to_right&#8221; overlay_strength=&#8221;0.3&#8243; width=&#8221;1\/1&#8243; tablet_width_inherit=&#8221;default&#8221; tablet_text_alignment=&#8221;default&#8221; phone_text_alignment=&#8221;default&#8221; column_border_width=&#8221;none&#8221; column_border_style=&#8221;solid&#8221; bg_image_animation=&#8221;none&#8221;][vc_column_text]\n<ul>\n<li>Tras ocho a\u00f1os como vocal en la Junta Directiva de ADECOSE, Elisa Poch se retira y cede la representaci\u00f3n a su hijo, David Salinas.<\/li>\n<\/ul>\n<p><span lang=\"ES-TRAD\">La Junta Directiva de ADECOSE ha comunicado la retirada por jubilaci\u00f3n de Elisa Poch, tras ocho a\u00f1os como vocal desde su nombramiento en abril de 2012. Poch ceder\u00e1 su vocal\u00eda en la Junta Directiva a su hijo David Salinas, quien<\/span>\u00a0recoger\u00e1 su testigo como representante de la\u00a0<span lang=\"ES-TRAD\">Corredur\u00eda EPGSalinas<\/span>.<\/p>\n<p><span lang=\"ES-TRAD\">Elisa Poch comenz\u00f3 su andadura en el sector hace m\u00e1s de 40 a\u00f1os, fundando una corredur\u00eda familiar en C\u00f3rdoba, EPGSalinas, hasta convertirla en una s\u00f3lida empresa. Dentro de ADECOSE, su participaci\u00f3n en la Junta Directiva marc\u00f3 un hito ya que fue la primera mujer en formar parte de la organizaci\u00f3n.<\/span><\/p>\n<p><span lang=\"ES-TRAD\">Poch finaliza este periodo en ADECOSE mostrando una gran satisfacci\u00f3n: \u201ces un orgullo pertenecer a ADECOSE y ha sido un honor haber abierto el camino a otras mujeres dentro de la Asociaci\u00f3n\u201d. Asimismo, Poch reconoce que \u201cha llegado el momento de retirarse y dejar paso a la generaci\u00f3n que viene\u201d, y deja en manos de David Salinas la responsabilidad de representar a esta nueva generaci\u00f3n.<\/span><\/p>\n<p><span lang=\"ES-TRAD\">Con una larga trayectoria profesional en la mediaci\u00f3n de seguros, Salinas es socio director general en EPGSalinas y lleva vinculado mucho tiempo a ADECOSE, siendo el representante, junto con el presidente, de los proyectos de digitalizaci\u00f3n del sector en los que est\u00e1 involucrado la\u00a0Asociaci\u00f3n, especialmente el EIAC. Para Salinas, \u201cmi madre deja el list\u00f3n muy alto, lo que me anima y da m\u00e1s fuerza para dar lo mejor de m\u00ed mismo\u201d.<\/span><\/p>\n<p><span lang=\"ES-TRAD\">El presidente de ADECOSE y los miembros de la Junta dieron una calurosa bienvenida a David Salinas y no dejaron de agradecer tambi\u00e9n la labor y buen hacer de Elisa Poch durante su paso por la Asociaci\u00f3n. Seg\u00fan Mart\u00edn Navaz, \u201cse va una de las mejores incorporaciones de la Junta Directiva, cuya aportaci\u00f3n a la misma ha sido important\u00edsima gracias a su generosidad y buen criterio en las tomas de decisiones\u201d.<\/span>[\/vc_column_text][\/vc_column][\/vc_row][vc_row type=&#8221;in_container&#8221; full_screen_row_position=&#8221;middle&#8221; column_margin=&#8221;default&#8221; column_direction=&#8221;default&#8221; column_direction_tablet=&#8221;default&#8221; column_direction_phone=&#8221;default&#8221; scene_position=&#8221;center&#8221; top_padding=&#8221;40&#8243; bottom_padding=&#8221;40&#8243; text_color=&#8221;dark&#8221; text_align=&#8221;left&#8221; row_border_radius=&#8221;none&#8221; row_border_radius_applies=&#8221;bg&#8221; overlay_strength=&#8221;0.3&#8243; gradient_direction=&#8221;left_to_right&#8221; shape_divider_position=&#8221;bottom&#8221; bg_image_animation=&#8221;none&#8221; shape_type=&#8221;&#8221;][vc_column column_padding=&#8221;no-extra-padding&#8221; column_padding_tablet=&#8221;inherit&#8221; column_padding_phone=&#8221;inherit&#8221; column_padding_position=&#8221;all&#8221; background_color_opacity=&#8221;1&#8243; background_hover_color_opacity=&#8221;1&#8243; column_shadow=&#8221;none&#8221; column_border_radius=&#8221;none&#8221; column_link_target=&#8221;_self&#8221; gradient_direction=&#8221;left_to_right&#8221; overlay_strength=&#8221;0.3&#8243; width=&#8221;1\/1&#8243; tablet_width_inherit=&#8221;default&#8221; tablet_text_alignment=&#8221;default&#8221; phone_text_alignment=&#8221;default&#8221; column_border_width=&#8221;none&#8221; column_border_style=&#8221;solid&#8221; bg_image_animation=&#8221;none&#8221;][nectar_single_testimonial testimonial_style=&#8221;bold&#8221; color=&#8221;Default&#8221; quote=&#8221;Se va una de las mejores incorporaciones de la Junta Directiva, cuya aportaci\u00f3n a la misma ha sido important\u00edsima&#8221; name=&#8221;Mart\u00edn Navaz&#8221; subtitle=&#8221;Adecose&#8221;][\/vc_column][\/vc_row][vc_row type=&#8221;full_width_background&#8221; full_screen_row_position=&#8221;middle&#8221; column_margin=&#8221;default&#8221; column_direction=&#8221;default&#8221; column_direction_tablet=&#8221;default&#8221; column_direction_phone=&#8221;default&#8221; bg_image=&#8221;6159&#8243; bg_position=&#8221;center center&#8221; bg_repeat=&#8221;no-repeat&#8221; scene_position=&#8221;center&#8221; top_padding=&#8221;0&#8243; bottom_padding=&#8221;0&#8243; text_color=&#8221;dark&#8221; text_align=&#8221;left&#8221; row_border_radius=&#8221;none&#8221; row_border_radius_applies=&#8221;bg&#8221; overlay_strength=&#8221;0.3&#8243; gradient_direction=&#8221;left_to_right&#8221; shape_divider_position=&#8221;bottom&#8221; bg_image_animation=&#8221;none&#8221; parallax_bg=&#8221;true&#8221; parallax_bg_speed=&#8221;slow&#8221; shape_type=&#8221;&#8221;][vc_column column_padding=&#8221;no-extra-padding&#8221; column_padding_tablet=&#8221;inherit&#8221; column_padding_phone=&#8221;inherit&#8221; column_padding_position=&#8221;all&#8221; background_color_opacity=&#8221;1&#8243; background_hover_color_opacity=&#8221;1&#8243; column_shadow=&#8221;none&#8221; column_border_radius=&#8221;none&#8221; column_link_target=&#8221;_self&#8221; gradient_direction=&#8221;left_to_right&#8221; overlay_strength=&#8221;0.3&#8243; width=&#8221;1\/1&#8243; tablet_width_inherit=&#8221;default&#8221; tablet_text_alignment=&#8221;default&#8221; phone_text_alignment=&#8221;default&#8221; column_border_width=&#8221;none&#8221; column_border_style=&#8221;solid&#8221; bg_image_animation=&#8221;none&#8221;][\/vc_column][\/vc_row]\n","protected":false},"excerpt":{"rendered":"<p>[vc_row type=&#8221;in_container&#8221; full_screen_row_position=&#8221;middle&#8221; column_margin=&#8221;default&#8221; column_direction=&#8221;default&#8221; column_direction_tablet=&#8221;default&#8221; column_direction_phone=&#8221;default&#8221; scene_position=&#8221;center&#8221; text_color=&#8221;dark&#8221; text_align=&#8221;left&#8221; row_border_radius=&#8221;none&#8221; row_border_radius_applies=&#8221;bg&#8221; overlay_strength=&#8221;0.3&#8243; gradient_direction=&#8221;left_to_right&#8221; shape_divider_position=&#8221;bottom&#8221; bg_image_animation=&#8221;none&#8221;][vc_column column_padding=&#8221;no-extra-padding&#8221; column_padding_tablet=&#8221;inherit&#8221; column_padding_phone=&#8221;inherit&#8221; column_padding_position=&#8221;all&#8221; background_color_opacity=&#8221;1&#8243; background_hover_color_opacity=&#8221;1&#8243; column_shadow=&#8221;none&#8221; column_border_radius=&#8221;none&#8221; column_link_target=&#8221;_self&#8221;&#8230;<\/p>\n","protected":false},"author":197,"featured_media":7018,"comment_status":"closed","ping_status":"open","sticky":false,"template":"","format":"standard","meta":{"_acf_changed":false,"_price":"","_stock":"","_tribe_ticket_header":"","_tribe_default_ticket_provider":"","_tribe_ticket_capacity":"0","_ticket_start_date":"","_ticket_end_date":"","_tribe_ticket_show_description":"","_tribe_ticket_show_not_going":false,"_tribe_ticket_use_global_stock":"","_tribe_ticket_global_stock_level":"","_global_stock_mode":"","_global_stock_cap":"","_tribe_rsvp_for_event":"","_tribe_ticket_going_count":"","_tribe_ticket_not_going_count":"","_tribe_tickets_list":"[]","_tribe_ticket_has_attendee_info_fields":false,"footnotes":""},"categories":[2],"tags":[],"class_list":["post-2677","post","type-post","status-publish","format-standard","has-post-thumbnail","category-noticias"],"acf":[],"yoast_head":"<!-- This site is optimized with the Yoast SEO plugin v27.2 - https:\/\/yoast.com\/product\/yoast-seo-wordpress\/ -->\n<title>David Salinas, de EPG&amp;SALINAS, nuevo vocal de la Junta Directiva de ADECOSE - ADECOSE<\/title>\n<meta name=\"robots\" content=\"index, follow, max-snippet:-1, max-image-preview:large, max-video-preview:-1\" \/>\n<link rel=\"canonical\" href=\"https:\/\/www.adecose.com\/david-salinas-de-epgsalinas-nuevo-vocal-de-la-junta-directiva-de-adecose\/\" \/>\n<meta property=\"og:locale\" content=\"en_US\" \/>\n<meta property=\"og:type\" content=\"article\" \/>\n<meta property=\"og:title\" content=\"David Salinas, de EPG&amp;SALINAS, nuevo vocal de la Junta Directiva de ADECOSE - ADECOSE\" \/>\n<meta property=\"og:description\" content=\"[vc_row type=&#8221;in_container&#8221; full_screen_row_position=&#8221;middle&#8221; column_margin=&#8221;default&#8221; column_direction=&#8221;default&#8221; column_direction_tablet=&#8221;default&#8221; column_direction_phone=&#8221;default&#8221; scene_position=&#8221;center&#8221; text_color=&#8221;dark&#8221; text_align=&#8221;left&#8221; row_border_radius=&#8221;none&#8221; row_border_radius_applies=&#8221;bg&#8221; overlay_strength=&#8221;0.3&#8243; gradient_direction=&#8221;left_to_right&#8221; shape_divider_position=&#8221;bottom&#8221; bg_image_animation=&#8221;none&#8221;][vc_column column_padding=&#8221;no-extra-padding&#8221; column_padding_tablet=&#8221;inherit&#8221; column_padding_phone=&#8221;inherit&#8221; column_padding_position=&#8221;all&#8221; background_color_opacity=&#8221;1&#8243; background_hover_color_opacity=&#8221;1&#8243; column_shadow=&#8221;none&#8221; column_border_radius=&#8221;none&#8221; column_link_target=&#8221;_self&#8221;...\" \/>\n<meta property=\"og:url\" content=\"https:\/\/www.adecose.com\/david-salinas-de-epgsalinas-nuevo-vocal-de-la-junta-directiva-de-adecose\/\" \/>\n<meta property=\"og:site_name\" content=\"ADECOSE\" \/>\n<meta property=\"article:published_time\" content=\"2020-06-15T09:33:01+00:00\" \/>\n<meta property=\"article:modified_time\" content=\"2020-10-27T16:42:40+00:00\" \/>\n<meta property=\"og:image\" content=\"https:\/\/www.adecose.com\/wp-content\/uploads\/2020\/06\/David-Salinas-EPGSalinas-02.jpg\" \/>\n\t<meta property=\"og:image:width\" content=\"1612\" \/>\n\t<meta property=\"og:image:height\" content=\"1076\" \/>\n\t<meta property=\"og:image:type\" content=\"image\/jpeg\" \/>\n<meta name=\"author\" content=\"Comunicaci\u00f3n ADECOSE\" \/>\n<meta name=\"twitter:card\" content=\"summary_large_image\" \/>\n<meta name=\"twitter:label1\" content=\"Written by\" \/>\n\t<meta name=\"twitter:data1\" content=\"Comunicaci\u00f3n ADECOSE\" \/>\n\t<meta name=\"twitter:label2\" content=\"Est. reading time\" \/>\n\t<meta name=\"twitter:data2\" content=\"4 minutes\" \/>\n<script type=\"application\/ld+json\" class=\"yoast-schema-graph\">{\"@context\":\"https:\/\/schema.org\",\"@graph\":[{\"@type\":\"Article\",\"@id\":\"https:\/\/www.adecose.com\/david-salinas-de-epgsalinas-nuevo-vocal-de-la-junta-directiva-de-adecose\/#article\",\"isPartOf\":{\"@id\":\"https:\/\/www.adecose.com\/david-salinas-de-epgsalinas-nuevo-vocal-de-la-junta-directiva-de-adecose\/\"},\"author\":{\"name\":\"Comunicaci\u00f3n ADECOSE\",\"@id\":\"https:\/\/www.adecose.com\/gl\/#\/schema\/person\/ff086ce55f6379e1d225a2c0dca5eeb6\"},\"headline\":\"David Salinas, de EPG&#038;SALINAS, nuevo vocal de la Junta Directiva de ADECOSE\",\"datePublished\":\"2020-06-15T09:33:01+00:00\",\"dateModified\":\"2020-10-27T16:42:40+00:00\",\"mainEntityOfPage\":{\"@id\":\"https:\/\/www.adecose.com\/david-salinas-de-epgsalinas-nuevo-vocal-de-la-junta-directiva-de-adecose\/\"},\"wordCount\":825,\"publisher\":{\"@id\":\"https:\/\/www.adecose.com\/gl\/#organization\"},\"image\":{\"@id\":\"https:\/\/www.adecose.com\/david-salinas-de-epgsalinas-nuevo-vocal-de-la-junta-directiva-de-adecose\/#primaryimage\"},\"thumbnailUrl\":\"https:\/\/www.adecose.com\/wp-content\/uploads\/2020\/06\/David-Salinas-EPGSalinas-02.jpg\",\"articleSection\":[\"Noticias\"],\"inLanguage\":\"en-US\"},{\"@type\":\"WebPage\",\"@id\":\"https:\/\/www.adecose.com\/david-salinas-de-epgsalinas-nuevo-vocal-de-la-junta-directiva-de-adecose\/\",\"url\":\"https:\/\/www.adecose.com\/david-salinas-de-epgsalinas-nuevo-vocal-de-la-junta-directiva-de-adecose\/\",\"name\":\"David Salinas, de EPG&SALINAS, nuevo vocal de la Junta Directiva de ADECOSE - ADECOSE\",\"isPartOf\":{\"@id\":\"https:\/\/www.adecose.com\/gl\/#website\"},\"primaryImageOfPage\":{\"@id\":\"https:\/\/www.adecose.com\/david-salinas-de-epgsalinas-nuevo-vocal-de-la-junta-directiva-de-adecose\/#primaryimage\"},\"image\":{\"@id\":\"https:\/\/www.adecose.com\/david-salinas-de-epgsalinas-nuevo-vocal-de-la-junta-directiva-de-adecose\/#primaryimage\"},\"thumbnailUrl\":\"https:\/\/www.adecose.com\/wp-content\/uploads\/2020\/06\/David-Salinas-EPGSalinas-02.jpg\",\"datePublished\":\"2020-06-15T09:33:01+00:00\",\"dateModified\":\"2020-10-27T16:42:40+00:00\",\"breadcrumb\":{\"@id\":\"https:\/\/www.adecose.com\/david-salinas-de-epgsalinas-nuevo-vocal-de-la-junta-directiva-de-adecose\/#breadcrumb\"},\"inLanguage\":\"en-US\",\"potentialAction\":[{\"@type\":\"ReadAction\",\"target\":[\"https:\/\/www.adecose.com\/david-salinas-de-epgsalinas-nuevo-vocal-de-la-junta-directiva-de-adecose\/\"]}]},{\"@type\":\"ImageObject\",\"inLanguage\":\"en-US\",\"@id\":\"https:\/\/www.adecose.com\/david-salinas-de-epgsalinas-nuevo-vocal-de-la-junta-directiva-de-adecose\/#primaryimage\",\"url\":\"https:\/\/www.adecose.com\/wp-content\/uploads\/2020\/06\/David-Salinas-EPGSalinas-02.jpg\",\"contentUrl\":\"https:\/\/www.adecose.com\/wp-content\/uploads\/2020\/06\/David-Salinas-EPGSalinas-02.jpg\",\"width\":1612,\"height\":1076},{\"@type\":\"BreadcrumbList\",\"@id\":\"https:\/\/www.adecose.com\/david-salinas-de-epgsalinas-nuevo-vocal-de-la-junta-directiva-de-adecose\/#breadcrumb\",\"itemListElement\":[{\"@type\":\"ListItem\",\"position\":1,\"name\":\"Portada\",\"item\":\"https:\/\/www.adecose.com\/en\/\"},{\"@type\":\"ListItem\",\"position\":2,\"name\":\"David Salinas, de EPG&#038;SALINAS, nuevo vocal de la Junta Directiva de ADECOSE\"}]},{\"@type\":\"WebSite\",\"@id\":\"https:\/\/www.adecose.com\/gl\/#website\",\"url\":\"https:\/\/www.adecose.com\/gl\/\",\"name\":\"ADECOSE\",\"description\":\"Spanish Association of Insurance and Reinsurance Brokers\",\"publisher\":{\"@id\":\"https:\/\/www.adecose.com\/gl\/#organization\"},\"potentialAction\":[{\"@type\":\"SearchAction\",\"target\":{\"@type\":\"EntryPoint\",\"urlTemplate\":\"https:\/\/www.adecose.com\/gl\/?s={search_term_string}\"},\"query-input\":{\"@type\":\"PropertyValueSpecification\",\"valueRequired\":true,\"valueName\":\"search_term_string\"}}],\"inLanguage\":\"en-US\"},{\"@type\":\"Organization\",\"@id\":\"https:\/\/www.adecose.com\/gl\/#organization\",\"name\":\"ADECOSE\",\"url\":\"https:\/\/www.adecose.com\/gl\/\",\"logo\":{\"@type\":\"ImageObject\",\"inLanguage\":\"en-US\",\"@id\":\"https:\/\/www.adecose.com\/gl\/#\/schema\/logo\/image\/\",\"url\":\"https:\/\/www.adecose.com\/wp-content\/uploads\/2020\/07\/favicon.png\",\"contentUrl\":\"https:\/\/www.adecose.com\/wp-content\/uploads\/2020\/07\/favicon.png\",\"width\":512,\"height\":512,\"caption\":\"ADECOSE\"},\"image\":{\"@id\":\"https:\/\/www.adecose.com\/gl\/#\/schema\/logo\/image\/\"}},{\"@type\":\"Person\",\"@id\":\"https:\/\/www.adecose.com\/gl\/#\/schema\/person\/ff086ce55f6379e1d225a2c0dca5eeb6\",\"name\":\"Comunicaci\u00f3n ADECOSE\",\"image\":{\"@type\":\"ImageObject\",\"inLanguage\":\"en-US\",\"@id\":\"https:\/\/secure.gravatar.com\/avatar\/01cd1f9571997441bf1da6d1cc147351305f03fe8f2acf1ebbec60ebb26924ce?s=96&d=mm&r=g\",\"url\":\"https:\/\/secure.gravatar.com\/avatar\/01cd1f9571997441bf1da6d1cc147351305f03fe8f2acf1ebbec60ebb26924ce?s=96&d=mm&r=g\",\"contentUrl\":\"https:\/\/secure.gravatar.com\/avatar\/01cd1f9571997441bf1da6d1cc147351305f03fe8f2acf1ebbec60ebb26924ce?s=96&d=mm&r=g\",\"caption\":\"Comunicaci\u00f3n ADECOSE\"}}]}<\/script>\n<!-- \/ Yoast SEO plugin. -->","yoast_head_json":{"title":"David Salinas, de EPG&SALINAS, nuevo vocal de la Junta Directiva de ADECOSE - ADECOSE","robots":{"index":"index","follow":"follow","max-snippet":"max-snippet:-1","max-image-preview":"max-image-preview:large","max-video-preview":"max-video-preview:-1"},"canonical":"https:\/\/www.adecose.com\/david-salinas-de-epgsalinas-nuevo-vocal-de-la-junta-directiva-de-adecose\/","og_locale":"en_US","og_type":"article","og_title":"David Salinas, de EPG&SALINAS, nuevo vocal de la Junta Directiva de ADECOSE - ADECOSE","og_description":"[vc_row type=&#8221;in_container&#8221; full_screen_row_position=&#8221;middle&#8221; column_margin=&#8221;default&#8221; column_direction=&#8221;default&#8221; column_direction_tablet=&#8221;default&#8221; column_direction_phone=&#8221;default&#8221; scene_position=&#8221;center&#8221; text_color=&#8221;dark&#8221; text_align=&#8221;left&#8221; row_border_radius=&#8221;none&#8221; row_border_radius_applies=&#8221;bg&#8221; overlay_strength=&#8221;0.3&#8243; gradient_direction=&#8221;left_to_right&#8221; shape_divider_position=&#8221;bottom&#8221; bg_image_animation=&#8221;none&#8221;][vc_column column_padding=&#8221;no-extra-padding&#8221; column_padding_tablet=&#8221;inherit&#8221; column_padding_phone=&#8221;inherit&#8221; column_padding_position=&#8221;all&#8221; background_color_opacity=&#8221;1&#8243; background_hover_color_opacity=&#8221;1&#8243; column_shadow=&#8221;none&#8221; column_border_radius=&#8221;none&#8221; column_link_target=&#8221;_self&#8221;...","og_url":"https:\/\/www.adecose.com\/david-salinas-de-epgsalinas-nuevo-vocal-de-la-junta-directiva-de-adecose\/","og_site_name":"ADECOSE","article_published_time":"2020-06-15T09:33:01+00:00","article_modified_time":"2020-10-27T16:42:40+00:00","og_image":[{"width":1612,"height":1076,"url":"https:\/\/www.adecose.com\/wp-content\/uploads\/2020\/06\/David-Salinas-EPGSalinas-02.jpg","type":"image\/jpeg"}],"author":"Comunicaci\u00f3n ADECOSE","twitter_card":"summary_large_image","twitter_misc":{"Written by":"Comunicaci\u00f3n ADECOSE","Est. reading time":"4 minutes"},"schema":{"@context":"https:\/\/schema.org","@graph":[{"@type":"Article","@id":"https:\/\/www.adecose.com\/david-salinas-de-epgsalinas-nuevo-vocal-de-la-junta-directiva-de-adecose\/#article","isPartOf":{"@id":"https:\/\/www.adecose.com\/david-salinas-de-epgsalinas-nuevo-vocal-de-la-junta-directiva-de-adecose\/"},"author":{"name":"Comunicaci\u00f3n ADECOSE","@id":"https:\/\/www.adecose.com\/gl\/#\/schema\/person\/ff086ce55f6379e1d225a2c0dca5eeb6"},"headline":"David Salinas, de EPG&#038;SALINAS, nuevo vocal de la Junta Directiva de ADECOSE","datePublished":"2020-06-15T09:33:01+00:00","dateModified":"2020-10-27T16:42:40+00:00","mainEntityOfPage":{"@id":"https:\/\/www.adecose.com\/david-salinas-de-epgsalinas-nuevo-vocal-de-la-junta-directiva-de-adecose\/"},"wordCount":825,"publisher":{"@id":"https:\/\/www.adecose.com\/gl\/#organization"},"image":{"@id":"https:\/\/www.adecose.com\/david-salinas-de-epgsalinas-nuevo-vocal-de-la-junta-directiva-de-adecose\/#primaryimage"},"thumbnailUrl":"https:\/\/www.adecose.com\/wp-content\/uploads\/2020\/06\/David-Salinas-EPGSalinas-02.jpg","articleSection":["Noticias"],"inLanguage":"en-US"},{"@type":"WebPage","@id":"https:\/\/www.adecose.com\/david-salinas-de-epgsalinas-nuevo-vocal-de-la-junta-directiva-de-adecose\/","url":"https:\/\/www.adecose.com\/david-salinas-de-epgsalinas-nuevo-vocal-de-la-junta-directiva-de-adecose\/","name":"David Salinas, de EPG&SALINAS, nuevo vocal de la Junta Directiva de ADECOSE - ADECOSE","isPartOf":{"@id":"https:\/\/www.adecose.com\/gl\/#website"},"primaryImageOfPage":{"@id":"https:\/\/www.adecose.com\/david-salinas-de-epgsalinas-nuevo-vocal-de-la-junta-directiva-de-adecose\/#primaryimage"},"image":{"@id":"https:\/\/www.adecose.com\/david-salinas-de-epgsalinas-nuevo-vocal-de-la-junta-directiva-de-adecose\/#primaryimage"},"thumbnailUrl":"https:\/\/www.adecose.com\/wp-content\/uploads\/2020\/06\/David-Salinas-EPGSalinas-02.jpg","datePublished":"2020-06-15T09:33:01+00:00","dateModified":"2020-10-27T16:42:40+00:00","breadcrumb":{"@id":"https:\/\/www.adecose.com\/david-salinas-de-epgsalinas-nuevo-vocal-de-la-junta-directiva-de-adecose\/#breadcrumb"},"inLanguage":"en-US","potentialAction":[{"@type":"ReadAction","target":["https:\/\/www.adecose.com\/david-salinas-de-epgsalinas-nuevo-vocal-de-la-junta-directiva-de-adecose\/"]}]},{"@type":"ImageObject","inLanguage":"en-US","@id":"https:\/\/www.adecose.com\/david-salinas-de-epgsalinas-nuevo-vocal-de-la-junta-directiva-de-adecose\/#primaryimage","url":"https:\/\/www.adecose.com\/wp-content\/uploads\/2020\/06\/David-Salinas-EPGSalinas-02.jpg","contentUrl":"https:\/\/www.adecose.com\/wp-content\/uploads\/2020\/06\/David-Salinas-EPGSalinas-02.jpg","width":1612,"height":1076},{"@type":"BreadcrumbList","@id":"https:\/\/www.adecose.com\/david-salinas-de-epgsalinas-nuevo-vocal-de-la-junta-directiva-de-adecose\/#breadcrumb","itemListElement":[{"@type":"ListItem","position":1,"name":"Portada","item":"https:\/\/www.adecose.com\/en\/"},{"@type":"ListItem","position":2,"name":"David Salinas, de EPG&#038;SALINAS, nuevo vocal de la Junta Directiva de ADECOSE"}]},{"@type":"WebSite","@id":"https:\/\/www.adecose.com\/gl\/#website","url":"https:\/\/www.adecose.com\/gl\/","name":"ADECOSE","description":"Spanish Association of Insurance and Reinsurance Brokers","publisher":{"@id":"https:\/\/www.adecose.com\/gl\/#organization"},"potentialAction":[{"@type":"SearchAction","target":{"@type":"EntryPoint","urlTemplate":"https:\/\/www.adecose.com\/gl\/?s={search_term_string}"},"query-input":{"@type":"PropertyValueSpecification","valueRequired":true,"valueName":"search_term_string"}}],"inLanguage":"en-US"},{"@type":"Organization","@id":"https:\/\/www.adecose.com\/gl\/#organization","name":"ADECOSE","url":"https:\/\/www.adecose.com\/gl\/","logo":{"@type":"ImageObject","inLanguage":"en-US","@id":"https:\/\/www.adecose.com\/gl\/#\/schema\/logo\/image\/","url":"https:\/\/www.adecose.com\/wp-content\/uploads\/2020\/07\/favicon.png","contentUrl":"https:\/\/www.adecose.com\/wp-content\/uploads\/2020\/07\/favicon.png","width":512,"height":512,"caption":"ADECOSE"},"image":{"@id":"https:\/\/www.adecose.com\/gl\/#\/schema\/logo\/image\/"}},{"@type":"Person","@id":"https:\/\/www.adecose.com\/gl\/#\/schema\/person\/ff086ce55f6379e1d225a2c0dca5eeb6","name":"Comunicaci\u00f3n ADECOSE","image":{"@type":"ImageObject","inLanguage":"en-US","@id":"https:\/\/secure.gravatar.com\/avatar\/01cd1f9571997441bf1da6d1cc147351305f03fe8f2acf1ebbec60ebb26924ce?s=96&d=mm&r=g","url":"https:\/\/secure.gravatar.com\/avatar\/01cd1f9571997441bf1da6d1cc147351305f03fe8f2acf1ebbec60ebb26924ce?s=96&d=mm&r=g","contentUrl":"https:\/\/secure.gravatar.com\/avatar\/01cd1f9571997441bf1da6d1cc147351305f03fe8f2acf1ebbec60ebb26924ce?s=96&d=mm&r=g","caption":"Comunicaci\u00f3n ADECOSE"}}]}},"_links":{"self":[{"href":"https:\/\/www.adecose.com\/en\/wp-json\/wp\/v2\/posts\/2677","targetHints":{"allow":["GET"]}}],"collection":[{"href":"https:\/\/www.adecose.com\/en\/wp-json\/wp\/v2\/posts"}],"about":[{"href":"https:\/\/www.adecose.com\/en\/wp-json\/wp\/v2\/types\/post"}],"author":[{"embeddable":true,"href":"https:\/\/www.adecose.com\/en\/wp-json\/wp\/v2\/users\/197"}],"replies":[{"embeddable":true,"href":"https:\/\/www.adecose.com\/en\/wp-json\/wp\/v2\/comments?post=2677"}],"version-history":[{"count":0,"href":"https:\/\/www.adecose.com\/en\/wp-json\/wp\/v2\/posts\/2677\/revisions"}],"wp:featuredmedia":[{"embeddable":true,"href":"https:\/\/www.adecose.com\/en\/wp-json\/wp\/v2\/media\/7018"}],"wp:attachment":[{"href":"https:\/\/www.adecose.com\/en\/wp-json\/wp\/v2\/media?parent=2677"}],"wp:term":[{"taxonomy":"category","embeddable":true,"href":"https:\/\/www.adecose.com\/en\/wp-json\/wp\/v2\/categories?post=2677"},{"taxonomy":"post_tag","embeddable":true,"href":"https:\/\/www.adecose.com\/en\/wp-json\/wp\/v2\/tags?post=2677"}],"curies":[{"name":"wp","href":"https:\/\/api.w.org\/{rel}","templated":true}]}}