{"id":20571,"date":"2026-04-28T09:14:47","date_gmt":"2026-04-28T07:14:47","guid":{"rendered":"https:\/\/www.adecose.com\/?p=20571"},"modified":"2026-04-28T09:14:47","modified_gmt":"2026-04-28T07:14:47","slug":"proyectos-y-seguros-participa-en-la-ix-edicion-del-programa-de-desarrollo-directivo-de-fundacion-adecose","status":"publish","type":"post","link":"https:\/\/www.adecose.com\/en\/proyectos-y-seguros-participa-en-la-ix-edicion-del-programa-de-desarrollo-directivo-de-fundacion-adecose\/","title":{"rendered":"Proyectos y Seguros participa en la IX edici\u00f3n del Programa de Desarrollo Directivo de Fundaci\u00f3n ADECOSE"},"content":{"rendered":"<p class=\"p2\">Proyectos y Seguros particip\u00f3 el pasado viernes, 24 de abril, como entidad ponente en la IX edici\u00f3n del Programa de Desarrollo Directivo (PDD) impulsado por Fundaci\u00f3n ADECOSE, celebrada en la sede de ARAG en Barcelona.<\/p>\n<p class=\"p2\">La jornada reuni\u00f3 a los alumnos del programa, con el objetivo de profundizar en los desaf\u00edos actuales del sector y fomentar el intercambio de conocimiento.<\/p>\n<p class=\"p2\">Durante la sesi\u00f3n, May V\u00e1zquez, directora de Marketing (CMO), y Nieves Garc\u00eda Maeso, directora de Tecnolog\u00eda (CTO) de Proyectos y Seguros, ofrecieron una ponencia centrada en el proceso de transformaci\u00f3n digital que ha vivido Proyectos y Seguros desde su origen. Ambas directivas compartieron su visi\u00f3n sobre la evoluci\u00f3n del sector asegurador y el impacto de la tecnolog\u00eda en el modelo de negocio tradicional.<\/p>\n<p class=\"p2\">En su intervenci\u00f3n, analizaron c\u00f3mo ha sido la progresiva incorporaci\u00f3n de herramientas digitales en la corredur\u00eda, as\u00ed como la convivencia entre el modelo tradicional y las nuevas soluciones tecnol\u00f3gicas. En este contexto, destacaron el creciente papel de la inteligencia artificial como elemento clave para optimizar procesos internos y ayudar a mejorar la eficiencia operativa de las corredur\u00edas.<\/p>\n<p class=\"p2\">Asimismo, subrayaron la importancia de adaptar los canales de atenci\u00f3n al cliente a un entorno digital en constante cambio, donde la inmediatez y la personalizaci\u00f3n se han convertido en factores diferenciales. Seg\u00fan expusieron, la transformaci\u00f3n digital no solo implica la adopci\u00f3n de nuevas tecnolog\u00edas, sino tambi\u00e9n un cambio cultural dentro de las organizaciones, orientado a mejorar la experiencia del cliente y reforzar su relaci\u00f3n con la corredur\u00eda.<\/p>\n<p class=\"p2\">El Programa de Desarrollo Directivo de Fundaci\u00f3n ADECOSE se consolida, as\u00ed como un espacio de referencia para la formaci\u00f3n de profesionales del sector, facilitando el an\u00e1lisis de tendencias y el desarrollo de competencias clave en un entorno cada vez m\u00e1s competitivo.<\/p>\n<p class=\"p1\">Con su participaci\u00f3n en esta iniciativa un a\u00f1o m\u00e1s, Proyectos y Seguros reafirma su compromiso con la innovaci\u00f3n, la formaci\u00f3n continua y el impulso de la digitalizaci\u00f3n en el \u00e1mbito de la mediaci\u00f3n aseguradora, contribuyendo al desarrollo de un sector m\u00e1s eficiente, adaptado y orientado al cliente.<\/p>\n","protected":false},"excerpt":{"rendered":"<p>Proyectos y Seguros particip\u00f3 el pasado viernes, 24 de abril, como entidad ponente en la IX edici\u00f3n del Programa de Desarrollo Directivo (PDD) impulsado por&#8230;<\/p>\n","protected":false},"author":197,"featured_media":20572,"comment_status":"closed","ping_status":"closed","sticky":false,"template":"","format":"standard","meta":{"_acf_changed":false,"_price":"","_stock":"","_tribe_ticket_header":"","_tribe_default_ticket_provider":"","_tribe_ticket_capacity":"","_ticket_start_date":"","_ticket_end_date":"","_tribe_ticket_show_description":"","_tribe_ticket_show_not_going":false,"_tribe_ticket_use_global_stock":"","_tribe_ticket_global_stock_level":"","_global_stock_mode":"","_global_stock_cap":"","_tribe_rsvp_for_event":"","_tribe_ticket_going_count":"","_tribe_ticket_not_going_count":"","_tribe_tickets_list":"[]","_tribe_ticket_has_attendee_info_fields":false,"footnotes":""},"categories":[339],"tags":[380,623,364],"class_list":["post-20571","post","type-post","status-publish","format-standard","has-post-thumbnail","category-espacio-correduriasadecose","tag-formacion","tag-programa-de-desarrollo-directivo","tag-proyectos-y-seguros"],"acf":[],"yoast_head":"<!-- This site is optimized with the Yoast SEO plugin v27.2 - https:\/\/yoast.com\/product\/yoast-seo-wordpress\/ -->\n<title>Proyectos y Seguros participa en la IX edici\u00f3n del Programa de Desarrollo Directivo de Fundaci\u00f3n ADECOSE - ADECOSE<\/title>\n<meta name=\"robots\" content=\"index, follow, max-snippet:-1, max-image-preview:large, max-video-preview:-1\" \/>\n<link rel=\"canonical\" href=\"https:\/\/www.adecose.com\/proyectos-y-seguros-participa-en-la-ix-edicion-del-programa-de-desarrollo-directivo-de-fundacion-adecose\/\" \/>\n<meta property=\"og:locale\" content=\"en_US\" \/>\n<meta property=\"og:type\" content=\"article\" \/>\n<meta property=\"og:title\" content=\"Proyectos y Seguros participa en la IX edici\u00f3n del Programa de Desarrollo Directivo de Fundaci\u00f3n ADECOSE - ADECOSE\" \/>\n<meta property=\"og:description\" content=\"Proyectos y Seguros particip\u00f3 el pasado viernes, 24 de abril, como entidad ponente en la IX edici\u00f3n del Programa de Desarrollo Directivo (PDD) impulsado por...\" \/>\n<meta property=\"og:url\" content=\"https:\/\/www.adecose.com\/proyectos-y-seguros-participa-en-la-ix-edicion-del-programa-de-desarrollo-directivo-de-fundacion-adecose\/\" \/>\n<meta property=\"og:site_name\" content=\"ADECOSE\" \/>\n<meta property=\"article:published_time\" content=\"2026-04-28T07:14:47+00:00\" \/>\n<meta property=\"og:image\" content=\"https:\/\/www.adecose.com\/wp-content\/uploads\/2026\/04\/May-Vazquez-en-el-Programa-de-Desarrollo-Directivo-de-Fundacion-ADECOSE.png\" \/>\n\t<meta property=\"og:image:width\" content=\"1280\" \/>\n\t<meta property=\"og:image:height\" content=\"960\" \/>\n\t<meta property=\"og:image:type\" content=\"image\/png\" \/>\n<meta name=\"author\" content=\"Comunicaci\u00f3n ADECOSE\" \/>\n<meta name=\"twitter:card\" content=\"summary_large_image\" \/>\n<meta name=\"twitter:label1\" content=\"Written by\" \/>\n\t<meta name=\"twitter:data1\" content=\"Comunicaci\u00f3n ADECOSE\" \/>\n\t<meta name=\"twitter:label2\" content=\"Est. reading time\" \/>\n\t<meta name=\"twitter:data2\" content=\"2 minutes\" \/>\n<script type=\"application\/ld+json\" class=\"yoast-schema-graph\">{\"@context\":\"https:\/\/schema.org\",\"@graph\":[{\"@type\":\"Article\",\"@id\":\"https:\/\/www.adecose.com\/proyectos-y-seguros-participa-en-la-ix-edicion-del-programa-de-desarrollo-directivo-de-fundacion-adecose\/#article\",\"isPartOf\":{\"@id\":\"https:\/\/www.adecose.com\/proyectos-y-seguros-participa-en-la-ix-edicion-del-programa-de-desarrollo-directivo-de-fundacion-adecose\/\"},\"author\":{\"name\":\"Comunicaci\u00f3n ADECOSE\",\"@id\":\"https:\/\/www.adecose.com\/gl\/#\/schema\/person\/ff086ce55f6379e1d225a2c0dca5eeb6\"},\"headline\":\"Proyectos y Seguros participa en la IX edici\u00f3n del Programa de Desarrollo Directivo de Fundaci\u00f3n ADECOSE\",\"datePublished\":\"2026-04-28T07:14:47+00:00\",\"mainEntityOfPage\":{\"@id\":\"https:\/\/www.adecose.com\/proyectos-y-seguros-participa-en-la-ix-edicion-del-programa-de-desarrollo-directivo-de-fundacion-adecose\/\"},\"wordCount\":390,\"publisher\":{\"@id\":\"https:\/\/www.adecose.com\/gl\/#organization\"},\"image\":{\"@id\":\"https:\/\/www.adecose.com\/proyectos-y-seguros-participa-en-la-ix-edicion-del-programa-de-desarrollo-directivo-de-fundacion-adecose\/#primaryimage\"},\"thumbnailUrl\":\"https:\/\/www.adecose.com\/wp-content\/uploads\/2026\/04\/May-Vazquez-en-el-Programa-de-Desarrollo-Directivo-de-Fundacion-ADECOSE.png\",\"keywords\":[\"Formaci\u00f3n\",\"Programa de Desarrollo Directivo\",\"Proyectos y Seguros\"],\"articleSection\":[\"Espacio #Corredur\u00edasADECOSE\"],\"inLanguage\":\"en-US\"},{\"@type\":\"WebPage\",\"@id\":\"https:\/\/www.adecose.com\/proyectos-y-seguros-participa-en-la-ix-edicion-del-programa-de-desarrollo-directivo-de-fundacion-adecose\/\",\"url\":\"https:\/\/www.adecose.com\/proyectos-y-seguros-participa-en-la-ix-edicion-del-programa-de-desarrollo-directivo-de-fundacion-adecose\/\",\"name\":\"Proyectos y Seguros participa en la IX edici\u00f3n del Programa de Desarrollo Directivo de Fundaci\u00f3n ADECOSE - ADECOSE\",\"isPartOf\":{\"@id\":\"https:\/\/www.adecose.com\/gl\/#website\"},\"primaryImageOfPage\":{\"@id\":\"https:\/\/www.adecose.com\/proyectos-y-seguros-participa-en-la-ix-edicion-del-programa-de-desarrollo-directivo-de-fundacion-adecose\/#primaryimage\"},\"image\":{\"@id\":\"https:\/\/www.adecose.com\/proyectos-y-seguros-participa-en-la-ix-edicion-del-programa-de-desarrollo-directivo-de-fundacion-adecose\/#primaryimage\"},\"thumbnailUrl\":\"https:\/\/www.adecose.com\/wp-content\/uploads\/2026\/04\/May-Vazquez-en-el-Programa-de-Desarrollo-Directivo-de-Fundacion-ADECOSE.png\",\"datePublished\":\"2026-04-28T07:14:47+00:00\",\"breadcrumb\":{\"@id\":\"https:\/\/www.adecose.com\/proyectos-y-seguros-participa-en-la-ix-edicion-del-programa-de-desarrollo-directivo-de-fundacion-adecose\/#breadcrumb\"},\"inLanguage\":\"en-US\",\"potentialAction\":[{\"@type\":\"ReadAction\",\"target\":[\"https:\/\/www.adecose.com\/proyectos-y-seguros-participa-en-la-ix-edicion-del-programa-de-desarrollo-directivo-de-fundacion-adecose\/\"]}]},{\"@type\":\"ImageObject\",\"inLanguage\":\"en-US\",\"@id\":\"https:\/\/www.adecose.com\/proyectos-y-seguros-participa-en-la-ix-edicion-del-programa-de-desarrollo-directivo-de-fundacion-adecose\/#primaryimage\",\"url\":\"https:\/\/www.adecose.com\/wp-content\/uploads\/2026\/04\/May-Vazquez-en-el-Programa-de-Desarrollo-Directivo-de-Fundacion-ADECOSE.png\",\"contentUrl\":\"https:\/\/www.adecose.com\/wp-content\/uploads\/2026\/04\/May-Vazquez-en-el-Programa-de-Desarrollo-Directivo-de-Fundacion-ADECOSE.png\",\"width\":1280,\"height\":960},{\"@type\":\"BreadcrumbList\",\"@id\":\"https:\/\/www.adecose.com\/proyectos-y-seguros-participa-en-la-ix-edicion-del-programa-de-desarrollo-directivo-de-fundacion-adecose\/#breadcrumb\",\"itemListElement\":[{\"@type\":\"ListItem\",\"position\":1,\"name\":\"Portada\",\"item\":\"https:\/\/www.adecose.com\/en\/\"},{\"@type\":\"ListItem\",\"position\":2,\"name\":\"Proyectos y Seguros participa en la IX edici\u00f3n del Programa de Desarrollo Directivo de Fundaci\u00f3n ADECOSE\"}]},{\"@type\":\"WebSite\",\"@id\":\"https:\/\/www.adecose.com\/gl\/#website\",\"url\":\"https:\/\/www.adecose.com\/gl\/\",\"name\":\"ADECOSE\",\"description\":\"Spanish Association of Insurance and Reinsurance Brokers\",\"publisher\":{\"@id\":\"https:\/\/www.adecose.com\/gl\/#organization\"},\"potentialAction\":[{\"@type\":\"SearchAction\",\"target\":{\"@type\":\"EntryPoint\",\"urlTemplate\":\"https:\/\/www.adecose.com\/gl\/?s={search_term_string}\"},\"query-input\":{\"@type\":\"PropertyValueSpecification\",\"valueRequired\":true,\"valueName\":\"search_term_string\"}}],\"inLanguage\":\"en-US\"},{\"@type\":\"Organization\",\"@id\":\"https:\/\/www.adecose.com\/gl\/#organization\",\"name\":\"ADECOSE\",\"url\":\"https:\/\/www.adecose.com\/gl\/\",\"logo\":{\"@type\":\"ImageObject\",\"inLanguage\":\"en-US\",\"@id\":\"https:\/\/www.adecose.com\/gl\/#\/schema\/logo\/image\/\",\"url\":\"https:\/\/www.adecose.com\/wp-content\/uploads\/2020\/07\/favicon.png\",\"contentUrl\":\"https:\/\/www.adecose.com\/wp-content\/uploads\/2020\/07\/favicon.png\",\"width\":512,\"height\":512,\"caption\":\"ADECOSE\"},\"image\":{\"@id\":\"https:\/\/www.adecose.com\/gl\/#\/schema\/logo\/image\/\"}},{\"@type\":\"Person\",\"@id\":\"https:\/\/www.adecose.com\/gl\/#\/schema\/person\/ff086ce55f6379e1d225a2c0dca5eeb6\",\"name\":\"Comunicaci\u00f3n ADECOSE\",\"image\":{\"@type\":\"ImageObject\",\"inLanguage\":\"en-US\",\"@id\":\"https:\/\/secure.gravatar.com\/avatar\/01cd1f9571997441bf1da6d1cc147351305f03fe8f2acf1ebbec60ebb26924ce?s=96&d=mm&r=g\",\"url\":\"https:\/\/secure.gravatar.com\/avatar\/01cd1f9571997441bf1da6d1cc147351305f03fe8f2acf1ebbec60ebb26924ce?s=96&d=mm&r=g\",\"contentUrl\":\"https:\/\/secure.gravatar.com\/avatar\/01cd1f9571997441bf1da6d1cc147351305f03fe8f2acf1ebbec60ebb26924ce?s=96&d=mm&r=g\",\"caption\":\"Comunicaci\u00f3n ADECOSE\"}}]}<\/script>\n<!-- \/ Yoast SEO plugin. -->","yoast_head_json":{"title":"Proyectos y Seguros participa en la IX edici\u00f3n del Programa de Desarrollo Directivo de Fundaci\u00f3n ADECOSE - ADECOSE","robots":{"index":"index","follow":"follow","max-snippet":"max-snippet:-1","max-image-preview":"max-image-preview:large","max-video-preview":"max-video-preview:-1"},"canonical":"https:\/\/www.adecose.com\/proyectos-y-seguros-participa-en-la-ix-edicion-del-programa-de-desarrollo-directivo-de-fundacion-adecose\/","og_locale":"en_US","og_type":"article","og_title":"Proyectos y Seguros participa en la IX edici\u00f3n del Programa de Desarrollo Directivo de Fundaci\u00f3n ADECOSE - ADECOSE","og_description":"Proyectos y Seguros particip\u00f3 el pasado viernes, 24 de abril, como entidad ponente en la IX edici\u00f3n del Programa de Desarrollo Directivo (PDD) impulsado por...","og_url":"https:\/\/www.adecose.com\/proyectos-y-seguros-participa-en-la-ix-edicion-del-programa-de-desarrollo-directivo-de-fundacion-adecose\/","og_site_name":"ADECOSE","article_published_time":"2026-04-28T07:14:47+00:00","og_image":[{"width":1280,"height":960,"url":"https:\/\/www.adecose.com\/wp-content\/uploads\/2026\/04\/May-Vazquez-en-el-Programa-de-Desarrollo-Directivo-de-Fundacion-ADECOSE.png","type":"image\/png"}],"author":"Comunicaci\u00f3n ADECOSE","twitter_card":"summary_large_image","twitter_misc":{"Written by":"Comunicaci\u00f3n ADECOSE","Est. reading time":"2 minutes"},"schema":{"@context":"https:\/\/schema.org","@graph":[{"@type":"Article","@id":"https:\/\/www.adecose.com\/proyectos-y-seguros-participa-en-la-ix-edicion-del-programa-de-desarrollo-directivo-de-fundacion-adecose\/#article","isPartOf":{"@id":"https:\/\/www.adecose.com\/proyectos-y-seguros-participa-en-la-ix-edicion-del-programa-de-desarrollo-directivo-de-fundacion-adecose\/"},"author":{"name":"Comunicaci\u00f3n ADECOSE","@id":"https:\/\/www.adecose.com\/gl\/#\/schema\/person\/ff086ce55f6379e1d225a2c0dca5eeb6"},"headline":"Proyectos y Seguros participa en la IX edici\u00f3n del Programa de Desarrollo Directivo de Fundaci\u00f3n ADECOSE","datePublished":"2026-04-28T07:14:47+00:00","mainEntityOfPage":{"@id":"https:\/\/www.adecose.com\/proyectos-y-seguros-participa-en-la-ix-edicion-del-programa-de-desarrollo-directivo-de-fundacion-adecose\/"},"wordCount":390,"publisher":{"@id":"https:\/\/www.adecose.com\/gl\/#organization"},"image":{"@id":"https:\/\/www.adecose.com\/proyectos-y-seguros-participa-en-la-ix-edicion-del-programa-de-desarrollo-directivo-de-fundacion-adecose\/#primaryimage"},"thumbnailUrl":"https:\/\/www.adecose.com\/wp-content\/uploads\/2026\/04\/May-Vazquez-en-el-Programa-de-Desarrollo-Directivo-de-Fundacion-ADECOSE.png","keywords":["Formaci\u00f3n","Programa de Desarrollo Directivo","Proyectos y Seguros"],"articleSection":["Espacio #Corredur\u00edasADECOSE"],"inLanguage":"en-US"},{"@type":"WebPage","@id":"https:\/\/www.adecose.com\/proyectos-y-seguros-participa-en-la-ix-edicion-del-programa-de-desarrollo-directivo-de-fundacion-adecose\/","url":"https:\/\/www.adecose.com\/proyectos-y-seguros-participa-en-la-ix-edicion-del-programa-de-desarrollo-directivo-de-fundacion-adecose\/","name":"Proyectos y Seguros participa en la IX edici\u00f3n del Programa de Desarrollo Directivo de Fundaci\u00f3n ADECOSE - ADECOSE","isPartOf":{"@id":"https:\/\/www.adecose.com\/gl\/#website"},"primaryImageOfPage":{"@id":"https:\/\/www.adecose.com\/proyectos-y-seguros-participa-en-la-ix-edicion-del-programa-de-desarrollo-directivo-de-fundacion-adecose\/#primaryimage"},"image":{"@id":"https:\/\/www.adecose.com\/proyectos-y-seguros-participa-en-la-ix-edicion-del-programa-de-desarrollo-directivo-de-fundacion-adecose\/#primaryimage"},"thumbnailUrl":"https:\/\/www.adecose.com\/wp-content\/uploads\/2026\/04\/May-Vazquez-en-el-Programa-de-Desarrollo-Directivo-de-Fundacion-ADECOSE.png","datePublished":"2026-04-28T07:14:47+00:00","breadcrumb":{"@id":"https:\/\/www.adecose.com\/proyectos-y-seguros-participa-en-la-ix-edicion-del-programa-de-desarrollo-directivo-de-fundacion-adecose\/#breadcrumb"},"inLanguage":"en-US","potentialAction":[{"@type":"ReadAction","target":["https:\/\/www.adecose.com\/proyectos-y-seguros-participa-en-la-ix-edicion-del-programa-de-desarrollo-directivo-de-fundacion-adecose\/"]}]},{"@type":"ImageObject","inLanguage":"en-US","@id":"https:\/\/www.adecose.com\/proyectos-y-seguros-participa-en-la-ix-edicion-del-programa-de-desarrollo-directivo-de-fundacion-adecose\/#primaryimage","url":"https:\/\/www.adecose.com\/wp-content\/uploads\/2026\/04\/May-Vazquez-en-el-Programa-de-Desarrollo-Directivo-de-Fundacion-ADECOSE.png","contentUrl":"https:\/\/www.adecose.com\/wp-content\/uploads\/2026\/04\/May-Vazquez-en-el-Programa-de-Desarrollo-Directivo-de-Fundacion-ADECOSE.png","width":1280,"height":960},{"@type":"BreadcrumbList","@id":"https:\/\/www.adecose.com\/proyectos-y-seguros-participa-en-la-ix-edicion-del-programa-de-desarrollo-directivo-de-fundacion-adecose\/#breadcrumb","itemListElement":[{"@type":"ListItem","position":1,"name":"Portada","item":"https:\/\/www.adecose.com\/en\/"},{"@type":"ListItem","position":2,"name":"Proyectos y Seguros participa en la IX edici\u00f3n del Programa de Desarrollo Directivo de Fundaci\u00f3n ADECOSE"}]},{"@type":"WebSite","@id":"https:\/\/www.adecose.com\/gl\/#website","url":"https:\/\/www.adecose.com\/gl\/","name":"ADECOSE","description":"Spanish Association of Insurance and Reinsurance Brokers","publisher":{"@id":"https:\/\/www.adecose.com\/gl\/#organization"},"potentialAction":[{"@type":"SearchAction","target":{"@type":"EntryPoint","urlTemplate":"https:\/\/www.adecose.com\/gl\/?s={search_term_string}"},"query-input":{"@type":"PropertyValueSpecification","valueRequired":true,"valueName":"search_term_string"}}],"inLanguage":"en-US"},{"@type":"Organization","@id":"https:\/\/www.adecose.com\/gl\/#organization","name":"ADECOSE","url":"https:\/\/www.adecose.com\/gl\/","logo":{"@type":"ImageObject","inLanguage":"en-US","@id":"https:\/\/www.adecose.com\/gl\/#\/schema\/logo\/image\/","url":"https:\/\/www.adecose.com\/wp-content\/uploads\/2020\/07\/favicon.png","contentUrl":"https:\/\/www.adecose.com\/wp-content\/uploads\/2020\/07\/favicon.png","width":512,"height":512,"caption":"ADECOSE"},"image":{"@id":"https:\/\/www.adecose.com\/gl\/#\/schema\/logo\/image\/"}},{"@type":"Person","@id":"https:\/\/www.adecose.com\/gl\/#\/schema\/person\/ff086ce55f6379e1d225a2c0dca5eeb6","name":"Comunicaci\u00f3n ADECOSE","image":{"@type":"ImageObject","inLanguage":"en-US","@id":"https:\/\/secure.gravatar.com\/avatar\/01cd1f9571997441bf1da6d1cc147351305f03fe8f2acf1ebbec60ebb26924ce?s=96&d=mm&r=g","url":"https:\/\/secure.gravatar.com\/avatar\/01cd1f9571997441bf1da6d1cc147351305f03fe8f2acf1ebbec60ebb26924ce?s=96&d=mm&r=g","contentUrl":"https:\/\/secure.gravatar.com\/avatar\/01cd1f9571997441bf1da6d1cc147351305f03fe8f2acf1ebbec60ebb26924ce?s=96&d=mm&r=g","caption":"Comunicaci\u00f3n ADECOSE"}}]}},"_links":{"self":[{"href":"https:\/\/www.adecose.com\/en\/wp-json\/wp\/v2\/posts\/20571","targetHints":{"allow":["GET"]}}],"collection":[{"href":"https:\/\/www.adecose.com\/en\/wp-json\/wp\/v2\/posts"}],"about":[{"href":"https:\/\/www.adecose.com\/en\/wp-json\/wp\/v2\/types\/post"}],"author":[{"embeddable":true,"href":"https:\/\/www.adecose.com\/en\/wp-json\/wp\/v2\/users\/197"}],"replies":[{"embeddable":true,"href":"https:\/\/www.adecose.com\/en\/wp-json\/wp\/v2\/comments?post=20571"}],"version-history":[{"count":1,"href":"https:\/\/www.adecose.com\/en\/wp-json\/wp\/v2\/posts\/20571\/revisions"}],"predecessor-version":[{"id":20573,"href":"https:\/\/www.adecose.com\/en\/wp-json\/wp\/v2\/posts\/20571\/revisions\/20573"}],"wp:featuredmedia":[{"embeddable":true,"href":"https:\/\/www.adecose.com\/en\/wp-json\/wp\/v2\/media\/20572"}],"wp:attachment":[{"href":"https:\/\/www.adecose.com\/en\/wp-json\/wp\/v2\/media?parent=20571"}],"wp:term":[{"taxonomy":"category","embeddable":true,"href":"https:\/\/www.adecose.com\/en\/wp-json\/wp\/v2\/categories?post=20571"},{"taxonomy":"post_tag","embeddable":true,"href":"https:\/\/www.adecose.com\/en\/wp-json\/wp\/v2\/tags?post=20571"}],"curies":[{"name":"wp","href":"https:\/\/api.w.org\/{rel}","templated":true}]}}