{"id":20391,"date":"2026-03-12T15:00:13","date_gmt":"2026-03-12T14:00:13","guid":{"rendered":"https:\/\/www.adecose.com\/?p=20391"},"modified":"2026-03-12T15:00:13","modified_gmt":"2026-03-12T14:00:13","slug":"adecose-celebra-un-almuerzo-con-socios-con-pablo-de-ramon-laca-presidente-ejecutivo-de-cesce-como-invitado","status":"publish","type":"post","link":"https:\/\/www.adecose.com\/en\/adecose-celebra-un-almuerzo-con-socios-con-pablo-de-ramon-laca-presidente-ejecutivo-de-cesce-como-invitado\/","title":{"rendered":"ADECOSE celebra un almuerzo con socios con Pablo de Ram\u00f3n-Laca, presidente ejecutivo de Cesce, como invitado"},"content":{"rendered":"<ul>\n<li><em>La Asociaci\u00f3n celebr\u00f3 el pasado 10 de marzo la reuni\u00f3n mensual de su Junta Directiva, en la que se desarrollaron los temas en los que ADECOSE est\u00e1 trabajando<\/em><\/li>\n<li><em>A continuaci\u00f3n, tuvo lugar un almuerzo con socios cuyo invitado fue Pablo de Ram\u00f3n-Laca, presidente ejecutivo de Cesce<\/em><\/li>\n<\/ul>\n<p>La Junta Directiva de ADECOSE celebr\u00f3 el martes 10 de marzo la reuni\u00f3n mensual de su Junta Directiva. Durante el encuentro, se abordaron las iniciativas y proyectos que la Asociaci\u00f3n est\u00e1 llevando a cabo.<\/p>\n<p>Durante el encuentro se abord\u00f3 la organizaci\u00f3n de la Asamblea General Ordinaria de ADECOSE, que tendr\u00e1 lugar el pr\u00f3ximo 21 de abril y tras la que se celebrar\u00e1 la entrega de los Premios Estrella a las compa\u00f1\u00edas mejor valoradas en el Bar\u00f3metro ADECOSE 2025.<\/p>\n<p>En el transcurso de la reuni\u00f3n, se inform\u00f3 de la participaci\u00f3n de la Asociaci\u00f3n en la \u00faltima reuni\u00f3n de la Junta Consultiva de Seguros y Fondos de Pensiones. En este contexto, se destac\u00f3 el env\u00edo de\u00a0 observaciones en las participaciones p\u00fablicas sobre la propuesta de Directiva del Parlamento Europeo y del Consejo por la que se modifican las Directivas (UE) 2016\/2341 y 2016\/97 en lo relativo al refuerzo del marco para la previsi\u00f3n social complementaria (pensiones de empleo) y sobre la propuesta de Reglamento del Parlamento Europeo y del Consejo por la que se por la que se modifica el Reglamento (UE) 2019\/1238 relativo al Producto Paneuropeo de Pensiones Personales (PEPP).<\/p>\n<p>Adem\u00e1s, se abord\u00f3 el contenido de la Ley por la que se regulan los servicios de atenci\u00f3n a la clientela, recientemente aprobada en cuya tramitaci\u00f3n la Asociaci\u00f3n ha participado activamente presentando propuestas de enmiendas en defensa de los intereses del sector.<\/p>\n<p>Tambi\u00e9n se debati\u00f3 acerca de las reuniones mantenidas en las \u00faltimas semanas con la Direcci\u00f3n General del Tesoro y Pol\u00edtica Financiera para tratar las observaciones presentadas por ADECOSE al Anteproyecto de Ley de contratos de cr\u00e9dito al consumo en relaci\u00f3n con la ventas vinculadas y combinadas con productos aseguradores y con el Consorcio de Compensaci\u00f3n de Seguros\u00a0 en cuanto al papel desempe\u00f1ado por las corredur\u00edas en el marco de actuaci\u00f3n ante las cat\u00e1strofes naturales recientemente ocurridas en el pa\u00eds.<\/p>\n<p>En relaci\u00f3n con el \u00e1mbito regulatorio europeo, se abordaron los temas que se trataron en el Comit\u00e9 de directores de la Federaci\u00f3n Europea de Intermediarios de Seguros (BIPAR), celebrado en Bruselas los d\u00edas 5 y 6 de marzo. El encuentro estuvo centrado en gran medida en la evoluci\u00f3n de la Estrategia de Inversi\u00f3n Minorista (RIS) y en el impacto que esta puede tener sobre el sector, en el marco del acuerdo alcanzado por el Consejo de la Uni\u00f3n Europea (UE) y el Parlamento Europeo y las reuniones t\u00e9cnicas que se est\u00e1n celebrando bajo la presidencia chipriota de la UE para concluir los textos legales.<\/p>\n<p>Tras la celebraci\u00f3n de esta reuni\u00f3n, tuvo lugar un almuerzo con socios cuyo invitado fue Pablo de Ram\u00f3n-Laca, presidente ejecutivo de Cesce, que comparti\u00f3 los objetivos a corto plazo de la empresa p\u00fablico-privada, centrados en el apoyo del crecimiento de las pymes espa\u00f1olas, destacando el papel ejercido por las corredur\u00edas de seguros. En su intervenci\u00f3n, hizo tambi\u00e9n un an\u00e1lisis de situaci\u00f3n geopol\u00edtica actual y la manera en la que esta afecta a los mercados, con especial incidencia en el sector asegurador.<\/p>\n","protected":false},"excerpt":{"rendered":"<p>La Asociaci\u00f3n celebr\u00f3 el pasado 10 de marzo la reuni\u00f3n mensual de su Junta Directiva, en la que se desarrollaron los temas en los que&#8230;<\/p>\n","protected":false},"author":197,"featured_media":20392,"comment_status":"closed","ping_status":"closed","sticky":false,"template":"","format":"standard","meta":{"_acf_changed":false,"_price":"","_stock":"","_tribe_ticket_header":"","_tribe_default_ticket_provider":"","_tribe_ticket_capacity":"","_ticket_start_date":"","_ticket_end_date":"","_tribe_ticket_show_description":"","_tribe_ticket_show_not_going":false,"_tribe_ticket_use_global_stock":"","_tribe_ticket_global_stock_level":"","_global_stock_mode":"","_global_stock_cap":"","_tribe_rsvp_for_event":"","_tribe_ticket_going_count":"","_tribe_ticket_not_going_count":"","_tribe_tickets_list":"[]","_tribe_ticket_has_attendee_info_fields":false,"footnotes":""},"categories":[2],"tags":[284,321,529,706,517,283,564],"class_list":["post-20391","post","type-post","status-publish","format-standard","has-post-thumbnail","category-noticias","tag-adecose","tag-almuerzo-con-socios","tag-aseguradoras","tag-cesce","tag-corredurias-de-seguros","tag-eventos","tag-junta-directiva-adecose"],"acf":[],"yoast_head":"<!-- This site is optimized with the Yoast SEO plugin v27.2 - https:\/\/yoast.com\/product\/yoast-seo-wordpress\/ -->\n<title>ADECOSE celebra un almuerzo con socios con Pablo de Ram\u00f3n-Laca, presidente ejecutivo de Cesce, como invitado - ADECOSE<\/title>\n<meta name=\"robots\" content=\"index, follow, max-snippet:-1, max-image-preview:large, max-video-preview:-1\" \/>\n<link rel=\"canonical\" href=\"https:\/\/www.adecose.com\/adecose-celebra-un-almuerzo-con-socios-con-pablo-de-ramon-laca-presidente-ejecutivo-de-cesce-como-invitado\/\" \/>\n<meta property=\"og:locale\" content=\"en_US\" \/>\n<meta property=\"og:type\" content=\"article\" \/>\n<meta property=\"og:title\" content=\"ADECOSE celebra un almuerzo con socios con Pablo de Ram\u00f3n-Laca, presidente ejecutivo de Cesce, como invitado - ADECOSE\" \/>\n<meta property=\"og:description\" content=\"La Asociaci\u00f3n celebr\u00f3 el pasado 10 de marzo la reuni\u00f3n mensual de su Junta Directiva, en la que se desarrollaron los temas en los que...\" \/>\n<meta property=\"og:url\" content=\"https:\/\/www.adecose.com\/adecose-celebra-un-almuerzo-con-socios-con-pablo-de-ramon-laca-presidente-ejecutivo-de-cesce-como-invitado\/\" \/>\n<meta property=\"og:site_name\" content=\"ADECOSE\" \/>\n<meta property=\"article:published_time\" content=\"2026-03-12T14:00:13+00:00\" \/>\n<meta property=\"og:image\" content=\"https:\/\/www.adecose.com\/wp-content\/uploads\/2026\/03\/Almuerzo-ADECOSE-Cesce-scaled.jpg\" \/>\n\t<meta property=\"og:image:width\" content=\"2560\" \/>\n\t<meta property=\"og:image:height\" content=\"1798\" \/>\n\t<meta property=\"og:image:type\" content=\"image\/jpeg\" \/>\n<meta name=\"author\" content=\"Comunicaci\u00f3n ADECOSE\" \/>\n<meta name=\"twitter:card\" content=\"summary_large_image\" \/>\n<meta name=\"twitter:label1\" content=\"Written by\" \/>\n\t<meta name=\"twitter:data1\" content=\"Comunicaci\u00f3n ADECOSE\" \/>\n\t<meta name=\"twitter:label2\" content=\"Est. reading time\" \/>\n\t<meta name=\"twitter:data2\" content=\"3 minutes\" \/>\n<script type=\"application\/ld+json\" class=\"yoast-schema-graph\">{\"@context\":\"https:\/\/schema.org\",\"@graph\":[{\"@type\":\"Article\",\"@id\":\"https:\/\/www.adecose.com\/adecose-celebra-un-almuerzo-con-socios-con-pablo-de-ramon-laca-presidente-ejecutivo-de-cesce-como-invitado\/#article\",\"isPartOf\":{\"@id\":\"https:\/\/www.adecose.com\/adecose-celebra-un-almuerzo-con-socios-con-pablo-de-ramon-laca-presidente-ejecutivo-de-cesce-como-invitado\/\"},\"author\":{\"name\":\"Comunicaci\u00f3n ADECOSE\",\"@id\":\"https:\/\/www.adecose.com\/gl\/#\/schema\/person\/ff086ce55f6379e1d225a2c0dca5eeb6\"},\"headline\":\"ADECOSE celebra un almuerzo con socios con Pablo de Ram\u00f3n-Laca, presidente ejecutivo de Cesce, como invitado\",\"datePublished\":\"2026-03-12T14:00:13+00:00\",\"mainEntityOfPage\":{\"@id\":\"https:\/\/www.adecose.com\/adecose-celebra-un-almuerzo-con-socios-con-pablo-de-ramon-laca-presidente-ejecutivo-de-cesce-como-invitado\/\"},\"wordCount\":599,\"publisher\":{\"@id\":\"https:\/\/www.adecose.com\/gl\/#organization\"},\"image\":{\"@id\":\"https:\/\/www.adecose.com\/adecose-celebra-un-almuerzo-con-socios-con-pablo-de-ramon-laca-presidente-ejecutivo-de-cesce-como-invitado\/#primaryimage\"},\"thumbnailUrl\":\"https:\/\/www.adecose.com\/wp-content\/uploads\/2026\/03\/Almuerzo-ADECOSE-Cesce-scaled.jpg\",\"keywords\":[\"ADECOSE\",\"Almuerzo con socios\",\"Aseguradoras\",\"Cesce\",\"Corredur\u00edas de seguros\",\"EVENTOS\",\"Junta Directiva ADECOSE\"],\"articleSection\":[\"Noticias\"],\"inLanguage\":\"en-US\"},{\"@type\":\"WebPage\",\"@id\":\"https:\/\/www.adecose.com\/adecose-celebra-un-almuerzo-con-socios-con-pablo-de-ramon-laca-presidente-ejecutivo-de-cesce-como-invitado\/\",\"url\":\"https:\/\/www.adecose.com\/adecose-celebra-un-almuerzo-con-socios-con-pablo-de-ramon-laca-presidente-ejecutivo-de-cesce-como-invitado\/\",\"name\":\"ADECOSE celebra un almuerzo con socios con Pablo de Ram\u00f3n-Laca, presidente ejecutivo de Cesce, como invitado - ADECOSE\",\"isPartOf\":{\"@id\":\"https:\/\/www.adecose.com\/gl\/#website\"},\"primaryImageOfPage\":{\"@id\":\"https:\/\/www.adecose.com\/adecose-celebra-un-almuerzo-con-socios-con-pablo-de-ramon-laca-presidente-ejecutivo-de-cesce-como-invitado\/#primaryimage\"},\"image\":{\"@id\":\"https:\/\/www.adecose.com\/adecose-celebra-un-almuerzo-con-socios-con-pablo-de-ramon-laca-presidente-ejecutivo-de-cesce-como-invitado\/#primaryimage\"},\"thumbnailUrl\":\"https:\/\/www.adecose.com\/wp-content\/uploads\/2026\/03\/Almuerzo-ADECOSE-Cesce-scaled.jpg\",\"datePublished\":\"2026-03-12T14:00:13+00:00\",\"breadcrumb\":{\"@id\":\"https:\/\/www.adecose.com\/adecose-celebra-un-almuerzo-con-socios-con-pablo-de-ramon-laca-presidente-ejecutivo-de-cesce-como-invitado\/#breadcrumb\"},\"inLanguage\":\"en-US\",\"potentialAction\":[{\"@type\":\"ReadAction\",\"target\":[\"https:\/\/www.adecose.com\/adecose-celebra-un-almuerzo-con-socios-con-pablo-de-ramon-laca-presidente-ejecutivo-de-cesce-como-invitado\/\"]}]},{\"@type\":\"ImageObject\",\"inLanguage\":\"en-US\",\"@id\":\"https:\/\/www.adecose.com\/adecose-celebra-un-almuerzo-con-socios-con-pablo-de-ramon-laca-presidente-ejecutivo-de-cesce-como-invitado\/#primaryimage\",\"url\":\"https:\/\/www.adecose.com\/wp-content\/uploads\/2026\/03\/Almuerzo-ADECOSE-Cesce-scaled.jpg\",\"contentUrl\":\"https:\/\/www.adecose.com\/wp-content\/uploads\/2026\/03\/Almuerzo-ADECOSE-Cesce-scaled.jpg\",\"width\":2560,\"height\":1798},{\"@type\":\"BreadcrumbList\",\"@id\":\"https:\/\/www.adecose.com\/adecose-celebra-un-almuerzo-con-socios-con-pablo-de-ramon-laca-presidente-ejecutivo-de-cesce-como-invitado\/#breadcrumb\",\"itemListElement\":[{\"@type\":\"ListItem\",\"position\":1,\"name\":\"Portada\",\"item\":\"https:\/\/www.adecose.com\/en\/\"},{\"@type\":\"ListItem\",\"position\":2,\"name\":\"ADECOSE celebra un almuerzo con socios con Pablo de Ram\u00f3n-Laca, presidente ejecutivo de Cesce, como invitado\"}]},{\"@type\":\"WebSite\",\"@id\":\"https:\/\/www.adecose.com\/gl\/#website\",\"url\":\"https:\/\/www.adecose.com\/gl\/\",\"name\":\"ADECOSE\",\"description\":\"Spanish Association of Insurance and Reinsurance Brokers\",\"publisher\":{\"@id\":\"https:\/\/www.adecose.com\/gl\/#organization\"},\"potentialAction\":[{\"@type\":\"SearchAction\",\"target\":{\"@type\":\"EntryPoint\",\"urlTemplate\":\"https:\/\/www.adecose.com\/gl\/?s={search_term_string}\"},\"query-input\":{\"@type\":\"PropertyValueSpecification\",\"valueRequired\":true,\"valueName\":\"search_term_string\"}}],\"inLanguage\":\"en-US\"},{\"@type\":\"Organization\",\"@id\":\"https:\/\/www.adecose.com\/gl\/#organization\",\"name\":\"ADECOSE\",\"url\":\"https:\/\/www.adecose.com\/gl\/\",\"logo\":{\"@type\":\"ImageObject\",\"inLanguage\":\"en-US\",\"@id\":\"https:\/\/www.adecose.com\/gl\/#\/schema\/logo\/image\/\",\"url\":\"https:\/\/www.adecose.com\/wp-content\/uploads\/2020\/07\/favicon.png\",\"contentUrl\":\"https:\/\/www.adecose.com\/wp-content\/uploads\/2020\/07\/favicon.png\",\"width\":512,\"height\":512,\"caption\":\"ADECOSE\"},\"image\":{\"@id\":\"https:\/\/www.adecose.com\/gl\/#\/schema\/logo\/image\/\"}},{\"@type\":\"Person\",\"@id\":\"https:\/\/www.adecose.com\/gl\/#\/schema\/person\/ff086ce55f6379e1d225a2c0dca5eeb6\",\"name\":\"Comunicaci\u00f3n ADECOSE\",\"image\":{\"@type\":\"ImageObject\",\"inLanguage\":\"en-US\",\"@id\":\"https:\/\/secure.gravatar.com\/avatar\/01cd1f9571997441bf1da6d1cc147351305f03fe8f2acf1ebbec60ebb26924ce?s=96&d=mm&r=g\",\"url\":\"https:\/\/secure.gravatar.com\/avatar\/01cd1f9571997441bf1da6d1cc147351305f03fe8f2acf1ebbec60ebb26924ce?s=96&d=mm&r=g\",\"contentUrl\":\"https:\/\/secure.gravatar.com\/avatar\/01cd1f9571997441bf1da6d1cc147351305f03fe8f2acf1ebbec60ebb26924ce?s=96&d=mm&r=g\",\"caption\":\"Comunicaci\u00f3n ADECOSE\"}}]}<\/script>\n<!-- \/ Yoast SEO plugin. -->","yoast_head_json":{"title":"ADECOSE celebra un almuerzo con socios con Pablo de Ram\u00f3n-Laca, presidente ejecutivo de Cesce, como invitado - ADECOSE","robots":{"index":"index","follow":"follow","max-snippet":"max-snippet:-1","max-image-preview":"max-image-preview:large","max-video-preview":"max-video-preview:-1"},"canonical":"https:\/\/www.adecose.com\/adecose-celebra-un-almuerzo-con-socios-con-pablo-de-ramon-laca-presidente-ejecutivo-de-cesce-como-invitado\/","og_locale":"en_US","og_type":"article","og_title":"ADECOSE celebra un almuerzo con socios con Pablo de Ram\u00f3n-Laca, presidente ejecutivo de Cesce, como invitado - ADECOSE","og_description":"La Asociaci\u00f3n celebr\u00f3 el pasado 10 de marzo la reuni\u00f3n mensual de su Junta Directiva, en la que se desarrollaron los temas en los que...","og_url":"https:\/\/www.adecose.com\/adecose-celebra-un-almuerzo-con-socios-con-pablo-de-ramon-laca-presidente-ejecutivo-de-cesce-como-invitado\/","og_site_name":"ADECOSE","article_published_time":"2026-03-12T14:00:13+00:00","og_image":[{"width":2560,"height":1798,"url":"https:\/\/www.adecose.com\/wp-content\/uploads\/2026\/03\/Almuerzo-ADECOSE-Cesce-scaled.jpg","type":"image\/jpeg"}],"author":"Comunicaci\u00f3n ADECOSE","twitter_card":"summary_large_image","twitter_misc":{"Written by":"Comunicaci\u00f3n ADECOSE","Est. reading time":"3 minutes"},"schema":{"@context":"https:\/\/schema.org","@graph":[{"@type":"Article","@id":"https:\/\/www.adecose.com\/adecose-celebra-un-almuerzo-con-socios-con-pablo-de-ramon-laca-presidente-ejecutivo-de-cesce-como-invitado\/#article","isPartOf":{"@id":"https:\/\/www.adecose.com\/adecose-celebra-un-almuerzo-con-socios-con-pablo-de-ramon-laca-presidente-ejecutivo-de-cesce-como-invitado\/"},"author":{"name":"Comunicaci\u00f3n ADECOSE","@id":"https:\/\/www.adecose.com\/gl\/#\/schema\/person\/ff086ce55f6379e1d225a2c0dca5eeb6"},"headline":"ADECOSE celebra un almuerzo con socios con Pablo de Ram\u00f3n-Laca, presidente ejecutivo de Cesce, como invitado","datePublished":"2026-03-12T14:00:13+00:00","mainEntityOfPage":{"@id":"https:\/\/www.adecose.com\/adecose-celebra-un-almuerzo-con-socios-con-pablo-de-ramon-laca-presidente-ejecutivo-de-cesce-como-invitado\/"},"wordCount":599,"publisher":{"@id":"https:\/\/www.adecose.com\/gl\/#organization"},"image":{"@id":"https:\/\/www.adecose.com\/adecose-celebra-un-almuerzo-con-socios-con-pablo-de-ramon-laca-presidente-ejecutivo-de-cesce-como-invitado\/#primaryimage"},"thumbnailUrl":"https:\/\/www.adecose.com\/wp-content\/uploads\/2026\/03\/Almuerzo-ADECOSE-Cesce-scaled.jpg","keywords":["ADECOSE","Almuerzo con socios","Aseguradoras","Cesce","Corredur\u00edas de seguros","EVENTOS","Junta Directiva ADECOSE"],"articleSection":["Noticias"],"inLanguage":"en-US"},{"@type":"WebPage","@id":"https:\/\/www.adecose.com\/adecose-celebra-un-almuerzo-con-socios-con-pablo-de-ramon-laca-presidente-ejecutivo-de-cesce-como-invitado\/","url":"https:\/\/www.adecose.com\/adecose-celebra-un-almuerzo-con-socios-con-pablo-de-ramon-laca-presidente-ejecutivo-de-cesce-como-invitado\/","name":"ADECOSE celebra un almuerzo con socios con Pablo de Ram\u00f3n-Laca, presidente ejecutivo de Cesce, como invitado - ADECOSE","isPartOf":{"@id":"https:\/\/www.adecose.com\/gl\/#website"},"primaryImageOfPage":{"@id":"https:\/\/www.adecose.com\/adecose-celebra-un-almuerzo-con-socios-con-pablo-de-ramon-laca-presidente-ejecutivo-de-cesce-como-invitado\/#primaryimage"},"image":{"@id":"https:\/\/www.adecose.com\/adecose-celebra-un-almuerzo-con-socios-con-pablo-de-ramon-laca-presidente-ejecutivo-de-cesce-como-invitado\/#primaryimage"},"thumbnailUrl":"https:\/\/www.adecose.com\/wp-content\/uploads\/2026\/03\/Almuerzo-ADECOSE-Cesce-scaled.jpg","datePublished":"2026-03-12T14:00:13+00:00","breadcrumb":{"@id":"https:\/\/www.adecose.com\/adecose-celebra-un-almuerzo-con-socios-con-pablo-de-ramon-laca-presidente-ejecutivo-de-cesce-como-invitado\/#breadcrumb"},"inLanguage":"en-US","potentialAction":[{"@type":"ReadAction","target":["https:\/\/www.adecose.com\/adecose-celebra-un-almuerzo-con-socios-con-pablo-de-ramon-laca-presidente-ejecutivo-de-cesce-como-invitado\/"]}]},{"@type":"ImageObject","inLanguage":"en-US","@id":"https:\/\/www.adecose.com\/adecose-celebra-un-almuerzo-con-socios-con-pablo-de-ramon-laca-presidente-ejecutivo-de-cesce-como-invitado\/#primaryimage","url":"https:\/\/www.adecose.com\/wp-content\/uploads\/2026\/03\/Almuerzo-ADECOSE-Cesce-scaled.jpg","contentUrl":"https:\/\/www.adecose.com\/wp-content\/uploads\/2026\/03\/Almuerzo-ADECOSE-Cesce-scaled.jpg","width":2560,"height":1798},{"@type":"BreadcrumbList","@id":"https:\/\/www.adecose.com\/adecose-celebra-un-almuerzo-con-socios-con-pablo-de-ramon-laca-presidente-ejecutivo-de-cesce-como-invitado\/#breadcrumb","itemListElement":[{"@type":"ListItem","position":1,"name":"Portada","item":"https:\/\/www.adecose.com\/en\/"},{"@type":"ListItem","position":2,"name":"ADECOSE celebra un almuerzo con socios con Pablo de Ram\u00f3n-Laca, presidente ejecutivo de Cesce, como invitado"}]},{"@type":"WebSite","@id":"https:\/\/www.adecose.com\/gl\/#website","url":"https:\/\/www.adecose.com\/gl\/","name":"ADECOSE","description":"Spanish Association of Insurance and Reinsurance Brokers","publisher":{"@id":"https:\/\/www.adecose.com\/gl\/#organization"},"potentialAction":[{"@type":"SearchAction","target":{"@type":"EntryPoint","urlTemplate":"https:\/\/www.adecose.com\/gl\/?s={search_term_string}"},"query-input":{"@type":"PropertyValueSpecification","valueRequired":true,"valueName":"search_term_string"}}],"inLanguage":"en-US"},{"@type":"Organization","@id":"https:\/\/www.adecose.com\/gl\/#organization","name":"ADECOSE","url":"https:\/\/www.adecose.com\/gl\/","logo":{"@type":"ImageObject","inLanguage":"en-US","@id":"https:\/\/www.adecose.com\/gl\/#\/schema\/logo\/image\/","url":"https:\/\/www.adecose.com\/wp-content\/uploads\/2020\/07\/favicon.png","contentUrl":"https:\/\/www.adecose.com\/wp-content\/uploads\/2020\/07\/favicon.png","width":512,"height":512,"caption":"ADECOSE"},"image":{"@id":"https:\/\/www.adecose.com\/gl\/#\/schema\/logo\/image\/"}},{"@type":"Person","@id":"https:\/\/www.adecose.com\/gl\/#\/schema\/person\/ff086ce55f6379e1d225a2c0dca5eeb6","name":"Comunicaci\u00f3n ADECOSE","image":{"@type":"ImageObject","inLanguage":"en-US","@id":"https:\/\/secure.gravatar.com\/avatar\/01cd1f9571997441bf1da6d1cc147351305f03fe8f2acf1ebbec60ebb26924ce?s=96&d=mm&r=g","url":"https:\/\/secure.gravatar.com\/avatar\/01cd1f9571997441bf1da6d1cc147351305f03fe8f2acf1ebbec60ebb26924ce?s=96&d=mm&r=g","contentUrl":"https:\/\/secure.gravatar.com\/avatar\/01cd1f9571997441bf1da6d1cc147351305f03fe8f2acf1ebbec60ebb26924ce?s=96&d=mm&r=g","caption":"Comunicaci\u00f3n ADECOSE"}}]}},"_links":{"self":[{"href":"https:\/\/www.adecose.com\/en\/wp-json\/wp\/v2\/posts\/20391","targetHints":{"allow":["GET"]}}],"collection":[{"href":"https:\/\/www.adecose.com\/en\/wp-json\/wp\/v2\/posts"}],"about":[{"href":"https:\/\/www.adecose.com\/en\/wp-json\/wp\/v2\/types\/post"}],"author":[{"embeddable":true,"href":"https:\/\/www.adecose.com\/en\/wp-json\/wp\/v2\/users\/197"}],"replies":[{"embeddable":true,"href":"https:\/\/www.adecose.com\/en\/wp-json\/wp\/v2\/comments?post=20391"}],"version-history":[{"count":1,"href":"https:\/\/www.adecose.com\/en\/wp-json\/wp\/v2\/posts\/20391\/revisions"}],"predecessor-version":[{"id":20393,"href":"https:\/\/www.adecose.com\/en\/wp-json\/wp\/v2\/posts\/20391\/revisions\/20393"}],"wp:featuredmedia":[{"embeddable":true,"href":"https:\/\/www.adecose.com\/en\/wp-json\/wp\/v2\/media\/20392"}],"wp:attachment":[{"href":"https:\/\/www.adecose.com\/en\/wp-json\/wp\/v2\/media?parent=20391"}],"wp:term":[{"taxonomy":"category","embeddable":true,"href":"https:\/\/www.adecose.com\/en\/wp-json\/wp\/v2\/categories?post=20391"},{"taxonomy":"post_tag","embeddable":true,"href":"https:\/\/www.adecose.com\/en\/wp-json\/wp\/v2\/tags?post=20391"}],"curies":[{"name":"wp","href":"https:\/\/api.w.org\/{rel}","templated":true}]}}