{"id":20190,"date":"2026-02-02T16:11:29","date_gmt":"2026-02-02T15:11:29","guid":{"rendered":"https:\/\/www.adecose.com\/?p=20190"},"modified":"2026-02-02T16:11:29","modified_gmt":"2026-02-02T15:11:29","slug":"adecose-presenta-observaciones-al-anteproyecto-de-ley-de-contratos-de-credito-al-consumo-en-relacion-con-los-seguros-vinculados-o-combinados","status":"publish","type":"post","link":"https:\/\/www.adecose.com\/en\/adecose-presenta-observaciones-al-anteproyecto-de-ley-de-contratos-de-credito-al-consumo-en-relacion-con-los-seguros-vinculados-o-combinados\/","title":{"rendered":"ADECOSE presenta observaciones al Anteproyecto de Ley de contratos de cr\u00e9dito al consumo en relaci\u00f3n con los seguros vinculados o combinados"},"content":{"rendered":"<ul>\n<li><em>La Asociaci\u00f3n ha centrado sus observaciones en que se incremente la informaci\u00f3n y la protecci\u00f3n de los consumidores cuando contratan seguros vinculados y combinados al contrato de cr\u00e9dito.<\/em><\/li>\n<\/ul>\n<p>ADECOSE ha presentado observaciones al Anteproyecto de Ley de contratos al cr\u00e9dito al consumo \u00a0dentro del plazo de participaci\u00f3n p\u00fablica establecido para ello que finalizaba el pasado d\u00eda 30 de enero.<\/p>\n<p>La Asociaci\u00f3n ha centrado sus observaciones en que se incremente la informaci\u00f3n y la protecci\u00f3n de los consumidores cuando contratan seguros vinculados y combinados al contrato de cr\u00e9dito.<\/p>\n<p>Respecto de las ventas vinculadas, ADECOSE ha insistido en que se cierre la puerta a pr\u00e1cticas elusivas y contrarias a la libre competencia de modo que queden prohibidas aquellas pr\u00e1cticas que, sin implicar el cobro formal de una comisi\u00f3n o gasto, tengan por objeto o produzcan el efecto de dificultar, retrasar injustificadamente o desincentivar de facto la aceptaci\u00f3n por parte del prestamista de p\u00f3lizas alternativas propuestas por el consumidor.<\/p>\n<p>Asimismo, en las ventas vinculadas se solicita que se garantice de forma expresa que el consumidor pueda cambiar de proveedor de seguros en las renovaciones anuales sin que ello afecte a las condiciones del cr\u00e9dito y que se remita una comunicaci\u00f3n obligatoria \u00a0de la entidad prestamista al consumidor con antelaci\u00f3n m\u00ednima de dos meses a la fecha prevista de renovaci\u00f3n de la p\u00f3liza de que se trate, inform\u00e1ndole de manera expresa de la posibilidad de suscribirla sin costes ni penalizaciones o p\u00e9rdidas de beneficios de ning\u00fan tipo, con cualquier otro proveedor de seguro al consumidor a fin de que sus derechos queden debidamente garantizados. ADECOSE tambi\u00e9n ha solicitado que estas medidas de protecci\u00f3n del consumidor establecidas relativas al derecho de informaci\u00f3n y la libertad de elecci\u00f3n de proveedor de seguros se extiendan igualmente a los seguros combinados, de tal forma que el consumidor pueda en los siguientes per\u00edodos de renovaci\u00f3n de esas p\u00f3lizas elegir su propio proveedor de seguro.<\/p>\n<p>La Asociaci\u00f3n tambi\u00e9n ha solicitado que se acepten, en caso de pr\u00e1cticas combinadas, p\u00f3lizas de seguro anuales renovables elegidas por el prestatario de otras entidades aseguradoras debidamente autorizadas, sin modificar las condiciones de la oferta de cr\u00e9dito al consumidor ni afectar a las condiciones de cr\u00e9dito establecidas, tanto en la suscripci\u00f3n inicial como en cada una de las renovaciones<\/p>\n<p>Asimismo, ADECOSE considera relevante que en la norma se especifique que la actividad de asesoramiento en pr\u00e9stamos al consumo se entienda sin perjuicio del asesoramiento en materia de seguros prestado por los mediadores de seguros de conformidad con su normativa espec\u00edfica, evitando as\u00ed generar conflictos normativos y desplazar injustificadamente al mediador de seguros del proceso de protecci\u00f3n del consumidor, cuando precisamente su funci\u00f3n es reforzarlo.<\/p>\n<p>ADECOSE conf\u00eda en que sus propuestas ser\u00e1n tenidas en cuenta en el Proyecto de Ley que finalmente se apruebe.<\/p>\n","protected":false},"excerpt":{"rendered":"<p>La Asociaci\u00f3n ha centrado sus observaciones en que se incremente la informaci\u00f3n y la protecci\u00f3n de los consumidores cuando contratan seguros vinculados y combinados al&#8230;<\/p>\n","protected":false},"author":197,"featured_media":20191,"comment_status":"closed","ping_status":"closed","sticky":false,"template":"","format":"standard","meta":{"_acf_changed":false,"_price":"","_stock":"","_tribe_ticket_header":"","_tribe_default_ticket_provider":"","_tribe_ticket_capacity":"0","_ticket_start_date":"","_ticket_end_date":"","_tribe_ticket_show_description":"","_tribe_ticket_show_not_going":false,"_tribe_ticket_use_global_stock":"","_tribe_ticket_global_stock_level":"","_global_stock_mode":"","_global_stock_cap":"","_tribe_rsvp_for_event":"","_tribe_ticket_going_count":"","_tribe_ticket_not_going_count":"","_tribe_tickets_list":"[]","_tribe_ticket_has_attendee_info_fields":false,"footnotes":""},"categories":[2],"tags":[284,688,381,573],"class_list":["post-20190","post","type-post","status-publish","format-standard","has-post-thumbnail","category-noticias","tag-adecose","tag-anteproyecto-de-ley-de-credito-al-consumo","tag-lobby","tag-regulacion"],"acf":[],"yoast_head":"<!-- This site is optimized with the Yoast SEO plugin v27.2 - https:\/\/yoast.com\/product\/yoast-seo-wordpress\/ -->\n<title>ADECOSE presenta observaciones al Anteproyecto de Ley de contratos de cr\u00e9dito al consumo en relaci\u00f3n con los seguros vinculados o combinados - ADECOSE<\/title>\n<meta name=\"robots\" content=\"index, follow, max-snippet:-1, max-image-preview:large, max-video-preview:-1\" \/>\n<link rel=\"canonical\" href=\"https:\/\/www.adecose.com\/adecose-presenta-observaciones-al-anteproyecto-de-ley-de-contratos-de-credito-al-consumo-en-relacion-con-los-seguros-vinculados-o-combinados\/\" \/>\n<meta property=\"og:locale\" content=\"en_US\" \/>\n<meta property=\"og:type\" content=\"article\" \/>\n<meta property=\"og:title\" content=\"ADECOSE presenta observaciones al Anteproyecto de Ley de contratos de cr\u00e9dito al consumo en relaci\u00f3n con los seguros vinculados o combinados - ADECOSE\" \/>\n<meta property=\"og:description\" content=\"La Asociaci\u00f3n ha centrado sus observaciones en que se incremente la informaci\u00f3n y la protecci\u00f3n de los consumidores cuando contratan seguros vinculados y combinados al...\" \/>\n<meta property=\"og:url\" content=\"https:\/\/www.adecose.com\/adecose-presenta-observaciones-al-anteproyecto-de-ley-de-contratos-de-credito-al-consumo-en-relacion-con-los-seguros-vinculados-o-combinados\/\" \/>\n<meta property=\"og:site_name\" content=\"ADECOSE\" \/>\n<meta property=\"article:published_time\" content=\"2026-02-02T15:11:29+00:00\" \/>\n<meta property=\"og:image\" content=\"https:\/\/www.adecose.com\/wp-content\/uploads\/2026\/02\/ADECOSE-Congreso.jpeg\" \/>\n\t<meta property=\"og:image:width\" content=\"900\" \/>\n\t<meta property=\"og:image:height\" content=\"604\" \/>\n\t<meta property=\"og:image:type\" content=\"image\/jpeg\" \/>\n<meta name=\"author\" content=\"Comunicaci\u00f3n ADECOSE\" \/>\n<meta name=\"twitter:card\" content=\"summary_large_image\" \/>\n<meta name=\"twitter:label1\" content=\"Written by\" \/>\n\t<meta name=\"twitter:data1\" content=\"Comunicaci\u00f3n ADECOSE\" \/>\n\t<meta name=\"twitter:label2\" content=\"Est. reading time\" \/>\n\t<meta name=\"twitter:data2\" content=\"3 minutes\" \/>\n<script type=\"application\/ld+json\" class=\"yoast-schema-graph\">{\"@context\":\"https:\/\/schema.org\",\"@graph\":[{\"@type\":\"Article\",\"@id\":\"https:\/\/www.adecose.com\/adecose-presenta-observaciones-al-anteproyecto-de-ley-de-contratos-de-credito-al-consumo-en-relacion-con-los-seguros-vinculados-o-combinados\/#article\",\"isPartOf\":{\"@id\":\"https:\/\/www.adecose.com\/adecose-presenta-observaciones-al-anteproyecto-de-ley-de-contratos-de-credito-al-consumo-en-relacion-con-los-seguros-vinculados-o-combinados\/\"},\"author\":{\"name\":\"Comunicaci\u00f3n ADECOSE\",\"@id\":\"https:\/\/www.adecose.com\/gl\/#\/schema\/person\/ff086ce55f6379e1d225a2c0dca5eeb6\"},\"headline\":\"ADECOSE presenta observaciones al Anteproyecto de Ley de contratos de cr\u00e9dito al consumo en relaci\u00f3n con los seguros vinculados o combinados\",\"datePublished\":\"2026-02-02T15:11:29+00:00\",\"mainEntityOfPage\":{\"@id\":\"https:\/\/www.adecose.com\/adecose-presenta-observaciones-al-anteproyecto-de-ley-de-contratos-de-credito-al-consumo-en-relacion-con-los-seguros-vinculados-o-combinados\/\"},\"wordCount\":526,\"publisher\":{\"@id\":\"https:\/\/www.adecose.com\/gl\/#organization\"},\"image\":{\"@id\":\"https:\/\/www.adecose.com\/adecose-presenta-observaciones-al-anteproyecto-de-ley-de-contratos-de-credito-al-consumo-en-relacion-con-los-seguros-vinculados-o-combinados\/#primaryimage\"},\"thumbnailUrl\":\"https:\/\/www.adecose.com\/wp-content\/uploads\/2026\/02\/ADECOSE-Congreso.jpeg\",\"keywords\":[\"ADECOSE\",\"Anteproyecto de Ley de Cr\u00e9dito al Consumo\",\"Lobby\",\"Regulaci\u00f3n\"],\"articleSection\":[\"Noticias\"],\"inLanguage\":\"en-US\"},{\"@type\":\"WebPage\",\"@id\":\"https:\/\/www.adecose.com\/adecose-presenta-observaciones-al-anteproyecto-de-ley-de-contratos-de-credito-al-consumo-en-relacion-con-los-seguros-vinculados-o-combinados\/\",\"url\":\"https:\/\/www.adecose.com\/adecose-presenta-observaciones-al-anteproyecto-de-ley-de-contratos-de-credito-al-consumo-en-relacion-con-los-seguros-vinculados-o-combinados\/\",\"name\":\"ADECOSE presenta observaciones al Anteproyecto de Ley de contratos de cr\u00e9dito al consumo en relaci\u00f3n con los seguros vinculados o combinados - ADECOSE\",\"isPartOf\":{\"@id\":\"https:\/\/www.adecose.com\/gl\/#website\"},\"primaryImageOfPage\":{\"@id\":\"https:\/\/www.adecose.com\/adecose-presenta-observaciones-al-anteproyecto-de-ley-de-contratos-de-credito-al-consumo-en-relacion-con-los-seguros-vinculados-o-combinados\/#primaryimage\"},\"image\":{\"@id\":\"https:\/\/www.adecose.com\/adecose-presenta-observaciones-al-anteproyecto-de-ley-de-contratos-de-credito-al-consumo-en-relacion-con-los-seguros-vinculados-o-combinados\/#primaryimage\"},\"thumbnailUrl\":\"https:\/\/www.adecose.com\/wp-content\/uploads\/2026\/02\/ADECOSE-Congreso.jpeg\",\"datePublished\":\"2026-02-02T15:11:29+00:00\",\"breadcrumb\":{\"@id\":\"https:\/\/www.adecose.com\/adecose-presenta-observaciones-al-anteproyecto-de-ley-de-contratos-de-credito-al-consumo-en-relacion-con-los-seguros-vinculados-o-combinados\/#breadcrumb\"},\"inLanguage\":\"en-US\",\"potentialAction\":[{\"@type\":\"ReadAction\",\"target\":[\"https:\/\/www.adecose.com\/adecose-presenta-observaciones-al-anteproyecto-de-ley-de-contratos-de-credito-al-consumo-en-relacion-con-los-seguros-vinculados-o-combinados\/\"]}]},{\"@type\":\"ImageObject\",\"inLanguage\":\"en-US\",\"@id\":\"https:\/\/www.adecose.com\/adecose-presenta-observaciones-al-anteproyecto-de-ley-de-contratos-de-credito-al-consumo-en-relacion-con-los-seguros-vinculados-o-combinados\/#primaryimage\",\"url\":\"https:\/\/www.adecose.com\/wp-content\/uploads\/2026\/02\/ADECOSE-Congreso.jpeg\",\"contentUrl\":\"https:\/\/www.adecose.com\/wp-content\/uploads\/2026\/02\/ADECOSE-Congreso.jpeg\",\"width\":900,\"height\":604},{\"@type\":\"BreadcrumbList\",\"@id\":\"https:\/\/www.adecose.com\/adecose-presenta-observaciones-al-anteproyecto-de-ley-de-contratos-de-credito-al-consumo-en-relacion-con-los-seguros-vinculados-o-combinados\/#breadcrumb\",\"itemListElement\":[{\"@type\":\"ListItem\",\"position\":1,\"name\":\"Portada\",\"item\":\"https:\/\/www.adecose.com\/en\/\"},{\"@type\":\"ListItem\",\"position\":2,\"name\":\"ADECOSE presenta observaciones al Anteproyecto de Ley de contratos de cr\u00e9dito al consumo en relaci\u00f3n con los seguros vinculados o combinados\"}]},{\"@type\":\"WebSite\",\"@id\":\"https:\/\/www.adecose.com\/gl\/#website\",\"url\":\"https:\/\/www.adecose.com\/gl\/\",\"name\":\"ADECOSE\",\"description\":\"Spanish Association of Insurance and Reinsurance Brokers\",\"publisher\":{\"@id\":\"https:\/\/www.adecose.com\/gl\/#organization\"},\"potentialAction\":[{\"@type\":\"SearchAction\",\"target\":{\"@type\":\"EntryPoint\",\"urlTemplate\":\"https:\/\/www.adecose.com\/gl\/?s={search_term_string}\"},\"query-input\":{\"@type\":\"PropertyValueSpecification\",\"valueRequired\":true,\"valueName\":\"search_term_string\"}}],\"inLanguage\":\"en-US\"},{\"@type\":\"Organization\",\"@id\":\"https:\/\/www.adecose.com\/gl\/#organization\",\"name\":\"ADECOSE\",\"url\":\"https:\/\/www.adecose.com\/gl\/\",\"logo\":{\"@type\":\"ImageObject\",\"inLanguage\":\"en-US\",\"@id\":\"https:\/\/www.adecose.com\/gl\/#\/schema\/logo\/image\/\",\"url\":\"https:\/\/www.adecose.com\/wp-content\/uploads\/2020\/07\/favicon.png\",\"contentUrl\":\"https:\/\/www.adecose.com\/wp-content\/uploads\/2020\/07\/favicon.png\",\"width\":512,\"height\":512,\"caption\":\"ADECOSE\"},\"image\":{\"@id\":\"https:\/\/www.adecose.com\/gl\/#\/schema\/logo\/image\/\"}},{\"@type\":\"Person\",\"@id\":\"https:\/\/www.adecose.com\/gl\/#\/schema\/person\/ff086ce55f6379e1d225a2c0dca5eeb6\",\"name\":\"Comunicaci\u00f3n ADECOSE\",\"image\":{\"@type\":\"ImageObject\",\"inLanguage\":\"en-US\",\"@id\":\"https:\/\/secure.gravatar.com\/avatar\/01cd1f9571997441bf1da6d1cc147351305f03fe8f2acf1ebbec60ebb26924ce?s=96&d=mm&r=g\",\"url\":\"https:\/\/secure.gravatar.com\/avatar\/01cd1f9571997441bf1da6d1cc147351305f03fe8f2acf1ebbec60ebb26924ce?s=96&d=mm&r=g\",\"contentUrl\":\"https:\/\/secure.gravatar.com\/avatar\/01cd1f9571997441bf1da6d1cc147351305f03fe8f2acf1ebbec60ebb26924ce?s=96&d=mm&r=g\",\"caption\":\"Comunicaci\u00f3n ADECOSE\"}}]}<\/script>\n<!-- \/ Yoast SEO plugin. -->","yoast_head_json":{"title":"ADECOSE presenta observaciones al Anteproyecto de Ley de contratos de cr\u00e9dito al consumo en relaci\u00f3n con los seguros vinculados o combinados - ADECOSE","robots":{"index":"index","follow":"follow","max-snippet":"max-snippet:-1","max-image-preview":"max-image-preview:large","max-video-preview":"max-video-preview:-1"},"canonical":"https:\/\/www.adecose.com\/adecose-presenta-observaciones-al-anteproyecto-de-ley-de-contratos-de-credito-al-consumo-en-relacion-con-los-seguros-vinculados-o-combinados\/","og_locale":"en_US","og_type":"article","og_title":"ADECOSE presenta observaciones al Anteproyecto de Ley de contratos de cr\u00e9dito al consumo en relaci\u00f3n con los seguros vinculados o combinados - ADECOSE","og_description":"La Asociaci\u00f3n ha centrado sus observaciones en que se incremente la informaci\u00f3n y la protecci\u00f3n de los consumidores cuando contratan seguros vinculados y combinados al...","og_url":"https:\/\/www.adecose.com\/adecose-presenta-observaciones-al-anteproyecto-de-ley-de-contratos-de-credito-al-consumo-en-relacion-con-los-seguros-vinculados-o-combinados\/","og_site_name":"ADECOSE","article_published_time":"2026-02-02T15:11:29+00:00","og_image":[{"width":900,"height":604,"url":"https:\/\/www.adecose.com\/wp-content\/uploads\/2026\/02\/ADECOSE-Congreso.jpeg","type":"image\/jpeg"}],"author":"Comunicaci\u00f3n ADECOSE","twitter_card":"summary_large_image","twitter_misc":{"Written by":"Comunicaci\u00f3n ADECOSE","Est. reading time":"3 minutes"},"schema":{"@context":"https:\/\/schema.org","@graph":[{"@type":"Article","@id":"https:\/\/www.adecose.com\/adecose-presenta-observaciones-al-anteproyecto-de-ley-de-contratos-de-credito-al-consumo-en-relacion-con-los-seguros-vinculados-o-combinados\/#article","isPartOf":{"@id":"https:\/\/www.adecose.com\/adecose-presenta-observaciones-al-anteproyecto-de-ley-de-contratos-de-credito-al-consumo-en-relacion-con-los-seguros-vinculados-o-combinados\/"},"author":{"name":"Comunicaci\u00f3n ADECOSE","@id":"https:\/\/www.adecose.com\/gl\/#\/schema\/person\/ff086ce55f6379e1d225a2c0dca5eeb6"},"headline":"ADECOSE presenta observaciones al Anteproyecto de Ley de contratos de cr\u00e9dito al consumo en relaci\u00f3n con los seguros vinculados o combinados","datePublished":"2026-02-02T15:11:29+00:00","mainEntityOfPage":{"@id":"https:\/\/www.adecose.com\/adecose-presenta-observaciones-al-anteproyecto-de-ley-de-contratos-de-credito-al-consumo-en-relacion-con-los-seguros-vinculados-o-combinados\/"},"wordCount":526,"publisher":{"@id":"https:\/\/www.adecose.com\/gl\/#organization"},"image":{"@id":"https:\/\/www.adecose.com\/adecose-presenta-observaciones-al-anteproyecto-de-ley-de-contratos-de-credito-al-consumo-en-relacion-con-los-seguros-vinculados-o-combinados\/#primaryimage"},"thumbnailUrl":"https:\/\/www.adecose.com\/wp-content\/uploads\/2026\/02\/ADECOSE-Congreso.jpeg","keywords":["ADECOSE","Anteproyecto de Ley de Cr\u00e9dito al Consumo","Lobby","Regulaci\u00f3n"],"articleSection":["Noticias"],"inLanguage":"en-US"},{"@type":"WebPage","@id":"https:\/\/www.adecose.com\/adecose-presenta-observaciones-al-anteproyecto-de-ley-de-contratos-de-credito-al-consumo-en-relacion-con-los-seguros-vinculados-o-combinados\/","url":"https:\/\/www.adecose.com\/adecose-presenta-observaciones-al-anteproyecto-de-ley-de-contratos-de-credito-al-consumo-en-relacion-con-los-seguros-vinculados-o-combinados\/","name":"ADECOSE presenta observaciones al Anteproyecto de Ley de contratos de cr\u00e9dito al consumo en relaci\u00f3n con los seguros vinculados o combinados - ADECOSE","isPartOf":{"@id":"https:\/\/www.adecose.com\/gl\/#website"},"primaryImageOfPage":{"@id":"https:\/\/www.adecose.com\/adecose-presenta-observaciones-al-anteproyecto-de-ley-de-contratos-de-credito-al-consumo-en-relacion-con-los-seguros-vinculados-o-combinados\/#primaryimage"},"image":{"@id":"https:\/\/www.adecose.com\/adecose-presenta-observaciones-al-anteproyecto-de-ley-de-contratos-de-credito-al-consumo-en-relacion-con-los-seguros-vinculados-o-combinados\/#primaryimage"},"thumbnailUrl":"https:\/\/www.adecose.com\/wp-content\/uploads\/2026\/02\/ADECOSE-Congreso.jpeg","datePublished":"2026-02-02T15:11:29+00:00","breadcrumb":{"@id":"https:\/\/www.adecose.com\/adecose-presenta-observaciones-al-anteproyecto-de-ley-de-contratos-de-credito-al-consumo-en-relacion-con-los-seguros-vinculados-o-combinados\/#breadcrumb"},"inLanguage":"en-US","potentialAction":[{"@type":"ReadAction","target":["https:\/\/www.adecose.com\/adecose-presenta-observaciones-al-anteproyecto-de-ley-de-contratos-de-credito-al-consumo-en-relacion-con-los-seguros-vinculados-o-combinados\/"]}]},{"@type":"ImageObject","inLanguage":"en-US","@id":"https:\/\/www.adecose.com\/adecose-presenta-observaciones-al-anteproyecto-de-ley-de-contratos-de-credito-al-consumo-en-relacion-con-los-seguros-vinculados-o-combinados\/#primaryimage","url":"https:\/\/www.adecose.com\/wp-content\/uploads\/2026\/02\/ADECOSE-Congreso.jpeg","contentUrl":"https:\/\/www.adecose.com\/wp-content\/uploads\/2026\/02\/ADECOSE-Congreso.jpeg","width":900,"height":604},{"@type":"BreadcrumbList","@id":"https:\/\/www.adecose.com\/adecose-presenta-observaciones-al-anteproyecto-de-ley-de-contratos-de-credito-al-consumo-en-relacion-con-los-seguros-vinculados-o-combinados\/#breadcrumb","itemListElement":[{"@type":"ListItem","position":1,"name":"Portada","item":"https:\/\/www.adecose.com\/en\/"},{"@type":"ListItem","position":2,"name":"ADECOSE presenta observaciones al Anteproyecto de Ley de contratos de cr\u00e9dito al consumo en relaci\u00f3n con los seguros vinculados o combinados"}]},{"@type":"WebSite","@id":"https:\/\/www.adecose.com\/gl\/#website","url":"https:\/\/www.adecose.com\/gl\/","name":"ADECOSE","description":"Spanish Association of Insurance and Reinsurance Brokers","publisher":{"@id":"https:\/\/www.adecose.com\/gl\/#organization"},"potentialAction":[{"@type":"SearchAction","target":{"@type":"EntryPoint","urlTemplate":"https:\/\/www.adecose.com\/gl\/?s={search_term_string}"},"query-input":{"@type":"PropertyValueSpecification","valueRequired":true,"valueName":"search_term_string"}}],"inLanguage":"en-US"},{"@type":"Organization","@id":"https:\/\/www.adecose.com\/gl\/#organization","name":"ADECOSE","url":"https:\/\/www.adecose.com\/gl\/","logo":{"@type":"ImageObject","inLanguage":"en-US","@id":"https:\/\/www.adecose.com\/gl\/#\/schema\/logo\/image\/","url":"https:\/\/www.adecose.com\/wp-content\/uploads\/2020\/07\/favicon.png","contentUrl":"https:\/\/www.adecose.com\/wp-content\/uploads\/2020\/07\/favicon.png","width":512,"height":512,"caption":"ADECOSE"},"image":{"@id":"https:\/\/www.adecose.com\/gl\/#\/schema\/logo\/image\/"}},{"@type":"Person","@id":"https:\/\/www.adecose.com\/gl\/#\/schema\/person\/ff086ce55f6379e1d225a2c0dca5eeb6","name":"Comunicaci\u00f3n ADECOSE","image":{"@type":"ImageObject","inLanguage":"en-US","@id":"https:\/\/secure.gravatar.com\/avatar\/01cd1f9571997441bf1da6d1cc147351305f03fe8f2acf1ebbec60ebb26924ce?s=96&d=mm&r=g","url":"https:\/\/secure.gravatar.com\/avatar\/01cd1f9571997441bf1da6d1cc147351305f03fe8f2acf1ebbec60ebb26924ce?s=96&d=mm&r=g","contentUrl":"https:\/\/secure.gravatar.com\/avatar\/01cd1f9571997441bf1da6d1cc147351305f03fe8f2acf1ebbec60ebb26924ce?s=96&d=mm&r=g","caption":"Comunicaci\u00f3n ADECOSE"}}]}},"_links":{"self":[{"href":"https:\/\/www.adecose.com\/en\/wp-json\/wp\/v2\/posts\/20190","targetHints":{"allow":["GET"]}}],"collection":[{"href":"https:\/\/www.adecose.com\/en\/wp-json\/wp\/v2\/posts"}],"about":[{"href":"https:\/\/www.adecose.com\/en\/wp-json\/wp\/v2\/types\/post"}],"author":[{"embeddable":true,"href":"https:\/\/www.adecose.com\/en\/wp-json\/wp\/v2\/users\/197"}],"replies":[{"embeddable":true,"href":"https:\/\/www.adecose.com\/en\/wp-json\/wp\/v2\/comments?post=20190"}],"version-history":[{"count":0,"href":"https:\/\/www.adecose.com\/en\/wp-json\/wp\/v2\/posts\/20190\/revisions"}],"wp:featuredmedia":[{"embeddable":true,"href":"https:\/\/www.adecose.com\/en\/wp-json\/wp\/v2\/media\/20191"}],"wp:attachment":[{"href":"https:\/\/www.adecose.com\/en\/wp-json\/wp\/v2\/media?parent=20190"}],"wp:term":[{"taxonomy":"category","embeddable":true,"href":"https:\/\/www.adecose.com\/en\/wp-json\/wp\/v2\/categories?post=20190"},{"taxonomy":"post_tag","embeddable":true,"href":"https:\/\/www.adecose.com\/en\/wp-json\/wp\/v2\/tags?post=20190"}],"curies":[{"name":"wp","href":"https:\/\/api.w.org\/{rel}","templated":true}]}}