{"id":20177,"date":"2026-01-27T13:23:23","date_gmt":"2026-01-27T12:23:23","guid":{"rendered":"https:\/\/www.adecose.com\/?p=20177"},"modified":"2026-01-27T13:23:23","modified_gmt":"2026-01-27T12:23:23","slug":"adecose-asiste-a-la-reunion-semestral-de-bipar-en-viena","status":"publish","type":"post","link":"https:\/\/www.adecose.com\/en\/adecose-asiste-a-la-reunion-semestral-de-bipar-en-viena\/","title":{"rendered":"ADECOSE asiste a la reuni\u00f3n semestral de BIPAR en Viena"},"content":{"rendered":"<ul>\n<li><em>ADECOSE particip\u00f3 en la reuni\u00f3n semestral de BIPAR, celebrada los d\u00edas 22 y 23 de enero en Viena.<\/em><\/li>\n<\/ul>\n<ul>\n<li><em>Durante el encuentro se realiz\u00f3 un primer an\u00e1lisis de los cambios que traer\u00e1 consigo la Estrategia de Inversi\u00f3n Minorista (RIS) sobre la que el Consejo y el Parlamento Europeo llegaron un acuerdo el pasado 17 de diciembre y sobre la que a\u00fan no se dispone del texto acodado.<\/em><\/li>\n<\/ul>\n<p>Una delegaci\u00f3n de ADECOSE compuesta por Julio de Santos, vicepresidente y responsable del \u00e1rea internacional europea y Borja L\u00f3pez-Chicheri, director gerente, particip\u00f3 en la reuni\u00f3n semestral que BIPAR (Federaci\u00f3n Europea de Intermediarios de Seguros) celebr\u00f3 en Viena los d\u00edas 22 y 23 de enero, donde se citaron m\u00e1s de 135 representantes de las organizaciones europeas pertenecientes a la Federaci\u00f3n.<\/p>\n<p>Durante la jornada, los participantes tuvieron la oportunidad de conocer en mayor profundidad las caracter\u00edsticas del mercado asegurador austriaco con las intervenciones de Nadine Wiedermann-Ondrej y de Stefan Trojer, representantes respetivamente del Ministerio de finanzas y del Ministerio de Econom\u00eda, Energ\u00eda y Turismo de Austria, as\u00ed como con la de Erwin Gisch, director general de la Asociaci\u00f3n Profesional de Corredores de Seguros de Austria (WK\u00d6). En el marco de estas intervenciones, tambi\u00e9n particip\u00f3 Katharina Freingruber, CEO de la corredur\u00eda de seguros austriaca CREDO, quien explic\u00f3 las l\u00edneas de actuaci\u00f3n de la iniciativa <em>Women Wanted<\/em>, que busca incrementar la participaci\u00f3n de las mujeres directivas en las corredur\u00edas de seguros en Austria.<\/p>\n<p>Especialmente destacada fue la intervenci\u00f3n de Bruna Szego\u00a0presidenta de la reci\u00e9n creada Autoridad Europea de Lucha contra el Blanqueo (AMLA), quien subray\u00f3 el importante papel que juegan los mediadores de seguros en la lucha contra la delincuencia financiera al incorporar clientes, identificar se\u00f1ales de alerta y reportar actividades sospechosas. Tambi\u00e9n traslad\u00f3 c\u00f3mo el nuevo marco AML de la UE traer\u00e1 normas m\u00e1s armonizadas, una convergencia supervisora m\u00e1s s\u00f3lida y un mejor intercambio de informaci\u00f3n.<\/p>\n<p>Igualmente destacada fue la intervenci\u00f3n de Fausto Parente, director ejecutivo de la Autoridad Europea de Seguros y Pensiones de Jubilaci\u00f3n (EIOPA), quien resumi\u00f3 las prioridades que la Autoridad tiene encima de la mesa en relaci\u00f3n con temas como la Estrategia de Inversi\u00f3n Minorista (RIS), los Planes de Pensiones Personales Panaeuropeos (PEP), los sistemas de garant\u00edas de seguros (IGS), la agenda sobre la simplificaci\u00f3n y reducci\u00f3n de cargas administrativas y una actualizaci\u00f3n sobre la normativa relacionada con la Inteligencia Artificial. Tambi\u00e9n hizo un seguimiento de los ejercicios de <em>mystery shopping<\/em> canalizados a trav\u00e9s de EIOPA.<\/p>\n<p>Otras intervenciones del encuentro tuvieron como eje el papel de los mediadores a la hora de encontrar soluciones en relaci\u00f3n con la brecha de protecci\u00f3n clim\u00e1tica a trav\u00e9s de las intervenciones de Tilman Lueder, Jefe de Unidad de Seguros y Pensiones de la Direcci\u00f3n General de Estabilidad Financiera, Servicios Financieros y Uni\u00f3n de los Mercados de Capitales (FISMA) de la Comisi\u00f3n Europea y de Swenja Surminski, directora general de clima y sostenibilidad de MARSH, y en c\u00f3mo reducir los riesgos de riesgos catastr\u00f3ficos a cargo de Bridget Gainer, directora global de asuntos p\u00fablicos y Pol\u00edticas de AON.<\/p>\n<p>Durante el encuentro, el equipo de BIPAR realiz\u00f3 un primer an\u00e1lisis de los cambios que traer\u00e1 consigo la Estrategia de Inversi\u00f3n Minorista (RIS), sobre la que el Consejo y el Parlamento Europeo llegaron un acuerdo el pasado 17 de diciembre y sobre la que a\u00fan no se dispone del texto acodado. Pese a ello, se adelantaron algunas de las cuestiones m\u00e1s novedosas de la nueva normativa que pr\u00f3ximamente se publicar\u00e1 y su impacto sobre la mediaci\u00f3n de seguros en temas relacionados con los incentivos, <em>Value for Money<\/em>, la regulaci\u00f3n de los <em>finfluencers<\/em>, el establecimiento de un r\u00e9gimen m\u00e1s atenuado desde el punto de vista regulatorio para los clientes profesionales y para el asesoramiento de productos que no sean complejos o los plazos de adaptaci\u00f3n a la nueva normativa.<\/p>\n<p>Por \u00faltimo, los colegas hom\u00f3logos europeos tuvieron la oportunidad de compartir, los desaf\u00edos a los que se enfrenta la mediaci\u00f3n de seguros. Entre otras, se abordaron presentaciones sobre el estudio sobre cuestiones estrat\u00e9gicas en el futuro de los mediadores en Francia; el estudio de la autoridad de supervisi\u00f3n belga sobre <em>Value for Money<\/em>; la iniciativa de reducci\u00f3n de las cargas administrativas en los Pa\u00edses Bajos o el estudio sobre el impacto de la normativa de distribuci\u00f3n en Finlandia.<\/p>\n","protected":false},"excerpt":{"rendered":"<p>ADECOSE particip\u00f3 en la reuni\u00f3n semestral de BIPAR, celebrada los d\u00edas 22 y 23 de enero en Viena. Durante el encuentro se realiz\u00f3 un primer&#8230;<\/p>\n","protected":false},"author":197,"featured_media":20178,"comment_status":"closed","ping_status":"closed","sticky":false,"template":"","format":"standard","meta":{"_acf_changed":false,"_price":"","_stock":"","_tribe_ticket_header":"","_tribe_default_ticket_provider":"","_tribe_ticket_capacity":"0","_ticket_start_date":"","_ticket_end_date":"","_tribe_ticket_show_description":"","_tribe_ticket_show_not_going":false,"_tribe_ticket_use_global_stock":"","_tribe_ticket_global_stock_level":"","_global_stock_mode":"","_global_stock_cap":"","_tribe_rsvp_for_event":"","_tribe_ticket_going_count":"","_tribe_ticket_not_going_count":"","_tribe_tickets_list":"[]","_tribe_ticket_has_attendee_info_fields":false,"footnotes":""},"categories":[2],"tags":[284,686,287,381,573,687],"class_list":["post-20177","post","type-post","status-publish","format-standard","has-post-thumbnail","category-noticias","tag-adecose","tag-bpar","tag-europa","tag-lobby","tag-regulacion","tag-reunion-semestral-bipar"],"acf":[],"yoast_head":"<!-- This site is optimized with the Yoast SEO plugin v27.2 - https:\/\/yoast.com\/product\/yoast-seo-wordpress\/ -->\n<title>ADECOSE asiste a la reuni\u00f3n semestral de BIPAR en Viena - ADECOSE<\/title>\n<meta name=\"robots\" content=\"index, follow, max-snippet:-1, max-image-preview:large, max-video-preview:-1\" \/>\n<link rel=\"canonical\" href=\"https:\/\/www.adecose.com\/adecose-asiste-a-la-reunion-semestral-de-bipar-en-viena\/\" \/>\n<meta property=\"og:locale\" content=\"en_US\" \/>\n<meta property=\"og:type\" content=\"article\" \/>\n<meta property=\"og:title\" content=\"ADECOSE asiste a la reuni\u00f3n semestral de BIPAR en Viena - ADECOSE\" \/>\n<meta property=\"og:description\" content=\"ADECOSE particip\u00f3 en la reuni\u00f3n semestral de BIPAR, celebrada los d\u00edas 22 y 23 de enero en Viena. Durante el encuentro se realiz\u00f3 un primer...\" \/>\n<meta property=\"og:url\" content=\"https:\/\/www.adecose.com\/adecose-asiste-a-la-reunion-semestral-de-bipar-en-viena\/\" \/>\n<meta property=\"og:site_name\" content=\"ADECOSE\" \/>\n<meta property=\"article:published_time\" content=\"2026-01-27T12:23:23+00:00\" \/>\n<meta property=\"og:image\" content=\"https:\/\/www.adecose.com\/wp-content\/uploads\/2026\/01\/Borja-Lopez-Chicheri-y-Julio-de-Santos-BIPAR.jpg\" \/>\n\t<meta property=\"og:image:width\" content=\"1200\" \/>\n\t<meta property=\"og:image:height\" content=\"789\" \/>\n\t<meta property=\"og:image:type\" content=\"image\/jpeg\" \/>\n<meta name=\"author\" content=\"Comunicaci\u00f3n ADECOSE\" \/>\n<meta name=\"twitter:card\" content=\"summary_large_image\" \/>\n<meta name=\"twitter:label1\" content=\"Written by\" \/>\n\t<meta name=\"twitter:data1\" content=\"Comunicaci\u00f3n ADECOSE\" \/>\n\t<meta name=\"twitter:label2\" content=\"Est. reading time\" \/>\n\t<meta name=\"twitter:data2\" content=\"4 minutes\" \/>\n<script type=\"application\/ld+json\" class=\"yoast-schema-graph\">{\"@context\":\"https:\/\/schema.org\",\"@graph\":[{\"@type\":\"Article\",\"@id\":\"https:\/\/www.adecose.com\/adecose-asiste-a-la-reunion-semestral-de-bipar-en-viena\/#article\",\"isPartOf\":{\"@id\":\"https:\/\/www.adecose.com\/adecose-asiste-a-la-reunion-semestral-de-bipar-en-viena\/\"},\"author\":{\"name\":\"Comunicaci\u00f3n ADECOSE\",\"@id\":\"https:\/\/www.adecose.com\/gl\/#\/schema\/person\/ff086ce55f6379e1d225a2c0dca5eeb6\"},\"headline\":\"ADECOSE asiste a la reuni\u00f3n semestral de BIPAR en Viena\",\"datePublished\":\"2026-01-27T12:23:23+00:00\",\"mainEntityOfPage\":{\"@id\":\"https:\/\/www.adecose.com\/adecose-asiste-a-la-reunion-semestral-de-bipar-en-viena\/\"},\"wordCount\":781,\"publisher\":{\"@id\":\"https:\/\/www.adecose.com\/gl\/#organization\"},\"image\":{\"@id\":\"https:\/\/www.adecose.com\/adecose-asiste-a-la-reunion-semestral-de-bipar-en-viena\/#primaryimage\"},\"thumbnailUrl\":\"https:\/\/www.adecose.com\/wp-content\/uploads\/2026\/01\/Borja-Lopez-Chicheri-y-Julio-de-Santos-BIPAR.jpg\",\"keywords\":[\"ADECOSE\",\"BPAR\",\"EUROPA\",\"Lobby\",\"Regulaci\u00f3n\",\"Reuni\u00f3n semestral BIPAR\"],\"articleSection\":[\"Noticias\"],\"inLanguage\":\"en-US\"},{\"@type\":\"WebPage\",\"@id\":\"https:\/\/www.adecose.com\/adecose-asiste-a-la-reunion-semestral-de-bipar-en-viena\/\",\"url\":\"https:\/\/www.adecose.com\/adecose-asiste-a-la-reunion-semestral-de-bipar-en-viena\/\",\"name\":\"ADECOSE asiste a la reuni\u00f3n semestral de BIPAR en Viena - ADECOSE\",\"isPartOf\":{\"@id\":\"https:\/\/www.adecose.com\/gl\/#website\"},\"primaryImageOfPage\":{\"@id\":\"https:\/\/www.adecose.com\/adecose-asiste-a-la-reunion-semestral-de-bipar-en-viena\/#primaryimage\"},\"image\":{\"@id\":\"https:\/\/www.adecose.com\/adecose-asiste-a-la-reunion-semestral-de-bipar-en-viena\/#primaryimage\"},\"thumbnailUrl\":\"https:\/\/www.adecose.com\/wp-content\/uploads\/2026\/01\/Borja-Lopez-Chicheri-y-Julio-de-Santos-BIPAR.jpg\",\"datePublished\":\"2026-01-27T12:23:23+00:00\",\"breadcrumb\":{\"@id\":\"https:\/\/www.adecose.com\/adecose-asiste-a-la-reunion-semestral-de-bipar-en-viena\/#breadcrumb\"},\"inLanguage\":\"en-US\",\"potentialAction\":[{\"@type\":\"ReadAction\",\"target\":[\"https:\/\/www.adecose.com\/adecose-asiste-a-la-reunion-semestral-de-bipar-en-viena\/\"]}]},{\"@type\":\"ImageObject\",\"inLanguage\":\"en-US\",\"@id\":\"https:\/\/www.adecose.com\/adecose-asiste-a-la-reunion-semestral-de-bipar-en-viena\/#primaryimage\",\"url\":\"https:\/\/www.adecose.com\/wp-content\/uploads\/2026\/01\/Borja-Lopez-Chicheri-y-Julio-de-Santos-BIPAR.jpg\",\"contentUrl\":\"https:\/\/www.adecose.com\/wp-content\/uploads\/2026\/01\/Borja-Lopez-Chicheri-y-Julio-de-Santos-BIPAR.jpg\",\"width\":1200,\"height\":789},{\"@type\":\"BreadcrumbList\",\"@id\":\"https:\/\/www.adecose.com\/adecose-asiste-a-la-reunion-semestral-de-bipar-en-viena\/#breadcrumb\",\"itemListElement\":[{\"@type\":\"ListItem\",\"position\":1,\"name\":\"Portada\",\"item\":\"https:\/\/www.adecose.com\/en\/\"},{\"@type\":\"ListItem\",\"position\":2,\"name\":\"ADECOSE asiste a la reuni\u00f3n semestral de BIPAR en Viena\"}]},{\"@type\":\"WebSite\",\"@id\":\"https:\/\/www.adecose.com\/gl\/#website\",\"url\":\"https:\/\/www.adecose.com\/gl\/\",\"name\":\"ADECOSE\",\"description\":\"Spanish Association of Insurance and Reinsurance Brokers\",\"publisher\":{\"@id\":\"https:\/\/www.adecose.com\/gl\/#organization\"},\"potentialAction\":[{\"@type\":\"SearchAction\",\"target\":{\"@type\":\"EntryPoint\",\"urlTemplate\":\"https:\/\/www.adecose.com\/gl\/?s={search_term_string}\"},\"query-input\":{\"@type\":\"PropertyValueSpecification\",\"valueRequired\":true,\"valueName\":\"search_term_string\"}}],\"inLanguage\":\"en-US\"},{\"@type\":\"Organization\",\"@id\":\"https:\/\/www.adecose.com\/gl\/#organization\",\"name\":\"ADECOSE\",\"url\":\"https:\/\/www.adecose.com\/gl\/\",\"logo\":{\"@type\":\"ImageObject\",\"inLanguage\":\"en-US\",\"@id\":\"https:\/\/www.adecose.com\/gl\/#\/schema\/logo\/image\/\",\"url\":\"https:\/\/www.adecose.com\/wp-content\/uploads\/2020\/07\/favicon.png\",\"contentUrl\":\"https:\/\/www.adecose.com\/wp-content\/uploads\/2020\/07\/favicon.png\",\"width\":512,\"height\":512,\"caption\":\"ADECOSE\"},\"image\":{\"@id\":\"https:\/\/www.adecose.com\/gl\/#\/schema\/logo\/image\/\"}},{\"@type\":\"Person\",\"@id\":\"https:\/\/www.adecose.com\/gl\/#\/schema\/person\/ff086ce55f6379e1d225a2c0dca5eeb6\",\"name\":\"Comunicaci\u00f3n ADECOSE\",\"image\":{\"@type\":\"ImageObject\",\"inLanguage\":\"en-US\",\"@id\":\"https:\/\/secure.gravatar.com\/avatar\/01cd1f9571997441bf1da6d1cc147351305f03fe8f2acf1ebbec60ebb26924ce?s=96&d=mm&r=g\",\"url\":\"https:\/\/secure.gravatar.com\/avatar\/01cd1f9571997441bf1da6d1cc147351305f03fe8f2acf1ebbec60ebb26924ce?s=96&d=mm&r=g\",\"contentUrl\":\"https:\/\/secure.gravatar.com\/avatar\/01cd1f9571997441bf1da6d1cc147351305f03fe8f2acf1ebbec60ebb26924ce?s=96&d=mm&r=g\",\"caption\":\"Comunicaci\u00f3n ADECOSE\"}}]}<\/script>\n<!-- \/ Yoast SEO plugin. -->","yoast_head_json":{"title":"ADECOSE asiste a la reuni\u00f3n semestral de BIPAR en Viena - ADECOSE","robots":{"index":"index","follow":"follow","max-snippet":"max-snippet:-1","max-image-preview":"max-image-preview:large","max-video-preview":"max-video-preview:-1"},"canonical":"https:\/\/www.adecose.com\/adecose-asiste-a-la-reunion-semestral-de-bipar-en-viena\/","og_locale":"en_US","og_type":"article","og_title":"ADECOSE asiste a la reuni\u00f3n semestral de BIPAR en Viena - ADECOSE","og_description":"ADECOSE particip\u00f3 en la reuni\u00f3n semestral de BIPAR, celebrada los d\u00edas 22 y 23 de enero en Viena. Durante el encuentro se realiz\u00f3 un primer...","og_url":"https:\/\/www.adecose.com\/adecose-asiste-a-la-reunion-semestral-de-bipar-en-viena\/","og_site_name":"ADECOSE","article_published_time":"2026-01-27T12:23:23+00:00","og_image":[{"width":1200,"height":789,"url":"https:\/\/www.adecose.com\/wp-content\/uploads\/2026\/01\/Borja-Lopez-Chicheri-y-Julio-de-Santos-BIPAR.jpg","type":"image\/jpeg"}],"author":"Comunicaci\u00f3n ADECOSE","twitter_card":"summary_large_image","twitter_misc":{"Written by":"Comunicaci\u00f3n ADECOSE","Est. reading time":"4 minutes"},"schema":{"@context":"https:\/\/schema.org","@graph":[{"@type":"Article","@id":"https:\/\/www.adecose.com\/adecose-asiste-a-la-reunion-semestral-de-bipar-en-viena\/#article","isPartOf":{"@id":"https:\/\/www.adecose.com\/adecose-asiste-a-la-reunion-semestral-de-bipar-en-viena\/"},"author":{"name":"Comunicaci\u00f3n ADECOSE","@id":"https:\/\/www.adecose.com\/gl\/#\/schema\/person\/ff086ce55f6379e1d225a2c0dca5eeb6"},"headline":"ADECOSE asiste a la reuni\u00f3n semestral de BIPAR en Viena","datePublished":"2026-01-27T12:23:23+00:00","mainEntityOfPage":{"@id":"https:\/\/www.adecose.com\/adecose-asiste-a-la-reunion-semestral-de-bipar-en-viena\/"},"wordCount":781,"publisher":{"@id":"https:\/\/www.adecose.com\/gl\/#organization"},"image":{"@id":"https:\/\/www.adecose.com\/adecose-asiste-a-la-reunion-semestral-de-bipar-en-viena\/#primaryimage"},"thumbnailUrl":"https:\/\/www.adecose.com\/wp-content\/uploads\/2026\/01\/Borja-Lopez-Chicheri-y-Julio-de-Santos-BIPAR.jpg","keywords":["ADECOSE","BPAR","EUROPA","Lobby","Regulaci\u00f3n","Reuni\u00f3n semestral BIPAR"],"articleSection":["Noticias"],"inLanguage":"en-US"},{"@type":"WebPage","@id":"https:\/\/www.adecose.com\/adecose-asiste-a-la-reunion-semestral-de-bipar-en-viena\/","url":"https:\/\/www.adecose.com\/adecose-asiste-a-la-reunion-semestral-de-bipar-en-viena\/","name":"ADECOSE asiste a la reuni\u00f3n semestral de BIPAR en Viena - ADECOSE","isPartOf":{"@id":"https:\/\/www.adecose.com\/gl\/#website"},"primaryImageOfPage":{"@id":"https:\/\/www.adecose.com\/adecose-asiste-a-la-reunion-semestral-de-bipar-en-viena\/#primaryimage"},"image":{"@id":"https:\/\/www.adecose.com\/adecose-asiste-a-la-reunion-semestral-de-bipar-en-viena\/#primaryimage"},"thumbnailUrl":"https:\/\/www.adecose.com\/wp-content\/uploads\/2026\/01\/Borja-Lopez-Chicheri-y-Julio-de-Santos-BIPAR.jpg","datePublished":"2026-01-27T12:23:23+00:00","breadcrumb":{"@id":"https:\/\/www.adecose.com\/adecose-asiste-a-la-reunion-semestral-de-bipar-en-viena\/#breadcrumb"},"inLanguage":"en-US","potentialAction":[{"@type":"ReadAction","target":["https:\/\/www.adecose.com\/adecose-asiste-a-la-reunion-semestral-de-bipar-en-viena\/"]}]},{"@type":"ImageObject","inLanguage":"en-US","@id":"https:\/\/www.adecose.com\/adecose-asiste-a-la-reunion-semestral-de-bipar-en-viena\/#primaryimage","url":"https:\/\/www.adecose.com\/wp-content\/uploads\/2026\/01\/Borja-Lopez-Chicheri-y-Julio-de-Santos-BIPAR.jpg","contentUrl":"https:\/\/www.adecose.com\/wp-content\/uploads\/2026\/01\/Borja-Lopez-Chicheri-y-Julio-de-Santos-BIPAR.jpg","width":1200,"height":789},{"@type":"BreadcrumbList","@id":"https:\/\/www.adecose.com\/adecose-asiste-a-la-reunion-semestral-de-bipar-en-viena\/#breadcrumb","itemListElement":[{"@type":"ListItem","position":1,"name":"Portada","item":"https:\/\/www.adecose.com\/en\/"},{"@type":"ListItem","position":2,"name":"ADECOSE asiste a la reuni\u00f3n semestral de BIPAR en Viena"}]},{"@type":"WebSite","@id":"https:\/\/www.adecose.com\/gl\/#website","url":"https:\/\/www.adecose.com\/gl\/","name":"ADECOSE","description":"Spanish Association of Insurance and Reinsurance Brokers","publisher":{"@id":"https:\/\/www.adecose.com\/gl\/#organization"},"potentialAction":[{"@type":"SearchAction","target":{"@type":"EntryPoint","urlTemplate":"https:\/\/www.adecose.com\/gl\/?s={search_term_string}"},"query-input":{"@type":"PropertyValueSpecification","valueRequired":true,"valueName":"search_term_string"}}],"inLanguage":"en-US"},{"@type":"Organization","@id":"https:\/\/www.adecose.com\/gl\/#organization","name":"ADECOSE","url":"https:\/\/www.adecose.com\/gl\/","logo":{"@type":"ImageObject","inLanguage":"en-US","@id":"https:\/\/www.adecose.com\/gl\/#\/schema\/logo\/image\/","url":"https:\/\/www.adecose.com\/wp-content\/uploads\/2020\/07\/favicon.png","contentUrl":"https:\/\/www.adecose.com\/wp-content\/uploads\/2020\/07\/favicon.png","width":512,"height":512,"caption":"ADECOSE"},"image":{"@id":"https:\/\/www.adecose.com\/gl\/#\/schema\/logo\/image\/"}},{"@type":"Person","@id":"https:\/\/www.adecose.com\/gl\/#\/schema\/person\/ff086ce55f6379e1d225a2c0dca5eeb6","name":"Comunicaci\u00f3n ADECOSE","image":{"@type":"ImageObject","inLanguage":"en-US","@id":"https:\/\/secure.gravatar.com\/avatar\/01cd1f9571997441bf1da6d1cc147351305f03fe8f2acf1ebbec60ebb26924ce?s=96&d=mm&r=g","url":"https:\/\/secure.gravatar.com\/avatar\/01cd1f9571997441bf1da6d1cc147351305f03fe8f2acf1ebbec60ebb26924ce?s=96&d=mm&r=g","contentUrl":"https:\/\/secure.gravatar.com\/avatar\/01cd1f9571997441bf1da6d1cc147351305f03fe8f2acf1ebbec60ebb26924ce?s=96&d=mm&r=g","caption":"Comunicaci\u00f3n ADECOSE"}}]}},"_links":{"self":[{"href":"https:\/\/www.adecose.com\/en\/wp-json\/wp\/v2\/posts\/20177","targetHints":{"allow":["GET"]}}],"collection":[{"href":"https:\/\/www.adecose.com\/en\/wp-json\/wp\/v2\/posts"}],"about":[{"href":"https:\/\/www.adecose.com\/en\/wp-json\/wp\/v2\/types\/post"}],"author":[{"embeddable":true,"href":"https:\/\/www.adecose.com\/en\/wp-json\/wp\/v2\/users\/197"}],"replies":[{"embeddable":true,"href":"https:\/\/www.adecose.com\/en\/wp-json\/wp\/v2\/comments?post=20177"}],"version-history":[{"count":0,"href":"https:\/\/www.adecose.com\/en\/wp-json\/wp\/v2\/posts\/20177\/revisions"}],"wp:featuredmedia":[{"embeddable":true,"href":"https:\/\/www.adecose.com\/en\/wp-json\/wp\/v2\/media\/20178"}],"wp:attachment":[{"href":"https:\/\/www.adecose.com\/en\/wp-json\/wp\/v2\/media?parent=20177"}],"wp:term":[{"taxonomy":"category","embeddable":true,"href":"https:\/\/www.adecose.com\/en\/wp-json\/wp\/v2\/categories?post=20177"},{"taxonomy":"post_tag","embeddable":true,"href":"https:\/\/www.adecose.com\/en\/wp-json\/wp\/v2\/tags?post=20177"}],"curies":[{"name":"wp","href":"https:\/\/api.w.org\/{rel}","templated":true}]}}