{"id":20102,"date":"2026-01-08T12:44:45","date_gmt":"2026-01-08T11:44:45","guid":{"rendered":"https:\/\/www.adecose.com\/?p=20102"},"modified":"2026-01-08T12:44:45","modified_gmt":"2026-01-08T11:44:45","slug":"adecose-cerro-el-ano-2025-con-un-record-en-su-oferta-de-formacion-para-sus-socios","status":"publish","type":"post","link":"https:\/\/www.adecose.com\/en\/adecose-cerro-el-ano-2025-con-un-record-en-su-oferta-de-formacion-para-sus-socios\/","title":{"rendered":"ADECOSE cerr\u00f3 el a\u00f1o 2025 con un r\u00e9cord en su oferta de formaci\u00f3n para sus socios"},"content":{"rendered":"<ul>\n<li><em>ADECOSE proporcion\u00f3 formaci\u00f3n a m\u00e1s de 1.000 profesionales de las corredur\u00edas asociadas y se ofrecieron m\u00e1s de 22 horas de contenido<\/em><\/li>\n<li><em>Adem\u00e1s, a lo largo de 2025 la Asociaci\u00f3n puso a disposici\u00f3n de sus socios 18 documentos jur\u00eddico-pr\u00e1cticos<\/em><em>\u00a0<\/em><\/li>\n<\/ul>\n<p>Durante el a\u00f1o 2025, ADECOSE continu\u00f3 apostando por la formaci\u00f3n para los profesionales de las corredur\u00edas asociadas con el objetivo de ofrecerles el mejor servicio para cumplir con las exigencias normativas del sector. Con este prop\u00f3sito, en el pasado a\u00f1o la Asociaci\u00f3n ofert\u00f3 un excelente programa formativo y puso a disposici\u00f3n de sus socios una extensa documentaci\u00f3n jur\u00eddico-pr\u00e1ctica.<\/p>\n<p>Cada a\u00f1o, con el prop\u00f3sito de satisfacer la creciente demanda de formaci\u00f3n continua por parte de los profesionales del sector, desde ADECOSE se elabora un plan de formaci\u00f3n orientado a abordar los temas de mayor inter\u00e9s para las corredur\u00edas. En 2025, la Asociaci\u00f3n desarroll\u00f3 un programa formativo en el que participaron m\u00e1s de 1.000 profesionales y en el que se ofrecieron m\u00e1s de 22 horas de contenido, obteniendo el r\u00e9cord en n\u00famero de horas de formaci\u00f3n ofertadas por la Asociaci\u00f3n.<\/p>\n<p>Adem\u00e1s, para complementar las necesidades formativas de los socios, la Asociaci\u00f3n celebr\u00f3 la VIII Edici\u00f3n del Programa de Desarrollo Directivo de 80 horas de formaci\u00f3n, que cada a\u00f1o organiza la Fundaci\u00f3n ADECOSE en colaboraci\u00f3n con la Universidad Europea y en cuya convocatoria participaron 40 profesionales de las corredur\u00edas asociadas.<\/p>\n<p>Respecto a la documentaci\u00f3n proporcionada a los socios, a lo largo del pasado a\u00f1o se continu\u00f3 aportando documentos desarrollados por expertos en el \u00e1mbito jur\u00eddico en colaboraci\u00f3n con ADECOSE. En total se facilitaron 18 documentos jur\u00eddico-pr\u00e1cticos con el objetivo de adaptarse a las nuevas normativas que afectan a las corredur\u00edas de seguros. El uso de esta documentaci\u00f3n t\u00e9cnica aporta un valor muy significativo a los socios de ADECOSE, permiti\u00e9ndoles centrarse en su negocio con la seguridad de cumplir con una normativa que cada vez es m\u00e1s compleja y exigente.<\/p>\n<p>Desde la Asociaci\u00f3n,\u00a0muestran su agradecimiento por el apoyo y la confianza depositada por\u00a0todos sus\u00a0socios\u00a0en 2025, que sirve como impulso para continuar mejorando cada d\u00eda y superar las expectativas a\u00f1o tras a\u00f1o.<\/p>\n","protected":false},"excerpt":{"rendered":"<p>ADECOSE proporcion\u00f3 formaci\u00f3n a m\u00e1s de 1.000 profesionales de las corredur\u00edas asociadas y se ofrecieron m\u00e1s de 22 horas de contenido Adem\u00e1s, a lo largo&#8230;<\/p>\n","protected":false},"author":197,"featured_media":20103,"comment_status":"closed","ping_status":"closed","sticky":false,"template":"","format":"standard","meta":{"_acf_changed":false,"_price":"","_stock":"","_tribe_ticket_header":"","_tribe_default_ticket_provider":"","_tribe_ticket_capacity":"0","_ticket_start_date":"","_ticket_end_date":"","_tribe_ticket_show_description":"","_tribe_ticket_show_not_going":false,"_tribe_ticket_use_global_stock":"","_tribe_ticket_global_stock_level":"","_global_stock_mode":"","_global_stock_cap":"","_tribe_rsvp_for_event":"","_tribe_ticket_going_count":"","_tribe_ticket_not_going_count":"","_tribe_tickets_list":"[]","_tribe_ticket_has_attendee_info_fields":false,"footnotes":""},"categories":[2],"tags":[284,671,517,670,518,672,548],"class_list":["post-20102","post","type-post","status-publish","format-standard","has-post-thumbnail","category-noticias","tag-adecose","tag-adecose-formacion","tag-corredurias-de-seguros","tag-formacion-continua","tag-fundacion-adecose","tag-pdd","tag-sector-asegurador"],"acf":[],"yoast_head":"<!-- This site is optimized with the Yoast SEO plugin v27.2 - https:\/\/yoast.com\/product\/yoast-seo-wordpress\/ -->\n<title>ADECOSE cerr\u00f3 el a\u00f1o 2025 con un r\u00e9cord en su oferta de formaci\u00f3n para sus socios - ADECOSE<\/title>\n<meta name=\"robots\" content=\"index, follow, max-snippet:-1, max-image-preview:large, max-video-preview:-1\" \/>\n<link rel=\"canonical\" href=\"https:\/\/www.adecose.com\/adecose-cerro-el-ano-2025-con-un-record-en-su-oferta-de-formacion-para-sus-socios\/\" \/>\n<meta property=\"og:locale\" content=\"en_US\" \/>\n<meta property=\"og:type\" content=\"article\" \/>\n<meta property=\"og:title\" content=\"ADECOSE cerr\u00f3 el a\u00f1o 2025 con un r\u00e9cord en su oferta de formaci\u00f3n para sus socios - ADECOSE\" \/>\n<meta property=\"og:description\" content=\"ADECOSE proporcion\u00f3 formaci\u00f3n a m\u00e1s de 1.000 profesionales de las corredur\u00edas asociadas y se ofrecieron m\u00e1s de 22 horas de contenido Adem\u00e1s, a lo largo...\" \/>\n<meta property=\"og:url\" content=\"https:\/\/www.adecose.com\/adecose-cerro-el-ano-2025-con-un-record-en-su-oferta-de-formacion-para-sus-socios\/\" \/>\n<meta property=\"og:site_name\" content=\"ADECOSE\" \/>\n<meta property=\"article:published_time\" content=\"2026-01-08T11:44:45+00:00\" \/>\n<meta property=\"og:image\" content=\"https:\/\/www.adecose.com\/wp-content\/uploads\/2026\/01\/Formacion-ADECOSE-2025-scaled.jpg\" \/>\n\t<meta property=\"og:image:width\" content=\"2560\" \/>\n\t<meta property=\"og:image:height\" content=\"1440\" \/>\n\t<meta property=\"og:image:type\" content=\"image\/jpeg\" \/>\n<meta name=\"author\" content=\"Comunicaci\u00f3n ADECOSE\" \/>\n<meta name=\"twitter:card\" content=\"summary_large_image\" \/>\n<meta name=\"twitter:label1\" content=\"Written by\" \/>\n\t<meta name=\"twitter:data1\" content=\"Comunicaci\u00f3n ADECOSE\" \/>\n\t<meta name=\"twitter:label2\" content=\"Est. reading time\" \/>\n\t<meta name=\"twitter:data2\" content=\"2 minutes\" \/>\n<script type=\"application\/ld+json\" class=\"yoast-schema-graph\">{\"@context\":\"https:\/\/schema.org\",\"@graph\":[{\"@type\":\"Article\",\"@id\":\"https:\/\/www.adecose.com\/adecose-cerro-el-ano-2025-con-un-record-en-su-oferta-de-formacion-para-sus-socios\/#article\",\"isPartOf\":{\"@id\":\"https:\/\/www.adecose.com\/adecose-cerro-el-ano-2025-con-un-record-en-su-oferta-de-formacion-para-sus-socios\/\"},\"author\":{\"name\":\"Comunicaci\u00f3n ADECOSE\",\"@id\":\"https:\/\/www.adecose.com\/gl\/#\/schema\/person\/ff086ce55f6379e1d225a2c0dca5eeb6\"},\"headline\":\"ADECOSE cerr\u00f3 el a\u00f1o 2025 con un r\u00e9cord en su oferta de formaci\u00f3n para sus socios\",\"datePublished\":\"2026-01-08T11:44:45+00:00\",\"mainEntityOfPage\":{\"@id\":\"https:\/\/www.adecose.com\/adecose-cerro-el-ano-2025-con-un-record-en-su-oferta-de-formacion-para-sus-socios\/\"},\"wordCount\":410,\"publisher\":{\"@id\":\"https:\/\/www.adecose.com\/gl\/#organization\"},\"image\":{\"@id\":\"https:\/\/www.adecose.com\/adecose-cerro-el-ano-2025-con-un-record-en-su-oferta-de-formacion-para-sus-socios\/#primaryimage\"},\"thumbnailUrl\":\"https:\/\/www.adecose.com\/wp-content\/uploads\/2026\/01\/Formacion-ADECOSE-2025-scaled.jpg\",\"keywords\":[\"ADECOSE\",\"ADECOSE Formaci\u00f3n\",\"Corredur\u00edas de seguros\",\"Formaci\u00f3n Continua\",\"Fundaci\u00f3n ADECOSE\",\"PDD\",\"Sector Asegurador\"],\"articleSection\":[\"Noticias\"],\"inLanguage\":\"en-US\"},{\"@type\":\"WebPage\",\"@id\":\"https:\/\/www.adecose.com\/adecose-cerro-el-ano-2025-con-un-record-en-su-oferta-de-formacion-para-sus-socios\/\",\"url\":\"https:\/\/www.adecose.com\/adecose-cerro-el-ano-2025-con-un-record-en-su-oferta-de-formacion-para-sus-socios\/\",\"name\":\"ADECOSE cerr\u00f3 el a\u00f1o 2025 con un r\u00e9cord en su oferta de formaci\u00f3n para sus socios - ADECOSE\",\"isPartOf\":{\"@id\":\"https:\/\/www.adecose.com\/gl\/#website\"},\"primaryImageOfPage\":{\"@id\":\"https:\/\/www.adecose.com\/adecose-cerro-el-ano-2025-con-un-record-en-su-oferta-de-formacion-para-sus-socios\/#primaryimage\"},\"image\":{\"@id\":\"https:\/\/www.adecose.com\/adecose-cerro-el-ano-2025-con-un-record-en-su-oferta-de-formacion-para-sus-socios\/#primaryimage\"},\"thumbnailUrl\":\"https:\/\/www.adecose.com\/wp-content\/uploads\/2026\/01\/Formacion-ADECOSE-2025-scaled.jpg\",\"datePublished\":\"2026-01-08T11:44:45+00:00\",\"breadcrumb\":{\"@id\":\"https:\/\/www.adecose.com\/adecose-cerro-el-ano-2025-con-un-record-en-su-oferta-de-formacion-para-sus-socios\/#breadcrumb\"},\"inLanguage\":\"en-US\",\"potentialAction\":[{\"@type\":\"ReadAction\",\"target\":[\"https:\/\/www.adecose.com\/adecose-cerro-el-ano-2025-con-un-record-en-su-oferta-de-formacion-para-sus-socios\/\"]}]},{\"@type\":\"ImageObject\",\"inLanguage\":\"en-US\",\"@id\":\"https:\/\/www.adecose.com\/adecose-cerro-el-ano-2025-con-un-record-en-su-oferta-de-formacion-para-sus-socios\/#primaryimage\",\"url\":\"https:\/\/www.adecose.com\/wp-content\/uploads\/2026\/01\/Formacion-ADECOSE-2025-scaled.jpg\",\"contentUrl\":\"https:\/\/www.adecose.com\/wp-content\/uploads\/2026\/01\/Formacion-ADECOSE-2025-scaled.jpg\",\"width\":2560,\"height\":1440},{\"@type\":\"BreadcrumbList\",\"@id\":\"https:\/\/www.adecose.com\/adecose-cerro-el-ano-2025-con-un-record-en-su-oferta-de-formacion-para-sus-socios\/#breadcrumb\",\"itemListElement\":[{\"@type\":\"ListItem\",\"position\":1,\"name\":\"Portada\",\"item\":\"https:\/\/www.adecose.com\/en\/\"},{\"@type\":\"ListItem\",\"position\":2,\"name\":\"ADECOSE cerr\u00f3 el a\u00f1o 2025 con un r\u00e9cord en su oferta de formaci\u00f3n para sus socios\"}]},{\"@type\":\"WebSite\",\"@id\":\"https:\/\/www.adecose.com\/gl\/#website\",\"url\":\"https:\/\/www.adecose.com\/gl\/\",\"name\":\"ADECOSE\",\"description\":\"Spanish Association of Insurance and Reinsurance Brokers\",\"publisher\":{\"@id\":\"https:\/\/www.adecose.com\/gl\/#organization\"},\"potentialAction\":[{\"@type\":\"SearchAction\",\"target\":{\"@type\":\"EntryPoint\",\"urlTemplate\":\"https:\/\/www.adecose.com\/gl\/?s={search_term_string}\"},\"query-input\":{\"@type\":\"PropertyValueSpecification\",\"valueRequired\":true,\"valueName\":\"search_term_string\"}}],\"inLanguage\":\"en-US\"},{\"@type\":\"Organization\",\"@id\":\"https:\/\/www.adecose.com\/gl\/#organization\",\"name\":\"ADECOSE\",\"url\":\"https:\/\/www.adecose.com\/gl\/\",\"logo\":{\"@type\":\"ImageObject\",\"inLanguage\":\"en-US\",\"@id\":\"https:\/\/www.adecose.com\/gl\/#\/schema\/logo\/image\/\",\"url\":\"https:\/\/www.adecose.com\/wp-content\/uploads\/2020\/07\/favicon.png\",\"contentUrl\":\"https:\/\/www.adecose.com\/wp-content\/uploads\/2020\/07\/favicon.png\",\"width\":512,\"height\":512,\"caption\":\"ADECOSE\"},\"image\":{\"@id\":\"https:\/\/www.adecose.com\/gl\/#\/schema\/logo\/image\/\"}},{\"@type\":\"Person\",\"@id\":\"https:\/\/www.adecose.com\/gl\/#\/schema\/person\/ff086ce55f6379e1d225a2c0dca5eeb6\",\"name\":\"Comunicaci\u00f3n ADECOSE\",\"image\":{\"@type\":\"ImageObject\",\"inLanguage\":\"en-US\",\"@id\":\"https:\/\/secure.gravatar.com\/avatar\/01cd1f9571997441bf1da6d1cc147351305f03fe8f2acf1ebbec60ebb26924ce?s=96&d=mm&r=g\",\"url\":\"https:\/\/secure.gravatar.com\/avatar\/01cd1f9571997441bf1da6d1cc147351305f03fe8f2acf1ebbec60ebb26924ce?s=96&d=mm&r=g\",\"contentUrl\":\"https:\/\/secure.gravatar.com\/avatar\/01cd1f9571997441bf1da6d1cc147351305f03fe8f2acf1ebbec60ebb26924ce?s=96&d=mm&r=g\",\"caption\":\"Comunicaci\u00f3n ADECOSE\"}}]}<\/script>\n<!-- \/ Yoast SEO plugin. -->","yoast_head_json":{"title":"ADECOSE cerr\u00f3 el a\u00f1o 2025 con un r\u00e9cord en su oferta de formaci\u00f3n para sus socios - ADECOSE","robots":{"index":"index","follow":"follow","max-snippet":"max-snippet:-1","max-image-preview":"max-image-preview:large","max-video-preview":"max-video-preview:-1"},"canonical":"https:\/\/www.adecose.com\/adecose-cerro-el-ano-2025-con-un-record-en-su-oferta-de-formacion-para-sus-socios\/","og_locale":"en_US","og_type":"article","og_title":"ADECOSE cerr\u00f3 el a\u00f1o 2025 con un r\u00e9cord en su oferta de formaci\u00f3n para sus socios - ADECOSE","og_description":"ADECOSE proporcion\u00f3 formaci\u00f3n a m\u00e1s de 1.000 profesionales de las corredur\u00edas asociadas y se ofrecieron m\u00e1s de 22 horas de contenido Adem\u00e1s, a lo largo...","og_url":"https:\/\/www.adecose.com\/adecose-cerro-el-ano-2025-con-un-record-en-su-oferta-de-formacion-para-sus-socios\/","og_site_name":"ADECOSE","article_published_time":"2026-01-08T11:44:45+00:00","og_image":[{"width":2560,"height":1440,"url":"https:\/\/www.adecose.com\/wp-content\/uploads\/2026\/01\/Formacion-ADECOSE-2025-scaled.jpg","type":"image\/jpeg"}],"author":"Comunicaci\u00f3n ADECOSE","twitter_card":"summary_large_image","twitter_misc":{"Written by":"Comunicaci\u00f3n ADECOSE","Est. reading time":"2 minutes"},"schema":{"@context":"https:\/\/schema.org","@graph":[{"@type":"Article","@id":"https:\/\/www.adecose.com\/adecose-cerro-el-ano-2025-con-un-record-en-su-oferta-de-formacion-para-sus-socios\/#article","isPartOf":{"@id":"https:\/\/www.adecose.com\/adecose-cerro-el-ano-2025-con-un-record-en-su-oferta-de-formacion-para-sus-socios\/"},"author":{"name":"Comunicaci\u00f3n ADECOSE","@id":"https:\/\/www.adecose.com\/gl\/#\/schema\/person\/ff086ce55f6379e1d225a2c0dca5eeb6"},"headline":"ADECOSE cerr\u00f3 el a\u00f1o 2025 con un r\u00e9cord en su oferta de formaci\u00f3n para sus socios","datePublished":"2026-01-08T11:44:45+00:00","mainEntityOfPage":{"@id":"https:\/\/www.adecose.com\/adecose-cerro-el-ano-2025-con-un-record-en-su-oferta-de-formacion-para-sus-socios\/"},"wordCount":410,"publisher":{"@id":"https:\/\/www.adecose.com\/gl\/#organization"},"image":{"@id":"https:\/\/www.adecose.com\/adecose-cerro-el-ano-2025-con-un-record-en-su-oferta-de-formacion-para-sus-socios\/#primaryimage"},"thumbnailUrl":"https:\/\/www.adecose.com\/wp-content\/uploads\/2026\/01\/Formacion-ADECOSE-2025-scaled.jpg","keywords":["ADECOSE","ADECOSE Formaci\u00f3n","Corredur\u00edas de seguros","Formaci\u00f3n Continua","Fundaci\u00f3n ADECOSE","PDD","Sector Asegurador"],"articleSection":["Noticias"],"inLanguage":"en-US"},{"@type":"WebPage","@id":"https:\/\/www.adecose.com\/adecose-cerro-el-ano-2025-con-un-record-en-su-oferta-de-formacion-para-sus-socios\/","url":"https:\/\/www.adecose.com\/adecose-cerro-el-ano-2025-con-un-record-en-su-oferta-de-formacion-para-sus-socios\/","name":"ADECOSE cerr\u00f3 el a\u00f1o 2025 con un r\u00e9cord en su oferta de formaci\u00f3n para sus socios - ADECOSE","isPartOf":{"@id":"https:\/\/www.adecose.com\/gl\/#website"},"primaryImageOfPage":{"@id":"https:\/\/www.adecose.com\/adecose-cerro-el-ano-2025-con-un-record-en-su-oferta-de-formacion-para-sus-socios\/#primaryimage"},"image":{"@id":"https:\/\/www.adecose.com\/adecose-cerro-el-ano-2025-con-un-record-en-su-oferta-de-formacion-para-sus-socios\/#primaryimage"},"thumbnailUrl":"https:\/\/www.adecose.com\/wp-content\/uploads\/2026\/01\/Formacion-ADECOSE-2025-scaled.jpg","datePublished":"2026-01-08T11:44:45+00:00","breadcrumb":{"@id":"https:\/\/www.adecose.com\/adecose-cerro-el-ano-2025-con-un-record-en-su-oferta-de-formacion-para-sus-socios\/#breadcrumb"},"inLanguage":"en-US","potentialAction":[{"@type":"ReadAction","target":["https:\/\/www.adecose.com\/adecose-cerro-el-ano-2025-con-un-record-en-su-oferta-de-formacion-para-sus-socios\/"]}]},{"@type":"ImageObject","inLanguage":"en-US","@id":"https:\/\/www.adecose.com\/adecose-cerro-el-ano-2025-con-un-record-en-su-oferta-de-formacion-para-sus-socios\/#primaryimage","url":"https:\/\/www.adecose.com\/wp-content\/uploads\/2026\/01\/Formacion-ADECOSE-2025-scaled.jpg","contentUrl":"https:\/\/www.adecose.com\/wp-content\/uploads\/2026\/01\/Formacion-ADECOSE-2025-scaled.jpg","width":2560,"height":1440},{"@type":"BreadcrumbList","@id":"https:\/\/www.adecose.com\/adecose-cerro-el-ano-2025-con-un-record-en-su-oferta-de-formacion-para-sus-socios\/#breadcrumb","itemListElement":[{"@type":"ListItem","position":1,"name":"Portada","item":"https:\/\/www.adecose.com\/en\/"},{"@type":"ListItem","position":2,"name":"ADECOSE cerr\u00f3 el a\u00f1o 2025 con un r\u00e9cord en su oferta de formaci\u00f3n para sus socios"}]},{"@type":"WebSite","@id":"https:\/\/www.adecose.com\/gl\/#website","url":"https:\/\/www.adecose.com\/gl\/","name":"ADECOSE","description":"Spanish Association of Insurance and Reinsurance Brokers","publisher":{"@id":"https:\/\/www.adecose.com\/gl\/#organization"},"potentialAction":[{"@type":"SearchAction","target":{"@type":"EntryPoint","urlTemplate":"https:\/\/www.adecose.com\/gl\/?s={search_term_string}"},"query-input":{"@type":"PropertyValueSpecification","valueRequired":true,"valueName":"search_term_string"}}],"inLanguage":"en-US"},{"@type":"Organization","@id":"https:\/\/www.adecose.com\/gl\/#organization","name":"ADECOSE","url":"https:\/\/www.adecose.com\/gl\/","logo":{"@type":"ImageObject","inLanguage":"en-US","@id":"https:\/\/www.adecose.com\/gl\/#\/schema\/logo\/image\/","url":"https:\/\/www.adecose.com\/wp-content\/uploads\/2020\/07\/favicon.png","contentUrl":"https:\/\/www.adecose.com\/wp-content\/uploads\/2020\/07\/favicon.png","width":512,"height":512,"caption":"ADECOSE"},"image":{"@id":"https:\/\/www.adecose.com\/gl\/#\/schema\/logo\/image\/"}},{"@type":"Person","@id":"https:\/\/www.adecose.com\/gl\/#\/schema\/person\/ff086ce55f6379e1d225a2c0dca5eeb6","name":"Comunicaci\u00f3n ADECOSE","image":{"@type":"ImageObject","inLanguage":"en-US","@id":"https:\/\/secure.gravatar.com\/avatar\/01cd1f9571997441bf1da6d1cc147351305f03fe8f2acf1ebbec60ebb26924ce?s=96&d=mm&r=g","url":"https:\/\/secure.gravatar.com\/avatar\/01cd1f9571997441bf1da6d1cc147351305f03fe8f2acf1ebbec60ebb26924ce?s=96&d=mm&r=g","contentUrl":"https:\/\/secure.gravatar.com\/avatar\/01cd1f9571997441bf1da6d1cc147351305f03fe8f2acf1ebbec60ebb26924ce?s=96&d=mm&r=g","caption":"Comunicaci\u00f3n ADECOSE"}}]}},"_links":{"self":[{"href":"https:\/\/www.adecose.com\/en\/wp-json\/wp\/v2\/posts\/20102","targetHints":{"allow":["GET"]}}],"collection":[{"href":"https:\/\/www.adecose.com\/en\/wp-json\/wp\/v2\/posts"}],"about":[{"href":"https:\/\/www.adecose.com\/en\/wp-json\/wp\/v2\/types\/post"}],"author":[{"embeddable":true,"href":"https:\/\/www.adecose.com\/en\/wp-json\/wp\/v2\/users\/197"}],"replies":[{"embeddable":true,"href":"https:\/\/www.adecose.com\/en\/wp-json\/wp\/v2\/comments?post=20102"}],"version-history":[{"count":0,"href":"https:\/\/www.adecose.com\/en\/wp-json\/wp\/v2\/posts\/20102\/revisions"}],"wp:featuredmedia":[{"embeddable":true,"href":"https:\/\/www.adecose.com\/en\/wp-json\/wp\/v2\/media\/20103"}],"wp:attachment":[{"href":"https:\/\/www.adecose.com\/en\/wp-json\/wp\/v2\/media?parent=20102"}],"wp:term":[{"taxonomy":"category","embeddable":true,"href":"https:\/\/www.adecose.com\/en\/wp-json\/wp\/v2\/categories?post=20102"},{"taxonomy":"post_tag","embeddable":true,"href":"https:\/\/www.adecose.com\/en\/wp-json\/wp\/v2\/tags?post=20102"}],"curies":[{"name":"wp","href":"https:\/\/api.w.org\/{rel}","templated":true}]}}