{"id":20043,"date":"2025-12-15T16:46:11","date_gmt":"2025-12-15T15:46:11","guid":{"rendered":"https:\/\/www.adecose.com\/?p=20043"},"modified":"2025-12-15T17:25:10","modified_gmt":"2025-12-15T16:25:10","slug":"la-junta-directiva-de-adecose-aprueba-la-incorporacion-de-h-correduria-de-seguros-segumed-y-alcanza-los-175-miembros","status":"publish","type":"post","link":"https:\/\/www.adecose.com\/en\/la-junta-directiva-de-adecose-aprueba-la-incorporacion-de-h-correduria-de-seguros-segumed-y-alcanza-los-175-miembros\/","title":{"rendered":"La Junta Directiva de ADECOSE aprueba la incorporaci\u00f3n de H+ Corredur\u00eda de seguros (Segumed) y alcanza los 175 miembros"},"content":{"rendered":"<ul>\n<li><em>La Asociaci\u00f3n celebr\u00f3 el pasado 10 de diciembre la reuni\u00f3n mensual de su Junta Directiva, en la que se desarrollaron los temas en los que la Asociaci\u00f3n est\u00e1 trabajando<\/em><\/li>\n<\/ul>\n<p>La Junta Directiva de ADECOSE celebr\u00f3 su reuni\u00f3n mensual el pasado 10 de diciembre, en la que se aprob\u00f3 la incorporaci\u00f3n de H+\u00a0 Corredur\u00eda de seguros (Segumed), con lo que ADECOSE alcanza la cifra de 175 miembros. A lo largo del encuentro se abordaron tambi\u00e9n las actividades e iniciativas en las que tanto la Asociaci\u00f3n como Fundaci\u00f3n ADECOSE est\u00e1n trabajando.<\/p>\n<p>Durante el encuentro, se abord\u00f3 el lanzamiento de la convocatoria de la IX Edici\u00f3n del Programa de Desarrollo Directivo (PDD), que cada a\u00f1o organiza Fundaci\u00f3n ADECOSE en colaboraci\u00f3n con la Universidad Europea de Madrid (UEM). Adem\u00e1s, se trat\u00f3 el \u00e9xito de participaci\u00f3n en las encuestas de la XVII Edici\u00f3n del Bar\u00f3metro ADECOSE 2025, cuyos resultados se presentar\u00e1n al sector el pr\u00f3ximo 10 de febrero, en la que se ha obtenido un total de 1.606 respuestas, un 6% m\u00e1s que en la anterior edici\u00f3n.<\/p>\n<p>En cuanto a la labor de ADECOSE en el \u00e1mbito nacional, se expuso la participaci\u00f3n de la Asociaci\u00f3n en las consultas p\u00fablicas remitidas por la Junta Consultiva de Seguros y Fondos de Pensiones de la Direcci\u00f3n General de Seguros y Fondos de Pensiones, en el marco de la participaci\u00f3n de la vicepresidenta Carmina Homs como Vocal en dicha Junta. Tambi\u00e9n, se valor\u00f3 muy positivamente la publicaci\u00f3n de la Memoria de Reclamaciones de la DGFSP en la que se ha establecido como criterio de buenas pr\u00e1cticas considerar que el paso de un seguro colectivo, por ejemplo, de trabajadores de una empresa o de otra \u00edndole, a uno individual, para extrabajadores, jubilados, cualesquiera otros asegurados o beneficiarios de ese contrato colectivo, no debe dar lugar a la realizaci\u00f3n de un nuevo cuestionario de salud ni a la inclusi\u00f3n de nuevas carencias.<\/p>\n<p>Adem\u00e1s, se hizo especial seguimiento de\u00a0 la Ley de Servicios de Atenci\u00f3n a la Clientela recientemente aprobada en el Congreso de los Diputados que la Asociaci\u00f3n ha seguido con especial inter\u00e9s, presentando una propuesta de enmienda para excluir a las corredur\u00edas de seguros del deber\u00a0de \u201cgarantizar la prestaci\u00f3n de un servicio de una atenci\u00f3n de forma continuada las 24 horas del d\u00eda todos los d\u00edas del a\u00f1o, cuando sea necesario para atender las quejas o reclamaciones derivadas de la desatenci\u00f3n de las incidencias relativas al mantenimiento de aquellos servicios que exijan una prestaci\u00f3n continuada\u201d.<\/p>\n<p>Por otro lado, en relaci\u00f3n con el \u00e1mbito regulatorio europeo, se inform\u00f3 de la reuni\u00f3n que el director gerente mantuvo con el consejero de Asuntos Econ\u00f3micos y Financieros de la Representaci\u00f3n Permanente de Espa\u00f1a ante la Uni\u00f3n Europea en Bruselas y la \u00faltima reuni\u00f3n del Comit\u00e9 de directores de BIPAR, en las que se incidi\u00f3 especialmente en la evoluci\u00f3n de la tramitaci\u00f3n de la Estrategia de Inversi\u00f3n Minorista (RIS).<\/p>\n<p>&nbsp;<\/p>\n<p>&nbsp;<\/p>\n","protected":false},"excerpt":{"rendered":"<p>La Asociaci\u00f3n celebr\u00f3 el pasado 10 de diciembre la reuni\u00f3n mensual de su Junta Directiva, en la que se desarrollaron los temas en los que&#8230;<\/p>\n","protected":false},"author":197,"featured_media":20044,"comment_status":"closed","ping_status":"closed","sticky":false,"template":"","format":"standard","meta":{"_acf_changed":false,"_price":"","_stock":"","_tribe_ticket_header":"","_tribe_default_ticket_provider":"","_tribe_ticket_capacity":"0","_ticket_start_date":"","_ticket_end_date":"","_tribe_ticket_show_description":"","_tribe_ticket_show_not_going":false,"_tribe_ticket_use_global_stock":"","_tribe_ticket_global_stock_level":"","_global_stock_mode":"","_global_stock_cap":"","_tribe_rsvp_for_event":"","_tribe_ticket_going_count":"","_tribe_ticket_not_going_count":"","_tribe_tickets_list":"[]","_tribe_ticket_has_attendee_info_fields":false,"footnotes":""},"categories":[2],"tags":[284,517,512,225,381,661],"class_list":["post-20043","post","type-post","status-publish","format-standard","has-post-thumbnail","category-noticias","tag-adecose","tag-corredurias-de-seguros","tag-incorporaciones","tag-junta-directiva","tag-lobby","tag-regulacion-europea"],"acf":[],"yoast_head":"<!-- This site is optimized with the Yoast SEO plugin v27.2 - https:\/\/yoast.com\/product\/yoast-seo-wordpress\/ -->\n<title>La Junta Directiva de ADECOSE aprueba la incorporaci\u00f3n de H+ Corredur\u00eda de seguros (Segumed) y alcanza los 175 miembros - ADECOSE<\/title>\n<meta name=\"robots\" content=\"index, follow, max-snippet:-1, max-image-preview:large, max-video-preview:-1\" \/>\n<link rel=\"canonical\" href=\"https:\/\/www.adecose.com\/la-junta-directiva-de-adecose-aprueba-la-incorporacion-de-h-correduria-de-seguros-segumed-y-alcanza-los-175-miembros\/\" \/>\n<meta property=\"og:locale\" content=\"en_US\" \/>\n<meta property=\"og:type\" content=\"article\" \/>\n<meta property=\"og:title\" content=\"La Junta Directiva de ADECOSE aprueba la incorporaci\u00f3n de H+ Corredur\u00eda de seguros (Segumed) y alcanza los 175 miembros - ADECOSE\" \/>\n<meta property=\"og:description\" content=\"La Asociaci\u00f3n celebr\u00f3 el pasado 10 de diciembre la reuni\u00f3n mensual de su Junta Directiva, en la que se desarrollaron los temas en los que...\" \/>\n<meta property=\"og:url\" content=\"https:\/\/www.adecose.com\/la-junta-directiva-de-adecose-aprueba-la-incorporacion-de-h-correduria-de-seguros-segumed-y-alcanza-los-175-miembros\/\" \/>\n<meta property=\"og:site_name\" content=\"ADECOSE\" \/>\n<meta property=\"article:published_time\" content=\"2025-12-15T15:46:11+00:00\" \/>\n<meta property=\"article:modified_time\" content=\"2025-12-15T16:25:10+00:00\" \/>\n<meta property=\"og:image\" content=\"https:\/\/www.adecose.com\/wp-content\/uploads\/2025\/12\/Bienvenidos@4x-100.jpg\" \/>\n\t<meta property=\"og:image:width\" content=\"2524\" \/>\n\t<meta property=\"og:image:height\" content=\"1684\" \/>\n\t<meta property=\"og:image:type\" content=\"image\/jpeg\" \/>\n<meta name=\"author\" content=\"Comunicaci\u00f3n ADECOSE\" \/>\n<meta name=\"twitter:card\" content=\"summary_large_image\" \/>\n<meta name=\"twitter:label1\" content=\"Written by\" \/>\n\t<meta name=\"twitter:data1\" content=\"Comunicaci\u00f3n ADECOSE\" \/>\n\t<meta name=\"twitter:label2\" content=\"Est. reading time\" \/>\n\t<meta name=\"twitter:data2\" content=\"3 minutes\" \/>\n<script type=\"application\/ld+json\" class=\"yoast-schema-graph\">{\"@context\":\"https:\/\/schema.org\",\"@graph\":[{\"@type\":\"Article\",\"@id\":\"https:\/\/www.adecose.com\/la-junta-directiva-de-adecose-aprueba-la-incorporacion-de-h-correduria-de-seguros-segumed-y-alcanza-los-175-miembros\/#article\",\"isPartOf\":{\"@id\":\"https:\/\/www.adecose.com\/la-junta-directiva-de-adecose-aprueba-la-incorporacion-de-h-correduria-de-seguros-segumed-y-alcanza-los-175-miembros\/\"},\"author\":{\"name\":\"Comunicaci\u00f3n ADECOSE\",\"@id\":\"https:\/\/www.adecose.com\/gl\/#\/schema\/person\/ff086ce55f6379e1d225a2c0dca5eeb6\"},\"headline\":\"La Junta Directiva de ADECOSE aprueba la incorporaci\u00f3n de H+ Corredur\u00eda de seguros (Segumed) y alcanza los 175 miembros\",\"datePublished\":\"2025-12-15T15:46:11+00:00\",\"dateModified\":\"2025-12-15T16:25:10+00:00\",\"mainEntityOfPage\":{\"@id\":\"https:\/\/www.adecose.com\/la-junta-directiva-de-adecose-aprueba-la-incorporacion-de-h-correduria-de-seguros-segumed-y-alcanza-los-175-miembros\/\"},\"wordCount\":543,\"publisher\":{\"@id\":\"https:\/\/www.adecose.com\/gl\/#organization\"},\"image\":{\"@id\":\"https:\/\/www.adecose.com\/la-junta-directiva-de-adecose-aprueba-la-incorporacion-de-h-correduria-de-seguros-segumed-y-alcanza-los-175-miembros\/#primaryimage\"},\"thumbnailUrl\":\"https:\/\/www.adecose.com\/wp-content\/uploads\/2025\/12\/Bienvenidos@4x-100.jpg\",\"keywords\":[\"ADECOSE\",\"Corredur\u00edas de seguros\",\"Incorporaciones\",\"Junta Directiva\",\"Lobby\",\"Regulaci\u00f3n Europea\"],\"articleSection\":[\"Noticias\"],\"inLanguage\":\"en-US\"},{\"@type\":\"WebPage\",\"@id\":\"https:\/\/www.adecose.com\/la-junta-directiva-de-adecose-aprueba-la-incorporacion-de-h-correduria-de-seguros-segumed-y-alcanza-los-175-miembros\/\",\"url\":\"https:\/\/www.adecose.com\/la-junta-directiva-de-adecose-aprueba-la-incorporacion-de-h-correduria-de-seguros-segumed-y-alcanza-los-175-miembros\/\",\"name\":\"La Junta Directiva de ADECOSE aprueba la incorporaci\u00f3n de H+ Corredur\u00eda de seguros (Segumed) y alcanza los 175 miembros - ADECOSE\",\"isPartOf\":{\"@id\":\"https:\/\/www.adecose.com\/gl\/#website\"},\"primaryImageOfPage\":{\"@id\":\"https:\/\/www.adecose.com\/la-junta-directiva-de-adecose-aprueba-la-incorporacion-de-h-correduria-de-seguros-segumed-y-alcanza-los-175-miembros\/#primaryimage\"},\"image\":{\"@id\":\"https:\/\/www.adecose.com\/la-junta-directiva-de-adecose-aprueba-la-incorporacion-de-h-correduria-de-seguros-segumed-y-alcanza-los-175-miembros\/#primaryimage\"},\"thumbnailUrl\":\"https:\/\/www.adecose.com\/wp-content\/uploads\/2025\/12\/Bienvenidos@4x-100.jpg\",\"datePublished\":\"2025-12-15T15:46:11+00:00\",\"dateModified\":\"2025-12-15T16:25:10+00:00\",\"breadcrumb\":{\"@id\":\"https:\/\/www.adecose.com\/la-junta-directiva-de-adecose-aprueba-la-incorporacion-de-h-correduria-de-seguros-segumed-y-alcanza-los-175-miembros\/#breadcrumb\"},\"inLanguage\":\"en-US\",\"potentialAction\":[{\"@type\":\"ReadAction\",\"target\":[\"https:\/\/www.adecose.com\/la-junta-directiva-de-adecose-aprueba-la-incorporacion-de-h-correduria-de-seguros-segumed-y-alcanza-los-175-miembros\/\"]}]},{\"@type\":\"ImageObject\",\"inLanguage\":\"en-US\",\"@id\":\"https:\/\/www.adecose.com\/la-junta-directiva-de-adecose-aprueba-la-incorporacion-de-h-correduria-de-seguros-segumed-y-alcanza-los-175-miembros\/#primaryimage\",\"url\":\"https:\/\/www.adecose.com\/wp-content\/uploads\/2025\/12\/Bienvenidos@4x-100.jpg\",\"contentUrl\":\"https:\/\/www.adecose.com\/wp-content\/uploads\/2025\/12\/Bienvenidos@4x-100.jpg\",\"width\":2524,\"height\":1684},{\"@type\":\"BreadcrumbList\",\"@id\":\"https:\/\/www.adecose.com\/la-junta-directiva-de-adecose-aprueba-la-incorporacion-de-h-correduria-de-seguros-segumed-y-alcanza-los-175-miembros\/#breadcrumb\",\"itemListElement\":[{\"@type\":\"ListItem\",\"position\":1,\"name\":\"Portada\",\"item\":\"https:\/\/www.adecose.com\/en\/\"},{\"@type\":\"ListItem\",\"position\":2,\"name\":\"La Junta Directiva de ADECOSE aprueba la incorporaci\u00f3n de H+ Corredur\u00eda de seguros (Segumed) y alcanza los 175 miembros\"}]},{\"@type\":\"WebSite\",\"@id\":\"https:\/\/www.adecose.com\/gl\/#website\",\"url\":\"https:\/\/www.adecose.com\/gl\/\",\"name\":\"ADECOSE\",\"description\":\"Spanish Association of Insurance and Reinsurance Brokers\",\"publisher\":{\"@id\":\"https:\/\/www.adecose.com\/gl\/#organization\"},\"potentialAction\":[{\"@type\":\"SearchAction\",\"target\":{\"@type\":\"EntryPoint\",\"urlTemplate\":\"https:\/\/www.adecose.com\/gl\/?s={search_term_string}\"},\"query-input\":{\"@type\":\"PropertyValueSpecification\",\"valueRequired\":true,\"valueName\":\"search_term_string\"}}],\"inLanguage\":\"en-US\"},{\"@type\":\"Organization\",\"@id\":\"https:\/\/www.adecose.com\/gl\/#organization\",\"name\":\"ADECOSE\",\"url\":\"https:\/\/www.adecose.com\/gl\/\",\"logo\":{\"@type\":\"ImageObject\",\"inLanguage\":\"en-US\",\"@id\":\"https:\/\/www.adecose.com\/gl\/#\/schema\/logo\/image\/\",\"url\":\"https:\/\/www.adecose.com\/wp-content\/uploads\/2020\/07\/favicon.png\",\"contentUrl\":\"https:\/\/www.adecose.com\/wp-content\/uploads\/2020\/07\/favicon.png\",\"width\":512,\"height\":512,\"caption\":\"ADECOSE\"},\"image\":{\"@id\":\"https:\/\/www.adecose.com\/gl\/#\/schema\/logo\/image\/\"}},{\"@type\":\"Person\",\"@id\":\"https:\/\/www.adecose.com\/gl\/#\/schema\/person\/ff086ce55f6379e1d225a2c0dca5eeb6\",\"name\":\"Comunicaci\u00f3n ADECOSE\",\"image\":{\"@type\":\"ImageObject\",\"inLanguage\":\"en-US\",\"@id\":\"https:\/\/secure.gravatar.com\/avatar\/01cd1f9571997441bf1da6d1cc147351305f03fe8f2acf1ebbec60ebb26924ce?s=96&d=mm&r=g\",\"url\":\"https:\/\/secure.gravatar.com\/avatar\/01cd1f9571997441bf1da6d1cc147351305f03fe8f2acf1ebbec60ebb26924ce?s=96&d=mm&r=g\",\"contentUrl\":\"https:\/\/secure.gravatar.com\/avatar\/01cd1f9571997441bf1da6d1cc147351305f03fe8f2acf1ebbec60ebb26924ce?s=96&d=mm&r=g\",\"caption\":\"Comunicaci\u00f3n ADECOSE\"}}]}<\/script>\n<!-- \/ Yoast SEO plugin. -->","yoast_head_json":{"title":"La Junta Directiva de ADECOSE aprueba la incorporaci\u00f3n de H+ Corredur\u00eda de seguros (Segumed) y alcanza los 175 miembros - ADECOSE","robots":{"index":"index","follow":"follow","max-snippet":"max-snippet:-1","max-image-preview":"max-image-preview:large","max-video-preview":"max-video-preview:-1"},"canonical":"https:\/\/www.adecose.com\/la-junta-directiva-de-adecose-aprueba-la-incorporacion-de-h-correduria-de-seguros-segumed-y-alcanza-los-175-miembros\/","og_locale":"en_US","og_type":"article","og_title":"La Junta Directiva de ADECOSE aprueba la incorporaci\u00f3n de H+ Corredur\u00eda de seguros (Segumed) y alcanza los 175 miembros - ADECOSE","og_description":"La Asociaci\u00f3n celebr\u00f3 el pasado 10 de diciembre la reuni\u00f3n mensual de su Junta Directiva, en la que se desarrollaron los temas en los que...","og_url":"https:\/\/www.adecose.com\/la-junta-directiva-de-adecose-aprueba-la-incorporacion-de-h-correduria-de-seguros-segumed-y-alcanza-los-175-miembros\/","og_site_name":"ADECOSE","article_published_time":"2025-12-15T15:46:11+00:00","article_modified_time":"2025-12-15T16:25:10+00:00","og_image":[{"width":2524,"height":1684,"url":"https:\/\/www.adecose.com\/wp-content\/uploads\/2025\/12\/Bienvenidos@4x-100.jpg","type":"image\/jpeg"}],"author":"Comunicaci\u00f3n ADECOSE","twitter_card":"summary_large_image","twitter_misc":{"Written by":"Comunicaci\u00f3n ADECOSE","Est. reading time":"3 minutes"},"schema":{"@context":"https:\/\/schema.org","@graph":[{"@type":"Article","@id":"https:\/\/www.adecose.com\/la-junta-directiva-de-adecose-aprueba-la-incorporacion-de-h-correduria-de-seguros-segumed-y-alcanza-los-175-miembros\/#article","isPartOf":{"@id":"https:\/\/www.adecose.com\/la-junta-directiva-de-adecose-aprueba-la-incorporacion-de-h-correduria-de-seguros-segumed-y-alcanza-los-175-miembros\/"},"author":{"name":"Comunicaci\u00f3n ADECOSE","@id":"https:\/\/www.adecose.com\/gl\/#\/schema\/person\/ff086ce55f6379e1d225a2c0dca5eeb6"},"headline":"La Junta Directiva de ADECOSE aprueba la incorporaci\u00f3n de H+ Corredur\u00eda de seguros (Segumed) y alcanza los 175 miembros","datePublished":"2025-12-15T15:46:11+00:00","dateModified":"2025-12-15T16:25:10+00:00","mainEntityOfPage":{"@id":"https:\/\/www.adecose.com\/la-junta-directiva-de-adecose-aprueba-la-incorporacion-de-h-correduria-de-seguros-segumed-y-alcanza-los-175-miembros\/"},"wordCount":543,"publisher":{"@id":"https:\/\/www.adecose.com\/gl\/#organization"},"image":{"@id":"https:\/\/www.adecose.com\/la-junta-directiva-de-adecose-aprueba-la-incorporacion-de-h-correduria-de-seguros-segumed-y-alcanza-los-175-miembros\/#primaryimage"},"thumbnailUrl":"https:\/\/www.adecose.com\/wp-content\/uploads\/2025\/12\/Bienvenidos@4x-100.jpg","keywords":["ADECOSE","Corredur\u00edas de seguros","Incorporaciones","Junta Directiva","Lobby","Regulaci\u00f3n Europea"],"articleSection":["Noticias"],"inLanguage":"en-US"},{"@type":"WebPage","@id":"https:\/\/www.adecose.com\/la-junta-directiva-de-adecose-aprueba-la-incorporacion-de-h-correduria-de-seguros-segumed-y-alcanza-los-175-miembros\/","url":"https:\/\/www.adecose.com\/la-junta-directiva-de-adecose-aprueba-la-incorporacion-de-h-correduria-de-seguros-segumed-y-alcanza-los-175-miembros\/","name":"La Junta Directiva de ADECOSE aprueba la incorporaci\u00f3n de H+ Corredur\u00eda de seguros (Segumed) y alcanza los 175 miembros - ADECOSE","isPartOf":{"@id":"https:\/\/www.adecose.com\/gl\/#website"},"primaryImageOfPage":{"@id":"https:\/\/www.adecose.com\/la-junta-directiva-de-adecose-aprueba-la-incorporacion-de-h-correduria-de-seguros-segumed-y-alcanza-los-175-miembros\/#primaryimage"},"image":{"@id":"https:\/\/www.adecose.com\/la-junta-directiva-de-adecose-aprueba-la-incorporacion-de-h-correduria-de-seguros-segumed-y-alcanza-los-175-miembros\/#primaryimage"},"thumbnailUrl":"https:\/\/www.adecose.com\/wp-content\/uploads\/2025\/12\/Bienvenidos@4x-100.jpg","datePublished":"2025-12-15T15:46:11+00:00","dateModified":"2025-12-15T16:25:10+00:00","breadcrumb":{"@id":"https:\/\/www.adecose.com\/la-junta-directiva-de-adecose-aprueba-la-incorporacion-de-h-correduria-de-seguros-segumed-y-alcanza-los-175-miembros\/#breadcrumb"},"inLanguage":"en-US","potentialAction":[{"@type":"ReadAction","target":["https:\/\/www.adecose.com\/la-junta-directiva-de-adecose-aprueba-la-incorporacion-de-h-correduria-de-seguros-segumed-y-alcanza-los-175-miembros\/"]}]},{"@type":"ImageObject","inLanguage":"en-US","@id":"https:\/\/www.adecose.com\/la-junta-directiva-de-adecose-aprueba-la-incorporacion-de-h-correduria-de-seguros-segumed-y-alcanza-los-175-miembros\/#primaryimage","url":"https:\/\/www.adecose.com\/wp-content\/uploads\/2025\/12\/Bienvenidos@4x-100.jpg","contentUrl":"https:\/\/www.adecose.com\/wp-content\/uploads\/2025\/12\/Bienvenidos@4x-100.jpg","width":2524,"height":1684},{"@type":"BreadcrumbList","@id":"https:\/\/www.adecose.com\/la-junta-directiva-de-adecose-aprueba-la-incorporacion-de-h-correduria-de-seguros-segumed-y-alcanza-los-175-miembros\/#breadcrumb","itemListElement":[{"@type":"ListItem","position":1,"name":"Portada","item":"https:\/\/www.adecose.com\/en\/"},{"@type":"ListItem","position":2,"name":"La Junta Directiva de ADECOSE aprueba la incorporaci\u00f3n de H+ Corredur\u00eda de seguros (Segumed) y alcanza los 175 miembros"}]},{"@type":"WebSite","@id":"https:\/\/www.adecose.com\/gl\/#website","url":"https:\/\/www.adecose.com\/gl\/","name":"ADECOSE","description":"Spanish Association of Insurance and Reinsurance Brokers","publisher":{"@id":"https:\/\/www.adecose.com\/gl\/#organization"},"potentialAction":[{"@type":"SearchAction","target":{"@type":"EntryPoint","urlTemplate":"https:\/\/www.adecose.com\/gl\/?s={search_term_string}"},"query-input":{"@type":"PropertyValueSpecification","valueRequired":true,"valueName":"search_term_string"}}],"inLanguage":"en-US"},{"@type":"Organization","@id":"https:\/\/www.adecose.com\/gl\/#organization","name":"ADECOSE","url":"https:\/\/www.adecose.com\/gl\/","logo":{"@type":"ImageObject","inLanguage":"en-US","@id":"https:\/\/www.adecose.com\/gl\/#\/schema\/logo\/image\/","url":"https:\/\/www.adecose.com\/wp-content\/uploads\/2020\/07\/favicon.png","contentUrl":"https:\/\/www.adecose.com\/wp-content\/uploads\/2020\/07\/favicon.png","width":512,"height":512,"caption":"ADECOSE"},"image":{"@id":"https:\/\/www.adecose.com\/gl\/#\/schema\/logo\/image\/"}},{"@type":"Person","@id":"https:\/\/www.adecose.com\/gl\/#\/schema\/person\/ff086ce55f6379e1d225a2c0dca5eeb6","name":"Comunicaci\u00f3n ADECOSE","image":{"@type":"ImageObject","inLanguage":"en-US","@id":"https:\/\/secure.gravatar.com\/avatar\/01cd1f9571997441bf1da6d1cc147351305f03fe8f2acf1ebbec60ebb26924ce?s=96&d=mm&r=g","url":"https:\/\/secure.gravatar.com\/avatar\/01cd1f9571997441bf1da6d1cc147351305f03fe8f2acf1ebbec60ebb26924ce?s=96&d=mm&r=g","contentUrl":"https:\/\/secure.gravatar.com\/avatar\/01cd1f9571997441bf1da6d1cc147351305f03fe8f2acf1ebbec60ebb26924ce?s=96&d=mm&r=g","caption":"Comunicaci\u00f3n ADECOSE"}}]}},"_links":{"self":[{"href":"https:\/\/www.adecose.com\/en\/wp-json\/wp\/v2\/posts\/20043","targetHints":{"allow":["GET"]}}],"collection":[{"href":"https:\/\/www.adecose.com\/en\/wp-json\/wp\/v2\/posts"}],"about":[{"href":"https:\/\/www.adecose.com\/en\/wp-json\/wp\/v2\/types\/post"}],"author":[{"embeddable":true,"href":"https:\/\/www.adecose.com\/en\/wp-json\/wp\/v2\/users\/197"}],"replies":[{"embeddable":true,"href":"https:\/\/www.adecose.com\/en\/wp-json\/wp\/v2\/comments?post=20043"}],"version-history":[{"count":0,"href":"https:\/\/www.adecose.com\/en\/wp-json\/wp\/v2\/posts\/20043\/revisions"}],"wp:featuredmedia":[{"embeddable":true,"href":"https:\/\/www.adecose.com\/en\/wp-json\/wp\/v2\/media\/20044"}],"wp:attachment":[{"href":"https:\/\/www.adecose.com\/en\/wp-json\/wp\/v2\/media?parent=20043"}],"wp:term":[{"taxonomy":"category","embeddable":true,"href":"https:\/\/www.adecose.com\/en\/wp-json\/wp\/v2\/categories?post=20043"},{"taxonomy":"post_tag","embeddable":true,"href":"https:\/\/www.adecose.com\/en\/wp-json\/wp\/v2\/tags?post=20043"}],"curies":[{"name":"wp","href":"https:\/\/api.w.org\/{rel}","templated":true}]}}