{"id":19789,"date":"2025-09-25T15:07:17","date_gmt":"2025-09-25T13:07:17","guid":{"rendered":"https:\/\/www.adecose.com\/?p=19789"},"modified":"2025-09-25T15:07:17","modified_gmt":"2025-09-25T13:07:17","slug":"aon-nombra-a-gerardo-polanco-como-director-general-de-aon-reinsurance-iberia","status":"publish","type":"post","link":"https:\/\/www.adecose.com\/en\/aon-nombra-a-gerardo-polanco-como-director-general-de-aon-reinsurance-iberia\/","title":{"rendered":"Aon nombra a Gerardo Polanco como Director General de Aon Reinsurance Iberia"},"content":{"rendered":"<p>Aon, firma l\u00edder en servicios profesionales a nivel global, ha anunciado el nombramiento de Gerardo Polanco como Director General de Aon Reinsurance Iberia. En su nuevo rol, ser\u00e1 responsable de impulsar el desarrollo de la estrategia de Reaseguros de Aon en esta zona geogr\u00e1fica y fortalecer las capacidades locales en l\u00ednea con los objetivos globales de la firma.<\/p>\n<p>Gerardo Polanco actualmente desempe\u00f1a el cargo de Head of Facultative Reinsurance for Nordics, Benelux, France, Spain and Portugal, y mantendr\u00e1 de forma temporal esta responsabilidad adicional para asegurar una adecuada continuidad operativa.<\/p>\n<p>Con m\u00e1s de 25 a\u00f1os de experiencia en Reaseguros, Gerardo Polanco cuenta con una extensa trayectoria profesional dentro de Aon, que comenz\u00f3 en la oficina de Reaseguros Gil y Carvajal en Londres. Con posterioridad ha ocupado distintos puestos de responsabilidad en el \u00e1rea de Reaseguros Facultativo, entre ellos la Direcci\u00f3n del negocio Facultativo para Iberia y, m\u00e1s recientemente, \u00a0el puesto de Responsable de Reaseguro Facultativo para Pa\u00edses N\u00f3rdicos, Benelux, Francia, Espa\u00f1a y Portugal.<\/p>\n<p>Alfonso Valera, CEO de International for Reinsurance de Aon, afirma: \u201cEstoy convencido de que este nombramiento representa un paso clave para seguir construyendo sobre nuestra s\u00f3lida trayectoria, reforzando la colaboraci\u00f3n entre geograf\u00edas, l\u00edneas de negocio y especialidades, siempre con el foco puesto en ofrecer un servicio de excelencia a nuestros clientes\u201d.<\/p>\n","protected":false},"excerpt":{"rendered":"<p>Aon, firma l\u00edder en servicios profesionales a nivel global, ha anunciado el nombramiento de Gerardo Polanco como Director General de Aon Reinsurance Iberia. En su&#8230;<\/p>\n","protected":false},"author":197,"featured_media":19790,"comment_status":"closed","ping_status":"closed","sticky":false,"template":"","format":"standard","meta":{"_acf_changed":false,"_price":"","_stock":"","_tribe_ticket_header":"","_tribe_default_ticket_provider":"","_tribe_ticket_capacity":"0","_ticket_start_date":"","_ticket_end_date":"","_tribe_ticket_show_description":"","_tribe_ticket_show_not_going":false,"_tribe_ticket_use_global_stock":"","_tribe_ticket_global_stock_level":"","_global_stock_mode":"","_global_stock_cap":"","_tribe_rsvp_for_event":"","_tribe_ticket_going_count":"","_tribe_ticket_not_going_count":"","_tribe_tickets_list":"[]","_tribe_ticket_has_attendee_info_fields":false,"footnotes":""},"categories":[339],"tags":[395,618,499,619],"class_list":["post-19789","post","type-post","status-publish","format-standard","has-post-thumbnail","category-espacio-correduriasadecose","tag-aon","tag-aon-reinsurance-iberia","tag-nombramientos","tag-reaseguro"],"acf":[],"yoast_head":"<!-- This site is optimized with the Yoast SEO plugin v27.2 - https:\/\/yoast.com\/product\/yoast-seo-wordpress\/ -->\n<title>Aon nombra a Gerardo Polanco como Director General de Aon Reinsurance Iberia - ADECOSE<\/title>\n<meta name=\"robots\" content=\"index, follow, max-snippet:-1, max-image-preview:large, max-video-preview:-1\" \/>\n<link rel=\"canonical\" href=\"https:\/\/www.adecose.com\/aon-nombra-a-gerardo-polanco-como-director-general-de-aon-reinsurance-iberia\/\" \/>\n<meta property=\"og:locale\" content=\"en_US\" \/>\n<meta property=\"og:type\" content=\"article\" \/>\n<meta property=\"og:title\" content=\"Aon nombra a Gerardo Polanco como Director General de Aon Reinsurance Iberia - ADECOSE\" \/>\n<meta property=\"og:description\" content=\"Aon, firma l\u00edder en servicios profesionales a nivel global, ha anunciado el nombramiento de Gerardo Polanco como Director General de Aon Reinsurance Iberia. En su...\" \/>\n<meta property=\"og:url\" content=\"https:\/\/www.adecose.com\/aon-nombra-a-gerardo-polanco-como-director-general-de-aon-reinsurance-iberia\/\" \/>\n<meta property=\"og:site_name\" content=\"ADECOSE\" \/>\n<meta property=\"article:published_time\" content=\"2025-09-25T13:07:17+00:00\" \/>\n<meta property=\"og:image\" content=\"https:\/\/www.adecose.com\/wp-content\/uploads\/2025\/09\/Gerardo-Polanco-Aon.jpg\" \/>\n\t<meta property=\"og:image:width\" content=\"1920\" \/>\n\t<meta property=\"og:image:height\" content=\"1080\" \/>\n\t<meta property=\"og:image:type\" content=\"image\/jpeg\" \/>\n<meta name=\"author\" content=\"Comunicaci\u00f3n ADECOSE\" \/>\n<meta name=\"twitter:card\" content=\"summary_large_image\" \/>\n<meta name=\"twitter:label1\" content=\"Written by\" \/>\n\t<meta name=\"twitter:data1\" content=\"Comunicaci\u00f3n ADECOSE\" \/>\n\t<meta name=\"twitter:label2\" content=\"Est. reading time\" \/>\n\t<meta name=\"twitter:data2\" content=\"2 minutes\" \/>\n<script type=\"application\/ld+json\" class=\"yoast-schema-graph\">{\"@context\":\"https:\/\/schema.org\",\"@graph\":[{\"@type\":\"Article\",\"@id\":\"https:\/\/www.adecose.com\/aon-nombra-a-gerardo-polanco-como-director-general-de-aon-reinsurance-iberia\/#article\",\"isPartOf\":{\"@id\":\"https:\/\/www.adecose.com\/aon-nombra-a-gerardo-polanco-como-director-general-de-aon-reinsurance-iberia\/\"},\"author\":{\"name\":\"Comunicaci\u00f3n ADECOSE\",\"@id\":\"https:\/\/www.adecose.com\/gl\/#\/schema\/person\/ff086ce55f6379e1d225a2c0dca5eeb6\"},\"headline\":\"Aon nombra a Gerardo Polanco como Director General de Aon Reinsurance Iberia\",\"datePublished\":\"2025-09-25T13:07:17+00:00\",\"mainEntityOfPage\":{\"@id\":\"https:\/\/www.adecose.com\/aon-nombra-a-gerardo-polanco-como-director-general-de-aon-reinsurance-iberia\/\"},\"wordCount\":240,\"publisher\":{\"@id\":\"https:\/\/www.adecose.com\/gl\/#organization\"},\"image\":{\"@id\":\"https:\/\/www.adecose.com\/aon-nombra-a-gerardo-polanco-como-director-general-de-aon-reinsurance-iberia\/#primaryimage\"},\"thumbnailUrl\":\"https:\/\/www.adecose.com\/wp-content\/uploads\/2025\/09\/Gerardo-Polanco-Aon.jpg\",\"keywords\":[\"AON\",\"Aon Reinsurance Iberia\",\"Nombramientos\",\"Reaseguro\"],\"articleSection\":[\"Espacio #Corredur\u00edasADECOSE\"],\"inLanguage\":\"en-US\"},{\"@type\":\"WebPage\",\"@id\":\"https:\/\/www.adecose.com\/aon-nombra-a-gerardo-polanco-como-director-general-de-aon-reinsurance-iberia\/\",\"url\":\"https:\/\/www.adecose.com\/aon-nombra-a-gerardo-polanco-como-director-general-de-aon-reinsurance-iberia\/\",\"name\":\"Aon nombra a Gerardo Polanco como Director General de Aon Reinsurance Iberia - ADECOSE\",\"isPartOf\":{\"@id\":\"https:\/\/www.adecose.com\/gl\/#website\"},\"primaryImageOfPage\":{\"@id\":\"https:\/\/www.adecose.com\/aon-nombra-a-gerardo-polanco-como-director-general-de-aon-reinsurance-iberia\/#primaryimage\"},\"image\":{\"@id\":\"https:\/\/www.adecose.com\/aon-nombra-a-gerardo-polanco-como-director-general-de-aon-reinsurance-iberia\/#primaryimage\"},\"thumbnailUrl\":\"https:\/\/www.adecose.com\/wp-content\/uploads\/2025\/09\/Gerardo-Polanco-Aon.jpg\",\"datePublished\":\"2025-09-25T13:07:17+00:00\",\"breadcrumb\":{\"@id\":\"https:\/\/www.adecose.com\/aon-nombra-a-gerardo-polanco-como-director-general-de-aon-reinsurance-iberia\/#breadcrumb\"},\"inLanguage\":\"en-US\",\"potentialAction\":[{\"@type\":\"ReadAction\",\"target\":[\"https:\/\/www.adecose.com\/aon-nombra-a-gerardo-polanco-como-director-general-de-aon-reinsurance-iberia\/\"]}]},{\"@type\":\"ImageObject\",\"inLanguage\":\"en-US\",\"@id\":\"https:\/\/www.adecose.com\/aon-nombra-a-gerardo-polanco-como-director-general-de-aon-reinsurance-iberia\/#primaryimage\",\"url\":\"https:\/\/www.adecose.com\/wp-content\/uploads\/2025\/09\/Gerardo-Polanco-Aon.jpg\",\"contentUrl\":\"https:\/\/www.adecose.com\/wp-content\/uploads\/2025\/09\/Gerardo-Polanco-Aon.jpg\",\"width\":1920,\"height\":1080},{\"@type\":\"BreadcrumbList\",\"@id\":\"https:\/\/www.adecose.com\/aon-nombra-a-gerardo-polanco-como-director-general-de-aon-reinsurance-iberia\/#breadcrumb\",\"itemListElement\":[{\"@type\":\"ListItem\",\"position\":1,\"name\":\"Portada\",\"item\":\"https:\/\/www.adecose.com\/en\/\"},{\"@type\":\"ListItem\",\"position\":2,\"name\":\"Aon nombra a Gerardo Polanco como Director General de Aon Reinsurance Iberia\"}]},{\"@type\":\"WebSite\",\"@id\":\"https:\/\/www.adecose.com\/gl\/#website\",\"url\":\"https:\/\/www.adecose.com\/gl\/\",\"name\":\"ADECOSE\",\"description\":\"Spanish Association of Insurance and Reinsurance Brokers\",\"publisher\":{\"@id\":\"https:\/\/www.adecose.com\/gl\/#organization\"},\"potentialAction\":[{\"@type\":\"SearchAction\",\"target\":{\"@type\":\"EntryPoint\",\"urlTemplate\":\"https:\/\/www.adecose.com\/gl\/?s={search_term_string}\"},\"query-input\":{\"@type\":\"PropertyValueSpecification\",\"valueRequired\":true,\"valueName\":\"search_term_string\"}}],\"inLanguage\":\"en-US\"},{\"@type\":\"Organization\",\"@id\":\"https:\/\/www.adecose.com\/gl\/#organization\",\"name\":\"ADECOSE\",\"url\":\"https:\/\/www.adecose.com\/gl\/\",\"logo\":{\"@type\":\"ImageObject\",\"inLanguage\":\"en-US\",\"@id\":\"https:\/\/www.adecose.com\/gl\/#\/schema\/logo\/image\/\",\"url\":\"https:\/\/www.adecose.com\/wp-content\/uploads\/2020\/07\/favicon.png\",\"contentUrl\":\"https:\/\/www.adecose.com\/wp-content\/uploads\/2020\/07\/favicon.png\",\"width\":512,\"height\":512,\"caption\":\"ADECOSE\"},\"image\":{\"@id\":\"https:\/\/www.adecose.com\/gl\/#\/schema\/logo\/image\/\"}},{\"@type\":\"Person\",\"@id\":\"https:\/\/www.adecose.com\/gl\/#\/schema\/person\/ff086ce55f6379e1d225a2c0dca5eeb6\",\"name\":\"Comunicaci\u00f3n ADECOSE\",\"image\":{\"@type\":\"ImageObject\",\"inLanguage\":\"en-US\",\"@id\":\"https:\/\/secure.gravatar.com\/avatar\/01cd1f9571997441bf1da6d1cc147351305f03fe8f2acf1ebbec60ebb26924ce?s=96&d=mm&r=g\",\"url\":\"https:\/\/secure.gravatar.com\/avatar\/01cd1f9571997441bf1da6d1cc147351305f03fe8f2acf1ebbec60ebb26924ce?s=96&d=mm&r=g\",\"contentUrl\":\"https:\/\/secure.gravatar.com\/avatar\/01cd1f9571997441bf1da6d1cc147351305f03fe8f2acf1ebbec60ebb26924ce?s=96&d=mm&r=g\",\"caption\":\"Comunicaci\u00f3n ADECOSE\"}}]}<\/script>\n<!-- \/ Yoast SEO plugin. -->","yoast_head_json":{"title":"Aon nombra a Gerardo Polanco como Director General de Aon Reinsurance Iberia - ADECOSE","robots":{"index":"index","follow":"follow","max-snippet":"max-snippet:-1","max-image-preview":"max-image-preview:large","max-video-preview":"max-video-preview:-1"},"canonical":"https:\/\/www.adecose.com\/aon-nombra-a-gerardo-polanco-como-director-general-de-aon-reinsurance-iberia\/","og_locale":"en_US","og_type":"article","og_title":"Aon nombra a Gerardo Polanco como Director General de Aon Reinsurance Iberia - ADECOSE","og_description":"Aon, firma l\u00edder en servicios profesionales a nivel global, ha anunciado el nombramiento de Gerardo Polanco como Director General de Aon Reinsurance Iberia. En su...","og_url":"https:\/\/www.adecose.com\/aon-nombra-a-gerardo-polanco-como-director-general-de-aon-reinsurance-iberia\/","og_site_name":"ADECOSE","article_published_time":"2025-09-25T13:07:17+00:00","og_image":[{"width":1920,"height":1080,"url":"https:\/\/www.adecose.com\/wp-content\/uploads\/2025\/09\/Gerardo-Polanco-Aon.jpg","type":"image\/jpeg"}],"author":"Comunicaci\u00f3n ADECOSE","twitter_card":"summary_large_image","twitter_misc":{"Written by":"Comunicaci\u00f3n ADECOSE","Est. reading time":"2 minutes"},"schema":{"@context":"https:\/\/schema.org","@graph":[{"@type":"Article","@id":"https:\/\/www.adecose.com\/aon-nombra-a-gerardo-polanco-como-director-general-de-aon-reinsurance-iberia\/#article","isPartOf":{"@id":"https:\/\/www.adecose.com\/aon-nombra-a-gerardo-polanco-como-director-general-de-aon-reinsurance-iberia\/"},"author":{"name":"Comunicaci\u00f3n ADECOSE","@id":"https:\/\/www.adecose.com\/gl\/#\/schema\/person\/ff086ce55f6379e1d225a2c0dca5eeb6"},"headline":"Aon nombra a Gerardo Polanco como Director General de Aon Reinsurance Iberia","datePublished":"2025-09-25T13:07:17+00:00","mainEntityOfPage":{"@id":"https:\/\/www.adecose.com\/aon-nombra-a-gerardo-polanco-como-director-general-de-aon-reinsurance-iberia\/"},"wordCount":240,"publisher":{"@id":"https:\/\/www.adecose.com\/gl\/#organization"},"image":{"@id":"https:\/\/www.adecose.com\/aon-nombra-a-gerardo-polanco-como-director-general-de-aon-reinsurance-iberia\/#primaryimage"},"thumbnailUrl":"https:\/\/www.adecose.com\/wp-content\/uploads\/2025\/09\/Gerardo-Polanco-Aon.jpg","keywords":["AON","Aon Reinsurance Iberia","Nombramientos","Reaseguro"],"articleSection":["Espacio #Corredur\u00edasADECOSE"],"inLanguage":"en-US"},{"@type":"WebPage","@id":"https:\/\/www.adecose.com\/aon-nombra-a-gerardo-polanco-como-director-general-de-aon-reinsurance-iberia\/","url":"https:\/\/www.adecose.com\/aon-nombra-a-gerardo-polanco-como-director-general-de-aon-reinsurance-iberia\/","name":"Aon nombra a Gerardo Polanco como Director General de Aon Reinsurance Iberia - ADECOSE","isPartOf":{"@id":"https:\/\/www.adecose.com\/gl\/#website"},"primaryImageOfPage":{"@id":"https:\/\/www.adecose.com\/aon-nombra-a-gerardo-polanco-como-director-general-de-aon-reinsurance-iberia\/#primaryimage"},"image":{"@id":"https:\/\/www.adecose.com\/aon-nombra-a-gerardo-polanco-como-director-general-de-aon-reinsurance-iberia\/#primaryimage"},"thumbnailUrl":"https:\/\/www.adecose.com\/wp-content\/uploads\/2025\/09\/Gerardo-Polanco-Aon.jpg","datePublished":"2025-09-25T13:07:17+00:00","breadcrumb":{"@id":"https:\/\/www.adecose.com\/aon-nombra-a-gerardo-polanco-como-director-general-de-aon-reinsurance-iberia\/#breadcrumb"},"inLanguage":"en-US","potentialAction":[{"@type":"ReadAction","target":["https:\/\/www.adecose.com\/aon-nombra-a-gerardo-polanco-como-director-general-de-aon-reinsurance-iberia\/"]}]},{"@type":"ImageObject","inLanguage":"en-US","@id":"https:\/\/www.adecose.com\/aon-nombra-a-gerardo-polanco-como-director-general-de-aon-reinsurance-iberia\/#primaryimage","url":"https:\/\/www.adecose.com\/wp-content\/uploads\/2025\/09\/Gerardo-Polanco-Aon.jpg","contentUrl":"https:\/\/www.adecose.com\/wp-content\/uploads\/2025\/09\/Gerardo-Polanco-Aon.jpg","width":1920,"height":1080},{"@type":"BreadcrumbList","@id":"https:\/\/www.adecose.com\/aon-nombra-a-gerardo-polanco-como-director-general-de-aon-reinsurance-iberia\/#breadcrumb","itemListElement":[{"@type":"ListItem","position":1,"name":"Portada","item":"https:\/\/www.adecose.com\/en\/"},{"@type":"ListItem","position":2,"name":"Aon nombra a Gerardo Polanco como Director General de Aon Reinsurance Iberia"}]},{"@type":"WebSite","@id":"https:\/\/www.adecose.com\/gl\/#website","url":"https:\/\/www.adecose.com\/gl\/","name":"ADECOSE","description":"Spanish Association of Insurance and Reinsurance Brokers","publisher":{"@id":"https:\/\/www.adecose.com\/gl\/#organization"},"potentialAction":[{"@type":"SearchAction","target":{"@type":"EntryPoint","urlTemplate":"https:\/\/www.adecose.com\/gl\/?s={search_term_string}"},"query-input":{"@type":"PropertyValueSpecification","valueRequired":true,"valueName":"search_term_string"}}],"inLanguage":"en-US"},{"@type":"Organization","@id":"https:\/\/www.adecose.com\/gl\/#organization","name":"ADECOSE","url":"https:\/\/www.adecose.com\/gl\/","logo":{"@type":"ImageObject","inLanguage":"en-US","@id":"https:\/\/www.adecose.com\/gl\/#\/schema\/logo\/image\/","url":"https:\/\/www.adecose.com\/wp-content\/uploads\/2020\/07\/favicon.png","contentUrl":"https:\/\/www.adecose.com\/wp-content\/uploads\/2020\/07\/favicon.png","width":512,"height":512,"caption":"ADECOSE"},"image":{"@id":"https:\/\/www.adecose.com\/gl\/#\/schema\/logo\/image\/"}},{"@type":"Person","@id":"https:\/\/www.adecose.com\/gl\/#\/schema\/person\/ff086ce55f6379e1d225a2c0dca5eeb6","name":"Comunicaci\u00f3n ADECOSE","image":{"@type":"ImageObject","inLanguage":"en-US","@id":"https:\/\/secure.gravatar.com\/avatar\/01cd1f9571997441bf1da6d1cc147351305f03fe8f2acf1ebbec60ebb26924ce?s=96&d=mm&r=g","url":"https:\/\/secure.gravatar.com\/avatar\/01cd1f9571997441bf1da6d1cc147351305f03fe8f2acf1ebbec60ebb26924ce?s=96&d=mm&r=g","contentUrl":"https:\/\/secure.gravatar.com\/avatar\/01cd1f9571997441bf1da6d1cc147351305f03fe8f2acf1ebbec60ebb26924ce?s=96&d=mm&r=g","caption":"Comunicaci\u00f3n ADECOSE"}}]}},"_links":{"self":[{"href":"https:\/\/www.adecose.com\/en\/wp-json\/wp\/v2\/posts\/19789","targetHints":{"allow":["GET"]}}],"collection":[{"href":"https:\/\/www.adecose.com\/en\/wp-json\/wp\/v2\/posts"}],"about":[{"href":"https:\/\/www.adecose.com\/en\/wp-json\/wp\/v2\/types\/post"}],"author":[{"embeddable":true,"href":"https:\/\/www.adecose.com\/en\/wp-json\/wp\/v2\/users\/197"}],"replies":[{"embeddable":true,"href":"https:\/\/www.adecose.com\/en\/wp-json\/wp\/v2\/comments?post=19789"}],"version-history":[{"count":0,"href":"https:\/\/www.adecose.com\/en\/wp-json\/wp\/v2\/posts\/19789\/revisions"}],"wp:featuredmedia":[{"embeddable":true,"href":"https:\/\/www.adecose.com\/en\/wp-json\/wp\/v2\/media\/19790"}],"wp:attachment":[{"href":"https:\/\/www.adecose.com\/en\/wp-json\/wp\/v2\/media?parent=19789"}],"wp:term":[{"taxonomy":"category","embeddable":true,"href":"https:\/\/www.adecose.com\/en\/wp-json\/wp\/v2\/categories?post=19789"},{"taxonomy":"post_tag","embeddable":true,"href":"https:\/\/www.adecose.com\/en\/wp-json\/wp\/v2\/tags?post=19789"}],"curies":[{"name":"wp","href":"https:\/\/api.w.org\/{rel}","templated":true}]}}