{"id":19608,"date":"2025-09-01T08:58:31","date_gmt":"2025-09-01T06:58:31","guid":{"rendered":"https:\/\/www.adecose.com\/?p=19608"},"modified":"2025-09-01T08:58:31","modified_gmt":"2025-09-01T06:58:31","slug":"seguropordias-com-lanza-un-nuevo-seguro-para-cursos-de-formacion","status":"publish","type":"post","link":"https:\/\/www.adecose.com\/en\/seguropordias-com-lanza-un-nuevo-seguro-para-cursos-de-formacion\/","title":{"rendered":"Seguropordias.com lanza un nuevo seguro para cursos de formaci\u00f3n"},"content":{"rendered":"<p><a href=\"https:\/\/seguropordias.com\/?utm_source=nota-prensa-sxd&amp;utm_medium=social&amp;utm_campaign=___Seguropordias_notaPrensa-cursos-formacion-seguropordias\">Seguropordias.com<\/a>, la marca l\u00edder en seguros temporales para veh\u00edculos en Espa\u00f1a y Portugal, ampl\u00eda su oferta con un nuevo <a href=\"https:\/\/seguropordias.com\/seguro-cursos-formacion?utm_source=nota-prensa-sxd&amp;utm_medium=social&amp;utm_campaign=___Seguropordias_notaPrensa-cursos-formacion-producto\">seguro de accidentes y responsabilidad civil para cursos de formaci\u00f3n<\/a>.<\/p>\n<p>Este seguro est\u00e1 dise\u00f1ado para empresas de formaci\u00f3n a nivel nacional que imparten cursos de duraci\u00f3n determinada. Tanto si el curso tiene una duraci\u00f3n de un d\u00eda como de varias semanas, Seguropordias.com ofrece la opci\u00f3n que mejor se adapta al centro con las mejores coberturas. Todo el proceso se realiza 100% online, con contrataci\u00f3n r\u00e1pida y flexible.<\/p>\n<p>\u201cEn Seguropordias.com trabajamos continuamente para ampliar nuestra oferta m\u00e1s all\u00e1 del mundo del motor. Este nuevo seguro es un paso m\u00e1s en nuestra misi\u00f3n de ofrecer soluciones temporales \u00fatiles, adaptadas a diferentes sectores y necesidades reales\u201d, destaca <strong>Alberto de Lope Alem\u00e1n<\/strong>, CEO de la compa\u00f1\u00eda.<\/p>\n","protected":false},"excerpt":{"rendered":"<p>Seguropordias.com, la marca l\u00edder en seguros temporales para veh\u00edculos en Espa\u00f1a y Portugal, ampl\u00eda su oferta con un nuevo seguro de accidentes y responsabilidad civil&#8230;<\/p>\n","protected":false},"author":197,"featured_media":19609,"comment_status":"closed","ping_status":"closed","sticky":false,"template":"","format":"standard","meta":{"_acf_changed":false,"_price":"","_stock":"","_tribe_ticket_header":"","_tribe_default_ticket_provider":"","_tribe_ticket_capacity":"0","_ticket_start_date":"","_ticket_end_date":"","_tribe_ticket_show_description":"","_tribe_ticket_show_not_going":false,"_tribe_ticket_use_global_stock":"","_tribe_ticket_global_stock_level":"","_global_stock_mode":"","_global_stock_cap":"","_tribe_rsvp_for_event":"","_tribe_ticket_going_count":"","_tribe_ticket_not_going_count":"","_tribe_tickets_list":"[]","_tribe_ticket_has_attendee_info_fields":false,"footnotes":""},"categories":[339],"tags":[517,380,604,609],"class_list":["post-19608","post","type-post","status-publish","format-standard","has-post-thumbnail","category-espacio-correduriasadecose","tag-corredurias-de-seguros","tag-formacion","tag-seguro-por-dias","tag-seguros"],"acf":[],"yoast_head":"<!-- This site is optimized with the Yoast SEO plugin v27.2 - https:\/\/yoast.com\/product\/yoast-seo-wordpress\/ -->\n<title>Seguropordias.com lanza un nuevo seguro para cursos de formaci\u00f3n - ADECOSE<\/title>\n<meta name=\"robots\" content=\"index, follow, max-snippet:-1, max-image-preview:large, max-video-preview:-1\" \/>\n<link rel=\"canonical\" href=\"https:\/\/www.adecose.com\/seguropordias-com-lanza-un-nuevo-seguro-para-cursos-de-formacion\/\" \/>\n<meta property=\"og:locale\" content=\"en_US\" \/>\n<meta property=\"og:type\" content=\"article\" \/>\n<meta property=\"og:title\" content=\"Seguropordias.com lanza un nuevo seguro para cursos de formaci\u00f3n - ADECOSE\" \/>\n<meta property=\"og:description\" content=\"Seguropordias.com, la marca l\u00edder en seguros temporales para veh\u00edculos en Espa\u00f1a y Portugal, ampl\u00eda su oferta con un nuevo seguro de accidentes y responsabilidad civil...\" \/>\n<meta property=\"og:url\" content=\"https:\/\/www.adecose.com\/seguropordias-com-lanza-un-nuevo-seguro-para-cursos-de-formacion\/\" \/>\n<meta property=\"og:site_name\" content=\"ADECOSE\" \/>\n<meta property=\"article:published_time\" content=\"2025-09-01T06:58:31+00:00\" \/>\n<meta property=\"og:image\" content=\"https:\/\/www.adecose.com\/wp-content\/uploads\/2025\/09\/SXD-nota-de-prensa-1-1024x838.png\" \/>\n\t<meta property=\"og:image:width\" content=\"1024\" \/>\n\t<meta property=\"og:image:height\" content=\"838\" \/>\n\t<meta property=\"og:image:type\" content=\"image\/png\" \/>\n<meta name=\"author\" content=\"Comunicaci\u00f3n ADECOSE\" \/>\n<meta name=\"twitter:card\" content=\"summary_large_image\" \/>\n<meta name=\"twitter:label1\" content=\"Written by\" \/>\n\t<meta name=\"twitter:data1\" content=\"Comunicaci\u00f3n ADECOSE\" \/>\n\t<meta name=\"twitter:label2\" content=\"Est. reading time\" \/>\n\t<meta name=\"twitter:data2\" content=\"1 minute\" \/>\n<script type=\"application\/ld+json\" class=\"yoast-schema-graph\">{\"@context\":\"https:\/\/schema.org\",\"@graph\":[{\"@type\":\"Article\",\"@id\":\"https:\/\/www.adecose.com\/seguropordias-com-lanza-un-nuevo-seguro-para-cursos-de-formacion\/#article\",\"isPartOf\":{\"@id\":\"https:\/\/www.adecose.com\/seguropordias-com-lanza-un-nuevo-seguro-para-cursos-de-formacion\/\"},\"author\":{\"name\":\"Comunicaci\u00f3n ADECOSE\",\"@id\":\"https:\/\/www.adecose.com\/gl\/#\/schema\/person\/ff086ce55f6379e1d225a2c0dca5eeb6\"},\"headline\":\"Seguropordias.com lanza un nuevo seguro para cursos de formaci\u00f3n\",\"datePublished\":\"2025-09-01T06:58:31+00:00\",\"mainEntityOfPage\":{\"@id\":\"https:\/\/www.adecose.com\/seguropordias-com-lanza-un-nuevo-seguro-para-cursos-de-formacion\/\"},\"wordCount\":162,\"publisher\":{\"@id\":\"https:\/\/www.adecose.com\/gl\/#organization\"},\"image\":{\"@id\":\"https:\/\/www.adecose.com\/seguropordias-com-lanza-un-nuevo-seguro-para-cursos-de-formacion\/#primaryimage\"},\"thumbnailUrl\":\"https:\/\/www.adecose.com\/wp-content\/uploads\/2025\/09\/SXD-nota-de-prensa-1.png\",\"keywords\":[\"Corredur\u00edas de seguros\",\"Formaci\u00f3n\",\"Seguro por D\u00edas\",\"Seguros\"],\"articleSection\":[\"Espacio #Corredur\u00edasADECOSE\"],\"inLanguage\":\"en-US\"},{\"@type\":\"WebPage\",\"@id\":\"https:\/\/www.adecose.com\/seguropordias-com-lanza-un-nuevo-seguro-para-cursos-de-formacion\/\",\"url\":\"https:\/\/www.adecose.com\/seguropordias-com-lanza-un-nuevo-seguro-para-cursos-de-formacion\/\",\"name\":\"Seguropordias.com lanza un nuevo seguro para cursos de formaci\u00f3n - ADECOSE\",\"isPartOf\":{\"@id\":\"https:\/\/www.adecose.com\/gl\/#website\"},\"primaryImageOfPage\":{\"@id\":\"https:\/\/www.adecose.com\/seguropordias-com-lanza-un-nuevo-seguro-para-cursos-de-formacion\/#primaryimage\"},\"image\":{\"@id\":\"https:\/\/www.adecose.com\/seguropordias-com-lanza-un-nuevo-seguro-para-cursos-de-formacion\/#primaryimage\"},\"thumbnailUrl\":\"https:\/\/www.adecose.com\/wp-content\/uploads\/2025\/09\/SXD-nota-de-prensa-1.png\",\"datePublished\":\"2025-09-01T06:58:31+00:00\",\"breadcrumb\":{\"@id\":\"https:\/\/www.adecose.com\/seguropordias-com-lanza-un-nuevo-seguro-para-cursos-de-formacion\/#breadcrumb\"},\"inLanguage\":\"en-US\",\"potentialAction\":[{\"@type\":\"ReadAction\",\"target\":[\"https:\/\/www.adecose.com\/seguropordias-com-lanza-un-nuevo-seguro-para-cursos-de-formacion\/\"]}]},{\"@type\":\"ImageObject\",\"inLanguage\":\"en-US\",\"@id\":\"https:\/\/www.adecose.com\/seguropordias-com-lanza-un-nuevo-seguro-para-cursos-de-formacion\/#primaryimage\",\"url\":\"https:\/\/www.adecose.com\/wp-content\/uploads\/2025\/09\/SXD-nota-de-prensa-1.png\",\"contentUrl\":\"https:\/\/www.adecose.com\/wp-content\/uploads\/2025\/09\/SXD-nota-de-prensa-1.png\",\"width\":2560,\"height\":2094},{\"@type\":\"BreadcrumbList\",\"@id\":\"https:\/\/www.adecose.com\/seguropordias-com-lanza-un-nuevo-seguro-para-cursos-de-formacion\/#breadcrumb\",\"itemListElement\":[{\"@type\":\"ListItem\",\"position\":1,\"name\":\"Portada\",\"item\":\"https:\/\/www.adecose.com\/en\/\"},{\"@type\":\"ListItem\",\"position\":2,\"name\":\"Seguropordias.com lanza un nuevo seguro para cursos de formaci\u00f3n\"}]},{\"@type\":\"WebSite\",\"@id\":\"https:\/\/www.adecose.com\/gl\/#website\",\"url\":\"https:\/\/www.adecose.com\/gl\/\",\"name\":\"ADECOSE\",\"description\":\"Spanish Association of Insurance and Reinsurance Brokers\",\"publisher\":{\"@id\":\"https:\/\/www.adecose.com\/gl\/#organization\"},\"potentialAction\":[{\"@type\":\"SearchAction\",\"target\":{\"@type\":\"EntryPoint\",\"urlTemplate\":\"https:\/\/www.adecose.com\/gl\/?s={search_term_string}\"},\"query-input\":{\"@type\":\"PropertyValueSpecification\",\"valueRequired\":true,\"valueName\":\"search_term_string\"}}],\"inLanguage\":\"en-US\"},{\"@type\":\"Organization\",\"@id\":\"https:\/\/www.adecose.com\/gl\/#organization\",\"name\":\"ADECOSE\",\"url\":\"https:\/\/www.adecose.com\/gl\/\",\"logo\":{\"@type\":\"ImageObject\",\"inLanguage\":\"en-US\",\"@id\":\"https:\/\/www.adecose.com\/gl\/#\/schema\/logo\/image\/\",\"url\":\"https:\/\/www.adecose.com\/wp-content\/uploads\/2020\/07\/favicon.png\",\"contentUrl\":\"https:\/\/www.adecose.com\/wp-content\/uploads\/2020\/07\/favicon.png\",\"width\":512,\"height\":512,\"caption\":\"ADECOSE\"},\"image\":{\"@id\":\"https:\/\/www.adecose.com\/gl\/#\/schema\/logo\/image\/\"}},{\"@type\":\"Person\",\"@id\":\"https:\/\/www.adecose.com\/gl\/#\/schema\/person\/ff086ce55f6379e1d225a2c0dca5eeb6\",\"name\":\"Comunicaci\u00f3n ADECOSE\",\"image\":{\"@type\":\"ImageObject\",\"inLanguage\":\"en-US\",\"@id\":\"https:\/\/secure.gravatar.com\/avatar\/01cd1f9571997441bf1da6d1cc147351305f03fe8f2acf1ebbec60ebb26924ce?s=96&d=mm&r=g\",\"url\":\"https:\/\/secure.gravatar.com\/avatar\/01cd1f9571997441bf1da6d1cc147351305f03fe8f2acf1ebbec60ebb26924ce?s=96&d=mm&r=g\",\"contentUrl\":\"https:\/\/secure.gravatar.com\/avatar\/01cd1f9571997441bf1da6d1cc147351305f03fe8f2acf1ebbec60ebb26924ce?s=96&d=mm&r=g\",\"caption\":\"Comunicaci\u00f3n ADECOSE\"}}]}<\/script>\n<!-- \/ Yoast SEO plugin. -->","yoast_head_json":{"title":"Seguropordias.com lanza un nuevo seguro para cursos de formaci\u00f3n - ADECOSE","robots":{"index":"index","follow":"follow","max-snippet":"max-snippet:-1","max-image-preview":"max-image-preview:large","max-video-preview":"max-video-preview:-1"},"canonical":"https:\/\/www.adecose.com\/seguropordias-com-lanza-un-nuevo-seguro-para-cursos-de-formacion\/","og_locale":"en_US","og_type":"article","og_title":"Seguropordias.com lanza un nuevo seguro para cursos de formaci\u00f3n - ADECOSE","og_description":"Seguropordias.com, la marca l\u00edder en seguros temporales para veh\u00edculos en Espa\u00f1a y Portugal, ampl\u00eda su oferta con un nuevo seguro de accidentes y responsabilidad civil...","og_url":"https:\/\/www.adecose.com\/seguropordias-com-lanza-un-nuevo-seguro-para-cursos-de-formacion\/","og_site_name":"ADECOSE","article_published_time":"2025-09-01T06:58:31+00:00","og_image":[{"width":1024,"height":838,"url":"https:\/\/www.adecose.com\/wp-content\/uploads\/2025\/09\/SXD-nota-de-prensa-1-1024x838.png","type":"image\/png"}],"author":"Comunicaci\u00f3n ADECOSE","twitter_card":"summary_large_image","twitter_misc":{"Written by":"Comunicaci\u00f3n ADECOSE","Est. reading time":"1 minute"},"schema":{"@context":"https:\/\/schema.org","@graph":[{"@type":"Article","@id":"https:\/\/www.adecose.com\/seguropordias-com-lanza-un-nuevo-seguro-para-cursos-de-formacion\/#article","isPartOf":{"@id":"https:\/\/www.adecose.com\/seguropordias-com-lanza-un-nuevo-seguro-para-cursos-de-formacion\/"},"author":{"name":"Comunicaci\u00f3n ADECOSE","@id":"https:\/\/www.adecose.com\/gl\/#\/schema\/person\/ff086ce55f6379e1d225a2c0dca5eeb6"},"headline":"Seguropordias.com lanza un nuevo seguro para cursos de formaci\u00f3n","datePublished":"2025-09-01T06:58:31+00:00","mainEntityOfPage":{"@id":"https:\/\/www.adecose.com\/seguropordias-com-lanza-un-nuevo-seguro-para-cursos-de-formacion\/"},"wordCount":162,"publisher":{"@id":"https:\/\/www.adecose.com\/gl\/#organization"},"image":{"@id":"https:\/\/www.adecose.com\/seguropordias-com-lanza-un-nuevo-seguro-para-cursos-de-formacion\/#primaryimage"},"thumbnailUrl":"https:\/\/www.adecose.com\/wp-content\/uploads\/2025\/09\/SXD-nota-de-prensa-1.png","keywords":["Corredur\u00edas de seguros","Formaci\u00f3n","Seguro por D\u00edas","Seguros"],"articleSection":["Espacio #Corredur\u00edasADECOSE"],"inLanguage":"en-US"},{"@type":"WebPage","@id":"https:\/\/www.adecose.com\/seguropordias-com-lanza-un-nuevo-seguro-para-cursos-de-formacion\/","url":"https:\/\/www.adecose.com\/seguropordias-com-lanza-un-nuevo-seguro-para-cursos-de-formacion\/","name":"Seguropordias.com lanza un nuevo seguro para cursos de formaci\u00f3n - ADECOSE","isPartOf":{"@id":"https:\/\/www.adecose.com\/gl\/#website"},"primaryImageOfPage":{"@id":"https:\/\/www.adecose.com\/seguropordias-com-lanza-un-nuevo-seguro-para-cursos-de-formacion\/#primaryimage"},"image":{"@id":"https:\/\/www.adecose.com\/seguropordias-com-lanza-un-nuevo-seguro-para-cursos-de-formacion\/#primaryimage"},"thumbnailUrl":"https:\/\/www.adecose.com\/wp-content\/uploads\/2025\/09\/SXD-nota-de-prensa-1.png","datePublished":"2025-09-01T06:58:31+00:00","breadcrumb":{"@id":"https:\/\/www.adecose.com\/seguropordias-com-lanza-un-nuevo-seguro-para-cursos-de-formacion\/#breadcrumb"},"inLanguage":"en-US","potentialAction":[{"@type":"ReadAction","target":["https:\/\/www.adecose.com\/seguropordias-com-lanza-un-nuevo-seguro-para-cursos-de-formacion\/"]}]},{"@type":"ImageObject","inLanguage":"en-US","@id":"https:\/\/www.adecose.com\/seguropordias-com-lanza-un-nuevo-seguro-para-cursos-de-formacion\/#primaryimage","url":"https:\/\/www.adecose.com\/wp-content\/uploads\/2025\/09\/SXD-nota-de-prensa-1.png","contentUrl":"https:\/\/www.adecose.com\/wp-content\/uploads\/2025\/09\/SXD-nota-de-prensa-1.png","width":2560,"height":2094},{"@type":"BreadcrumbList","@id":"https:\/\/www.adecose.com\/seguropordias-com-lanza-un-nuevo-seguro-para-cursos-de-formacion\/#breadcrumb","itemListElement":[{"@type":"ListItem","position":1,"name":"Portada","item":"https:\/\/www.adecose.com\/en\/"},{"@type":"ListItem","position":2,"name":"Seguropordias.com lanza un nuevo seguro para cursos de formaci\u00f3n"}]},{"@type":"WebSite","@id":"https:\/\/www.adecose.com\/gl\/#website","url":"https:\/\/www.adecose.com\/gl\/","name":"ADECOSE","description":"Spanish Association of Insurance and Reinsurance Brokers","publisher":{"@id":"https:\/\/www.adecose.com\/gl\/#organization"},"potentialAction":[{"@type":"SearchAction","target":{"@type":"EntryPoint","urlTemplate":"https:\/\/www.adecose.com\/gl\/?s={search_term_string}"},"query-input":{"@type":"PropertyValueSpecification","valueRequired":true,"valueName":"search_term_string"}}],"inLanguage":"en-US"},{"@type":"Organization","@id":"https:\/\/www.adecose.com\/gl\/#organization","name":"ADECOSE","url":"https:\/\/www.adecose.com\/gl\/","logo":{"@type":"ImageObject","inLanguage":"en-US","@id":"https:\/\/www.adecose.com\/gl\/#\/schema\/logo\/image\/","url":"https:\/\/www.adecose.com\/wp-content\/uploads\/2020\/07\/favicon.png","contentUrl":"https:\/\/www.adecose.com\/wp-content\/uploads\/2020\/07\/favicon.png","width":512,"height":512,"caption":"ADECOSE"},"image":{"@id":"https:\/\/www.adecose.com\/gl\/#\/schema\/logo\/image\/"}},{"@type":"Person","@id":"https:\/\/www.adecose.com\/gl\/#\/schema\/person\/ff086ce55f6379e1d225a2c0dca5eeb6","name":"Comunicaci\u00f3n ADECOSE","image":{"@type":"ImageObject","inLanguage":"en-US","@id":"https:\/\/secure.gravatar.com\/avatar\/01cd1f9571997441bf1da6d1cc147351305f03fe8f2acf1ebbec60ebb26924ce?s=96&d=mm&r=g","url":"https:\/\/secure.gravatar.com\/avatar\/01cd1f9571997441bf1da6d1cc147351305f03fe8f2acf1ebbec60ebb26924ce?s=96&d=mm&r=g","contentUrl":"https:\/\/secure.gravatar.com\/avatar\/01cd1f9571997441bf1da6d1cc147351305f03fe8f2acf1ebbec60ebb26924ce?s=96&d=mm&r=g","caption":"Comunicaci\u00f3n ADECOSE"}}]}},"_links":{"self":[{"href":"https:\/\/www.adecose.com\/en\/wp-json\/wp\/v2\/posts\/19608","targetHints":{"allow":["GET"]}}],"collection":[{"href":"https:\/\/www.adecose.com\/en\/wp-json\/wp\/v2\/posts"}],"about":[{"href":"https:\/\/www.adecose.com\/en\/wp-json\/wp\/v2\/types\/post"}],"author":[{"embeddable":true,"href":"https:\/\/www.adecose.com\/en\/wp-json\/wp\/v2\/users\/197"}],"replies":[{"embeddable":true,"href":"https:\/\/www.adecose.com\/en\/wp-json\/wp\/v2\/comments?post=19608"}],"version-history":[{"count":0,"href":"https:\/\/www.adecose.com\/en\/wp-json\/wp\/v2\/posts\/19608\/revisions"}],"wp:featuredmedia":[{"embeddable":true,"href":"https:\/\/www.adecose.com\/en\/wp-json\/wp\/v2\/media\/19609"}],"wp:attachment":[{"href":"https:\/\/www.adecose.com\/en\/wp-json\/wp\/v2\/media?parent=19608"}],"wp:term":[{"taxonomy":"category","embeddable":true,"href":"https:\/\/www.adecose.com\/en\/wp-json\/wp\/v2\/categories?post=19608"},{"taxonomy":"post_tag","embeddable":true,"href":"https:\/\/www.adecose.com\/en\/wp-json\/wp\/v2\/tags?post=19608"}],"curies":[{"name":"wp","href":"https:\/\/api.w.org\/{rel}","templated":true}]}}