{"id":19559,"date":"2025-07-21T13:38:07","date_gmt":"2025-07-21T11:38:07","guid":{"rendered":"https:\/\/www.adecose.com\/?p=19559"},"modified":"2025-07-21T13:46:05","modified_gmt":"2025-07-21T11:46:05","slug":"el-volumen-de-primas-de-seguros-ciber-en-espana-se-incrementa-un-12-en-el-ultimo-ano-alcanzando-los-190-millones-de-euros","status":"publish","type":"post","link":"https:\/\/www.adecose.com\/en\/el-volumen-de-primas-de-seguros-ciber-en-espana-se-incrementa-un-12-en-el-ultimo-ano-alcanzando-los-190-millones-de-euros\/","title":{"rendered":"El volumen de primas de seguros Ciber en Espa\u00f1a se incrementa un 12% en el \u00faltimo a\u00f1o, alcanzando los 190 millones de euros"},"content":{"rendered":"<p><em>Aon presenta la sexta edici\u00f3n del Estudio sobre Ciberseguridad y Gesti\u00f3n del Riesgo Ciber en Espa\u00f1a con la colaboraci\u00f3n de Garrigues, Fundaci\u00f3n Esys y las aseguradoras especialistas AIG, Allianz Commercial, Arch, AXA XL, Beazley, BHSI, Chubb, Hiscox, QBE, Resilience, Tokio Marine HCC, Zurich<\/em><\/p>\n<p>AON, empresa global l\u00edder en servicios profesionales, ha presentado la sexta edici\u00f3n del <a href=\"https:\/\/noa.aon.es\/wp-content\/uploads\/2025\/07\/Informe-Ciberseguridad-2025-REVISION-F.pdf\"><strong>Estudio sobre Ciberseguridad y Gesti\u00f3n del Riesgo Ciber en Espa\u00f1a<\/strong><\/a>, desarrollado con el objetivo de analizar y actualizar a las organizaciones de las tendencias que est\u00e1n teniendo lugar y los retos a afrontar en la gesti\u00f3n integral del riesgo y su transferencia al mercado asegurador.<\/p>\n<p>El estudio, promovido por Aon, ha contado con la participaci\u00f3n de las firmas Garrigues y Fundacion Esys, para abordar las novedades regulatorias con respecto a la ciberseguridad, as\u00ed como con la colaboraci\u00f3n los principales aseguradores que suscriben el riesgo ciber en Espa\u00f1a: AIG, Allianz Commercial, Arch, AXA XL, Beazley, BHSI, Chubb, Hiscox, QBE, Resilience, Tokio Marine HCC, Zurich, para tratar los aspectos clave de la evoluci\u00f3n y la gesti\u00f3n del riesgo en Espa\u00f1a: inversi\u00f3n en ciberseguridad, tendencias del mercado asegurador y evoluci\u00f3n de la siniestralidad, entre otros.<\/p>\n<p><strong>Principales conclusiones del Estudio<\/strong><\/p>\n<p><strong>Novedades regulatorias: <\/strong>El entorno normativo se endurece de cara a 2025 con la futura implementaci\u00f3n de la Directiva NIS 2, que sustituye a la anterior, con el objetivo de reforzar el nivel com\u00fan de ciberseguridad de todos los Estados miembros. Regula las obligaciones de gesti\u00f3n de riesgos y notificaci\u00f3n y exigir\u00e1 a muchas organizaciones adaptar r\u00e1pidamente sus estructuras de seguridad digital. La directiva, que se ampl\u00eda para incluir sectores cr\u00edticos que antes no estaban regulados directamente, como el sector agroalimentario, farmac\u00e9utico, manufacturero, residuos, log\u00edstica, distribuci\u00f3n digital o proveedores de servicios en la nube, entre otros, tambi\u00e9n refuerza la supervisi\u00f3n y el r\u00e9gimen sancionador. Adem\u00e1s, cabe destacar la exigencia de la gesti\u00f3n estructurada de la cadena de suministro, obligando a las empresas a evaluar los riesgos que puedan derivarse de sus proveedores y subcontratistas. Esto impactar\u00e1 en el dise\u00f1o de las p\u00f3lizas ciber.<\/p>\n<p><strong>Mercado asegurador:<\/strong> El mercado asegurador ha entrado en una fase de consolidaci\u00f3n. Durante el \u00faltimo a\u00f1o, se ha observado una ampliaci\u00f3n de coberturas y capacidades aseguradoras, una reducci\u00f3n generalizada de primas y un aumento de competencia. Las aseguradoras empiezan a ofrecer servicios de valor a\u00f1adido de prevenci\u00f3n y gesti\u00f3n de incidentes, facilitando la contrataci\u00f3n de mayores l\u00edmites. En relaci\u00f3n con las empresas medianas, el proceso de suscripci\u00f3n ha evolucionado hacia modelos m\u00e1s flexibles, basados en mayor compromiso y acompa\u00f1amiento integrando prevenci\u00f3n, detecci\u00f3n, respuesta y recuperaci\u00f3n. Las evaluaciones autom\u00e1ticas y los formularios simplificados permiten adaptar condiciones y l\u00edmites seg\u00fan la evoluci\u00f3n del cliente, lo que hace que el seguro se convierta en una herramienta real de resiliencia.<\/p>\n<p><strong>Siniestralidad:<\/strong> El riesgo cibern\u00e9tico se intensifica: m\u00e1s incidentes, m\u00e1s coste por siniestro, y una clara desigualdad en la capacidad de respuesta entre sectores y tama\u00f1os empresariales. La proliferaci\u00f3n de incidentes ligados al uso inadecuado de tecnolog\u00edas emergentes (como la IA generativa), la persistencia de fallos humanos b\u00e1sicos y la fragilidad de las cadenas de suministro dibujan un escenario complejo, donde la velocidad de adopci\u00f3n tecnol\u00f3gica supera ampliamente a la capacidad de defensa. Este desequilibrio se refleja con contundencia al observar la relaci\u00f3n entre el n\u00famero de siniestros y su coste total: muchos incidentes en empresas peque\u00f1as o mal preparadas generan tanto gasto como los ataques m\u00e1s sofisticados a grandes compa\u00f1\u00edas. Las brechas de seguridad son los incidentes m\u00e1s frecuentes, y el ransomware contin\u00faa siendo la amenaza m\u00e1s costosa.<\/p>\n<p><strong>Evoluci\u00f3n de las primas:<\/strong> El mercado de ciber contin\u00faa su consolidaci\u00f3n y es un mercado que sigue creciendo. El volumen de primas de seguros Ciber en Espa\u00f1a se ha incrementado un 12% en el \u00faltimo a\u00f1o, alcanzando ya los 190 millones de euros.<\/p>\n<p><strong>Sectores de actividad:<\/strong> En Espa\u00f1a, la banca y la energ\u00eda act\u00faan como locomotoras de madurez en la gesti\u00f3n del riesgo ciber, mientras que agro y log\u00edstica se encuentran en la parte menos desarrollada.<\/p>\n<p>\u201cLos riesgos cibern\u00e9ticos que enfrentamos hoy ya no se limitan a malware, phishing o ataques de denegaci\u00f3n de servicio. Estamos entrando en una era de amenazas sist\u00e9micas, automatizadas y altamente interconectadas, donde la frontera entre lo interno y lo externo, lo humano y lo autom\u00e1tico, lo visible y lo oculto se vuelve cada vez m\u00e1s difusa. En este contexto, el ciberseguro debe dejar de ser visto como una p\u00f3liza pasiva y transformarse en un instrumento din\u00e1mico de gesti\u00f3n estrat\u00e9gica del riesgo. Comprender a fondo fen\u00f3menos como la IA, la computaci\u00f3n cu\u00e1ntica o el Shadow IT ya no es una opci\u00f3n t\u00e9cnica, sino una necesidad comercial\u201d, afirma Ver\u00f3nica Jim\u00e9nez, Directora de Ciber de Aon Espa\u00f1a.<\/p>\n<p>El estudio se apoya en datos propios de Aon y del resto de firmas colaboradoras para presentar el estado del arte del riesgo cibern\u00e9tico en Espa\u00f1a, compar\u00e1ndolos en un entorno europeo y global. Dentro del estudio se han identificado industrias, actividades y sectores de operaci\u00f3n de referencia en el pa\u00eds, y se ha analizado su evoluci\u00f3n a lo largo de 2024. Se ha considerado un total de 1500 organizaciones y m\u00e1s de 11.000 fuentes de datos para su elaboraci\u00f3n, convirti\u00e9ndose en punto clave de referencia en el \u00e1mbito de la ciberseguridad.<\/p>\n<ul>\n<li>Acceso al <a href=\"https:\/\/noa.aon.es\/wp-content\/uploads\/2025\/07\/Informe-Ciberseguridad-2025-REVISION-F.pdf\">informe completo<\/a> para m\u00e1s informaci\u00f3n.<\/li>\n<\/ul>\n","protected":false},"excerpt":{"rendered":"<p>Aon presenta la sexta edici\u00f3n del Estudio sobre Ciberseguridad y Gesti\u00f3n del Riesgo Ciber en Espa\u00f1a con la colaboraci\u00f3n de Garrigues, Fundaci\u00f3n Esys y las&#8230;<\/p>\n","protected":false},"author":197,"featured_media":18451,"comment_status":"closed","ping_status":"closed","sticky":false,"template":"","format":"standard","meta":{"_acf_changed":false,"_price":"","_stock":"","_tribe_ticket_header":"","_tribe_default_ticket_provider":"","_tribe_ticket_capacity":"0","_ticket_start_date":"","_ticket_end_date":"","_tribe_ticket_show_description":"","_tribe_ticket_show_not_going":false,"_tribe_ticket_use_global_stock":"","_tribe_ticket_global_stock_level":"","_global_stock_mode":"","_global_stock_cap":"","_tribe_rsvp_for_event":"","_tribe_ticket_going_count":"","_tribe_ticket_not_going_count":"","_tribe_tickets_list":"[]","_tribe_ticket_has_attendee_info_fields":false,"footnotes":""},"categories":[339],"tags":[395,517,547],"class_list":["post-19559","post","type-post","status-publish","format-standard","has-post-thumbnail","category-espacio-correduriasadecose","tag-aon","tag-corredurias-de-seguros","tag-informes"],"acf":[],"yoast_head":"<!-- This site is optimized with the Yoast SEO plugin v27.2 - https:\/\/yoast.com\/product\/yoast-seo-wordpress\/ -->\n<title>El volumen de primas de seguros Ciber en Espa\u00f1a se incrementa un 12% en el \u00faltimo a\u00f1o, alcanzando los 190 millones de euros - ADECOSE<\/title>\n<meta name=\"robots\" content=\"index, follow, max-snippet:-1, max-image-preview:large, max-video-preview:-1\" \/>\n<link rel=\"canonical\" href=\"https:\/\/www.adecose.com\/el-volumen-de-primas-de-seguros-ciber-en-espana-se-incrementa-un-12-en-el-ultimo-ano-alcanzando-los-190-millones-de-euros\/\" \/>\n<meta property=\"og:locale\" content=\"en_US\" \/>\n<meta property=\"og:type\" content=\"article\" \/>\n<meta property=\"og:title\" content=\"El volumen de primas de seguros Ciber en Espa\u00f1a se incrementa un 12% en el \u00faltimo a\u00f1o, alcanzando los 190 millones de euros - ADECOSE\" \/>\n<meta property=\"og:description\" content=\"Aon presenta la sexta edici\u00f3n del Estudio sobre Ciberseguridad y Gesti\u00f3n del Riesgo Ciber en Espa\u00f1a con la colaboraci\u00f3n de Garrigues, Fundaci\u00f3n Esys y las...\" \/>\n<meta property=\"og:url\" content=\"https:\/\/www.adecose.com\/el-volumen-de-primas-de-seguros-ciber-en-espana-se-incrementa-un-12-en-el-ultimo-ano-alcanzando-los-190-millones-de-euros\/\" \/>\n<meta property=\"og:site_name\" content=\"ADECOSE\" \/>\n<meta property=\"article:published_time\" content=\"2025-07-21T11:38:07+00:00\" \/>\n<meta property=\"article:modified_time\" content=\"2025-07-21T11:46:05+00:00\" \/>\n<meta property=\"og:image\" content=\"https:\/\/www.adecose.com\/wp-content\/uploads\/2025\/01\/aon-1024x666.png\" \/>\n\t<meta property=\"og:image:width\" content=\"1024\" \/>\n\t<meta property=\"og:image:height\" content=\"666\" \/>\n\t<meta property=\"og:image:type\" content=\"image\/png\" \/>\n<meta name=\"author\" content=\"Comunicaci\u00f3n ADECOSE\" \/>\n<meta name=\"twitter:card\" content=\"summary_large_image\" \/>\n<meta name=\"twitter:label1\" content=\"Written by\" \/>\n\t<meta name=\"twitter:data1\" content=\"Comunicaci\u00f3n ADECOSE\" \/>\n\t<meta name=\"twitter:label2\" content=\"Est. reading time\" \/>\n\t<meta name=\"twitter:data2\" content=\"5 minutes\" \/>\n<script type=\"application\/ld+json\" class=\"yoast-schema-graph\">{\"@context\":\"https:\/\/schema.org\",\"@graph\":[{\"@type\":\"Article\",\"@id\":\"https:\/\/www.adecose.com\/el-volumen-de-primas-de-seguros-ciber-en-espana-se-incrementa-un-12-en-el-ultimo-ano-alcanzando-los-190-millones-de-euros\/#article\",\"isPartOf\":{\"@id\":\"https:\/\/www.adecose.com\/el-volumen-de-primas-de-seguros-ciber-en-espana-se-incrementa-un-12-en-el-ultimo-ano-alcanzando-los-190-millones-de-euros\/\"},\"author\":{\"name\":\"Comunicaci\u00f3n ADECOSE\",\"@id\":\"https:\/\/www.adecose.com\/gl\/#\/schema\/person\/ff086ce55f6379e1d225a2c0dca5eeb6\"},\"headline\":\"El volumen de primas de seguros Ciber en Espa\u00f1a se incrementa un 12% en el \u00faltimo a\u00f1o, alcanzando los 190 millones de euros\",\"datePublished\":\"2025-07-21T11:38:07+00:00\",\"dateModified\":\"2025-07-21T11:46:05+00:00\",\"mainEntityOfPage\":{\"@id\":\"https:\/\/www.adecose.com\/el-volumen-de-primas-de-seguros-ciber-en-espana-se-incrementa-un-12-en-el-ultimo-ano-alcanzando-los-190-millones-de-euros\/\"},\"wordCount\":993,\"publisher\":{\"@id\":\"https:\/\/www.adecose.com\/gl\/#organization\"},\"image\":{\"@id\":\"https:\/\/www.adecose.com\/el-volumen-de-primas-de-seguros-ciber-en-espana-se-incrementa-un-12-en-el-ultimo-ano-alcanzando-los-190-millones-de-euros\/#primaryimage\"},\"thumbnailUrl\":\"https:\/\/www.adecose.com\/wp-content\/uploads\/2025\/01\/aon.png\",\"keywords\":[\"AON\",\"Corredur\u00edas de seguros\",\"Informes\"],\"articleSection\":[\"Espacio #Corredur\u00edasADECOSE\"],\"inLanguage\":\"en-US\"},{\"@type\":\"WebPage\",\"@id\":\"https:\/\/www.adecose.com\/el-volumen-de-primas-de-seguros-ciber-en-espana-se-incrementa-un-12-en-el-ultimo-ano-alcanzando-los-190-millones-de-euros\/\",\"url\":\"https:\/\/www.adecose.com\/el-volumen-de-primas-de-seguros-ciber-en-espana-se-incrementa-un-12-en-el-ultimo-ano-alcanzando-los-190-millones-de-euros\/\",\"name\":\"El volumen de primas de seguros Ciber en Espa\u00f1a se incrementa un 12% en el \u00faltimo a\u00f1o, alcanzando los 190 millones de euros - ADECOSE\",\"isPartOf\":{\"@id\":\"https:\/\/www.adecose.com\/gl\/#website\"},\"primaryImageOfPage\":{\"@id\":\"https:\/\/www.adecose.com\/el-volumen-de-primas-de-seguros-ciber-en-espana-se-incrementa-un-12-en-el-ultimo-ano-alcanzando-los-190-millones-de-euros\/#primaryimage\"},\"image\":{\"@id\":\"https:\/\/www.adecose.com\/el-volumen-de-primas-de-seguros-ciber-en-espana-se-incrementa-un-12-en-el-ultimo-ano-alcanzando-los-190-millones-de-euros\/#primaryimage\"},\"thumbnailUrl\":\"https:\/\/www.adecose.com\/wp-content\/uploads\/2025\/01\/aon.png\",\"datePublished\":\"2025-07-21T11:38:07+00:00\",\"dateModified\":\"2025-07-21T11:46:05+00:00\",\"breadcrumb\":{\"@id\":\"https:\/\/www.adecose.com\/el-volumen-de-primas-de-seguros-ciber-en-espana-se-incrementa-un-12-en-el-ultimo-ano-alcanzando-los-190-millones-de-euros\/#breadcrumb\"},\"inLanguage\":\"en-US\",\"potentialAction\":[{\"@type\":\"ReadAction\",\"target\":[\"https:\/\/www.adecose.com\/el-volumen-de-primas-de-seguros-ciber-en-espana-se-incrementa-un-12-en-el-ultimo-ano-alcanzando-los-190-millones-de-euros\/\"]}]},{\"@type\":\"ImageObject\",\"inLanguage\":\"en-US\",\"@id\":\"https:\/\/www.adecose.com\/el-volumen-de-primas-de-seguros-ciber-en-espana-se-incrementa-un-12-en-el-ultimo-ano-alcanzando-los-190-millones-de-euros\/#primaryimage\",\"url\":\"https:\/\/www.adecose.com\/wp-content\/uploads\/2025\/01\/aon.png\",\"contentUrl\":\"https:\/\/www.adecose.com\/wp-content\/uploads\/2025\/01\/aon.png\",\"width\":2538,\"height\":1650},{\"@type\":\"BreadcrumbList\",\"@id\":\"https:\/\/www.adecose.com\/el-volumen-de-primas-de-seguros-ciber-en-espana-se-incrementa-un-12-en-el-ultimo-ano-alcanzando-los-190-millones-de-euros\/#breadcrumb\",\"itemListElement\":[{\"@type\":\"ListItem\",\"position\":1,\"name\":\"Portada\",\"item\":\"https:\/\/www.adecose.com\/en\/\"},{\"@type\":\"ListItem\",\"position\":2,\"name\":\"El volumen de primas de seguros Ciber en Espa\u00f1a se incrementa un 12% en el \u00faltimo a\u00f1o, alcanzando los 190 millones de euros\"}]},{\"@type\":\"WebSite\",\"@id\":\"https:\/\/www.adecose.com\/gl\/#website\",\"url\":\"https:\/\/www.adecose.com\/gl\/\",\"name\":\"ADECOSE\",\"description\":\"Spanish Association of Insurance and Reinsurance Brokers\",\"publisher\":{\"@id\":\"https:\/\/www.adecose.com\/gl\/#organization\"},\"potentialAction\":[{\"@type\":\"SearchAction\",\"target\":{\"@type\":\"EntryPoint\",\"urlTemplate\":\"https:\/\/www.adecose.com\/gl\/?s={search_term_string}\"},\"query-input\":{\"@type\":\"PropertyValueSpecification\",\"valueRequired\":true,\"valueName\":\"search_term_string\"}}],\"inLanguage\":\"en-US\"},{\"@type\":\"Organization\",\"@id\":\"https:\/\/www.adecose.com\/gl\/#organization\",\"name\":\"ADECOSE\",\"url\":\"https:\/\/www.adecose.com\/gl\/\",\"logo\":{\"@type\":\"ImageObject\",\"inLanguage\":\"en-US\",\"@id\":\"https:\/\/www.adecose.com\/gl\/#\/schema\/logo\/image\/\",\"url\":\"https:\/\/www.adecose.com\/wp-content\/uploads\/2020\/07\/favicon.png\",\"contentUrl\":\"https:\/\/www.adecose.com\/wp-content\/uploads\/2020\/07\/favicon.png\",\"width\":512,\"height\":512,\"caption\":\"ADECOSE\"},\"image\":{\"@id\":\"https:\/\/www.adecose.com\/gl\/#\/schema\/logo\/image\/\"}},{\"@type\":\"Person\",\"@id\":\"https:\/\/www.adecose.com\/gl\/#\/schema\/person\/ff086ce55f6379e1d225a2c0dca5eeb6\",\"name\":\"Comunicaci\u00f3n ADECOSE\",\"image\":{\"@type\":\"ImageObject\",\"inLanguage\":\"en-US\",\"@id\":\"https:\/\/secure.gravatar.com\/avatar\/01cd1f9571997441bf1da6d1cc147351305f03fe8f2acf1ebbec60ebb26924ce?s=96&d=mm&r=g\",\"url\":\"https:\/\/secure.gravatar.com\/avatar\/01cd1f9571997441bf1da6d1cc147351305f03fe8f2acf1ebbec60ebb26924ce?s=96&d=mm&r=g\",\"contentUrl\":\"https:\/\/secure.gravatar.com\/avatar\/01cd1f9571997441bf1da6d1cc147351305f03fe8f2acf1ebbec60ebb26924ce?s=96&d=mm&r=g\",\"caption\":\"Comunicaci\u00f3n ADECOSE\"}}]}<\/script>\n<!-- \/ Yoast SEO plugin. -->","yoast_head_json":{"title":"El volumen de primas de seguros Ciber en Espa\u00f1a se incrementa un 12% en el \u00faltimo a\u00f1o, alcanzando los 190 millones de euros - ADECOSE","robots":{"index":"index","follow":"follow","max-snippet":"max-snippet:-1","max-image-preview":"max-image-preview:large","max-video-preview":"max-video-preview:-1"},"canonical":"https:\/\/www.adecose.com\/el-volumen-de-primas-de-seguros-ciber-en-espana-se-incrementa-un-12-en-el-ultimo-ano-alcanzando-los-190-millones-de-euros\/","og_locale":"en_US","og_type":"article","og_title":"El volumen de primas de seguros Ciber en Espa\u00f1a se incrementa un 12% en el \u00faltimo a\u00f1o, alcanzando los 190 millones de euros - ADECOSE","og_description":"Aon presenta la sexta edici\u00f3n del Estudio sobre Ciberseguridad y Gesti\u00f3n del Riesgo Ciber en Espa\u00f1a con la colaboraci\u00f3n de Garrigues, Fundaci\u00f3n Esys y las...","og_url":"https:\/\/www.adecose.com\/el-volumen-de-primas-de-seguros-ciber-en-espana-se-incrementa-un-12-en-el-ultimo-ano-alcanzando-los-190-millones-de-euros\/","og_site_name":"ADECOSE","article_published_time":"2025-07-21T11:38:07+00:00","article_modified_time":"2025-07-21T11:46:05+00:00","og_image":[{"width":1024,"height":666,"url":"https:\/\/www.adecose.com\/wp-content\/uploads\/2025\/01\/aon-1024x666.png","type":"image\/png"}],"author":"Comunicaci\u00f3n ADECOSE","twitter_card":"summary_large_image","twitter_misc":{"Written by":"Comunicaci\u00f3n ADECOSE","Est. reading time":"5 minutes"},"schema":{"@context":"https:\/\/schema.org","@graph":[{"@type":"Article","@id":"https:\/\/www.adecose.com\/el-volumen-de-primas-de-seguros-ciber-en-espana-se-incrementa-un-12-en-el-ultimo-ano-alcanzando-los-190-millones-de-euros\/#article","isPartOf":{"@id":"https:\/\/www.adecose.com\/el-volumen-de-primas-de-seguros-ciber-en-espana-se-incrementa-un-12-en-el-ultimo-ano-alcanzando-los-190-millones-de-euros\/"},"author":{"name":"Comunicaci\u00f3n ADECOSE","@id":"https:\/\/www.adecose.com\/gl\/#\/schema\/person\/ff086ce55f6379e1d225a2c0dca5eeb6"},"headline":"El volumen de primas de seguros Ciber en Espa\u00f1a se incrementa un 12% en el \u00faltimo a\u00f1o, alcanzando los 190 millones de euros","datePublished":"2025-07-21T11:38:07+00:00","dateModified":"2025-07-21T11:46:05+00:00","mainEntityOfPage":{"@id":"https:\/\/www.adecose.com\/el-volumen-de-primas-de-seguros-ciber-en-espana-se-incrementa-un-12-en-el-ultimo-ano-alcanzando-los-190-millones-de-euros\/"},"wordCount":993,"publisher":{"@id":"https:\/\/www.adecose.com\/gl\/#organization"},"image":{"@id":"https:\/\/www.adecose.com\/el-volumen-de-primas-de-seguros-ciber-en-espana-se-incrementa-un-12-en-el-ultimo-ano-alcanzando-los-190-millones-de-euros\/#primaryimage"},"thumbnailUrl":"https:\/\/www.adecose.com\/wp-content\/uploads\/2025\/01\/aon.png","keywords":["AON","Corredur\u00edas de seguros","Informes"],"articleSection":["Espacio #Corredur\u00edasADECOSE"],"inLanguage":"en-US"},{"@type":"WebPage","@id":"https:\/\/www.adecose.com\/el-volumen-de-primas-de-seguros-ciber-en-espana-se-incrementa-un-12-en-el-ultimo-ano-alcanzando-los-190-millones-de-euros\/","url":"https:\/\/www.adecose.com\/el-volumen-de-primas-de-seguros-ciber-en-espana-se-incrementa-un-12-en-el-ultimo-ano-alcanzando-los-190-millones-de-euros\/","name":"El volumen de primas de seguros Ciber en Espa\u00f1a se incrementa un 12% en el \u00faltimo a\u00f1o, alcanzando los 190 millones de euros - ADECOSE","isPartOf":{"@id":"https:\/\/www.adecose.com\/gl\/#website"},"primaryImageOfPage":{"@id":"https:\/\/www.adecose.com\/el-volumen-de-primas-de-seguros-ciber-en-espana-se-incrementa-un-12-en-el-ultimo-ano-alcanzando-los-190-millones-de-euros\/#primaryimage"},"image":{"@id":"https:\/\/www.adecose.com\/el-volumen-de-primas-de-seguros-ciber-en-espana-se-incrementa-un-12-en-el-ultimo-ano-alcanzando-los-190-millones-de-euros\/#primaryimage"},"thumbnailUrl":"https:\/\/www.adecose.com\/wp-content\/uploads\/2025\/01\/aon.png","datePublished":"2025-07-21T11:38:07+00:00","dateModified":"2025-07-21T11:46:05+00:00","breadcrumb":{"@id":"https:\/\/www.adecose.com\/el-volumen-de-primas-de-seguros-ciber-en-espana-se-incrementa-un-12-en-el-ultimo-ano-alcanzando-los-190-millones-de-euros\/#breadcrumb"},"inLanguage":"en-US","potentialAction":[{"@type":"ReadAction","target":["https:\/\/www.adecose.com\/el-volumen-de-primas-de-seguros-ciber-en-espana-se-incrementa-un-12-en-el-ultimo-ano-alcanzando-los-190-millones-de-euros\/"]}]},{"@type":"ImageObject","inLanguage":"en-US","@id":"https:\/\/www.adecose.com\/el-volumen-de-primas-de-seguros-ciber-en-espana-se-incrementa-un-12-en-el-ultimo-ano-alcanzando-los-190-millones-de-euros\/#primaryimage","url":"https:\/\/www.adecose.com\/wp-content\/uploads\/2025\/01\/aon.png","contentUrl":"https:\/\/www.adecose.com\/wp-content\/uploads\/2025\/01\/aon.png","width":2538,"height":1650},{"@type":"BreadcrumbList","@id":"https:\/\/www.adecose.com\/el-volumen-de-primas-de-seguros-ciber-en-espana-se-incrementa-un-12-en-el-ultimo-ano-alcanzando-los-190-millones-de-euros\/#breadcrumb","itemListElement":[{"@type":"ListItem","position":1,"name":"Portada","item":"https:\/\/www.adecose.com\/en\/"},{"@type":"ListItem","position":2,"name":"El volumen de primas de seguros Ciber en Espa\u00f1a se incrementa un 12% en el \u00faltimo a\u00f1o, alcanzando los 190 millones de euros"}]},{"@type":"WebSite","@id":"https:\/\/www.adecose.com\/gl\/#website","url":"https:\/\/www.adecose.com\/gl\/","name":"ADECOSE","description":"Spanish Association of Insurance and Reinsurance Brokers","publisher":{"@id":"https:\/\/www.adecose.com\/gl\/#organization"},"potentialAction":[{"@type":"SearchAction","target":{"@type":"EntryPoint","urlTemplate":"https:\/\/www.adecose.com\/gl\/?s={search_term_string}"},"query-input":{"@type":"PropertyValueSpecification","valueRequired":true,"valueName":"search_term_string"}}],"inLanguage":"en-US"},{"@type":"Organization","@id":"https:\/\/www.adecose.com\/gl\/#organization","name":"ADECOSE","url":"https:\/\/www.adecose.com\/gl\/","logo":{"@type":"ImageObject","inLanguage":"en-US","@id":"https:\/\/www.adecose.com\/gl\/#\/schema\/logo\/image\/","url":"https:\/\/www.adecose.com\/wp-content\/uploads\/2020\/07\/favicon.png","contentUrl":"https:\/\/www.adecose.com\/wp-content\/uploads\/2020\/07\/favicon.png","width":512,"height":512,"caption":"ADECOSE"},"image":{"@id":"https:\/\/www.adecose.com\/gl\/#\/schema\/logo\/image\/"}},{"@type":"Person","@id":"https:\/\/www.adecose.com\/gl\/#\/schema\/person\/ff086ce55f6379e1d225a2c0dca5eeb6","name":"Comunicaci\u00f3n ADECOSE","image":{"@type":"ImageObject","inLanguage":"en-US","@id":"https:\/\/secure.gravatar.com\/avatar\/01cd1f9571997441bf1da6d1cc147351305f03fe8f2acf1ebbec60ebb26924ce?s=96&d=mm&r=g","url":"https:\/\/secure.gravatar.com\/avatar\/01cd1f9571997441bf1da6d1cc147351305f03fe8f2acf1ebbec60ebb26924ce?s=96&d=mm&r=g","contentUrl":"https:\/\/secure.gravatar.com\/avatar\/01cd1f9571997441bf1da6d1cc147351305f03fe8f2acf1ebbec60ebb26924ce?s=96&d=mm&r=g","caption":"Comunicaci\u00f3n ADECOSE"}}]}},"_links":{"self":[{"href":"https:\/\/www.adecose.com\/en\/wp-json\/wp\/v2\/posts\/19559","targetHints":{"allow":["GET"]}}],"collection":[{"href":"https:\/\/www.adecose.com\/en\/wp-json\/wp\/v2\/posts"}],"about":[{"href":"https:\/\/www.adecose.com\/en\/wp-json\/wp\/v2\/types\/post"}],"author":[{"embeddable":true,"href":"https:\/\/www.adecose.com\/en\/wp-json\/wp\/v2\/users\/197"}],"replies":[{"embeddable":true,"href":"https:\/\/www.adecose.com\/en\/wp-json\/wp\/v2\/comments?post=19559"}],"version-history":[{"count":0,"href":"https:\/\/www.adecose.com\/en\/wp-json\/wp\/v2\/posts\/19559\/revisions"}],"wp:featuredmedia":[{"embeddable":true,"href":"https:\/\/www.adecose.com\/en\/wp-json\/wp\/v2\/media\/18451"}],"wp:attachment":[{"href":"https:\/\/www.adecose.com\/en\/wp-json\/wp\/v2\/media?parent=19559"}],"wp:term":[{"taxonomy":"category","embeddable":true,"href":"https:\/\/www.adecose.com\/en\/wp-json\/wp\/v2\/categories?post=19559"},{"taxonomy":"post_tag","embeddable":true,"href":"https:\/\/www.adecose.com\/en\/wp-json\/wp\/v2\/tags?post=19559"}],"curies":[{"name":"wp","href":"https:\/\/api.w.org\/{rel}","templated":true}]}}